{"id":35096,"date":"2024-03-21T16:18:12","date_gmt":"2024-03-21T16:18:12","guid":{"rendered":"https:\/\/kibrisdakik.com\/index.php\/2024\/03\/21\/yilda-iki-kez-uygulanan-ara-tatil-ne-zaman-2-ara-tatil-kac-gun-surecek-iste-meb-karari\/"},"modified":"2024-03-21T16:18:12","modified_gmt":"2024-03-21T16:18:12","slug":"yilda-iki-kez-uygulanan-ara-tatil-ne-zaman-2-ara-tatil-kac-gun-surecek-iste-meb-karari","status":"publish","type":"post","link":"https:\/\/kibrisdakik.com\/?p=35096","title":{"rendered":"Y\u0131lda iki kez uygulanan ara tatil ne zaman? 2. Ara tatil ka\u00e7 g\u00fcn s\u00fcrecek? \u0130\u015fte MEB karar\u0131"},"content":{"rendered":"<p><\/p>\n<p>2023-2024&nbsp;E\u011fitim&nbsp;y\u0131l\u0131n\u0131n ilk ara tatili Kas\u0131m ay\u0131nda uyguland\u0131. Ard\u0131ndan 15 tatil tamamland\u0131. Bug\u00fcnlerde ise g\u00fcndeme y\u0131l\u0131n 2. ara tatili geldi. Milyonlarca \u00f6\u011frenci&nbsp;ara tatil&nbsp;ne zaman, ka\u00e7 g\u00fcn olacak sorular\u0131na cevap ar\u0131yor. \u0130\u015fte Milli E\u011fitim Bakanl\u0131\u011f\u0131 taraf\u0131ndan belirlenen ara tatil ba\u015flang\u0131\u00e7 ve biti\u015f g\u00fcnleri&#8230;<\/p>\n<p><img decoding=\"async\" alt=\"ARA TAT\u0130L NE ZAMAN\" src=\"https:\/\/image.milimaj.com\/i\/milliyet\/75\/0x0\/65f931935e2302dee27db314.jpg\" style=\"height:488px;width:869px\" title=\"ARA TAT\u0130L NE ZAMAN\" \/><\/p>\n<h2>ARA TAT\u0130L NE ZAMAN?<\/h2>\n<p>2. Ara tatil&nbsp;8-12 Nisan 2024 tarihleri aras\u0131nda olacak.<\/p>\n<p>Ramazan Bayram\u0131 10-11-12 Nisan 2024 tarihlerinde idrak edilecek.<\/p>\n<p><img decoding=\"async\" alt=\"ARA TAT\u0130L KA\u00c7 G\u00dcN\" src=\"https:\/\/image.milimaj.com\/i\/milliyet\/75\/0x0\/65f931935e2302dee27db312.jpg\" style=\"height:488px;width:869px\" title=\"ARA TAT\u0130L KA\u00c7 G\u00dcN\" \/><\/p>\n<h2>ARA TAT\u0130L KA\u00c7 G\u00dcN?<\/h2>\n<p>Ara tatil hafta sonu tatilleriyle birlikte toplam 9 g\u00fcn s\u00fcrecek.<\/p>\n<p><img decoding=\"async\" alt=\"YAZ TAT\u0130L\u0130 2024 NE ZAMAN\" src=\"https:\/\/image.milimaj.com\/i\/milliyet\/75\/0x0\/65f931935e2302dee27db310.jpg\" style=\"height:488px;width:869px\" title=\"YAZ TAT\u0130L\u0130 2024 NE ZAMAN\" \/><\/p>\n<h2>YAZ TAT\u0130L\u0130 2024 NE ZAMAN?<\/h2>\n<p>Yaz tatili 14 Haziran 2024 tarihinde ba\u015flayacak.<\/p>\n","protected":false},"excerpt":{"rendered":"<p>2023-2024&nbsp;E\u011fitim&nbsp;y\u0131l\u0131n\u0131n ilk ara tatili Kas\u0131m ay\u0131nda uyguland\u0131. Ard\u0131ndan 15 tatil tamamland\u0131. Bug\u00fcnlerde ise g\u00fcndeme y\u0131l\u0131n 2. ara tatili geldi. Milyonlarca \u00f6\u011frenci&nbsp;ara tatil&nbsp;ne zaman, ka\u00e7 g\u00fcn olacak sorular\u0131na cevap ar\u0131yor. \u0130\u015fte Milli E\u011fitim Bakanl\u0131\u011f\u0131 taraf\u0131ndan belirlenen ara tatil ba\u015flang\u0131\u00e7 ve biti\u015f g\u00fcnleri&#8230; ARA TAT\u0130L NE ZAMAN? 2. Ara tatil&nbsp;8-12 Nisan 2024 tarihleri aras\u0131nda olacak. Ramazan Bayram\u0131<\/p>\n","protected":false},"author":1,"featured_media":35097,"comment_status":"open","ping_status":"open","sticky":false,"template":"","format":"standard","meta":{"footnotes":""},"categories":[85],"tags":[],"class_list":["post-35096","post","type-post","status-publish","format-standard","has-post-thumbnail","hentry","category-spor"],"yoast_head":"<!-- This site is optimized with the Yoast SEO plugin v27.5 - https:\/\/yoast.com\/product\/yoast-seo-wordpress\/ -->\n<title>Y\u0131lda iki kez uygulanan ara tatil ne zaman? 2. Ara tatil ka\u00e7 g\u00fcn s\u00fcrecek? \u0130\u015fte MEB karar\u0131 -<\/title>\n<meta name=\"robots\" content=\"index, follow, max-snippet:-1, max-image-preview:large, max-video-preview:-1\" \/>\n<link rel=\"canonical\" href=\"https:\/\/kibrisdakik.com\/?p=35096\" \/>\n<meta property=\"og:locale\" content=\"tr_TR\" \/>\n<meta property=\"og:type\" content=\"article\" \/>\n<meta property=\"og:title\" content=\"Y\u0131lda iki kez uygulanan ara tatil ne zaman? 2. Ara tatil ka\u00e7 g\u00fcn s\u00fcrecek? \u0130\u015fte MEB karar\u0131 -\" \/>\n<meta property=\"og:description\" content=\"2023-2024&nbsp;E\u011fitim&nbsp;y\u0131l\u0131n\u0131n ilk ara tatili Kas\u0131m ay\u0131nda uyguland\u0131. Ard\u0131ndan 15 tatil tamamland\u0131. Bug\u00fcnlerde ise g\u00fcndeme y\u0131l\u0131n 2. ara tatili geldi. Milyonlarca \u00f6\u011frenci&nbsp;ara tatil&nbsp;ne zaman, ka\u00e7 g\u00fcn olacak sorular\u0131na cevap ar\u0131yor. \u0130\u015fte Milli E\u011fitim Bakanl\u0131\u011f\u0131 taraf\u0131ndan belirlenen ara tatil ba\u015flang\u0131\u00e7 ve biti\u015f g\u00fcnleri&#8230; ARA TAT\u0130L NE ZAMAN? 2. Ara tatil&nbsp;8-12 Nisan 2024 tarihleri aras\u0131nda olacak. Ramazan Bayram\u0131\" \/>\n<meta property=\"og:url\" content=\"https:\/\/kibrisdakik.com\/?p=35096\" \/>\n<meta property=\"article:published_time\" content=\"2024-03-21T16:18:12+00:00\" \/>\n<meta property=\"og:image\" content=\"https:\/\/kibrisdakik.com\/wp-content\/uploads\/2024\/03\/65f931935e2302dee27db314.jpg\" \/>\n\t<meta property=\"og:image:width\" content=\"612\" \/>\n\t<meta property=\"og:image:height\" content=\"408\" \/>\n\t<meta property=\"og:image:type\" content=\"image\/jpeg\" \/>\n<meta name=\"author\" content=\"admin\" \/>\n<meta name=\"twitter:card\" content=\"summary_large_image\" \/>\n<meta name=\"twitter:label1\" content=\"Yazan:\" \/>\n\t<meta name=\"twitter:data1\" content=\"admin\" \/>\n\t<meta name=\"twitter:label2\" content=\"Tahmini okuma s\u00fcresi\" \/>\n\t<meta name=\"twitter:data2\" content=\"1 dakika\" \/>\n<script type=\"application\/ld+json\" class=\"yoast-schema-graph\">{\"@context\":\"https:\\\/\\\/schema.org\",\"@graph\":[{\"@type\":\"Article\",\"@id\":\"https:\\\/\\\/kibrisdakik.com\\\/?p=35096#article\",\"isPartOf\":{\"@id\":\"https:\\\/\\\/kibrisdakik.com\\\/?p=35096\"},\"author\":{\"name\":\"admin\",\"@id\":\"https:\\\/\\\/kibrisdakik.com\\\/#\\\/schema\\\/person\\\/9cd9d437bbb44f72b73ba127e06d8e79\"},\"headline\":\"Y\u0131lda iki kez uygulanan ara tatil ne zaman? 2. Ara tatil ka\u00e7 g\u00fcn s\u00fcrecek? \u0130\u015fte MEB karar\u0131\",\"datePublished\":\"2024-03-21T16:18:12+00:00\",\"mainEntityOfPage\":{\"@id\":\"https:\\\/\\\/kibrisdakik.com\\\/?p=35096\"},\"wordCount\":134,\"commentCount\":0,\"image\":{\"@id\":\"https:\\\/\\\/kibrisdakik.com\\\/?p=35096#primaryimage\"},\"thumbnailUrl\":\"https:\\\/\\\/kibrisdakik.com\\\/wp-content\\\/uploads\\\/2024\\\/03\\\/65f931935e2302dee27db314.jpg\",\"articleSection\":[\"Spor\"],\"inLanguage\":\"tr\",\"potentialAction\":[{\"@type\":\"CommentAction\",\"name\":\"Comment\",\"target\":[\"https:\\\/\\\/kibrisdakik.com\\\/?p=35096#respond\"]}]},{\"@type\":\"WebPage\",\"@id\":\"https:\\\/\\\/kibrisdakik.com\\\/?p=35096\",\"url\":\"https:\\\/\\\/kibrisdakik.com\\\/?p=35096\",\"name\":\"Y\u0131lda iki kez uygulanan ara tatil ne zaman? 2. Ara tatil ka\u00e7 g\u00fcn s\u00fcrecek? \u0130\u015fte MEB karar\u0131 -\",\"isPartOf\":{\"@id\":\"https:\\\/\\\/kibrisdakik.com\\\/#website\"},\"primaryImageOfPage\":{\"@id\":\"https:\\\/\\\/kibrisdakik.com\\\/?p=35096#primaryimage\"},\"image\":{\"@id\":\"https:\\\/\\\/kibrisdakik.com\\\/?p=35096#primaryimage\"},\"thumbnailUrl\":\"https:\\\/\\\/kibrisdakik.com\\\/wp-content\\\/uploads\\\/2024\\\/03\\\/65f931935e2302dee27db314.jpg\",\"datePublished\":\"2024-03-21T16:18:12+00:00\",\"author\":{\"@id\":\"https:\\\/\\\/kibrisdakik.com\\\/#\\\/schema\\\/person\\\/9cd9d437bbb44f72b73ba127e06d8e79\"},\"breadcrumb\":{\"@id\":\"https:\\\/\\\/kibrisdakik.com\\\/?p=35096#breadcrumb\"},\"inLanguage\":\"tr\",\"potentialAction\":[{\"@type\":\"ReadAction\",\"target\":[\"https:\\\/\\\/kibrisdakik.com\\\/?p=35096\"]}]},{\"@type\":\"ImageObject\",\"inLanguage\":\"tr\",\"@id\":\"https:\\\/\\\/kibrisdakik.com\\\/?p=35096#primaryimage\",\"url\":\"https:\\\/\\\/kibrisdakik.com\\\/wp-content\\\/uploads\\\/2024\\\/03\\\/65f931935e2302dee27db314.jpg\",\"contentUrl\":\"https:\\\/\\\/kibrisdakik.com\\\/wp-content\\\/uploads\\\/2024\\\/03\\\/65f931935e2302dee27db314.jpg\",\"width\":612,\"height\":408},{\"@type\":\"BreadcrumbList\",\"@id\":\"https:\\\/\\\/kibrisdakik.com\\\/?p=35096#breadcrumb\",\"itemListElement\":[{\"@type\":\"ListItem\",\"position\":1,\"name\":\"Home\",\"item\":\"https:\\\/\\\/kibrisdakik.com\\\/\"},{\"@type\":\"ListItem\",\"position\":2,\"name\":\"Y\u0131lda iki kez uygulanan ara tatil ne zaman? 2. Ara tatil ka\u00e7 g\u00fcn s\u00fcrecek? \u0130\u015fte MEB karar\u0131\"}]},{\"@type\":\"WebSite\",\"@id\":\"https:\\\/\\\/kibrisdakik.com\\\/#website\",\"url\":\"https:\\\/\\\/kibrisdakik.com\\\/\",\"name\":\"\",\"description\":\"Tam vaktinde haber\",\"potentialAction\":[{\"@type\":\"SearchAction\",\"target\":{\"@type\":\"EntryPoint\",\"urlTemplate\":\"https:\\\/\\\/kibrisdakik.com\\\/?s={search_term_string}\"},\"query-input\":{\"@type\":\"PropertyValueSpecification\",\"valueRequired\":true,\"valueName\":\"search_term_string\"}}],\"inLanguage\":\"tr\"},{\"@type\":\"Person\",\"@id\":\"https:\\\/\\\/kibrisdakik.com\\\/#\\\/schema\\\/person\\\/9cd9d437bbb44f72b73ba127e06d8e79\",\"name\":\"admin\",\"image\":{\"@type\":\"ImageObject\",\"inLanguage\":\"tr\",\"@id\":\"https:\\\/\\\/secure.gravatar.com\\\/avatar\\\/ccc17943b9d660506c869530f897617f7cb1c21a4bf30023f252596d83e1f007?s=96&d=mm&r=g\",\"url\":\"https:\\\/\\\/secure.gravatar.com\\\/avatar\\\/ccc17943b9d660506c869530f897617f7cb1c21a4bf30023f252596d83e1f007?s=96&d=mm&r=g\",\"contentUrl\":\"https:\\\/\\\/secure.gravatar.com\\\/avatar\\\/ccc17943b9d660506c869530f897617f7cb1c21a4bf30023f252596d83e1f007?s=96&d=mm&r=g\",\"caption\":\"admin\"},\"sameAs\":[\"https:\\\/\\\/kibrisdakik.com\"],\"url\":\"https:\\\/\\\/kibrisdakik.com\\\/?author=1\"}]}<\/script>\n<!-- \/ Yoast SEO plugin. -->","yoast_head_json":{"title":"Y\u0131lda iki kez uygulanan ara tatil ne zaman? 2. Ara tatil ka\u00e7 g\u00fcn s\u00fcrecek? \u0130\u015fte MEB karar\u0131 -","robots":{"index":"index","follow":"follow","max-snippet":"max-snippet:-1","max-image-preview":"max-image-preview:large","max-video-preview":"max-video-preview:-1"},"canonical":"https:\/\/kibrisdakik.com\/?p=35096","og_locale":"tr_TR","og_type":"article","og_title":"Y\u0131lda iki kez uygulanan ara tatil ne zaman? 2. Ara tatil ka\u00e7 g\u00fcn s\u00fcrecek? \u0130\u015fte MEB karar\u0131 -","og_description":"2023-2024&nbsp;E\u011fitim&nbsp;y\u0131l\u0131n\u0131n ilk ara tatili Kas\u0131m ay\u0131nda uyguland\u0131. Ard\u0131ndan 15 tatil tamamland\u0131. Bug\u00fcnlerde ise g\u00fcndeme y\u0131l\u0131n 2. ara tatili geldi. Milyonlarca \u00f6\u011frenci&nbsp;ara tatil&nbsp;ne zaman, ka\u00e7 g\u00fcn olacak sorular\u0131na cevap ar\u0131yor. \u0130\u015fte Milli E\u011fitim Bakanl\u0131\u011f\u0131 taraf\u0131ndan belirlenen ara tatil ba\u015flang\u0131\u00e7 ve biti\u015f g\u00fcnleri&#8230; ARA TAT\u0130L NE ZAMAN? 2. Ara tatil&nbsp;8-12 Nisan 2024 tarihleri aras\u0131nda olacak. Ramazan Bayram\u0131","og_url":"https:\/\/kibrisdakik.com\/?p=35096","article_published_time":"2024-03-21T16:18:12+00:00","og_image":[{"width":612,"height":408,"url":"https:\/\/kibrisdakik.com\/wp-content\/uploads\/2024\/03\/65f931935e2302dee27db314.jpg","type":"image\/jpeg"}],"author":"admin","twitter_card":"summary_large_image","twitter_misc":{"Yazan:":"admin","Tahmini okuma s\u00fcresi":"1 dakika"},"schema":{"@context":"https:\/\/schema.org","@graph":[{"@type":"Article","@id":"https:\/\/kibrisdakik.com\/?p=35096#article","isPartOf":{"@id":"https:\/\/kibrisdakik.com\/?p=35096"},"author":{"name":"admin","@id":"https:\/\/kibrisdakik.com\/#\/schema\/person\/9cd9d437bbb44f72b73ba127e06d8e79"},"headline":"Y\u0131lda iki kez uygulanan ara tatil ne zaman? 2. Ara tatil ka\u00e7 g\u00fcn s\u00fcrecek? \u0130\u015fte MEB karar\u0131","datePublished":"2024-03-21T16:18:12+00:00","mainEntityOfPage":{"@id":"https:\/\/kibrisdakik.com\/?p=35096"},"wordCount":134,"commentCount":0,"image":{"@id":"https:\/\/kibrisdakik.com\/?p=35096#primaryimage"},"thumbnailUrl":"https:\/\/kibrisdakik.com\/wp-content\/uploads\/2024\/03\/65f931935e2302dee27db314.jpg","articleSection":["Spor"],"inLanguage":"tr","potentialAction":[{"@type":"CommentAction","name":"Comment","target":["https:\/\/kibrisdakik.com\/?p=35096#respond"]}]},{"@type":"WebPage","@id":"https:\/\/kibrisdakik.com\/?p=35096","url":"https:\/\/kibrisdakik.com\/?p=35096","name":"Y\u0131lda iki kez uygulanan ara tatil ne zaman? 2. Ara tatil ka\u00e7 g\u00fcn s\u00fcrecek? \u0130\u015fte MEB karar\u0131 -","isPartOf":{"@id":"https:\/\/kibrisdakik.com\/#website"},"primaryImageOfPage":{"@id":"https:\/\/kibrisdakik.com\/?p=35096#primaryimage"},"image":{"@id":"https:\/\/kibrisdakik.com\/?p=35096#primaryimage"},"thumbnailUrl":"https:\/\/kibrisdakik.com\/wp-content\/uploads\/2024\/03\/65f931935e2302dee27db314.jpg","datePublished":"2024-03-21T16:18:12+00:00","author":{"@id":"https:\/\/kibrisdakik.com\/#\/schema\/person\/9cd9d437bbb44f72b73ba127e06d8e79"},"breadcrumb":{"@id":"https:\/\/kibrisdakik.com\/?p=35096#breadcrumb"},"inLanguage":"tr","potentialAction":[{"@type":"ReadAction","target":["https:\/\/kibrisdakik.com\/?p=35096"]}]},{"@type":"ImageObject","inLanguage":"tr","@id":"https:\/\/kibrisdakik.com\/?p=35096#primaryimage","url":"https:\/\/kibrisdakik.com\/wp-content\/uploads\/2024\/03\/65f931935e2302dee27db314.jpg","contentUrl":"https:\/\/kibrisdakik.com\/wp-content\/uploads\/2024\/03\/65f931935e2302dee27db314.jpg","width":612,"height":408},{"@type":"BreadcrumbList","@id":"https:\/\/kibrisdakik.com\/?p=35096#breadcrumb","itemListElement":[{"@type":"ListItem","position":1,"name":"Home","item":"https:\/\/kibrisdakik.com\/"},{"@type":"ListItem","position":2,"name":"Y\u0131lda iki kez uygulanan ara tatil ne zaman? 2. Ara tatil ka\u00e7 g\u00fcn s\u00fcrecek? \u0130\u015fte MEB karar\u0131"}]},{"@type":"WebSite","@id":"https:\/\/kibrisdakik.com\/#website","url":"https:\/\/kibrisdakik.com\/","name":"","description":"Tam vaktinde haber","potentialAction":[{"@type":"SearchAction","target":{"@type":"EntryPoint","urlTemplate":"https:\/\/kibrisdakik.com\/?s={search_term_string}"},"query-input":{"@type":"PropertyValueSpecification","valueRequired":true,"valueName":"search_term_string"}}],"inLanguage":"tr"},{"@type":"Person","@id":"https:\/\/kibrisdakik.com\/#\/schema\/person\/9cd9d437bbb44f72b73ba127e06d8e79","name":"admin","image":{"@type":"ImageObject","inLanguage":"tr","@id":"https:\/\/secure.gravatar.com\/avatar\/ccc17943b9d660506c869530f897617f7cb1c21a4bf30023f252596d83e1f007?s=96&d=mm&r=g","url":"https:\/\/secure.gravatar.com\/avatar\/ccc17943b9d660506c869530f897617f7cb1c21a4bf30023f252596d83e1f007?s=96&d=mm&r=g","contentUrl":"https:\/\/secure.gravatar.com\/avatar\/ccc17943b9d660506c869530f897617f7cb1c21a4bf30023f252596d83e1f007?s=96&d=mm&r=g","caption":"admin"},"sameAs":["https:\/\/kibrisdakik.com"],"url":"https:\/\/kibrisdakik.com\/?author=1"}]}},"_links":{"self":[{"href":"https:\/\/kibrisdakik.com\/index.php?rest_route=\/wp\/v2\/posts\/35096","targetHints":{"allow":["GET"]}}],"collection":[{"href":"https:\/\/kibrisdakik.com\/index.php?rest_route=\/wp\/v2\/posts"}],"about":[{"href":"https:\/\/kibrisdakik.com\/index.php?rest_route=\/wp\/v2\/types\/post"}],"author":[{"embeddable":true,"href":"https:\/\/kibrisdakik.com\/index.php?rest_route=\/wp\/v2\/users\/1"}],"replies":[{"embeddable":true,"href":"https:\/\/kibrisdakik.com\/index.php?rest_route=%2Fwp%2Fv2%2Fcomments&post=35096"}],"version-history":[{"count":0,"href":"https:\/\/kibrisdakik.com\/index.php?rest_route=\/wp\/v2\/posts\/35096\/revisions"}],"wp:featuredmedia":[{"embeddable":true,"href":"https:\/\/kibrisdakik.com\/index.php?rest_route=\/wp\/v2\/media\/35097"}],"wp:attachment":[{"href":"https:\/\/kibrisdakik.com\/index.php?rest_route=%2Fwp%2Fv2%2Fmedia&parent=35096"}],"wp:term":[{"taxonomy":"category","embeddable":true,"href":"https:\/\/kibrisdakik.com\/index.php?rest_route=%2Fwp%2Fv2%2Fcategories&post=35096"},{"taxonomy":"post_tag","embeddable":true,"href":"https:\/\/kibrisdakik.com\/index.php?rest_route=%2Fwp%2Fv2%2Ftags&post=35096"}],"curies":[{"name":"wp","href":"https:\/\/api.w.org\/{rel}","templated":true}]}}