{"id":3510,"date":"2023-03-18T07:20:17","date_gmt":"2023-03-18T07:20:17","guid":{"rendered":"https:\/\/kibrisdakik.com\/index.php\/2023\/03\/18\/ertugruloglundan-canakkale-zaferinin-108-yildonumu-ve-18-mart-sehitleri-anma-gunu-nedeniyle-mesaji\/"},"modified":"2023-03-18T07:20:17","modified_gmt":"2023-03-18T07:20:17","slug":"ertugruloglundan-canakkale-zaferinin-108-yildonumu-ve-18-mart-sehitleri-anma-gunu-nedeniyle-mesaji","status":"publish","type":"post","link":"https:\/\/kibrisdakik.com\/?p=3510","title":{"rendered":"Ertu\u011frulo\u011flu\u2019ndan \u00c7anakkale Zaferi\u2019nin 108. Y\u0131ld\u00f6n\u00fcm\u00fc ve 18 Mart \u015eehitleri Anma G\u00fcn\u00fc nedeniyle mesaj\u0131"},"content":{"rendered":"<p><\/p>\n<div>\n<div class=\"mariselle-image-container center\">\n                <img width=\"900\" height=\"397\" class=\"lazy-image\" alt=\"\" decoding=\"async\" loading=\"lazy\" sizes=\"auto, (max-width: 900px) 100vw, 900px\" src=\"https:\/\/brtk.net\/wp-content\/uploads\/2023\/01\/20\/tahsin-ertugruloglu-jpg210.jpg?ver=072a92ea9aa4d8f037d592ade8e51535\" srcset=\"https:\/\/brtk.net\/wp-content\/uploads\/2023\/01\/20\/tahsin-ertugruloglu-jpg210.jpg?ver=072a92ea9aa4d8f037d592ade8e51535 900w, https:\/\/brtk.net\/wp-content\/uploads\/2023\/01\/20\/tahsin-ertugruloglu-jpg210-300x132.jpg?ver=ac6ccce3fdfe91c57975098a92ab2e63 300w, https:\/\/brtk.net\/wp-content\/uploads\/2023\/01\/20\/tahsin-ertugruloglu-jpg210-768x339.jpg?ver=ac6ccce3fdfe91c57975098a92ab2e63 768w\"\/>                            <\/div>\n<p>D\u0131\u015fi\u015fleri Bakan\u0131 Tahsin Ertu\u011frulo\u011flu, \u00c7anakkale Zaferi\u2019nin 108. Y\u0131ld\u00f6n\u00fcm\u00fc ve 18 Mart \u015eehitleri Anma G\u00fcn\u00fc nedeniyle mesaj yay\u0131mlad\u0131.<\/p>\n<p>Ertu\u011frulo\u011flu mesaj\u0131nda, \u201c\u2019\u00c7anakkale Ge\u00e7ilmez\u2019 \u015fiar\u0131n\u0131 d\u00fcnyaya kabul ettiren kahraman ecdad\u0131m\u0131z\u0131n yazd\u0131\u011f\u0131; T\u00fcrk Milletinin Dirili\u015f Destan\u0131 \u00c7anakkale Zaferini 108. y\u0131l\u0131nda gururla yad ediyor, Atat\u00fcrk, silah arkada\u015flar\u0131, t\u00fcm \u015fehit ve gazilerimizi sayg\u0131 ve \u015f\u00fckranla an\u0131yorum.\u201d ifadelerine yer verdi.<\/p>\n<\/p><\/div>\n<p><script async\n                    defer\n                    crossorigin=\"anonymous\"\n                    src=\"https:\/\/connect.facebook.net\/tr_TR\/sdk.js#xfbml=1&#038;version=v3.3\"\n            ><\/script><\/p>\n","protected":false},"excerpt":{"rendered":"<p>D\u0131\u015fi\u015fleri Bakan\u0131 Tahsin Ertu\u011frulo\u011flu, \u00c7anakkale Zaferi\u2019nin 108. Y\u0131ld\u00f6n\u00fcm\u00fc ve 18 Mart \u015eehitleri Anma G\u00fcn\u00fc nedeniyle mesaj yay\u0131mlad\u0131. Ertu\u011frulo\u011flu mesaj\u0131nda, \u201c\u2019\u00c7anakkale Ge\u00e7ilmez\u2019 \u015fiar\u0131n\u0131 d\u00fcnyaya kabul ettiren kahraman ecdad\u0131m\u0131z\u0131n yazd\u0131\u011f\u0131; T\u00fcrk Milletinin Dirili\u015f Destan\u0131 \u00c7anakkale Zaferini 108. y\u0131l\u0131nda gururla yad ediyor, Atat\u00fcrk, silah arkada\u015flar\u0131, t\u00fcm \u015fehit ve gazilerimizi sayg\u0131 ve \u015f\u00fckranla an\u0131yorum.\u201d ifadelerine yer verdi.<\/p>\n","protected":false},"author":1,"featured_media":3511,"comment_status":"open","ping_status":"open","sticky":false,"template":"","format":"standard","meta":{"footnotes":""},"categories":[1],"tags":[],"class_list":["post-3510","post","type-post","status-publish","format-standard","has-post-thumbnail","hentry","category-gundem"],"yoast_head":"<!-- This site is optimized with the Yoast SEO plugin v27.5 - https:\/\/yoast.com\/product\/yoast-seo-wordpress\/ -->\n<title>Ertu\u011frulo\u011flu\u2019ndan \u00c7anakkale Zaferi\u2019nin 108. Y\u0131ld\u00f6n\u00fcm\u00fc ve 18 Mart \u015eehitleri Anma G\u00fcn\u00fc nedeniyle mesaj\u0131 -<\/title>\n<meta name=\"robots\" content=\"index, follow, max-snippet:-1, max-image-preview:large, max-video-preview:-1\" \/>\n<link rel=\"canonical\" href=\"https:\/\/kibrisdakik.com\/?p=3510\" \/>\n<meta property=\"og:locale\" content=\"tr_TR\" \/>\n<meta property=\"og:type\" content=\"article\" \/>\n<meta property=\"og:title\" content=\"Ertu\u011frulo\u011flu\u2019ndan \u00c7anakkale Zaferi\u2019nin 108. Y\u0131ld\u00f6n\u00fcm\u00fc ve 18 Mart \u015eehitleri Anma G\u00fcn\u00fc nedeniyle mesaj\u0131 -\" \/>\n<meta property=\"og:description\" content=\"D\u0131\u015fi\u015fleri Bakan\u0131 Tahsin Ertu\u011frulo\u011flu, \u00c7anakkale Zaferi\u2019nin 108. Y\u0131ld\u00f6n\u00fcm\u00fc ve 18 Mart \u015eehitleri Anma G\u00fcn\u00fc nedeniyle mesaj yay\u0131mlad\u0131. Ertu\u011frulo\u011flu mesaj\u0131nda, \u201c\u2019\u00c7anakkale Ge\u00e7ilmez\u2019 \u015fiar\u0131n\u0131 d\u00fcnyaya kabul ettiren kahraman ecdad\u0131m\u0131z\u0131n yazd\u0131\u011f\u0131; T\u00fcrk Milletinin Dirili\u015f Destan\u0131 \u00c7anakkale Zaferini 108. y\u0131l\u0131nda gururla yad ediyor, Atat\u00fcrk, silah arkada\u015flar\u0131, t\u00fcm \u015fehit ve gazilerimizi sayg\u0131 ve \u015f\u00fckranla an\u0131yorum.\u201d ifadelerine yer verdi.\" \/>\n<meta property=\"og:url\" content=\"https:\/\/kibrisdakik.com\/?p=3510\" \/>\n<meta property=\"article:published_time\" content=\"2023-03-18T07:20:17+00:00\" \/>\n<meta property=\"og:image\" content=\"https:\/\/kibrisdakik.com\/wp-content\/uploads\/2023\/03\/tahsin-ertugruloglu-jpg210-740x397.jpg\" \/>\n\t<meta property=\"og:image:width\" content=\"900\" \/>\n\t<meta property=\"og:image:height\" content=\"397\" \/>\n\t<meta property=\"og:image:type\" content=\"image\/jpeg\" \/>\n<meta name=\"author\" content=\"admin\" \/>\n<meta name=\"twitter:card\" content=\"summary_large_image\" \/>\n<meta name=\"twitter:label1\" content=\"Yazan:\" \/>\n\t<meta name=\"twitter:data1\" content=\"admin\" \/>\n<script type=\"application\/ld+json\" class=\"yoast-schema-graph\">{\"@context\":\"https:\\\/\\\/schema.org\",\"@graph\":[{\"@type\":\"Article\",\"@id\":\"https:\\\/\\\/kibrisdakik.com\\\/?p=3510#article\",\"isPartOf\":{\"@id\":\"https:\\\/\\\/kibrisdakik.com\\\/?p=3510\"},\"author\":{\"name\":\"admin\",\"@id\":\"https:\\\/\\\/kibrisdakik.com\\\/#\\\/schema\\\/person\\\/9cd9d437bbb44f72b73ba127e06d8e79\"},\"headline\":\"Ertu\u011frulo\u011flu\u2019ndan \u00c7anakkale Zaferi\u2019nin 108. Y\u0131ld\u00f6n\u00fcm\u00fc ve 18 Mart \u015eehitleri Anma G\u00fcn\u00fc nedeniyle mesaj\u0131\",\"datePublished\":\"2023-03-18T07:20:17+00:00\",\"mainEntityOfPage\":{\"@id\":\"https:\\\/\\\/kibrisdakik.com\\\/?p=3510\"},\"wordCount\":95,\"commentCount\":0,\"image\":{\"@id\":\"https:\\\/\\\/kibrisdakik.com\\\/?p=3510#primaryimage\"},\"thumbnailUrl\":\"https:\\\/\\\/kibrisdakik.com\\\/wp-content\\\/uploads\\\/2023\\\/03\\\/tahsin-ertugruloglu-jpg210-740x397.jpg\",\"articleSection\":[\"G\u00fcndem\"],\"inLanguage\":\"tr\",\"potentialAction\":[{\"@type\":\"CommentAction\",\"name\":\"Comment\",\"target\":[\"https:\\\/\\\/kibrisdakik.com\\\/?p=3510#respond\"]}]},{\"@type\":\"WebPage\",\"@id\":\"https:\\\/\\\/kibrisdakik.com\\\/?p=3510\",\"url\":\"https:\\\/\\\/kibrisdakik.com\\\/?p=3510\",\"name\":\"Ertu\u011frulo\u011flu\u2019ndan \u00c7anakkale Zaferi\u2019nin 108. Y\u0131ld\u00f6n\u00fcm\u00fc ve 18 Mart \u015eehitleri Anma G\u00fcn\u00fc nedeniyle mesaj\u0131 -\",\"isPartOf\":{\"@id\":\"https:\\\/\\\/kibrisdakik.com\\\/#website\"},\"primaryImageOfPage\":{\"@id\":\"https:\\\/\\\/kibrisdakik.com\\\/?p=3510#primaryimage\"},\"image\":{\"@id\":\"https:\\\/\\\/kibrisdakik.com\\\/?p=3510#primaryimage\"},\"thumbnailUrl\":\"https:\\\/\\\/kibrisdakik.com\\\/wp-content\\\/uploads\\\/2023\\\/03\\\/tahsin-ertugruloglu-jpg210-740x397.jpg\",\"datePublished\":\"2023-03-18T07:20:17+00:00\",\"author\":{\"@id\":\"https:\\\/\\\/kibrisdakik.com\\\/#\\\/schema\\\/person\\\/9cd9d437bbb44f72b73ba127e06d8e79\"},\"breadcrumb\":{\"@id\":\"https:\\\/\\\/kibrisdakik.com\\\/?p=3510#breadcrumb\"},\"inLanguage\":\"tr\",\"potentialAction\":[{\"@type\":\"ReadAction\",\"target\":[\"https:\\\/\\\/kibrisdakik.com\\\/?p=3510\"]}]},{\"@type\":\"ImageObject\",\"inLanguage\":\"tr\",\"@id\":\"https:\\\/\\\/kibrisdakik.com\\\/?p=3510#primaryimage\",\"url\":\"https:\\\/\\\/kibrisdakik.com\\\/wp-content\\\/uploads\\\/2023\\\/03\\\/tahsin-ertugruloglu-jpg210-740x397.jpg\",\"contentUrl\":\"https:\\\/\\\/kibrisdakik.com\\\/wp-content\\\/uploads\\\/2023\\\/03\\\/tahsin-ertugruloglu-jpg210-740x397.jpg\",\"width\":900,\"height\":397},{\"@type\":\"BreadcrumbList\",\"@id\":\"https:\\\/\\\/kibrisdakik.com\\\/?p=3510#breadcrumb\",\"itemListElement\":[{\"@type\":\"ListItem\",\"position\":1,\"name\":\"Home\",\"item\":\"https:\\\/\\\/kibrisdakik.com\\\/\"},{\"@type\":\"ListItem\",\"position\":2,\"name\":\"Ertu\u011frulo\u011flu\u2019ndan \u00c7anakkale Zaferi\u2019nin 108. Y\u0131ld\u00f6n\u00fcm\u00fc ve 18 Mart \u015eehitleri Anma G\u00fcn\u00fc nedeniyle mesaj\u0131\"}]},{\"@type\":\"WebSite\",\"@id\":\"https:\\\/\\\/kibrisdakik.com\\\/#website\",\"url\":\"https:\\\/\\\/kibrisdakik.com\\\/\",\"name\":\"\",\"description\":\"Tam vaktinde haber\",\"potentialAction\":[{\"@type\":\"SearchAction\",\"target\":{\"@type\":\"EntryPoint\",\"urlTemplate\":\"https:\\\/\\\/kibrisdakik.com\\\/?s={search_term_string}\"},\"query-input\":{\"@type\":\"PropertyValueSpecification\",\"valueRequired\":true,\"valueName\":\"search_term_string\"}}],\"inLanguage\":\"tr\"},{\"@type\":\"Person\",\"@id\":\"https:\\\/\\\/kibrisdakik.com\\\/#\\\/schema\\\/person\\\/9cd9d437bbb44f72b73ba127e06d8e79\",\"name\":\"admin\",\"image\":{\"@type\":\"ImageObject\",\"inLanguage\":\"tr\",\"@id\":\"https:\\\/\\\/secure.gravatar.com\\\/avatar\\\/ccc17943b9d660506c869530f897617f7cb1c21a4bf30023f252596d83e1f007?s=96&d=mm&r=g\",\"url\":\"https:\\\/\\\/secure.gravatar.com\\\/avatar\\\/ccc17943b9d660506c869530f897617f7cb1c21a4bf30023f252596d83e1f007?s=96&d=mm&r=g\",\"contentUrl\":\"https:\\\/\\\/secure.gravatar.com\\\/avatar\\\/ccc17943b9d660506c869530f897617f7cb1c21a4bf30023f252596d83e1f007?s=96&d=mm&r=g\",\"caption\":\"admin\"},\"sameAs\":[\"https:\\\/\\\/kibrisdakik.com\"],\"url\":\"https:\\\/\\\/kibrisdakik.com\\\/?author=1\"}]}<\/script>\n<!-- \/ Yoast SEO plugin. -->","yoast_head_json":{"title":"Ertu\u011frulo\u011flu\u2019ndan \u00c7anakkale Zaferi\u2019nin 108. Y\u0131ld\u00f6n\u00fcm\u00fc ve 18 Mart \u015eehitleri Anma G\u00fcn\u00fc nedeniyle mesaj\u0131 -","robots":{"index":"index","follow":"follow","max-snippet":"max-snippet:-1","max-image-preview":"max-image-preview:large","max-video-preview":"max-video-preview:-1"},"canonical":"https:\/\/kibrisdakik.com\/?p=3510","og_locale":"tr_TR","og_type":"article","og_title":"Ertu\u011frulo\u011flu\u2019ndan \u00c7anakkale Zaferi\u2019nin 108. Y\u0131ld\u00f6n\u00fcm\u00fc ve 18 Mart \u015eehitleri Anma G\u00fcn\u00fc nedeniyle mesaj\u0131 -","og_description":"D\u0131\u015fi\u015fleri Bakan\u0131 Tahsin Ertu\u011frulo\u011flu, \u00c7anakkale Zaferi\u2019nin 108. Y\u0131ld\u00f6n\u00fcm\u00fc ve 18 Mart \u015eehitleri Anma G\u00fcn\u00fc nedeniyle mesaj yay\u0131mlad\u0131. Ertu\u011frulo\u011flu mesaj\u0131nda, \u201c\u2019\u00c7anakkale Ge\u00e7ilmez\u2019 \u015fiar\u0131n\u0131 d\u00fcnyaya kabul ettiren kahraman ecdad\u0131m\u0131z\u0131n yazd\u0131\u011f\u0131; T\u00fcrk Milletinin Dirili\u015f Destan\u0131 \u00c7anakkale Zaferini 108. y\u0131l\u0131nda gururla yad ediyor, Atat\u00fcrk, silah arkada\u015flar\u0131, t\u00fcm \u015fehit ve gazilerimizi sayg\u0131 ve \u015f\u00fckranla an\u0131yorum.\u201d ifadelerine yer verdi.","og_url":"https:\/\/kibrisdakik.com\/?p=3510","article_published_time":"2023-03-18T07:20:17+00:00","og_image":[{"width":900,"height":397,"url":"https:\/\/kibrisdakik.com\/wp-content\/uploads\/2023\/03\/tahsin-ertugruloglu-jpg210-740x397.jpg","type":"image\/jpeg"}],"author":"admin","twitter_card":"summary_large_image","twitter_misc":{"Yazan:":"admin"},"schema":{"@context":"https:\/\/schema.org","@graph":[{"@type":"Article","@id":"https:\/\/kibrisdakik.com\/?p=3510#article","isPartOf":{"@id":"https:\/\/kibrisdakik.com\/?p=3510"},"author":{"name":"admin","@id":"https:\/\/kibrisdakik.com\/#\/schema\/person\/9cd9d437bbb44f72b73ba127e06d8e79"},"headline":"Ertu\u011frulo\u011flu\u2019ndan \u00c7anakkale Zaferi\u2019nin 108. Y\u0131ld\u00f6n\u00fcm\u00fc ve 18 Mart \u015eehitleri Anma G\u00fcn\u00fc nedeniyle mesaj\u0131","datePublished":"2023-03-18T07:20:17+00:00","mainEntityOfPage":{"@id":"https:\/\/kibrisdakik.com\/?p=3510"},"wordCount":95,"commentCount":0,"image":{"@id":"https:\/\/kibrisdakik.com\/?p=3510#primaryimage"},"thumbnailUrl":"https:\/\/kibrisdakik.com\/wp-content\/uploads\/2023\/03\/tahsin-ertugruloglu-jpg210-740x397.jpg","articleSection":["G\u00fcndem"],"inLanguage":"tr","potentialAction":[{"@type":"CommentAction","name":"Comment","target":["https:\/\/kibrisdakik.com\/?p=3510#respond"]}]},{"@type":"WebPage","@id":"https:\/\/kibrisdakik.com\/?p=3510","url":"https:\/\/kibrisdakik.com\/?p=3510","name":"Ertu\u011frulo\u011flu\u2019ndan \u00c7anakkale Zaferi\u2019nin 108. Y\u0131ld\u00f6n\u00fcm\u00fc ve 18 Mart \u015eehitleri Anma G\u00fcn\u00fc nedeniyle mesaj\u0131 -","isPartOf":{"@id":"https:\/\/kibrisdakik.com\/#website"},"primaryImageOfPage":{"@id":"https:\/\/kibrisdakik.com\/?p=3510#primaryimage"},"image":{"@id":"https:\/\/kibrisdakik.com\/?p=3510#primaryimage"},"thumbnailUrl":"https:\/\/kibrisdakik.com\/wp-content\/uploads\/2023\/03\/tahsin-ertugruloglu-jpg210-740x397.jpg","datePublished":"2023-03-18T07:20:17+00:00","author":{"@id":"https:\/\/kibrisdakik.com\/#\/schema\/person\/9cd9d437bbb44f72b73ba127e06d8e79"},"breadcrumb":{"@id":"https:\/\/kibrisdakik.com\/?p=3510#breadcrumb"},"inLanguage":"tr","potentialAction":[{"@type":"ReadAction","target":["https:\/\/kibrisdakik.com\/?p=3510"]}]},{"@type":"ImageObject","inLanguage":"tr","@id":"https:\/\/kibrisdakik.com\/?p=3510#primaryimage","url":"https:\/\/kibrisdakik.com\/wp-content\/uploads\/2023\/03\/tahsin-ertugruloglu-jpg210-740x397.jpg","contentUrl":"https:\/\/kibrisdakik.com\/wp-content\/uploads\/2023\/03\/tahsin-ertugruloglu-jpg210-740x397.jpg","width":900,"height":397},{"@type":"BreadcrumbList","@id":"https:\/\/kibrisdakik.com\/?p=3510#breadcrumb","itemListElement":[{"@type":"ListItem","position":1,"name":"Home","item":"https:\/\/kibrisdakik.com\/"},{"@type":"ListItem","position":2,"name":"Ertu\u011frulo\u011flu\u2019ndan \u00c7anakkale Zaferi\u2019nin 108. Y\u0131ld\u00f6n\u00fcm\u00fc ve 18 Mart \u015eehitleri Anma G\u00fcn\u00fc nedeniyle mesaj\u0131"}]},{"@type":"WebSite","@id":"https:\/\/kibrisdakik.com\/#website","url":"https:\/\/kibrisdakik.com\/","name":"","description":"Tam vaktinde haber","potentialAction":[{"@type":"SearchAction","target":{"@type":"EntryPoint","urlTemplate":"https:\/\/kibrisdakik.com\/?s={search_term_string}"},"query-input":{"@type":"PropertyValueSpecification","valueRequired":true,"valueName":"search_term_string"}}],"inLanguage":"tr"},{"@type":"Person","@id":"https:\/\/kibrisdakik.com\/#\/schema\/person\/9cd9d437bbb44f72b73ba127e06d8e79","name":"admin","image":{"@type":"ImageObject","inLanguage":"tr","@id":"https:\/\/secure.gravatar.com\/avatar\/ccc17943b9d660506c869530f897617f7cb1c21a4bf30023f252596d83e1f007?s=96&d=mm&r=g","url":"https:\/\/secure.gravatar.com\/avatar\/ccc17943b9d660506c869530f897617f7cb1c21a4bf30023f252596d83e1f007?s=96&d=mm&r=g","contentUrl":"https:\/\/secure.gravatar.com\/avatar\/ccc17943b9d660506c869530f897617f7cb1c21a4bf30023f252596d83e1f007?s=96&d=mm&r=g","caption":"admin"},"sameAs":["https:\/\/kibrisdakik.com"],"url":"https:\/\/kibrisdakik.com\/?author=1"}]}},"_links":{"self":[{"href":"https:\/\/kibrisdakik.com\/index.php?rest_route=\/wp\/v2\/posts\/3510","targetHints":{"allow":["GET"]}}],"collection":[{"href":"https:\/\/kibrisdakik.com\/index.php?rest_route=\/wp\/v2\/posts"}],"about":[{"href":"https:\/\/kibrisdakik.com\/index.php?rest_route=\/wp\/v2\/types\/post"}],"author":[{"embeddable":true,"href":"https:\/\/kibrisdakik.com\/index.php?rest_route=\/wp\/v2\/users\/1"}],"replies":[{"embeddable":true,"href":"https:\/\/kibrisdakik.com\/index.php?rest_route=%2Fwp%2Fv2%2Fcomments&post=3510"}],"version-history":[{"count":0,"href":"https:\/\/kibrisdakik.com\/index.php?rest_route=\/wp\/v2\/posts\/3510\/revisions"}],"wp:featuredmedia":[{"embeddable":true,"href":"https:\/\/kibrisdakik.com\/index.php?rest_route=\/wp\/v2\/media\/3511"}],"wp:attachment":[{"href":"https:\/\/kibrisdakik.com\/index.php?rest_route=%2Fwp%2Fv2%2Fmedia&parent=3510"}],"wp:term":[{"taxonomy":"category","embeddable":true,"href":"https:\/\/kibrisdakik.com\/index.php?rest_route=%2Fwp%2Fv2%2Fcategories&post=3510"},{"taxonomy":"post_tag","embeddable":true,"href":"https:\/\/kibrisdakik.com\/index.php?rest_route=%2Fwp%2Fv2%2Ftags&post=3510"}],"curies":[{"name":"wp","href":"https:\/\/api.w.org\/{rel}","templated":true}]}}