{"id":35103,"date":"2024-03-21T17:20:30","date_gmt":"2024-03-21T17:20:30","guid":{"rendered":"https:\/\/kibrisdakik.com\/index.php\/2024\/03\/21\/gercekten-radikal-bir-karardi-tasinmak-burasi-benim-icin-bir-iyilesme-yeri-oldu\/"},"modified":"2024-03-21T17:20:30","modified_gmt":"2024-03-21T17:20:30","slug":"gercekten-radikal-bir-karardi-tasinmak-burasi-benim-icin-bir-iyilesme-yeri-oldu","status":"publish","type":"post","link":"https:\/\/kibrisdakik.com\/?p=35103","title":{"rendered":"&quot;Ger\u00e7ekten radikal bir karard\u0131 ta\u015f\u0131nmak, buras\u0131 benim i\u00e7in bir iyile\u015fme yeri oldu&quot;"},"content":{"rendered":"<p><img decoding=\"async\" src=\"https:\/\/www.kibristurk.com\/images\/haberler\/2024\/03\/gercekten-radikal-bir-karardi-tasinmak-burasi-benim-icin-bir-iyilesme-yeri-oldu-1711034083.webp\" \/><\/p>\n<p>Do\u011fa ve yaban hayat\u0131 foto\u011fraf\u00e7\u0131s\u0131 Alper T\u00fcyde\u015f\u2019in sundu\u011fu \u201cHavadan Sudan Ku\u015ftan Sohbetler\u201d adl\u0131 YouTube program\u0131n\u0131n ilk b\u00f6l\u00fcm\u00fcne Nil Karaibrahimgil-Serdar Erener \u00e7ifti konuk oldu.<\/p>\n<p>H\u00fcrriyet\u2019in aktard\u0131\u011f\u0131 habere g\u00f6re bir s\u00fcre \u00f6nce \u015fehir merkezinden uzakta, ormana yak\u0131n bir eve ta\u015f\u0131nan \u00e7ift, bah\u00e7elerinde a\u011f\u0131rlad\u0131klar\u0131 T\u00fcyde\u015f\u2019e do\u011fayla ili\u015fkilerini anlatt\u0131. Nil Karaibrahimgil, \u201cBen apartman \u00e7ocu\u011fuydum, buras\u0131 benim i\u00e7in bir iyile\u015fme yeri oldu. Ger\u00e7ekten radikal bir karard\u0131 ta\u015f\u0131nmak. En b\u00fcy\u00fck motivasyonum o\u011flum oldu. Akaretler\u2019de oturuyorduk, 24 saat g\u00fcr\u00fclt\u00fcn\u00fcn i\u00e7indeydik. Do\u011fa \u00e7ocuklara verebilece\u011fimiz en b\u00fcy\u00fck hediye\u201d dedi.<\/p>\n<p>Uzatt\u0131\u011f\u0131 sakal\u0131 ve bastonuyla dikkat \u00e7eken 63 ya\u015f\u0131ndaki Serdar Erener, \u015fehri tehlikeli buldu\u011funu s\u00f6yledi: \u201cBiz Aziz Arif a\u00e7\u0131s\u0131ndan bana g\u00f6re \u015fehirden yeteri kadar uzak de\u011filiz. Tehlike 40 dakika \u00f6tede. \u015eehir e\u015fittir tehlike benim i\u00e7in.\u201d Erener programda b\u00f6cek sevgisini de anlatt\u0131: \u201cBen k\u00fc\u00e7\u00fckken yazlar\u0131m\u0131z\u0131 Ak\u00e7ay\u2019da ge\u00e7irirdik. Annemin Ak\u00e7ay\u2019da ziraat m\u00fchendisi kom\u015fusu vard\u0131. Onunla tarlalara gezmeye giderdik, bize b\u00f6cek g\u00f6sterirdi. Ben b\u00f6cek sevgisi edindim o kad\u0131ndan. B\u00f6cekleri \u00e7ok be\u011feniyorum. Hatta evde sa\u011fdan soldan buldu\u011fum b\u00f6cekler var. Tabiat harikas\u0131 bence onlar. Duvarda duruyorlar.\u201d<\/p>\n<p><strong>Tavus ku\u015fu bizi taciz etti<\/strong><\/p>\n<p>Serdar Erener, arkada\u015flar\u0131n\u0131n hediye etti\u011fi tavus ku\u015funun sald\u0131r\u0131s\u0131na u\u011frad\u0131klar\u0131n\u0131 da anlatt\u0131: \u201cBir arkada\u015f\u0131m\u0131z bize tavus ku\u015fu hediye etti. \u00dc\u00e7\u00fcnc\u00fc g\u00fcn hayvan bize sald\u0131rmaya ba\u015flad\u0131. Me\u011fer bunlar k\u0131z\u0131nca gidip arabalar\u0131 falan da \u00e7iziyormu\u015f. Tavus ku\u015fu burada bizi taciz etti!\u201d<\/p>\n<p><!-- backfill_728x90 --><\/p>\n","protected":false},"excerpt":{"rendered":"<p>Do\u011fa ve yaban hayat\u0131 foto\u011fraf\u00e7\u0131s\u0131 Alper T\u00fcyde\u015f\u2019in sundu\u011fu \u201cHavadan Sudan Ku\u015ftan Sohbetler\u201d adl\u0131 YouTube program\u0131n\u0131n ilk b\u00f6l\u00fcm\u00fcne Nil Karaibrahimgil-Serdar Erener \u00e7ifti konuk oldu. H\u00fcrriyet\u2019in aktard\u0131\u011f\u0131 habere g\u00f6re bir s\u00fcre \u00f6nce \u015fehir merkezinden uzakta, ormana yak\u0131n bir eve ta\u015f\u0131nan \u00e7ift, bah\u00e7elerinde a\u011f\u0131rlad\u0131klar\u0131 T\u00fcyde\u015f\u2019e do\u011fayla ili\u015fkilerini anlatt\u0131. Nil Karaibrahimgil, \u201cBen apartman \u00e7ocu\u011fuydum, buras\u0131 benim i\u00e7in bir iyile\u015fme<\/p>\n","protected":false},"author":1,"featured_media":35104,"comment_status":"open","ping_status":"open","sticky":false,"template":"","format":"standard","meta":{"footnotes":""},"categories":[79],"tags":[],"class_list":["post-35103","post","type-post","status-publish","format-standard","has-post-thumbnail","hentry","category-ekonomi"],"yoast_head":"<!-- This site is optimized with the Yoast SEO plugin v27.5 - https:\/\/yoast.com\/product\/yoast-seo-wordpress\/ -->\n<title>&quot;Ger\u00e7ekten radikal bir karard\u0131 ta\u015f\u0131nmak, buras\u0131 benim i\u00e7in bir iyile\u015fme yeri oldu&quot; -<\/title>\n<meta name=\"robots\" content=\"index, follow, max-snippet:-1, max-image-preview:large, max-video-preview:-1\" \/>\n<link rel=\"canonical\" href=\"https:\/\/kibrisdakik.com\/?p=35103\" \/>\n<meta property=\"og:locale\" content=\"tr_TR\" \/>\n<meta property=\"og:type\" content=\"article\" \/>\n<meta property=\"og:title\" content=\"&quot;Ger\u00e7ekten radikal bir karard\u0131 ta\u015f\u0131nmak, buras\u0131 benim i\u00e7in bir iyile\u015fme yeri oldu&quot; -\" \/>\n<meta property=\"og:description\" content=\"Do\u011fa ve yaban hayat\u0131 foto\u011fraf\u00e7\u0131s\u0131 Alper T\u00fcyde\u015f\u2019in sundu\u011fu \u201cHavadan Sudan Ku\u015ftan Sohbetler\u201d adl\u0131 YouTube program\u0131n\u0131n ilk b\u00f6l\u00fcm\u00fcne Nil Karaibrahimgil-Serdar Erener \u00e7ifti konuk oldu. H\u00fcrriyet\u2019in aktard\u0131\u011f\u0131 habere g\u00f6re bir s\u00fcre \u00f6nce \u015fehir merkezinden uzakta, ormana yak\u0131n bir eve ta\u015f\u0131nan \u00e7ift, bah\u00e7elerinde a\u011f\u0131rlad\u0131klar\u0131 T\u00fcyde\u015f\u2019e do\u011fayla ili\u015fkilerini anlatt\u0131. Nil Karaibrahimgil, \u201cBen apartman \u00e7ocu\u011fuydum, buras\u0131 benim i\u00e7in bir iyile\u015fme\" \/>\n<meta property=\"og:url\" content=\"https:\/\/kibrisdakik.com\/?p=35103\" \/>\n<meta property=\"article:published_time\" content=\"2024-03-21T17:20:30+00:00\" \/>\n<meta property=\"og:image\" content=\"https:\/\/kibrisdakik.com\/wp-content\/uploads\/2024\/03\/gercekten-radikal-bir-karardi-tasinmak-burasi-benim-icin-bir-iyilesme-yeri-oldu-1711034083.webp.webp\" \/>\n\t<meta property=\"og:image:width\" content=\"710\" \/>\n\t<meta property=\"og:image:height\" content=\"370\" \/>\n\t<meta property=\"og:image:type\" content=\"image\/webp\" \/>\n<meta name=\"author\" content=\"admin\" \/>\n<meta name=\"twitter:card\" content=\"summary_large_image\" \/>\n<meta name=\"twitter:label1\" content=\"Yazan:\" \/>\n\t<meta name=\"twitter:data1\" content=\"admin\" \/>\n\t<meta name=\"twitter:label2\" content=\"Tahmini okuma s\u00fcresi\" \/>\n\t<meta name=\"twitter:data2\" content=\"1 dakika\" \/>\n<script type=\"application\/ld+json\" class=\"yoast-schema-graph\">{\"@context\":\"https:\\\/\\\/schema.org\",\"@graph\":[{\"@type\":\"Article\",\"@id\":\"https:\\\/\\\/kibrisdakik.com\\\/?p=35103#article\",\"isPartOf\":{\"@id\":\"https:\\\/\\\/kibrisdakik.com\\\/?p=35103\"},\"author\":{\"name\":\"admin\",\"@id\":\"https:\\\/\\\/kibrisdakik.com\\\/#\\\/schema\\\/person\\\/9cd9d437bbb44f72b73ba127e06d8e79\"},\"headline\":\"&quot;Ger\u00e7ekten radikal bir karard\u0131 ta\u015f\u0131nmak, buras\u0131 benim i\u00e7in bir iyile\u015fme yeri oldu&quot;\",\"datePublished\":\"2024-03-21T17:20:30+00:00\",\"mainEntityOfPage\":{\"@id\":\"https:\\\/\\\/kibrisdakik.com\\\/?p=35103\"},\"wordCount\":312,\"commentCount\":0,\"image\":{\"@id\":\"https:\\\/\\\/kibrisdakik.com\\\/?p=35103#primaryimage\"},\"thumbnailUrl\":\"https:\\\/\\\/kibrisdakik.com\\\/wp-content\\\/uploads\\\/2024\\\/03\\\/gercekten-radikal-bir-karardi-tasinmak-burasi-benim-icin-bir-iyilesme-yeri-oldu-1711034083.webp.webp\",\"articleSection\":[\"Ekonomi\"],\"inLanguage\":\"tr\",\"potentialAction\":[{\"@type\":\"CommentAction\",\"name\":\"Comment\",\"target\":[\"https:\\\/\\\/kibrisdakik.com\\\/?p=35103#respond\"]}]},{\"@type\":\"WebPage\",\"@id\":\"https:\\\/\\\/kibrisdakik.com\\\/?p=35103\",\"url\":\"https:\\\/\\\/kibrisdakik.com\\\/?p=35103\",\"name\":\"&quot;Ger\u00e7ekten radikal bir karard\u0131 ta\u015f\u0131nmak, buras\u0131 benim i\u00e7in bir iyile\u015fme yeri oldu&quot; -\",\"isPartOf\":{\"@id\":\"https:\\\/\\\/kibrisdakik.com\\\/#website\"},\"primaryImageOfPage\":{\"@id\":\"https:\\\/\\\/kibrisdakik.com\\\/?p=35103#primaryimage\"},\"image\":{\"@id\":\"https:\\\/\\\/kibrisdakik.com\\\/?p=35103#primaryimage\"},\"thumbnailUrl\":\"https:\\\/\\\/kibrisdakik.com\\\/wp-content\\\/uploads\\\/2024\\\/03\\\/gercekten-radikal-bir-karardi-tasinmak-burasi-benim-icin-bir-iyilesme-yeri-oldu-1711034083.webp.webp\",\"datePublished\":\"2024-03-21T17:20:30+00:00\",\"author\":{\"@id\":\"https:\\\/\\\/kibrisdakik.com\\\/#\\\/schema\\\/person\\\/9cd9d437bbb44f72b73ba127e06d8e79\"},\"breadcrumb\":{\"@id\":\"https:\\\/\\\/kibrisdakik.com\\\/?p=35103#breadcrumb\"},\"inLanguage\":\"tr\",\"potentialAction\":[{\"@type\":\"ReadAction\",\"target\":[\"https:\\\/\\\/kibrisdakik.com\\\/?p=35103\"]}]},{\"@type\":\"ImageObject\",\"inLanguage\":\"tr\",\"@id\":\"https:\\\/\\\/kibrisdakik.com\\\/?p=35103#primaryimage\",\"url\":\"https:\\\/\\\/kibrisdakik.com\\\/wp-content\\\/uploads\\\/2024\\\/03\\\/gercekten-radikal-bir-karardi-tasinmak-burasi-benim-icin-bir-iyilesme-yeri-oldu-1711034083.webp.webp\",\"contentUrl\":\"https:\\\/\\\/kibrisdakik.com\\\/wp-content\\\/uploads\\\/2024\\\/03\\\/gercekten-radikal-bir-karardi-tasinmak-burasi-benim-icin-bir-iyilesme-yeri-oldu-1711034083.webp.webp\",\"width\":710,\"height\":370},{\"@type\":\"BreadcrumbList\",\"@id\":\"https:\\\/\\\/kibrisdakik.com\\\/?p=35103#breadcrumb\",\"itemListElement\":[{\"@type\":\"ListItem\",\"position\":1,\"name\":\"Home\",\"item\":\"https:\\\/\\\/kibrisdakik.com\\\/\"},{\"@type\":\"ListItem\",\"position\":2,\"name\":\"&quot;Ger\u00e7ekten radikal bir karard\u0131 ta\u015f\u0131nmak, buras\u0131 benim i\u00e7in bir iyile\u015fme yeri oldu&quot;\"}]},{\"@type\":\"WebSite\",\"@id\":\"https:\\\/\\\/kibrisdakik.com\\\/#website\",\"url\":\"https:\\\/\\\/kibrisdakik.com\\\/\",\"name\":\"\",\"description\":\"Tam vaktinde haber\",\"potentialAction\":[{\"@type\":\"SearchAction\",\"target\":{\"@type\":\"EntryPoint\",\"urlTemplate\":\"https:\\\/\\\/kibrisdakik.com\\\/?s={search_term_string}\"},\"query-input\":{\"@type\":\"PropertyValueSpecification\",\"valueRequired\":true,\"valueName\":\"search_term_string\"}}],\"inLanguage\":\"tr\"},{\"@type\":\"Person\",\"@id\":\"https:\\\/\\\/kibrisdakik.com\\\/#\\\/schema\\\/person\\\/9cd9d437bbb44f72b73ba127e06d8e79\",\"name\":\"admin\",\"image\":{\"@type\":\"ImageObject\",\"inLanguage\":\"tr\",\"@id\":\"https:\\\/\\\/secure.gravatar.com\\\/avatar\\\/ccc17943b9d660506c869530f897617f7cb1c21a4bf30023f252596d83e1f007?s=96&d=mm&r=g\",\"url\":\"https:\\\/\\\/secure.gravatar.com\\\/avatar\\\/ccc17943b9d660506c869530f897617f7cb1c21a4bf30023f252596d83e1f007?s=96&d=mm&r=g\",\"contentUrl\":\"https:\\\/\\\/secure.gravatar.com\\\/avatar\\\/ccc17943b9d660506c869530f897617f7cb1c21a4bf30023f252596d83e1f007?s=96&d=mm&r=g\",\"caption\":\"admin\"},\"sameAs\":[\"https:\\\/\\\/kibrisdakik.com\"],\"url\":\"https:\\\/\\\/kibrisdakik.com\\\/?author=1\"}]}<\/script>\n<!-- \/ Yoast SEO plugin. -->","yoast_head_json":{"title":"&quot;Ger\u00e7ekten radikal bir karard\u0131 ta\u015f\u0131nmak, buras\u0131 benim i\u00e7in bir iyile\u015fme yeri oldu&quot; -","robots":{"index":"index","follow":"follow","max-snippet":"max-snippet:-1","max-image-preview":"max-image-preview:large","max-video-preview":"max-video-preview:-1"},"canonical":"https:\/\/kibrisdakik.com\/?p=35103","og_locale":"tr_TR","og_type":"article","og_title":"&quot;Ger\u00e7ekten radikal bir karard\u0131 ta\u015f\u0131nmak, buras\u0131 benim i\u00e7in bir iyile\u015fme yeri oldu&quot; -","og_description":"Do\u011fa ve yaban hayat\u0131 foto\u011fraf\u00e7\u0131s\u0131 Alper T\u00fcyde\u015f\u2019in sundu\u011fu \u201cHavadan Sudan Ku\u015ftan Sohbetler\u201d adl\u0131 YouTube program\u0131n\u0131n ilk b\u00f6l\u00fcm\u00fcne Nil Karaibrahimgil-Serdar Erener \u00e7ifti konuk oldu. H\u00fcrriyet\u2019in aktard\u0131\u011f\u0131 habere g\u00f6re bir s\u00fcre \u00f6nce \u015fehir merkezinden uzakta, ormana yak\u0131n bir eve ta\u015f\u0131nan \u00e7ift, bah\u00e7elerinde a\u011f\u0131rlad\u0131klar\u0131 T\u00fcyde\u015f\u2019e do\u011fayla ili\u015fkilerini anlatt\u0131. Nil Karaibrahimgil, \u201cBen apartman \u00e7ocu\u011fuydum, buras\u0131 benim i\u00e7in bir iyile\u015fme","og_url":"https:\/\/kibrisdakik.com\/?p=35103","article_published_time":"2024-03-21T17:20:30+00:00","og_image":[{"width":710,"height":370,"url":"https:\/\/kibrisdakik.com\/wp-content\/uploads\/2024\/03\/gercekten-radikal-bir-karardi-tasinmak-burasi-benim-icin-bir-iyilesme-yeri-oldu-1711034083.webp.webp","type":"image\/webp"}],"author":"admin","twitter_card":"summary_large_image","twitter_misc":{"Yazan:":"admin","Tahmini okuma s\u00fcresi":"1 dakika"},"schema":{"@context":"https:\/\/schema.org","@graph":[{"@type":"Article","@id":"https:\/\/kibrisdakik.com\/?p=35103#article","isPartOf":{"@id":"https:\/\/kibrisdakik.com\/?p=35103"},"author":{"name":"admin","@id":"https:\/\/kibrisdakik.com\/#\/schema\/person\/9cd9d437bbb44f72b73ba127e06d8e79"},"headline":"&quot;Ger\u00e7ekten radikal bir karard\u0131 ta\u015f\u0131nmak, buras\u0131 benim i\u00e7in bir iyile\u015fme yeri oldu&quot;","datePublished":"2024-03-21T17:20:30+00:00","mainEntityOfPage":{"@id":"https:\/\/kibrisdakik.com\/?p=35103"},"wordCount":312,"commentCount":0,"image":{"@id":"https:\/\/kibrisdakik.com\/?p=35103#primaryimage"},"thumbnailUrl":"https:\/\/kibrisdakik.com\/wp-content\/uploads\/2024\/03\/gercekten-radikal-bir-karardi-tasinmak-burasi-benim-icin-bir-iyilesme-yeri-oldu-1711034083.webp.webp","articleSection":["Ekonomi"],"inLanguage":"tr","potentialAction":[{"@type":"CommentAction","name":"Comment","target":["https:\/\/kibrisdakik.com\/?p=35103#respond"]}]},{"@type":"WebPage","@id":"https:\/\/kibrisdakik.com\/?p=35103","url":"https:\/\/kibrisdakik.com\/?p=35103","name":"&quot;Ger\u00e7ekten radikal bir karard\u0131 ta\u015f\u0131nmak, buras\u0131 benim i\u00e7in bir iyile\u015fme yeri oldu&quot; -","isPartOf":{"@id":"https:\/\/kibrisdakik.com\/#website"},"primaryImageOfPage":{"@id":"https:\/\/kibrisdakik.com\/?p=35103#primaryimage"},"image":{"@id":"https:\/\/kibrisdakik.com\/?p=35103#primaryimage"},"thumbnailUrl":"https:\/\/kibrisdakik.com\/wp-content\/uploads\/2024\/03\/gercekten-radikal-bir-karardi-tasinmak-burasi-benim-icin-bir-iyilesme-yeri-oldu-1711034083.webp.webp","datePublished":"2024-03-21T17:20:30+00:00","author":{"@id":"https:\/\/kibrisdakik.com\/#\/schema\/person\/9cd9d437bbb44f72b73ba127e06d8e79"},"breadcrumb":{"@id":"https:\/\/kibrisdakik.com\/?p=35103#breadcrumb"},"inLanguage":"tr","potentialAction":[{"@type":"ReadAction","target":["https:\/\/kibrisdakik.com\/?p=35103"]}]},{"@type":"ImageObject","inLanguage":"tr","@id":"https:\/\/kibrisdakik.com\/?p=35103#primaryimage","url":"https:\/\/kibrisdakik.com\/wp-content\/uploads\/2024\/03\/gercekten-radikal-bir-karardi-tasinmak-burasi-benim-icin-bir-iyilesme-yeri-oldu-1711034083.webp.webp","contentUrl":"https:\/\/kibrisdakik.com\/wp-content\/uploads\/2024\/03\/gercekten-radikal-bir-karardi-tasinmak-burasi-benim-icin-bir-iyilesme-yeri-oldu-1711034083.webp.webp","width":710,"height":370},{"@type":"BreadcrumbList","@id":"https:\/\/kibrisdakik.com\/?p=35103#breadcrumb","itemListElement":[{"@type":"ListItem","position":1,"name":"Home","item":"https:\/\/kibrisdakik.com\/"},{"@type":"ListItem","position":2,"name":"&quot;Ger\u00e7ekten radikal bir karard\u0131 ta\u015f\u0131nmak, buras\u0131 benim i\u00e7in bir iyile\u015fme yeri oldu&quot;"}]},{"@type":"WebSite","@id":"https:\/\/kibrisdakik.com\/#website","url":"https:\/\/kibrisdakik.com\/","name":"","description":"Tam vaktinde haber","potentialAction":[{"@type":"SearchAction","target":{"@type":"EntryPoint","urlTemplate":"https:\/\/kibrisdakik.com\/?s={search_term_string}"},"query-input":{"@type":"PropertyValueSpecification","valueRequired":true,"valueName":"search_term_string"}}],"inLanguage":"tr"},{"@type":"Person","@id":"https:\/\/kibrisdakik.com\/#\/schema\/person\/9cd9d437bbb44f72b73ba127e06d8e79","name":"admin","image":{"@type":"ImageObject","inLanguage":"tr","@id":"https:\/\/secure.gravatar.com\/avatar\/ccc17943b9d660506c869530f897617f7cb1c21a4bf30023f252596d83e1f007?s=96&d=mm&r=g","url":"https:\/\/secure.gravatar.com\/avatar\/ccc17943b9d660506c869530f897617f7cb1c21a4bf30023f252596d83e1f007?s=96&d=mm&r=g","contentUrl":"https:\/\/secure.gravatar.com\/avatar\/ccc17943b9d660506c869530f897617f7cb1c21a4bf30023f252596d83e1f007?s=96&d=mm&r=g","caption":"admin"},"sameAs":["https:\/\/kibrisdakik.com"],"url":"https:\/\/kibrisdakik.com\/?author=1"}]}},"_links":{"self":[{"href":"https:\/\/kibrisdakik.com\/index.php?rest_route=\/wp\/v2\/posts\/35103","targetHints":{"allow":["GET"]}}],"collection":[{"href":"https:\/\/kibrisdakik.com\/index.php?rest_route=\/wp\/v2\/posts"}],"about":[{"href":"https:\/\/kibrisdakik.com\/index.php?rest_route=\/wp\/v2\/types\/post"}],"author":[{"embeddable":true,"href":"https:\/\/kibrisdakik.com\/index.php?rest_route=\/wp\/v2\/users\/1"}],"replies":[{"embeddable":true,"href":"https:\/\/kibrisdakik.com\/index.php?rest_route=%2Fwp%2Fv2%2Fcomments&post=35103"}],"version-history":[{"count":0,"href":"https:\/\/kibrisdakik.com\/index.php?rest_route=\/wp\/v2\/posts\/35103\/revisions"}],"wp:featuredmedia":[{"embeddable":true,"href":"https:\/\/kibrisdakik.com\/index.php?rest_route=\/wp\/v2\/media\/35104"}],"wp:attachment":[{"href":"https:\/\/kibrisdakik.com\/index.php?rest_route=%2Fwp%2Fv2%2Fmedia&parent=35103"}],"wp:term":[{"taxonomy":"category","embeddable":true,"href":"https:\/\/kibrisdakik.com\/index.php?rest_route=%2Fwp%2Fv2%2Fcategories&post=35103"},{"taxonomy":"post_tag","embeddable":true,"href":"https:\/\/kibrisdakik.com\/index.php?rest_route=%2Fwp%2Fv2%2Ftags&post=35103"}],"curies":[{"name":"wp","href":"https:\/\/api.w.org\/{rel}","templated":true}]}}