{"id":35107,"date":"2024-03-21T18:20:11","date_gmt":"2024-03-21T18:20:11","guid":{"rendered":"https:\/\/kibrisdakik.com\/index.php\/2024\/03\/21\/beykozda-feci-kaza-iett-otobusu-79-yasindaki-kadinin-uzerinden-gecti\/"},"modified":"2024-03-21T18:20:11","modified_gmt":"2024-03-21T18:20:11","slug":"beykozda-feci-kaza-iett-otobusu-79-yasindaki-kadinin-uzerinden-gecti","status":"publish","type":"post","link":"https:\/\/kibrisdakik.com\/?p=35107","title":{"rendered":"Beykoz&#039;da feci kaza: \u0130ETT otob\u00fcs\u00fc 79 ya\u015f\u0131ndaki kad\u0131n\u0131n \u00fczerinden ge\u00e7ti!"},"content":{"rendered":"<p><\/p>\n<p>Beykoz Yenimahalle, Dr. \u00d6mer Besimpa\u015fa Caddesi&#8217;nde&nbsp; 79 ya\u015f\u0131ndaki Hayriye. D kar\u015f\u0131dan kar\u015f\u0131ya ge\u00e7mek isterken otob\u00fcs\u00fcn ezmesi sonucu feci bi\u00e7imde yaraland\u0131.<\/p>\n<p>Saat 13.30 s\u0131ralar\u0131nda ya\u015fanan kazada ya\u015fl\u0131 kad\u0131n evine gitmek i\u00e7in yolun kar\u015f\u0131s\u0131na ge\u00e7ti\u011fi s\u0131rada seyir halindeki 34 TN 2287 plakal\u0131 \u0130ETT otob\u00fcs\u00fcn\u00fcn alt\u0131nda kald\u0131. Otob\u00fcs ya\u015fl\u0131 kad\u0131n\u0131n bacaklar\u0131n\u0131n \u00fczerinden ge\u00e7ti. Ayaklar\u0131 ve bacaklar\u0131 ezilen ya\u015fl\u0131 kad\u0131na \u00e7evredeki vatanda\u015flar yard\u0131m etti.<\/p>\n<p>Ya\u015fl\u0131 kad\u0131n\u0131n otob\u00fcs\u00fcn alt\u0131nda kald\u0131\u011f\u0131 g\u00f6r\u00fcnt\u00fcler g\u00fcvenlik kameras\u0131na anbean yans\u0131d\u0131. \u00c7evredeki vatanda\u015flar taraf\u0131ndan sa\u011fl\u0131k ekiplerine ve polis ekiplerine haber verildi. Olay yerine gelen sa\u011fl\u0131k ekipleri kanlar i\u00e7inde yatan ya\u015fl\u0131 kad\u0131n\u0131 hastaneye kald\u0131r\u0131rken, polis ekipleri \u0130ETT \u015fof\u00f6r\u00fcn\u00fc karakola g\u00f6t\u00fcrd\u00fc. Polis ekipleri kazayla ilgili inceleme ba\u015flatt\u0131.<\/p>\n<p><img decoding=\"async\" alt=\"Beykoz'da feci kaza: \u0130ETT otob\u00fcs\u00fc 79 ya\u015f\u0131ndaki kad\u0131n\u0131n \u00fczerinden ge\u00e7ti! - 1. Resim\" src=\"https:\/\/i.tgrthaber.com.tr\/images\/haberler\/24-03\/21\/beykozda-feci-kaza-iett-otobusu-79-yasindaki-kadinin-uzerinden-gecti-17110406256779_1.jpg\" title=\"Beykoz'da feci kaza: \u0130ETT otob\u00fcs\u00fc 79 ya\u015f\u0131ndaki kad\u0131n\u0131n \u00fczerinden ge\u00e7ti!\" \/><\/p>\n","protected":false},"excerpt":{"rendered":"<p>Beykoz Yenimahalle, Dr. \u00d6mer Besimpa\u015fa Caddesi&#8217;nde&nbsp; 79 ya\u015f\u0131ndaki Hayriye. D kar\u015f\u0131dan kar\u015f\u0131ya ge\u00e7mek isterken otob\u00fcs\u00fcn ezmesi sonucu feci bi\u00e7imde yaraland\u0131. Saat 13.30 s\u0131ralar\u0131nda ya\u015fanan kazada ya\u015fl\u0131 kad\u0131n evine gitmek i\u00e7in yolun kar\u015f\u0131s\u0131na ge\u00e7ti\u011fi s\u0131rada seyir halindeki 34 TN 2287 plakal\u0131 \u0130ETT otob\u00fcs\u00fcn\u00fcn alt\u0131nda kald\u0131. Otob\u00fcs ya\u015fl\u0131 kad\u0131n\u0131n bacaklar\u0131n\u0131n \u00fczerinden ge\u00e7ti. Ayaklar\u0131 ve bacaklar\u0131 ezilen ya\u015fl\u0131<\/p>\n","protected":false},"author":1,"featured_media":35108,"comment_status":"open","ping_status":"open","sticky":false,"template":"","format":"standard","meta":{"footnotes":""},"categories":[85],"tags":[],"class_list":["post-35107","post","type-post","status-publish","format-standard","has-post-thumbnail","hentry","category-spor"],"yoast_head":"<!-- This site is optimized with the Yoast SEO plugin v27.4 - https:\/\/yoast.com\/product\/yoast-seo-wordpress\/ -->\n<title>Beykoz&#039;da feci kaza: \u0130ETT otob\u00fcs\u00fc 79 ya\u015f\u0131ndaki kad\u0131n\u0131n \u00fczerinden ge\u00e7ti! -<\/title>\n<meta name=\"robots\" content=\"index, follow, max-snippet:-1, max-image-preview:large, max-video-preview:-1\" \/>\n<link rel=\"canonical\" href=\"https:\/\/kibrisdakik.com\/?p=35107\" \/>\n<meta property=\"og:locale\" content=\"tr_TR\" \/>\n<meta property=\"og:type\" content=\"article\" \/>\n<meta property=\"og:title\" content=\"Beykoz&#039;da feci kaza: \u0130ETT otob\u00fcs\u00fc 79 ya\u015f\u0131ndaki kad\u0131n\u0131n \u00fczerinden ge\u00e7ti! -\" \/>\n<meta property=\"og:description\" content=\"Beykoz Yenimahalle, Dr. \u00d6mer Besimpa\u015fa Caddesi&#8217;nde&nbsp; 79 ya\u015f\u0131ndaki Hayriye. D kar\u015f\u0131dan kar\u015f\u0131ya ge\u00e7mek isterken otob\u00fcs\u00fcn ezmesi sonucu feci bi\u00e7imde yaraland\u0131. Saat 13.30 s\u0131ralar\u0131nda ya\u015fanan kazada ya\u015fl\u0131 kad\u0131n evine gitmek i\u00e7in yolun kar\u015f\u0131s\u0131na ge\u00e7ti\u011fi s\u0131rada seyir halindeki 34 TN 2287 plakal\u0131 \u0130ETT otob\u00fcs\u00fcn\u00fcn alt\u0131nda kald\u0131. Otob\u00fcs ya\u015fl\u0131 kad\u0131n\u0131n bacaklar\u0131n\u0131n \u00fczerinden ge\u00e7ti. Ayaklar\u0131 ve bacaklar\u0131 ezilen ya\u015fl\u0131\" \/>\n<meta property=\"og:url\" content=\"https:\/\/kibrisdakik.com\/?p=35107\" \/>\n<meta property=\"article:published_time\" content=\"2024-03-21T18:20:11+00:00\" \/>\n<meta property=\"og:image\" content=\"https:\/\/kibrisdakik.com\/wp-content\/uploads\/2024\/03\/beykozda-feci-kaza-iett-otobusu-79-yasindaki-kadinin-uzerinden-gecti-17110406256779_1-635x420.jpg\" \/>\n\t<meta property=\"og:image:width\" content=\"635\" \/>\n\t<meta property=\"og:image:height\" content=\"720\" \/>\n\t<meta property=\"og:image:type\" content=\"image\/jpeg\" \/>\n<meta name=\"author\" content=\"admin\" \/>\n<meta name=\"twitter:card\" content=\"summary_large_image\" \/>\n<meta name=\"twitter:label1\" content=\"Yazan:\" \/>\n\t<meta name=\"twitter:data1\" content=\"admin\" \/>\n\t<meta name=\"twitter:label2\" content=\"Tahmini okuma s\u00fcresi\" \/>\n\t<meta name=\"twitter:data2\" content=\"1 dakika\" \/>\n<script type=\"application\/ld+json\" class=\"yoast-schema-graph\">{\"@context\":\"https:\\\/\\\/schema.org\",\"@graph\":[{\"@type\":\"Article\",\"@id\":\"https:\\\/\\\/kibrisdakik.com\\\/?p=35107#article\",\"isPartOf\":{\"@id\":\"https:\\\/\\\/kibrisdakik.com\\\/?p=35107\"},\"author\":{\"name\":\"admin\",\"@id\":\"https:\\\/\\\/kibrisdakik.com\\\/#\\\/schema\\\/person\\\/9cd9d437bbb44f72b73ba127e06d8e79\"},\"headline\":\"Beykoz&#039;da feci kaza: \u0130ETT otob\u00fcs\u00fc 79 ya\u015f\u0131ndaki kad\u0131n\u0131n \u00fczerinden ge\u00e7ti!\",\"datePublished\":\"2024-03-21T18:20:11+00:00\",\"mainEntityOfPage\":{\"@id\":\"https:\\\/\\\/kibrisdakik.com\\\/?p=35107\"},\"wordCount\":178,\"commentCount\":0,\"image\":{\"@id\":\"https:\\\/\\\/kibrisdakik.com\\\/?p=35107#primaryimage\"},\"thumbnailUrl\":\"https:\\\/\\\/kibrisdakik.com\\\/wp-content\\\/uploads\\\/2024\\\/03\\\/beykozda-feci-kaza-iett-otobusu-79-yasindaki-kadinin-uzerinden-gecti-17110406256779_1-635x420.jpg\",\"articleSection\":[\"Spor\"],\"inLanguage\":\"tr\",\"potentialAction\":[{\"@type\":\"CommentAction\",\"name\":\"Comment\",\"target\":[\"https:\\\/\\\/kibrisdakik.com\\\/?p=35107#respond\"]}]},{\"@type\":\"WebPage\",\"@id\":\"https:\\\/\\\/kibrisdakik.com\\\/?p=35107\",\"url\":\"https:\\\/\\\/kibrisdakik.com\\\/?p=35107\",\"name\":\"Beykoz&#039;da feci kaza: \u0130ETT otob\u00fcs\u00fc 79 ya\u015f\u0131ndaki kad\u0131n\u0131n \u00fczerinden ge\u00e7ti! -\",\"isPartOf\":{\"@id\":\"https:\\\/\\\/kibrisdakik.com\\\/#website\"},\"primaryImageOfPage\":{\"@id\":\"https:\\\/\\\/kibrisdakik.com\\\/?p=35107#primaryimage\"},\"image\":{\"@id\":\"https:\\\/\\\/kibrisdakik.com\\\/?p=35107#primaryimage\"},\"thumbnailUrl\":\"https:\\\/\\\/kibrisdakik.com\\\/wp-content\\\/uploads\\\/2024\\\/03\\\/beykozda-feci-kaza-iett-otobusu-79-yasindaki-kadinin-uzerinden-gecti-17110406256779_1-635x420.jpg\",\"datePublished\":\"2024-03-21T18:20:11+00:00\",\"author\":{\"@id\":\"https:\\\/\\\/kibrisdakik.com\\\/#\\\/schema\\\/person\\\/9cd9d437bbb44f72b73ba127e06d8e79\"},\"breadcrumb\":{\"@id\":\"https:\\\/\\\/kibrisdakik.com\\\/?p=35107#breadcrumb\"},\"inLanguage\":\"tr\",\"potentialAction\":[{\"@type\":\"ReadAction\",\"target\":[\"https:\\\/\\\/kibrisdakik.com\\\/?p=35107\"]}]},{\"@type\":\"ImageObject\",\"inLanguage\":\"tr\",\"@id\":\"https:\\\/\\\/kibrisdakik.com\\\/?p=35107#primaryimage\",\"url\":\"https:\\\/\\\/kibrisdakik.com\\\/wp-content\\\/uploads\\\/2024\\\/03\\\/beykozda-feci-kaza-iett-otobusu-79-yasindaki-kadinin-uzerinden-gecti-17110406256779_1-635x420.jpg\",\"contentUrl\":\"https:\\\/\\\/kibrisdakik.com\\\/wp-content\\\/uploads\\\/2024\\\/03\\\/beykozda-feci-kaza-iett-otobusu-79-yasindaki-kadinin-uzerinden-gecti-17110406256779_1-635x420.jpg\",\"width\":635,\"height\":720},{\"@type\":\"BreadcrumbList\",\"@id\":\"https:\\\/\\\/kibrisdakik.com\\\/?p=35107#breadcrumb\",\"itemListElement\":[{\"@type\":\"ListItem\",\"position\":1,\"name\":\"Home\",\"item\":\"https:\\\/\\\/kibrisdakik.com\\\/\"},{\"@type\":\"ListItem\",\"position\":2,\"name\":\"Beykoz&#039;da feci kaza: \u0130ETT otob\u00fcs\u00fc 79 ya\u015f\u0131ndaki kad\u0131n\u0131n \u00fczerinden ge\u00e7ti!\"}]},{\"@type\":\"WebSite\",\"@id\":\"https:\\\/\\\/kibrisdakik.com\\\/#website\",\"url\":\"https:\\\/\\\/kibrisdakik.com\\\/\",\"name\":\"\",\"description\":\"Tam vaktinde haber\",\"potentialAction\":[{\"@type\":\"SearchAction\",\"target\":{\"@type\":\"EntryPoint\",\"urlTemplate\":\"https:\\\/\\\/kibrisdakik.com\\\/?s={search_term_string}\"},\"query-input\":{\"@type\":\"PropertyValueSpecification\",\"valueRequired\":true,\"valueName\":\"search_term_string\"}}],\"inLanguage\":\"tr\"},{\"@type\":\"Person\",\"@id\":\"https:\\\/\\\/kibrisdakik.com\\\/#\\\/schema\\\/person\\\/9cd9d437bbb44f72b73ba127e06d8e79\",\"name\":\"admin\",\"image\":{\"@type\":\"ImageObject\",\"inLanguage\":\"tr\",\"@id\":\"https:\\\/\\\/secure.gravatar.com\\\/avatar\\\/ccc17943b9d660506c869530f897617f7cb1c21a4bf30023f252596d83e1f007?s=96&d=mm&r=g\",\"url\":\"https:\\\/\\\/secure.gravatar.com\\\/avatar\\\/ccc17943b9d660506c869530f897617f7cb1c21a4bf30023f252596d83e1f007?s=96&d=mm&r=g\",\"contentUrl\":\"https:\\\/\\\/secure.gravatar.com\\\/avatar\\\/ccc17943b9d660506c869530f897617f7cb1c21a4bf30023f252596d83e1f007?s=96&d=mm&r=g\",\"caption\":\"admin\"},\"sameAs\":[\"https:\\\/\\\/kibrisdakik.com\"],\"url\":\"https:\\\/\\\/kibrisdakik.com\\\/?author=1\"}]}<\/script>\n<!-- \/ Yoast SEO plugin. -->","yoast_head_json":{"title":"Beykoz&#039;da feci kaza: \u0130ETT otob\u00fcs\u00fc 79 ya\u015f\u0131ndaki kad\u0131n\u0131n \u00fczerinden ge\u00e7ti! -","robots":{"index":"index","follow":"follow","max-snippet":"max-snippet:-1","max-image-preview":"max-image-preview:large","max-video-preview":"max-video-preview:-1"},"canonical":"https:\/\/kibrisdakik.com\/?p=35107","og_locale":"tr_TR","og_type":"article","og_title":"Beykoz&#039;da feci kaza: \u0130ETT otob\u00fcs\u00fc 79 ya\u015f\u0131ndaki kad\u0131n\u0131n \u00fczerinden ge\u00e7ti! -","og_description":"Beykoz Yenimahalle, Dr. \u00d6mer Besimpa\u015fa Caddesi&#8217;nde&nbsp; 79 ya\u015f\u0131ndaki Hayriye. D kar\u015f\u0131dan kar\u015f\u0131ya ge\u00e7mek isterken otob\u00fcs\u00fcn ezmesi sonucu feci bi\u00e7imde yaraland\u0131. Saat 13.30 s\u0131ralar\u0131nda ya\u015fanan kazada ya\u015fl\u0131 kad\u0131n evine gitmek i\u00e7in yolun kar\u015f\u0131s\u0131na ge\u00e7ti\u011fi s\u0131rada seyir halindeki 34 TN 2287 plakal\u0131 \u0130ETT otob\u00fcs\u00fcn\u00fcn alt\u0131nda kald\u0131. Otob\u00fcs ya\u015fl\u0131 kad\u0131n\u0131n bacaklar\u0131n\u0131n \u00fczerinden ge\u00e7ti. Ayaklar\u0131 ve bacaklar\u0131 ezilen ya\u015fl\u0131","og_url":"https:\/\/kibrisdakik.com\/?p=35107","article_published_time":"2024-03-21T18:20:11+00:00","og_image":[{"width":635,"height":720,"url":"https:\/\/kibrisdakik.com\/wp-content\/uploads\/2024\/03\/beykozda-feci-kaza-iett-otobusu-79-yasindaki-kadinin-uzerinden-gecti-17110406256779_1-635x420.jpg","type":"image\/jpeg"}],"author":"admin","twitter_card":"summary_large_image","twitter_misc":{"Yazan:":"admin","Tahmini okuma s\u00fcresi":"1 dakika"},"schema":{"@context":"https:\/\/schema.org","@graph":[{"@type":"Article","@id":"https:\/\/kibrisdakik.com\/?p=35107#article","isPartOf":{"@id":"https:\/\/kibrisdakik.com\/?p=35107"},"author":{"name":"admin","@id":"https:\/\/kibrisdakik.com\/#\/schema\/person\/9cd9d437bbb44f72b73ba127e06d8e79"},"headline":"Beykoz&#039;da feci kaza: \u0130ETT otob\u00fcs\u00fc 79 ya\u015f\u0131ndaki kad\u0131n\u0131n \u00fczerinden ge\u00e7ti!","datePublished":"2024-03-21T18:20:11+00:00","mainEntityOfPage":{"@id":"https:\/\/kibrisdakik.com\/?p=35107"},"wordCount":178,"commentCount":0,"image":{"@id":"https:\/\/kibrisdakik.com\/?p=35107#primaryimage"},"thumbnailUrl":"https:\/\/kibrisdakik.com\/wp-content\/uploads\/2024\/03\/beykozda-feci-kaza-iett-otobusu-79-yasindaki-kadinin-uzerinden-gecti-17110406256779_1-635x420.jpg","articleSection":["Spor"],"inLanguage":"tr","potentialAction":[{"@type":"CommentAction","name":"Comment","target":["https:\/\/kibrisdakik.com\/?p=35107#respond"]}]},{"@type":"WebPage","@id":"https:\/\/kibrisdakik.com\/?p=35107","url":"https:\/\/kibrisdakik.com\/?p=35107","name":"Beykoz&#039;da feci kaza: \u0130ETT otob\u00fcs\u00fc 79 ya\u015f\u0131ndaki kad\u0131n\u0131n \u00fczerinden ge\u00e7ti! -","isPartOf":{"@id":"https:\/\/kibrisdakik.com\/#website"},"primaryImageOfPage":{"@id":"https:\/\/kibrisdakik.com\/?p=35107#primaryimage"},"image":{"@id":"https:\/\/kibrisdakik.com\/?p=35107#primaryimage"},"thumbnailUrl":"https:\/\/kibrisdakik.com\/wp-content\/uploads\/2024\/03\/beykozda-feci-kaza-iett-otobusu-79-yasindaki-kadinin-uzerinden-gecti-17110406256779_1-635x420.jpg","datePublished":"2024-03-21T18:20:11+00:00","author":{"@id":"https:\/\/kibrisdakik.com\/#\/schema\/person\/9cd9d437bbb44f72b73ba127e06d8e79"},"breadcrumb":{"@id":"https:\/\/kibrisdakik.com\/?p=35107#breadcrumb"},"inLanguage":"tr","potentialAction":[{"@type":"ReadAction","target":["https:\/\/kibrisdakik.com\/?p=35107"]}]},{"@type":"ImageObject","inLanguage":"tr","@id":"https:\/\/kibrisdakik.com\/?p=35107#primaryimage","url":"https:\/\/kibrisdakik.com\/wp-content\/uploads\/2024\/03\/beykozda-feci-kaza-iett-otobusu-79-yasindaki-kadinin-uzerinden-gecti-17110406256779_1-635x420.jpg","contentUrl":"https:\/\/kibrisdakik.com\/wp-content\/uploads\/2024\/03\/beykozda-feci-kaza-iett-otobusu-79-yasindaki-kadinin-uzerinden-gecti-17110406256779_1-635x420.jpg","width":635,"height":720},{"@type":"BreadcrumbList","@id":"https:\/\/kibrisdakik.com\/?p=35107#breadcrumb","itemListElement":[{"@type":"ListItem","position":1,"name":"Home","item":"https:\/\/kibrisdakik.com\/"},{"@type":"ListItem","position":2,"name":"Beykoz&#039;da feci kaza: \u0130ETT otob\u00fcs\u00fc 79 ya\u015f\u0131ndaki kad\u0131n\u0131n \u00fczerinden ge\u00e7ti!"}]},{"@type":"WebSite","@id":"https:\/\/kibrisdakik.com\/#website","url":"https:\/\/kibrisdakik.com\/","name":"","description":"Tam vaktinde haber","potentialAction":[{"@type":"SearchAction","target":{"@type":"EntryPoint","urlTemplate":"https:\/\/kibrisdakik.com\/?s={search_term_string}"},"query-input":{"@type":"PropertyValueSpecification","valueRequired":true,"valueName":"search_term_string"}}],"inLanguage":"tr"},{"@type":"Person","@id":"https:\/\/kibrisdakik.com\/#\/schema\/person\/9cd9d437bbb44f72b73ba127e06d8e79","name":"admin","image":{"@type":"ImageObject","inLanguage":"tr","@id":"https:\/\/secure.gravatar.com\/avatar\/ccc17943b9d660506c869530f897617f7cb1c21a4bf30023f252596d83e1f007?s=96&d=mm&r=g","url":"https:\/\/secure.gravatar.com\/avatar\/ccc17943b9d660506c869530f897617f7cb1c21a4bf30023f252596d83e1f007?s=96&d=mm&r=g","contentUrl":"https:\/\/secure.gravatar.com\/avatar\/ccc17943b9d660506c869530f897617f7cb1c21a4bf30023f252596d83e1f007?s=96&d=mm&r=g","caption":"admin"},"sameAs":["https:\/\/kibrisdakik.com"],"url":"https:\/\/kibrisdakik.com\/?author=1"}]}},"_links":{"self":[{"href":"https:\/\/kibrisdakik.com\/index.php?rest_route=\/wp\/v2\/posts\/35107","targetHints":{"allow":["GET"]}}],"collection":[{"href":"https:\/\/kibrisdakik.com\/index.php?rest_route=\/wp\/v2\/posts"}],"about":[{"href":"https:\/\/kibrisdakik.com\/index.php?rest_route=\/wp\/v2\/types\/post"}],"author":[{"embeddable":true,"href":"https:\/\/kibrisdakik.com\/index.php?rest_route=\/wp\/v2\/users\/1"}],"replies":[{"embeddable":true,"href":"https:\/\/kibrisdakik.com\/index.php?rest_route=%2Fwp%2Fv2%2Fcomments&post=35107"}],"version-history":[{"count":0,"href":"https:\/\/kibrisdakik.com\/index.php?rest_route=\/wp\/v2\/posts\/35107\/revisions"}],"wp:featuredmedia":[{"embeddable":true,"href":"https:\/\/kibrisdakik.com\/index.php?rest_route=\/wp\/v2\/media\/35108"}],"wp:attachment":[{"href":"https:\/\/kibrisdakik.com\/index.php?rest_route=%2Fwp%2Fv2%2Fmedia&parent=35107"}],"wp:term":[{"taxonomy":"category","embeddable":true,"href":"https:\/\/kibrisdakik.com\/index.php?rest_route=%2Fwp%2Fv2%2Fcategories&post=35107"},{"taxonomy":"post_tag","embeddable":true,"href":"https:\/\/kibrisdakik.com\/index.php?rest_route=%2Fwp%2Fv2%2Ftags&post=35107"}],"curies":[{"name":"wp","href":"https:\/\/api.w.org\/{rel}","templated":true}]}}