{"id":35111,"date":"2024-03-21T19:19:53","date_gmt":"2024-03-21T19:19:53","guid":{"rendered":"https:\/\/kibrisdakik.com\/index.php\/2024\/03\/21\/hasipoglu-akpada-kibris-turk-gencligine-yonelik-spor-ambargosunu-gundeme-getirdi\/"},"modified":"2024-03-21T19:19:53","modified_gmt":"2024-03-21T19:19:53","slug":"hasipoglu-akpada-kibris-turk-gencligine-yonelik-spor-ambargosunu-gundeme-getirdi","status":"publish","type":"post","link":"https:\/\/kibrisdakik.com\/?p=35111","title":{"rendered":"Hasipo\u011flu, AKPA\u2019da K\u0131br\u0131s T\u00fcrk gen\u00e7li\u011fine y\u00f6nelik spor ambargosunu g\u00fcndeme getirdi"},"content":{"rendered":"<p><\/p>\n<div>\n<div class=\"mariselle-image-container center\">\n                <img loading=\"lazy\" decoding=\"async\" width=\"2560\" height=\"1439\" class=\"lazy-image\" alt=\"\" sizes=\"auto, (max-width: 2560px) 100vw, 2560px\" src=\"https:\/\/brtk.net\/wp-content\/uploads\/2024\/03\/21\/InShot_20240321_210937904-scaled.jpg?ver=ff0894f0e15849296e89900b38acac87\" srcset=\"https:\/\/brtk.net\/wp-content\/uploads\/2024\/03\/21\/InShot_20240321_210937904-scaled.jpg?ver=ff0894f0e15849296e89900b38acac87 2560w, https:\/\/brtk.net\/wp-content\/uploads\/2024\/03\/21\/InShot_20240321_210937904-300x169.jpg?ver=ff0894f0e15849296e89900b38acac87 300w, https:\/\/brtk.net\/wp-content\/uploads\/2024\/03\/21\/InShot_20240321_210937904-1024x576.jpg?ver=1eb4e308fd802e7390b758672c3626d1 1024w, https:\/\/brtk.net\/wp-content\/uploads\/2024\/03\/21\/InShot_20240321_210937904-768x432.jpg?ver=1eb4e308fd802e7390b758672c3626d1 768w, https:\/\/brtk.net\/wp-content\/uploads\/2024\/03\/21\/InShot_20240321_210937904-1536x863.jpg?ver=97837f93de4af375de2a270af104b55c 1536w, https:\/\/brtk.net\/wp-content\/uploads\/2024\/03\/21\/InShot_20240321_210937904-2048x1151.jpg?ver=59de724095ad06dbd84a6f1ea1e8aa50 2048w\"\/>                            <\/div>\n<p>Avrupa Konseyi Parlamenterler Asamblesinin (AKPA)\u00a0Komite toplant\u0131lar\u0131na kat\u0131lan <a href=\"https:\/\/brtk.net\/\">UBP<\/a> Milletvekili O\u011fuzhan Hasipo\u011flu, K\u00fclt\u00fcr, Bilim, E\u011fitim\u00a0ve Medya Komisyonu toplant\u0131s\u0131nda, <a href=\"https:\/\/brtk.net\/\">KKTC<\/a> gen\u00e7li\u011fine uygulanan ambargolar hakk\u0131nda bir konu\u015fma yapt\u0131.<br \/>\u00a0<\/p>\n<p>Rap\u00f6rt\u00f6rl\u00fc\u011f\u00fcn\u00fc Romen milletvekili Denisa Neagu\u2019nun yapt\u0131\u011f\u0131 Olimpiyatlar\u0131n Bar\u0131\u015f s\u00fcrecine etkisi ve \u201csporun ba\u011f\u0131ms\u0131zl\u0131\u011f\u0131 spor de\u011ferlerine hizmet edip etmedi\u011fi\u201d konusundaki toplant\u0131da, \u00f6zel olarak davet edilen Frans\u0131z Olimpiyat Komitesi Ba\u015fkan\u0131 Jean Pierre Siutat de bir sunum ger\u00e7ekle\u015ftirdi. <\/p>\n<p>Sunumdan sonra s\u00f6z alan Hasipo\u011flu bu y\u0131l Fransa\u2019da ger\u00e7ekle\u015fecek olan olimpiyatlar\u0131n \u00f6nemine dikkat \u00e7ekerek, Rusya devletine ambargo koyulmas\u0131na ra\u011fmen, Rus sporcular\u0131n olimpiyat bayra\u011f\u0131 ile olimpiyatlara kat\u0131lmalar\u0131na izin verdiklerini, bu durumun ge\u00e7mi\u015fte de \u00f6rneklerinin oldu\u011funu, dolay\u0131s\u0131yla <a href=\"https:\/\/brtk.net\/\">KKTC<\/a>\u2019li sporcular i\u00e7in de art\u0131k yeni bir yol haritas\u0131 belirlemeleri gerekti\u011finin alt\u0131n\u0131 \u00e7izdi.<br \/>\u00a0<\/p>\n<p>\u201cSpora siyaset kar\u0131\u015ft\u0131r\u0131lmamas\u0131 noktas\u0131nda, bu komite toplant\u0131s\u0131nda bulunan herkesin hemfikir olmas\u0131na ra\u011fmen, K\u0131br\u0131s T\u00fcrk halk\u0131na, \u00f6zellikle gen\u00e7lerine uygulanan haks\u0131z k\u0131s\u0131tlamalara sessiz kalmaman\u0131z\u0131 sizlerden talep ediyorum\u201d diyerek s\u00f6z\u00fcne devam eden Hasipo\u011flu, \u201cAnnan Plan\u0131 referandumunun \u00fczerinden 20 y\u0131l ge\u00e7ti. Bize verilen s\u00f6zlerin tutulmas\u0131n\u0131 ve ambargolar\u0131n kald\u0131r\u0131lmas\u0131n\u0131 istiyoruz. BM ve Avrupa Birli\u011fi (AB) \u00fcyesi \u00fclkeleri, o d\u00f6nemde referanduma \u2018evet\u2019 oyu veren halk\u0131n \u00f6d\u00fcllendirilecekleri ve izolasyonlar\u0131n kald\u0131r\u0131laca\u011f\u0131 y\u00f6n\u00fcnde yapt\u0131klar\u0131 a\u00e7\u0131klamalara ra\u011fmen, AB\u201dnin \u00e7ifte standard uygulad\u0131\u011f\u0131n\u0131 a\u00e7\u0131kt\u0131r. Bu komite arac\u0131l\u0131\u011f\u0131 ile verilen s\u00f6zlerin tutulmas\u0131n\u0131\u00a0ve Olimpik kurallar gere\u011fi K\u0131br\u0131s T\u00fcrk gen\u00e7lerinin olimpiyatlara kat\u0131lmas\u0131n\u0131n \u00f6n\u00fcn\u00fcn a\u00e7\u0131lmas\u0131 i\u00e7in Konseye \u00e7a\u011fr\u0131da bulunmay\u0131 davet ediyoruz\u201ddedi.<\/p>\n<p>\u00a0<br \/>Frans\u0131z Olimpiyat Komitesi Ba\u015fkan\u0131na, Avrupa Spor S\u00f6zle\u015fmesi ve Olimpiyat anayasas\u0131ndan maddeler okuyarak, K\u0131br\u0131s T\u00fcrk gen\u00e7li\u011fine ne gibi \u00e7areler \u00f6nerirsiniz \u015feklindeki soru y\u00f6nelten Hasipo\u011flu\u2019na yan\u0131t veren Frans\u0131z Siutat, kendisinin ayn\u0131 zamanda Fransa Basketbol Federasyonu Ba\u015fkan\u0131 oldu\u011funu s\u00f6ylerek, sporun yapman\u0131n ve yaparken de ba\u015fka tak\u0131m veya ki\u015filerle m\u00fccadele etmenin, herkesin hakk\u0131 oldu\u011fu ger\u00e7e\u011finden hareketle, tan\u0131nmayan veya haks\u0131zl\u0131\u011fa u\u011frayan \u00fclkelerin de uluslararas\u0131 turnuvalara kat\u0131labilmelerinin \u00f6n\u00fcn\u00fcn a\u00e7\u0131lmas\u0131 i\u00e7in \u015fu an \u00f6zellikle Basketbol alan\u0131nda ciddi tart\u0131\u015fmalar\u0131n ya\u015fand\u0131\u011f\u0131n\u0131 belirterek, K\u0131br\u0131s konusunu da iyi bildiklerini ve bu konuyu da g\u00fcndemlerine alabileceklerini belirtti.<\/p>\n<p>Hasipo\u011flu, K\u0131br\u0131s T\u00fcrk gen\u00e7li\u011finin durumunu her platformda mesele etmeye devam edeceklerini belirterek, bu konuda Uluslararas\u0131 Olimpiyat komitesinin siyaseti de\u011fil, sporu \u00f6ne \u00e7\u0131karmas\u0131 gerekti\u011fi \u00f6nerisini yineleyerek, Basketbol konusunda da ayr\u0131ca giri\u015fim yapacaklar\u0131n\u0131 da ifade etti.<\/p>\n<p>K\u0131br\u0131sl\u0131 T\u00fcrk sporcular\u0131n uluslararas\u0131 m\u00fcsabaka ve turnuvalarda yer almak i\u00e7in heyecan duyduklar\u0131n\u0131 belirten Hasipo\u011flu, sporcular\u0131na bu kap\u0131y\u0131 a\u00e7mak i\u00e7in ellerinden geleni yapacaklar\u0131n\u0131, bu y\u00f6ndeki giri\u015fimlerinin Avrupa Konseyi ve parlamentosu dahil farkl\u0131 platformlarda s\u00fcrece\u011fini kaydetti.<\/p>\n<\/p><\/div>\n<p><script async\n                    defer\n                    crossorigin=\"anonymous\"\n                    src=\"https:\/\/connect.facebook.net\/tr_TR\/sdk.js#xfbml=1&#038;version=v3.3\"\n            ><\/script><\/p>\n","protected":false},"excerpt":{"rendered":"<p>Avrupa Konseyi Parlamenterler Asamblesinin (AKPA)\u00a0Komite toplant\u0131lar\u0131na kat\u0131lan UBP Milletvekili O\u011fuzhan Hasipo\u011flu, K\u00fclt\u00fcr, Bilim, E\u011fitim\u00a0ve Medya Komisyonu toplant\u0131s\u0131nda, KKTC gen\u00e7li\u011fine uygulanan ambargolar hakk\u0131nda bir konu\u015fma yapt\u0131.\u00a0 Rap\u00f6rt\u00f6rl\u00fc\u011f\u00fcn\u00fc Romen milletvekili Denisa Neagu\u2019nun yapt\u0131\u011f\u0131 Olimpiyatlar\u0131n Bar\u0131\u015f s\u00fcrecine etkisi ve \u201csporun ba\u011f\u0131ms\u0131zl\u0131\u011f\u0131 spor de\u011ferlerine hizmet edip etmedi\u011fi\u201d konusundaki toplant\u0131da, \u00f6zel olarak davet edilen Frans\u0131z Olimpiyat Komitesi Ba\u015fkan\u0131 Jean Pierre<\/p>\n","protected":false},"author":1,"featured_media":35112,"comment_status":"open","ping_status":"open","sticky":false,"template":"","format":"standard","meta":{"footnotes":""},"categories":[1],"tags":[],"class_list":["post-35111","post","type-post","status-publish","format-standard","has-post-thumbnail","hentry","category-gundem"],"yoast_head":"<!-- This site is optimized with the Yoast SEO plugin v28.4 - https:\/\/yoast.com\/product\/yoast-seo-wordpress\/ -->\n<title>Hasipo\u011flu, AKPA\u2019da K\u0131br\u0131s T\u00fcrk gen\u00e7li\u011fine y\u00f6nelik spor ambargosunu g\u00fcndeme getirdi -<\/title>\n<meta name=\"robots\" content=\"index, follow, max-snippet:-1, max-image-preview:large, max-video-preview:-1\" \/>\n<link rel=\"canonical\" href=\"https:\/\/kibrisdakik.com\/?p=35111\" \/>\n<meta property=\"og:locale\" content=\"tr_TR\" \/>\n<meta property=\"og:type\" content=\"article\" \/>\n<meta property=\"og:title\" content=\"Hasipo\u011flu, AKPA\u2019da K\u0131br\u0131s T\u00fcrk gen\u00e7li\u011fine y\u00f6nelik spor ambargosunu g\u00fcndeme getirdi -\" \/>\n<meta property=\"og:description\" content=\"Avrupa Konseyi Parlamenterler Asamblesinin (AKPA)\u00a0Komite toplant\u0131lar\u0131na kat\u0131lan UBP Milletvekili O\u011fuzhan Hasipo\u011flu, K\u00fclt\u00fcr, Bilim, E\u011fitim\u00a0ve Medya Komisyonu toplant\u0131s\u0131nda, KKTC gen\u00e7li\u011fine uygulanan ambargolar hakk\u0131nda bir konu\u015fma yapt\u0131.\u00a0 Rap\u00f6rt\u00f6rl\u00fc\u011f\u00fcn\u00fc Romen milletvekili Denisa Neagu\u2019nun yapt\u0131\u011f\u0131 Olimpiyatlar\u0131n Bar\u0131\u015f s\u00fcrecine etkisi ve \u201csporun ba\u011f\u0131ms\u0131zl\u0131\u011f\u0131 spor de\u011ferlerine hizmet edip etmedi\u011fi\u201d konusundaki toplant\u0131da, \u00f6zel olarak davet edilen Frans\u0131z Olimpiyat Komitesi Ba\u015fkan\u0131 Jean Pierre\" \/>\n<meta property=\"og:url\" content=\"https:\/\/kibrisdakik.com\/?p=35111\" \/>\n<meta property=\"article:published_time\" content=\"2024-03-21T19:19:53+00:00\" \/>\n<meta property=\"og:image\" content=\"https:\/\/kibrisdakik.com\/wp-content\/uploads\/2024\/03\/InShot_20240321_210937904-scaled-740x420.jpg\" \/>\n\t<meta property=\"og:image:width\" content=\"2560\" \/>\n\t<meta property=\"og:image:height\" content=\"1439\" \/>\n\t<meta property=\"og:image:type\" content=\"image\/jpeg\" \/>\n<meta name=\"author\" content=\"admin\" \/>\n<meta name=\"twitter:card\" content=\"summary_large_image\" \/>\n<meta name=\"twitter:label1\" content=\"Yazan:\" \/>\n\t<meta name=\"twitter:data1\" content=\"admin\" \/>\n\t<meta name=\"twitter:label2\" content=\"Tahmini okuma s\u00fcresi\" \/>\n\t<meta name=\"twitter:data2\" content=\"3 dakika\" \/>\n<script type=\"application\/ld+json\" class=\"yoast-schema-graph\">{\"@context\":\"https:\\\/\\\/schema.org\",\"@graph\":[{\"@type\":\"Article\",\"@id\":\"https:\\\/\\\/kibrisdakik.com\\\/?p=35111#article\",\"isPartOf\":{\"@id\":\"https:\\\/\\\/kibrisdakik.com\\\/?p=35111\"},\"author\":{\"name\":\"admin\",\"@id\":\"https:\\\/\\\/kibrisdakik.com\\\/#\\\/schema\\\/person\\\/9cd9d437bbb44f72b73ba127e06d8e79\"},\"headline\":\"Hasipo\u011flu, AKPA\u2019da K\u0131br\u0131s T\u00fcrk gen\u00e7li\u011fine y\u00f6nelik spor ambargosunu g\u00fcndeme getirdi\",\"datePublished\":\"2024-03-21T19:19:53+00:00\",\"mainEntityOfPage\":{\"@id\":\"https:\\\/\\\/kibrisdakik.com\\\/?p=35111\"},\"wordCount\":562,\"commentCount\":0,\"publisher\":{\"@id\":\"https:\\\/\\\/kibrisdakik.com\\\/#organization\"},\"image\":{\"@id\":\"https:\\\/\\\/kibrisdakik.com\\\/?p=35111#primaryimage\"},\"thumbnailUrl\":\"https:\\\/\\\/kibrisdakik.com\\\/wp-content\\\/uploads\\\/2024\\\/03\\\/InShot_20240321_210937904-scaled-740x420.jpg\",\"articleSection\":[\"G\u00fcndem\"],\"inLanguage\":\"tr\",\"potentialAction\":[{\"@type\":\"CommentAction\",\"name\":\"Comment\",\"target\":[\"https:\\\/\\\/kibrisdakik.com\\\/?p=35111#respond\"]}]},{\"@type\":\"WebPage\",\"@id\":\"https:\\\/\\\/kibrisdakik.com\\\/?p=35111\",\"url\":\"https:\\\/\\\/kibrisdakik.com\\\/?p=35111\",\"name\":\"Hasipo\u011flu, AKPA\u2019da K\u0131br\u0131s T\u00fcrk gen\u00e7li\u011fine y\u00f6nelik spor ambargosunu g\u00fcndeme getirdi -\",\"isPartOf\":{\"@id\":\"https:\\\/\\\/kibrisdakik.com\\\/#website\"},\"primaryImageOfPage\":{\"@id\":\"https:\\\/\\\/kibrisdakik.com\\\/?p=35111#primaryimage\"},\"image\":{\"@id\":\"https:\\\/\\\/kibrisdakik.com\\\/?p=35111#primaryimage\"},\"thumbnailUrl\":\"https:\\\/\\\/kibrisdakik.com\\\/wp-content\\\/uploads\\\/2024\\\/03\\\/InShot_20240321_210937904-scaled-740x420.jpg\",\"datePublished\":\"2024-03-21T19:19:53+00:00\",\"breadcrumb\":{\"@id\":\"https:\\\/\\\/kibrisdakik.com\\\/?p=35111#breadcrumb\"},\"inLanguage\":\"tr\",\"potentialAction\":[{\"@type\":\"ReadAction\",\"target\":[\"https:\\\/\\\/kibrisdakik.com\\\/?p=35111\"]}]},{\"@type\":\"ImageObject\",\"inLanguage\":\"tr\",\"@id\":\"https:\\\/\\\/kibrisdakik.com\\\/?p=35111#primaryimage\",\"url\":\"https:\\\/\\\/kibrisdakik.com\\\/wp-content\\\/uploads\\\/2024\\\/03\\\/InShot_20240321_210937904-scaled-740x420.jpg\",\"contentUrl\":\"https:\\\/\\\/kibrisdakik.com\\\/wp-content\\\/uploads\\\/2024\\\/03\\\/InShot_20240321_210937904-scaled-740x420.jpg\",\"width\":2560,\"height\":1439},{\"@type\":\"BreadcrumbList\",\"@id\":\"https:\\\/\\\/kibrisdakik.com\\\/?p=35111#breadcrumb\",\"itemListElement\":[{\"@type\":\"ListItem\",\"position\":1,\"name\":\"Home\",\"item\":\"https:\\\/\\\/kibrisdakik.com\\\/\"},{\"@type\":\"ListItem\",\"position\":2,\"name\":\"Hasipo\u011flu, AKPA\u2019da K\u0131br\u0131s T\u00fcrk gen\u00e7li\u011fine y\u00f6nelik spor ambargosunu g\u00fcndeme getirdi\"}]},{\"@type\":\"WebSite\",\"@id\":\"https:\\\/\\\/kibrisdakik.com\\\/#website\",\"url\":\"https:\\\/\\\/kibrisdakik.com\\\/\",\"name\":\"K\u0131br\u0131s Dakik\",\"description\":\"Tam vaktinde haber\",\"publisher\":{\"@id\":\"https:\\\/\\\/kibrisdakik.com\\\/#organization\"},\"potentialAction\":[{\"@type\":\"SearchAction\",\"target\":{\"@type\":\"EntryPoint\",\"urlTemplate\":\"https:\\\/\\\/kibrisdakik.com\\\/?s={search_term_string}\"},\"query-input\":{\"@type\":\"PropertyValueSpecification\",\"valueRequired\":true,\"valueName\":\"search_term_string\"}}],\"inLanguage\":\"tr\"},{\"@type\":\"Organization\",\"@id\":\"https:\\\/\\\/kibrisdakik.com\\\/#organization\",\"name\":\"K\u0131br\u0131s Dakik\",\"url\":\"https:\\\/\\\/kibrisdakik.com\\\/\",\"logo\":{\"@type\":\"ImageObject\",\"inLanguage\":\"tr\",\"@id\":\"https:\\\/\\\/kibrisdakik.com\\\/#\\\/schema\\\/logo\\\/image\\\/\",\"url\":\"https:\\\/\\\/kibrisdakik.com\\\/wp-content\\\/uploads\\\/2025\\\/10\\\/cropped-WhatsApp-Image-2025-10-02-at-12.58.31.jpeg\",\"contentUrl\":\"https:\\\/\\\/kibrisdakik.com\\\/wp-content\\\/uploads\\\/2025\\\/10\\\/cropped-WhatsApp-Image-2025-10-02-at-12.58.31.jpeg\",\"width\":1237,\"height\":190,\"caption\":\"K\u0131br\u0131s Dakik\"},\"image\":{\"@id\":\"https:\\\/\\\/kibrisdakik.com\\\/#\\\/schema\\\/logo\\\/image\\\/\"}},{\"@type\":\"Person\",\"@id\":\"https:\\\/\\\/kibrisdakik.com\\\/#\\\/schema\\\/person\\\/9cd9d437bbb44f72b73ba127e06d8e79\",\"name\":\"admin\",\"image\":{\"@type\":\"ImageObject\",\"inLanguage\":\"tr\",\"@id\":\"https:\\\/\\\/secure.gravatar.com\\\/avatar\\\/ccc17943b9d660506c869530f897617f7cb1c21a4bf30023f252596d83e1f007?s=96&d=mm&r=g\",\"url\":\"https:\\\/\\\/secure.gravatar.com\\\/avatar\\\/ccc17943b9d660506c869530f897617f7cb1c21a4bf30023f252596d83e1f007?s=96&d=mm&r=g\",\"contentUrl\":\"https:\\\/\\\/secure.gravatar.com\\\/avatar\\\/ccc17943b9d660506c869530f897617f7cb1c21a4bf30023f252596d83e1f007?s=96&d=mm&r=g\",\"caption\":\"admin\"},\"sameAs\":[\"https:\\\/\\\/kibrisdakik.com\"],\"url\":\"https:\\\/\\\/kibrisdakik.com\\\/?author=1\"}]}<\/script>\n<!-- \/ Yoast SEO plugin. -->","yoast_head_json":{"title":"Hasipo\u011flu, AKPA\u2019da K\u0131br\u0131s T\u00fcrk gen\u00e7li\u011fine y\u00f6nelik spor ambargosunu g\u00fcndeme getirdi -","robots":{"index":"index","follow":"follow","max-snippet":"max-snippet:-1","max-image-preview":"max-image-preview:large","max-video-preview":"max-video-preview:-1"},"canonical":"https:\/\/kibrisdakik.com\/?p=35111","og_locale":"tr_TR","og_type":"article","og_title":"Hasipo\u011flu, AKPA\u2019da K\u0131br\u0131s T\u00fcrk gen\u00e7li\u011fine y\u00f6nelik spor ambargosunu g\u00fcndeme getirdi -","og_description":"Avrupa Konseyi Parlamenterler Asamblesinin (AKPA)\u00a0Komite toplant\u0131lar\u0131na kat\u0131lan UBP Milletvekili O\u011fuzhan Hasipo\u011flu, K\u00fclt\u00fcr, Bilim, E\u011fitim\u00a0ve Medya Komisyonu toplant\u0131s\u0131nda, KKTC gen\u00e7li\u011fine uygulanan ambargolar hakk\u0131nda bir konu\u015fma yapt\u0131.\u00a0 Rap\u00f6rt\u00f6rl\u00fc\u011f\u00fcn\u00fc Romen milletvekili Denisa Neagu\u2019nun yapt\u0131\u011f\u0131 Olimpiyatlar\u0131n Bar\u0131\u015f s\u00fcrecine etkisi ve \u201csporun ba\u011f\u0131ms\u0131zl\u0131\u011f\u0131 spor de\u011ferlerine hizmet edip etmedi\u011fi\u201d konusundaki toplant\u0131da, \u00f6zel olarak davet edilen Frans\u0131z Olimpiyat Komitesi Ba\u015fkan\u0131 Jean Pierre","og_url":"https:\/\/kibrisdakik.com\/?p=35111","article_published_time":"2024-03-21T19:19:53+00:00","og_image":[{"width":2560,"height":1439,"url":"https:\/\/kibrisdakik.com\/wp-content\/uploads\/2024\/03\/InShot_20240321_210937904-scaled-740x420.jpg","type":"image\/jpeg"}],"author":"admin","twitter_card":"summary_large_image","twitter_misc":{"Yazan:":"admin","Tahmini okuma s\u00fcresi":"3 dakika"},"schema":{"@context":"https:\/\/schema.org","@graph":[{"@type":"Article","@id":"https:\/\/kibrisdakik.com\/?p=35111#article","isPartOf":{"@id":"https:\/\/kibrisdakik.com\/?p=35111"},"author":{"name":"admin","@id":"https:\/\/kibrisdakik.com\/#\/schema\/person\/9cd9d437bbb44f72b73ba127e06d8e79"},"headline":"Hasipo\u011flu, AKPA\u2019da K\u0131br\u0131s T\u00fcrk gen\u00e7li\u011fine y\u00f6nelik spor ambargosunu g\u00fcndeme getirdi","datePublished":"2024-03-21T19:19:53+00:00","mainEntityOfPage":{"@id":"https:\/\/kibrisdakik.com\/?p=35111"},"wordCount":562,"commentCount":0,"publisher":{"@id":"https:\/\/kibrisdakik.com\/#organization"},"image":{"@id":"https:\/\/kibrisdakik.com\/?p=35111#primaryimage"},"thumbnailUrl":"https:\/\/kibrisdakik.com\/wp-content\/uploads\/2024\/03\/InShot_20240321_210937904-scaled-740x420.jpg","articleSection":["G\u00fcndem"],"inLanguage":"tr","potentialAction":[{"@type":"CommentAction","name":"Comment","target":["https:\/\/kibrisdakik.com\/?p=35111#respond"]}]},{"@type":"WebPage","@id":"https:\/\/kibrisdakik.com\/?p=35111","url":"https:\/\/kibrisdakik.com\/?p=35111","name":"Hasipo\u011flu, AKPA\u2019da K\u0131br\u0131s T\u00fcrk gen\u00e7li\u011fine y\u00f6nelik spor ambargosunu g\u00fcndeme getirdi -","isPartOf":{"@id":"https:\/\/kibrisdakik.com\/#website"},"primaryImageOfPage":{"@id":"https:\/\/kibrisdakik.com\/?p=35111#primaryimage"},"image":{"@id":"https:\/\/kibrisdakik.com\/?p=35111#primaryimage"},"thumbnailUrl":"https:\/\/kibrisdakik.com\/wp-content\/uploads\/2024\/03\/InShot_20240321_210937904-scaled-740x420.jpg","datePublished":"2024-03-21T19:19:53+00:00","breadcrumb":{"@id":"https:\/\/kibrisdakik.com\/?p=35111#breadcrumb"},"inLanguage":"tr","potentialAction":[{"@type":"ReadAction","target":["https:\/\/kibrisdakik.com\/?p=35111"]}]},{"@type":"ImageObject","inLanguage":"tr","@id":"https:\/\/kibrisdakik.com\/?p=35111#primaryimage","url":"https:\/\/kibrisdakik.com\/wp-content\/uploads\/2024\/03\/InShot_20240321_210937904-scaled-740x420.jpg","contentUrl":"https:\/\/kibrisdakik.com\/wp-content\/uploads\/2024\/03\/InShot_20240321_210937904-scaled-740x420.jpg","width":2560,"height":1439},{"@type":"BreadcrumbList","@id":"https:\/\/kibrisdakik.com\/?p=35111#breadcrumb","itemListElement":[{"@type":"ListItem","position":1,"name":"Home","item":"https:\/\/kibrisdakik.com\/"},{"@type":"ListItem","position":2,"name":"Hasipo\u011flu, AKPA\u2019da K\u0131br\u0131s T\u00fcrk gen\u00e7li\u011fine y\u00f6nelik spor ambargosunu g\u00fcndeme getirdi"}]},{"@type":"WebSite","@id":"https:\/\/kibrisdakik.com\/#website","url":"https:\/\/kibrisdakik.com\/","name":"K\u0131br\u0131s Dakik","description":"Tam vaktinde haber","publisher":{"@id":"https:\/\/kibrisdakik.com\/#organization"},"potentialAction":[{"@type":"SearchAction","target":{"@type":"EntryPoint","urlTemplate":"https:\/\/kibrisdakik.com\/?s={search_term_string}"},"query-input":{"@type":"PropertyValueSpecification","valueRequired":true,"valueName":"search_term_string"}}],"inLanguage":"tr"},{"@type":"Organization","@id":"https:\/\/kibrisdakik.com\/#organization","name":"K\u0131br\u0131s Dakik","url":"https:\/\/kibrisdakik.com\/","logo":{"@type":"ImageObject","inLanguage":"tr","@id":"https:\/\/kibrisdakik.com\/#\/schema\/logo\/image\/","url":"https:\/\/kibrisdakik.com\/wp-content\/uploads\/2025\/10\/cropped-WhatsApp-Image-2025-10-02-at-12.58.31.jpeg","contentUrl":"https:\/\/kibrisdakik.com\/wp-content\/uploads\/2025\/10\/cropped-WhatsApp-Image-2025-10-02-at-12.58.31.jpeg","width":1237,"height":190,"caption":"K\u0131br\u0131s Dakik"},"image":{"@id":"https:\/\/kibrisdakik.com\/#\/schema\/logo\/image\/"}},{"@type":"Person","@id":"https:\/\/kibrisdakik.com\/#\/schema\/person\/9cd9d437bbb44f72b73ba127e06d8e79","name":"admin","image":{"@type":"ImageObject","inLanguage":"tr","@id":"https:\/\/secure.gravatar.com\/avatar\/ccc17943b9d660506c869530f897617f7cb1c21a4bf30023f252596d83e1f007?s=96&d=mm&r=g","url":"https:\/\/secure.gravatar.com\/avatar\/ccc17943b9d660506c869530f897617f7cb1c21a4bf30023f252596d83e1f007?s=96&d=mm&r=g","contentUrl":"https:\/\/secure.gravatar.com\/avatar\/ccc17943b9d660506c869530f897617f7cb1c21a4bf30023f252596d83e1f007?s=96&d=mm&r=g","caption":"admin"},"sameAs":["https:\/\/kibrisdakik.com"],"url":"https:\/\/kibrisdakik.com\/?author=1"}]}},"_links":{"self":[{"href":"https:\/\/kibrisdakik.com\/index.php?rest_route=\/wp\/v2\/posts\/35111","targetHints":{"allow":["GET"]}}],"collection":[{"href":"https:\/\/kibrisdakik.com\/index.php?rest_route=\/wp\/v2\/posts"}],"about":[{"href":"https:\/\/kibrisdakik.com\/index.php?rest_route=\/wp\/v2\/types\/post"}],"author":[{"embeddable":true,"href":"https:\/\/kibrisdakik.com\/index.php?rest_route=\/wp\/v2\/users\/1"}],"replies":[{"embeddable":true,"href":"https:\/\/kibrisdakik.com\/index.php?rest_route=%2Fwp%2Fv2%2Fcomments&post=35111"}],"version-history":[{"count":0,"href":"https:\/\/kibrisdakik.com\/index.php?rest_route=\/wp\/v2\/posts\/35111\/revisions"}],"wp:featuredmedia":[{"embeddable":true,"href":"https:\/\/kibrisdakik.com\/index.php?rest_route=\/wp\/v2\/media\/35112"}],"wp:attachment":[{"href":"https:\/\/kibrisdakik.com\/index.php?rest_route=%2Fwp%2Fv2%2Fmedia&parent=35111"}],"wp:term":[{"taxonomy":"category","embeddable":true,"href":"https:\/\/kibrisdakik.com\/index.php?rest_route=%2Fwp%2Fv2%2Fcategories&post=35111"},{"taxonomy":"post_tag","embeddable":true,"href":"https:\/\/kibrisdakik.com\/index.php?rest_route=%2Fwp%2Fv2%2Ftags&post=35111"}],"curies":[{"name":"wp","href":"https:\/\/api.w.org\/{rel}","templated":true}]}}