{"id":35136,"date":"2024-03-21T23:24:05","date_gmt":"2024-03-21T23:24:05","guid":{"rendered":"https:\/\/kibrisdakik.com\/index.php\/2024\/03\/21\/gazimagusa-belediye-baskani-ulucay-su-konusunda-ulkelerin-isbirligi-yapmasi-gerektigini-soyledi\/"},"modified":"2024-03-21T23:24:05","modified_gmt":"2024-03-21T23:24:05","slug":"gazimagusa-belediye-baskani-ulucay-su-konusunda-ulkelerin-isbirligi-yapmasi-gerektigini-soyledi","status":"publish","type":"post","link":"https:\/\/kibrisdakik.com\/?p=35136","title":{"rendered":"Gazima\u011fusa Belediye Ba\u015fkan\u0131 Ulu\u00e7ay su konusunda \u00fclkelerin i\u015fbirli\u011fi yapmas\u0131 gerekti\u011fini s\u00f6yledi"},"content":{"rendered":"<p><\/p>\n<div>\n<div class=\"mariselle-image-container center\">\n                <img loading=\"lazy\" decoding=\"async\" width=\"1600\" height=\"855\" class=\"lazy-image\" alt=\"\" sizes=\"auto, (max-width: 1600px) 100vw, 1600px\" src=\"https:\/\/brtk.net\/wp-content\/uploads\/2023\/01\/17\/suleyman-ulucay-1.jpg?ver=4001b3b5f3ccc48d7f073d4232fadd5b\" srcset=\"https:\/\/brtk.net\/wp-content\/uploads\/2023\/01\/17\/suleyman-ulucay-1.jpg?ver=4001b3b5f3ccc48d7f073d4232fadd5b 1600w, https:\/\/brtk.net\/wp-content\/uploads\/2023\/01\/17\/suleyman-ulucay-1-300x160.jpg?ver=4001b3b5f3ccc48d7f073d4232fadd5b 300w, https:\/\/brtk.net\/wp-content\/uploads\/2023\/01\/17\/suleyman-ulucay-1-1024x547.jpg?ver=4001b3b5f3ccc48d7f073d4232fadd5b 1024w, https:\/\/brtk.net\/wp-content\/uploads\/2023\/01\/17\/suleyman-ulucay-1-768x410.jpg?ver=ad6667eceff2f73ea155a32aa403b1d0 768w, https:\/\/brtk.net\/wp-content\/uploads\/2023\/01\/17\/suleyman-ulucay-1-1536x821.jpg?ver=ad6667eceff2f73ea155a32aa403b1d0 1536w\"\/>                            <\/div>\n<p>Gazima\u011fusa Belediye Ba\u015fkan\u0131 Dr. S\u00fcleyman Ulu\u00e7ay, D\u00fcnya Su G\u00fcn\u00fc dolay\u0131s\u0131 yay\u0131mlad\u0131\u011f\u0131 mesajda, su konusunda \u00fclkeler aras\u0131 i\u015fbirli\u011finin artmas\u0131 gerekti\u011fini belirtti.<\/p>\n<p>Ulu\u00e7ay mesaj\u0131nda D\u00fcnya Su G\u00fcn\u00fc\u2019n\u00fcn 2024 y\u0131l\u0131 temas\u0131n\u0131n \u201cBar\u0131\u015f \u0130\u00e7in Sudan Faydalanmak\u201d olarak belirlendi\u011fine i\u015faret ederek suyun \u00fclkeler aras\u0131nda uyumu te\u015fvik etme ve \u00e7at\u0131\u015fmay\u0131 \u00f6nlemede \u00f6nemli rol oynayabilece\u011fini kaydetti.<\/p>\n<p>Suya eri\u015fimin dengeli olmad\u0131\u011f\u0131 yerlerde su kaynaklar\u0131n\u0131n topluluklar aras\u0131nda \u00e7at\u0131\u015fma ve gerilim arac\u0131 olabilece\u011fini de kaydeden Ulu\u00e7ay, \u00fclkelerin suda i\u015fbirli\u011finin toplum genelinde refah\u0131, krizlere kar\u015f\u0131 dayan\u0131kl\u0131l\u0131\u011f\u0131 art\u0131rd\u0131\u011f\u0131n\u0131 kaydetti.<\/p>\n<p>Birle\u015fmi\u015f Milletlerin suda i\u015fbirli\u011fi yapan \u00fclkeler konusundaki rakamlar\u0131n\u0131n endi\u015fe verici oldu\u011funu kaydeden Ulu\u00e7am, \u201cNehirleri, g\u00f6lleri ve yeralt\u0131 sular\u0131n\u0131 kom\u015fular\u0131yla payla\u015fan yaln\u0131zca 24 \u00fclkenin su kaynaklar\u0131 konusunda \u00e7ok tarafl\u0131 i\u015f birli\u011fi anla\u015fmas\u0131 var. Bu nedenle iklim de\u011fi\u015fikli\u011finin artan etkileriyle birlikte, d\u00fcnyan\u0131n en \u00f6nemli do\u011fal kayna\u011f\u0131n\u0131 korumak i\u00e7in \u00fclkeler aras\u0131ndaki birli\u011fi te\u015fvik edilmesi gerekiyor.\u201d dedi.<\/p>\n<p>Milyarlarca insan\u0131n hala sa\u011fl\u0131kl\u0131 suya eri\u015fiminin bulunmad\u0131\u011f\u0131n\u0131 kaydeden Ulu\u00e7ay, \u201cSu kaynaklar\u0131m\u0131z\u0131 art\u0131r\u0131p korumak i\u00e7in hepimiz duyarl\u0131 davranarak \u00fczerimize d\u00fc\u015fenleri yerine getirmeliyiz.\u201d dedi.<\/p>\n<\/p><\/div>\n<p><script async\n                    defer\n                    crossorigin=\"anonymous\"\n                    src=\"https:\/\/connect.facebook.net\/tr_TR\/sdk.js#xfbml=1&#038;version=v3.3\"\n            ><\/script><\/p>\n","protected":false},"excerpt":{"rendered":"<p>Gazima\u011fusa Belediye Ba\u015fkan\u0131 Dr. S\u00fcleyman Ulu\u00e7ay, D\u00fcnya Su G\u00fcn\u00fc dolay\u0131s\u0131 yay\u0131mlad\u0131\u011f\u0131 mesajda, su konusunda \u00fclkeler aras\u0131 i\u015fbirli\u011finin artmas\u0131 gerekti\u011fini belirtti. Ulu\u00e7ay mesaj\u0131nda D\u00fcnya Su G\u00fcn\u00fc\u2019n\u00fcn 2024 y\u0131l\u0131 temas\u0131n\u0131n \u201cBar\u0131\u015f \u0130\u00e7in Sudan Faydalanmak\u201d olarak belirlendi\u011fine i\u015faret ederek suyun \u00fclkeler aras\u0131nda uyumu te\u015fvik etme ve \u00e7at\u0131\u015fmay\u0131 \u00f6nlemede \u00f6nemli rol oynayabilece\u011fini kaydetti. Suya eri\u015fimin dengeli olmad\u0131\u011f\u0131 yerlerde su<\/p>\n","protected":false},"author":1,"featured_media":35137,"comment_status":"open","ping_status":"open","sticky":false,"template":"","format":"standard","meta":{"footnotes":""},"categories":[1],"tags":[],"class_list":["post-35136","post","type-post","status-publish","format-standard","has-post-thumbnail","hentry","category-gundem"],"yoast_head":"<!-- This site is optimized with the Yoast SEO plugin v27.5 - https:\/\/yoast.com\/product\/yoast-seo-wordpress\/ -->\n<title>Gazima\u011fusa Belediye Ba\u015fkan\u0131 Ulu\u00e7ay su konusunda \u00fclkelerin i\u015fbirli\u011fi yapmas\u0131 gerekti\u011fini s\u00f6yledi -<\/title>\n<meta name=\"robots\" content=\"index, follow, max-snippet:-1, max-image-preview:large, max-video-preview:-1\" \/>\n<link rel=\"canonical\" href=\"https:\/\/kibrisdakik.com\/?p=35136\" \/>\n<meta property=\"og:locale\" content=\"tr_TR\" \/>\n<meta property=\"og:type\" content=\"article\" \/>\n<meta property=\"og:title\" content=\"Gazima\u011fusa Belediye Ba\u015fkan\u0131 Ulu\u00e7ay su konusunda \u00fclkelerin i\u015fbirli\u011fi yapmas\u0131 gerekti\u011fini s\u00f6yledi -\" \/>\n<meta property=\"og:description\" content=\"Gazima\u011fusa Belediye Ba\u015fkan\u0131 Dr. S\u00fcleyman Ulu\u00e7ay, D\u00fcnya Su G\u00fcn\u00fc dolay\u0131s\u0131 yay\u0131mlad\u0131\u011f\u0131 mesajda, su konusunda \u00fclkeler aras\u0131 i\u015fbirli\u011finin artmas\u0131 gerekti\u011fini belirtti. Ulu\u00e7ay mesaj\u0131nda D\u00fcnya Su G\u00fcn\u00fc\u2019n\u00fcn 2024 y\u0131l\u0131 temas\u0131n\u0131n \u201cBar\u0131\u015f \u0130\u00e7in Sudan Faydalanmak\u201d olarak belirlendi\u011fine i\u015faret ederek suyun \u00fclkeler aras\u0131nda uyumu te\u015fvik etme ve \u00e7at\u0131\u015fmay\u0131 \u00f6nlemede \u00f6nemli rol oynayabilece\u011fini kaydetti. Suya eri\u015fimin dengeli olmad\u0131\u011f\u0131 yerlerde su\" \/>\n<meta property=\"og:url\" content=\"https:\/\/kibrisdakik.com\/?p=35136\" \/>\n<meta property=\"article:published_time\" content=\"2024-03-21T23:24:05+00:00\" \/>\n<meta property=\"og:image\" content=\"https:\/\/kibrisdakik.com\/wp-content\/uploads\/2024\/03\/suleyman-ulucay-1-740x420.jpg\" \/>\n\t<meta property=\"og:image:width\" content=\"1600\" \/>\n\t<meta property=\"og:image:height\" content=\"855\" \/>\n\t<meta property=\"og:image:type\" content=\"image\/jpeg\" \/>\n<meta name=\"author\" content=\"admin\" \/>\n<meta name=\"twitter:card\" content=\"summary_large_image\" \/>\n<meta name=\"twitter:label1\" content=\"Yazan:\" \/>\n\t<meta name=\"twitter:data1\" content=\"admin\" \/>\n\t<meta name=\"twitter:label2\" content=\"Tahmini okuma s\u00fcresi\" \/>\n\t<meta name=\"twitter:data2\" content=\"1 dakika\" \/>\n<script type=\"application\/ld+json\" class=\"yoast-schema-graph\">{\"@context\":\"https:\\\/\\\/schema.org\",\"@graph\":[{\"@type\":\"Article\",\"@id\":\"https:\\\/\\\/kibrisdakik.com\\\/?p=35136#article\",\"isPartOf\":{\"@id\":\"https:\\\/\\\/kibrisdakik.com\\\/?p=35136\"},\"author\":{\"name\":\"admin\",\"@id\":\"https:\\\/\\\/kibrisdakik.com\\\/#\\\/schema\\\/person\\\/9cd9d437bbb44f72b73ba127e06d8e79\"},\"headline\":\"Gazima\u011fusa Belediye Ba\u015fkan\u0131 Ulu\u00e7ay su konusunda \u00fclkelerin i\u015fbirli\u011fi yapmas\u0131 gerekti\u011fini s\u00f6yledi\",\"datePublished\":\"2024-03-21T23:24:05+00:00\",\"mainEntityOfPage\":{\"@id\":\"https:\\\/\\\/kibrisdakik.com\\\/?p=35136\"},\"wordCount\":246,\"commentCount\":0,\"image\":{\"@id\":\"https:\\\/\\\/kibrisdakik.com\\\/?p=35136#primaryimage\"},\"thumbnailUrl\":\"https:\\\/\\\/kibrisdakik.com\\\/wp-content\\\/uploads\\\/2024\\\/03\\\/suleyman-ulucay-1-740x420.jpg\",\"articleSection\":[\"G\u00fcndem\"],\"inLanguage\":\"tr\",\"potentialAction\":[{\"@type\":\"CommentAction\",\"name\":\"Comment\",\"target\":[\"https:\\\/\\\/kibrisdakik.com\\\/?p=35136#respond\"]}]},{\"@type\":\"WebPage\",\"@id\":\"https:\\\/\\\/kibrisdakik.com\\\/?p=35136\",\"url\":\"https:\\\/\\\/kibrisdakik.com\\\/?p=35136\",\"name\":\"Gazima\u011fusa Belediye Ba\u015fkan\u0131 Ulu\u00e7ay su konusunda \u00fclkelerin i\u015fbirli\u011fi yapmas\u0131 gerekti\u011fini s\u00f6yledi -\",\"isPartOf\":{\"@id\":\"https:\\\/\\\/kibrisdakik.com\\\/#website\"},\"primaryImageOfPage\":{\"@id\":\"https:\\\/\\\/kibrisdakik.com\\\/?p=35136#primaryimage\"},\"image\":{\"@id\":\"https:\\\/\\\/kibrisdakik.com\\\/?p=35136#primaryimage\"},\"thumbnailUrl\":\"https:\\\/\\\/kibrisdakik.com\\\/wp-content\\\/uploads\\\/2024\\\/03\\\/suleyman-ulucay-1-740x420.jpg\",\"datePublished\":\"2024-03-21T23:24:05+00:00\",\"author\":{\"@id\":\"https:\\\/\\\/kibrisdakik.com\\\/#\\\/schema\\\/person\\\/9cd9d437bbb44f72b73ba127e06d8e79\"},\"breadcrumb\":{\"@id\":\"https:\\\/\\\/kibrisdakik.com\\\/?p=35136#breadcrumb\"},\"inLanguage\":\"tr\",\"potentialAction\":[{\"@type\":\"ReadAction\",\"target\":[\"https:\\\/\\\/kibrisdakik.com\\\/?p=35136\"]}]},{\"@type\":\"ImageObject\",\"inLanguage\":\"tr\",\"@id\":\"https:\\\/\\\/kibrisdakik.com\\\/?p=35136#primaryimage\",\"url\":\"https:\\\/\\\/kibrisdakik.com\\\/wp-content\\\/uploads\\\/2024\\\/03\\\/suleyman-ulucay-1-740x420.jpg\",\"contentUrl\":\"https:\\\/\\\/kibrisdakik.com\\\/wp-content\\\/uploads\\\/2024\\\/03\\\/suleyman-ulucay-1-740x420.jpg\",\"width\":1600,\"height\":855},{\"@type\":\"BreadcrumbList\",\"@id\":\"https:\\\/\\\/kibrisdakik.com\\\/?p=35136#breadcrumb\",\"itemListElement\":[{\"@type\":\"ListItem\",\"position\":1,\"name\":\"Home\",\"item\":\"https:\\\/\\\/kibrisdakik.com\\\/\"},{\"@type\":\"ListItem\",\"position\":2,\"name\":\"Gazima\u011fusa Belediye Ba\u015fkan\u0131 Ulu\u00e7ay su konusunda \u00fclkelerin i\u015fbirli\u011fi yapmas\u0131 gerekti\u011fini s\u00f6yledi\"}]},{\"@type\":\"WebSite\",\"@id\":\"https:\\\/\\\/kibrisdakik.com\\\/#website\",\"url\":\"https:\\\/\\\/kibrisdakik.com\\\/\",\"name\":\"\",\"description\":\"Tam vaktinde haber\",\"potentialAction\":[{\"@type\":\"SearchAction\",\"target\":{\"@type\":\"EntryPoint\",\"urlTemplate\":\"https:\\\/\\\/kibrisdakik.com\\\/?s={search_term_string}\"},\"query-input\":{\"@type\":\"PropertyValueSpecification\",\"valueRequired\":true,\"valueName\":\"search_term_string\"}}],\"inLanguage\":\"tr\"},{\"@type\":\"Person\",\"@id\":\"https:\\\/\\\/kibrisdakik.com\\\/#\\\/schema\\\/person\\\/9cd9d437bbb44f72b73ba127e06d8e79\",\"name\":\"admin\",\"image\":{\"@type\":\"ImageObject\",\"inLanguage\":\"tr\",\"@id\":\"https:\\\/\\\/secure.gravatar.com\\\/avatar\\\/ccc17943b9d660506c869530f897617f7cb1c21a4bf30023f252596d83e1f007?s=96&d=mm&r=g\",\"url\":\"https:\\\/\\\/secure.gravatar.com\\\/avatar\\\/ccc17943b9d660506c869530f897617f7cb1c21a4bf30023f252596d83e1f007?s=96&d=mm&r=g\",\"contentUrl\":\"https:\\\/\\\/secure.gravatar.com\\\/avatar\\\/ccc17943b9d660506c869530f897617f7cb1c21a4bf30023f252596d83e1f007?s=96&d=mm&r=g\",\"caption\":\"admin\"},\"sameAs\":[\"https:\\\/\\\/kibrisdakik.com\"],\"url\":\"https:\\\/\\\/kibrisdakik.com\\\/?author=1\"}]}<\/script>\n<!-- \/ Yoast SEO plugin. -->","yoast_head_json":{"title":"Gazima\u011fusa Belediye Ba\u015fkan\u0131 Ulu\u00e7ay su konusunda \u00fclkelerin i\u015fbirli\u011fi yapmas\u0131 gerekti\u011fini s\u00f6yledi -","robots":{"index":"index","follow":"follow","max-snippet":"max-snippet:-1","max-image-preview":"max-image-preview:large","max-video-preview":"max-video-preview:-1"},"canonical":"https:\/\/kibrisdakik.com\/?p=35136","og_locale":"tr_TR","og_type":"article","og_title":"Gazima\u011fusa Belediye Ba\u015fkan\u0131 Ulu\u00e7ay su konusunda \u00fclkelerin i\u015fbirli\u011fi yapmas\u0131 gerekti\u011fini s\u00f6yledi -","og_description":"Gazima\u011fusa Belediye Ba\u015fkan\u0131 Dr. S\u00fcleyman Ulu\u00e7ay, D\u00fcnya Su G\u00fcn\u00fc dolay\u0131s\u0131 yay\u0131mlad\u0131\u011f\u0131 mesajda, su konusunda \u00fclkeler aras\u0131 i\u015fbirli\u011finin artmas\u0131 gerekti\u011fini belirtti. Ulu\u00e7ay mesaj\u0131nda D\u00fcnya Su G\u00fcn\u00fc\u2019n\u00fcn 2024 y\u0131l\u0131 temas\u0131n\u0131n \u201cBar\u0131\u015f \u0130\u00e7in Sudan Faydalanmak\u201d olarak belirlendi\u011fine i\u015faret ederek suyun \u00fclkeler aras\u0131nda uyumu te\u015fvik etme ve \u00e7at\u0131\u015fmay\u0131 \u00f6nlemede \u00f6nemli rol oynayabilece\u011fini kaydetti. Suya eri\u015fimin dengeli olmad\u0131\u011f\u0131 yerlerde su","og_url":"https:\/\/kibrisdakik.com\/?p=35136","article_published_time":"2024-03-21T23:24:05+00:00","og_image":[{"width":1600,"height":855,"url":"https:\/\/kibrisdakik.com\/wp-content\/uploads\/2024\/03\/suleyman-ulucay-1-740x420.jpg","type":"image\/jpeg"}],"author":"admin","twitter_card":"summary_large_image","twitter_misc":{"Yazan:":"admin","Tahmini okuma s\u00fcresi":"1 dakika"},"schema":{"@context":"https:\/\/schema.org","@graph":[{"@type":"Article","@id":"https:\/\/kibrisdakik.com\/?p=35136#article","isPartOf":{"@id":"https:\/\/kibrisdakik.com\/?p=35136"},"author":{"name":"admin","@id":"https:\/\/kibrisdakik.com\/#\/schema\/person\/9cd9d437bbb44f72b73ba127e06d8e79"},"headline":"Gazima\u011fusa Belediye Ba\u015fkan\u0131 Ulu\u00e7ay su konusunda \u00fclkelerin i\u015fbirli\u011fi yapmas\u0131 gerekti\u011fini s\u00f6yledi","datePublished":"2024-03-21T23:24:05+00:00","mainEntityOfPage":{"@id":"https:\/\/kibrisdakik.com\/?p=35136"},"wordCount":246,"commentCount":0,"image":{"@id":"https:\/\/kibrisdakik.com\/?p=35136#primaryimage"},"thumbnailUrl":"https:\/\/kibrisdakik.com\/wp-content\/uploads\/2024\/03\/suleyman-ulucay-1-740x420.jpg","articleSection":["G\u00fcndem"],"inLanguage":"tr","potentialAction":[{"@type":"CommentAction","name":"Comment","target":["https:\/\/kibrisdakik.com\/?p=35136#respond"]}]},{"@type":"WebPage","@id":"https:\/\/kibrisdakik.com\/?p=35136","url":"https:\/\/kibrisdakik.com\/?p=35136","name":"Gazima\u011fusa Belediye Ba\u015fkan\u0131 Ulu\u00e7ay su konusunda \u00fclkelerin i\u015fbirli\u011fi yapmas\u0131 gerekti\u011fini s\u00f6yledi -","isPartOf":{"@id":"https:\/\/kibrisdakik.com\/#website"},"primaryImageOfPage":{"@id":"https:\/\/kibrisdakik.com\/?p=35136#primaryimage"},"image":{"@id":"https:\/\/kibrisdakik.com\/?p=35136#primaryimage"},"thumbnailUrl":"https:\/\/kibrisdakik.com\/wp-content\/uploads\/2024\/03\/suleyman-ulucay-1-740x420.jpg","datePublished":"2024-03-21T23:24:05+00:00","author":{"@id":"https:\/\/kibrisdakik.com\/#\/schema\/person\/9cd9d437bbb44f72b73ba127e06d8e79"},"breadcrumb":{"@id":"https:\/\/kibrisdakik.com\/?p=35136#breadcrumb"},"inLanguage":"tr","potentialAction":[{"@type":"ReadAction","target":["https:\/\/kibrisdakik.com\/?p=35136"]}]},{"@type":"ImageObject","inLanguage":"tr","@id":"https:\/\/kibrisdakik.com\/?p=35136#primaryimage","url":"https:\/\/kibrisdakik.com\/wp-content\/uploads\/2024\/03\/suleyman-ulucay-1-740x420.jpg","contentUrl":"https:\/\/kibrisdakik.com\/wp-content\/uploads\/2024\/03\/suleyman-ulucay-1-740x420.jpg","width":1600,"height":855},{"@type":"BreadcrumbList","@id":"https:\/\/kibrisdakik.com\/?p=35136#breadcrumb","itemListElement":[{"@type":"ListItem","position":1,"name":"Home","item":"https:\/\/kibrisdakik.com\/"},{"@type":"ListItem","position":2,"name":"Gazima\u011fusa Belediye Ba\u015fkan\u0131 Ulu\u00e7ay su konusunda \u00fclkelerin i\u015fbirli\u011fi yapmas\u0131 gerekti\u011fini s\u00f6yledi"}]},{"@type":"WebSite","@id":"https:\/\/kibrisdakik.com\/#website","url":"https:\/\/kibrisdakik.com\/","name":"","description":"Tam vaktinde haber","potentialAction":[{"@type":"SearchAction","target":{"@type":"EntryPoint","urlTemplate":"https:\/\/kibrisdakik.com\/?s={search_term_string}"},"query-input":{"@type":"PropertyValueSpecification","valueRequired":true,"valueName":"search_term_string"}}],"inLanguage":"tr"},{"@type":"Person","@id":"https:\/\/kibrisdakik.com\/#\/schema\/person\/9cd9d437bbb44f72b73ba127e06d8e79","name":"admin","image":{"@type":"ImageObject","inLanguage":"tr","@id":"https:\/\/secure.gravatar.com\/avatar\/ccc17943b9d660506c869530f897617f7cb1c21a4bf30023f252596d83e1f007?s=96&d=mm&r=g","url":"https:\/\/secure.gravatar.com\/avatar\/ccc17943b9d660506c869530f897617f7cb1c21a4bf30023f252596d83e1f007?s=96&d=mm&r=g","contentUrl":"https:\/\/secure.gravatar.com\/avatar\/ccc17943b9d660506c869530f897617f7cb1c21a4bf30023f252596d83e1f007?s=96&d=mm&r=g","caption":"admin"},"sameAs":["https:\/\/kibrisdakik.com"],"url":"https:\/\/kibrisdakik.com\/?author=1"}]}},"_links":{"self":[{"href":"https:\/\/kibrisdakik.com\/index.php?rest_route=\/wp\/v2\/posts\/35136","targetHints":{"allow":["GET"]}}],"collection":[{"href":"https:\/\/kibrisdakik.com\/index.php?rest_route=\/wp\/v2\/posts"}],"about":[{"href":"https:\/\/kibrisdakik.com\/index.php?rest_route=\/wp\/v2\/types\/post"}],"author":[{"embeddable":true,"href":"https:\/\/kibrisdakik.com\/index.php?rest_route=\/wp\/v2\/users\/1"}],"replies":[{"embeddable":true,"href":"https:\/\/kibrisdakik.com\/index.php?rest_route=%2Fwp%2Fv2%2Fcomments&post=35136"}],"version-history":[{"count":0,"href":"https:\/\/kibrisdakik.com\/index.php?rest_route=\/wp\/v2\/posts\/35136\/revisions"}],"wp:featuredmedia":[{"embeddable":true,"href":"https:\/\/kibrisdakik.com\/index.php?rest_route=\/wp\/v2\/media\/35137"}],"wp:attachment":[{"href":"https:\/\/kibrisdakik.com\/index.php?rest_route=%2Fwp%2Fv2%2Fmedia&parent=35136"}],"wp:term":[{"taxonomy":"category","embeddable":true,"href":"https:\/\/kibrisdakik.com\/index.php?rest_route=%2Fwp%2Fv2%2Fcategories&post=35136"},{"taxonomy":"post_tag","embeddable":true,"href":"https:\/\/kibrisdakik.com\/index.php?rest_route=%2Fwp%2Fv2%2Ftags&post=35136"}],"curies":[{"name":"wp","href":"https:\/\/api.w.org\/{rel}","templated":true}]}}