{"id":35144,"date":"2024-03-22T00:27:11","date_gmt":"2024-03-22T00:27:11","guid":{"rendered":"https:\/\/kibrisdakik.com\/index.php\/2024\/03\/22\/kamil-ozay-ilk-kitap-odullu-yarismasinin-odul-toreni-yapildi-2\/"},"modified":"2024-03-22T00:27:11","modified_gmt":"2024-03-22T00:27:11","slug":"kamil-ozay-ilk-kitap-odullu-yarismasinin-odul-toreni-yapildi-2","status":"publish","type":"post","link":"https:\/\/kibrisdakik.com\/?p=35144","title":{"rendered":"Kamil \u00d6zay \u0130lk Kitap \u00d6d\u00fcll\u00fc Yar\u0131\u015fmas\u0131\u2019n\u0131n \u00f6d\u00fcl t\u00f6reni yap\u0131ld\u0131"},"content":{"rendered":"<p><img decoding=\"async\" src=\"https:\/\/www.kibristurk.com\/images\/haberler\/2024\/03\/kamil-ozay-ilk-kitap-odullu-yarismasinin-odul-toreni-yapildi-1711042733.webp\" \/><\/p>\n<p style=\"text-align:left\"><span style=\"font-size:16px\"><span style=\"font-family:Merriweather,serif !important\"><span style=\"color:#000000\"><span style=\"background-color:#ffffff\"><span style=\"font-size:12pt\"><span style=\"font-family:Merriweather,serif !important\"><span style=\"color:#000000 !important\">Ba\u015fbakan Yard\u0131mc\u0131l\u0131\u011f\u0131 Turizm K\u00fclt\u00fcr Gen\u00e7lik ve \u00c7evre Bakanl\u0131\u011f\u0131na ba\u011fl\u0131 K\u00fclt\u00fcr Dairesinin, K\u0131br\u0131s T\u00fcrk Yazarlar Birli\u011fi i\u015f birli\u011finde, bu y\u0131l ilk kez \u015fair ve yazar Kamil \u00d6zay ad\u0131yla \u015fiir alan\u0131nda d\u00fczenledi\u011fi yar\u0131\u015fman\u0131n \u00f6d\u00fcl t\u00f6reni saat 16.00\u2019da \u0130smet Vehit G\u00fcney Sanat Merkezinde yer ald\u0131.<\/span><\/span><\/span><\/span><\/span><\/span><\/span><\/p>\n<p style=\"text-align:left\"><span style=\"font-size:16px\"><span style=\"font-family:Merriweather,serif !important\"><span style=\"color:#000000\"><span style=\"background-color:#ffffff\"><span style=\"font-size:12pt\"><span style=\"font-family:Merriweather,serif !important\"><span style=\"color:#000000 !important\">Se\u00e7ici Kurul \u00fcyeliklerini K\u00fclt\u00fcr Dairesi M\u00fcd\u00fcr\u00fc ve \u015eair \u015eirin Zaima\u011fao\u011flu, \u015eair Mehmet Kansu, Yak\u0131n Do\u011fu \u00d6\u011fretim \u00dcyesi ve K\u0131br\u0131s T\u00fcrk Yazarlar Birli\u011fi Ba\u015fkan\u0131 Prof. Dr. \u015eevket \u00d6znur, Yak\u0131n Do\u011fu \u00d6\u011fretim \u00dcyeleri Do\u00e7. Dr. Mustafa Yenias\u0131r ile Do\u00e7. Dr. Burak G\u00f6kbulut ve K\u0131br\u0131s Amerikan \u00dcniversitesi Do\u00e7. Dr. Turgay Akal\u0131n\u2019\u0131n yapt\u0131\u011f\u0131 yar\u0131\u015fmada; Zeray Uzuno\u011flu, Seval Unan ve Burak Erkut\u2019un \u00e7al\u0131\u015fmalar\u0131 mansiyonla \u00f6d\u00fcllendirildi.<\/span><\/span><\/span><\/span><\/span><\/span><\/span><\/p>\n<p style=\"text-align:left\"><span style=\"font-size:16px\"><span style=\"font-family:Merriweather,serif !important\"><span style=\"color:#000000\"><span style=\"background-color:#ffffff\"><span style=\"font-size:12pt\"><span style=\"font-family:Merriweather,serif !important\"><span style=\"color:#000000 !important\">K\u00fclt\u00fcr Dairesi sanat\u00e7\u0131lar\u0131n\u0131n sundu\u011fu m\u00fczik dinletisi ile ba\u015flayan t\u00f6ren, konu\u015fmalarla s\u00fcrd\u00fc.<\/span><\/span><\/span><\/span><\/span><\/span><\/span><\/p>\n<p style=\"text-align:left\"><span style=\"font-size:16px\"><span style=\"font-family:Merriweather,serif !important\"><span style=\"color:#000000\"><span style=\"background-color:#ffffff\"><span style=\"font-size:12pt\"><span style=\"font-family:Merriweather,serif !important\"><span style=\"color:#000000 !important\">-Atao\u011flu: \u201c\u201cGe\u00e7mi\u015fin gelecek nesillere aktar\u0131lmas\u0131 esas hedefimizdir\u201d<\/span><\/span><\/span><\/span><\/span><\/span><\/span><\/p>\n<p style=\"text-align:left\"><span style=\"font-size:16px\"><span style=\"font-family:Merriweather,serif !important\"><span style=\"color:#000000\"><span style=\"background-color:#ffffff\"><span style=\"font-size:12pt\"><span style=\"font-family:Merriweather,serif !important\"><span style=\"color:#000000 !important\">Ba\u015fbakan Yard\u0131mc\u0131s\u0131, Turizm K\u00fclt\u00fcr Gen\u00e7lik ve \u00c7evre Bakan\u0131 Fikri Atao\u011flu, \u00f6d\u00fcl t\u00f6reninde yapt\u0131\u011f\u0131 konu\u015fmas\u0131na Kamil \u00d6zay\u2019\u0131 sevgi ve sayg\u0131yla anarak ba\u015flad\u0131.<\/span><\/span><\/span><\/span><\/span><\/span><\/span><\/p>\n<p style=\"text-align:left\"><span style=\"font-size:16px\"><span style=\"font-family:Merriweather,serif !important\"><span style=\"color:#000000\"><span style=\"background-color:#ffffff\"><span style=\"font-size:12pt\"><span style=\"font-family:Merriweather,serif !important\"><span style=\"color:#000000 !important\">K\u00fclt\u00fcr Dairesinin ge\u00e7mi\u015fte bir\u00e7ok bakanl\u0131k \u00e7at\u0131s\u0131 alt\u0131nda yer ald\u0131\u011f\u0131n\u0131 an\u0131msatan Atao\u011flu, Daire\u2019nin kendi bakanl\u0131\u011f\u0131 uhdesine geldi\u011fi andan itibaren yapmas\u0131 gerekeni yapt\u0131\u011f\u0131n\u0131 anlatt\u0131.<\/span><\/span><\/span><\/span><\/span><\/span><\/span><\/p>\n<p style=\"text-align:left\"><span style=\"font-size:16px\"><span style=\"font-family:Merriweather,serif !important\"><span style=\"color:#000000\"><span style=\"background-color:#ffffff\"><span style=\"font-size:12pt\"><span style=\"font-family:Merriweather,serif !important\"><span style=\"color:#000000 !important\">Bug\u00fcn her il\u00e7ede m\u00fcze a\u00e7t\u0131klar\u0131n\u0131 kaydeden Atao\u011flu, Lefko\u015fa\u2019n\u0131n daha b\u00fcy\u00fck bir m\u00fczeye ihtiya\u00e7 duydu\u011funu s\u00f6yleyerek Karayollar\u0131 Dairesi binas\u0131n\u0131 m\u00fcze haline getirmeyi hedeflediklerini belirtti.<\/span><\/span><\/span><\/span><\/span><\/span><\/span><\/p>\n<p style=\"text-align:left\"><span style=\"font-size:16px\"><span style=\"font-family:Merriweather,serif !important\"><span style=\"color:#000000\"><span style=\"background-color:#ffffff\"><span style=\"font-size:12pt\"><span style=\"font-family:Merriweather,serif !important\"><span style=\"color:#000000 !important\">Atao\u011flu, yazarlar\u0131n \u00e7al\u0131\u015fmalar\u0131na verdi\u011fi \u00f6nemden de bahsederek, D\u00fcnya \u015eiir G\u00fcn\u00fc\u2019nde yap\u0131lan etkinlikte \u015fairlerin eserlerini payla\u015fmas\u0131ndan mutluluk duydu\u011funu ifade etti.<\/span><\/span><\/span><\/span><\/span><\/span><\/span><\/p>\n<p style=\"text-align:left\"><span style=\"font-size:16px\"><span style=\"font-family:Merriweather,serif !important\"><span style=\"color:#000000\"><span style=\"background-color:#ffffff\"><span style=\"font-size:12pt\"><span style=\"font-family:Merriweather,serif !important\"><span style=\"color:#000000 !important\">K\u00fclt\u00fcr ad\u0131na yap\u0131lmas\u0131 gereken her \u015feyi yapt\u0131klar\u0131n\u0131 ve yapmaya da devam edeceklerini vurgulayan Atao\u011flu, \u201cGe\u00e7mi\u015fin gelecek nesillere aktar\u0131lmas\u0131 esas hedefimizdir.\u201d dedi.<\/span><\/span><\/span><\/span><\/span><\/span><\/span><\/p>\n<p style=\"text-align:left\"><span style=\"font-size:16px\"><span style=\"font-family:Merriweather,serif !important\"><span style=\"color:#000000\"><span style=\"background-color:#ffffff\"><span style=\"font-size:12pt\"><span style=\"font-family:Merriweather,serif !important\"><span style=\"color:#000000 !important\">Atao\u011flu, konu\u015fmas\u0131n\u0131n sonunda, yar\u0131\u015fma j\u00fcrisinde yer alanlara, yazarlara, \u015fairlere ve t\u00f6rene kat\u0131lanlara te\u015fekk\u00fcr etti.<\/span><\/span><\/span><\/span><\/span><\/span><\/span><\/p>\n<p style=\"text-align:left\"><span style=\"font-size:16px\"><span style=\"font-family:Merriweather,serif !important\"><span style=\"color:#000000\"><span style=\"background-color:#ffffff\"><span style=\"font-size:12pt\"><span style=\"font-family:Merriweather,serif !important\"><span style=\"color:#000000 !important\">-Zaima\u011fao\u011flu: \u201cT\u00fcm kurumlara, dostlara \u00f6nce y\u00fcre\u011fimizi sonra kap\u0131m\u0131z\u0131 a\u00e7t\u0131k\u201d<\/span><\/span><\/span><\/span><\/span><\/span><\/span><\/p>\n<p style=\"text-align:left\"><span style=\"font-size:16px\"><span style=\"font-family:Merriweather,serif !important\"><span style=\"color:#000000\"><span style=\"background-color:#ffffff\"><span style=\"font-size:12pt\"><span style=\"font-family:Merriweather,serif !important\"><span style=\"color:#000000 !important\">K\u00fclt\u00fcr Dairesi M\u00fcd\u00fcr\u00fc \u015eirin Zaima\u011fao\u011flu ise konu\u015fmas\u0131nda, K\u00fclt\u00fcr Dairesi ile K\u0131br\u0131s T\u00fcrk Yazarlar Birli\u011fi ile birlikte yol ald\u0131\u011f\u0131n\u0131 s\u00f6yledi ve \u201cT\u00fcm kurumlara, dostlara \u00f6nce y\u00fcre\u011fimizi sonra kap\u0131m\u0131z\u0131 a\u00e7t\u0131k.\u201d dedi.<\/span><\/span><\/span><\/span><\/span><\/span><\/span><\/p>\n<p style=\"text-align:left\"><span style=\"font-size:16px\"><span style=\"font-family:Merriweather,serif !important\"><span style=\"color:#000000\"><span style=\"background-color:#ffffff\"><span style=\"font-size:12pt\"><span style=\"font-family:Merriweather,serif !important\"><span style=\"color:#000000 !important\">Zaima\u011fao\u011flu, K\u00fclt\u00fcr Dairesi M\u00fcd\u00fcrl\u00fc\u011f\u00fc Yay\u0131nlar\u0131 taraf\u0131ndan bas\u0131lan ve 1878-2022 y\u0131llar\u0131 aras\u0131nda K\u0131br\u0131s\u2019ta T\u00fcrk\u00e7e olarak bas\u0131lm\u0131\u015f kitaplar\u0131n listelendi\u011fi kitab\u0131 da tan\u0131tt\u0131.<\/span><\/span><\/span><\/span><\/span><\/span><\/span><\/p>\n<p style=\"text-align:left\"><span style=\"font-size:16px\"><span style=\"font-family:Merriweather,serif !important\"><span style=\"color:#000000\"><span style=\"background-color:#ffffff\"><span style=\"font-size:12pt\"><span style=\"font-family:Merriweather,serif !important\"><span style=\"color:#000000 !important\">Zaima\u011fao\u011flu konu\u015fmas\u0131nda, mansiyon \u00f6d\u00fcl\u00fc almaya hak kazananlar\u0131 i\u015faret ederek, \u201c\u00dc\u00e7 g\u00fc\u00e7l\u00fc kalem geliyor arkadan\u2026\u201d dedi.<\/span><\/span><\/span><\/span><\/span><\/span><\/span><\/p>\n<p style=\"text-align:left\"><span style=\"font-size:16px\"><span style=\"font-family:Merriweather,serif !important\"><span style=\"color:#000000\"><span style=\"background-color:#ffffff\"><span style=\"font-size:12pt\"><span style=\"font-family:Merriweather,serif !important\"><span style=\"color:#000000 !important\">-\u00d6znur<\/span><\/span><\/span><\/span><\/span><\/span><\/span><\/p>\n<p style=\"text-align:left\"><span style=\"font-size:16px\"><span style=\"font-family:Merriweather,serif !important\"><span style=\"color:#000000\"><span style=\"background-color:#ffffff\"><span style=\"font-size:12pt\"><span style=\"font-family:Merriweather,serif !important\"><span style=\"color:#000000 !important\">K\u0131br\u0131s T\u00fcrk Yazarlar Birli\u011fi Ba\u015fkan\u0131 \u015eevket \u00d6znur de konu\u015fmas\u0131na, \u201csevgi \u015fairi\u201d diye niteledi\u011fi Kamil \u00d6zay\u2019\u0131 anarak ba\u015flad\u0131.<\/span><\/span><\/span><\/span><\/span><\/span><\/span><\/p>\n<p style=\"text-align:left\"><span style=\"font-size:16px\"><span style=\"font-family:Merriweather,serif !important\"><span style=\"color:#000000\"><span style=\"background-color:#ffffff\"><span style=\"font-size:12pt\"><span style=\"font-family:Merriweather,serif !important\"><span style=\"color:#000000 !important\">Birli\u011fin \u00e7al\u0131\u015fmalar\u0131ndan bahsederek \u00e7e\u015fitli anma etkinlikleri d\u00fczenlediklerini aktaran \u00d6znur, anmalar\u0131n toplumun de\u011ferlerini gen\u00e7lerin \u00f6\u011frenmesi veya unutanlar\u0131n hat\u0131rlamas\u0131 i\u00e7in yap\u0131ld\u0131\u011f\u0131n\u0131 vurgulad\u0131. \u00d6znur, K\u0131br\u0131s T\u00fcrk Edebiyat\u00e7\u0131lar\u0131 M\u00fczesi olu\u015fturmay\u0131 ama\u00e7lad\u0131klar\u0131n\u0131 da belirtti.<\/span><\/span><\/span><\/span><\/span><\/span><\/span><\/p>\n<p style=\"text-align:left\"><span style=\"font-size:16px\"><span style=\"font-family:Merriweather,serif !important\"><span style=\"color:#000000\"><span style=\"background-color:#ffffff\"><span style=\"font-size:12pt\"><span style=\"font-family:Merriweather,serif !important\"><span style=\"color:#000000 !important\">K\u00fclt\u00fcr Dairesi\u2019nin Turizm K\u00fclt\u00fcr Gen\u00e7lik ve \u00c7evre Bakanl\u0131\u011f\u0131 alt\u0131nda unutulmad\u0131\u011f\u0131n\u0131 ifade eden \u00d6nur, Bakanl\u0131ktan daha fazla destek beklediklerini de ekledi.<\/span><\/span><\/span><\/span><\/span><\/span><\/span><\/p>\n<p style=\"text-align:left\"><span style=\"font-size:16px\"><span style=\"font-family:Merriweather,serif !important\"><span style=\"color:#000000\"><span style=\"background-color:#ffffff\"><span style=\"font-size:12pt\"><span style=\"font-family:Merriweather,serif !important\"><span style=\"color:#000000 !important\">-\u00d6zay<\/span><\/span><\/span><\/span><\/span><\/span><\/span><\/p>\n<p style=\"text-align:left\"><span style=\"font-size:16px\"><span style=\"font-family:Merriweather,serif !important\"><span style=\"color:#000000\"><span style=\"background-color:#ffffff\"><span style=\"font-size:12pt\"><span style=\"font-family:Merriweather,serif !important\"><span style=\"color:#000000 !important\">Kamil \u00d6zay\u2019\u0131n e\u015fi Ayten \u00d6zay ise, k\u0131sa konu\u015fmas\u0131nda, Kamil \u00d6zay \u0130lk Kitap \u00d6d\u00fcll\u00fc Yar\u0131\u015fma\u2019na emek verenlere ve kat\u0131lanlara te\u015fekk\u00fcr etti.&nbsp;<\/span><\/span><\/span><span style=\"font-size:12pt\"><span style=\"font-family:Merriweather,serif !important\"><span style=\"color:#000000 !important\">Konu\u015fmalar\u0131n ard\u0131ndan, Kamil \u00d6zay\u2019\u0131n \u00f6zge\u00e7mi\u015fi ve baz\u0131 \u015fiirleri okundu, \u015fiir okuyanlar ile j\u00fcri \u00fcyelerine Atao\u011flu taraf\u0131ndan plaketlerin takdimi yap\u0131ld\u0131.<\/span><\/span><\/span><\/span><\/span><\/span><\/span><\/p>\n<p style=\"text-align:left\"><span style=\"font-size:16px\"><span style=\"font-family:Merriweather,serif !important\"><span style=\"color:#000000\"><span style=\"background-color:#ffffff\"><span style=\"font-size:12pt\"><span style=\"font-family:Merriweather,serif !important\"><span style=\"color:#000000 !important\">Sonras\u0131nda \u00f6zge\u00e7mi\u015fleri okunan mansiyon \u00f6d\u00fcl\u00fc almaya hak kazananlar da k\u0131sa birer te\u015fekk\u00fcr konu\u015fmas\u0131 yapt\u0131, \u015fiirlerini okudu ve plaketleri ile hediye kitaplar\u0131n\u0131 Atao\u011flu\u2019ndan ald\u0131.<\/span><\/span><\/span><\/span><\/span><\/span><\/span><\/p>\n<p style=\"text-align:left\"><span style=\"font-size:16px\"><span style=\"font-family:Merriweather,serif !important\"><span style=\"color:#000000\"><span style=\"background-color:#ffffff\"><span style=\"font-size:12pt\"><span style=\"font-family:Merriweather,serif !important\"><span style=\"color:#000000 !important\">T\u00f6ren, an\u0131 foto\u011fraf\u0131 \u00e7ekimi ile sona erdi.<\/span><\/span><\/span><\/span><\/span><\/span><\/span><\/p>\n<p style=\"text-align:left\"><span style=\"font-size:16px\"><span style=\"font-family:Merriweather,serif !important\"><span style=\"color:#000000\"><span style=\"background-color:#ffffff\"><span style=\"font-size:12pt\"><span style=\"font-family:Merriweather,serif !important\"><span style=\"color:#000000 !important\">-Yar\u0131\u015fma\u2026<\/span><\/span><\/span><\/span><\/span><\/span><\/span><\/p>\n<p style=\"text-align:left\"><span style=\"font-size:16px\"><span style=\"font-family:Merriweather,serif !important\"><span style=\"color:#000000\"><span style=\"background-color:#ffffff\"><span style=\"font-size:12pt\"><span style=\"font-family:Merriweather,serif !important\"><span style=\"color:#000000 !important\">K\u00fclt\u00fcr Dairesi\u2019nin edebiyat ve ara\u015ft\u0131rma d\u00fcnyas\u0131na yeni \u015fairler, yazarlar, ara\u015ft\u0131rmac\u0131lar ve yeni kitaplar kazand\u0131rmak amac\u0131yla haz\u0131rlad\u0131\u011f\u0131 be\u015f y\u0131ll\u0131k bir proje kapsam\u0131nda, bu y\u0131l Kuzey K\u0131br\u0131s T\u00fcrk Cumhuriyeti\u2019nin kurulu\u015funun 40. y\u0131l\u0131na ithafen \u015eair Yazar Kamil \u00d6zay ad\u0131yla ve \u015fiir alan\u0131nda d\u00fczenlenen yar\u0131\u015fma, 2024\u2019te Mustafa G\u00f6k\u00e7eo\u011flu ad\u0131na ara\u015ft\u0131rma dal\u0131nda, 2025\u2019te Hikmet Afif Mapolar ad\u0131na roman dal\u0131nda, 2026\u2019da Fikret Demira\u011f ad\u0131na \u015fiir dal\u0131nda ve 2027\u2019de Semih Sait Umar ad\u0131na \u00f6yk\u00fc dal\u0131nda yap\u0131lacak.<\/span><\/span><\/span><\/span><\/span><\/span><\/span><\/p>\n","protected":false},"excerpt":{"rendered":"<p>Ba\u015fbakan Yard\u0131mc\u0131l\u0131\u011f\u0131 Turizm K\u00fclt\u00fcr Gen\u00e7lik ve \u00c7evre Bakanl\u0131\u011f\u0131na ba\u011fl\u0131 K\u00fclt\u00fcr Dairesinin, K\u0131br\u0131s T\u00fcrk Yazarlar Birli\u011fi i\u015f birli\u011finde, bu y\u0131l ilk kez \u015fair ve yazar Kamil \u00d6zay ad\u0131yla \u015fiir alan\u0131nda d\u00fczenledi\u011fi yar\u0131\u015fman\u0131n \u00f6d\u00fcl t\u00f6reni saat 16.00\u2019da \u0130smet Vehit G\u00fcney Sanat Merkezinde yer ald\u0131. Se\u00e7ici Kurul \u00fcyeliklerini K\u00fclt\u00fcr Dairesi M\u00fcd\u00fcr\u00fc ve \u015eair \u015eirin Zaima\u011fao\u011flu, \u015eair Mehmet Kansu,<\/p>\n","protected":false},"author":1,"featured_media":35145,"comment_status":"open","ping_status":"open","sticky":false,"template":"","format":"standard","meta":{"footnotes":""},"categories":[85],"tags":[],"class_list":["post-35144","post","type-post","status-publish","format-standard","has-post-thumbnail","hentry","category-spor"],"yoast_head":"<!-- This site is optimized with the Yoast SEO plugin v27.4 - https:\/\/yoast.com\/product\/yoast-seo-wordpress\/ -->\n<title>Kamil \u00d6zay \u0130lk Kitap \u00d6d\u00fcll\u00fc Yar\u0131\u015fmas\u0131\u2019n\u0131n \u00f6d\u00fcl t\u00f6reni yap\u0131ld\u0131 -<\/title>\n<meta name=\"robots\" content=\"index, follow, max-snippet:-1, max-image-preview:large, max-video-preview:-1\" \/>\n<link rel=\"canonical\" href=\"https:\/\/kibrisdakik.com\/?p=35144\" \/>\n<meta property=\"og:locale\" content=\"tr_TR\" \/>\n<meta property=\"og:type\" content=\"article\" \/>\n<meta property=\"og:title\" content=\"Kamil \u00d6zay \u0130lk Kitap \u00d6d\u00fcll\u00fc Yar\u0131\u015fmas\u0131\u2019n\u0131n \u00f6d\u00fcl t\u00f6reni yap\u0131ld\u0131 -\" \/>\n<meta property=\"og:description\" content=\"Ba\u015fbakan Yard\u0131mc\u0131l\u0131\u011f\u0131 Turizm K\u00fclt\u00fcr Gen\u00e7lik ve \u00c7evre Bakanl\u0131\u011f\u0131na ba\u011fl\u0131 K\u00fclt\u00fcr Dairesinin, K\u0131br\u0131s T\u00fcrk Yazarlar Birli\u011fi i\u015f birli\u011finde, bu y\u0131l ilk kez \u015fair ve yazar Kamil \u00d6zay ad\u0131yla \u015fiir alan\u0131nda d\u00fczenledi\u011fi yar\u0131\u015fman\u0131n \u00f6d\u00fcl t\u00f6reni saat 16.00\u2019da \u0130smet Vehit G\u00fcney Sanat Merkezinde yer ald\u0131. Se\u00e7ici Kurul \u00fcyeliklerini K\u00fclt\u00fcr Dairesi M\u00fcd\u00fcr\u00fc ve \u015eair \u015eirin Zaima\u011fao\u011flu, \u015eair Mehmet Kansu,\" \/>\n<meta property=\"og:url\" content=\"https:\/\/kibrisdakik.com\/?p=35144\" \/>\n<meta property=\"article:published_time\" content=\"2024-03-22T00:27:11+00:00\" \/>\n<meta property=\"og:image\" content=\"https:\/\/kibrisdakik.com\/wp-content\/uploads\/2024\/03\/kamil-ozay-ilk-kitap-odullu-yarismasinin-odul-toreni-yapildi-1711042733.webp.webp\" \/>\n\t<meta property=\"og:image:width\" content=\"710\" \/>\n\t<meta property=\"og:image:height\" content=\"370\" \/>\n\t<meta property=\"og:image:type\" content=\"image\/webp\" \/>\n<meta name=\"author\" content=\"admin\" \/>\n<meta name=\"twitter:card\" content=\"summary_large_image\" \/>\n<meta name=\"twitter:label1\" content=\"Yazan:\" \/>\n\t<meta name=\"twitter:data1\" content=\"admin\" \/>\n\t<meta name=\"twitter:label2\" content=\"Tahmini okuma s\u00fcresi\" \/>\n\t<meta name=\"twitter:data2\" content=\"4 dakika\" \/>\n<script type=\"application\/ld+json\" class=\"yoast-schema-graph\">{\"@context\":\"https:\\\/\\\/schema.org\",\"@graph\":[{\"@type\":\"Article\",\"@id\":\"https:\\\/\\\/kibrisdakik.com\\\/?p=35144#article\",\"isPartOf\":{\"@id\":\"https:\\\/\\\/kibrisdakik.com\\\/?p=35144\"},\"author\":{\"name\":\"admin\",\"@id\":\"https:\\\/\\\/kibrisdakik.com\\\/#\\\/schema\\\/person\\\/9cd9d437bbb44f72b73ba127e06d8e79\"},\"headline\":\"Kamil \u00d6zay \u0130lk Kitap \u00d6d\u00fcll\u00fc Yar\u0131\u015fmas\u0131\u2019n\u0131n \u00f6d\u00fcl t\u00f6reni yap\u0131ld\u0131\",\"datePublished\":\"2024-03-22T00:27:11+00:00\",\"mainEntityOfPage\":{\"@id\":\"https:\\\/\\\/kibrisdakik.com\\\/?p=35144\"},\"wordCount\":856,\"commentCount\":0,\"image\":{\"@id\":\"https:\\\/\\\/kibrisdakik.com\\\/?p=35144#primaryimage\"},\"thumbnailUrl\":\"https:\\\/\\\/kibrisdakik.com\\\/wp-content\\\/uploads\\\/2024\\\/03\\\/kamil-ozay-ilk-kitap-odullu-yarismasinin-odul-toreni-yapildi-1711042733.webp.webp\",\"articleSection\":[\"Spor\"],\"inLanguage\":\"tr\",\"potentialAction\":[{\"@type\":\"CommentAction\",\"name\":\"Comment\",\"target\":[\"https:\\\/\\\/kibrisdakik.com\\\/?p=35144#respond\"]}]},{\"@type\":\"WebPage\",\"@id\":\"https:\\\/\\\/kibrisdakik.com\\\/?p=35144\",\"url\":\"https:\\\/\\\/kibrisdakik.com\\\/?p=35144\",\"name\":\"Kamil \u00d6zay \u0130lk Kitap \u00d6d\u00fcll\u00fc Yar\u0131\u015fmas\u0131\u2019n\u0131n \u00f6d\u00fcl t\u00f6reni yap\u0131ld\u0131 -\",\"isPartOf\":{\"@id\":\"https:\\\/\\\/kibrisdakik.com\\\/#website\"},\"primaryImageOfPage\":{\"@id\":\"https:\\\/\\\/kibrisdakik.com\\\/?p=35144#primaryimage\"},\"image\":{\"@id\":\"https:\\\/\\\/kibrisdakik.com\\\/?p=35144#primaryimage\"},\"thumbnailUrl\":\"https:\\\/\\\/kibrisdakik.com\\\/wp-content\\\/uploads\\\/2024\\\/03\\\/kamil-ozay-ilk-kitap-odullu-yarismasinin-odul-toreni-yapildi-1711042733.webp.webp\",\"datePublished\":\"2024-03-22T00:27:11+00:00\",\"author\":{\"@id\":\"https:\\\/\\\/kibrisdakik.com\\\/#\\\/schema\\\/person\\\/9cd9d437bbb44f72b73ba127e06d8e79\"},\"breadcrumb\":{\"@id\":\"https:\\\/\\\/kibrisdakik.com\\\/?p=35144#breadcrumb\"},\"inLanguage\":\"tr\",\"potentialAction\":[{\"@type\":\"ReadAction\",\"target\":[\"https:\\\/\\\/kibrisdakik.com\\\/?p=35144\"]}]},{\"@type\":\"ImageObject\",\"inLanguage\":\"tr\",\"@id\":\"https:\\\/\\\/kibrisdakik.com\\\/?p=35144#primaryimage\",\"url\":\"https:\\\/\\\/kibrisdakik.com\\\/wp-content\\\/uploads\\\/2024\\\/03\\\/kamil-ozay-ilk-kitap-odullu-yarismasinin-odul-toreni-yapildi-1711042733.webp.webp\",\"contentUrl\":\"https:\\\/\\\/kibrisdakik.com\\\/wp-content\\\/uploads\\\/2024\\\/03\\\/kamil-ozay-ilk-kitap-odullu-yarismasinin-odul-toreni-yapildi-1711042733.webp.webp\",\"width\":710,\"height\":370},{\"@type\":\"BreadcrumbList\",\"@id\":\"https:\\\/\\\/kibrisdakik.com\\\/?p=35144#breadcrumb\",\"itemListElement\":[{\"@type\":\"ListItem\",\"position\":1,\"name\":\"Home\",\"item\":\"https:\\\/\\\/kibrisdakik.com\\\/\"},{\"@type\":\"ListItem\",\"position\":2,\"name\":\"Kamil \u00d6zay \u0130lk Kitap \u00d6d\u00fcll\u00fc Yar\u0131\u015fmas\u0131\u2019n\u0131n \u00f6d\u00fcl t\u00f6reni yap\u0131ld\u0131\"}]},{\"@type\":\"WebSite\",\"@id\":\"https:\\\/\\\/kibrisdakik.com\\\/#website\",\"url\":\"https:\\\/\\\/kibrisdakik.com\\\/\",\"name\":\"\",\"description\":\"Tam vaktinde haber\",\"potentialAction\":[{\"@type\":\"SearchAction\",\"target\":{\"@type\":\"EntryPoint\",\"urlTemplate\":\"https:\\\/\\\/kibrisdakik.com\\\/?s={search_term_string}\"},\"query-input\":{\"@type\":\"PropertyValueSpecification\",\"valueRequired\":true,\"valueName\":\"search_term_string\"}}],\"inLanguage\":\"tr\"},{\"@type\":\"Person\",\"@id\":\"https:\\\/\\\/kibrisdakik.com\\\/#\\\/schema\\\/person\\\/9cd9d437bbb44f72b73ba127e06d8e79\",\"name\":\"admin\",\"image\":{\"@type\":\"ImageObject\",\"inLanguage\":\"tr\",\"@id\":\"https:\\\/\\\/secure.gravatar.com\\\/avatar\\\/ccc17943b9d660506c869530f897617f7cb1c21a4bf30023f252596d83e1f007?s=96&d=mm&r=g\",\"url\":\"https:\\\/\\\/secure.gravatar.com\\\/avatar\\\/ccc17943b9d660506c869530f897617f7cb1c21a4bf30023f252596d83e1f007?s=96&d=mm&r=g\",\"contentUrl\":\"https:\\\/\\\/secure.gravatar.com\\\/avatar\\\/ccc17943b9d660506c869530f897617f7cb1c21a4bf30023f252596d83e1f007?s=96&d=mm&r=g\",\"caption\":\"admin\"},\"sameAs\":[\"https:\\\/\\\/kibrisdakik.com\"],\"url\":\"https:\\\/\\\/kibrisdakik.com\\\/?author=1\"}]}<\/script>\n<!-- \/ Yoast SEO plugin. -->","yoast_head_json":{"title":"Kamil \u00d6zay \u0130lk Kitap \u00d6d\u00fcll\u00fc Yar\u0131\u015fmas\u0131\u2019n\u0131n \u00f6d\u00fcl t\u00f6reni yap\u0131ld\u0131 -","robots":{"index":"index","follow":"follow","max-snippet":"max-snippet:-1","max-image-preview":"max-image-preview:large","max-video-preview":"max-video-preview:-1"},"canonical":"https:\/\/kibrisdakik.com\/?p=35144","og_locale":"tr_TR","og_type":"article","og_title":"Kamil \u00d6zay \u0130lk Kitap \u00d6d\u00fcll\u00fc Yar\u0131\u015fmas\u0131\u2019n\u0131n \u00f6d\u00fcl t\u00f6reni yap\u0131ld\u0131 -","og_description":"Ba\u015fbakan Yard\u0131mc\u0131l\u0131\u011f\u0131 Turizm K\u00fclt\u00fcr Gen\u00e7lik ve \u00c7evre Bakanl\u0131\u011f\u0131na ba\u011fl\u0131 K\u00fclt\u00fcr Dairesinin, K\u0131br\u0131s T\u00fcrk Yazarlar Birli\u011fi i\u015f birli\u011finde, bu y\u0131l ilk kez \u015fair ve yazar Kamil \u00d6zay ad\u0131yla \u015fiir alan\u0131nda d\u00fczenledi\u011fi yar\u0131\u015fman\u0131n \u00f6d\u00fcl t\u00f6reni saat 16.00\u2019da \u0130smet Vehit G\u00fcney Sanat Merkezinde yer ald\u0131. Se\u00e7ici Kurul \u00fcyeliklerini K\u00fclt\u00fcr Dairesi M\u00fcd\u00fcr\u00fc ve \u015eair \u015eirin Zaima\u011fao\u011flu, \u015eair Mehmet Kansu,","og_url":"https:\/\/kibrisdakik.com\/?p=35144","article_published_time":"2024-03-22T00:27:11+00:00","og_image":[{"width":710,"height":370,"url":"https:\/\/kibrisdakik.com\/wp-content\/uploads\/2024\/03\/kamil-ozay-ilk-kitap-odullu-yarismasinin-odul-toreni-yapildi-1711042733.webp.webp","type":"image\/webp"}],"author":"admin","twitter_card":"summary_large_image","twitter_misc":{"Yazan:":"admin","Tahmini okuma s\u00fcresi":"4 dakika"},"schema":{"@context":"https:\/\/schema.org","@graph":[{"@type":"Article","@id":"https:\/\/kibrisdakik.com\/?p=35144#article","isPartOf":{"@id":"https:\/\/kibrisdakik.com\/?p=35144"},"author":{"name":"admin","@id":"https:\/\/kibrisdakik.com\/#\/schema\/person\/9cd9d437bbb44f72b73ba127e06d8e79"},"headline":"Kamil \u00d6zay \u0130lk Kitap \u00d6d\u00fcll\u00fc Yar\u0131\u015fmas\u0131\u2019n\u0131n \u00f6d\u00fcl t\u00f6reni yap\u0131ld\u0131","datePublished":"2024-03-22T00:27:11+00:00","mainEntityOfPage":{"@id":"https:\/\/kibrisdakik.com\/?p=35144"},"wordCount":856,"commentCount":0,"image":{"@id":"https:\/\/kibrisdakik.com\/?p=35144#primaryimage"},"thumbnailUrl":"https:\/\/kibrisdakik.com\/wp-content\/uploads\/2024\/03\/kamil-ozay-ilk-kitap-odullu-yarismasinin-odul-toreni-yapildi-1711042733.webp.webp","articleSection":["Spor"],"inLanguage":"tr","potentialAction":[{"@type":"CommentAction","name":"Comment","target":["https:\/\/kibrisdakik.com\/?p=35144#respond"]}]},{"@type":"WebPage","@id":"https:\/\/kibrisdakik.com\/?p=35144","url":"https:\/\/kibrisdakik.com\/?p=35144","name":"Kamil \u00d6zay \u0130lk Kitap \u00d6d\u00fcll\u00fc Yar\u0131\u015fmas\u0131\u2019n\u0131n \u00f6d\u00fcl t\u00f6reni yap\u0131ld\u0131 -","isPartOf":{"@id":"https:\/\/kibrisdakik.com\/#website"},"primaryImageOfPage":{"@id":"https:\/\/kibrisdakik.com\/?p=35144#primaryimage"},"image":{"@id":"https:\/\/kibrisdakik.com\/?p=35144#primaryimage"},"thumbnailUrl":"https:\/\/kibrisdakik.com\/wp-content\/uploads\/2024\/03\/kamil-ozay-ilk-kitap-odullu-yarismasinin-odul-toreni-yapildi-1711042733.webp.webp","datePublished":"2024-03-22T00:27:11+00:00","author":{"@id":"https:\/\/kibrisdakik.com\/#\/schema\/person\/9cd9d437bbb44f72b73ba127e06d8e79"},"breadcrumb":{"@id":"https:\/\/kibrisdakik.com\/?p=35144#breadcrumb"},"inLanguage":"tr","potentialAction":[{"@type":"ReadAction","target":["https:\/\/kibrisdakik.com\/?p=35144"]}]},{"@type":"ImageObject","inLanguage":"tr","@id":"https:\/\/kibrisdakik.com\/?p=35144#primaryimage","url":"https:\/\/kibrisdakik.com\/wp-content\/uploads\/2024\/03\/kamil-ozay-ilk-kitap-odullu-yarismasinin-odul-toreni-yapildi-1711042733.webp.webp","contentUrl":"https:\/\/kibrisdakik.com\/wp-content\/uploads\/2024\/03\/kamil-ozay-ilk-kitap-odullu-yarismasinin-odul-toreni-yapildi-1711042733.webp.webp","width":710,"height":370},{"@type":"BreadcrumbList","@id":"https:\/\/kibrisdakik.com\/?p=35144#breadcrumb","itemListElement":[{"@type":"ListItem","position":1,"name":"Home","item":"https:\/\/kibrisdakik.com\/"},{"@type":"ListItem","position":2,"name":"Kamil \u00d6zay \u0130lk Kitap \u00d6d\u00fcll\u00fc Yar\u0131\u015fmas\u0131\u2019n\u0131n \u00f6d\u00fcl t\u00f6reni yap\u0131ld\u0131"}]},{"@type":"WebSite","@id":"https:\/\/kibrisdakik.com\/#website","url":"https:\/\/kibrisdakik.com\/","name":"","description":"Tam vaktinde haber","potentialAction":[{"@type":"SearchAction","target":{"@type":"EntryPoint","urlTemplate":"https:\/\/kibrisdakik.com\/?s={search_term_string}"},"query-input":{"@type":"PropertyValueSpecification","valueRequired":true,"valueName":"search_term_string"}}],"inLanguage":"tr"},{"@type":"Person","@id":"https:\/\/kibrisdakik.com\/#\/schema\/person\/9cd9d437bbb44f72b73ba127e06d8e79","name":"admin","image":{"@type":"ImageObject","inLanguage":"tr","@id":"https:\/\/secure.gravatar.com\/avatar\/ccc17943b9d660506c869530f897617f7cb1c21a4bf30023f252596d83e1f007?s=96&d=mm&r=g","url":"https:\/\/secure.gravatar.com\/avatar\/ccc17943b9d660506c869530f897617f7cb1c21a4bf30023f252596d83e1f007?s=96&d=mm&r=g","contentUrl":"https:\/\/secure.gravatar.com\/avatar\/ccc17943b9d660506c869530f897617f7cb1c21a4bf30023f252596d83e1f007?s=96&d=mm&r=g","caption":"admin"},"sameAs":["https:\/\/kibrisdakik.com"],"url":"https:\/\/kibrisdakik.com\/?author=1"}]}},"_links":{"self":[{"href":"https:\/\/kibrisdakik.com\/index.php?rest_route=\/wp\/v2\/posts\/35144","targetHints":{"allow":["GET"]}}],"collection":[{"href":"https:\/\/kibrisdakik.com\/index.php?rest_route=\/wp\/v2\/posts"}],"about":[{"href":"https:\/\/kibrisdakik.com\/index.php?rest_route=\/wp\/v2\/types\/post"}],"author":[{"embeddable":true,"href":"https:\/\/kibrisdakik.com\/index.php?rest_route=\/wp\/v2\/users\/1"}],"replies":[{"embeddable":true,"href":"https:\/\/kibrisdakik.com\/index.php?rest_route=%2Fwp%2Fv2%2Fcomments&post=35144"}],"version-history":[{"count":0,"href":"https:\/\/kibrisdakik.com\/index.php?rest_route=\/wp\/v2\/posts\/35144\/revisions"}],"wp:featuredmedia":[{"embeddable":true,"href":"https:\/\/kibrisdakik.com\/index.php?rest_route=\/wp\/v2\/media\/35145"}],"wp:attachment":[{"href":"https:\/\/kibrisdakik.com\/index.php?rest_route=%2Fwp%2Fv2%2Fmedia&parent=35144"}],"wp:term":[{"taxonomy":"category","embeddable":true,"href":"https:\/\/kibrisdakik.com\/index.php?rest_route=%2Fwp%2Fv2%2Fcategories&post=35144"},{"taxonomy":"post_tag","embeddable":true,"href":"https:\/\/kibrisdakik.com\/index.php?rest_route=%2Fwp%2Fv2%2Ftags&post=35144"}],"curies":[{"name":"wp","href":"https:\/\/api.w.org\/{rel}","templated":true}]}}