{"id":35193,"date":"2024-03-22T09:46:27","date_gmt":"2024-03-22T09:46:27","guid":{"rendered":"https:\/\/kibrisdakik.com\/index.php\/2024\/03\/22\/dun-gece-ve-bu-sabahin-ilk-saatlerinde-meydana-gelen-2-kazada-2-kisi-yaralandi-2\/"},"modified":"2024-03-22T09:46:27","modified_gmt":"2024-03-22T09:46:27","slug":"dun-gece-ve-bu-sabahin-ilk-saatlerinde-meydana-gelen-2-kazada-2-kisi-yaralandi-2","status":"publish","type":"post","link":"https:\/\/kibrisdakik.com\/?p=35193","title":{"rendered":"D\u00fcn gece ve bu sabah\u0131n ilk saatlerinde meydana gelen 2 kazada 2 ki\u015fi yaraland\u0131"},"content":{"rendered":"<p><\/p>\n<div>\n<div class=\"mariselle-image-container center\">\n                <img loading=\"lazy\" decoding=\"async\" width=\"1200\" height=\"675\" class=\"lazy-image\" alt=\"\" sizes=\"auto, (max-width: 1200px) 100vw, 1200px\" src=\"https:\/\/brtk.net\/wp-content\/uploads\/2023\/01\/20\/trafik-kazasi-1wew.jpg?ver=c302123cf299e7e77b7ee6a056dfaee1\" srcset=\"https:\/\/brtk.net\/wp-content\/uploads\/2023\/01\/20\/trafik-kazasi-1wew.jpg?ver=c302123cf299e7e77b7ee6a056dfaee1 1200w, https:\/\/brtk.net\/wp-content\/uploads\/2023\/01\/20\/trafik-kazasi-1wew-300x169.jpg?ver=7d82f865c45dfa18dd489509156fb745 300w, https:\/\/brtk.net\/wp-content\/uploads\/2023\/01\/20\/trafik-kazasi-1wew-1024x576.jpg?ver=7d82f865c45dfa18dd489509156fb745 1024w, https:\/\/brtk.net\/wp-content\/uploads\/2023\/01\/20\/trafik-kazasi-1wew-768x432.jpg?ver=7d82f865c45dfa18dd489509156fb745 768w\"\/>                            <\/div>\n<p>Bo\u011faz-Dikmen ve Lefko\u015fa-Gazima\u011fusa ana yollar\u0131nda meydana gelen trafik kazalar\u0131nda, iki ki\u015fi yaraland\u0131.<\/p>\n<p>Polis b\u00fcltenine g\u00f6re, Bo\u011fazk\u00f6y-Dikmen yolunun ilk kilometresinde d\u00fcn gece 21.00 s\u0131ralar\u0131ndaki kazada, 18 ya\u015f\u0131ndaki s\u00fcr\u00fcc\u00fc Tahir Baran Demir y\u00f6netimindeki FB 733 plakal\u0131 ara\u00e7, sa\u011fa meyilli virajda, s\u00fcr\u00fcc\u00fcn\u00fcn dikkatsizli\u011fi ve direksiyon hakimiyetini kaybetmesi sonucu, yoldan \u00e7\u0131karak trafik levhas\u0131na, ayd\u0131nlatma dire\u011fine ve tel \u00f6rg\u00fclerin beton direklerine \u00e7arpt\u0131.<\/p>\n<p>Kazada yaralanan ara\u00e7 s\u00fcr\u00fcc\u00fcs\u00fc Tahir Baran Demir ve ara\u00e7taki yolcu R\u00fcya Nas (K-18), kald\u0131r\u0131ld\u0131klar\u0131 Lefko\u015fa Dr. Burhan Nalbanto\u011flu Devlet Hastanesi\u2019nde m\u00fc\u015fahede alt\u0131na al\u0131nd\u0131.<\/p>\n<p>-\u00d6nde giden arac\u0131n arkas\u0131na \u00e7arpt\u0131, yaralanan olmad\u0131\u2026 S\u00fcr\u00fcc\u00fc tutukland\u0131<\/p>\n<p>Lefko\u015fa-Gazima\u011fusa ana yolunda bug\u00fcn 02.30\u2019daki kazada ise Dervi\u015f K\u00fcsbeci (E-28) y\u00f6netimindeki SF 108 plakal\u0131 salon ara\u00e7, do\u011fu istikametine seyretti\u011fi s\u0131rada, s\u00fcr\u00fcc\u00fcn\u00fcn dikkatsizli\u011fi sonucu o esnada \u00f6n\u00fcnde ayn\u0131 istikamette giden Salahattin Turun\u00e7 (E-50) y\u00f6netimindeki KF 550 plakal\u0131 arac\u0131n arka k\u0131sm\u0131na \u00e7arpt\u0131.<\/p>\n<p>Kazada yaralanan olmad\u0131 ancak SF 108 plakal\u0131 ara\u00e7 s\u00fcr\u00fcc\u00fcs\u00fc Dervi\u015f K\u00fcsbeci, alkol testi i\u00e7in yeterli nefes ve kan \u00f6rne\u011fi vermeyi reddetmesi nedeniyle tutukland\u0131.<\/p>\n<\/p><\/div>\n<p><script async\n                    defer\n                    crossorigin=\"anonymous\"\n                    src=\"https:\/\/connect.facebook.net\/tr_TR\/sdk.js#xfbml=1&#038;version=v3.3\"\n            ><\/script><\/p>\n","protected":false},"excerpt":{"rendered":"<p>Bo\u011faz-Dikmen ve Lefko\u015fa-Gazima\u011fusa ana yollar\u0131nda meydana gelen trafik kazalar\u0131nda, iki ki\u015fi yaraland\u0131. Polis b\u00fcltenine g\u00f6re, Bo\u011fazk\u00f6y-Dikmen yolunun ilk kilometresinde d\u00fcn gece 21.00 s\u0131ralar\u0131ndaki kazada, 18 ya\u015f\u0131ndaki s\u00fcr\u00fcc\u00fc Tahir Baran Demir y\u00f6netimindeki FB 733 plakal\u0131 ara\u00e7, sa\u011fa meyilli virajda, s\u00fcr\u00fcc\u00fcn\u00fcn dikkatsizli\u011fi ve direksiyon hakimiyetini kaybetmesi sonucu, yoldan \u00e7\u0131karak trafik levhas\u0131na, ayd\u0131nlatma dire\u011fine ve tel \u00f6rg\u00fclerin beton<\/p>\n","protected":false},"author":1,"featured_media":3413,"comment_status":"open","ping_status":"open","sticky":false,"template":"","format":"standard","meta":{"footnotes":""},"categories":[1],"tags":[],"class_list":["post-35193","post","type-post","status-publish","format-standard","has-post-thumbnail","hentry","category-gundem"],"yoast_head":"<!-- This site is optimized with the Yoast SEO plugin v27.4 - https:\/\/yoast.com\/product\/yoast-seo-wordpress\/ -->\n<title>D\u00fcn gece ve bu sabah\u0131n ilk saatlerinde meydana gelen 2 kazada 2 ki\u015fi yaraland\u0131 -<\/title>\n<meta name=\"robots\" content=\"index, follow, max-snippet:-1, max-image-preview:large, max-video-preview:-1\" \/>\n<link rel=\"canonical\" href=\"https:\/\/kibrisdakik.com\/?p=35193\" \/>\n<meta property=\"og:locale\" content=\"tr_TR\" \/>\n<meta property=\"og:type\" content=\"article\" \/>\n<meta property=\"og:title\" content=\"D\u00fcn gece ve bu sabah\u0131n ilk saatlerinde meydana gelen 2 kazada 2 ki\u015fi yaraland\u0131 -\" \/>\n<meta property=\"og:description\" content=\"Bo\u011faz-Dikmen ve Lefko\u015fa-Gazima\u011fusa ana yollar\u0131nda meydana gelen trafik kazalar\u0131nda, iki ki\u015fi yaraland\u0131. Polis b\u00fcltenine g\u00f6re, Bo\u011fazk\u00f6y-Dikmen yolunun ilk kilometresinde d\u00fcn gece 21.00 s\u0131ralar\u0131ndaki kazada, 18 ya\u015f\u0131ndaki s\u00fcr\u00fcc\u00fc Tahir Baran Demir y\u00f6netimindeki FB 733 plakal\u0131 ara\u00e7, sa\u011fa meyilli virajda, s\u00fcr\u00fcc\u00fcn\u00fcn dikkatsizli\u011fi ve direksiyon hakimiyetini kaybetmesi sonucu, yoldan \u00e7\u0131karak trafik levhas\u0131na, ayd\u0131nlatma dire\u011fine ve tel \u00f6rg\u00fclerin beton\" \/>\n<meta property=\"og:url\" content=\"https:\/\/kibrisdakik.com\/?p=35193\" \/>\n<meta property=\"article:published_time\" content=\"2024-03-22T09:46:27+00:00\" \/>\n<meta property=\"og:image\" content=\"https:\/\/kibrisdakik.com\/wp-content\/uploads\/2023\/03\/trafik-kazasi-123-740x420.jpg\" \/>\n\t<meta property=\"og:image:width\" content=\"850\" \/>\n\t<meta property=\"og:image:height\" content=\"458\" \/>\n\t<meta property=\"og:image:type\" content=\"image\/jpeg\" \/>\n<meta name=\"author\" content=\"admin\" \/>\n<meta name=\"twitter:card\" content=\"summary_large_image\" \/>\n<meta name=\"twitter:label1\" content=\"Yazan:\" \/>\n\t<meta name=\"twitter:data1\" content=\"admin\" \/>\n\t<meta name=\"twitter:label2\" content=\"Tahmini okuma s\u00fcresi\" \/>\n\t<meta name=\"twitter:data2\" content=\"1 dakika\" \/>\n<script type=\"application\/ld+json\" class=\"yoast-schema-graph\">{\"@context\":\"https:\\\/\\\/schema.org\",\"@graph\":[{\"@type\":\"Article\",\"@id\":\"https:\\\/\\\/kibrisdakik.com\\\/?p=35193#article\",\"isPartOf\":{\"@id\":\"https:\\\/\\\/kibrisdakik.com\\\/?p=35193\"},\"author\":{\"name\":\"admin\",\"@id\":\"https:\\\/\\\/kibrisdakik.com\\\/#\\\/schema\\\/person\\\/9cd9d437bbb44f72b73ba127e06d8e79\"},\"headline\":\"D\u00fcn gece ve bu sabah\u0131n ilk saatlerinde meydana gelen 2 kazada 2 ki\u015fi yaraland\u0131\",\"datePublished\":\"2024-03-22T09:46:27+00:00\",\"mainEntityOfPage\":{\"@id\":\"https:\\\/\\\/kibrisdakik.com\\\/?p=35193\"},\"wordCount\":231,\"commentCount\":0,\"image\":{\"@id\":\"https:\\\/\\\/kibrisdakik.com\\\/?p=35193#primaryimage\"},\"thumbnailUrl\":\"https:\\\/\\\/kibrisdakik.com\\\/wp-content\\\/uploads\\\/2023\\\/03\\\/trafik-kazasi-123-740x420.jpg\",\"articleSection\":[\"G\u00fcndem\"],\"inLanguage\":\"tr\",\"potentialAction\":[{\"@type\":\"CommentAction\",\"name\":\"Comment\",\"target\":[\"https:\\\/\\\/kibrisdakik.com\\\/?p=35193#respond\"]}]},{\"@type\":\"WebPage\",\"@id\":\"https:\\\/\\\/kibrisdakik.com\\\/?p=35193\",\"url\":\"https:\\\/\\\/kibrisdakik.com\\\/?p=35193\",\"name\":\"D\u00fcn gece ve bu sabah\u0131n ilk saatlerinde meydana gelen 2 kazada 2 ki\u015fi yaraland\u0131 -\",\"isPartOf\":{\"@id\":\"https:\\\/\\\/kibrisdakik.com\\\/#website\"},\"primaryImageOfPage\":{\"@id\":\"https:\\\/\\\/kibrisdakik.com\\\/?p=35193#primaryimage\"},\"image\":{\"@id\":\"https:\\\/\\\/kibrisdakik.com\\\/?p=35193#primaryimage\"},\"thumbnailUrl\":\"https:\\\/\\\/kibrisdakik.com\\\/wp-content\\\/uploads\\\/2023\\\/03\\\/trafik-kazasi-123-740x420.jpg\",\"datePublished\":\"2024-03-22T09:46:27+00:00\",\"author\":{\"@id\":\"https:\\\/\\\/kibrisdakik.com\\\/#\\\/schema\\\/person\\\/9cd9d437bbb44f72b73ba127e06d8e79\"},\"breadcrumb\":{\"@id\":\"https:\\\/\\\/kibrisdakik.com\\\/?p=35193#breadcrumb\"},\"inLanguage\":\"tr\",\"potentialAction\":[{\"@type\":\"ReadAction\",\"target\":[\"https:\\\/\\\/kibrisdakik.com\\\/?p=35193\"]}]},{\"@type\":\"ImageObject\",\"inLanguage\":\"tr\",\"@id\":\"https:\\\/\\\/kibrisdakik.com\\\/?p=35193#primaryimage\",\"url\":\"https:\\\/\\\/kibrisdakik.com\\\/wp-content\\\/uploads\\\/2023\\\/03\\\/trafik-kazasi-123-740x420.jpg\",\"contentUrl\":\"https:\\\/\\\/kibrisdakik.com\\\/wp-content\\\/uploads\\\/2023\\\/03\\\/trafik-kazasi-123-740x420.jpg\",\"width\":850,\"height\":458},{\"@type\":\"BreadcrumbList\",\"@id\":\"https:\\\/\\\/kibrisdakik.com\\\/?p=35193#breadcrumb\",\"itemListElement\":[{\"@type\":\"ListItem\",\"position\":1,\"name\":\"Home\",\"item\":\"https:\\\/\\\/kibrisdakik.com\\\/\"},{\"@type\":\"ListItem\",\"position\":2,\"name\":\"D\u00fcn gece ve bu sabah\u0131n ilk saatlerinde meydana gelen 2 kazada 2 ki\u015fi yaraland\u0131\"}]},{\"@type\":\"WebSite\",\"@id\":\"https:\\\/\\\/kibrisdakik.com\\\/#website\",\"url\":\"https:\\\/\\\/kibrisdakik.com\\\/\",\"name\":\"\",\"description\":\"Tam vaktinde haber\",\"potentialAction\":[{\"@type\":\"SearchAction\",\"target\":{\"@type\":\"EntryPoint\",\"urlTemplate\":\"https:\\\/\\\/kibrisdakik.com\\\/?s={search_term_string}\"},\"query-input\":{\"@type\":\"PropertyValueSpecification\",\"valueRequired\":true,\"valueName\":\"search_term_string\"}}],\"inLanguage\":\"tr\"},{\"@type\":\"Person\",\"@id\":\"https:\\\/\\\/kibrisdakik.com\\\/#\\\/schema\\\/person\\\/9cd9d437bbb44f72b73ba127e06d8e79\",\"name\":\"admin\",\"image\":{\"@type\":\"ImageObject\",\"inLanguage\":\"tr\",\"@id\":\"https:\\\/\\\/secure.gravatar.com\\\/avatar\\\/ccc17943b9d660506c869530f897617f7cb1c21a4bf30023f252596d83e1f007?s=96&d=mm&r=g\",\"url\":\"https:\\\/\\\/secure.gravatar.com\\\/avatar\\\/ccc17943b9d660506c869530f897617f7cb1c21a4bf30023f252596d83e1f007?s=96&d=mm&r=g\",\"contentUrl\":\"https:\\\/\\\/secure.gravatar.com\\\/avatar\\\/ccc17943b9d660506c869530f897617f7cb1c21a4bf30023f252596d83e1f007?s=96&d=mm&r=g\",\"caption\":\"admin\"},\"sameAs\":[\"https:\\\/\\\/kibrisdakik.com\"],\"url\":\"https:\\\/\\\/kibrisdakik.com\\\/?author=1\"}]}<\/script>\n<!-- \/ Yoast SEO plugin. -->","yoast_head_json":{"title":"D\u00fcn gece ve bu sabah\u0131n ilk saatlerinde meydana gelen 2 kazada 2 ki\u015fi yaraland\u0131 -","robots":{"index":"index","follow":"follow","max-snippet":"max-snippet:-1","max-image-preview":"max-image-preview:large","max-video-preview":"max-video-preview:-1"},"canonical":"https:\/\/kibrisdakik.com\/?p=35193","og_locale":"tr_TR","og_type":"article","og_title":"D\u00fcn gece ve bu sabah\u0131n ilk saatlerinde meydana gelen 2 kazada 2 ki\u015fi yaraland\u0131 -","og_description":"Bo\u011faz-Dikmen ve Lefko\u015fa-Gazima\u011fusa ana yollar\u0131nda meydana gelen trafik kazalar\u0131nda, iki ki\u015fi yaraland\u0131. Polis b\u00fcltenine g\u00f6re, Bo\u011fazk\u00f6y-Dikmen yolunun ilk kilometresinde d\u00fcn gece 21.00 s\u0131ralar\u0131ndaki kazada, 18 ya\u015f\u0131ndaki s\u00fcr\u00fcc\u00fc Tahir Baran Demir y\u00f6netimindeki FB 733 plakal\u0131 ara\u00e7, sa\u011fa meyilli virajda, s\u00fcr\u00fcc\u00fcn\u00fcn dikkatsizli\u011fi ve direksiyon hakimiyetini kaybetmesi sonucu, yoldan \u00e7\u0131karak trafik levhas\u0131na, ayd\u0131nlatma dire\u011fine ve tel \u00f6rg\u00fclerin beton","og_url":"https:\/\/kibrisdakik.com\/?p=35193","article_published_time":"2024-03-22T09:46:27+00:00","og_image":[{"width":850,"height":458,"url":"https:\/\/kibrisdakik.com\/wp-content\/uploads\/2023\/03\/trafik-kazasi-123-740x420.jpg","type":"image\/jpeg"}],"author":"admin","twitter_card":"summary_large_image","twitter_misc":{"Yazan:":"admin","Tahmini okuma s\u00fcresi":"1 dakika"},"schema":{"@context":"https:\/\/schema.org","@graph":[{"@type":"Article","@id":"https:\/\/kibrisdakik.com\/?p=35193#article","isPartOf":{"@id":"https:\/\/kibrisdakik.com\/?p=35193"},"author":{"name":"admin","@id":"https:\/\/kibrisdakik.com\/#\/schema\/person\/9cd9d437bbb44f72b73ba127e06d8e79"},"headline":"D\u00fcn gece ve bu sabah\u0131n ilk saatlerinde meydana gelen 2 kazada 2 ki\u015fi yaraland\u0131","datePublished":"2024-03-22T09:46:27+00:00","mainEntityOfPage":{"@id":"https:\/\/kibrisdakik.com\/?p=35193"},"wordCount":231,"commentCount":0,"image":{"@id":"https:\/\/kibrisdakik.com\/?p=35193#primaryimage"},"thumbnailUrl":"https:\/\/kibrisdakik.com\/wp-content\/uploads\/2023\/03\/trafik-kazasi-123-740x420.jpg","articleSection":["G\u00fcndem"],"inLanguage":"tr","potentialAction":[{"@type":"CommentAction","name":"Comment","target":["https:\/\/kibrisdakik.com\/?p=35193#respond"]}]},{"@type":"WebPage","@id":"https:\/\/kibrisdakik.com\/?p=35193","url":"https:\/\/kibrisdakik.com\/?p=35193","name":"D\u00fcn gece ve bu sabah\u0131n ilk saatlerinde meydana gelen 2 kazada 2 ki\u015fi yaraland\u0131 -","isPartOf":{"@id":"https:\/\/kibrisdakik.com\/#website"},"primaryImageOfPage":{"@id":"https:\/\/kibrisdakik.com\/?p=35193#primaryimage"},"image":{"@id":"https:\/\/kibrisdakik.com\/?p=35193#primaryimage"},"thumbnailUrl":"https:\/\/kibrisdakik.com\/wp-content\/uploads\/2023\/03\/trafik-kazasi-123-740x420.jpg","datePublished":"2024-03-22T09:46:27+00:00","author":{"@id":"https:\/\/kibrisdakik.com\/#\/schema\/person\/9cd9d437bbb44f72b73ba127e06d8e79"},"breadcrumb":{"@id":"https:\/\/kibrisdakik.com\/?p=35193#breadcrumb"},"inLanguage":"tr","potentialAction":[{"@type":"ReadAction","target":["https:\/\/kibrisdakik.com\/?p=35193"]}]},{"@type":"ImageObject","inLanguage":"tr","@id":"https:\/\/kibrisdakik.com\/?p=35193#primaryimage","url":"https:\/\/kibrisdakik.com\/wp-content\/uploads\/2023\/03\/trafik-kazasi-123-740x420.jpg","contentUrl":"https:\/\/kibrisdakik.com\/wp-content\/uploads\/2023\/03\/trafik-kazasi-123-740x420.jpg","width":850,"height":458},{"@type":"BreadcrumbList","@id":"https:\/\/kibrisdakik.com\/?p=35193#breadcrumb","itemListElement":[{"@type":"ListItem","position":1,"name":"Home","item":"https:\/\/kibrisdakik.com\/"},{"@type":"ListItem","position":2,"name":"D\u00fcn gece ve bu sabah\u0131n ilk saatlerinde meydana gelen 2 kazada 2 ki\u015fi yaraland\u0131"}]},{"@type":"WebSite","@id":"https:\/\/kibrisdakik.com\/#website","url":"https:\/\/kibrisdakik.com\/","name":"","description":"Tam vaktinde haber","potentialAction":[{"@type":"SearchAction","target":{"@type":"EntryPoint","urlTemplate":"https:\/\/kibrisdakik.com\/?s={search_term_string}"},"query-input":{"@type":"PropertyValueSpecification","valueRequired":true,"valueName":"search_term_string"}}],"inLanguage":"tr"},{"@type":"Person","@id":"https:\/\/kibrisdakik.com\/#\/schema\/person\/9cd9d437bbb44f72b73ba127e06d8e79","name":"admin","image":{"@type":"ImageObject","inLanguage":"tr","@id":"https:\/\/secure.gravatar.com\/avatar\/ccc17943b9d660506c869530f897617f7cb1c21a4bf30023f252596d83e1f007?s=96&d=mm&r=g","url":"https:\/\/secure.gravatar.com\/avatar\/ccc17943b9d660506c869530f897617f7cb1c21a4bf30023f252596d83e1f007?s=96&d=mm&r=g","contentUrl":"https:\/\/secure.gravatar.com\/avatar\/ccc17943b9d660506c869530f897617f7cb1c21a4bf30023f252596d83e1f007?s=96&d=mm&r=g","caption":"admin"},"sameAs":["https:\/\/kibrisdakik.com"],"url":"https:\/\/kibrisdakik.com\/?author=1"}]}},"_links":{"self":[{"href":"https:\/\/kibrisdakik.com\/index.php?rest_route=\/wp\/v2\/posts\/35193","targetHints":{"allow":["GET"]}}],"collection":[{"href":"https:\/\/kibrisdakik.com\/index.php?rest_route=\/wp\/v2\/posts"}],"about":[{"href":"https:\/\/kibrisdakik.com\/index.php?rest_route=\/wp\/v2\/types\/post"}],"author":[{"embeddable":true,"href":"https:\/\/kibrisdakik.com\/index.php?rest_route=\/wp\/v2\/users\/1"}],"replies":[{"embeddable":true,"href":"https:\/\/kibrisdakik.com\/index.php?rest_route=%2Fwp%2Fv2%2Fcomments&post=35193"}],"version-history":[{"count":0,"href":"https:\/\/kibrisdakik.com\/index.php?rest_route=\/wp\/v2\/posts\/35193\/revisions"}],"wp:featuredmedia":[{"embeddable":true,"href":"https:\/\/kibrisdakik.com\/index.php?rest_route=\/wp\/v2\/media\/3413"}],"wp:attachment":[{"href":"https:\/\/kibrisdakik.com\/index.php?rest_route=%2Fwp%2Fv2%2Fmedia&parent=35193"}],"wp:term":[{"taxonomy":"category","embeddable":true,"href":"https:\/\/kibrisdakik.com\/index.php?rest_route=%2Fwp%2Fv2%2Fcategories&post=35193"},{"taxonomy":"post_tag","embeddable":true,"href":"https:\/\/kibrisdakik.com\/index.php?rest_route=%2Fwp%2Fv2%2Ftags&post=35193"}],"curies":[{"name":"wp","href":"https:\/\/api.w.org\/{rel}","templated":true}]}}