{"id":35197,"date":"2024-03-22T10:45:18","date_gmt":"2024-03-22T10:45:18","guid":{"rendered":"https:\/\/kibrisdakik.com\/index.php\/2024\/03\/22\/genc-kalemler-projesi-icin-is-birligi-protokolu-imzalandi\/"},"modified":"2024-03-22T10:45:18","modified_gmt":"2024-03-22T10:45:18","slug":"genc-kalemler-projesi-icin-is-birligi-protokolu-imzalandi","status":"publish","type":"post","link":"https:\/\/kibrisdakik.com\/?p=35197","title":{"rendered":"Gen\u00e7 Kalemler Projesi i\u00e7in i\u015f birli\u011fi protokol\u00fc imzaland\u0131"},"content":{"rendered":"<p><img decoding=\"async\" src=\"https:\/\/www.kibristurk.com\/images\/haberler\/2024\/03\/genc-kalemler-projesi-icin-is-birligi-protokolu-imzalandi-1711103241.webp\" \/><\/p>\n<p style=\"text-align:left\"><span style=\"font-size:16px\"><span style=\"font-family:Merriweather,serif !important\"><span style=\"color:#000000\"><span style=\"background-color:#ffffff\"><span style=\"font-size:12pt\"><span style=\"font-family:Merriweather,serif !important\"><span style=\"color:#000000 !important\">Bakanl\u0131k a\u00e7\u0131klamas\u0131na g\u00f6re protokole, Milli E\u011fitim Bakan\u0131 Naz\u0131m \u00c7avu\u015fo\u011flu, Kuzey K\u0131br\u0131s Turkcell Genel M\u00fcd\u00fcr\u00fc Murat K\u00fc\u00e7\u00fck\u00f6zdemir, Toplumsal Geli\u015fim Hareketi Ba\u015fkan\u0131 Sibel Din\u00e7y\u00fcrek, Ma\u011fusa Kale Lions Kul\u00fcb\u00fc Ba\u015fkan\u0131 Seray G\u00fcr\u00fcn, Girne Vatan Lions Kul\u00fcb\u00fc Ba\u015fkan\u0131 Harbiye \u015eeny\u00fcz ve Kuzey K\u0131br\u0131s Turkcell Genel M\u00fcd\u00fcr Yard\u0131mc\u0131s\u0131 Deniz Mungan Sonu\u00e7 imza koydu.<\/span><\/span><\/span><\/span><\/span><\/span><\/span><\/p>\n<p style=\"text-align:left\"><span style=\"font-size:16px\"><span style=\"font-family:Merriweather,serif !important\"><span style=\"color:#000000\"><span style=\"background-color:#ffffff\"><span style=\"font-size:12pt\"><span style=\"font-family:Merriweather,serif !important\"><span style=\"color:#000000 !important\">Protokol \u00e7er\u00e7evesinde, Gazima\u011fusa merkez b\u00f6lgesinde \u00f6\u011frenim g\u00f6ren lise \u00f6\u011frencilerine y\u00f6nelik \u201cZorbal\u0131\u011fa Kar\u015f\u0131 Kalem Sava\u015f\u0131: Ergenlerin Hikaye M\u00fccadelesi\u201d konulu kompozisyon yar\u0131\u015fmas\u0131 d\u00fczenlenecek.<\/span><\/span><\/span><\/span><\/span><\/span><\/span><\/p>\n<p style=\"text-align:left\"><span style=\"font-size:16px\"><span style=\"font-family:Merriweather,serif !important\"><span style=\"color:#000000\"><span style=\"background-color:#ffffff\"><span style=\"font-size:12pt\"><span style=\"font-family:Merriweather,serif !important\"><span style=\"color:#000000 !important\">&nbsp;Kelimelerle De\u011fi\u015fim Ba\u015flat! Zorbal\u0131\u011fa Kar\u015f\u0131 G\u00fc\u00e7 Senin Elinde slogan\u0131yla d\u00fczenlenecek olan yar\u0131\u015fman\u0131n \u00f6d\u00fcl t\u00f6reni ise 10 May\u0131s tarihinde ger\u00e7ekle\u015ftirilecek.<\/span><\/span><\/span><\/span><\/span><\/span><\/span><\/p>\n<p style=\"text-align:left\"><span style=\"font-size:16px\"><span style=\"font-family:Merriweather,serif !important\"><span style=\"color:#000000\"><span style=\"background-color:#ffffff\"><span style=\"font-size:12pt\"><span style=\"font-family:Merriweather,serif !important\"><span style=\"color:#000000 !important\">-\u00c7avu\u015fo\u011flu<\/span><\/span><\/span><\/span><\/span><\/span><\/span><\/p>\n<p style=\"text-align:left\"><span style=\"font-size:16px\"><span style=\"font-family:Merriweather,serif !important\"><span style=\"color:#000000\"><span style=\"background-color:#ffffff\"><span style=\"font-size:12pt\"><span style=\"font-family:Merriweather,serif !important\"><span style=\"color:#000000 !important\">Milli E\u011fitim Bakan\u0131 Naz\u0131m \u00c7avu\u015fo\u011flu imza t\u00f6reninde yapt\u0131\u011f\u0131 konu\u015fmada, gen\u00e7lerin zorbal\u0131kla m\u00fccadele konusundaki fark\u0131ndal\u0131\u011f\u0131n\u0131n \u00f6nemine dikkat \u00e7ekti.<\/span><\/span><\/span><\/span><\/span><\/span><\/span><\/p>\n<p style=\"text-align:left\"><span style=\"font-size:16px\"><span style=\"font-family:Merriweather,serif !important\"><span style=\"color:#000000\"><span style=\"background-color:#ffffff\"><span style=\"font-size:12pt\"><span style=\"font-family:Merriweather,serif !important\"><span style=\"color:#000000 !important\">Gen\u00e7lerin i\u00e7inde bulunduklar\u0131 \u00e7a\u011fda, dijitalle\u015fmenin getirdi\u011fi imkanlarla birlikte, zorbal\u0131k ve di\u011fer sosyal sorunlar\u0131n da sanal alanlara ta\u015f\u0131nd\u0131\u011f\u0131n\u0131 belirten \u00c7avu\u015fo\u011flu, bu nedenle, gen\u00e7lerin sadece fiziksel d\u00fcnyada de\u011fil, ayn\u0131 zamanda dijital ortamlarda da g\u00fcvende olmalar\u0131n\u0131n kritik bir \u00f6neme sahip oldu\u011funa vurgu yapt\u0131.<\/span><\/span><\/span><\/span><\/span><\/span><\/span><\/p>\n<p style=\"text-align:left\"><span style=\"font-size:16px\"><span style=\"font-family:Merriweather,serif !important\"><span style=\"color:#000000\"><span style=\"background-color:#ffffff\"><span style=\"font-size:12pt\"><span style=\"font-family:Merriweather,serif !important\"><span style=\"color:#000000 !important\">Zorbal\u0131\u011f\u0131n sadece bireyler aras\u0131nda de\u011fil, toplumun genel yap\u0131s\u0131n\u0131 da etkileyebilecek bir sorun oldu\u011funu belirten ve bu sorunun \u00e7\u00f6z\u00fcm\u00fcnde e\u011fitimin ve bilin\u00e7lendirme \u00e7al\u0131\u015fmalar\u0131n\u0131n hayati bir rol oynad\u0131\u011f\u0131n\u0131 ifade eden \u00c7avu\u015fo\u011flu, bu projenin gen\u00e7lere zorbal\u0131kla m\u00fccadele etme konusunda hem bilgi hem de cesaret verece\u011fine inand\u0131\u011f\u0131n\u0131 s\u00f6yledi.<\/span><\/span><\/span><\/span><\/span><\/span><\/span><\/p>\n<p style=\"text-align:left\"><span style=\"font-size:16px\"><span style=\"font-family:Merriweather,serif !important\"><span style=\"color:#000000\"><span style=\"background-color:#ffffff\"><span style=\"font-size:12pt\"><span style=\"font-family:Merriweather,serif !important\"><span style=\"color:#000000 !important\">\u00c7avu\u015fo\u011flu, projenin hayata ge\u00e7mesinde eme\u011fi ge\u00e7enlere te\u015fekk\u00fcr ederek, hay\u0131rl\u0131 olmas\u0131n\u0131 diledi.<\/span><\/span><\/span><\/span><\/span><\/span><\/span><\/p>\n<p style=\"text-align:left\"><span style=\"font-size:16px\"><span style=\"font-family:Merriweather,serif !important\"><span style=\"color:#000000\"><span style=\"background-color:#ffffff\"><span style=\"font-size:12pt\"><span style=\"font-family:Merriweather,serif !important\"><span style=\"color:#000000 !important\">-K\u00fc\u00e7\u00fck\u00f6zdemir<\/span><\/span><\/span><\/span><\/span><\/span><\/span><\/p>\n<p style=\"text-align:left\"><span style=\"font-size:16px\"><span style=\"font-family:Merriweather,serif !important\"><span style=\"color:#000000\"><span style=\"background-color:#ffffff\"><span style=\"font-size:12pt\"><span style=\"font-family:Merriweather,serif !important\"><span style=\"color:#000000 !important\">Kuzey K\u0131br\u0131s Turkcell Genel M\u00fcd\u00fcr\u00fc Murat K\u00fc\u00e7\u00fck\u00f6zdemir de yapt\u0131\u011f\u0131 konu\u015fmada, teknolojinin kullan\u0131lmas\u0131n\u0131 te\u015fvik eden bir \u015firket olmalar\u0131na ra\u011fmen, teknoloji ile birlikte gelen risklerin fark\u0131ndal\u0131\u011f\u0131n\u0131 olu\u015fturmak i\u00e7in bu projede yer ald\u0131klar\u0131na dikkat \u00e7ekti.<\/span><\/span><\/span><\/span><\/span><\/span><\/span><\/p>\n<p style=\"text-align:left\"><span style=\"font-size:16px\"><span style=\"font-family:Merriweather,serif !important\"><span style=\"color:#000000\"><span style=\"background-color:#ffffff\"><span style=\"font-size:12pt\"><span style=\"font-family:Merriweather,serif !important\"><span style=\"color:#000000 !important\">K\u00fc\u00e7\u00fck\u00f6zdemir, Kuzey K\u0131br\u0131s Turkcell olarak teknolojinin ve teknolojik altyap\u0131n\u0131n geli\u015ftirilmesi ad\u0131na \u00e7al\u0131\u015fmalar\u0131n\u0131 yo\u011fun bir \u015fekilde devam ettirdiklerini ancak bir ebeveyn olarak \u00e7ocuklar\u0131n, ba\u015fta siber zorbal\u0131k olmak \u00fczere, teknoloji ile gelebilecek t\u00fcm risklerin fark\u0131nda olmalar\u0131n\u0131 istedi\u011fini s\u00f6yledi.<\/span><\/span><\/span><\/span><\/span><\/span><\/span><\/p>\n<p style=\"text-align:left\"><span style=\"font-size:16px\"><span style=\"font-family:Merriweather,serif !important\"><span style=\"color:#000000\"><span style=\"background-color:#ffffff\"><span style=\"font-size:12pt\"><span style=\"font-family:Merriweather,serif !important\"><span style=\"color:#000000 !important\">Bu \u00e7er\u00e7evede iyi bir projeye imza att\u0131klar\u0131n\u0131 belirten K\u00fc\u00e7\u00fck\u00f6zdemir, destek veren herkese te\u015fekk\u00fcr etti.<\/span><\/span><\/span><\/span><\/span><\/span><\/span><\/p>\n<p style=\"text-align:left\"><span style=\"font-size:16px\"><span style=\"font-family:Merriweather,serif !important\"><span style=\"color:#000000\"><span style=\"background-color:#ffffff\"><span style=\"font-size:12pt\"><span style=\"font-family:Merriweather,serif !important\"><span style=\"color:#000000 !important\">-Din\u00e7y\u00fcrek<\/span><\/span><\/span><\/span><\/span><\/span><\/span><\/p>\n<p style=\"text-align:left\"><span style=\"font-size:16px\"><span style=\"font-family:Merriweather,serif !important\"><span style=\"color:#000000\"><span style=\"background-color:#ffffff\"><span style=\"font-size:12pt\"><span style=\"font-family:Merriweather,serif !important\"><span style=\"color:#000000 !important\">Toplumsal Geli\u015fim Hareketi Ba\u015fkan\u0131 Sibel Din\u00e7y\u00fcrek ise konu\u015fmas\u0131nda, projeye ili\u015fkin detaylardan bahsetti.<\/span><\/span><\/span><\/span><\/span><\/span><\/span><\/p>\n<p style=\"text-align:left\"><span style=\"font-size:16px\"><span style=\"font-family:Merriweather,serif !important\"><span style=\"color:#000000\"><span style=\"background-color:#ffffff\"><span style=\"font-size:12pt\"><span style=\"font-family:Merriweather,serif !important\"><span style=\"color:#000000 !important\">Projenin Gazima\u011fusa merkez b\u00f6lgesinde \u00f6\u011frenim g\u00f6ren lise \u00f6\u011frencilerini kapsad\u0131\u011f\u0131n\u0131 belirten Din\u00e7y\u00fcrek, gen\u00e7lerin zorbal\u0131\u011fa kar\u015f\u0131 nas\u0131l m\u00fccadele edece\u011fi ile ilgili bir kompozisyon yar\u0131\u015fmas\u0131 d\u00fczenleyeceklerini s\u00f6yledi.<\/span><\/span><\/span><\/span><\/span><\/span><\/span><\/p>\n<p style=\"text-align:left\"><span style=\"font-size:16px\"><span style=\"font-family:Merriweather,serif !important\"><span style=\"color:#000000\"><span style=\"background-color:#ffffff\"><span style=\"font-size:12pt\"><span style=\"font-family:Merriweather,serif !important\"><span style=\"color:#000000 !important\">Yar\u0131\u015fman\u0131n \u00f6d\u00fcl t\u00f6reninin 10 May\u0131s\u2019ta yap\u0131laca\u011f\u0131n\u0131 ve \u00f6d\u00fcl t\u00f6reninden \u00f6nce uzmanlar taraf\u0131ndan \u00f6\u011frencilere y\u00f6nelik e\u011fitim semineri verilece\u011fini kaydeden Din\u00e7y\u00fcrek, yar\u0131\u015fmaya kat\u0131lan t\u00fcm \u00f6\u011frencilere kat\u0131l\u0131m belgesi vereceklerini belirtti.<\/span><\/span><\/span><\/span><\/span><\/span><\/span><\/p>\n<p style=\"text-align:left\"><span style=\"font-size:16px\"><span style=\"font-family:Merriweather,serif !important\"><span style=\"color:#000000\"><span style=\"background-color:#ffffff\"><span style=\"font-size:12pt\"><span style=\"font-family:Merriweather,serif !important\"><span style=\"color:#000000 !important\">Din\u00e7y\u00fcrek, projeye destek veren herkese te\u015fekk\u00fcr ederek, projenin hay\u0131rl\u0131 olmas\u0131n\u0131 temenni etti.&nbsp;&nbsp;<\/span><\/span><\/span><\/span><\/span><\/span><\/span><\/p>\n","protected":false},"excerpt":{"rendered":"<p>Bakanl\u0131k a\u00e7\u0131klamas\u0131na g\u00f6re protokole, Milli E\u011fitim Bakan\u0131 Naz\u0131m \u00c7avu\u015fo\u011flu, Kuzey K\u0131br\u0131s Turkcell Genel M\u00fcd\u00fcr\u00fc Murat K\u00fc\u00e7\u00fck\u00f6zdemir, Toplumsal Geli\u015fim Hareketi Ba\u015fkan\u0131 Sibel Din\u00e7y\u00fcrek, Ma\u011fusa Kale Lions Kul\u00fcb\u00fc Ba\u015fkan\u0131 Seray G\u00fcr\u00fcn, Girne Vatan Lions Kul\u00fcb\u00fc Ba\u015fkan\u0131 Harbiye \u015eeny\u00fcz ve Kuzey K\u0131br\u0131s Turkcell Genel M\u00fcd\u00fcr Yard\u0131mc\u0131s\u0131 Deniz Mungan Sonu\u00e7 imza koydu. Protokol \u00e7er\u00e7evesinde, Gazima\u011fusa merkez b\u00f6lgesinde \u00f6\u011frenim g\u00f6ren<\/p>\n","protected":false},"author":1,"featured_media":35198,"comment_status":"open","ping_status":"open","sticky":false,"template":"","format":"standard","meta":{"footnotes":""},"categories":[79],"tags":[],"class_list":["post-35197","post","type-post","status-publish","format-standard","has-post-thumbnail","hentry","category-ekonomi"],"yoast_head":"<!-- This site is optimized with the Yoast SEO plugin v27.4 - https:\/\/yoast.com\/product\/yoast-seo-wordpress\/ -->\n<title>Gen\u00e7 Kalemler Projesi i\u00e7in i\u015f birli\u011fi protokol\u00fc imzaland\u0131 -<\/title>\n<meta name=\"robots\" content=\"index, follow, max-snippet:-1, max-image-preview:large, max-video-preview:-1\" \/>\n<link rel=\"canonical\" href=\"https:\/\/kibrisdakik.com\/?p=35197\" \/>\n<meta property=\"og:locale\" content=\"tr_TR\" \/>\n<meta property=\"og:type\" content=\"article\" \/>\n<meta property=\"og:title\" content=\"Gen\u00e7 Kalemler Projesi i\u00e7in i\u015f birli\u011fi protokol\u00fc imzaland\u0131 -\" \/>\n<meta property=\"og:description\" content=\"Bakanl\u0131k a\u00e7\u0131klamas\u0131na g\u00f6re protokole, Milli E\u011fitim Bakan\u0131 Naz\u0131m \u00c7avu\u015fo\u011flu, Kuzey K\u0131br\u0131s Turkcell Genel M\u00fcd\u00fcr\u00fc Murat K\u00fc\u00e7\u00fck\u00f6zdemir, Toplumsal Geli\u015fim Hareketi Ba\u015fkan\u0131 Sibel Din\u00e7y\u00fcrek, Ma\u011fusa Kale Lions Kul\u00fcb\u00fc Ba\u015fkan\u0131 Seray G\u00fcr\u00fcn, Girne Vatan Lions Kul\u00fcb\u00fc Ba\u015fkan\u0131 Harbiye \u015eeny\u00fcz ve Kuzey K\u0131br\u0131s Turkcell Genel M\u00fcd\u00fcr Yard\u0131mc\u0131s\u0131 Deniz Mungan Sonu\u00e7 imza koydu. Protokol \u00e7er\u00e7evesinde, Gazima\u011fusa merkez b\u00f6lgesinde \u00f6\u011frenim g\u00f6ren\" \/>\n<meta property=\"og:url\" content=\"https:\/\/kibrisdakik.com\/?p=35197\" \/>\n<meta property=\"article:published_time\" content=\"2024-03-22T10:45:18+00:00\" \/>\n<meta property=\"og:image\" content=\"https:\/\/kibrisdakik.com\/wp-content\/uploads\/2024\/03\/genc-kalemler-projesi-icin-is-birligi-protokolu-imzalandi-1711103241.webp.webp\" \/>\n\t<meta property=\"og:image:width\" content=\"710\" \/>\n\t<meta property=\"og:image:height\" content=\"370\" \/>\n\t<meta property=\"og:image:type\" content=\"image\/webp\" \/>\n<meta name=\"author\" content=\"admin\" \/>\n<meta name=\"twitter:card\" content=\"summary_large_image\" \/>\n<meta name=\"twitter:label1\" content=\"Yazan:\" \/>\n\t<meta name=\"twitter:data1\" content=\"admin\" \/>\n\t<meta name=\"twitter:label2\" content=\"Tahmini okuma s\u00fcresi\" \/>\n\t<meta name=\"twitter:data2\" content=\"3 dakika\" \/>\n<script type=\"application\/ld+json\" class=\"yoast-schema-graph\">{\"@context\":\"https:\\\/\\\/schema.org\",\"@graph\":[{\"@type\":\"Article\",\"@id\":\"https:\\\/\\\/kibrisdakik.com\\\/?p=35197#article\",\"isPartOf\":{\"@id\":\"https:\\\/\\\/kibrisdakik.com\\\/?p=35197\"},\"author\":{\"name\":\"admin\",\"@id\":\"https:\\\/\\\/kibrisdakik.com\\\/#\\\/schema\\\/person\\\/9cd9d437bbb44f72b73ba127e06d8e79\"},\"headline\":\"Gen\u00e7 Kalemler Projesi i\u00e7in i\u015f birli\u011fi protokol\u00fc imzaland\u0131\",\"datePublished\":\"2024-03-22T10:45:18+00:00\",\"mainEntityOfPage\":{\"@id\":\"https:\\\/\\\/kibrisdakik.com\\\/?p=35197\"},\"wordCount\":586,\"commentCount\":0,\"image\":{\"@id\":\"https:\\\/\\\/kibrisdakik.com\\\/?p=35197#primaryimage\"},\"thumbnailUrl\":\"https:\\\/\\\/kibrisdakik.com\\\/wp-content\\\/uploads\\\/2024\\\/03\\\/genc-kalemler-projesi-icin-is-birligi-protokolu-imzalandi-1711103241.webp.webp\",\"articleSection\":[\"Ekonomi\"],\"inLanguage\":\"tr\",\"potentialAction\":[{\"@type\":\"CommentAction\",\"name\":\"Comment\",\"target\":[\"https:\\\/\\\/kibrisdakik.com\\\/?p=35197#respond\"]}]},{\"@type\":\"WebPage\",\"@id\":\"https:\\\/\\\/kibrisdakik.com\\\/?p=35197\",\"url\":\"https:\\\/\\\/kibrisdakik.com\\\/?p=35197\",\"name\":\"Gen\u00e7 Kalemler Projesi i\u00e7in i\u015f birli\u011fi protokol\u00fc imzaland\u0131 -\",\"isPartOf\":{\"@id\":\"https:\\\/\\\/kibrisdakik.com\\\/#website\"},\"primaryImageOfPage\":{\"@id\":\"https:\\\/\\\/kibrisdakik.com\\\/?p=35197#primaryimage\"},\"image\":{\"@id\":\"https:\\\/\\\/kibrisdakik.com\\\/?p=35197#primaryimage\"},\"thumbnailUrl\":\"https:\\\/\\\/kibrisdakik.com\\\/wp-content\\\/uploads\\\/2024\\\/03\\\/genc-kalemler-projesi-icin-is-birligi-protokolu-imzalandi-1711103241.webp.webp\",\"datePublished\":\"2024-03-22T10:45:18+00:00\",\"author\":{\"@id\":\"https:\\\/\\\/kibrisdakik.com\\\/#\\\/schema\\\/person\\\/9cd9d437bbb44f72b73ba127e06d8e79\"},\"breadcrumb\":{\"@id\":\"https:\\\/\\\/kibrisdakik.com\\\/?p=35197#breadcrumb\"},\"inLanguage\":\"tr\",\"potentialAction\":[{\"@type\":\"ReadAction\",\"target\":[\"https:\\\/\\\/kibrisdakik.com\\\/?p=35197\"]}]},{\"@type\":\"ImageObject\",\"inLanguage\":\"tr\",\"@id\":\"https:\\\/\\\/kibrisdakik.com\\\/?p=35197#primaryimage\",\"url\":\"https:\\\/\\\/kibrisdakik.com\\\/wp-content\\\/uploads\\\/2024\\\/03\\\/genc-kalemler-projesi-icin-is-birligi-protokolu-imzalandi-1711103241.webp.webp\",\"contentUrl\":\"https:\\\/\\\/kibrisdakik.com\\\/wp-content\\\/uploads\\\/2024\\\/03\\\/genc-kalemler-projesi-icin-is-birligi-protokolu-imzalandi-1711103241.webp.webp\",\"width\":710,\"height\":370},{\"@type\":\"BreadcrumbList\",\"@id\":\"https:\\\/\\\/kibrisdakik.com\\\/?p=35197#breadcrumb\",\"itemListElement\":[{\"@type\":\"ListItem\",\"position\":1,\"name\":\"Home\",\"item\":\"https:\\\/\\\/kibrisdakik.com\\\/\"},{\"@type\":\"ListItem\",\"position\":2,\"name\":\"Gen\u00e7 Kalemler Projesi i\u00e7in i\u015f birli\u011fi protokol\u00fc imzaland\u0131\"}]},{\"@type\":\"WebSite\",\"@id\":\"https:\\\/\\\/kibrisdakik.com\\\/#website\",\"url\":\"https:\\\/\\\/kibrisdakik.com\\\/\",\"name\":\"\",\"description\":\"Tam vaktinde haber\",\"potentialAction\":[{\"@type\":\"SearchAction\",\"target\":{\"@type\":\"EntryPoint\",\"urlTemplate\":\"https:\\\/\\\/kibrisdakik.com\\\/?s={search_term_string}\"},\"query-input\":{\"@type\":\"PropertyValueSpecification\",\"valueRequired\":true,\"valueName\":\"search_term_string\"}}],\"inLanguage\":\"tr\"},{\"@type\":\"Person\",\"@id\":\"https:\\\/\\\/kibrisdakik.com\\\/#\\\/schema\\\/person\\\/9cd9d437bbb44f72b73ba127e06d8e79\",\"name\":\"admin\",\"image\":{\"@type\":\"ImageObject\",\"inLanguage\":\"tr\",\"@id\":\"https:\\\/\\\/secure.gravatar.com\\\/avatar\\\/ccc17943b9d660506c869530f897617f7cb1c21a4bf30023f252596d83e1f007?s=96&d=mm&r=g\",\"url\":\"https:\\\/\\\/secure.gravatar.com\\\/avatar\\\/ccc17943b9d660506c869530f897617f7cb1c21a4bf30023f252596d83e1f007?s=96&d=mm&r=g\",\"contentUrl\":\"https:\\\/\\\/secure.gravatar.com\\\/avatar\\\/ccc17943b9d660506c869530f897617f7cb1c21a4bf30023f252596d83e1f007?s=96&d=mm&r=g\",\"caption\":\"admin\"},\"sameAs\":[\"https:\\\/\\\/kibrisdakik.com\"],\"url\":\"https:\\\/\\\/kibrisdakik.com\\\/?author=1\"}]}<\/script>\n<!-- \/ Yoast SEO plugin. -->","yoast_head_json":{"title":"Gen\u00e7 Kalemler Projesi i\u00e7in i\u015f birli\u011fi protokol\u00fc imzaland\u0131 -","robots":{"index":"index","follow":"follow","max-snippet":"max-snippet:-1","max-image-preview":"max-image-preview:large","max-video-preview":"max-video-preview:-1"},"canonical":"https:\/\/kibrisdakik.com\/?p=35197","og_locale":"tr_TR","og_type":"article","og_title":"Gen\u00e7 Kalemler Projesi i\u00e7in i\u015f birli\u011fi protokol\u00fc imzaland\u0131 -","og_description":"Bakanl\u0131k a\u00e7\u0131klamas\u0131na g\u00f6re protokole, Milli E\u011fitim Bakan\u0131 Naz\u0131m \u00c7avu\u015fo\u011flu, Kuzey K\u0131br\u0131s Turkcell Genel M\u00fcd\u00fcr\u00fc Murat K\u00fc\u00e7\u00fck\u00f6zdemir, Toplumsal Geli\u015fim Hareketi Ba\u015fkan\u0131 Sibel Din\u00e7y\u00fcrek, Ma\u011fusa Kale Lions Kul\u00fcb\u00fc Ba\u015fkan\u0131 Seray G\u00fcr\u00fcn, Girne Vatan Lions Kul\u00fcb\u00fc Ba\u015fkan\u0131 Harbiye \u015eeny\u00fcz ve Kuzey K\u0131br\u0131s Turkcell Genel M\u00fcd\u00fcr Yard\u0131mc\u0131s\u0131 Deniz Mungan Sonu\u00e7 imza koydu. Protokol \u00e7er\u00e7evesinde, Gazima\u011fusa merkez b\u00f6lgesinde \u00f6\u011frenim g\u00f6ren","og_url":"https:\/\/kibrisdakik.com\/?p=35197","article_published_time":"2024-03-22T10:45:18+00:00","og_image":[{"width":710,"height":370,"url":"https:\/\/kibrisdakik.com\/wp-content\/uploads\/2024\/03\/genc-kalemler-projesi-icin-is-birligi-protokolu-imzalandi-1711103241.webp.webp","type":"image\/webp"}],"author":"admin","twitter_card":"summary_large_image","twitter_misc":{"Yazan:":"admin","Tahmini okuma s\u00fcresi":"3 dakika"},"schema":{"@context":"https:\/\/schema.org","@graph":[{"@type":"Article","@id":"https:\/\/kibrisdakik.com\/?p=35197#article","isPartOf":{"@id":"https:\/\/kibrisdakik.com\/?p=35197"},"author":{"name":"admin","@id":"https:\/\/kibrisdakik.com\/#\/schema\/person\/9cd9d437bbb44f72b73ba127e06d8e79"},"headline":"Gen\u00e7 Kalemler Projesi i\u00e7in i\u015f birli\u011fi protokol\u00fc imzaland\u0131","datePublished":"2024-03-22T10:45:18+00:00","mainEntityOfPage":{"@id":"https:\/\/kibrisdakik.com\/?p=35197"},"wordCount":586,"commentCount":0,"image":{"@id":"https:\/\/kibrisdakik.com\/?p=35197#primaryimage"},"thumbnailUrl":"https:\/\/kibrisdakik.com\/wp-content\/uploads\/2024\/03\/genc-kalemler-projesi-icin-is-birligi-protokolu-imzalandi-1711103241.webp.webp","articleSection":["Ekonomi"],"inLanguage":"tr","potentialAction":[{"@type":"CommentAction","name":"Comment","target":["https:\/\/kibrisdakik.com\/?p=35197#respond"]}]},{"@type":"WebPage","@id":"https:\/\/kibrisdakik.com\/?p=35197","url":"https:\/\/kibrisdakik.com\/?p=35197","name":"Gen\u00e7 Kalemler Projesi i\u00e7in i\u015f birli\u011fi protokol\u00fc imzaland\u0131 -","isPartOf":{"@id":"https:\/\/kibrisdakik.com\/#website"},"primaryImageOfPage":{"@id":"https:\/\/kibrisdakik.com\/?p=35197#primaryimage"},"image":{"@id":"https:\/\/kibrisdakik.com\/?p=35197#primaryimage"},"thumbnailUrl":"https:\/\/kibrisdakik.com\/wp-content\/uploads\/2024\/03\/genc-kalemler-projesi-icin-is-birligi-protokolu-imzalandi-1711103241.webp.webp","datePublished":"2024-03-22T10:45:18+00:00","author":{"@id":"https:\/\/kibrisdakik.com\/#\/schema\/person\/9cd9d437bbb44f72b73ba127e06d8e79"},"breadcrumb":{"@id":"https:\/\/kibrisdakik.com\/?p=35197#breadcrumb"},"inLanguage":"tr","potentialAction":[{"@type":"ReadAction","target":["https:\/\/kibrisdakik.com\/?p=35197"]}]},{"@type":"ImageObject","inLanguage":"tr","@id":"https:\/\/kibrisdakik.com\/?p=35197#primaryimage","url":"https:\/\/kibrisdakik.com\/wp-content\/uploads\/2024\/03\/genc-kalemler-projesi-icin-is-birligi-protokolu-imzalandi-1711103241.webp.webp","contentUrl":"https:\/\/kibrisdakik.com\/wp-content\/uploads\/2024\/03\/genc-kalemler-projesi-icin-is-birligi-protokolu-imzalandi-1711103241.webp.webp","width":710,"height":370},{"@type":"BreadcrumbList","@id":"https:\/\/kibrisdakik.com\/?p=35197#breadcrumb","itemListElement":[{"@type":"ListItem","position":1,"name":"Home","item":"https:\/\/kibrisdakik.com\/"},{"@type":"ListItem","position":2,"name":"Gen\u00e7 Kalemler Projesi i\u00e7in i\u015f birli\u011fi protokol\u00fc imzaland\u0131"}]},{"@type":"WebSite","@id":"https:\/\/kibrisdakik.com\/#website","url":"https:\/\/kibrisdakik.com\/","name":"","description":"Tam vaktinde haber","potentialAction":[{"@type":"SearchAction","target":{"@type":"EntryPoint","urlTemplate":"https:\/\/kibrisdakik.com\/?s={search_term_string}"},"query-input":{"@type":"PropertyValueSpecification","valueRequired":true,"valueName":"search_term_string"}}],"inLanguage":"tr"},{"@type":"Person","@id":"https:\/\/kibrisdakik.com\/#\/schema\/person\/9cd9d437bbb44f72b73ba127e06d8e79","name":"admin","image":{"@type":"ImageObject","inLanguage":"tr","@id":"https:\/\/secure.gravatar.com\/avatar\/ccc17943b9d660506c869530f897617f7cb1c21a4bf30023f252596d83e1f007?s=96&d=mm&r=g","url":"https:\/\/secure.gravatar.com\/avatar\/ccc17943b9d660506c869530f897617f7cb1c21a4bf30023f252596d83e1f007?s=96&d=mm&r=g","contentUrl":"https:\/\/secure.gravatar.com\/avatar\/ccc17943b9d660506c869530f897617f7cb1c21a4bf30023f252596d83e1f007?s=96&d=mm&r=g","caption":"admin"},"sameAs":["https:\/\/kibrisdakik.com"],"url":"https:\/\/kibrisdakik.com\/?author=1"}]}},"_links":{"self":[{"href":"https:\/\/kibrisdakik.com\/index.php?rest_route=\/wp\/v2\/posts\/35197","targetHints":{"allow":["GET"]}}],"collection":[{"href":"https:\/\/kibrisdakik.com\/index.php?rest_route=\/wp\/v2\/posts"}],"about":[{"href":"https:\/\/kibrisdakik.com\/index.php?rest_route=\/wp\/v2\/types\/post"}],"author":[{"embeddable":true,"href":"https:\/\/kibrisdakik.com\/index.php?rest_route=\/wp\/v2\/users\/1"}],"replies":[{"embeddable":true,"href":"https:\/\/kibrisdakik.com\/index.php?rest_route=%2Fwp%2Fv2%2Fcomments&post=35197"}],"version-history":[{"count":0,"href":"https:\/\/kibrisdakik.com\/index.php?rest_route=\/wp\/v2\/posts\/35197\/revisions"}],"wp:featuredmedia":[{"embeddable":true,"href":"https:\/\/kibrisdakik.com\/index.php?rest_route=\/wp\/v2\/media\/35198"}],"wp:attachment":[{"href":"https:\/\/kibrisdakik.com\/index.php?rest_route=%2Fwp%2Fv2%2Fmedia&parent=35197"}],"wp:term":[{"taxonomy":"category","embeddable":true,"href":"https:\/\/kibrisdakik.com\/index.php?rest_route=%2Fwp%2Fv2%2Fcategories&post=35197"},{"taxonomy":"post_tag","embeddable":true,"href":"https:\/\/kibrisdakik.com\/index.php?rest_route=%2Fwp%2Fv2%2Ftags&post=35197"}],"curies":[{"name":"wp","href":"https:\/\/api.w.org\/{rel}","templated":true}]}}