{"id":35221,"date":"2024-03-22T13:47:50","date_gmt":"2024-03-22T13:47:50","guid":{"rendered":"https:\/\/kibrisdakik.com\/index.php\/2024\/03\/22\/kibris-turk-tarihine-damga-vurmus-isimler-seminerler-dizisinin-ikincisi-duzenleniyor\/"},"modified":"2024-03-22T13:47:50","modified_gmt":"2024-03-22T13:47:50","slug":"kibris-turk-tarihine-damga-vurmus-isimler-seminerler-dizisinin-ikincisi-duzenleniyor","status":"publish","type":"post","link":"https:\/\/kibrisdakik.com\/?p=35221","title":{"rendered":"\u201cK\u0131br\u0131s T\u00fcrk Tarihine Damga Vurmu\u015f \u0130simler Seminerler Dizisi\u201dnin ikincisi d\u00fczenleniyor"},"content":{"rendered":"<p><img decoding=\"async\" src=\"https:\/\/www.kibristurk.com\/images\/haberler\/2024\/03\/kibris-turk-tarihine-damga-vurmus-isimler-seminerler-dizisinin-ikincisi-duzenleniyor-1711113955.webp\" \/><\/p>\n<p style=\"text-align:justify\"><span style=\"font-size:12pt\"><span style=\"background-color:white\"><span style=\",serif\"><span style=\"font-size:11.0pt\"><span style=\",sans-serif\"><span style=\"color:#0a0a0a\">Akdeniz Karpaz \u00dcniversitesi (AK\u00dcN) K\u0131br\u0131s Ara\u015ft\u0131rmalar\u0131 Merkezi 27 Mart 2024 tarihinde Grand Pasha Otel Lefko\u015fa\u2019da \u201cK\u0131br\u0131s T\u00fcrk Tarihine Damga Vurmu\u015f \u0130simler: \u201cOsman \u00d6rek\u201d ba\u015fl\u0131kl\u0131 bir seminer d\u00fczenliyor. Bu seminer, Akdeniz Karpaz \u00dcniversitesi K\u0131br\u0131s Ara\u015ft\u0131rmalar\u0131 Merkezinin \u201cK\u0131br\u0131s T\u00fcrk Tarihine Damga Vurmu\u015f \u0130simler Seminerler Dizisi\u201dnin ikincisi olarak icra edilecektir. Seminer, saat 10.30-12.30 saatleri aras\u0131nda ger\u00e7ekle\u015ftirilecek.<\/span><\/span><\/span><\/span><\/span><\/span><\/p>\n<p style=\"text-align:justify\"><span style=\"font-size:12pt\"><span style=\"background-color:white\"><span style=\",serif\"><span style=\"font-size:11.0pt\"><span style=\",sans-serif\"><span style=\"color:#0a0a0a\">K\u0131br\u0131s T\u00fcrk milli m\u00fccadelesine katk\u0131 koymu\u015f \u00f6nemli isimlerden biri olan Osman \u00d6rek\u2019in hayat\u0131n\u0131n konu\u015fulaca\u011f\u0131 bu seminerde, eski ba\u015fbakan ve meclis ba\u015fkan\u0131 Hakk\u0131 Atun, gazeteci-yazar Osman G\u00fcvenir ve Osman \u00d6rek\u2019in k\u0131z\u0131 Dr. Ye\u015fim \u00d6rek misafir konu\u015fmac\u0131 olarak, Akdeniz Karpaz \u00dcniversitesi K\u0131br\u0131s Ara\u015ft\u0131rmalar\u0131 Merkezi Ba\u015fkan\u0131 Dr. Hasan Topal ise moderator olarak yer alacaklar. Seminerin sonunda ise misafir konu\u015fmac\u0131lar, dinleyicilerin sorular\u0131n\u0131 yan\u0131tlayacaklar.Seminerimize kat\u0131lmak isteyen herkes davetlimizdir.<\/span><\/span><\/span><\/span><\/span><\/span><\/p>\n","protected":false},"excerpt":{"rendered":"<p>Akdeniz Karpaz \u00dcniversitesi (AK\u00dcN) K\u0131br\u0131s Ara\u015ft\u0131rmalar\u0131 Merkezi 27 Mart 2024 tarihinde Grand Pasha Otel Lefko\u015fa\u2019da \u201cK\u0131br\u0131s T\u00fcrk Tarihine Damga Vurmu\u015f \u0130simler: \u201cOsman \u00d6rek\u201d ba\u015fl\u0131kl\u0131 bir seminer d\u00fczenliyor. Bu seminer, Akdeniz Karpaz \u00dcniversitesi K\u0131br\u0131s Ara\u015ft\u0131rmalar\u0131 Merkezinin \u201cK\u0131br\u0131s T\u00fcrk Tarihine Damga Vurmu\u015f \u0130simler Seminerler Dizisi\u201dnin ikincisi olarak icra edilecektir. Seminer, saat 10.30-12.30 saatleri aras\u0131nda ger\u00e7ekle\u015ftirilecek. K\u0131br\u0131s T\u00fcrk<\/p>\n","protected":false},"author":1,"featured_media":35222,"comment_status":"open","ping_status":"open","sticky":false,"template":"","format":"standard","meta":{"footnotes":""},"categories":[79],"tags":[],"class_list":["post-35221","post","type-post","status-publish","format-standard","has-post-thumbnail","hentry","category-ekonomi"],"yoast_head":"<!-- This site is optimized with the Yoast SEO plugin v27.4 - https:\/\/yoast.com\/product\/yoast-seo-wordpress\/ -->\n<title>\u201cK\u0131br\u0131s T\u00fcrk Tarihine Damga Vurmu\u015f \u0130simler Seminerler Dizisi\u201dnin ikincisi d\u00fczenleniyor -<\/title>\n<meta name=\"robots\" content=\"index, follow, max-snippet:-1, max-image-preview:large, max-video-preview:-1\" \/>\n<link rel=\"canonical\" href=\"https:\/\/kibrisdakik.com\/?p=35221\" \/>\n<meta property=\"og:locale\" content=\"tr_TR\" \/>\n<meta property=\"og:type\" content=\"article\" \/>\n<meta property=\"og:title\" content=\"\u201cK\u0131br\u0131s T\u00fcrk Tarihine Damga Vurmu\u015f \u0130simler Seminerler Dizisi\u201dnin ikincisi d\u00fczenleniyor -\" \/>\n<meta property=\"og:description\" content=\"Akdeniz Karpaz \u00dcniversitesi (AK\u00dcN) K\u0131br\u0131s Ara\u015ft\u0131rmalar\u0131 Merkezi 27 Mart 2024 tarihinde Grand Pasha Otel Lefko\u015fa\u2019da \u201cK\u0131br\u0131s T\u00fcrk Tarihine Damga Vurmu\u015f \u0130simler: \u201cOsman \u00d6rek\u201d ba\u015fl\u0131kl\u0131 bir seminer d\u00fczenliyor. Bu seminer, Akdeniz Karpaz \u00dcniversitesi K\u0131br\u0131s Ara\u015ft\u0131rmalar\u0131 Merkezinin \u201cK\u0131br\u0131s T\u00fcrk Tarihine Damga Vurmu\u015f \u0130simler Seminerler Dizisi\u201dnin ikincisi olarak icra edilecektir. Seminer, saat 10.30-12.30 saatleri aras\u0131nda ger\u00e7ekle\u015ftirilecek. K\u0131br\u0131s T\u00fcrk\" \/>\n<meta property=\"og:url\" content=\"https:\/\/kibrisdakik.com\/?p=35221\" \/>\n<meta property=\"article:published_time\" content=\"2024-03-22T13:47:50+00:00\" \/>\n<meta property=\"og:image\" content=\"https:\/\/kibrisdakik.com\/wp-content\/uploads\/2024\/03\/kibris-turk-tarihine-damga-vurmus-isimler-seminerler-dizisinin-ikincisi-duzenleniyor-1711113955.webp.webp\" \/>\n\t<meta property=\"og:image:width\" content=\"710\" \/>\n\t<meta property=\"og:image:height\" content=\"370\" \/>\n\t<meta property=\"og:image:type\" content=\"image\/webp\" \/>\n<meta name=\"author\" content=\"admin\" \/>\n<meta name=\"twitter:card\" content=\"summary_large_image\" \/>\n<meta name=\"twitter:label1\" content=\"Yazan:\" \/>\n\t<meta name=\"twitter:data1\" content=\"admin\" \/>\n\t<meta name=\"twitter:label2\" content=\"Tahmini okuma s\u00fcresi\" \/>\n\t<meta name=\"twitter:data2\" content=\"1 dakika\" \/>\n<script type=\"application\/ld+json\" class=\"yoast-schema-graph\">{\"@context\":\"https:\\\/\\\/schema.org\",\"@graph\":[{\"@type\":\"Article\",\"@id\":\"https:\\\/\\\/kibrisdakik.com\\\/?p=35221#article\",\"isPartOf\":{\"@id\":\"https:\\\/\\\/kibrisdakik.com\\\/?p=35221\"},\"author\":{\"name\":\"admin\",\"@id\":\"https:\\\/\\\/kibrisdakik.com\\\/#\\\/schema\\\/person\\\/9cd9d437bbb44f72b73ba127e06d8e79\"},\"headline\":\"\u201cK\u0131br\u0131s T\u00fcrk Tarihine Damga Vurmu\u015f \u0130simler Seminerler Dizisi\u201dnin ikincisi d\u00fczenleniyor\",\"datePublished\":\"2024-03-22T13:47:50+00:00\",\"mainEntityOfPage\":{\"@id\":\"https:\\\/\\\/kibrisdakik.com\\\/?p=35221\"},\"wordCount\":179,\"commentCount\":0,\"image\":{\"@id\":\"https:\\\/\\\/kibrisdakik.com\\\/?p=35221#primaryimage\"},\"thumbnailUrl\":\"https:\\\/\\\/kibrisdakik.com\\\/wp-content\\\/uploads\\\/2024\\\/03\\\/kibris-turk-tarihine-damga-vurmus-isimler-seminerler-dizisinin-ikincisi-duzenleniyor-1711113955.webp.webp\",\"articleSection\":[\"Ekonomi\"],\"inLanguage\":\"tr\",\"potentialAction\":[{\"@type\":\"CommentAction\",\"name\":\"Comment\",\"target\":[\"https:\\\/\\\/kibrisdakik.com\\\/?p=35221#respond\"]}]},{\"@type\":\"WebPage\",\"@id\":\"https:\\\/\\\/kibrisdakik.com\\\/?p=35221\",\"url\":\"https:\\\/\\\/kibrisdakik.com\\\/?p=35221\",\"name\":\"\u201cK\u0131br\u0131s T\u00fcrk Tarihine Damga Vurmu\u015f \u0130simler Seminerler Dizisi\u201dnin ikincisi d\u00fczenleniyor -\",\"isPartOf\":{\"@id\":\"https:\\\/\\\/kibrisdakik.com\\\/#website\"},\"primaryImageOfPage\":{\"@id\":\"https:\\\/\\\/kibrisdakik.com\\\/?p=35221#primaryimage\"},\"image\":{\"@id\":\"https:\\\/\\\/kibrisdakik.com\\\/?p=35221#primaryimage\"},\"thumbnailUrl\":\"https:\\\/\\\/kibrisdakik.com\\\/wp-content\\\/uploads\\\/2024\\\/03\\\/kibris-turk-tarihine-damga-vurmus-isimler-seminerler-dizisinin-ikincisi-duzenleniyor-1711113955.webp.webp\",\"datePublished\":\"2024-03-22T13:47:50+00:00\",\"author\":{\"@id\":\"https:\\\/\\\/kibrisdakik.com\\\/#\\\/schema\\\/person\\\/9cd9d437bbb44f72b73ba127e06d8e79\"},\"breadcrumb\":{\"@id\":\"https:\\\/\\\/kibrisdakik.com\\\/?p=35221#breadcrumb\"},\"inLanguage\":\"tr\",\"potentialAction\":[{\"@type\":\"ReadAction\",\"target\":[\"https:\\\/\\\/kibrisdakik.com\\\/?p=35221\"]}]},{\"@type\":\"ImageObject\",\"inLanguage\":\"tr\",\"@id\":\"https:\\\/\\\/kibrisdakik.com\\\/?p=35221#primaryimage\",\"url\":\"https:\\\/\\\/kibrisdakik.com\\\/wp-content\\\/uploads\\\/2024\\\/03\\\/kibris-turk-tarihine-damga-vurmus-isimler-seminerler-dizisinin-ikincisi-duzenleniyor-1711113955.webp.webp\",\"contentUrl\":\"https:\\\/\\\/kibrisdakik.com\\\/wp-content\\\/uploads\\\/2024\\\/03\\\/kibris-turk-tarihine-damga-vurmus-isimler-seminerler-dizisinin-ikincisi-duzenleniyor-1711113955.webp.webp\",\"width\":710,\"height\":370},{\"@type\":\"BreadcrumbList\",\"@id\":\"https:\\\/\\\/kibrisdakik.com\\\/?p=35221#breadcrumb\",\"itemListElement\":[{\"@type\":\"ListItem\",\"position\":1,\"name\":\"Home\",\"item\":\"https:\\\/\\\/kibrisdakik.com\\\/\"},{\"@type\":\"ListItem\",\"position\":2,\"name\":\"\u201cK\u0131br\u0131s T\u00fcrk Tarihine Damga Vurmu\u015f \u0130simler Seminerler Dizisi\u201dnin ikincisi d\u00fczenleniyor\"}]},{\"@type\":\"WebSite\",\"@id\":\"https:\\\/\\\/kibrisdakik.com\\\/#website\",\"url\":\"https:\\\/\\\/kibrisdakik.com\\\/\",\"name\":\"\",\"description\":\"Tam vaktinde haber\",\"potentialAction\":[{\"@type\":\"SearchAction\",\"target\":{\"@type\":\"EntryPoint\",\"urlTemplate\":\"https:\\\/\\\/kibrisdakik.com\\\/?s={search_term_string}\"},\"query-input\":{\"@type\":\"PropertyValueSpecification\",\"valueRequired\":true,\"valueName\":\"search_term_string\"}}],\"inLanguage\":\"tr\"},{\"@type\":\"Person\",\"@id\":\"https:\\\/\\\/kibrisdakik.com\\\/#\\\/schema\\\/person\\\/9cd9d437bbb44f72b73ba127e06d8e79\",\"name\":\"admin\",\"image\":{\"@type\":\"ImageObject\",\"inLanguage\":\"tr\",\"@id\":\"https:\\\/\\\/secure.gravatar.com\\\/avatar\\\/ccc17943b9d660506c869530f897617f7cb1c21a4bf30023f252596d83e1f007?s=96&d=mm&r=g\",\"url\":\"https:\\\/\\\/secure.gravatar.com\\\/avatar\\\/ccc17943b9d660506c869530f897617f7cb1c21a4bf30023f252596d83e1f007?s=96&d=mm&r=g\",\"contentUrl\":\"https:\\\/\\\/secure.gravatar.com\\\/avatar\\\/ccc17943b9d660506c869530f897617f7cb1c21a4bf30023f252596d83e1f007?s=96&d=mm&r=g\",\"caption\":\"admin\"},\"sameAs\":[\"https:\\\/\\\/kibrisdakik.com\"],\"url\":\"https:\\\/\\\/kibrisdakik.com\\\/?author=1\"}]}<\/script>\n<!-- \/ Yoast SEO plugin. -->","yoast_head_json":{"title":"\u201cK\u0131br\u0131s T\u00fcrk Tarihine Damga Vurmu\u015f \u0130simler Seminerler Dizisi\u201dnin ikincisi d\u00fczenleniyor -","robots":{"index":"index","follow":"follow","max-snippet":"max-snippet:-1","max-image-preview":"max-image-preview:large","max-video-preview":"max-video-preview:-1"},"canonical":"https:\/\/kibrisdakik.com\/?p=35221","og_locale":"tr_TR","og_type":"article","og_title":"\u201cK\u0131br\u0131s T\u00fcrk Tarihine Damga Vurmu\u015f \u0130simler Seminerler Dizisi\u201dnin ikincisi d\u00fczenleniyor -","og_description":"Akdeniz Karpaz \u00dcniversitesi (AK\u00dcN) K\u0131br\u0131s Ara\u015ft\u0131rmalar\u0131 Merkezi 27 Mart 2024 tarihinde Grand Pasha Otel Lefko\u015fa\u2019da \u201cK\u0131br\u0131s T\u00fcrk Tarihine Damga Vurmu\u015f \u0130simler: \u201cOsman \u00d6rek\u201d ba\u015fl\u0131kl\u0131 bir seminer d\u00fczenliyor. Bu seminer, Akdeniz Karpaz \u00dcniversitesi K\u0131br\u0131s Ara\u015ft\u0131rmalar\u0131 Merkezinin \u201cK\u0131br\u0131s T\u00fcrk Tarihine Damga Vurmu\u015f \u0130simler Seminerler Dizisi\u201dnin ikincisi olarak icra edilecektir. Seminer, saat 10.30-12.30 saatleri aras\u0131nda ger\u00e7ekle\u015ftirilecek. K\u0131br\u0131s T\u00fcrk","og_url":"https:\/\/kibrisdakik.com\/?p=35221","article_published_time":"2024-03-22T13:47:50+00:00","og_image":[{"width":710,"height":370,"url":"https:\/\/kibrisdakik.com\/wp-content\/uploads\/2024\/03\/kibris-turk-tarihine-damga-vurmus-isimler-seminerler-dizisinin-ikincisi-duzenleniyor-1711113955.webp.webp","type":"image\/webp"}],"author":"admin","twitter_card":"summary_large_image","twitter_misc":{"Yazan:":"admin","Tahmini okuma s\u00fcresi":"1 dakika"},"schema":{"@context":"https:\/\/schema.org","@graph":[{"@type":"Article","@id":"https:\/\/kibrisdakik.com\/?p=35221#article","isPartOf":{"@id":"https:\/\/kibrisdakik.com\/?p=35221"},"author":{"name":"admin","@id":"https:\/\/kibrisdakik.com\/#\/schema\/person\/9cd9d437bbb44f72b73ba127e06d8e79"},"headline":"\u201cK\u0131br\u0131s T\u00fcrk Tarihine Damga Vurmu\u015f \u0130simler Seminerler Dizisi\u201dnin ikincisi d\u00fczenleniyor","datePublished":"2024-03-22T13:47:50+00:00","mainEntityOfPage":{"@id":"https:\/\/kibrisdakik.com\/?p=35221"},"wordCount":179,"commentCount":0,"image":{"@id":"https:\/\/kibrisdakik.com\/?p=35221#primaryimage"},"thumbnailUrl":"https:\/\/kibrisdakik.com\/wp-content\/uploads\/2024\/03\/kibris-turk-tarihine-damga-vurmus-isimler-seminerler-dizisinin-ikincisi-duzenleniyor-1711113955.webp.webp","articleSection":["Ekonomi"],"inLanguage":"tr","potentialAction":[{"@type":"CommentAction","name":"Comment","target":["https:\/\/kibrisdakik.com\/?p=35221#respond"]}]},{"@type":"WebPage","@id":"https:\/\/kibrisdakik.com\/?p=35221","url":"https:\/\/kibrisdakik.com\/?p=35221","name":"\u201cK\u0131br\u0131s T\u00fcrk Tarihine Damga Vurmu\u015f \u0130simler Seminerler Dizisi\u201dnin ikincisi d\u00fczenleniyor -","isPartOf":{"@id":"https:\/\/kibrisdakik.com\/#website"},"primaryImageOfPage":{"@id":"https:\/\/kibrisdakik.com\/?p=35221#primaryimage"},"image":{"@id":"https:\/\/kibrisdakik.com\/?p=35221#primaryimage"},"thumbnailUrl":"https:\/\/kibrisdakik.com\/wp-content\/uploads\/2024\/03\/kibris-turk-tarihine-damga-vurmus-isimler-seminerler-dizisinin-ikincisi-duzenleniyor-1711113955.webp.webp","datePublished":"2024-03-22T13:47:50+00:00","author":{"@id":"https:\/\/kibrisdakik.com\/#\/schema\/person\/9cd9d437bbb44f72b73ba127e06d8e79"},"breadcrumb":{"@id":"https:\/\/kibrisdakik.com\/?p=35221#breadcrumb"},"inLanguage":"tr","potentialAction":[{"@type":"ReadAction","target":["https:\/\/kibrisdakik.com\/?p=35221"]}]},{"@type":"ImageObject","inLanguage":"tr","@id":"https:\/\/kibrisdakik.com\/?p=35221#primaryimage","url":"https:\/\/kibrisdakik.com\/wp-content\/uploads\/2024\/03\/kibris-turk-tarihine-damga-vurmus-isimler-seminerler-dizisinin-ikincisi-duzenleniyor-1711113955.webp.webp","contentUrl":"https:\/\/kibrisdakik.com\/wp-content\/uploads\/2024\/03\/kibris-turk-tarihine-damga-vurmus-isimler-seminerler-dizisinin-ikincisi-duzenleniyor-1711113955.webp.webp","width":710,"height":370},{"@type":"BreadcrumbList","@id":"https:\/\/kibrisdakik.com\/?p=35221#breadcrumb","itemListElement":[{"@type":"ListItem","position":1,"name":"Home","item":"https:\/\/kibrisdakik.com\/"},{"@type":"ListItem","position":2,"name":"\u201cK\u0131br\u0131s T\u00fcrk Tarihine Damga Vurmu\u015f \u0130simler Seminerler Dizisi\u201dnin ikincisi d\u00fczenleniyor"}]},{"@type":"WebSite","@id":"https:\/\/kibrisdakik.com\/#website","url":"https:\/\/kibrisdakik.com\/","name":"","description":"Tam vaktinde haber","potentialAction":[{"@type":"SearchAction","target":{"@type":"EntryPoint","urlTemplate":"https:\/\/kibrisdakik.com\/?s={search_term_string}"},"query-input":{"@type":"PropertyValueSpecification","valueRequired":true,"valueName":"search_term_string"}}],"inLanguage":"tr"},{"@type":"Person","@id":"https:\/\/kibrisdakik.com\/#\/schema\/person\/9cd9d437bbb44f72b73ba127e06d8e79","name":"admin","image":{"@type":"ImageObject","inLanguage":"tr","@id":"https:\/\/secure.gravatar.com\/avatar\/ccc17943b9d660506c869530f897617f7cb1c21a4bf30023f252596d83e1f007?s=96&d=mm&r=g","url":"https:\/\/secure.gravatar.com\/avatar\/ccc17943b9d660506c869530f897617f7cb1c21a4bf30023f252596d83e1f007?s=96&d=mm&r=g","contentUrl":"https:\/\/secure.gravatar.com\/avatar\/ccc17943b9d660506c869530f897617f7cb1c21a4bf30023f252596d83e1f007?s=96&d=mm&r=g","caption":"admin"},"sameAs":["https:\/\/kibrisdakik.com"],"url":"https:\/\/kibrisdakik.com\/?author=1"}]}},"_links":{"self":[{"href":"https:\/\/kibrisdakik.com\/index.php?rest_route=\/wp\/v2\/posts\/35221","targetHints":{"allow":["GET"]}}],"collection":[{"href":"https:\/\/kibrisdakik.com\/index.php?rest_route=\/wp\/v2\/posts"}],"about":[{"href":"https:\/\/kibrisdakik.com\/index.php?rest_route=\/wp\/v2\/types\/post"}],"author":[{"embeddable":true,"href":"https:\/\/kibrisdakik.com\/index.php?rest_route=\/wp\/v2\/users\/1"}],"replies":[{"embeddable":true,"href":"https:\/\/kibrisdakik.com\/index.php?rest_route=%2Fwp%2Fv2%2Fcomments&post=35221"}],"version-history":[{"count":0,"href":"https:\/\/kibrisdakik.com\/index.php?rest_route=\/wp\/v2\/posts\/35221\/revisions"}],"wp:featuredmedia":[{"embeddable":true,"href":"https:\/\/kibrisdakik.com\/index.php?rest_route=\/wp\/v2\/media\/35222"}],"wp:attachment":[{"href":"https:\/\/kibrisdakik.com\/index.php?rest_route=%2Fwp%2Fv2%2Fmedia&parent=35221"}],"wp:term":[{"taxonomy":"category","embeddable":true,"href":"https:\/\/kibrisdakik.com\/index.php?rest_route=%2Fwp%2Fv2%2Fcategories&post=35221"},{"taxonomy":"post_tag","embeddable":true,"href":"https:\/\/kibrisdakik.com\/index.php?rest_route=%2Fwp%2Fv2%2Ftags&post=35221"}],"curies":[{"name":"wp","href":"https:\/\/api.w.org\/{rel}","templated":true}]}}