{"id":35244,"date":"2024-03-22T16:50:49","date_gmt":"2024-03-22T16:50:49","guid":{"rendered":"https:\/\/kibrisdakik.com\/index.php\/2024\/03\/22\/ctpden-gecitkoyde-sel-zararlarinin-tazmin-edilmedigi-gerekcesiyle-duzenlenen-eyleme-destek\/"},"modified":"2024-03-22T16:50:49","modified_gmt":"2024-03-22T16:50:49","slug":"ctpden-gecitkoyde-sel-zararlarinin-tazmin-edilmedigi-gerekcesiyle-duzenlenen-eyleme-destek","status":"publish","type":"post","link":"https:\/\/kibrisdakik.com\/?p=35244","title":{"rendered":"CTP&#039;den Ge\u00e7itk\u00f6y&#039;de sel zararlar\u0131n\u0131n tazmin edilmedi\u011fi gerek\u00e7esiyle d\u00fczenlenen eyleme destek"},"content":{"rendered":"<p><img decoding=\"async\" src=\"https:\/\/www.kibristurk.com\/images\/haberler\/2024\/03\/ctpden-gecitkoyde-sel-zararlarinin-tazmin-edilmedigi-gerekcesiyle-duzenlenen-eyleme-destek-1711124963.webp\" \/><\/p>\n<p style=\"text-align:left\"><span style=\"font-size:16px\"><span style=\"font-family:Merriweather,serif !important\"><span style=\"color:#000000\"><span style=\"background-color:#ffffff\">CTP\u2019den verilen bilgiye g\u00f6re, CTP Girne \u0130l\u00e7e Ba\u015fkan\u0131 ve Milletvekili Ongun Talat, Milletvekilleri Ceyhun Birinci ve Fikri Toros da Ge\u00e7itk\u00f6y\u2019deki eyleme kat\u0131ld\u0131.<\/span><\/span><\/span><\/span><\/p>\n<p style=\"text-align:left\"><span style=\"font-size:16px\"><span style=\"font-family:Merriweather,serif !important\"><span style=\"color:#000000\"><span style=\"background-color:#ffffff\">Eylemde konu\u015fan Talat, muhalefet olarak Gecitk\u00f6y halk\u0131n\u0131n sesi olmaya devam edeceklerini kaydetti ve verilen s\u00f6zlerin tutulmamas\u0131n\u0131 ele\u015ftirdi.<\/span><\/span><\/span><\/span><\/p>\n<p style=\"text-align:left\"><span style=\"font-size:16px\"><span style=\"font-family:Merriweather,serif !important\"><span style=\"color:#000000\"><span style=\"background-color:#ffffff\">Ge\u00e7itk\u00f6y\u2019de kurulabilecek i\u015fbirli\u011fini \u00f6nemsediklerinin alt\u0131n\u0131 \u00e7izen Talat, ilk g\u00fcnden itibaren buradaki zarar ziyan\u0131 takip etmeye ve meclisin g\u00fcndeminde tutmaya \u00e7al\u0131\u015ft\u0131klar\u0131n\u0131 belirtti. Memleketin &#8220;yang\u0131n yeri&#8221; oldu\u011funu belirten Talat, Ge\u00e7itk\u00f6y\u2019\u00fcn k\u00fc\u00e7\u00fck \u00f6l\u00e7ekli bir yer olarak devletin sahip \u00e7\u0131kt\u0131\u011f\u0131n\u0131 g\u00f6stermesi gereken bir yer oldu\u011funu ifade etti.<\/span><\/span><\/span><\/span><\/p>\n<p style=\"text-align:left\"><span style=\"font-size:16px\"><span style=\"font-family:Merriweather,serif !important\"><span style=\"color:#000000\"><span style=\"background-color:#ffffff\">\u201cDevlet, buradaki zarar ziyan\u0131 kar\u015f\u0131layamayacak durumdaysa, devlet kavram\u0131n\u0131 sorgulamak laz\u0131m\u201d diyen Talat, \u00f6n\u00fcm\u00fczdeki sene de ayn\u0131 s\u0131k\u0131nt\u0131lar\u0131n ya\u015fanabilece\u011fini kaydederek, gereken \u00f6nlemlerin bir an \u00f6nce al\u0131nmas\u0131n\u0131 istedi.<\/span><\/span><\/span><\/span><\/p>\n<p style=\"text-align:left\"><span style=\"font-size:16px\"><span style=\"font-family:Merriweather,serif !important\"><span style=\"color:#000000\"><span style=\"background-color:#ffffff\">Muhalefet olarak s\u00f6z konusu sorunla ilgili bir ara\u015ft\u0131rma komitesi kurulmas\u0131n\u0131 \u00f6nerdiklerini kaydeden Talat, h\u00fck\u00fcmet kanad\u0131ndan olumlu geri d\u00f6n\u00fc\u015f almad\u0131klar\u0131n\u0131 s\u00f6yledi.<\/span><\/span><\/span><\/span><\/p>\n","protected":false},"excerpt":{"rendered":"<p>CTP\u2019den verilen bilgiye g\u00f6re, CTP Girne \u0130l\u00e7e Ba\u015fkan\u0131 ve Milletvekili Ongun Talat, Milletvekilleri Ceyhun Birinci ve Fikri Toros da Ge\u00e7itk\u00f6y\u2019deki eyleme kat\u0131ld\u0131. Eylemde konu\u015fan Talat, muhalefet olarak Gecitk\u00f6y halk\u0131n\u0131n sesi olmaya devam edeceklerini kaydetti ve verilen s\u00f6zlerin tutulmamas\u0131n\u0131 ele\u015ftirdi. Ge\u00e7itk\u00f6y\u2019de kurulabilecek i\u015fbirli\u011fini \u00f6nemsediklerinin alt\u0131n\u0131 \u00e7izen Talat, ilk g\u00fcnden itibaren buradaki zarar ziyan\u0131 takip etmeye ve<\/p>\n","protected":false},"author":1,"featured_media":35245,"comment_status":"open","ping_status":"open","sticky":false,"template":"","format":"standard","meta":{"footnotes":""},"categories":[79],"tags":[],"class_list":["post-35244","post","type-post","status-publish","format-standard","has-post-thumbnail","hentry","category-ekonomi"],"yoast_head":"<!-- This site is optimized with the Yoast SEO plugin v27.5 - https:\/\/yoast.com\/product\/yoast-seo-wordpress\/ -->\n<title>CTP&#039;den Ge\u00e7itk\u00f6y&#039;de sel zararlar\u0131n\u0131n tazmin edilmedi\u011fi gerek\u00e7esiyle d\u00fczenlenen eyleme destek -<\/title>\n<meta name=\"robots\" content=\"index, follow, max-snippet:-1, max-image-preview:large, max-video-preview:-1\" \/>\n<link rel=\"canonical\" href=\"https:\/\/kibrisdakik.com\/?p=35244\" \/>\n<meta property=\"og:locale\" content=\"tr_TR\" \/>\n<meta property=\"og:type\" content=\"article\" \/>\n<meta property=\"og:title\" content=\"CTP&#039;den Ge\u00e7itk\u00f6y&#039;de sel zararlar\u0131n\u0131n tazmin edilmedi\u011fi gerek\u00e7esiyle d\u00fczenlenen eyleme destek -\" \/>\n<meta property=\"og:description\" content=\"CTP\u2019den verilen bilgiye g\u00f6re, CTP Girne \u0130l\u00e7e Ba\u015fkan\u0131 ve Milletvekili Ongun Talat, Milletvekilleri Ceyhun Birinci ve Fikri Toros da Ge\u00e7itk\u00f6y\u2019deki eyleme kat\u0131ld\u0131. Eylemde konu\u015fan Talat, muhalefet olarak Gecitk\u00f6y halk\u0131n\u0131n sesi olmaya devam edeceklerini kaydetti ve verilen s\u00f6zlerin tutulmamas\u0131n\u0131 ele\u015ftirdi. Ge\u00e7itk\u00f6y\u2019de kurulabilecek i\u015fbirli\u011fini \u00f6nemsediklerinin alt\u0131n\u0131 \u00e7izen Talat, ilk g\u00fcnden itibaren buradaki zarar ziyan\u0131 takip etmeye ve\" \/>\n<meta property=\"og:url\" content=\"https:\/\/kibrisdakik.com\/?p=35244\" \/>\n<meta property=\"article:published_time\" content=\"2024-03-22T16:50:49+00:00\" \/>\n<meta property=\"og:image\" content=\"https:\/\/kibrisdakik.com\/wp-content\/uploads\/2024\/03\/ctpden-gecitkoyde-sel-zararlarinin-tazmin-edilmedigi-gerekcesiyle-duzenlenen-eyleme-destek-1711124963.webp.webp\" \/>\n\t<meta property=\"og:image:width\" content=\"710\" \/>\n\t<meta property=\"og:image:height\" content=\"370\" \/>\n\t<meta property=\"og:image:type\" content=\"image\/webp\" \/>\n<meta name=\"author\" content=\"admin\" \/>\n<meta name=\"twitter:card\" content=\"summary_large_image\" \/>\n<meta name=\"twitter:label1\" content=\"Yazan:\" \/>\n\t<meta name=\"twitter:data1\" content=\"admin\" \/>\n\t<meta name=\"twitter:label2\" content=\"Tahmini okuma s\u00fcresi\" \/>\n\t<meta name=\"twitter:data2\" content=\"1 dakika\" \/>\n<script type=\"application\/ld+json\" class=\"yoast-schema-graph\">{\"@context\":\"https:\\\/\\\/schema.org\",\"@graph\":[{\"@type\":\"Article\",\"@id\":\"https:\\\/\\\/kibrisdakik.com\\\/?p=35244#article\",\"isPartOf\":{\"@id\":\"https:\\\/\\\/kibrisdakik.com\\\/?p=35244\"},\"author\":{\"name\":\"admin\",\"@id\":\"https:\\\/\\\/kibrisdakik.com\\\/#\\\/schema\\\/person\\\/9cd9d437bbb44f72b73ba127e06d8e79\"},\"headline\":\"CTP&#039;den Ge\u00e7itk\u00f6y&#039;de sel zararlar\u0131n\u0131n tazmin edilmedi\u011fi gerek\u00e7esiyle d\u00fczenlenen eyleme destek\",\"datePublished\":\"2024-03-22T16:50:49+00:00\",\"mainEntityOfPage\":{\"@id\":\"https:\\\/\\\/kibrisdakik.com\\\/?p=35244\"},\"wordCount\":207,\"commentCount\":0,\"image\":{\"@id\":\"https:\\\/\\\/kibrisdakik.com\\\/?p=35244#primaryimage\"},\"thumbnailUrl\":\"https:\\\/\\\/kibrisdakik.com\\\/wp-content\\\/uploads\\\/2024\\\/03\\\/ctpden-gecitkoyde-sel-zararlarinin-tazmin-edilmedigi-gerekcesiyle-duzenlenen-eyleme-destek-1711124963.webp.webp\",\"articleSection\":[\"Ekonomi\"],\"inLanguage\":\"tr\",\"potentialAction\":[{\"@type\":\"CommentAction\",\"name\":\"Comment\",\"target\":[\"https:\\\/\\\/kibrisdakik.com\\\/?p=35244#respond\"]}]},{\"@type\":\"WebPage\",\"@id\":\"https:\\\/\\\/kibrisdakik.com\\\/?p=35244\",\"url\":\"https:\\\/\\\/kibrisdakik.com\\\/?p=35244\",\"name\":\"CTP&#039;den Ge\u00e7itk\u00f6y&#039;de sel zararlar\u0131n\u0131n tazmin edilmedi\u011fi gerek\u00e7esiyle d\u00fczenlenen eyleme destek -\",\"isPartOf\":{\"@id\":\"https:\\\/\\\/kibrisdakik.com\\\/#website\"},\"primaryImageOfPage\":{\"@id\":\"https:\\\/\\\/kibrisdakik.com\\\/?p=35244#primaryimage\"},\"image\":{\"@id\":\"https:\\\/\\\/kibrisdakik.com\\\/?p=35244#primaryimage\"},\"thumbnailUrl\":\"https:\\\/\\\/kibrisdakik.com\\\/wp-content\\\/uploads\\\/2024\\\/03\\\/ctpden-gecitkoyde-sel-zararlarinin-tazmin-edilmedigi-gerekcesiyle-duzenlenen-eyleme-destek-1711124963.webp.webp\",\"datePublished\":\"2024-03-22T16:50:49+00:00\",\"author\":{\"@id\":\"https:\\\/\\\/kibrisdakik.com\\\/#\\\/schema\\\/person\\\/9cd9d437bbb44f72b73ba127e06d8e79\"},\"breadcrumb\":{\"@id\":\"https:\\\/\\\/kibrisdakik.com\\\/?p=35244#breadcrumb\"},\"inLanguage\":\"tr\",\"potentialAction\":[{\"@type\":\"ReadAction\",\"target\":[\"https:\\\/\\\/kibrisdakik.com\\\/?p=35244\"]}]},{\"@type\":\"ImageObject\",\"inLanguage\":\"tr\",\"@id\":\"https:\\\/\\\/kibrisdakik.com\\\/?p=35244#primaryimage\",\"url\":\"https:\\\/\\\/kibrisdakik.com\\\/wp-content\\\/uploads\\\/2024\\\/03\\\/ctpden-gecitkoyde-sel-zararlarinin-tazmin-edilmedigi-gerekcesiyle-duzenlenen-eyleme-destek-1711124963.webp.webp\",\"contentUrl\":\"https:\\\/\\\/kibrisdakik.com\\\/wp-content\\\/uploads\\\/2024\\\/03\\\/ctpden-gecitkoyde-sel-zararlarinin-tazmin-edilmedigi-gerekcesiyle-duzenlenen-eyleme-destek-1711124963.webp.webp\",\"width\":710,\"height\":370},{\"@type\":\"BreadcrumbList\",\"@id\":\"https:\\\/\\\/kibrisdakik.com\\\/?p=35244#breadcrumb\",\"itemListElement\":[{\"@type\":\"ListItem\",\"position\":1,\"name\":\"Home\",\"item\":\"https:\\\/\\\/kibrisdakik.com\\\/\"},{\"@type\":\"ListItem\",\"position\":2,\"name\":\"CTP&#039;den Ge\u00e7itk\u00f6y&#039;de sel zararlar\u0131n\u0131n tazmin edilmedi\u011fi gerek\u00e7esiyle d\u00fczenlenen eyleme destek\"}]},{\"@type\":\"WebSite\",\"@id\":\"https:\\\/\\\/kibrisdakik.com\\\/#website\",\"url\":\"https:\\\/\\\/kibrisdakik.com\\\/\",\"name\":\"\",\"description\":\"Tam vaktinde haber\",\"potentialAction\":[{\"@type\":\"SearchAction\",\"target\":{\"@type\":\"EntryPoint\",\"urlTemplate\":\"https:\\\/\\\/kibrisdakik.com\\\/?s={search_term_string}\"},\"query-input\":{\"@type\":\"PropertyValueSpecification\",\"valueRequired\":true,\"valueName\":\"search_term_string\"}}],\"inLanguage\":\"tr\"},{\"@type\":\"Person\",\"@id\":\"https:\\\/\\\/kibrisdakik.com\\\/#\\\/schema\\\/person\\\/9cd9d437bbb44f72b73ba127e06d8e79\",\"name\":\"admin\",\"image\":{\"@type\":\"ImageObject\",\"inLanguage\":\"tr\",\"@id\":\"https:\\\/\\\/secure.gravatar.com\\\/avatar\\\/ccc17943b9d660506c869530f897617f7cb1c21a4bf30023f252596d83e1f007?s=96&d=mm&r=g\",\"url\":\"https:\\\/\\\/secure.gravatar.com\\\/avatar\\\/ccc17943b9d660506c869530f897617f7cb1c21a4bf30023f252596d83e1f007?s=96&d=mm&r=g\",\"contentUrl\":\"https:\\\/\\\/secure.gravatar.com\\\/avatar\\\/ccc17943b9d660506c869530f897617f7cb1c21a4bf30023f252596d83e1f007?s=96&d=mm&r=g\",\"caption\":\"admin\"},\"sameAs\":[\"https:\\\/\\\/kibrisdakik.com\"],\"url\":\"https:\\\/\\\/kibrisdakik.com\\\/?author=1\"}]}<\/script>\n<!-- \/ Yoast SEO plugin. -->","yoast_head_json":{"title":"CTP&#039;den Ge\u00e7itk\u00f6y&#039;de sel zararlar\u0131n\u0131n tazmin edilmedi\u011fi gerek\u00e7esiyle d\u00fczenlenen eyleme destek -","robots":{"index":"index","follow":"follow","max-snippet":"max-snippet:-1","max-image-preview":"max-image-preview:large","max-video-preview":"max-video-preview:-1"},"canonical":"https:\/\/kibrisdakik.com\/?p=35244","og_locale":"tr_TR","og_type":"article","og_title":"CTP&#039;den Ge\u00e7itk\u00f6y&#039;de sel zararlar\u0131n\u0131n tazmin edilmedi\u011fi gerek\u00e7esiyle d\u00fczenlenen eyleme destek -","og_description":"CTP\u2019den verilen bilgiye g\u00f6re, CTP Girne \u0130l\u00e7e Ba\u015fkan\u0131 ve Milletvekili Ongun Talat, Milletvekilleri Ceyhun Birinci ve Fikri Toros da Ge\u00e7itk\u00f6y\u2019deki eyleme kat\u0131ld\u0131. Eylemde konu\u015fan Talat, muhalefet olarak Gecitk\u00f6y halk\u0131n\u0131n sesi olmaya devam edeceklerini kaydetti ve verilen s\u00f6zlerin tutulmamas\u0131n\u0131 ele\u015ftirdi. Ge\u00e7itk\u00f6y\u2019de kurulabilecek i\u015fbirli\u011fini \u00f6nemsediklerinin alt\u0131n\u0131 \u00e7izen Talat, ilk g\u00fcnden itibaren buradaki zarar ziyan\u0131 takip etmeye ve","og_url":"https:\/\/kibrisdakik.com\/?p=35244","article_published_time":"2024-03-22T16:50:49+00:00","og_image":[{"width":710,"height":370,"url":"https:\/\/kibrisdakik.com\/wp-content\/uploads\/2024\/03\/ctpden-gecitkoyde-sel-zararlarinin-tazmin-edilmedigi-gerekcesiyle-duzenlenen-eyleme-destek-1711124963.webp.webp","type":"image\/webp"}],"author":"admin","twitter_card":"summary_large_image","twitter_misc":{"Yazan:":"admin","Tahmini okuma s\u00fcresi":"1 dakika"},"schema":{"@context":"https:\/\/schema.org","@graph":[{"@type":"Article","@id":"https:\/\/kibrisdakik.com\/?p=35244#article","isPartOf":{"@id":"https:\/\/kibrisdakik.com\/?p=35244"},"author":{"name":"admin","@id":"https:\/\/kibrisdakik.com\/#\/schema\/person\/9cd9d437bbb44f72b73ba127e06d8e79"},"headline":"CTP&#039;den Ge\u00e7itk\u00f6y&#039;de sel zararlar\u0131n\u0131n tazmin edilmedi\u011fi gerek\u00e7esiyle d\u00fczenlenen eyleme destek","datePublished":"2024-03-22T16:50:49+00:00","mainEntityOfPage":{"@id":"https:\/\/kibrisdakik.com\/?p=35244"},"wordCount":207,"commentCount":0,"image":{"@id":"https:\/\/kibrisdakik.com\/?p=35244#primaryimage"},"thumbnailUrl":"https:\/\/kibrisdakik.com\/wp-content\/uploads\/2024\/03\/ctpden-gecitkoyde-sel-zararlarinin-tazmin-edilmedigi-gerekcesiyle-duzenlenen-eyleme-destek-1711124963.webp.webp","articleSection":["Ekonomi"],"inLanguage":"tr","potentialAction":[{"@type":"CommentAction","name":"Comment","target":["https:\/\/kibrisdakik.com\/?p=35244#respond"]}]},{"@type":"WebPage","@id":"https:\/\/kibrisdakik.com\/?p=35244","url":"https:\/\/kibrisdakik.com\/?p=35244","name":"CTP&#039;den Ge\u00e7itk\u00f6y&#039;de sel zararlar\u0131n\u0131n tazmin edilmedi\u011fi gerek\u00e7esiyle d\u00fczenlenen eyleme destek -","isPartOf":{"@id":"https:\/\/kibrisdakik.com\/#website"},"primaryImageOfPage":{"@id":"https:\/\/kibrisdakik.com\/?p=35244#primaryimage"},"image":{"@id":"https:\/\/kibrisdakik.com\/?p=35244#primaryimage"},"thumbnailUrl":"https:\/\/kibrisdakik.com\/wp-content\/uploads\/2024\/03\/ctpden-gecitkoyde-sel-zararlarinin-tazmin-edilmedigi-gerekcesiyle-duzenlenen-eyleme-destek-1711124963.webp.webp","datePublished":"2024-03-22T16:50:49+00:00","author":{"@id":"https:\/\/kibrisdakik.com\/#\/schema\/person\/9cd9d437bbb44f72b73ba127e06d8e79"},"breadcrumb":{"@id":"https:\/\/kibrisdakik.com\/?p=35244#breadcrumb"},"inLanguage":"tr","potentialAction":[{"@type":"ReadAction","target":["https:\/\/kibrisdakik.com\/?p=35244"]}]},{"@type":"ImageObject","inLanguage":"tr","@id":"https:\/\/kibrisdakik.com\/?p=35244#primaryimage","url":"https:\/\/kibrisdakik.com\/wp-content\/uploads\/2024\/03\/ctpden-gecitkoyde-sel-zararlarinin-tazmin-edilmedigi-gerekcesiyle-duzenlenen-eyleme-destek-1711124963.webp.webp","contentUrl":"https:\/\/kibrisdakik.com\/wp-content\/uploads\/2024\/03\/ctpden-gecitkoyde-sel-zararlarinin-tazmin-edilmedigi-gerekcesiyle-duzenlenen-eyleme-destek-1711124963.webp.webp","width":710,"height":370},{"@type":"BreadcrumbList","@id":"https:\/\/kibrisdakik.com\/?p=35244#breadcrumb","itemListElement":[{"@type":"ListItem","position":1,"name":"Home","item":"https:\/\/kibrisdakik.com\/"},{"@type":"ListItem","position":2,"name":"CTP&#039;den Ge\u00e7itk\u00f6y&#039;de sel zararlar\u0131n\u0131n tazmin edilmedi\u011fi gerek\u00e7esiyle d\u00fczenlenen eyleme destek"}]},{"@type":"WebSite","@id":"https:\/\/kibrisdakik.com\/#website","url":"https:\/\/kibrisdakik.com\/","name":"","description":"Tam vaktinde haber","potentialAction":[{"@type":"SearchAction","target":{"@type":"EntryPoint","urlTemplate":"https:\/\/kibrisdakik.com\/?s={search_term_string}"},"query-input":{"@type":"PropertyValueSpecification","valueRequired":true,"valueName":"search_term_string"}}],"inLanguage":"tr"},{"@type":"Person","@id":"https:\/\/kibrisdakik.com\/#\/schema\/person\/9cd9d437bbb44f72b73ba127e06d8e79","name":"admin","image":{"@type":"ImageObject","inLanguage":"tr","@id":"https:\/\/secure.gravatar.com\/avatar\/ccc17943b9d660506c869530f897617f7cb1c21a4bf30023f252596d83e1f007?s=96&d=mm&r=g","url":"https:\/\/secure.gravatar.com\/avatar\/ccc17943b9d660506c869530f897617f7cb1c21a4bf30023f252596d83e1f007?s=96&d=mm&r=g","contentUrl":"https:\/\/secure.gravatar.com\/avatar\/ccc17943b9d660506c869530f897617f7cb1c21a4bf30023f252596d83e1f007?s=96&d=mm&r=g","caption":"admin"},"sameAs":["https:\/\/kibrisdakik.com"],"url":"https:\/\/kibrisdakik.com\/?author=1"}]}},"_links":{"self":[{"href":"https:\/\/kibrisdakik.com\/index.php?rest_route=\/wp\/v2\/posts\/35244","targetHints":{"allow":["GET"]}}],"collection":[{"href":"https:\/\/kibrisdakik.com\/index.php?rest_route=\/wp\/v2\/posts"}],"about":[{"href":"https:\/\/kibrisdakik.com\/index.php?rest_route=\/wp\/v2\/types\/post"}],"author":[{"embeddable":true,"href":"https:\/\/kibrisdakik.com\/index.php?rest_route=\/wp\/v2\/users\/1"}],"replies":[{"embeddable":true,"href":"https:\/\/kibrisdakik.com\/index.php?rest_route=%2Fwp%2Fv2%2Fcomments&post=35244"}],"version-history":[{"count":0,"href":"https:\/\/kibrisdakik.com\/index.php?rest_route=\/wp\/v2\/posts\/35244\/revisions"}],"wp:featuredmedia":[{"embeddable":true,"href":"https:\/\/kibrisdakik.com\/index.php?rest_route=\/wp\/v2\/media\/35245"}],"wp:attachment":[{"href":"https:\/\/kibrisdakik.com\/index.php?rest_route=%2Fwp%2Fv2%2Fmedia&parent=35244"}],"wp:term":[{"taxonomy":"category","embeddable":true,"href":"https:\/\/kibrisdakik.com\/index.php?rest_route=%2Fwp%2Fv2%2Fcategories&post=35244"},{"taxonomy":"post_tag","embeddable":true,"href":"https:\/\/kibrisdakik.com\/index.php?rest_route=%2Fwp%2Fv2%2Ftags&post=35244"}],"curies":[{"name":"wp","href":"https:\/\/api.w.org\/{rel}","templated":true}]}}