{"id":35265,"date":"2024-03-22T20:49:55","date_gmt":"2024-03-22T20:49:55","guid":{"rendered":"https:\/\/kibrisdakik.com\/index.php\/2024\/03\/22\/donusen-girne-cevre-projesi-tamamlandi-2\/"},"modified":"2024-03-22T20:49:55","modified_gmt":"2024-03-22T20:49:55","slug":"donusen-girne-cevre-projesi-tamamlandi-2","status":"publish","type":"post","link":"https:\/\/kibrisdakik.com\/?p=35265","title":{"rendered":"\u2018D\u00f6n\u00fc\u015fen Girne \u00c7evre Projesi\u2019 tamamland\u0131"},"content":{"rendered":"<p><\/p>\n<div>\n<div class=\"mariselle-image-container center\">\n                <img loading=\"lazy\" decoding=\"async\" width=\"2560\" height=\"1711\" class=\"lazy-image\" alt=\"\" sizes=\"auto, (max-width: 2560px) 100vw, 2560px\" src=\"https:\/\/brtk.net\/wp-content\/uploads\/2024\/03\/22\/e-girne-belediyesi-2--scaled.jpg?ver=ad2dabd4942cec5c427ca870bad97d9b\" srcset=\"https:\/\/brtk.net\/wp-content\/uploads\/2024\/03\/22\/e-girne-belediyesi-2--scaled.jpg?ver=ad2dabd4942cec5c427ca870bad97d9b 2560w, https:\/\/brtk.net\/wp-content\/uploads\/2024\/03\/22\/e-girne-belediyesi-2--300x201.jpg?ver=ad2dabd4942cec5c427ca870bad97d9b 300w, https:\/\/brtk.net\/wp-content\/uploads\/2024\/03\/22\/e-girne-belediyesi-2--1024x684.jpg?ver=3c4872bc75d45cf9766335ec52ce0603 1024w, https:\/\/brtk.net\/wp-content\/uploads\/2024\/03\/22\/e-girne-belediyesi-2--768x513.jpg?ver=3b3a0981ddb75191c4859a298fc02a40 768w, https:\/\/brtk.net\/wp-content\/uploads\/2024\/03\/22\/e-girne-belediyesi-2--1536x1027.jpg?ver=3b3a0981ddb75191c4859a298fc02a40 1536w, https:\/\/brtk.net\/wp-content\/uploads\/2024\/03\/22\/e-girne-belediyesi-2--2048x1369.jpg?ver=56ce5c734d69811186ecca73248bfa2d 2048w\"\/>                            <\/div>\n<p>Literat\u00fcrde \u201c3R\u201d olarak bilinen ve T\u00fcrk\u00e7e a\u00e7\u0131l\u0131m\u0131 ile \u201cAzalt, yeniden kullan ve d\u00f6n\u00fc\u015ft\u00fcr\u201d prensibini, \u00f6\u011fretmenler arac\u0131l\u0131\u011f\u0131 ile \u00f6\u011frencilere aktarmay\u0131 hedefleyen \u201cD\u00f6n\u00fc\u015fen Girne \u00c7evre Projesi\u201dnin tamamland\u0131\u011f\u0131 bildirildi.<\/p>\n<p>Girne Belediyesi Gen\u00e7lik Meclisi Giri\u015fimi ile hayat bulan, \u201cD\u00f6n\u00fc\u015fen Girne \u00c7evre Projesi\u201d, bug\u00fcn d\u00fczenlenen sertifika t\u00f6reni ile son buldu.<\/p>\n<p>Girne Belediyesinden verilen bilgiye g\u00f6re, t\u00f6rene Girne Belediye Ba\u015fkan\u0131 Murat \u015eenkul, proje e\u011fitmenleri, proje koordinat\u00f6rleri ve okul m\u00fcd\u00fcrleri kat\u0131ld\u0131.<\/p>\n<p>Proje e\u011fitimleri, g\u00f6n\u00fcll\u00fc e\u011fitmenler Vijdan \u015eeng\u00f6r (Teori) ve Irene Raab (Uygulama) taraf\u0131ndan verildi. Proje, 6- 20 Mart tarihlerinde Girne Belediye s\u0131n\u0131rlar\u0131nda bulunan d\u00f6rt 4 devlet okulunda g\u00f6revli 54 \u00f6\u011fretme verilen e\u011fitimle hayat buldu.<\/p>\n<p>Projenin tamamlanmas\u0131yla projeye dahil olan 23 Nisan \u0130lkokulu, Karao\u011flano\u011flu \u0130lkokulu, \u015eht. Hasan Cafer \u0130lkokulu ve Mustafa \u00c7a\u011fatay \u0130lkokulu\u2019na geri d\u00f6n\u00fc\u015f\u00fcm \u00e7\u00f6p bidonlar\u0131 teslim edilirken; proje kapsam\u0131nda \u201cyeniden kullan\u0131m\u201d, \u201cat\u0131k azaltma\u201d ve \u201cka\u011f\u0131t yap\u0131m\u0131\u201d ba\u015fl\u0131klar\u0131 ele al\u0131nd\u0131.<\/p>\n<p>Do\u011fa ve insan aras\u0131nda yarat\u0131lan ayr\u0131\u015fmay\u0131 ele\u015ftirel olarak ele al\u0131p, \u00e7evre de\u011ferleri olan bireyler yeti\u015ftirmek i\u00e7in gerekli bak\u0131\u015f a\u00e7\u0131s\u0131n\u0131 \u00fc\u00e7 s\u0131fatla anlatmay\u0131 ama\u00e7layan proje kapsam\u0131nda; t\u00fcketici, \u00fcretici ve t\u00fcretici insanlar\u0131n \u00e7evrelerine etkileri, g\u00fcn\u00fcm\u00fcz ko\u015fullar\u0131 ve ihtiya\u00e7lar\u0131 do\u011frultusunda edinilmesi gereken ye\u015fil beceriler ve kaybedilmemesi gereken meslekler de ele al\u0131nd\u0131.<\/p>\n<p>E\u011fitimlerin tamamlanmas\u0131 ile sertifika alan \u00f6\u011fretmenlerin, \u00f6\u011frencilerine bu prensipleri, bir e\u011fitim plan\u0131 dahilinde aktarmas\u0131 hedefleniyor.<\/p>\n<p>Projenin tamamlanmas\u0131 sonras\u0131nda her y\u0131l, ilgili okullarda \u00f6\u011frencilerin haz\u0131rlad\u0131\u011f\u0131 geri d\u00f6n\u00fc\u015f\u00fcm temal\u0131 sergilerin hayat bulmas\u0131 planlan\u0131yor.<\/p>\n<\/p><\/div>\n<p><script async\n                    defer\n                    crossorigin=\"anonymous\"\n                    src=\"https:\/\/connect.facebook.net\/tr_TR\/sdk.js#xfbml=1&#038;version=v3.3\"\n            ><\/script><\/p>\n","protected":false},"excerpt":{"rendered":"<p>Literat\u00fcrde \u201c3R\u201d olarak bilinen ve T\u00fcrk\u00e7e a\u00e7\u0131l\u0131m\u0131 ile \u201cAzalt, yeniden kullan ve d\u00f6n\u00fc\u015ft\u00fcr\u201d prensibini, \u00f6\u011fretmenler arac\u0131l\u0131\u011f\u0131 ile \u00f6\u011frencilere aktarmay\u0131 hedefleyen \u201cD\u00f6n\u00fc\u015fen Girne \u00c7evre Projesi\u201dnin tamamland\u0131\u011f\u0131 bildirildi. Girne Belediyesi Gen\u00e7lik Meclisi Giri\u015fimi ile hayat bulan, \u201cD\u00f6n\u00fc\u015fen Girne \u00c7evre Projesi\u201d, bug\u00fcn d\u00fczenlenen sertifika t\u00f6reni ile son buldu. Girne Belediyesinden verilen bilgiye g\u00f6re, t\u00f6rene Girne Belediye Ba\u015fkan\u0131 Murat<\/p>\n","protected":false},"author":1,"featured_media":35266,"comment_status":"open","ping_status":"open","sticky":false,"template":"","format":"standard","meta":{"footnotes":""},"categories":[1],"tags":[],"class_list":["post-35265","post","type-post","status-publish","format-standard","has-post-thumbnail","hentry","category-gundem"],"yoast_head":"<!-- This site is optimized with the Yoast SEO plugin v27.4 - https:\/\/yoast.com\/product\/yoast-seo-wordpress\/ -->\n<title>\u2018D\u00f6n\u00fc\u015fen Girne \u00c7evre Projesi\u2019 tamamland\u0131 -<\/title>\n<meta name=\"robots\" content=\"index, follow, max-snippet:-1, max-image-preview:large, max-video-preview:-1\" \/>\n<link rel=\"canonical\" href=\"https:\/\/kibrisdakik.com\/?p=35265\" \/>\n<meta property=\"og:locale\" content=\"tr_TR\" \/>\n<meta property=\"og:type\" content=\"article\" \/>\n<meta property=\"og:title\" content=\"\u2018D\u00f6n\u00fc\u015fen Girne \u00c7evre Projesi\u2019 tamamland\u0131 -\" \/>\n<meta property=\"og:description\" content=\"Literat\u00fcrde \u201c3R\u201d olarak bilinen ve T\u00fcrk\u00e7e a\u00e7\u0131l\u0131m\u0131 ile \u201cAzalt, yeniden kullan ve d\u00f6n\u00fc\u015ft\u00fcr\u201d prensibini, \u00f6\u011fretmenler arac\u0131l\u0131\u011f\u0131 ile \u00f6\u011frencilere aktarmay\u0131 hedefleyen \u201cD\u00f6n\u00fc\u015fen Girne \u00c7evre Projesi\u201dnin tamamland\u0131\u011f\u0131 bildirildi. Girne Belediyesi Gen\u00e7lik Meclisi Giri\u015fimi ile hayat bulan, \u201cD\u00f6n\u00fc\u015fen Girne \u00c7evre Projesi\u201d, bug\u00fcn d\u00fczenlenen sertifika t\u00f6reni ile son buldu. Girne Belediyesinden verilen bilgiye g\u00f6re, t\u00f6rene Girne Belediye Ba\u015fkan\u0131 Murat\" \/>\n<meta property=\"og:url\" content=\"https:\/\/kibrisdakik.com\/?p=35265\" \/>\n<meta property=\"article:published_time\" content=\"2024-03-22T20:49:55+00:00\" \/>\n<meta property=\"og:image\" content=\"https:\/\/kibrisdakik.com\/wp-content\/uploads\/2024\/03\/e-girne-belediyesi-2-scaled-740x420.jpg\" \/>\n\t<meta property=\"og:image:width\" content=\"2560\" \/>\n\t<meta property=\"og:image:height\" content=\"1711\" \/>\n\t<meta property=\"og:image:type\" content=\"image\/jpeg\" \/>\n<meta name=\"author\" content=\"admin\" \/>\n<meta name=\"twitter:card\" content=\"summary_large_image\" \/>\n<meta name=\"twitter:label1\" content=\"Yazan:\" \/>\n\t<meta name=\"twitter:data1\" content=\"admin\" \/>\n\t<meta name=\"twitter:label2\" content=\"Tahmini okuma s\u00fcresi\" \/>\n\t<meta name=\"twitter:data2\" content=\"1 dakika\" \/>\n<script type=\"application\/ld+json\" class=\"yoast-schema-graph\">{\"@context\":\"https:\\\/\\\/schema.org\",\"@graph\":[{\"@type\":\"Article\",\"@id\":\"https:\\\/\\\/kibrisdakik.com\\\/?p=35265#article\",\"isPartOf\":{\"@id\":\"https:\\\/\\\/kibrisdakik.com\\\/?p=35265\"},\"author\":{\"name\":\"admin\",\"@id\":\"https:\\\/\\\/kibrisdakik.com\\\/#\\\/schema\\\/person\\\/9cd9d437bbb44f72b73ba127e06d8e79\"},\"headline\":\"\u2018D\u00f6n\u00fc\u015fen Girne \u00c7evre Projesi\u2019 tamamland\u0131\",\"datePublished\":\"2024-03-22T20:49:55+00:00\",\"mainEntityOfPage\":{\"@id\":\"https:\\\/\\\/kibrisdakik.com\\\/?p=35265\"},\"wordCount\":301,\"commentCount\":0,\"image\":{\"@id\":\"https:\\\/\\\/kibrisdakik.com\\\/?p=35265#primaryimage\"},\"thumbnailUrl\":\"https:\\\/\\\/kibrisdakik.com\\\/wp-content\\\/uploads\\\/2024\\\/03\\\/e-girne-belediyesi-2-scaled-740x420.jpg\",\"articleSection\":[\"G\u00fcndem\"],\"inLanguage\":\"tr\",\"potentialAction\":[{\"@type\":\"CommentAction\",\"name\":\"Comment\",\"target\":[\"https:\\\/\\\/kibrisdakik.com\\\/?p=35265#respond\"]}]},{\"@type\":\"WebPage\",\"@id\":\"https:\\\/\\\/kibrisdakik.com\\\/?p=35265\",\"url\":\"https:\\\/\\\/kibrisdakik.com\\\/?p=35265\",\"name\":\"\u2018D\u00f6n\u00fc\u015fen Girne \u00c7evre Projesi\u2019 tamamland\u0131 -\",\"isPartOf\":{\"@id\":\"https:\\\/\\\/kibrisdakik.com\\\/#website\"},\"primaryImageOfPage\":{\"@id\":\"https:\\\/\\\/kibrisdakik.com\\\/?p=35265#primaryimage\"},\"image\":{\"@id\":\"https:\\\/\\\/kibrisdakik.com\\\/?p=35265#primaryimage\"},\"thumbnailUrl\":\"https:\\\/\\\/kibrisdakik.com\\\/wp-content\\\/uploads\\\/2024\\\/03\\\/e-girne-belediyesi-2-scaled-740x420.jpg\",\"datePublished\":\"2024-03-22T20:49:55+00:00\",\"author\":{\"@id\":\"https:\\\/\\\/kibrisdakik.com\\\/#\\\/schema\\\/person\\\/9cd9d437bbb44f72b73ba127e06d8e79\"},\"breadcrumb\":{\"@id\":\"https:\\\/\\\/kibrisdakik.com\\\/?p=35265#breadcrumb\"},\"inLanguage\":\"tr\",\"potentialAction\":[{\"@type\":\"ReadAction\",\"target\":[\"https:\\\/\\\/kibrisdakik.com\\\/?p=35265\"]}]},{\"@type\":\"ImageObject\",\"inLanguage\":\"tr\",\"@id\":\"https:\\\/\\\/kibrisdakik.com\\\/?p=35265#primaryimage\",\"url\":\"https:\\\/\\\/kibrisdakik.com\\\/wp-content\\\/uploads\\\/2024\\\/03\\\/e-girne-belediyesi-2-scaled-740x420.jpg\",\"contentUrl\":\"https:\\\/\\\/kibrisdakik.com\\\/wp-content\\\/uploads\\\/2024\\\/03\\\/e-girne-belediyesi-2-scaled-740x420.jpg\",\"width\":2560,\"height\":1711},{\"@type\":\"BreadcrumbList\",\"@id\":\"https:\\\/\\\/kibrisdakik.com\\\/?p=35265#breadcrumb\",\"itemListElement\":[{\"@type\":\"ListItem\",\"position\":1,\"name\":\"Home\",\"item\":\"https:\\\/\\\/kibrisdakik.com\\\/\"},{\"@type\":\"ListItem\",\"position\":2,\"name\":\"\u2018D\u00f6n\u00fc\u015fen Girne \u00c7evre Projesi\u2019 tamamland\u0131\"}]},{\"@type\":\"WebSite\",\"@id\":\"https:\\\/\\\/kibrisdakik.com\\\/#website\",\"url\":\"https:\\\/\\\/kibrisdakik.com\\\/\",\"name\":\"\",\"description\":\"Tam vaktinde haber\",\"potentialAction\":[{\"@type\":\"SearchAction\",\"target\":{\"@type\":\"EntryPoint\",\"urlTemplate\":\"https:\\\/\\\/kibrisdakik.com\\\/?s={search_term_string}\"},\"query-input\":{\"@type\":\"PropertyValueSpecification\",\"valueRequired\":true,\"valueName\":\"search_term_string\"}}],\"inLanguage\":\"tr\"},{\"@type\":\"Person\",\"@id\":\"https:\\\/\\\/kibrisdakik.com\\\/#\\\/schema\\\/person\\\/9cd9d437bbb44f72b73ba127e06d8e79\",\"name\":\"admin\",\"image\":{\"@type\":\"ImageObject\",\"inLanguage\":\"tr\",\"@id\":\"https:\\\/\\\/secure.gravatar.com\\\/avatar\\\/ccc17943b9d660506c869530f897617f7cb1c21a4bf30023f252596d83e1f007?s=96&d=mm&r=g\",\"url\":\"https:\\\/\\\/secure.gravatar.com\\\/avatar\\\/ccc17943b9d660506c869530f897617f7cb1c21a4bf30023f252596d83e1f007?s=96&d=mm&r=g\",\"contentUrl\":\"https:\\\/\\\/secure.gravatar.com\\\/avatar\\\/ccc17943b9d660506c869530f897617f7cb1c21a4bf30023f252596d83e1f007?s=96&d=mm&r=g\",\"caption\":\"admin\"},\"sameAs\":[\"https:\\\/\\\/kibrisdakik.com\"],\"url\":\"https:\\\/\\\/kibrisdakik.com\\\/?author=1\"}]}<\/script>\n<!-- \/ Yoast SEO plugin. -->","yoast_head_json":{"title":"\u2018D\u00f6n\u00fc\u015fen Girne \u00c7evre Projesi\u2019 tamamland\u0131 -","robots":{"index":"index","follow":"follow","max-snippet":"max-snippet:-1","max-image-preview":"max-image-preview:large","max-video-preview":"max-video-preview:-1"},"canonical":"https:\/\/kibrisdakik.com\/?p=35265","og_locale":"tr_TR","og_type":"article","og_title":"\u2018D\u00f6n\u00fc\u015fen Girne \u00c7evre Projesi\u2019 tamamland\u0131 -","og_description":"Literat\u00fcrde \u201c3R\u201d olarak bilinen ve T\u00fcrk\u00e7e a\u00e7\u0131l\u0131m\u0131 ile \u201cAzalt, yeniden kullan ve d\u00f6n\u00fc\u015ft\u00fcr\u201d prensibini, \u00f6\u011fretmenler arac\u0131l\u0131\u011f\u0131 ile \u00f6\u011frencilere aktarmay\u0131 hedefleyen \u201cD\u00f6n\u00fc\u015fen Girne \u00c7evre Projesi\u201dnin tamamland\u0131\u011f\u0131 bildirildi. Girne Belediyesi Gen\u00e7lik Meclisi Giri\u015fimi ile hayat bulan, \u201cD\u00f6n\u00fc\u015fen Girne \u00c7evre Projesi\u201d, bug\u00fcn d\u00fczenlenen sertifika t\u00f6reni ile son buldu. Girne Belediyesinden verilen bilgiye g\u00f6re, t\u00f6rene Girne Belediye Ba\u015fkan\u0131 Murat","og_url":"https:\/\/kibrisdakik.com\/?p=35265","article_published_time":"2024-03-22T20:49:55+00:00","og_image":[{"width":2560,"height":1711,"url":"https:\/\/kibrisdakik.com\/wp-content\/uploads\/2024\/03\/e-girne-belediyesi-2-scaled-740x420.jpg","type":"image\/jpeg"}],"author":"admin","twitter_card":"summary_large_image","twitter_misc":{"Yazan:":"admin","Tahmini okuma s\u00fcresi":"1 dakika"},"schema":{"@context":"https:\/\/schema.org","@graph":[{"@type":"Article","@id":"https:\/\/kibrisdakik.com\/?p=35265#article","isPartOf":{"@id":"https:\/\/kibrisdakik.com\/?p=35265"},"author":{"name":"admin","@id":"https:\/\/kibrisdakik.com\/#\/schema\/person\/9cd9d437bbb44f72b73ba127e06d8e79"},"headline":"\u2018D\u00f6n\u00fc\u015fen Girne \u00c7evre Projesi\u2019 tamamland\u0131","datePublished":"2024-03-22T20:49:55+00:00","mainEntityOfPage":{"@id":"https:\/\/kibrisdakik.com\/?p=35265"},"wordCount":301,"commentCount":0,"image":{"@id":"https:\/\/kibrisdakik.com\/?p=35265#primaryimage"},"thumbnailUrl":"https:\/\/kibrisdakik.com\/wp-content\/uploads\/2024\/03\/e-girne-belediyesi-2-scaled-740x420.jpg","articleSection":["G\u00fcndem"],"inLanguage":"tr","potentialAction":[{"@type":"CommentAction","name":"Comment","target":["https:\/\/kibrisdakik.com\/?p=35265#respond"]}]},{"@type":"WebPage","@id":"https:\/\/kibrisdakik.com\/?p=35265","url":"https:\/\/kibrisdakik.com\/?p=35265","name":"\u2018D\u00f6n\u00fc\u015fen Girne \u00c7evre Projesi\u2019 tamamland\u0131 -","isPartOf":{"@id":"https:\/\/kibrisdakik.com\/#website"},"primaryImageOfPage":{"@id":"https:\/\/kibrisdakik.com\/?p=35265#primaryimage"},"image":{"@id":"https:\/\/kibrisdakik.com\/?p=35265#primaryimage"},"thumbnailUrl":"https:\/\/kibrisdakik.com\/wp-content\/uploads\/2024\/03\/e-girne-belediyesi-2-scaled-740x420.jpg","datePublished":"2024-03-22T20:49:55+00:00","author":{"@id":"https:\/\/kibrisdakik.com\/#\/schema\/person\/9cd9d437bbb44f72b73ba127e06d8e79"},"breadcrumb":{"@id":"https:\/\/kibrisdakik.com\/?p=35265#breadcrumb"},"inLanguage":"tr","potentialAction":[{"@type":"ReadAction","target":["https:\/\/kibrisdakik.com\/?p=35265"]}]},{"@type":"ImageObject","inLanguage":"tr","@id":"https:\/\/kibrisdakik.com\/?p=35265#primaryimage","url":"https:\/\/kibrisdakik.com\/wp-content\/uploads\/2024\/03\/e-girne-belediyesi-2-scaled-740x420.jpg","contentUrl":"https:\/\/kibrisdakik.com\/wp-content\/uploads\/2024\/03\/e-girne-belediyesi-2-scaled-740x420.jpg","width":2560,"height":1711},{"@type":"BreadcrumbList","@id":"https:\/\/kibrisdakik.com\/?p=35265#breadcrumb","itemListElement":[{"@type":"ListItem","position":1,"name":"Home","item":"https:\/\/kibrisdakik.com\/"},{"@type":"ListItem","position":2,"name":"\u2018D\u00f6n\u00fc\u015fen Girne \u00c7evre Projesi\u2019 tamamland\u0131"}]},{"@type":"WebSite","@id":"https:\/\/kibrisdakik.com\/#website","url":"https:\/\/kibrisdakik.com\/","name":"","description":"Tam vaktinde haber","potentialAction":[{"@type":"SearchAction","target":{"@type":"EntryPoint","urlTemplate":"https:\/\/kibrisdakik.com\/?s={search_term_string}"},"query-input":{"@type":"PropertyValueSpecification","valueRequired":true,"valueName":"search_term_string"}}],"inLanguage":"tr"},{"@type":"Person","@id":"https:\/\/kibrisdakik.com\/#\/schema\/person\/9cd9d437bbb44f72b73ba127e06d8e79","name":"admin","image":{"@type":"ImageObject","inLanguage":"tr","@id":"https:\/\/secure.gravatar.com\/avatar\/ccc17943b9d660506c869530f897617f7cb1c21a4bf30023f252596d83e1f007?s=96&d=mm&r=g","url":"https:\/\/secure.gravatar.com\/avatar\/ccc17943b9d660506c869530f897617f7cb1c21a4bf30023f252596d83e1f007?s=96&d=mm&r=g","contentUrl":"https:\/\/secure.gravatar.com\/avatar\/ccc17943b9d660506c869530f897617f7cb1c21a4bf30023f252596d83e1f007?s=96&d=mm&r=g","caption":"admin"},"sameAs":["https:\/\/kibrisdakik.com"],"url":"https:\/\/kibrisdakik.com\/?author=1"}]}},"_links":{"self":[{"href":"https:\/\/kibrisdakik.com\/index.php?rest_route=\/wp\/v2\/posts\/35265","targetHints":{"allow":["GET"]}}],"collection":[{"href":"https:\/\/kibrisdakik.com\/index.php?rest_route=\/wp\/v2\/posts"}],"about":[{"href":"https:\/\/kibrisdakik.com\/index.php?rest_route=\/wp\/v2\/types\/post"}],"author":[{"embeddable":true,"href":"https:\/\/kibrisdakik.com\/index.php?rest_route=\/wp\/v2\/users\/1"}],"replies":[{"embeddable":true,"href":"https:\/\/kibrisdakik.com\/index.php?rest_route=%2Fwp%2Fv2%2Fcomments&post=35265"}],"version-history":[{"count":0,"href":"https:\/\/kibrisdakik.com\/index.php?rest_route=\/wp\/v2\/posts\/35265\/revisions"}],"wp:featuredmedia":[{"embeddable":true,"href":"https:\/\/kibrisdakik.com\/index.php?rest_route=\/wp\/v2\/media\/35266"}],"wp:attachment":[{"href":"https:\/\/kibrisdakik.com\/index.php?rest_route=%2Fwp%2Fv2%2Fmedia&parent=35265"}],"wp:term":[{"taxonomy":"category","embeddable":true,"href":"https:\/\/kibrisdakik.com\/index.php?rest_route=%2Fwp%2Fv2%2Fcategories&post=35265"},{"taxonomy":"post_tag","embeddable":true,"href":"https:\/\/kibrisdakik.com\/index.php?rest_route=%2Fwp%2Fv2%2Ftags&post=35265"}],"curies":[{"name":"wp","href":"https:\/\/api.w.org\/{rel}","templated":true}]}}