{"id":35337,"date":"2024-03-23T10:07:07","date_gmt":"2024-03-23T10:07:07","guid":{"rendered":"https:\/\/kibrisdakik.com\/index.php\/2024\/03\/23\/turkiye-ile-kibris-davasinda-birlikte-yuruyoruz\/"},"modified":"2024-03-23T10:07:07","modified_gmt":"2024-03-23T10:07:07","slug":"turkiye-ile-kibris-davasinda-birlikte-yuruyoruz","status":"publish","type":"post","link":"https:\/\/kibrisdakik.com\/?p=35337","title":{"rendered":"\u201cT\u00fcrkiye ile K\u0131br\u0131s davas\u0131nda birlikte y\u00fcr\u00fcyoruz\u201d"},"content":{"rendered":"<p><img decoding=\"async\" src=\"https:\/\/www.kibristurk.com\/images\/haberler\/2024\/03\/turkiye-ile-kibris-davasinda-birlikte-yuruyoruz-1711187565.webp\" \/><\/p>\n<p style=\"text-align:left\"><span style=\"font-size:16px\"><span style=\"font-family:Merriweather,serif !important\"><span style=\"color:#000000\"><span style=\"background-color:#ffffff\">Meclis Ba\u015fkan\u0131 T\u00f6re, \u0130stanbul temaslar\u0131 \u00e7er\u00e7evesinde TGRT Haber\u2019de &nbsp;Emre Diner\u2019in haz\u0131rlay\u0131p sundu\u011fu \u201cD\u00fcnya\u2019da Bug\u00fcn\u201d program\u0131na kat\u0131larak canl\u0131 yay\u0131nda sorular\u0131 yan\u0131tlad\u0131<\/span><\/span><\/span><\/span><\/p>\n<p style=\"text-align:left\"><span style=\"font-size:16px\"><span style=\"font-family:Merriweather,serif !important\"><span style=\"color:#000000\"><span style=\"background-color:#ffffff\">T\u00f6re, programda &nbsp;T\u00fcrkiye ile ayr\u0131 gayr\u0131lar\u0131n\u0131n bulunmad\u0131\u011f\u0131n\u0131, &nbsp;T\u00fcrkiye\u2019nin K\u0131br\u0131s\u2019ta b\u00fcy\u00fck projelere destek verdi\u011fini s\u00f6yledi.<\/span><\/span><\/span><\/span><\/p>\n<p style=\"text-align:left\"><span style=\"font-size:16px\"><span style=\"font-family:Merriweather,serif !important\"><span style=\"color:#000000\"><span style=\"background-color:#ffffff\">T\u00fcrkiye ile ili\u015fkilerin fevkalade iyi d\u00fczeyde oldu\u011funu belirten T\u00f6re, K\u0131br\u0131s\u2019ta M\u00fccahitlerin ve Mehmet\u00e7iklerin birlikte \u015fehit olduklar\u0131n\u0131 \u00fczerinde ya\u015fad\u0131klar\u0131 topraklar\u0131 vatan yapt\u0131klar\u0131n\u0131 ifade etti.<\/span><\/span><\/span><\/span><\/p>\n<p style=\"text-align:left\"><span style=\"font-size:16px\"><span style=\"font-family:Merriweather,serif !important\"><span style=\"color:#000000\"><span style=\"background-color:#ffffff\">BM\u2019nin s\u00fcrekli K\u0131br\u0131s T\u00fcrk halk\u0131 aleyhine kararlar \u00fcretti\u011fini kaydeden T\u00f6re, T\u00fcrkiye olmadan KKTC\u2019yi ayakta tutman\u0131n m\u00fcmk\u00fcn olmad\u0131\u011f\u0131n\u0131 s\u00f6yledi.<\/span><\/span><\/span><\/span><\/p>\n<p style=\"text-align:left\"><span style=\"font-size:16px\"><span style=\"font-family:Merriweather,serif !important\"><span style=\"color:#000000\"><span style=\"background-color:#ffffff\">-T\u00f6re\u2019den &nbsp;\u0130HA\u2019YA ziyaret<\/span><\/span><\/span><\/span><\/p>\n<p style=\"text-align:left\"><span style=\"font-size:16px\"><span style=\"font-family:Merriweather,serif !important\"><span style=\"color:#000000\"><span style=\"background-color:#ffffff\">Cumhuriyet Meclisi Ba\u015fkan\u0131 Zorlu T\u00f6re daha sonra ayn\u0131 binada hizmet veren \u0130hlas Haber Ajans\u0131\u2019n\u0131 ziyaret ederek \u0130hlas Haber Ajans\u0131 Genel M\u00fcd\u00fcr\u00fc Hamit Arvas ile g\u00f6r\u00fc\u015ft\u00fc.<\/span><\/span><\/span><\/span><\/p>\n<p style=\"text-align:left\"><span style=\"font-size:16px\"><span style=\"font-family:Merriweather,serif !important\"><span style=\"color:#000000\"><span style=\"background-color:#ffffff\">T\u00f6re, \u201cMilli ve manevi de\u011ferlerden hi\u00e7 taviz vermeyen bir \u0130hlas Haber Ajans\u0131, T\u00fcrk milletine b\u00fcy\u00fck hizmetler veriyor demektir. \u00c7\u00fcnk\u00fc milleti ayakta tutman\u0131n tek yolu vard\u0131r, milli ve manevi de\u011ferlere sahip \u00e7\u0131kmak. Bu de\u011ferler bizim z\u0131rh\u0131m\u0131zd\u0131r. Yani bizi eritmek, yok etmek, par\u00e7alamak isteyenlere kar\u015f\u0131 duru\u015fumuzu peki\u015ftiren bir yap\u0131d\u0131r. Bundan dolay\u0131 da ben tabii ki \u0130hlas Haber Ajans\u0131&#8217;n\u0131 devaml\u0131 takip ediyorum ve tebrik ediyorum\u201d ifadelerini kulland\u0131.<\/span><\/span><\/span><\/span><\/p>\n","protected":false},"excerpt":{"rendered":"<p>Meclis Ba\u015fkan\u0131 T\u00f6re, \u0130stanbul temaslar\u0131 \u00e7er\u00e7evesinde TGRT Haber\u2019de &nbsp;Emre Diner\u2019in haz\u0131rlay\u0131p sundu\u011fu \u201cD\u00fcnya\u2019da Bug\u00fcn\u201d program\u0131na kat\u0131larak canl\u0131 yay\u0131nda sorular\u0131 yan\u0131tlad\u0131 T\u00f6re, programda &nbsp;T\u00fcrkiye ile ayr\u0131 gayr\u0131lar\u0131n\u0131n bulunmad\u0131\u011f\u0131n\u0131, &nbsp;T\u00fcrkiye\u2019nin K\u0131br\u0131s\u2019ta b\u00fcy\u00fck projelere destek verdi\u011fini s\u00f6yledi. T\u00fcrkiye ile ili\u015fkilerin fevkalade iyi d\u00fczeyde oldu\u011funu belirten T\u00f6re, K\u0131br\u0131s\u2019ta M\u00fccahitlerin ve Mehmet\u00e7iklerin birlikte \u015fehit olduklar\u0131n\u0131 \u00fczerinde ya\u015fad\u0131klar\u0131 topraklar\u0131 vatan yapt\u0131klar\u0131n\u0131<\/p>\n","protected":false},"author":1,"featured_media":35338,"comment_status":"open","ping_status":"open","sticky":false,"template":"","format":"standard","meta":{"footnotes":""},"categories":[85],"tags":[],"class_list":["post-35337","post","type-post","status-publish","format-standard","has-post-thumbnail","hentry","category-spor"],"yoast_head":"<!-- This site is optimized with the Yoast SEO plugin v27.4 - https:\/\/yoast.com\/product\/yoast-seo-wordpress\/ -->\n<title>\u201cT\u00fcrkiye ile K\u0131br\u0131s davas\u0131nda birlikte y\u00fcr\u00fcyoruz\u201d -<\/title>\n<meta name=\"robots\" content=\"index, follow, max-snippet:-1, max-image-preview:large, max-video-preview:-1\" \/>\n<link rel=\"canonical\" href=\"https:\/\/kibrisdakik.com\/?p=35337\" \/>\n<meta property=\"og:locale\" content=\"tr_TR\" \/>\n<meta property=\"og:type\" content=\"article\" \/>\n<meta property=\"og:title\" content=\"\u201cT\u00fcrkiye ile K\u0131br\u0131s davas\u0131nda birlikte y\u00fcr\u00fcyoruz\u201d -\" \/>\n<meta property=\"og:description\" content=\"Meclis Ba\u015fkan\u0131 T\u00f6re, \u0130stanbul temaslar\u0131 \u00e7er\u00e7evesinde TGRT Haber\u2019de &nbsp;Emre Diner\u2019in haz\u0131rlay\u0131p sundu\u011fu \u201cD\u00fcnya\u2019da Bug\u00fcn\u201d program\u0131na kat\u0131larak canl\u0131 yay\u0131nda sorular\u0131 yan\u0131tlad\u0131 T\u00f6re, programda &nbsp;T\u00fcrkiye ile ayr\u0131 gayr\u0131lar\u0131n\u0131n bulunmad\u0131\u011f\u0131n\u0131, &nbsp;T\u00fcrkiye\u2019nin K\u0131br\u0131s\u2019ta b\u00fcy\u00fck projelere destek verdi\u011fini s\u00f6yledi. T\u00fcrkiye ile ili\u015fkilerin fevkalade iyi d\u00fczeyde oldu\u011funu belirten T\u00f6re, K\u0131br\u0131s\u2019ta M\u00fccahitlerin ve Mehmet\u00e7iklerin birlikte \u015fehit olduklar\u0131n\u0131 \u00fczerinde ya\u015fad\u0131klar\u0131 topraklar\u0131 vatan yapt\u0131klar\u0131n\u0131\" \/>\n<meta property=\"og:url\" content=\"https:\/\/kibrisdakik.com\/?p=35337\" \/>\n<meta property=\"article:published_time\" content=\"2024-03-23T10:07:07+00:00\" \/>\n<meta property=\"og:image\" content=\"https:\/\/kibrisdakik.com\/wp-content\/uploads\/2024\/03\/turkiye-ile-kibris-davasinda-birlikte-yuruyoruz-1711187565.webp.webp\" \/>\n\t<meta property=\"og:image:width\" content=\"710\" \/>\n\t<meta property=\"og:image:height\" content=\"370\" \/>\n\t<meta property=\"og:image:type\" content=\"image\/webp\" \/>\n<meta name=\"author\" content=\"admin\" \/>\n<meta name=\"twitter:card\" content=\"summary_large_image\" \/>\n<meta name=\"twitter:label1\" content=\"Yazan:\" \/>\n\t<meta name=\"twitter:data1\" content=\"admin\" \/>\n\t<meta name=\"twitter:label2\" content=\"Tahmini okuma s\u00fcresi\" \/>\n\t<meta name=\"twitter:data2\" content=\"1 dakika\" \/>\n<script type=\"application\/ld+json\" class=\"yoast-schema-graph\">{\"@context\":\"https:\\\/\\\/schema.org\",\"@graph\":[{\"@type\":\"Article\",\"@id\":\"https:\\\/\\\/kibrisdakik.com\\\/?p=35337#article\",\"isPartOf\":{\"@id\":\"https:\\\/\\\/kibrisdakik.com\\\/?p=35337\"},\"author\":{\"name\":\"admin\",\"@id\":\"https:\\\/\\\/kibrisdakik.com\\\/#\\\/schema\\\/person\\\/9cd9d437bbb44f72b73ba127e06d8e79\"},\"headline\":\"\u201cT\u00fcrkiye ile K\u0131br\u0131s davas\u0131nda birlikte y\u00fcr\u00fcyoruz\u201d\",\"datePublished\":\"2024-03-23T10:07:07+00:00\",\"mainEntityOfPage\":{\"@id\":\"https:\\\/\\\/kibrisdakik.com\\\/?p=35337\"},\"wordCount\":271,\"commentCount\":0,\"image\":{\"@id\":\"https:\\\/\\\/kibrisdakik.com\\\/?p=35337#primaryimage\"},\"thumbnailUrl\":\"https:\\\/\\\/kibrisdakik.com\\\/wp-content\\\/uploads\\\/2024\\\/03\\\/turkiye-ile-kibris-davasinda-birlikte-yuruyoruz-1711187565.webp.webp\",\"articleSection\":[\"Spor\"],\"inLanguage\":\"tr\",\"potentialAction\":[{\"@type\":\"CommentAction\",\"name\":\"Comment\",\"target\":[\"https:\\\/\\\/kibrisdakik.com\\\/?p=35337#respond\"]}]},{\"@type\":\"WebPage\",\"@id\":\"https:\\\/\\\/kibrisdakik.com\\\/?p=35337\",\"url\":\"https:\\\/\\\/kibrisdakik.com\\\/?p=35337\",\"name\":\"\u201cT\u00fcrkiye ile K\u0131br\u0131s davas\u0131nda birlikte y\u00fcr\u00fcyoruz\u201d -\",\"isPartOf\":{\"@id\":\"https:\\\/\\\/kibrisdakik.com\\\/#website\"},\"primaryImageOfPage\":{\"@id\":\"https:\\\/\\\/kibrisdakik.com\\\/?p=35337#primaryimage\"},\"image\":{\"@id\":\"https:\\\/\\\/kibrisdakik.com\\\/?p=35337#primaryimage\"},\"thumbnailUrl\":\"https:\\\/\\\/kibrisdakik.com\\\/wp-content\\\/uploads\\\/2024\\\/03\\\/turkiye-ile-kibris-davasinda-birlikte-yuruyoruz-1711187565.webp.webp\",\"datePublished\":\"2024-03-23T10:07:07+00:00\",\"author\":{\"@id\":\"https:\\\/\\\/kibrisdakik.com\\\/#\\\/schema\\\/person\\\/9cd9d437bbb44f72b73ba127e06d8e79\"},\"breadcrumb\":{\"@id\":\"https:\\\/\\\/kibrisdakik.com\\\/?p=35337#breadcrumb\"},\"inLanguage\":\"tr\",\"potentialAction\":[{\"@type\":\"ReadAction\",\"target\":[\"https:\\\/\\\/kibrisdakik.com\\\/?p=35337\"]}]},{\"@type\":\"ImageObject\",\"inLanguage\":\"tr\",\"@id\":\"https:\\\/\\\/kibrisdakik.com\\\/?p=35337#primaryimage\",\"url\":\"https:\\\/\\\/kibrisdakik.com\\\/wp-content\\\/uploads\\\/2024\\\/03\\\/turkiye-ile-kibris-davasinda-birlikte-yuruyoruz-1711187565.webp.webp\",\"contentUrl\":\"https:\\\/\\\/kibrisdakik.com\\\/wp-content\\\/uploads\\\/2024\\\/03\\\/turkiye-ile-kibris-davasinda-birlikte-yuruyoruz-1711187565.webp.webp\",\"width\":710,\"height\":370},{\"@type\":\"BreadcrumbList\",\"@id\":\"https:\\\/\\\/kibrisdakik.com\\\/?p=35337#breadcrumb\",\"itemListElement\":[{\"@type\":\"ListItem\",\"position\":1,\"name\":\"Home\",\"item\":\"https:\\\/\\\/kibrisdakik.com\\\/\"},{\"@type\":\"ListItem\",\"position\":2,\"name\":\"\u201cT\u00fcrkiye ile K\u0131br\u0131s davas\u0131nda birlikte y\u00fcr\u00fcyoruz\u201d\"}]},{\"@type\":\"WebSite\",\"@id\":\"https:\\\/\\\/kibrisdakik.com\\\/#website\",\"url\":\"https:\\\/\\\/kibrisdakik.com\\\/\",\"name\":\"\",\"description\":\"Tam vaktinde haber\",\"potentialAction\":[{\"@type\":\"SearchAction\",\"target\":{\"@type\":\"EntryPoint\",\"urlTemplate\":\"https:\\\/\\\/kibrisdakik.com\\\/?s={search_term_string}\"},\"query-input\":{\"@type\":\"PropertyValueSpecification\",\"valueRequired\":true,\"valueName\":\"search_term_string\"}}],\"inLanguage\":\"tr\"},{\"@type\":\"Person\",\"@id\":\"https:\\\/\\\/kibrisdakik.com\\\/#\\\/schema\\\/person\\\/9cd9d437bbb44f72b73ba127e06d8e79\",\"name\":\"admin\",\"image\":{\"@type\":\"ImageObject\",\"inLanguage\":\"tr\",\"@id\":\"https:\\\/\\\/secure.gravatar.com\\\/avatar\\\/ccc17943b9d660506c869530f897617f7cb1c21a4bf30023f252596d83e1f007?s=96&d=mm&r=g\",\"url\":\"https:\\\/\\\/secure.gravatar.com\\\/avatar\\\/ccc17943b9d660506c869530f897617f7cb1c21a4bf30023f252596d83e1f007?s=96&d=mm&r=g\",\"contentUrl\":\"https:\\\/\\\/secure.gravatar.com\\\/avatar\\\/ccc17943b9d660506c869530f897617f7cb1c21a4bf30023f252596d83e1f007?s=96&d=mm&r=g\",\"caption\":\"admin\"},\"sameAs\":[\"https:\\\/\\\/kibrisdakik.com\"],\"url\":\"https:\\\/\\\/kibrisdakik.com\\\/?author=1\"}]}<\/script>\n<!-- \/ Yoast SEO plugin. -->","yoast_head_json":{"title":"\u201cT\u00fcrkiye ile K\u0131br\u0131s davas\u0131nda birlikte y\u00fcr\u00fcyoruz\u201d -","robots":{"index":"index","follow":"follow","max-snippet":"max-snippet:-1","max-image-preview":"max-image-preview:large","max-video-preview":"max-video-preview:-1"},"canonical":"https:\/\/kibrisdakik.com\/?p=35337","og_locale":"tr_TR","og_type":"article","og_title":"\u201cT\u00fcrkiye ile K\u0131br\u0131s davas\u0131nda birlikte y\u00fcr\u00fcyoruz\u201d -","og_description":"Meclis Ba\u015fkan\u0131 T\u00f6re, \u0130stanbul temaslar\u0131 \u00e7er\u00e7evesinde TGRT Haber\u2019de &nbsp;Emre Diner\u2019in haz\u0131rlay\u0131p sundu\u011fu \u201cD\u00fcnya\u2019da Bug\u00fcn\u201d program\u0131na kat\u0131larak canl\u0131 yay\u0131nda sorular\u0131 yan\u0131tlad\u0131 T\u00f6re, programda &nbsp;T\u00fcrkiye ile ayr\u0131 gayr\u0131lar\u0131n\u0131n bulunmad\u0131\u011f\u0131n\u0131, &nbsp;T\u00fcrkiye\u2019nin K\u0131br\u0131s\u2019ta b\u00fcy\u00fck projelere destek verdi\u011fini s\u00f6yledi. T\u00fcrkiye ile ili\u015fkilerin fevkalade iyi d\u00fczeyde oldu\u011funu belirten T\u00f6re, K\u0131br\u0131s\u2019ta M\u00fccahitlerin ve Mehmet\u00e7iklerin birlikte \u015fehit olduklar\u0131n\u0131 \u00fczerinde ya\u015fad\u0131klar\u0131 topraklar\u0131 vatan yapt\u0131klar\u0131n\u0131","og_url":"https:\/\/kibrisdakik.com\/?p=35337","article_published_time":"2024-03-23T10:07:07+00:00","og_image":[{"width":710,"height":370,"url":"https:\/\/kibrisdakik.com\/wp-content\/uploads\/2024\/03\/turkiye-ile-kibris-davasinda-birlikte-yuruyoruz-1711187565.webp.webp","type":"image\/webp"}],"author":"admin","twitter_card":"summary_large_image","twitter_misc":{"Yazan:":"admin","Tahmini okuma s\u00fcresi":"1 dakika"},"schema":{"@context":"https:\/\/schema.org","@graph":[{"@type":"Article","@id":"https:\/\/kibrisdakik.com\/?p=35337#article","isPartOf":{"@id":"https:\/\/kibrisdakik.com\/?p=35337"},"author":{"name":"admin","@id":"https:\/\/kibrisdakik.com\/#\/schema\/person\/9cd9d437bbb44f72b73ba127e06d8e79"},"headline":"\u201cT\u00fcrkiye ile K\u0131br\u0131s davas\u0131nda birlikte y\u00fcr\u00fcyoruz\u201d","datePublished":"2024-03-23T10:07:07+00:00","mainEntityOfPage":{"@id":"https:\/\/kibrisdakik.com\/?p=35337"},"wordCount":271,"commentCount":0,"image":{"@id":"https:\/\/kibrisdakik.com\/?p=35337#primaryimage"},"thumbnailUrl":"https:\/\/kibrisdakik.com\/wp-content\/uploads\/2024\/03\/turkiye-ile-kibris-davasinda-birlikte-yuruyoruz-1711187565.webp.webp","articleSection":["Spor"],"inLanguage":"tr","potentialAction":[{"@type":"CommentAction","name":"Comment","target":["https:\/\/kibrisdakik.com\/?p=35337#respond"]}]},{"@type":"WebPage","@id":"https:\/\/kibrisdakik.com\/?p=35337","url":"https:\/\/kibrisdakik.com\/?p=35337","name":"\u201cT\u00fcrkiye ile K\u0131br\u0131s davas\u0131nda birlikte y\u00fcr\u00fcyoruz\u201d -","isPartOf":{"@id":"https:\/\/kibrisdakik.com\/#website"},"primaryImageOfPage":{"@id":"https:\/\/kibrisdakik.com\/?p=35337#primaryimage"},"image":{"@id":"https:\/\/kibrisdakik.com\/?p=35337#primaryimage"},"thumbnailUrl":"https:\/\/kibrisdakik.com\/wp-content\/uploads\/2024\/03\/turkiye-ile-kibris-davasinda-birlikte-yuruyoruz-1711187565.webp.webp","datePublished":"2024-03-23T10:07:07+00:00","author":{"@id":"https:\/\/kibrisdakik.com\/#\/schema\/person\/9cd9d437bbb44f72b73ba127e06d8e79"},"breadcrumb":{"@id":"https:\/\/kibrisdakik.com\/?p=35337#breadcrumb"},"inLanguage":"tr","potentialAction":[{"@type":"ReadAction","target":["https:\/\/kibrisdakik.com\/?p=35337"]}]},{"@type":"ImageObject","inLanguage":"tr","@id":"https:\/\/kibrisdakik.com\/?p=35337#primaryimage","url":"https:\/\/kibrisdakik.com\/wp-content\/uploads\/2024\/03\/turkiye-ile-kibris-davasinda-birlikte-yuruyoruz-1711187565.webp.webp","contentUrl":"https:\/\/kibrisdakik.com\/wp-content\/uploads\/2024\/03\/turkiye-ile-kibris-davasinda-birlikte-yuruyoruz-1711187565.webp.webp","width":710,"height":370},{"@type":"BreadcrumbList","@id":"https:\/\/kibrisdakik.com\/?p=35337#breadcrumb","itemListElement":[{"@type":"ListItem","position":1,"name":"Home","item":"https:\/\/kibrisdakik.com\/"},{"@type":"ListItem","position":2,"name":"\u201cT\u00fcrkiye ile K\u0131br\u0131s davas\u0131nda birlikte y\u00fcr\u00fcyoruz\u201d"}]},{"@type":"WebSite","@id":"https:\/\/kibrisdakik.com\/#website","url":"https:\/\/kibrisdakik.com\/","name":"","description":"Tam vaktinde haber","potentialAction":[{"@type":"SearchAction","target":{"@type":"EntryPoint","urlTemplate":"https:\/\/kibrisdakik.com\/?s={search_term_string}"},"query-input":{"@type":"PropertyValueSpecification","valueRequired":true,"valueName":"search_term_string"}}],"inLanguage":"tr"},{"@type":"Person","@id":"https:\/\/kibrisdakik.com\/#\/schema\/person\/9cd9d437bbb44f72b73ba127e06d8e79","name":"admin","image":{"@type":"ImageObject","inLanguage":"tr","@id":"https:\/\/secure.gravatar.com\/avatar\/ccc17943b9d660506c869530f897617f7cb1c21a4bf30023f252596d83e1f007?s=96&d=mm&r=g","url":"https:\/\/secure.gravatar.com\/avatar\/ccc17943b9d660506c869530f897617f7cb1c21a4bf30023f252596d83e1f007?s=96&d=mm&r=g","contentUrl":"https:\/\/secure.gravatar.com\/avatar\/ccc17943b9d660506c869530f897617f7cb1c21a4bf30023f252596d83e1f007?s=96&d=mm&r=g","caption":"admin"},"sameAs":["https:\/\/kibrisdakik.com"],"url":"https:\/\/kibrisdakik.com\/?author=1"}]}},"_links":{"self":[{"href":"https:\/\/kibrisdakik.com\/index.php?rest_route=\/wp\/v2\/posts\/35337","targetHints":{"allow":["GET"]}}],"collection":[{"href":"https:\/\/kibrisdakik.com\/index.php?rest_route=\/wp\/v2\/posts"}],"about":[{"href":"https:\/\/kibrisdakik.com\/index.php?rest_route=\/wp\/v2\/types\/post"}],"author":[{"embeddable":true,"href":"https:\/\/kibrisdakik.com\/index.php?rest_route=\/wp\/v2\/users\/1"}],"replies":[{"embeddable":true,"href":"https:\/\/kibrisdakik.com\/index.php?rest_route=%2Fwp%2Fv2%2Fcomments&post=35337"}],"version-history":[{"count":0,"href":"https:\/\/kibrisdakik.com\/index.php?rest_route=\/wp\/v2\/posts\/35337\/revisions"}],"wp:featuredmedia":[{"embeddable":true,"href":"https:\/\/kibrisdakik.com\/index.php?rest_route=\/wp\/v2\/media\/35338"}],"wp:attachment":[{"href":"https:\/\/kibrisdakik.com\/index.php?rest_route=%2Fwp%2Fv2%2Fmedia&parent=35337"}],"wp:term":[{"taxonomy":"category","embeddable":true,"href":"https:\/\/kibrisdakik.com\/index.php?rest_route=%2Fwp%2Fv2%2Fcategories&post=35337"},{"taxonomy":"post_tag","embeddable":true,"href":"https:\/\/kibrisdakik.com\/index.php?rest_route=%2Fwp%2Fv2%2Ftags&post=35337"}],"curies":[{"name":"wp","href":"https:\/\/api.w.org\/{rel}","templated":true}]}}