{"id":35350,"date":"2024-03-23T12:04:21","date_gmt":"2024-03-23T12:04:21","guid":{"rendered":"https:\/\/kibrisdakik.com\/index.php\/2024\/03\/23\/maliye-bakani-berova-oreki-andi\/"},"modified":"2024-03-23T12:04:21","modified_gmt":"2024-03-23T12:04:21","slug":"maliye-bakani-berova-oreki-andi","status":"publish","type":"post","link":"https:\/\/kibrisdakik.com\/?p=35350","title":{"rendered":"Maliye Bakan\u0131 Berova, \u00d6rek\u2019i and\u0131"},"content":{"rendered":"<p><\/p>\n<div>\n<div class=\"mariselle-image-container none\">\n                <img loading=\"lazy\" decoding=\"async\" width=\"1024\" height=\"726\" class=\"lazy-image\" alt=\"\" sizes=\"auto, (max-width: 1024px) 100vw, 1024px\" src=\"https:\/\/brtk.net\/wp-content\/uploads\/2024\/03\/23\/berova-mesaj1.jpg?ver=0bbf44901f1e6fec5c4b82be34c3d56b\" srcset=\"https:\/\/brtk.net\/wp-content\/uploads\/2024\/03\/23\/berova-mesaj1.jpg?ver=0bbf44901f1e6fec5c4b82be34c3d56b 1024w, https:\/\/brtk.net\/wp-content\/uploads\/2024\/03\/23\/berova-mesaj1-300x213.jpg?ver=0aaa9e821db141e8af134275a81b6389 300w, https:\/\/brtk.net\/wp-content\/uploads\/2024\/03\/23\/berova-mesaj1-768x545.jpg?ver=0aaa9e821db141e8af134275a81b6389 768w\"\/>                            <\/div>\n<p>Maliye Bakan\u0131 \u00d6zdemir Berova, K\u0131br\u0131s T\u00fcrk Federe Devleti Ba\u015fbakan\u0131 Osman \u00d6rek\u2019in 25\u2019inci \u00f6l\u00fcm y\u0131l d\u00f6n\u00fcm\u00fc dolay\u0131s\u0131yla mesaj yay\u0131mlad\u0131.<\/p>\n<p>Berova, \u201cK\u0131br\u0131s T\u00fcrk halk\u0131n\u0131n varolu\u015f m\u00fccadelesinin \u00f6nderlerinden merhum Osman \u00d6rek\u2019i \u00f6l\u00fcm y\u0131l d\u00f6n\u00fcm\u00fcnde sayg\u0131 ve rahmetle an\u0131yoruz\u201d dedi.<\/p>\n<p>Berova mesaj\u0131nda \u015funlar\u0131 kaydetti:<\/p>\n<p>\u201cHayat\u0131n\u0131 ulusal davaya sahip \u00e7\u0131karak, K\u0131br\u0131s T\u00fcrk halk\u0131n\u0131n hakl\u0131 m\u00fccadelesine adayan, K\u0131br\u0131s T\u00fcrk Federe Devleti Ba\u015fbakan\u0131 olarak halk\u0131na b\u00fcy\u00fck hizmetleri bulunan Osman \u00d6rek\u2019i vefat\u0131n\u0131n 25\u2019inci y\u0131l d\u00f6n\u00fcm\u00fcnde sevgi, sayg\u0131, \u00f6zlem ve rahmetle an\u0131yoruz.\u00a0 M\u00fccadelesi ile K\u0131br\u0131s T\u00fcrk halk\u0131n\u0131n g\u00f6nl\u00fcnde ya\u015famaya devam edecektir. Ruhu \u015fad olsun.\u201d<\/p>\n<\/p><\/div>\n<p><script async\n                    defer\n                    crossorigin=\"anonymous\"\n                    src=\"https:\/\/connect.facebook.net\/tr_TR\/sdk.js#xfbml=1&#038;version=v3.3\"\n            ><\/script><\/p>\n","protected":false},"excerpt":{"rendered":"<p>Maliye Bakan\u0131 \u00d6zdemir Berova, K\u0131br\u0131s T\u00fcrk Federe Devleti Ba\u015fbakan\u0131 Osman \u00d6rek\u2019in 25\u2019inci \u00f6l\u00fcm y\u0131l d\u00f6n\u00fcm\u00fc dolay\u0131s\u0131yla mesaj yay\u0131mlad\u0131. Berova, \u201cK\u0131br\u0131s T\u00fcrk halk\u0131n\u0131n varolu\u015f m\u00fccadelesinin \u00f6nderlerinden merhum Osman \u00d6rek\u2019i \u00f6l\u00fcm y\u0131l d\u00f6n\u00fcm\u00fcnde sayg\u0131 ve rahmetle an\u0131yoruz\u201d dedi. Berova mesaj\u0131nda \u015funlar\u0131 kaydetti: \u201cHayat\u0131n\u0131 ulusal davaya sahip \u00e7\u0131karak, K\u0131br\u0131s T\u00fcrk halk\u0131n\u0131n hakl\u0131 m\u00fccadelesine adayan, K\u0131br\u0131s T\u00fcrk Federe Devleti<\/p>\n","protected":false},"author":1,"featured_media":35351,"comment_status":"open","ping_status":"open","sticky":false,"template":"","format":"standard","meta":{"footnotes":""},"categories":[1],"tags":[],"class_list":["post-35350","post","type-post","status-publish","format-standard","has-post-thumbnail","hentry","category-gundem"],"yoast_head":"<!-- This site is optimized with the Yoast SEO plugin v27.4 - https:\/\/yoast.com\/product\/yoast-seo-wordpress\/ -->\n<title>Maliye Bakan\u0131 Berova, \u00d6rek\u2019i and\u0131 -<\/title>\n<meta name=\"robots\" content=\"index, follow, max-snippet:-1, max-image-preview:large, max-video-preview:-1\" \/>\n<link rel=\"canonical\" href=\"https:\/\/kibrisdakik.com\/?p=35350\" \/>\n<meta property=\"og:locale\" content=\"tr_TR\" \/>\n<meta property=\"og:type\" content=\"article\" \/>\n<meta property=\"og:title\" content=\"Maliye Bakan\u0131 Berova, \u00d6rek\u2019i and\u0131 -\" \/>\n<meta property=\"og:description\" content=\"Maliye Bakan\u0131 \u00d6zdemir Berova, K\u0131br\u0131s T\u00fcrk Federe Devleti Ba\u015fbakan\u0131 Osman \u00d6rek\u2019in 25\u2019inci \u00f6l\u00fcm y\u0131l d\u00f6n\u00fcm\u00fc dolay\u0131s\u0131yla mesaj yay\u0131mlad\u0131. Berova, \u201cK\u0131br\u0131s T\u00fcrk halk\u0131n\u0131n varolu\u015f m\u00fccadelesinin \u00f6nderlerinden merhum Osman \u00d6rek\u2019i \u00f6l\u00fcm y\u0131l d\u00f6n\u00fcm\u00fcnde sayg\u0131 ve rahmetle an\u0131yoruz\u201d dedi. Berova mesaj\u0131nda \u015funlar\u0131 kaydetti: \u201cHayat\u0131n\u0131 ulusal davaya sahip \u00e7\u0131karak, K\u0131br\u0131s T\u00fcrk halk\u0131n\u0131n hakl\u0131 m\u00fccadelesine adayan, K\u0131br\u0131s T\u00fcrk Federe Devleti\" \/>\n<meta property=\"og:url\" content=\"https:\/\/kibrisdakik.com\/?p=35350\" \/>\n<meta property=\"article:published_time\" content=\"2024-03-23T12:04:21+00:00\" \/>\n<meta property=\"og:image\" content=\"https:\/\/kibrisdakik.com\/wp-content\/uploads\/2024\/03\/berova-mesaj1-740x420.jpg\" \/>\n\t<meta property=\"og:image:width\" content=\"1024\" \/>\n\t<meta property=\"og:image:height\" content=\"726\" \/>\n\t<meta property=\"og:image:type\" content=\"image\/jpeg\" \/>\n<meta name=\"author\" content=\"admin\" \/>\n<meta name=\"twitter:card\" content=\"summary_large_image\" \/>\n<meta name=\"twitter:label1\" content=\"Yazan:\" \/>\n\t<meta name=\"twitter:data1\" content=\"admin\" \/>\n\t<meta name=\"twitter:label2\" content=\"Tahmini okuma s\u00fcresi\" \/>\n\t<meta name=\"twitter:data2\" content=\"1 dakika\" \/>\n<script type=\"application\/ld+json\" class=\"yoast-schema-graph\">{\"@context\":\"https:\\\/\\\/schema.org\",\"@graph\":[{\"@type\":\"Article\",\"@id\":\"https:\\\/\\\/kibrisdakik.com\\\/?p=35350#article\",\"isPartOf\":{\"@id\":\"https:\\\/\\\/kibrisdakik.com\\\/?p=35350\"},\"author\":{\"name\":\"admin\",\"@id\":\"https:\\\/\\\/kibrisdakik.com\\\/#\\\/schema\\\/person\\\/9cd9d437bbb44f72b73ba127e06d8e79\"},\"headline\":\"Maliye Bakan\u0131 Berova, \u00d6rek\u2019i and\u0131\",\"datePublished\":\"2024-03-23T12:04:21+00:00\",\"mainEntityOfPage\":{\"@id\":\"https:\\\/\\\/kibrisdakik.com\\\/?p=35350\"},\"wordCount\":148,\"commentCount\":0,\"image\":{\"@id\":\"https:\\\/\\\/kibrisdakik.com\\\/?p=35350#primaryimage\"},\"thumbnailUrl\":\"https:\\\/\\\/kibrisdakik.com\\\/wp-content\\\/uploads\\\/2024\\\/03\\\/berova-mesaj1-740x420.jpg\",\"articleSection\":[\"G\u00fcndem\"],\"inLanguage\":\"tr\",\"potentialAction\":[{\"@type\":\"CommentAction\",\"name\":\"Comment\",\"target\":[\"https:\\\/\\\/kibrisdakik.com\\\/?p=35350#respond\"]}]},{\"@type\":\"WebPage\",\"@id\":\"https:\\\/\\\/kibrisdakik.com\\\/?p=35350\",\"url\":\"https:\\\/\\\/kibrisdakik.com\\\/?p=35350\",\"name\":\"Maliye Bakan\u0131 Berova, \u00d6rek\u2019i and\u0131 -\",\"isPartOf\":{\"@id\":\"https:\\\/\\\/kibrisdakik.com\\\/#website\"},\"primaryImageOfPage\":{\"@id\":\"https:\\\/\\\/kibrisdakik.com\\\/?p=35350#primaryimage\"},\"image\":{\"@id\":\"https:\\\/\\\/kibrisdakik.com\\\/?p=35350#primaryimage\"},\"thumbnailUrl\":\"https:\\\/\\\/kibrisdakik.com\\\/wp-content\\\/uploads\\\/2024\\\/03\\\/berova-mesaj1-740x420.jpg\",\"datePublished\":\"2024-03-23T12:04:21+00:00\",\"author\":{\"@id\":\"https:\\\/\\\/kibrisdakik.com\\\/#\\\/schema\\\/person\\\/9cd9d437bbb44f72b73ba127e06d8e79\"},\"breadcrumb\":{\"@id\":\"https:\\\/\\\/kibrisdakik.com\\\/?p=35350#breadcrumb\"},\"inLanguage\":\"tr\",\"potentialAction\":[{\"@type\":\"ReadAction\",\"target\":[\"https:\\\/\\\/kibrisdakik.com\\\/?p=35350\"]}]},{\"@type\":\"ImageObject\",\"inLanguage\":\"tr\",\"@id\":\"https:\\\/\\\/kibrisdakik.com\\\/?p=35350#primaryimage\",\"url\":\"https:\\\/\\\/kibrisdakik.com\\\/wp-content\\\/uploads\\\/2024\\\/03\\\/berova-mesaj1-740x420.jpg\",\"contentUrl\":\"https:\\\/\\\/kibrisdakik.com\\\/wp-content\\\/uploads\\\/2024\\\/03\\\/berova-mesaj1-740x420.jpg\",\"width\":1024,\"height\":726},{\"@type\":\"BreadcrumbList\",\"@id\":\"https:\\\/\\\/kibrisdakik.com\\\/?p=35350#breadcrumb\",\"itemListElement\":[{\"@type\":\"ListItem\",\"position\":1,\"name\":\"Home\",\"item\":\"https:\\\/\\\/kibrisdakik.com\\\/\"},{\"@type\":\"ListItem\",\"position\":2,\"name\":\"Maliye Bakan\u0131 Berova, \u00d6rek\u2019i and\u0131\"}]},{\"@type\":\"WebSite\",\"@id\":\"https:\\\/\\\/kibrisdakik.com\\\/#website\",\"url\":\"https:\\\/\\\/kibrisdakik.com\\\/\",\"name\":\"\",\"description\":\"Tam vaktinde haber\",\"potentialAction\":[{\"@type\":\"SearchAction\",\"target\":{\"@type\":\"EntryPoint\",\"urlTemplate\":\"https:\\\/\\\/kibrisdakik.com\\\/?s={search_term_string}\"},\"query-input\":{\"@type\":\"PropertyValueSpecification\",\"valueRequired\":true,\"valueName\":\"search_term_string\"}}],\"inLanguage\":\"tr\"},{\"@type\":\"Person\",\"@id\":\"https:\\\/\\\/kibrisdakik.com\\\/#\\\/schema\\\/person\\\/9cd9d437bbb44f72b73ba127e06d8e79\",\"name\":\"admin\",\"image\":{\"@type\":\"ImageObject\",\"inLanguage\":\"tr\",\"@id\":\"https:\\\/\\\/secure.gravatar.com\\\/avatar\\\/ccc17943b9d660506c869530f897617f7cb1c21a4bf30023f252596d83e1f007?s=96&d=mm&r=g\",\"url\":\"https:\\\/\\\/secure.gravatar.com\\\/avatar\\\/ccc17943b9d660506c869530f897617f7cb1c21a4bf30023f252596d83e1f007?s=96&d=mm&r=g\",\"contentUrl\":\"https:\\\/\\\/secure.gravatar.com\\\/avatar\\\/ccc17943b9d660506c869530f897617f7cb1c21a4bf30023f252596d83e1f007?s=96&d=mm&r=g\",\"caption\":\"admin\"},\"sameAs\":[\"https:\\\/\\\/kibrisdakik.com\"],\"url\":\"https:\\\/\\\/kibrisdakik.com\\\/?author=1\"}]}<\/script>\n<!-- \/ Yoast SEO plugin. -->","yoast_head_json":{"title":"Maliye Bakan\u0131 Berova, \u00d6rek\u2019i and\u0131 -","robots":{"index":"index","follow":"follow","max-snippet":"max-snippet:-1","max-image-preview":"max-image-preview:large","max-video-preview":"max-video-preview:-1"},"canonical":"https:\/\/kibrisdakik.com\/?p=35350","og_locale":"tr_TR","og_type":"article","og_title":"Maliye Bakan\u0131 Berova, \u00d6rek\u2019i and\u0131 -","og_description":"Maliye Bakan\u0131 \u00d6zdemir Berova, K\u0131br\u0131s T\u00fcrk Federe Devleti Ba\u015fbakan\u0131 Osman \u00d6rek\u2019in 25\u2019inci \u00f6l\u00fcm y\u0131l d\u00f6n\u00fcm\u00fc dolay\u0131s\u0131yla mesaj yay\u0131mlad\u0131. Berova, \u201cK\u0131br\u0131s T\u00fcrk halk\u0131n\u0131n varolu\u015f m\u00fccadelesinin \u00f6nderlerinden merhum Osman \u00d6rek\u2019i \u00f6l\u00fcm y\u0131l d\u00f6n\u00fcm\u00fcnde sayg\u0131 ve rahmetle an\u0131yoruz\u201d dedi. Berova mesaj\u0131nda \u015funlar\u0131 kaydetti: \u201cHayat\u0131n\u0131 ulusal davaya sahip \u00e7\u0131karak, K\u0131br\u0131s T\u00fcrk halk\u0131n\u0131n hakl\u0131 m\u00fccadelesine adayan, K\u0131br\u0131s T\u00fcrk Federe Devleti","og_url":"https:\/\/kibrisdakik.com\/?p=35350","article_published_time":"2024-03-23T12:04:21+00:00","og_image":[{"width":1024,"height":726,"url":"https:\/\/kibrisdakik.com\/wp-content\/uploads\/2024\/03\/berova-mesaj1-740x420.jpg","type":"image\/jpeg"}],"author":"admin","twitter_card":"summary_large_image","twitter_misc":{"Yazan:":"admin","Tahmini okuma s\u00fcresi":"1 dakika"},"schema":{"@context":"https:\/\/schema.org","@graph":[{"@type":"Article","@id":"https:\/\/kibrisdakik.com\/?p=35350#article","isPartOf":{"@id":"https:\/\/kibrisdakik.com\/?p=35350"},"author":{"name":"admin","@id":"https:\/\/kibrisdakik.com\/#\/schema\/person\/9cd9d437bbb44f72b73ba127e06d8e79"},"headline":"Maliye Bakan\u0131 Berova, \u00d6rek\u2019i and\u0131","datePublished":"2024-03-23T12:04:21+00:00","mainEntityOfPage":{"@id":"https:\/\/kibrisdakik.com\/?p=35350"},"wordCount":148,"commentCount":0,"image":{"@id":"https:\/\/kibrisdakik.com\/?p=35350#primaryimage"},"thumbnailUrl":"https:\/\/kibrisdakik.com\/wp-content\/uploads\/2024\/03\/berova-mesaj1-740x420.jpg","articleSection":["G\u00fcndem"],"inLanguage":"tr","potentialAction":[{"@type":"CommentAction","name":"Comment","target":["https:\/\/kibrisdakik.com\/?p=35350#respond"]}]},{"@type":"WebPage","@id":"https:\/\/kibrisdakik.com\/?p=35350","url":"https:\/\/kibrisdakik.com\/?p=35350","name":"Maliye Bakan\u0131 Berova, \u00d6rek\u2019i and\u0131 -","isPartOf":{"@id":"https:\/\/kibrisdakik.com\/#website"},"primaryImageOfPage":{"@id":"https:\/\/kibrisdakik.com\/?p=35350#primaryimage"},"image":{"@id":"https:\/\/kibrisdakik.com\/?p=35350#primaryimage"},"thumbnailUrl":"https:\/\/kibrisdakik.com\/wp-content\/uploads\/2024\/03\/berova-mesaj1-740x420.jpg","datePublished":"2024-03-23T12:04:21+00:00","author":{"@id":"https:\/\/kibrisdakik.com\/#\/schema\/person\/9cd9d437bbb44f72b73ba127e06d8e79"},"breadcrumb":{"@id":"https:\/\/kibrisdakik.com\/?p=35350#breadcrumb"},"inLanguage":"tr","potentialAction":[{"@type":"ReadAction","target":["https:\/\/kibrisdakik.com\/?p=35350"]}]},{"@type":"ImageObject","inLanguage":"tr","@id":"https:\/\/kibrisdakik.com\/?p=35350#primaryimage","url":"https:\/\/kibrisdakik.com\/wp-content\/uploads\/2024\/03\/berova-mesaj1-740x420.jpg","contentUrl":"https:\/\/kibrisdakik.com\/wp-content\/uploads\/2024\/03\/berova-mesaj1-740x420.jpg","width":1024,"height":726},{"@type":"BreadcrumbList","@id":"https:\/\/kibrisdakik.com\/?p=35350#breadcrumb","itemListElement":[{"@type":"ListItem","position":1,"name":"Home","item":"https:\/\/kibrisdakik.com\/"},{"@type":"ListItem","position":2,"name":"Maliye Bakan\u0131 Berova, \u00d6rek\u2019i and\u0131"}]},{"@type":"WebSite","@id":"https:\/\/kibrisdakik.com\/#website","url":"https:\/\/kibrisdakik.com\/","name":"","description":"Tam vaktinde haber","potentialAction":[{"@type":"SearchAction","target":{"@type":"EntryPoint","urlTemplate":"https:\/\/kibrisdakik.com\/?s={search_term_string}"},"query-input":{"@type":"PropertyValueSpecification","valueRequired":true,"valueName":"search_term_string"}}],"inLanguage":"tr"},{"@type":"Person","@id":"https:\/\/kibrisdakik.com\/#\/schema\/person\/9cd9d437bbb44f72b73ba127e06d8e79","name":"admin","image":{"@type":"ImageObject","inLanguage":"tr","@id":"https:\/\/secure.gravatar.com\/avatar\/ccc17943b9d660506c869530f897617f7cb1c21a4bf30023f252596d83e1f007?s=96&d=mm&r=g","url":"https:\/\/secure.gravatar.com\/avatar\/ccc17943b9d660506c869530f897617f7cb1c21a4bf30023f252596d83e1f007?s=96&d=mm&r=g","contentUrl":"https:\/\/secure.gravatar.com\/avatar\/ccc17943b9d660506c869530f897617f7cb1c21a4bf30023f252596d83e1f007?s=96&d=mm&r=g","caption":"admin"},"sameAs":["https:\/\/kibrisdakik.com"],"url":"https:\/\/kibrisdakik.com\/?author=1"}]}},"_links":{"self":[{"href":"https:\/\/kibrisdakik.com\/index.php?rest_route=\/wp\/v2\/posts\/35350","targetHints":{"allow":["GET"]}}],"collection":[{"href":"https:\/\/kibrisdakik.com\/index.php?rest_route=\/wp\/v2\/posts"}],"about":[{"href":"https:\/\/kibrisdakik.com\/index.php?rest_route=\/wp\/v2\/types\/post"}],"author":[{"embeddable":true,"href":"https:\/\/kibrisdakik.com\/index.php?rest_route=\/wp\/v2\/users\/1"}],"replies":[{"embeddable":true,"href":"https:\/\/kibrisdakik.com\/index.php?rest_route=%2Fwp%2Fv2%2Fcomments&post=35350"}],"version-history":[{"count":0,"href":"https:\/\/kibrisdakik.com\/index.php?rest_route=\/wp\/v2\/posts\/35350\/revisions"}],"wp:featuredmedia":[{"embeddable":true,"href":"https:\/\/kibrisdakik.com\/index.php?rest_route=\/wp\/v2\/media\/35351"}],"wp:attachment":[{"href":"https:\/\/kibrisdakik.com\/index.php?rest_route=%2Fwp%2Fv2%2Fmedia&parent=35350"}],"wp:term":[{"taxonomy":"category","embeddable":true,"href":"https:\/\/kibrisdakik.com\/index.php?rest_route=%2Fwp%2Fv2%2Fcategories&post=35350"},{"taxonomy":"post_tag","embeddable":true,"href":"https:\/\/kibrisdakik.com\/index.php?rest_route=%2Fwp%2Fv2%2Ftags&post=35350"}],"curies":[{"name":"wp","href":"https:\/\/api.w.org\/{rel}","templated":true}]}}