{"id":35370,"date":"2024-03-23T14:15:52","date_gmt":"2024-03-23T14:15:52","guid":{"rendered":"https:\/\/kibrisdakik.com\/index.php\/2024\/03\/23\/mekansal-adres-kayit-sistemi-projesi-ikinci-asamasi-icin-protokol-imzalandi-2\/"},"modified":"2024-03-23T14:15:52","modified_gmt":"2024-03-23T14:15:52","slug":"mekansal-adres-kayit-sistemi-projesi-ikinci-asamasi-icin-protokol-imzalandi-2","status":"publish","type":"post","link":"https:\/\/kibrisdakik.com\/?p=35370","title":{"rendered":"Mek\u00e2nsal Adres Kay\u0131t Sistemi Projesi ikinci a\u015famas\u0131 i\u00e7in protokol imzaland\u0131"},"content":{"rendered":"<p><img decoding=\"async\" src=\"https:\/\/www.kibristurk.com\/images\/haberler\/2024\/03\/mekansal-adres-kayit-sistemi-projesi-ikinci-asamasi-icin-protokol-imzalandi-1711190393.webp\" \/><\/p>\n<p style=\"text-align:left\"><span style=\"font-size:16px\"><span style=\"font-family:Merriweather,serif !important\"><span style=\"color:#000000\"><span style=\"background-color:#ffffff\"><span style=\"font-size:16px !important\"><span style=\"font-family:Merriweather,serif !important\"><span style=\"color:#000000 !important\">\u0130\u00e7i\u015fleri Bakanl\u0131\u011f\u0131ndan verilen bilgiye g\u00f6re, Girne, Lapta-Alsancak-\u00c7aml\u0131bel, \u00c7atalk\u00f6y-Esentepe, Erenk\u00f6y-Karpaz, Mehmet\u00e7ik-B\u00fcy\u00fckkonuk, G\u00fczelyurt, Mesarya, Beyarmudu, De\u011firmenlik- Ak\u0131nc\u0131lar ve Tatl\u0131su belediyeleri ile \u0130\u00e7i\u015fleri Bakanl\u0131\u011f\u0131 aras\u0131nda sokak, cadde, mahalle, yol isimleri ve yap\u0131 numaratajlar\u0131na y\u00f6nelik saha \u00e7al\u0131\u015fmalar\u0131n\u0131 tamamlamak \u00fczere birinci etap protokol\u00fcn\u00fcn imzalanmas\u0131n\u0131n ard\u0131ndan G\u00f6nyeli-Alayk\u00f6y, Dikmen, Lefke, Yenibo\u011fazi\u00e7i ve \u0130skele belediyeleri ile \u0130\u00e7i\u015fleri Bakanl\u0131\u011f\u0131 aras\u0131nda ikinci etap projesi i\u00e7in protokol imzaland\u0131.<\/span><\/span><\/span><\/span><\/span><\/span><\/span><\/p>\n<p style=\"text-align:left\"><span style=\"font-size:16px\"><span style=\"font-family:Merriweather,serif !important\"><span style=\"color:#000000\"><span style=\"background-color:#ffffff\"><span style=\"font-size:16px !important\"><span style=\"font-family:Merriweather,serif !important\"><span style=\"color:#000000 !important\">\u0130\u00e7i\u015fleri Bakan\u0131 Dursun O\u011fuz&#8217;un da kat\u0131l\u0131m\u0131yla ger\u00e7ekle\u015fen toplant\u0131da, MAKS Projesi&#8217;nin \u00f6nemi vurgulanarak, birinci etab\u0131n\u0131n tamamlanmas\u0131yla ikinci a\u015famaya ge\u00e7ilmesinden duyulan memnuniyet ifade edildi.<\/span><\/span><\/span><\/span><\/span><\/span><\/span><\/p>\n<p style=\"text-align:left\"><span style=\"font-size:16px\"><span style=\"font-family:Merriweather,serif !important\"><span style=\"color:#000000\"><span style=\"background-color:#ffffff\"><span style=\"font-size:16px !important\"><span style=\"font-family:Merriweather,serif !important\"><span style=\"color:#000000 !important\">O\u011fuz, burada yapt\u0131\u011f\u0131 konu\u015fmada, e-devlet sistemi i\u00e7erisinde \u00f6nemli bir rol \u00fcstlenecek olan MAKS Projesi&#8217;nin ba\u015far\u0131yla devam etmesinden dolay\u0131 mutluluk duydu\u011funu belirtti.<\/span><\/span><\/span><\/span><\/span><\/span><\/span><\/p>\n<p style=\"text-align:left\"><span style=\"font-size:16px\"><span style=\"font-family:Merriweather,serif !important\"><span style=\"color:#000000\"><span style=\"background-color:#ffffff\"><span style=\"font-size:16px !important\"><span style=\"font-family:Merriweather,serif !important\"><span style=\"color:#000000 !important\">Projenin ikinci etab\u0131nda imzalanan i\u015f birli\u011fi protokolleri ile birlikte \u00e7al\u0131\u015fmalar\u0131n h\u0131zland\u0131r\u0131lmas\u0131, belediye personeline sistem e\u011fitimlerinin verilmesi, n\u00fcfus sistemiyle uyumlu bir \u015fekilde veri al\u0131\u015fveri\u015finin sa\u011flanmas\u0131 gibi \u00f6nemli ad\u0131mlar\u0131n at\u0131laca\u011f\u0131n\u0131 ifade eden O\u011fuz, MAKS Projesi&#8217;nin tamamlanmas\u0131yla birlikte bir\u00e7ok i\u015flemin daha h\u0131zl\u0131 ve etkin bir \u015fekilde ger\u00e7ekle\u015ftirilebilece\u011fine dikkat \u00e7ekti.<\/span><\/span><\/span><\/span><\/span><\/span><\/span><\/p>\n<p style=\"text-align:left\"><span style=\"font-size:16px\"><span style=\"font-family:Merriweather,serif !important\"><span style=\"color:#000000\"><span style=\"background-color:#ffffff\"><span style=\"font-size:16px !important\"><span style=\"font-family:Merriweather,serif !important\"><span style=\"color:#000000 !important\">\u0130\u00e7i\u015fleri Bakanl\u0131\u011f\u0131 toplant\u0131 salonunda ger\u00e7ekle\u015fen protokol t\u00f6renine belediye ba\u015fkanlar\u0131, \u0130\u00e7i\u015fleri Bakanl\u0131\u011f\u0131 Yerel Y\u00f6netimler M\u00fcd\u00fcr\u00fc Cenk D\u00f6kmen, N\u00fcfus Kay\u0131t Dairesi M\u00fcd\u00fcr\u00fc Nurcan Kutay, Bakanl\u0131k M\u00fcd\u00fcr\u00fc Mehmet Ercilasun ve \u0130\u00e7i\u015fleri Bakanl\u0131\u011f\u0131 MAKS Projesi sorumlular\u0131 Cem Beyaz ve Tu\u011f\u00e7e \u015eah da kat\u0131ld\u0131.<\/span><\/span><\/span><\/span><\/span><\/span><\/span><\/p>\n<p style=\"text-align:left\"><span style=\"font-size:16px\"><span style=\"font-family:Merriweather,serif !important\"><span style=\"color:#000000\"><span style=\"background-color:#ffffff\"><span style=\"font-size:16px !important\"><span style=\"font-family:Merriweather,serif !important\"><span style=\"color:#000000 !important\">S\u00f6z konusu protokollerin imzalanmas\u0131yla birlikte MAKS Projesi&#8217;nin ikinci a\u015famas\u0131na dair \u00e7al\u0131\u015fmalar h\u0131z kazanacak ve vatanda\u015flara daha etkin bir hizmet sunulmas\u0131 sa\u011flanacak.<\/span><\/span><\/span><\/span><\/span><\/span><\/span><\/p>\n","protected":false},"excerpt":{"rendered":"<p>\u0130\u00e7i\u015fleri Bakanl\u0131\u011f\u0131ndan verilen bilgiye g\u00f6re, Girne, Lapta-Alsancak-\u00c7aml\u0131bel, \u00c7atalk\u00f6y-Esentepe, Erenk\u00f6y-Karpaz, Mehmet\u00e7ik-B\u00fcy\u00fckkonuk, G\u00fczelyurt, Mesarya, Beyarmudu, De\u011firmenlik- Ak\u0131nc\u0131lar ve Tatl\u0131su belediyeleri ile \u0130\u00e7i\u015fleri Bakanl\u0131\u011f\u0131 aras\u0131nda sokak, cadde, mahalle, yol isimleri ve yap\u0131 numaratajlar\u0131na y\u00f6nelik saha \u00e7al\u0131\u015fmalar\u0131n\u0131 tamamlamak \u00fczere birinci etap protokol\u00fcn\u00fcn imzalanmas\u0131n\u0131n ard\u0131ndan G\u00f6nyeli-Alayk\u00f6y, Dikmen, Lefke, Yenibo\u011fazi\u00e7i ve \u0130skele belediyeleri ile \u0130\u00e7i\u015fleri Bakanl\u0131\u011f\u0131 aras\u0131nda ikinci etap projesi i\u00e7in<\/p>\n","protected":false},"author":1,"featured_media":35371,"comment_status":"open","ping_status":"open","sticky":false,"template":"","format":"standard","meta":{"footnotes":""},"categories":[79],"tags":[],"class_list":["post-35370","post","type-post","status-publish","format-standard","has-post-thumbnail","hentry","category-ekonomi"],"yoast_head":"<!-- This site is optimized with the Yoast SEO plugin v27.5 - https:\/\/yoast.com\/product\/yoast-seo-wordpress\/ -->\n<title>Mek\u00e2nsal Adres Kay\u0131t Sistemi Projesi ikinci a\u015famas\u0131 i\u00e7in protokol imzaland\u0131 -<\/title>\n<meta name=\"robots\" content=\"index, follow, max-snippet:-1, max-image-preview:large, max-video-preview:-1\" \/>\n<link rel=\"canonical\" href=\"https:\/\/kibrisdakik.com\/?p=35370\" \/>\n<meta property=\"og:locale\" content=\"tr_TR\" \/>\n<meta property=\"og:type\" content=\"article\" \/>\n<meta property=\"og:title\" content=\"Mek\u00e2nsal Adres Kay\u0131t Sistemi Projesi ikinci a\u015famas\u0131 i\u00e7in protokol imzaland\u0131 -\" \/>\n<meta property=\"og:description\" content=\"\u0130\u00e7i\u015fleri Bakanl\u0131\u011f\u0131ndan verilen bilgiye g\u00f6re, Girne, Lapta-Alsancak-\u00c7aml\u0131bel, \u00c7atalk\u00f6y-Esentepe, Erenk\u00f6y-Karpaz, Mehmet\u00e7ik-B\u00fcy\u00fckkonuk, G\u00fczelyurt, Mesarya, Beyarmudu, De\u011firmenlik- Ak\u0131nc\u0131lar ve Tatl\u0131su belediyeleri ile \u0130\u00e7i\u015fleri Bakanl\u0131\u011f\u0131 aras\u0131nda sokak, cadde, mahalle, yol isimleri ve yap\u0131 numaratajlar\u0131na y\u00f6nelik saha \u00e7al\u0131\u015fmalar\u0131n\u0131 tamamlamak \u00fczere birinci etap protokol\u00fcn\u00fcn imzalanmas\u0131n\u0131n ard\u0131ndan G\u00f6nyeli-Alayk\u00f6y, Dikmen, Lefke, Yenibo\u011fazi\u00e7i ve \u0130skele belediyeleri ile \u0130\u00e7i\u015fleri Bakanl\u0131\u011f\u0131 aras\u0131nda ikinci etap projesi i\u00e7in\" \/>\n<meta property=\"og:url\" content=\"https:\/\/kibrisdakik.com\/?p=35370\" \/>\n<meta property=\"article:published_time\" content=\"2024-03-23T14:15:52+00:00\" \/>\n<meta property=\"og:image\" content=\"https:\/\/kibrisdakik.com\/wp-content\/uploads\/2024\/03\/mekansal-adres-kayit-sistemi-projesi-ikinci-asamasi-icin-protokol-imzalandi-1711190393.webp.webp\" \/>\n\t<meta property=\"og:image:width\" content=\"710\" \/>\n\t<meta property=\"og:image:height\" content=\"370\" \/>\n\t<meta property=\"og:image:type\" content=\"image\/webp\" \/>\n<meta name=\"author\" content=\"admin\" \/>\n<meta name=\"twitter:card\" content=\"summary_large_image\" \/>\n<meta name=\"twitter:label1\" content=\"Yazan:\" \/>\n\t<meta name=\"twitter:data1\" content=\"admin\" \/>\n\t<meta name=\"twitter:label2\" content=\"Tahmini okuma s\u00fcresi\" \/>\n\t<meta name=\"twitter:data2\" content=\"2 dakika\" \/>\n<script type=\"application\/ld+json\" class=\"yoast-schema-graph\">{\"@context\":\"https:\\\/\\\/schema.org\",\"@graph\":[{\"@type\":\"Article\",\"@id\":\"https:\\\/\\\/kibrisdakik.com\\\/?p=35370#article\",\"isPartOf\":{\"@id\":\"https:\\\/\\\/kibrisdakik.com\\\/?p=35370\"},\"author\":{\"name\":\"admin\",\"@id\":\"https:\\\/\\\/kibrisdakik.com\\\/#\\\/schema\\\/person\\\/9cd9d437bbb44f72b73ba127e06d8e79\"},\"headline\":\"Mek\u00e2nsal Adres Kay\u0131t Sistemi Projesi ikinci a\u015famas\u0131 i\u00e7in protokol imzaland\u0131\",\"datePublished\":\"2024-03-23T14:15:52+00:00\",\"mainEntityOfPage\":{\"@id\":\"https:\\\/\\\/kibrisdakik.com\\\/?p=35370\"},\"wordCount\":324,\"commentCount\":0,\"image\":{\"@id\":\"https:\\\/\\\/kibrisdakik.com\\\/?p=35370#primaryimage\"},\"thumbnailUrl\":\"https:\\\/\\\/kibrisdakik.com\\\/wp-content\\\/uploads\\\/2024\\\/03\\\/mekansal-adres-kayit-sistemi-projesi-ikinci-asamasi-icin-protokol-imzalandi-1711190393.webp.webp\",\"articleSection\":[\"Ekonomi\"],\"inLanguage\":\"tr\",\"potentialAction\":[{\"@type\":\"CommentAction\",\"name\":\"Comment\",\"target\":[\"https:\\\/\\\/kibrisdakik.com\\\/?p=35370#respond\"]}]},{\"@type\":\"WebPage\",\"@id\":\"https:\\\/\\\/kibrisdakik.com\\\/?p=35370\",\"url\":\"https:\\\/\\\/kibrisdakik.com\\\/?p=35370\",\"name\":\"Mek\u00e2nsal Adres Kay\u0131t Sistemi Projesi ikinci a\u015famas\u0131 i\u00e7in protokol imzaland\u0131 -\",\"isPartOf\":{\"@id\":\"https:\\\/\\\/kibrisdakik.com\\\/#website\"},\"primaryImageOfPage\":{\"@id\":\"https:\\\/\\\/kibrisdakik.com\\\/?p=35370#primaryimage\"},\"image\":{\"@id\":\"https:\\\/\\\/kibrisdakik.com\\\/?p=35370#primaryimage\"},\"thumbnailUrl\":\"https:\\\/\\\/kibrisdakik.com\\\/wp-content\\\/uploads\\\/2024\\\/03\\\/mekansal-adres-kayit-sistemi-projesi-ikinci-asamasi-icin-protokol-imzalandi-1711190393.webp.webp\",\"datePublished\":\"2024-03-23T14:15:52+00:00\",\"author\":{\"@id\":\"https:\\\/\\\/kibrisdakik.com\\\/#\\\/schema\\\/person\\\/9cd9d437bbb44f72b73ba127e06d8e79\"},\"breadcrumb\":{\"@id\":\"https:\\\/\\\/kibrisdakik.com\\\/?p=35370#breadcrumb\"},\"inLanguage\":\"tr\",\"potentialAction\":[{\"@type\":\"ReadAction\",\"target\":[\"https:\\\/\\\/kibrisdakik.com\\\/?p=35370\"]}]},{\"@type\":\"ImageObject\",\"inLanguage\":\"tr\",\"@id\":\"https:\\\/\\\/kibrisdakik.com\\\/?p=35370#primaryimage\",\"url\":\"https:\\\/\\\/kibrisdakik.com\\\/wp-content\\\/uploads\\\/2024\\\/03\\\/mekansal-adres-kayit-sistemi-projesi-ikinci-asamasi-icin-protokol-imzalandi-1711190393.webp.webp\",\"contentUrl\":\"https:\\\/\\\/kibrisdakik.com\\\/wp-content\\\/uploads\\\/2024\\\/03\\\/mekansal-adres-kayit-sistemi-projesi-ikinci-asamasi-icin-protokol-imzalandi-1711190393.webp.webp\",\"width\":710,\"height\":370},{\"@type\":\"BreadcrumbList\",\"@id\":\"https:\\\/\\\/kibrisdakik.com\\\/?p=35370#breadcrumb\",\"itemListElement\":[{\"@type\":\"ListItem\",\"position\":1,\"name\":\"Home\",\"item\":\"https:\\\/\\\/kibrisdakik.com\\\/\"},{\"@type\":\"ListItem\",\"position\":2,\"name\":\"Mek\u00e2nsal Adres Kay\u0131t Sistemi Projesi ikinci a\u015famas\u0131 i\u00e7in protokol imzaland\u0131\"}]},{\"@type\":\"WebSite\",\"@id\":\"https:\\\/\\\/kibrisdakik.com\\\/#website\",\"url\":\"https:\\\/\\\/kibrisdakik.com\\\/\",\"name\":\"\",\"description\":\"Tam vaktinde haber\",\"potentialAction\":[{\"@type\":\"SearchAction\",\"target\":{\"@type\":\"EntryPoint\",\"urlTemplate\":\"https:\\\/\\\/kibrisdakik.com\\\/?s={search_term_string}\"},\"query-input\":{\"@type\":\"PropertyValueSpecification\",\"valueRequired\":true,\"valueName\":\"search_term_string\"}}],\"inLanguage\":\"tr\"},{\"@type\":\"Person\",\"@id\":\"https:\\\/\\\/kibrisdakik.com\\\/#\\\/schema\\\/person\\\/9cd9d437bbb44f72b73ba127e06d8e79\",\"name\":\"admin\",\"image\":{\"@type\":\"ImageObject\",\"inLanguage\":\"tr\",\"@id\":\"https:\\\/\\\/secure.gravatar.com\\\/avatar\\\/ccc17943b9d660506c869530f897617f7cb1c21a4bf30023f252596d83e1f007?s=96&d=mm&r=g\",\"url\":\"https:\\\/\\\/secure.gravatar.com\\\/avatar\\\/ccc17943b9d660506c869530f897617f7cb1c21a4bf30023f252596d83e1f007?s=96&d=mm&r=g\",\"contentUrl\":\"https:\\\/\\\/secure.gravatar.com\\\/avatar\\\/ccc17943b9d660506c869530f897617f7cb1c21a4bf30023f252596d83e1f007?s=96&d=mm&r=g\",\"caption\":\"admin\"},\"sameAs\":[\"https:\\\/\\\/kibrisdakik.com\"],\"url\":\"https:\\\/\\\/kibrisdakik.com\\\/?author=1\"}]}<\/script>\n<!-- \/ Yoast SEO plugin. -->","yoast_head_json":{"title":"Mek\u00e2nsal Adres Kay\u0131t Sistemi Projesi ikinci a\u015famas\u0131 i\u00e7in protokol imzaland\u0131 -","robots":{"index":"index","follow":"follow","max-snippet":"max-snippet:-1","max-image-preview":"max-image-preview:large","max-video-preview":"max-video-preview:-1"},"canonical":"https:\/\/kibrisdakik.com\/?p=35370","og_locale":"tr_TR","og_type":"article","og_title":"Mek\u00e2nsal Adres Kay\u0131t Sistemi Projesi ikinci a\u015famas\u0131 i\u00e7in protokol imzaland\u0131 -","og_description":"\u0130\u00e7i\u015fleri Bakanl\u0131\u011f\u0131ndan verilen bilgiye g\u00f6re, Girne, Lapta-Alsancak-\u00c7aml\u0131bel, \u00c7atalk\u00f6y-Esentepe, Erenk\u00f6y-Karpaz, Mehmet\u00e7ik-B\u00fcy\u00fckkonuk, G\u00fczelyurt, Mesarya, Beyarmudu, De\u011firmenlik- Ak\u0131nc\u0131lar ve Tatl\u0131su belediyeleri ile \u0130\u00e7i\u015fleri Bakanl\u0131\u011f\u0131 aras\u0131nda sokak, cadde, mahalle, yol isimleri ve yap\u0131 numaratajlar\u0131na y\u00f6nelik saha \u00e7al\u0131\u015fmalar\u0131n\u0131 tamamlamak \u00fczere birinci etap protokol\u00fcn\u00fcn imzalanmas\u0131n\u0131n ard\u0131ndan G\u00f6nyeli-Alayk\u00f6y, Dikmen, Lefke, Yenibo\u011fazi\u00e7i ve \u0130skele belediyeleri ile \u0130\u00e7i\u015fleri Bakanl\u0131\u011f\u0131 aras\u0131nda ikinci etap projesi i\u00e7in","og_url":"https:\/\/kibrisdakik.com\/?p=35370","article_published_time":"2024-03-23T14:15:52+00:00","og_image":[{"width":710,"height":370,"url":"https:\/\/kibrisdakik.com\/wp-content\/uploads\/2024\/03\/mekansal-adres-kayit-sistemi-projesi-ikinci-asamasi-icin-protokol-imzalandi-1711190393.webp.webp","type":"image\/webp"}],"author":"admin","twitter_card":"summary_large_image","twitter_misc":{"Yazan:":"admin","Tahmini okuma s\u00fcresi":"2 dakika"},"schema":{"@context":"https:\/\/schema.org","@graph":[{"@type":"Article","@id":"https:\/\/kibrisdakik.com\/?p=35370#article","isPartOf":{"@id":"https:\/\/kibrisdakik.com\/?p=35370"},"author":{"name":"admin","@id":"https:\/\/kibrisdakik.com\/#\/schema\/person\/9cd9d437bbb44f72b73ba127e06d8e79"},"headline":"Mek\u00e2nsal Adres Kay\u0131t Sistemi Projesi ikinci a\u015famas\u0131 i\u00e7in protokol imzaland\u0131","datePublished":"2024-03-23T14:15:52+00:00","mainEntityOfPage":{"@id":"https:\/\/kibrisdakik.com\/?p=35370"},"wordCount":324,"commentCount":0,"image":{"@id":"https:\/\/kibrisdakik.com\/?p=35370#primaryimage"},"thumbnailUrl":"https:\/\/kibrisdakik.com\/wp-content\/uploads\/2024\/03\/mekansal-adres-kayit-sistemi-projesi-ikinci-asamasi-icin-protokol-imzalandi-1711190393.webp.webp","articleSection":["Ekonomi"],"inLanguage":"tr","potentialAction":[{"@type":"CommentAction","name":"Comment","target":["https:\/\/kibrisdakik.com\/?p=35370#respond"]}]},{"@type":"WebPage","@id":"https:\/\/kibrisdakik.com\/?p=35370","url":"https:\/\/kibrisdakik.com\/?p=35370","name":"Mek\u00e2nsal Adres Kay\u0131t Sistemi Projesi ikinci a\u015famas\u0131 i\u00e7in protokol imzaland\u0131 -","isPartOf":{"@id":"https:\/\/kibrisdakik.com\/#website"},"primaryImageOfPage":{"@id":"https:\/\/kibrisdakik.com\/?p=35370#primaryimage"},"image":{"@id":"https:\/\/kibrisdakik.com\/?p=35370#primaryimage"},"thumbnailUrl":"https:\/\/kibrisdakik.com\/wp-content\/uploads\/2024\/03\/mekansal-adres-kayit-sistemi-projesi-ikinci-asamasi-icin-protokol-imzalandi-1711190393.webp.webp","datePublished":"2024-03-23T14:15:52+00:00","author":{"@id":"https:\/\/kibrisdakik.com\/#\/schema\/person\/9cd9d437bbb44f72b73ba127e06d8e79"},"breadcrumb":{"@id":"https:\/\/kibrisdakik.com\/?p=35370#breadcrumb"},"inLanguage":"tr","potentialAction":[{"@type":"ReadAction","target":["https:\/\/kibrisdakik.com\/?p=35370"]}]},{"@type":"ImageObject","inLanguage":"tr","@id":"https:\/\/kibrisdakik.com\/?p=35370#primaryimage","url":"https:\/\/kibrisdakik.com\/wp-content\/uploads\/2024\/03\/mekansal-adres-kayit-sistemi-projesi-ikinci-asamasi-icin-protokol-imzalandi-1711190393.webp.webp","contentUrl":"https:\/\/kibrisdakik.com\/wp-content\/uploads\/2024\/03\/mekansal-adres-kayit-sistemi-projesi-ikinci-asamasi-icin-protokol-imzalandi-1711190393.webp.webp","width":710,"height":370},{"@type":"BreadcrumbList","@id":"https:\/\/kibrisdakik.com\/?p=35370#breadcrumb","itemListElement":[{"@type":"ListItem","position":1,"name":"Home","item":"https:\/\/kibrisdakik.com\/"},{"@type":"ListItem","position":2,"name":"Mek\u00e2nsal Adres Kay\u0131t Sistemi Projesi ikinci a\u015famas\u0131 i\u00e7in protokol imzaland\u0131"}]},{"@type":"WebSite","@id":"https:\/\/kibrisdakik.com\/#website","url":"https:\/\/kibrisdakik.com\/","name":"","description":"Tam vaktinde haber","potentialAction":[{"@type":"SearchAction","target":{"@type":"EntryPoint","urlTemplate":"https:\/\/kibrisdakik.com\/?s={search_term_string}"},"query-input":{"@type":"PropertyValueSpecification","valueRequired":true,"valueName":"search_term_string"}}],"inLanguage":"tr"},{"@type":"Person","@id":"https:\/\/kibrisdakik.com\/#\/schema\/person\/9cd9d437bbb44f72b73ba127e06d8e79","name":"admin","image":{"@type":"ImageObject","inLanguage":"tr","@id":"https:\/\/secure.gravatar.com\/avatar\/ccc17943b9d660506c869530f897617f7cb1c21a4bf30023f252596d83e1f007?s=96&d=mm&r=g","url":"https:\/\/secure.gravatar.com\/avatar\/ccc17943b9d660506c869530f897617f7cb1c21a4bf30023f252596d83e1f007?s=96&d=mm&r=g","contentUrl":"https:\/\/secure.gravatar.com\/avatar\/ccc17943b9d660506c869530f897617f7cb1c21a4bf30023f252596d83e1f007?s=96&d=mm&r=g","caption":"admin"},"sameAs":["https:\/\/kibrisdakik.com"],"url":"https:\/\/kibrisdakik.com\/?author=1"}]}},"_links":{"self":[{"href":"https:\/\/kibrisdakik.com\/index.php?rest_route=\/wp\/v2\/posts\/35370","targetHints":{"allow":["GET"]}}],"collection":[{"href":"https:\/\/kibrisdakik.com\/index.php?rest_route=\/wp\/v2\/posts"}],"about":[{"href":"https:\/\/kibrisdakik.com\/index.php?rest_route=\/wp\/v2\/types\/post"}],"author":[{"embeddable":true,"href":"https:\/\/kibrisdakik.com\/index.php?rest_route=\/wp\/v2\/users\/1"}],"replies":[{"embeddable":true,"href":"https:\/\/kibrisdakik.com\/index.php?rest_route=%2Fwp%2Fv2%2Fcomments&post=35370"}],"version-history":[{"count":0,"href":"https:\/\/kibrisdakik.com\/index.php?rest_route=\/wp\/v2\/posts\/35370\/revisions"}],"wp:featuredmedia":[{"embeddable":true,"href":"https:\/\/kibrisdakik.com\/index.php?rest_route=\/wp\/v2\/media\/35371"}],"wp:attachment":[{"href":"https:\/\/kibrisdakik.com\/index.php?rest_route=%2Fwp%2Fv2%2Fmedia&parent=35370"}],"wp:term":[{"taxonomy":"category","embeddable":true,"href":"https:\/\/kibrisdakik.com\/index.php?rest_route=%2Fwp%2Fv2%2Fcategories&post=35370"},{"taxonomy":"post_tag","embeddable":true,"href":"https:\/\/kibrisdakik.com\/index.php?rest_route=%2Fwp%2Fv2%2Ftags&post=35370"}],"curies":[{"name":"wp","href":"https:\/\/api.w.org\/{rel}","templated":true}]}}