{"id":35412,"date":"2024-03-23T21:12:48","date_gmt":"2024-03-23T21:12:48","guid":{"rendered":"https:\/\/kibrisdakik.com\/index.php\/2024\/03\/23\/tdp-kuzey-kibris-narenciye-ureticileri-birligi-dernegini-ziyaret-etti\/"},"modified":"2024-03-23T21:12:48","modified_gmt":"2024-03-23T21:12:48","slug":"tdp-kuzey-kibris-narenciye-ureticileri-birligi-dernegini-ziyaret-etti","status":"publish","type":"post","link":"https:\/\/kibrisdakik.com\/?p=35412","title":{"rendered":"TDP, Kuzey K\u0131br\u0131s Narenciye \u00dcreticileri Birli\u011fi Derne\u011fini ziyaret etti"},"content":{"rendered":"<p><\/p>\n<div>\n<div class=\"mariselle-image-container none\">\n                <img loading=\"lazy\" decoding=\"async\" width=\"1600\" height=\"1200\" class=\"lazy-image\" alt=\"\" sizes=\"auto, (max-width: 1600px) 100vw, 1600px\" src=\"https:\/\/brtk.net\/wp-content\/uploads\/2024\/03\/23\/tdp12.jpg?ver=8b15f9369babe2cf25793e9199081c4f\" srcset=\"https:\/\/brtk.net\/wp-content\/uploads\/2024\/03\/23\/tdp12.jpg?ver=8b15f9369babe2cf25793e9199081c4f 1600w, https:\/\/brtk.net\/wp-content\/uploads\/2024\/03\/23\/tdp12-300x225.jpg?ver=98cdaf821765dd3ab97411aa1697992a 300w, https:\/\/brtk.net\/wp-content\/uploads\/2024\/03\/23\/tdp12-1024x768.jpg?ver=98cdaf821765dd3ab97411aa1697992a 1024w, https:\/\/brtk.net\/wp-content\/uploads\/2024\/03\/23\/tdp12-768x576.jpg?ver=98cdaf821765dd3ab97411aa1697992a 768w, https:\/\/brtk.net\/wp-content\/uploads\/2024\/03\/23\/tdp12-1536x1152.jpg?ver=00082fd3ecaad75e24e660be05d8e036 1536w\"\/>                            <\/div>\n<p>Toplumcu Demokrasi Partisi (TDP) Genel Ba\u015fkan\u0131 Zeki \u00c7eler, Kuzey K\u0131br\u0131s Narenciye \u00dcreticileri Birli\u011fi Derne\u011fini ziyaret etti.<\/p>\n<p>TDP\u2019den verilen bilgiye g\u00f6re, heyetiyle birlikte Dernek Ba\u015fkan\u0131 Turgut Ak\u00e7\u0131n ve Y\u00f6netim Kurulu \u00fcyeleri ile g\u00f6r\u00fc\u015fen \u00c7eler, narenciye \u00fcretiminin sorunsuz ilerleyebilmesi i\u00e7in al\u0131nmas\u0131 gereken \u00f6nlemler ile olu\u015fturulmas\u0131 gereken devlet politikas\u0131 hakk\u0131nda bilgi al\u0131\u015fveri\u015finde bulundu.<\/p>\n<p>G\u00fczelyurt\u2019taki Dernek lokalinde yer alan g\u00f6r\u00fc\u015fmede, konu\u015fan Dernek Ba\u015fkan\u0131 Ak\u00e7\u0131n, ya\u015fanan narenciye krizi sonras\u0131 d\u00f6k\u00fclen veya dal\u0131nda kalacak olan \u00fcr\u00fcnleri tespit etme \u00e7al\u0131\u015fmalar\u0131n\u0131n devam etti\u011fini ve bu hafta sona erece\u011fini s\u00f6yledi.<\/p>\n<p>H\u00fck\u00fcmetin, \u00fcr\u00fcn\u00fc al\u0131nmayan veya dal\u0131nda kalan \u00fcreticiye tazminat \u00f6deyece\u011fini duyurdu\u011funu hat\u0131rlatan Ak\u00e7\u0131n, \u00fcreticinin beklentisinin tazminat olmad\u0131\u011f\u0131n\u0131, eme\u011finin kar\u015f\u0131l\u0131\u011f\u0131n\u0131 g\u00f6rmek istedi\u011fini ve bunun sadece para ile \u00f6l\u00e7\u00fclemeyece\u011fini kaydetti.<\/p>\n<p>Ak\u00e7\u0131n, \u201cBiz eme\u011fimizin kar\u015f\u0131l\u0131\u011f\u0131n\u0131 g\u00f6rmek istiyoruz, devlet bize tazminat \u00f6dese de biz eme\u011fimizin kar\u015f\u0131l\u0131\u011f\u0131n\u0131 alm\u0131\u015f olmayaca\u011f\u0131z. Bu i\u015fin planlamas\u0131n\u0131n yap\u0131lmas\u0131 gerekiyor, yeralt\u0131 sular\u0131n\u0131n kontrol alt\u0131na al\u0131nmas\u0131 gerekiyor. Plan ve proje yap\u0131lmas\u0131 gerekiyor. Ancak b\u00f6yle bir form\u00fcl bizi d\u00fczl\u00fc\u011fe \u00e7\u0131kar\u0131r\u201d dedi.<\/p>\n<p>TDP Genel Ba\u015fkan\u0131 Zeki \u00c7eler de, \u0130ngiliz s\u00f6m\u00fcrge d\u00f6neminde dahi nereye ka\u00e7 d\u00f6n\u00fcm hangi \u00fcr\u00fcn\u00fcn ekilece\u011finin ve nerede ka\u00e7 a\u011fa\u00e7 oldu\u011funun kay\u0131t alt\u0131nda oldu\u011funu, plan ve program \u00e7er\u00e7evesinde \u00fcr\u00fcn yeti\u015ftirilip ihra\u00e7 edildi\u011fini s\u00f6yleyerek, bunun devam\u0131n\u0131n ba\u015far\u0131lamad\u0131\u011f\u0131n\u0131 kaydetti.<\/p>\n<p>\u00c7eler, \u201cBunu o zaman bile yapabilen bir sistem vard\u0131 ama biz bu d\u00fczeni kurduktan sonra bunu s\u00fcrd\u00fcremedik. \u015eimdi ge\u00e7mi\u015fe tak\u0131l\u0131p kalmadan bug\u00fcn neler yapabilece\u011fimizi konu\u015fmam\u0131z gerekiyor\u201d dedi.<\/p>\n<p>TDP\u2019nin bir plan ve program dahilinde \u00fcretimle ilgili bir politika haz\u0131rlamak istedi\u011fini belirten \u00c7eler, kimin nereye ne miktarda hangi \u00fcr\u00fcn\u00fc ekece\u011finin, hangi \u00fclkelere ortalama ne kadar ihracat yap\u0131laca\u011f\u0131n\u0131n \u00f6nceden bilinece\u011fi bir sistem kurmaktan bahsetti.<\/p>\n<p>\u00c7eler, \u201cB\u00f6ylece \u00fcreticiyi s\u0131k\u0131nt\u0131ya sokmayacak, \u00fclkenin yerli \u00fcr\u00fcn\u00fcn\u00fcn de\u011ferini d\u00fc\u015f\u00fcrmeyecek \u015fekilde bir \u00e7er\u00e7eve \u00e7izebiliriz. Hatta beklenmeyen s\u0131k\u0131nt\u0131lar\u0131n ya\u015fanabilece\u011fini \u00f6ng\u00f6r\u00fcp bir \u2018garanti fonu\u2019 da olu\u015fturarak, an\u0131nda \u00e7\u00f6z\u00fcm \u00fcretecek noktada tutabiliriz sekt\u00f6r\u00fc. Bu y\u00fczden TDP olarak tar\u0131m politikam\u0131z\u0131 en k\u0131sa s\u00fcrede haz\u0131rlayaca\u011f\u0131z\u201d dedi.<\/p>\n<\/p><\/div>\n<p><script async\n                    defer\n                    crossorigin=\"anonymous\"\n                    src=\"https:\/\/connect.facebook.net\/tr_TR\/sdk.js#xfbml=1&#038;version=v3.3\"\n            ><\/script><\/p>\n","protected":false},"excerpt":{"rendered":"<p>Toplumcu Demokrasi Partisi (TDP) Genel Ba\u015fkan\u0131 Zeki \u00c7eler, Kuzey K\u0131br\u0131s Narenciye \u00dcreticileri Birli\u011fi Derne\u011fini ziyaret etti. TDP\u2019den verilen bilgiye g\u00f6re, heyetiyle birlikte Dernek Ba\u015fkan\u0131 Turgut Ak\u00e7\u0131n ve Y\u00f6netim Kurulu \u00fcyeleri ile g\u00f6r\u00fc\u015fen \u00c7eler, narenciye \u00fcretiminin sorunsuz ilerleyebilmesi i\u00e7in al\u0131nmas\u0131 gereken \u00f6nlemler ile olu\u015fturulmas\u0131 gereken devlet politikas\u0131 hakk\u0131nda bilgi al\u0131\u015fveri\u015finde bulundu. G\u00fczelyurt\u2019taki Dernek lokalinde yer alan<\/p>\n","protected":false},"author":1,"featured_media":35413,"comment_status":"open","ping_status":"open","sticky":false,"template":"","format":"standard","meta":{"footnotes":""},"categories":[1],"tags":[],"class_list":["post-35412","post","type-post","status-publish","format-standard","has-post-thumbnail","hentry","category-gundem"],"yoast_head":"<!-- This site is optimized with the Yoast SEO plugin v27.5 - https:\/\/yoast.com\/product\/yoast-seo-wordpress\/ -->\n<title>TDP, Kuzey K\u0131br\u0131s Narenciye \u00dcreticileri Birli\u011fi Derne\u011fini ziyaret etti -<\/title>\n<meta name=\"robots\" content=\"index, follow, max-snippet:-1, max-image-preview:large, max-video-preview:-1\" \/>\n<link rel=\"canonical\" href=\"https:\/\/kibrisdakik.com\/?p=35412\" \/>\n<meta property=\"og:locale\" content=\"tr_TR\" \/>\n<meta property=\"og:type\" content=\"article\" \/>\n<meta property=\"og:title\" content=\"TDP, Kuzey K\u0131br\u0131s Narenciye \u00dcreticileri Birli\u011fi Derne\u011fini ziyaret etti -\" \/>\n<meta property=\"og:description\" content=\"Toplumcu Demokrasi Partisi (TDP) Genel Ba\u015fkan\u0131 Zeki \u00c7eler, Kuzey K\u0131br\u0131s Narenciye \u00dcreticileri Birli\u011fi Derne\u011fini ziyaret etti. TDP\u2019den verilen bilgiye g\u00f6re, heyetiyle birlikte Dernek Ba\u015fkan\u0131 Turgut Ak\u00e7\u0131n ve Y\u00f6netim Kurulu \u00fcyeleri ile g\u00f6r\u00fc\u015fen \u00c7eler, narenciye \u00fcretiminin sorunsuz ilerleyebilmesi i\u00e7in al\u0131nmas\u0131 gereken \u00f6nlemler ile olu\u015fturulmas\u0131 gereken devlet politikas\u0131 hakk\u0131nda bilgi al\u0131\u015fveri\u015finde bulundu. G\u00fczelyurt\u2019taki Dernek lokalinde yer alan\" \/>\n<meta property=\"og:url\" content=\"https:\/\/kibrisdakik.com\/?p=35412\" \/>\n<meta property=\"article:published_time\" content=\"2024-03-23T21:12:48+00:00\" \/>\n<meta property=\"og:image\" content=\"https:\/\/kibrisdakik.com\/wp-content\/uploads\/2024\/03\/tdp12-740x420.jpg\" \/>\n\t<meta property=\"og:image:width\" content=\"1600\" \/>\n\t<meta property=\"og:image:height\" content=\"1200\" \/>\n\t<meta property=\"og:image:type\" content=\"image\/jpeg\" \/>\n<meta name=\"author\" content=\"admin\" \/>\n<meta name=\"twitter:card\" content=\"summary_large_image\" \/>\n<meta name=\"twitter:label1\" content=\"Yazan:\" \/>\n\t<meta name=\"twitter:data1\" content=\"admin\" \/>\n\t<meta name=\"twitter:label2\" content=\"Tahmini okuma s\u00fcresi\" \/>\n\t<meta name=\"twitter:data2\" content=\"2 dakika\" \/>\n<script type=\"application\/ld+json\" class=\"yoast-schema-graph\">{\"@context\":\"https:\\\/\\\/schema.org\",\"@graph\":[{\"@type\":\"Article\",\"@id\":\"https:\\\/\\\/kibrisdakik.com\\\/?p=35412#article\",\"isPartOf\":{\"@id\":\"https:\\\/\\\/kibrisdakik.com\\\/?p=35412\"},\"author\":{\"name\":\"admin\",\"@id\":\"https:\\\/\\\/kibrisdakik.com\\\/#\\\/schema\\\/person\\\/9cd9d437bbb44f72b73ba127e06d8e79\"},\"headline\":\"TDP, Kuzey K\u0131br\u0131s Narenciye \u00dcreticileri Birli\u011fi Derne\u011fini ziyaret etti\",\"datePublished\":\"2024-03-23T21:12:48+00:00\",\"mainEntityOfPage\":{\"@id\":\"https:\\\/\\\/kibrisdakik.com\\\/?p=35412\"},\"wordCount\":449,\"commentCount\":0,\"image\":{\"@id\":\"https:\\\/\\\/kibrisdakik.com\\\/?p=35412#primaryimage\"},\"thumbnailUrl\":\"https:\\\/\\\/kibrisdakik.com\\\/wp-content\\\/uploads\\\/2024\\\/03\\\/tdp12-740x420.jpg\",\"articleSection\":[\"G\u00fcndem\"],\"inLanguage\":\"tr\",\"potentialAction\":[{\"@type\":\"CommentAction\",\"name\":\"Comment\",\"target\":[\"https:\\\/\\\/kibrisdakik.com\\\/?p=35412#respond\"]}]},{\"@type\":\"WebPage\",\"@id\":\"https:\\\/\\\/kibrisdakik.com\\\/?p=35412\",\"url\":\"https:\\\/\\\/kibrisdakik.com\\\/?p=35412\",\"name\":\"TDP, Kuzey K\u0131br\u0131s Narenciye \u00dcreticileri Birli\u011fi Derne\u011fini ziyaret etti -\",\"isPartOf\":{\"@id\":\"https:\\\/\\\/kibrisdakik.com\\\/#website\"},\"primaryImageOfPage\":{\"@id\":\"https:\\\/\\\/kibrisdakik.com\\\/?p=35412#primaryimage\"},\"image\":{\"@id\":\"https:\\\/\\\/kibrisdakik.com\\\/?p=35412#primaryimage\"},\"thumbnailUrl\":\"https:\\\/\\\/kibrisdakik.com\\\/wp-content\\\/uploads\\\/2024\\\/03\\\/tdp12-740x420.jpg\",\"datePublished\":\"2024-03-23T21:12:48+00:00\",\"author\":{\"@id\":\"https:\\\/\\\/kibrisdakik.com\\\/#\\\/schema\\\/person\\\/9cd9d437bbb44f72b73ba127e06d8e79\"},\"breadcrumb\":{\"@id\":\"https:\\\/\\\/kibrisdakik.com\\\/?p=35412#breadcrumb\"},\"inLanguage\":\"tr\",\"potentialAction\":[{\"@type\":\"ReadAction\",\"target\":[\"https:\\\/\\\/kibrisdakik.com\\\/?p=35412\"]}]},{\"@type\":\"ImageObject\",\"inLanguage\":\"tr\",\"@id\":\"https:\\\/\\\/kibrisdakik.com\\\/?p=35412#primaryimage\",\"url\":\"https:\\\/\\\/kibrisdakik.com\\\/wp-content\\\/uploads\\\/2024\\\/03\\\/tdp12-740x420.jpg\",\"contentUrl\":\"https:\\\/\\\/kibrisdakik.com\\\/wp-content\\\/uploads\\\/2024\\\/03\\\/tdp12-740x420.jpg\",\"width\":1600,\"height\":1200},{\"@type\":\"BreadcrumbList\",\"@id\":\"https:\\\/\\\/kibrisdakik.com\\\/?p=35412#breadcrumb\",\"itemListElement\":[{\"@type\":\"ListItem\",\"position\":1,\"name\":\"Home\",\"item\":\"https:\\\/\\\/kibrisdakik.com\\\/\"},{\"@type\":\"ListItem\",\"position\":2,\"name\":\"TDP, Kuzey K\u0131br\u0131s Narenciye \u00dcreticileri Birli\u011fi Derne\u011fini ziyaret etti\"}]},{\"@type\":\"WebSite\",\"@id\":\"https:\\\/\\\/kibrisdakik.com\\\/#website\",\"url\":\"https:\\\/\\\/kibrisdakik.com\\\/\",\"name\":\"\",\"description\":\"Tam vaktinde haber\",\"potentialAction\":[{\"@type\":\"SearchAction\",\"target\":{\"@type\":\"EntryPoint\",\"urlTemplate\":\"https:\\\/\\\/kibrisdakik.com\\\/?s={search_term_string}\"},\"query-input\":{\"@type\":\"PropertyValueSpecification\",\"valueRequired\":true,\"valueName\":\"search_term_string\"}}],\"inLanguage\":\"tr\"},{\"@type\":\"Person\",\"@id\":\"https:\\\/\\\/kibrisdakik.com\\\/#\\\/schema\\\/person\\\/9cd9d437bbb44f72b73ba127e06d8e79\",\"name\":\"admin\",\"image\":{\"@type\":\"ImageObject\",\"inLanguage\":\"tr\",\"@id\":\"https:\\\/\\\/secure.gravatar.com\\\/avatar\\\/ccc17943b9d660506c869530f897617f7cb1c21a4bf30023f252596d83e1f007?s=96&d=mm&r=g\",\"url\":\"https:\\\/\\\/secure.gravatar.com\\\/avatar\\\/ccc17943b9d660506c869530f897617f7cb1c21a4bf30023f252596d83e1f007?s=96&d=mm&r=g\",\"contentUrl\":\"https:\\\/\\\/secure.gravatar.com\\\/avatar\\\/ccc17943b9d660506c869530f897617f7cb1c21a4bf30023f252596d83e1f007?s=96&d=mm&r=g\",\"caption\":\"admin\"},\"sameAs\":[\"https:\\\/\\\/kibrisdakik.com\"],\"url\":\"https:\\\/\\\/kibrisdakik.com\\\/?author=1\"}]}<\/script>\n<!-- \/ Yoast SEO plugin. -->","yoast_head_json":{"title":"TDP, Kuzey K\u0131br\u0131s Narenciye \u00dcreticileri Birli\u011fi Derne\u011fini ziyaret etti -","robots":{"index":"index","follow":"follow","max-snippet":"max-snippet:-1","max-image-preview":"max-image-preview:large","max-video-preview":"max-video-preview:-1"},"canonical":"https:\/\/kibrisdakik.com\/?p=35412","og_locale":"tr_TR","og_type":"article","og_title":"TDP, Kuzey K\u0131br\u0131s Narenciye \u00dcreticileri Birli\u011fi Derne\u011fini ziyaret etti -","og_description":"Toplumcu Demokrasi Partisi (TDP) Genel Ba\u015fkan\u0131 Zeki \u00c7eler, Kuzey K\u0131br\u0131s Narenciye \u00dcreticileri Birli\u011fi Derne\u011fini ziyaret etti. TDP\u2019den verilen bilgiye g\u00f6re, heyetiyle birlikte Dernek Ba\u015fkan\u0131 Turgut Ak\u00e7\u0131n ve Y\u00f6netim Kurulu \u00fcyeleri ile g\u00f6r\u00fc\u015fen \u00c7eler, narenciye \u00fcretiminin sorunsuz ilerleyebilmesi i\u00e7in al\u0131nmas\u0131 gereken \u00f6nlemler ile olu\u015fturulmas\u0131 gereken devlet politikas\u0131 hakk\u0131nda bilgi al\u0131\u015fveri\u015finde bulundu. G\u00fczelyurt\u2019taki Dernek lokalinde yer alan","og_url":"https:\/\/kibrisdakik.com\/?p=35412","article_published_time":"2024-03-23T21:12:48+00:00","og_image":[{"width":1600,"height":1200,"url":"https:\/\/kibrisdakik.com\/wp-content\/uploads\/2024\/03\/tdp12-740x420.jpg","type":"image\/jpeg"}],"author":"admin","twitter_card":"summary_large_image","twitter_misc":{"Yazan:":"admin","Tahmini okuma s\u00fcresi":"2 dakika"},"schema":{"@context":"https:\/\/schema.org","@graph":[{"@type":"Article","@id":"https:\/\/kibrisdakik.com\/?p=35412#article","isPartOf":{"@id":"https:\/\/kibrisdakik.com\/?p=35412"},"author":{"name":"admin","@id":"https:\/\/kibrisdakik.com\/#\/schema\/person\/9cd9d437bbb44f72b73ba127e06d8e79"},"headline":"TDP, Kuzey K\u0131br\u0131s Narenciye \u00dcreticileri Birli\u011fi Derne\u011fini ziyaret etti","datePublished":"2024-03-23T21:12:48+00:00","mainEntityOfPage":{"@id":"https:\/\/kibrisdakik.com\/?p=35412"},"wordCount":449,"commentCount":0,"image":{"@id":"https:\/\/kibrisdakik.com\/?p=35412#primaryimage"},"thumbnailUrl":"https:\/\/kibrisdakik.com\/wp-content\/uploads\/2024\/03\/tdp12-740x420.jpg","articleSection":["G\u00fcndem"],"inLanguage":"tr","potentialAction":[{"@type":"CommentAction","name":"Comment","target":["https:\/\/kibrisdakik.com\/?p=35412#respond"]}]},{"@type":"WebPage","@id":"https:\/\/kibrisdakik.com\/?p=35412","url":"https:\/\/kibrisdakik.com\/?p=35412","name":"TDP, Kuzey K\u0131br\u0131s Narenciye \u00dcreticileri Birli\u011fi Derne\u011fini ziyaret etti -","isPartOf":{"@id":"https:\/\/kibrisdakik.com\/#website"},"primaryImageOfPage":{"@id":"https:\/\/kibrisdakik.com\/?p=35412#primaryimage"},"image":{"@id":"https:\/\/kibrisdakik.com\/?p=35412#primaryimage"},"thumbnailUrl":"https:\/\/kibrisdakik.com\/wp-content\/uploads\/2024\/03\/tdp12-740x420.jpg","datePublished":"2024-03-23T21:12:48+00:00","author":{"@id":"https:\/\/kibrisdakik.com\/#\/schema\/person\/9cd9d437bbb44f72b73ba127e06d8e79"},"breadcrumb":{"@id":"https:\/\/kibrisdakik.com\/?p=35412#breadcrumb"},"inLanguage":"tr","potentialAction":[{"@type":"ReadAction","target":["https:\/\/kibrisdakik.com\/?p=35412"]}]},{"@type":"ImageObject","inLanguage":"tr","@id":"https:\/\/kibrisdakik.com\/?p=35412#primaryimage","url":"https:\/\/kibrisdakik.com\/wp-content\/uploads\/2024\/03\/tdp12-740x420.jpg","contentUrl":"https:\/\/kibrisdakik.com\/wp-content\/uploads\/2024\/03\/tdp12-740x420.jpg","width":1600,"height":1200},{"@type":"BreadcrumbList","@id":"https:\/\/kibrisdakik.com\/?p=35412#breadcrumb","itemListElement":[{"@type":"ListItem","position":1,"name":"Home","item":"https:\/\/kibrisdakik.com\/"},{"@type":"ListItem","position":2,"name":"TDP, Kuzey K\u0131br\u0131s Narenciye \u00dcreticileri Birli\u011fi Derne\u011fini ziyaret etti"}]},{"@type":"WebSite","@id":"https:\/\/kibrisdakik.com\/#website","url":"https:\/\/kibrisdakik.com\/","name":"","description":"Tam vaktinde haber","potentialAction":[{"@type":"SearchAction","target":{"@type":"EntryPoint","urlTemplate":"https:\/\/kibrisdakik.com\/?s={search_term_string}"},"query-input":{"@type":"PropertyValueSpecification","valueRequired":true,"valueName":"search_term_string"}}],"inLanguage":"tr"},{"@type":"Person","@id":"https:\/\/kibrisdakik.com\/#\/schema\/person\/9cd9d437bbb44f72b73ba127e06d8e79","name":"admin","image":{"@type":"ImageObject","inLanguage":"tr","@id":"https:\/\/secure.gravatar.com\/avatar\/ccc17943b9d660506c869530f897617f7cb1c21a4bf30023f252596d83e1f007?s=96&d=mm&r=g","url":"https:\/\/secure.gravatar.com\/avatar\/ccc17943b9d660506c869530f897617f7cb1c21a4bf30023f252596d83e1f007?s=96&d=mm&r=g","contentUrl":"https:\/\/secure.gravatar.com\/avatar\/ccc17943b9d660506c869530f897617f7cb1c21a4bf30023f252596d83e1f007?s=96&d=mm&r=g","caption":"admin"},"sameAs":["https:\/\/kibrisdakik.com"],"url":"https:\/\/kibrisdakik.com\/?author=1"}]}},"_links":{"self":[{"href":"https:\/\/kibrisdakik.com\/index.php?rest_route=\/wp\/v2\/posts\/35412","targetHints":{"allow":["GET"]}}],"collection":[{"href":"https:\/\/kibrisdakik.com\/index.php?rest_route=\/wp\/v2\/posts"}],"about":[{"href":"https:\/\/kibrisdakik.com\/index.php?rest_route=\/wp\/v2\/types\/post"}],"author":[{"embeddable":true,"href":"https:\/\/kibrisdakik.com\/index.php?rest_route=\/wp\/v2\/users\/1"}],"replies":[{"embeddable":true,"href":"https:\/\/kibrisdakik.com\/index.php?rest_route=%2Fwp%2Fv2%2Fcomments&post=35412"}],"version-history":[{"count":0,"href":"https:\/\/kibrisdakik.com\/index.php?rest_route=\/wp\/v2\/posts\/35412\/revisions"}],"wp:featuredmedia":[{"embeddable":true,"href":"https:\/\/kibrisdakik.com\/index.php?rest_route=\/wp\/v2\/media\/35413"}],"wp:attachment":[{"href":"https:\/\/kibrisdakik.com\/index.php?rest_route=%2Fwp%2Fv2%2Fmedia&parent=35412"}],"wp:term":[{"taxonomy":"category","embeddable":true,"href":"https:\/\/kibrisdakik.com\/index.php?rest_route=%2Fwp%2Fv2%2Fcategories&post=35412"},{"taxonomy":"post_tag","embeddable":true,"href":"https:\/\/kibrisdakik.com\/index.php?rest_route=%2Fwp%2Fv2%2Ftags&post=35412"}],"curies":[{"name":"wp","href":"https:\/\/api.w.org\/{rel}","templated":true}]}}