{"id":35418,"date":"2024-03-23T22:13:56","date_gmt":"2024-03-23T22:13:56","guid":{"rendered":"https:\/\/kibrisdakik.com\/index.php\/2024\/03\/23\/ctp-guzelyurt-ilce-baskani-valencia-icin-de-kriz-kapidadir\/"},"modified":"2024-03-23T22:13:56","modified_gmt":"2024-03-23T22:13:56","slug":"ctp-guzelyurt-ilce-baskani-valencia-icin-de-kriz-kapidadir","status":"publish","type":"post","link":"https:\/\/kibrisdakik.com\/?p=35418","title":{"rendered":"CTP G\u00fczelyurt \u0130l\u00e7e Ba\u015fkan\u0131 : Valencia i\u00e7in de kriz kap\u0131dad\u0131r"},"content":{"rendered":"<p><\/p>\n<div>\n<div class=\"mariselle-image-container center\">\n                <img loading=\"lazy\" decoding=\"async\" width=\"1024\" height=\"683\" class=\"lazy-image\" alt=\"\" sizes=\"auto, (max-width: 1024px) 100vw, 1024px\" src=\"https:\/\/brtk.net\/wp-content\/uploads\/2024\/03\/23\/gulamkadir.jpg?ver=20c2e604a86d1b31ba825d30fb11bdda\" srcset=\"https:\/\/brtk.net\/wp-content\/uploads\/2024\/03\/23\/gulamkadir.jpg?ver=20c2e604a86d1b31ba825d30fb11bdda 1024w, https:\/\/brtk.net\/wp-content\/uploads\/2024\/03\/23\/gulamkadir-300x200.jpg?ver=fda5f32d9a24f2c76f38ee839867eed7 300w, https:\/\/brtk.net\/wp-content\/uploads\/2024\/03\/23\/gulamkadir-768x512.jpg?ver=fda5f32d9a24f2c76f38ee839867eed7 768w\"\/>                            <\/div>\n<p><a href=\"https:\/\/brtk.net\/\">CTP<\/a> G\u00fczelyurt \u0130l\u00e7e Ba\u015fkan\u0131 \u00c7a\u011flar Gulamkadir,  \u201cnarenciyede ya\u015fanan kaosa\u201d dikkat \u00e7ekti; h\u00fck\u00fcmetin sekt\u00f6r\u00fc baltalamak i\u00e7in elinden geleni yapmaya devam etti\u011fini ileri s\u00fcrd\u00fc ve \u201cValencia i\u00e7in de kriz kap\u0131dad\u0131r\u201d  dedi.<\/p>\n<p>Yaz\u0131l\u0131 a\u00e7\u0131klamas\u0131nda \u201cS\u00fcreci y\u00f6netemeyenler, bunun bedelini \u00fcreticiye, kontrakt\u00f6rlere, i\u015f\u00e7iye, ihracat\u00e7\u0131ya ve esnafa \u00f6detmeye \u00e7al\u0131\u015f\u0131yor\u201d diyen Gulamkadir, adada izinli \u015fekilde bulunan, yakla\u015f\u0131k 27 ekipten olu\u015fan 750 civar\u0131 kesim i\u015f\u00e7isinin \u00e7al\u0131\u015ft\u0131r\u0131lmad\u0131\u011f\u0131n\u0131, \u00e7al\u0131\u015famayan ekiplerin i\u015f yoklu\u011fu nedeniyle T\u00fcrkiye\u2019ye geri d\u00f6nd\u00fc\u011f\u00fcn\u00fc, sonras\u0131nda ise \u201cyeterli say\u0131da i\u015f\u00e7imiz yok\u201d denilip \u00fc\u00e7\u00fcnc\u00fc \u00fclkelerden yetisi olup olmad\u0131\u011f\u0131 bilinmeyen i\u015f\u00e7iler getirilmeye \u00e7al\u0131\u015f\u0131ld\u0131\u011f\u0131n\u0131 ifade etti.<\/p>\n<p>D\u00f6rt ay sonra sezon sona erdi\u011finde getirilen i\u015f\u00e7ilerin ak\u0131betinin ne olaca\u011f\u0131yla ilgili ciddi iddialar bulundu\u011funu belirten Gulamkadir, \u201cBu iddialarda, getirilecek i\u015f\u00e7ilerin teminat mektupsuz getirilece\u011fi, belirli \u015firketlere imtiyazlar\u0131n oldu\u011fu, gelecek ki\u015filerden gelmeden komisyon alma ve sezon sonras\u0131 tamamlanacak i\u015f sonras\u0131nda ka\u00e7ak i\u015f\u00e7i veya insan ka\u00e7ak\u00e7\u0131l\u0131\u011f\u0131na kadar ilerleyen bir s\u00fcre\u00e7ten bahsedilmektedir\u201d dedi.<\/p>\n<p>Kontrakt\u00f6r birlikleri taraf\u0131ndan  yap\u0131lan uyar\u0131 grevinin ard\u0131ndan ger\u00e7ekle\u015fen toplant\u0131da verilen s\u00f6zlerin yak\u0131n takip\u00e7isi olaca\u011f\u0131n\u0131 kaydeden Gulamkadir, t\u00fcm sekt\u00f6r payda\u015flar\u0131na yaln\u0131z olmad\u0131klar\u0131n\u0131, bu \u00fclkeyi hep birlikte aya\u011fa kald\u0131rmak i\u00e7in yanlar\u0131nda olduklar\u0131n\u0131 hat\u0131rlatt\u0131.<\/p>\n<\/p><\/div>\n<p><script async\n                    defer\n                    crossorigin=\"anonymous\"\n                    src=\"https:\/\/connect.facebook.net\/tr_TR\/sdk.js#xfbml=1&#038;version=v3.3\"\n            ><\/script><\/p>\n","protected":false},"excerpt":{"rendered":"<p>CTP G\u00fczelyurt \u0130l\u00e7e Ba\u015fkan\u0131 \u00c7a\u011flar Gulamkadir, \u201cnarenciyede ya\u015fanan kaosa\u201d dikkat \u00e7ekti; h\u00fck\u00fcmetin sekt\u00f6r\u00fc baltalamak i\u00e7in elinden geleni yapmaya devam etti\u011fini ileri s\u00fcrd\u00fc ve \u201cValencia i\u00e7in de kriz kap\u0131dad\u0131r\u201d dedi. Yaz\u0131l\u0131 a\u00e7\u0131klamas\u0131nda \u201cS\u00fcreci y\u00f6netemeyenler, bunun bedelini \u00fcreticiye, kontrakt\u00f6rlere, i\u015f\u00e7iye, ihracat\u00e7\u0131ya ve esnafa \u00f6detmeye \u00e7al\u0131\u015f\u0131yor\u201d diyen Gulamkadir, adada izinli \u015fekilde bulunan, yakla\u015f\u0131k 27 ekipten olu\u015fan 750 civar\u0131<\/p>\n","protected":false},"author":1,"featured_media":35419,"comment_status":"open","ping_status":"open","sticky":false,"template":"","format":"standard","meta":{"footnotes":""},"categories":[1],"tags":[],"class_list":["post-35418","post","type-post","status-publish","format-standard","has-post-thumbnail","hentry","category-gundem"],"yoast_head":"<!-- This site is optimized with the Yoast SEO plugin v27.4 - https:\/\/yoast.com\/product\/yoast-seo-wordpress\/ -->\n<title>CTP G\u00fczelyurt \u0130l\u00e7e Ba\u015fkan\u0131 : Valencia i\u00e7in de kriz kap\u0131dad\u0131r -<\/title>\n<meta name=\"robots\" content=\"index, follow, max-snippet:-1, max-image-preview:large, max-video-preview:-1\" \/>\n<link rel=\"canonical\" href=\"https:\/\/kibrisdakik.com\/?p=35418\" \/>\n<meta property=\"og:locale\" content=\"tr_TR\" \/>\n<meta property=\"og:type\" content=\"article\" \/>\n<meta property=\"og:title\" content=\"CTP G\u00fczelyurt \u0130l\u00e7e Ba\u015fkan\u0131 : Valencia i\u00e7in de kriz kap\u0131dad\u0131r -\" \/>\n<meta property=\"og:description\" content=\"CTP G\u00fczelyurt \u0130l\u00e7e Ba\u015fkan\u0131 \u00c7a\u011flar Gulamkadir, \u201cnarenciyede ya\u015fanan kaosa\u201d dikkat \u00e7ekti; h\u00fck\u00fcmetin sekt\u00f6r\u00fc baltalamak i\u00e7in elinden geleni yapmaya devam etti\u011fini ileri s\u00fcrd\u00fc ve \u201cValencia i\u00e7in de kriz kap\u0131dad\u0131r\u201d dedi. Yaz\u0131l\u0131 a\u00e7\u0131klamas\u0131nda \u201cS\u00fcreci y\u00f6netemeyenler, bunun bedelini \u00fcreticiye, kontrakt\u00f6rlere, i\u015f\u00e7iye, ihracat\u00e7\u0131ya ve esnafa \u00f6detmeye \u00e7al\u0131\u015f\u0131yor\u201d diyen Gulamkadir, adada izinli \u015fekilde bulunan, yakla\u015f\u0131k 27 ekipten olu\u015fan 750 civar\u0131\" \/>\n<meta property=\"og:url\" content=\"https:\/\/kibrisdakik.com\/?p=35418\" \/>\n<meta property=\"article:published_time\" content=\"2024-03-23T22:13:56+00:00\" \/>\n<meta property=\"og:image\" content=\"https:\/\/kibrisdakik.com\/wp-content\/uploads\/2024\/03\/gulamkadir-740x420.jpg\" \/>\n\t<meta property=\"og:image:width\" content=\"1024\" \/>\n\t<meta property=\"og:image:height\" content=\"683\" \/>\n\t<meta property=\"og:image:type\" content=\"image\/jpeg\" \/>\n<meta name=\"author\" content=\"admin\" \/>\n<meta name=\"twitter:card\" content=\"summary_large_image\" \/>\n<meta name=\"twitter:label1\" content=\"Yazan:\" \/>\n\t<meta name=\"twitter:data1\" content=\"admin\" \/>\n\t<meta name=\"twitter:label2\" content=\"Tahmini okuma s\u00fcresi\" \/>\n\t<meta name=\"twitter:data2\" content=\"1 dakika\" \/>\n<script type=\"application\/ld+json\" class=\"yoast-schema-graph\">{\"@context\":\"https:\\\/\\\/schema.org\",\"@graph\":[{\"@type\":\"Article\",\"@id\":\"https:\\\/\\\/kibrisdakik.com\\\/?p=35418#article\",\"isPartOf\":{\"@id\":\"https:\\\/\\\/kibrisdakik.com\\\/?p=35418\"},\"author\":{\"name\":\"admin\",\"@id\":\"https:\\\/\\\/kibrisdakik.com\\\/#\\\/schema\\\/person\\\/9cd9d437bbb44f72b73ba127e06d8e79\"},\"headline\":\"CTP G\u00fczelyurt \u0130l\u00e7e Ba\u015fkan\u0131 : Valencia i\u00e7in de kriz kap\u0131dad\u0131r\",\"datePublished\":\"2024-03-23T22:13:56+00:00\",\"mainEntityOfPage\":{\"@id\":\"https:\\\/\\\/kibrisdakik.com\\\/?p=35418\"},\"wordCount\":263,\"commentCount\":0,\"image\":{\"@id\":\"https:\\\/\\\/kibrisdakik.com\\\/?p=35418#primaryimage\"},\"thumbnailUrl\":\"https:\\\/\\\/kibrisdakik.com\\\/wp-content\\\/uploads\\\/2024\\\/03\\\/gulamkadir-740x420.jpg\",\"articleSection\":[\"G\u00fcndem\"],\"inLanguage\":\"tr\",\"potentialAction\":[{\"@type\":\"CommentAction\",\"name\":\"Comment\",\"target\":[\"https:\\\/\\\/kibrisdakik.com\\\/?p=35418#respond\"]}]},{\"@type\":\"WebPage\",\"@id\":\"https:\\\/\\\/kibrisdakik.com\\\/?p=35418\",\"url\":\"https:\\\/\\\/kibrisdakik.com\\\/?p=35418\",\"name\":\"CTP G\u00fczelyurt \u0130l\u00e7e Ba\u015fkan\u0131 : Valencia i\u00e7in de kriz kap\u0131dad\u0131r -\",\"isPartOf\":{\"@id\":\"https:\\\/\\\/kibrisdakik.com\\\/#website\"},\"primaryImageOfPage\":{\"@id\":\"https:\\\/\\\/kibrisdakik.com\\\/?p=35418#primaryimage\"},\"image\":{\"@id\":\"https:\\\/\\\/kibrisdakik.com\\\/?p=35418#primaryimage\"},\"thumbnailUrl\":\"https:\\\/\\\/kibrisdakik.com\\\/wp-content\\\/uploads\\\/2024\\\/03\\\/gulamkadir-740x420.jpg\",\"datePublished\":\"2024-03-23T22:13:56+00:00\",\"author\":{\"@id\":\"https:\\\/\\\/kibrisdakik.com\\\/#\\\/schema\\\/person\\\/9cd9d437bbb44f72b73ba127e06d8e79\"},\"breadcrumb\":{\"@id\":\"https:\\\/\\\/kibrisdakik.com\\\/?p=35418#breadcrumb\"},\"inLanguage\":\"tr\",\"potentialAction\":[{\"@type\":\"ReadAction\",\"target\":[\"https:\\\/\\\/kibrisdakik.com\\\/?p=35418\"]}]},{\"@type\":\"ImageObject\",\"inLanguage\":\"tr\",\"@id\":\"https:\\\/\\\/kibrisdakik.com\\\/?p=35418#primaryimage\",\"url\":\"https:\\\/\\\/kibrisdakik.com\\\/wp-content\\\/uploads\\\/2024\\\/03\\\/gulamkadir-740x420.jpg\",\"contentUrl\":\"https:\\\/\\\/kibrisdakik.com\\\/wp-content\\\/uploads\\\/2024\\\/03\\\/gulamkadir-740x420.jpg\",\"width\":1024,\"height\":683},{\"@type\":\"BreadcrumbList\",\"@id\":\"https:\\\/\\\/kibrisdakik.com\\\/?p=35418#breadcrumb\",\"itemListElement\":[{\"@type\":\"ListItem\",\"position\":1,\"name\":\"Home\",\"item\":\"https:\\\/\\\/kibrisdakik.com\\\/\"},{\"@type\":\"ListItem\",\"position\":2,\"name\":\"CTP G\u00fczelyurt \u0130l\u00e7e Ba\u015fkan\u0131 : Valencia i\u00e7in de kriz kap\u0131dad\u0131r\"}]},{\"@type\":\"WebSite\",\"@id\":\"https:\\\/\\\/kibrisdakik.com\\\/#website\",\"url\":\"https:\\\/\\\/kibrisdakik.com\\\/\",\"name\":\"\",\"description\":\"Tam vaktinde haber\",\"potentialAction\":[{\"@type\":\"SearchAction\",\"target\":{\"@type\":\"EntryPoint\",\"urlTemplate\":\"https:\\\/\\\/kibrisdakik.com\\\/?s={search_term_string}\"},\"query-input\":{\"@type\":\"PropertyValueSpecification\",\"valueRequired\":true,\"valueName\":\"search_term_string\"}}],\"inLanguage\":\"tr\"},{\"@type\":\"Person\",\"@id\":\"https:\\\/\\\/kibrisdakik.com\\\/#\\\/schema\\\/person\\\/9cd9d437bbb44f72b73ba127e06d8e79\",\"name\":\"admin\",\"image\":{\"@type\":\"ImageObject\",\"inLanguage\":\"tr\",\"@id\":\"https:\\\/\\\/secure.gravatar.com\\\/avatar\\\/ccc17943b9d660506c869530f897617f7cb1c21a4bf30023f252596d83e1f007?s=96&d=mm&r=g\",\"url\":\"https:\\\/\\\/secure.gravatar.com\\\/avatar\\\/ccc17943b9d660506c869530f897617f7cb1c21a4bf30023f252596d83e1f007?s=96&d=mm&r=g\",\"contentUrl\":\"https:\\\/\\\/secure.gravatar.com\\\/avatar\\\/ccc17943b9d660506c869530f897617f7cb1c21a4bf30023f252596d83e1f007?s=96&d=mm&r=g\",\"caption\":\"admin\"},\"sameAs\":[\"https:\\\/\\\/kibrisdakik.com\"],\"url\":\"https:\\\/\\\/kibrisdakik.com\\\/?author=1\"}]}<\/script>\n<!-- \/ Yoast SEO plugin. -->","yoast_head_json":{"title":"CTP G\u00fczelyurt \u0130l\u00e7e Ba\u015fkan\u0131 : Valencia i\u00e7in de kriz kap\u0131dad\u0131r -","robots":{"index":"index","follow":"follow","max-snippet":"max-snippet:-1","max-image-preview":"max-image-preview:large","max-video-preview":"max-video-preview:-1"},"canonical":"https:\/\/kibrisdakik.com\/?p=35418","og_locale":"tr_TR","og_type":"article","og_title":"CTP G\u00fczelyurt \u0130l\u00e7e Ba\u015fkan\u0131 : Valencia i\u00e7in de kriz kap\u0131dad\u0131r -","og_description":"CTP G\u00fczelyurt \u0130l\u00e7e Ba\u015fkan\u0131 \u00c7a\u011flar Gulamkadir, \u201cnarenciyede ya\u015fanan kaosa\u201d dikkat \u00e7ekti; h\u00fck\u00fcmetin sekt\u00f6r\u00fc baltalamak i\u00e7in elinden geleni yapmaya devam etti\u011fini ileri s\u00fcrd\u00fc ve \u201cValencia i\u00e7in de kriz kap\u0131dad\u0131r\u201d dedi. Yaz\u0131l\u0131 a\u00e7\u0131klamas\u0131nda \u201cS\u00fcreci y\u00f6netemeyenler, bunun bedelini \u00fcreticiye, kontrakt\u00f6rlere, i\u015f\u00e7iye, ihracat\u00e7\u0131ya ve esnafa \u00f6detmeye \u00e7al\u0131\u015f\u0131yor\u201d diyen Gulamkadir, adada izinli \u015fekilde bulunan, yakla\u015f\u0131k 27 ekipten olu\u015fan 750 civar\u0131","og_url":"https:\/\/kibrisdakik.com\/?p=35418","article_published_time":"2024-03-23T22:13:56+00:00","og_image":[{"width":1024,"height":683,"url":"https:\/\/kibrisdakik.com\/wp-content\/uploads\/2024\/03\/gulamkadir-740x420.jpg","type":"image\/jpeg"}],"author":"admin","twitter_card":"summary_large_image","twitter_misc":{"Yazan:":"admin","Tahmini okuma s\u00fcresi":"1 dakika"},"schema":{"@context":"https:\/\/schema.org","@graph":[{"@type":"Article","@id":"https:\/\/kibrisdakik.com\/?p=35418#article","isPartOf":{"@id":"https:\/\/kibrisdakik.com\/?p=35418"},"author":{"name":"admin","@id":"https:\/\/kibrisdakik.com\/#\/schema\/person\/9cd9d437bbb44f72b73ba127e06d8e79"},"headline":"CTP G\u00fczelyurt \u0130l\u00e7e Ba\u015fkan\u0131 : Valencia i\u00e7in de kriz kap\u0131dad\u0131r","datePublished":"2024-03-23T22:13:56+00:00","mainEntityOfPage":{"@id":"https:\/\/kibrisdakik.com\/?p=35418"},"wordCount":263,"commentCount":0,"image":{"@id":"https:\/\/kibrisdakik.com\/?p=35418#primaryimage"},"thumbnailUrl":"https:\/\/kibrisdakik.com\/wp-content\/uploads\/2024\/03\/gulamkadir-740x420.jpg","articleSection":["G\u00fcndem"],"inLanguage":"tr","potentialAction":[{"@type":"CommentAction","name":"Comment","target":["https:\/\/kibrisdakik.com\/?p=35418#respond"]}]},{"@type":"WebPage","@id":"https:\/\/kibrisdakik.com\/?p=35418","url":"https:\/\/kibrisdakik.com\/?p=35418","name":"CTP G\u00fczelyurt \u0130l\u00e7e Ba\u015fkan\u0131 : Valencia i\u00e7in de kriz kap\u0131dad\u0131r -","isPartOf":{"@id":"https:\/\/kibrisdakik.com\/#website"},"primaryImageOfPage":{"@id":"https:\/\/kibrisdakik.com\/?p=35418#primaryimage"},"image":{"@id":"https:\/\/kibrisdakik.com\/?p=35418#primaryimage"},"thumbnailUrl":"https:\/\/kibrisdakik.com\/wp-content\/uploads\/2024\/03\/gulamkadir-740x420.jpg","datePublished":"2024-03-23T22:13:56+00:00","author":{"@id":"https:\/\/kibrisdakik.com\/#\/schema\/person\/9cd9d437bbb44f72b73ba127e06d8e79"},"breadcrumb":{"@id":"https:\/\/kibrisdakik.com\/?p=35418#breadcrumb"},"inLanguage":"tr","potentialAction":[{"@type":"ReadAction","target":["https:\/\/kibrisdakik.com\/?p=35418"]}]},{"@type":"ImageObject","inLanguage":"tr","@id":"https:\/\/kibrisdakik.com\/?p=35418#primaryimage","url":"https:\/\/kibrisdakik.com\/wp-content\/uploads\/2024\/03\/gulamkadir-740x420.jpg","contentUrl":"https:\/\/kibrisdakik.com\/wp-content\/uploads\/2024\/03\/gulamkadir-740x420.jpg","width":1024,"height":683},{"@type":"BreadcrumbList","@id":"https:\/\/kibrisdakik.com\/?p=35418#breadcrumb","itemListElement":[{"@type":"ListItem","position":1,"name":"Home","item":"https:\/\/kibrisdakik.com\/"},{"@type":"ListItem","position":2,"name":"CTP G\u00fczelyurt \u0130l\u00e7e Ba\u015fkan\u0131 : Valencia i\u00e7in de kriz kap\u0131dad\u0131r"}]},{"@type":"WebSite","@id":"https:\/\/kibrisdakik.com\/#website","url":"https:\/\/kibrisdakik.com\/","name":"","description":"Tam vaktinde haber","potentialAction":[{"@type":"SearchAction","target":{"@type":"EntryPoint","urlTemplate":"https:\/\/kibrisdakik.com\/?s={search_term_string}"},"query-input":{"@type":"PropertyValueSpecification","valueRequired":true,"valueName":"search_term_string"}}],"inLanguage":"tr"},{"@type":"Person","@id":"https:\/\/kibrisdakik.com\/#\/schema\/person\/9cd9d437bbb44f72b73ba127e06d8e79","name":"admin","image":{"@type":"ImageObject","inLanguage":"tr","@id":"https:\/\/secure.gravatar.com\/avatar\/ccc17943b9d660506c869530f897617f7cb1c21a4bf30023f252596d83e1f007?s=96&d=mm&r=g","url":"https:\/\/secure.gravatar.com\/avatar\/ccc17943b9d660506c869530f897617f7cb1c21a4bf30023f252596d83e1f007?s=96&d=mm&r=g","contentUrl":"https:\/\/secure.gravatar.com\/avatar\/ccc17943b9d660506c869530f897617f7cb1c21a4bf30023f252596d83e1f007?s=96&d=mm&r=g","caption":"admin"},"sameAs":["https:\/\/kibrisdakik.com"],"url":"https:\/\/kibrisdakik.com\/?author=1"}]}},"_links":{"self":[{"href":"https:\/\/kibrisdakik.com\/index.php?rest_route=\/wp\/v2\/posts\/35418","targetHints":{"allow":["GET"]}}],"collection":[{"href":"https:\/\/kibrisdakik.com\/index.php?rest_route=\/wp\/v2\/posts"}],"about":[{"href":"https:\/\/kibrisdakik.com\/index.php?rest_route=\/wp\/v2\/types\/post"}],"author":[{"embeddable":true,"href":"https:\/\/kibrisdakik.com\/index.php?rest_route=\/wp\/v2\/users\/1"}],"replies":[{"embeddable":true,"href":"https:\/\/kibrisdakik.com\/index.php?rest_route=%2Fwp%2Fv2%2Fcomments&post=35418"}],"version-history":[{"count":0,"href":"https:\/\/kibrisdakik.com\/index.php?rest_route=\/wp\/v2\/posts\/35418\/revisions"}],"wp:featuredmedia":[{"embeddable":true,"href":"https:\/\/kibrisdakik.com\/index.php?rest_route=\/wp\/v2\/media\/35419"}],"wp:attachment":[{"href":"https:\/\/kibrisdakik.com\/index.php?rest_route=%2Fwp%2Fv2%2Fmedia&parent=35418"}],"wp:term":[{"taxonomy":"category","embeddable":true,"href":"https:\/\/kibrisdakik.com\/index.php?rest_route=%2Fwp%2Fv2%2Fcategories&post=35418"},{"taxonomy":"post_tag","embeddable":true,"href":"https:\/\/kibrisdakik.com\/index.php?rest_route=%2Fwp%2Fv2%2Ftags&post=35418"}],"curies":[{"name":"wp","href":"https:\/\/api.w.org\/{rel}","templated":true}]}}