{"id":35458,"date":"2024-03-24T06:25:59","date_gmt":"2024-03-24T06:25:59","guid":{"rendered":"https:\/\/kibrisdakik.com\/index.php\/2024\/03\/24\/girnede-trafik-kazasi-3\/"},"modified":"2024-03-24T06:25:59","modified_gmt":"2024-03-24T06:25:59","slug":"girnede-trafik-kazasi-3","status":"publish","type":"post","link":"https:\/\/kibrisdakik.com\/?p=35458","title":{"rendered":"Girne&#039;de trafik kazas\u0131"},"content":{"rendered":"<p><img decoding=\"async\" src=\"https:\/\/www.kibristurk.com\/images\/haberler\/2024\/03\/girnede-trafik-kazasi-1711209316.webp\" \/><\/p>\n<p>23.03.2024 tarihinde, saat 17:00 s\u0131ralar\u0131nda, Girne&#8217;de Bedrettin Demirel Caddesi \u00fczerinde, G\u00f6kmen G\u00dcN\u0130KEN (E-20), y\u00f6netimindeki CS 366 plakal\u0131 ara\u00e7 ile cadde \u00fczerinde s\u00fcratli ve dikkatsizce do\u011fu istikametine do\u011fru seyretti\u011fi esnada direksiyon hakimiyetini kaybederek yolun solundan kald\u0131rma \u00e7\u0131kmas\u0131 sonucu o esnada kald\u0131r\u0131m \u00fczerinde bat\u0131 istikametine do\u011fru yaya olarak y\u00fcr\u00fcmekte olan Cihan Y\u00dcKSEL (K-22), B\u00fc\u015fra YAVUZ (K-21) ve Beg\u00fcm D\u00d6\u015eKAYA (K-21)&#8217;ya \u00e7arpm\u0131\u015ft\u0131r. Kaza sonucu yaya Cihan Y\u00dcKSEL olay yerinde ya\u015fam\u0131n\u0131 yitirmi\u015ftir. Kazada a\u011f\u0131r yaralanan yaya B\u00fc\u015fra YAVUZ ile hafif yaralanan Beg\u00fcm D\u00d6\u015eKAYA kald\u0131r\u0131ld\u0131klar\u0131 Lefko\u015fa Dr Burhan Nalbanto\u011flu Devlet Hastanesinde tedavileri halen s\u00fcr\u00fcyor. Kazada hafif yaralan ara\u00e7 s\u00fcr\u00fcc\u00fcs\u00fc G\u00f6kmen G\u00dcN\u0130KEN ile ara\u00e7ta yolcu olarak bulunan Mehtap Kutat&#8217;\u0131n ise tedavilerine Girne Dr Ak\u00e7i\u00e7ek Hastahanesinde devam edilmektedir. &nbsp;Soru\u015fturma devam etmektedir.<\/p>\n","protected":false},"excerpt":{"rendered":"<p>23.03.2024 tarihinde, saat 17:00 s\u0131ralar\u0131nda, Girne&#8217;de Bedrettin Demirel Caddesi \u00fczerinde, G\u00f6kmen G\u00dcN\u0130KEN (E-20), y\u00f6netimindeki CS 366 plakal\u0131 ara\u00e7 ile cadde \u00fczerinde s\u00fcratli ve dikkatsizce do\u011fu istikametine do\u011fru seyretti\u011fi esnada direksiyon hakimiyetini kaybederek yolun solundan kald\u0131rma \u00e7\u0131kmas\u0131 sonucu o esnada kald\u0131r\u0131m \u00fczerinde bat\u0131 istikametine do\u011fru yaya olarak y\u00fcr\u00fcmekte olan Cihan Y\u00dcKSEL (K-22), B\u00fc\u015fra YAVUZ (K-21) ve<\/p>\n","protected":false},"author":1,"featured_media":35459,"comment_status":"open","ping_status":"open","sticky":false,"template":"","format":"standard","meta":{"footnotes":""},"categories":[85],"tags":[],"class_list":["post-35458","post","type-post","status-publish","format-standard","has-post-thumbnail","hentry","category-spor"],"yoast_head":"<!-- This site is optimized with the Yoast SEO plugin v27.4 - https:\/\/yoast.com\/product\/yoast-seo-wordpress\/ -->\n<title>Girne&#039;de trafik kazas\u0131 -<\/title>\n<meta name=\"robots\" content=\"index, follow, max-snippet:-1, max-image-preview:large, max-video-preview:-1\" \/>\n<link rel=\"canonical\" href=\"https:\/\/kibrisdakik.com\/?p=35458\" \/>\n<meta property=\"og:locale\" content=\"tr_TR\" \/>\n<meta property=\"og:type\" content=\"article\" \/>\n<meta property=\"og:title\" content=\"Girne&#039;de trafik kazas\u0131 -\" \/>\n<meta property=\"og:description\" content=\"23.03.2024 tarihinde, saat 17:00 s\u0131ralar\u0131nda, Girne&#8217;de Bedrettin Demirel Caddesi \u00fczerinde, G\u00f6kmen G\u00dcN\u0130KEN (E-20), y\u00f6netimindeki CS 366 plakal\u0131 ara\u00e7 ile cadde \u00fczerinde s\u00fcratli ve dikkatsizce do\u011fu istikametine do\u011fru seyretti\u011fi esnada direksiyon hakimiyetini kaybederek yolun solundan kald\u0131rma \u00e7\u0131kmas\u0131 sonucu o esnada kald\u0131r\u0131m \u00fczerinde bat\u0131 istikametine do\u011fru yaya olarak y\u00fcr\u00fcmekte olan Cihan Y\u00dcKSEL (K-22), B\u00fc\u015fra YAVUZ (K-21) ve\" \/>\n<meta property=\"og:url\" content=\"https:\/\/kibrisdakik.com\/?p=35458\" \/>\n<meta property=\"article:published_time\" content=\"2024-03-24T06:25:59+00:00\" \/>\n<meta property=\"og:image\" content=\"https:\/\/kibrisdakik.com\/wp-content\/uploads\/2024\/03\/girnede-trafik-kazasi-1711209316.webp.webp\" \/>\n\t<meta property=\"og:image:width\" content=\"710\" \/>\n\t<meta property=\"og:image:height\" content=\"370\" \/>\n\t<meta property=\"og:image:type\" content=\"image\/webp\" \/>\n<meta name=\"author\" content=\"admin\" \/>\n<meta name=\"twitter:card\" content=\"summary_large_image\" \/>\n<meta name=\"twitter:label1\" content=\"Yazan:\" \/>\n\t<meta name=\"twitter:data1\" content=\"admin\" \/>\n\t<meta name=\"twitter:label2\" content=\"Tahmini okuma s\u00fcresi\" \/>\n\t<meta name=\"twitter:data2\" content=\"1 dakika\" \/>\n<script type=\"application\/ld+json\" class=\"yoast-schema-graph\">{\"@context\":\"https:\\\/\\\/schema.org\",\"@graph\":[{\"@type\":\"Article\",\"@id\":\"https:\\\/\\\/kibrisdakik.com\\\/?p=35458#article\",\"isPartOf\":{\"@id\":\"https:\\\/\\\/kibrisdakik.com\\\/?p=35458\"},\"author\":{\"name\":\"admin\",\"@id\":\"https:\\\/\\\/kibrisdakik.com\\\/#\\\/schema\\\/person\\\/9cd9d437bbb44f72b73ba127e06d8e79\"},\"headline\":\"Girne&#039;de trafik kazas\u0131\",\"datePublished\":\"2024-03-24T06:25:59+00:00\",\"mainEntityOfPage\":{\"@id\":\"https:\\\/\\\/kibrisdakik.com\\\/?p=35458\"},\"wordCount\":165,\"commentCount\":0,\"image\":{\"@id\":\"https:\\\/\\\/kibrisdakik.com\\\/?p=35458#primaryimage\"},\"thumbnailUrl\":\"https:\\\/\\\/kibrisdakik.com\\\/wp-content\\\/uploads\\\/2024\\\/03\\\/girnede-trafik-kazasi-1711209316.webp.webp\",\"articleSection\":[\"Spor\"],\"inLanguage\":\"tr\",\"potentialAction\":[{\"@type\":\"CommentAction\",\"name\":\"Comment\",\"target\":[\"https:\\\/\\\/kibrisdakik.com\\\/?p=35458#respond\"]}]},{\"@type\":\"WebPage\",\"@id\":\"https:\\\/\\\/kibrisdakik.com\\\/?p=35458\",\"url\":\"https:\\\/\\\/kibrisdakik.com\\\/?p=35458\",\"name\":\"Girne&#039;de trafik kazas\u0131 -\",\"isPartOf\":{\"@id\":\"https:\\\/\\\/kibrisdakik.com\\\/#website\"},\"primaryImageOfPage\":{\"@id\":\"https:\\\/\\\/kibrisdakik.com\\\/?p=35458#primaryimage\"},\"image\":{\"@id\":\"https:\\\/\\\/kibrisdakik.com\\\/?p=35458#primaryimage\"},\"thumbnailUrl\":\"https:\\\/\\\/kibrisdakik.com\\\/wp-content\\\/uploads\\\/2024\\\/03\\\/girnede-trafik-kazasi-1711209316.webp.webp\",\"datePublished\":\"2024-03-24T06:25:59+00:00\",\"author\":{\"@id\":\"https:\\\/\\\/kibrisdakik.com\\\/#\\\/schema\\\/person\\\/9cd9d437bbb44f72b73ba127e06d8e79\"},\"breadcrumb\":{\"@id\":\"https:\\\/\\\/kibrisdakik.com\\\/?p=35458#breadcrumb\"},\"inLanguage\":\"tr\",\"potentialAction\":[{\"@type\":\"ReadAction\",\"target\":[\"https:\\\/\\\/kibrisdakik.com\\\/?p=35458\"]}]},{\"@type\":\"ImageObject\",\"inLanguage\":\"tr\",\"@id\":\"https:\\\/\\\/kibrisdakik.com\\\/?p=35458#primaryimage\",\"url\":\"https:\\\/\\\/kibrisdakik.com\\\/wp-content\\\/uploads\\\/2024\\\/03\\\/girnede-trafik-kazasi-1711209316.webp.webp\",\"contentUrl\":\"https:\\\/\\\/kibrisdakik.com\\\/wp-content\\\/uploads\\\/2024\\\/03\\\/girnede-trafik-kazasi-1711209316.webp.webp\",\"width\":710,\"height\":370},{\"@type\":\"BreadcrumbList\",\"@id\":\"https:\\\/\\\/kibrisdakik.com\\\/?p=35458#breadcrumb\",\"itemListElement\":[{\"@type\":\"ListItem\",\"position\":1,\"name\":\"Home\",\"item\":\"https:\\\/\\\/kibrisdakik.com\\\/\"},{\"@type\":\"ListItem\",\"position\":2,\"name\":\"Girne&#039;de trafik kazas\u0131\"}]},{\"@type\":\"WebSite\",\"@id\":\"https:\\\/\\\/kibrisdakik.com\\\/#website\",\"url\":\"https:\\\/\\\/kibrisdakik.com\\\/\",\"name\":\"\",\"description\":\"Tam vaktinde haber\",\"potentialAction\":[{\"@type\":\"SearchAction\",\"target\":{\"@type\":\"EntryPoint\",\"urlTemplate\":\"https:\\\/\\\/kibrisdakik.com\\\/?s={search_term_string}\"},\"query-input\":{\"@type\":\"PropertyValueSpecification\",\"valueRequired\":true,\"valueName\":\"search_term_string\"}}],\"inLanguage\":\"tr\"},{\"@type\":\"Person\",\"@id\":\"https:\\\/\\\/kibrisdakik.com\\\/#\\\/schema\\\/person\\\/9cd9d437bbb44f72b73ba127e06d8e79\",\"name\":\"admin\",\"image\":{\"@type\":\"ImageObject\",\"inLanguage\":\"tr\",\"@id\":\"https:\\\/\\\/secure.gravatar.com\\\/avatar\\\/ccc17943b9d660506c869530f897617f7cb1c21a4bf30023f252596d83e1f007?s=96&d=mm&r=g\",\"url\":\"https:\\\/\\\/secure.gravatar.com\\\/avatar\\\/ccc17943b9d660506c869530f897617f7cb1c21a4bf30023f252596d83e1f007?s=96&d=mm&r=g\",\"contentUrl\":\"https:\\\/\\\/secure.gravatar.com\\\/avatar\\\/ccc17943b9d660506c869530f897617f7cb1c21a4bf30023f252596d83e1f007?s=96&d=mm&r=g\",\"caption\":\"admin\"},\"sameAs\":[\"https:\\\/\\\/kibrisdakik.com\"],\"url\":\"https:\\\/\\\/kibrisdakik.com\\\/?author=1\"}]}<\/script>\n<!-- \/ Yoast SEO plugin. -->","yoast_head_json":{"title":"Girne&#039;de trafik kazas\u0131 -","robots":{"index":"index","follow":"follow","max-snippet":"max-snippet:-1","max-image-preview":"max-image-preview:large","max-video-preview":"max-video-preview:-1"},"canonical":"https:\/\/kibrisdakik.com\/?p=35458","og_locale":"tr_TR","og_type":"article","og_title":"Girne&#039;de trafik kazas\u0131 -","og_description":"23.03.2024 tarihinde, saat 17:00 s\u0131ralar\u0131nda, Girne&#8217;de Bedrettin Demirel Caddesi \u00fczerinde, G\u00f6kmen G\u00dcN\u0130KEN (E-20), y\u00f6netimindeki CS 366 plakal\u0131 ara\u00e7 ile cadde \u00fczerinde s\u00fcratli ve dikkatsizce do\u011fu istikametine do\u011fru seyretti\u011fi esnada direksiyon hakimiyetini kaybederek yolun solundan kald\u0131rma \u00e7\u0131kmas\u0131 sonucu o esnada kald\u0131r\u0131m \u00fczerinde bat\u0131 istikametine do\u011fru yaya olarak y\u00fcr\u00fcmekte olan Cihan Y\u00dcKSEL (K-22), B\u00fc\u015fra YAVUZ (K-21) ve","og_url":"https:\/\/kibrisdakik.com\/?p=35458","article_published_time":"2024-03-24T06:25:59+00:00","og_image":[{"width":710,"height":370,"url":"https:\/\/kibrisdakik.com\/wp-content\/uploads\/2024\/03\/girnede-trafik-kazasi-1711209316.webp.webp","type":"image\/webp"}],"author":"admin","twitter_card":"summary_large_image","twitter_misc":{"Yazan:":"admin","Tahmini okuma s\u00fcresi":"1 dakika"},"schema":{"@context":"https:\/\/schema.org","@graph":[{"@type":"Article","@id":"https:\/\/kibrisdakik.com\/?p=35458#article","isPartOf":{"@id":"https:\/\/kibrisdakik.com\/?p=35458"},"author":{"name":"admin","@id":"https:\/\/kibrisdakik.com\/#\/schema\/person\/9cd9d437bbb44f72b73ba127e06d8e79"},"headline":"Girne&#039;de trafik kazas\u0131","datePublished":"2024-03-24T06:25:59+00:00","mainEntityOfPage":{"@id":"https:\/\/kibrisdakik.com\/?p=35458"},"wordCount":165,"commentCount":0,"image":{"@id":"https:\/\/kibrisdakik.com\/?p=35458#primaryimage"},"thumbnailUrl":"https:\/\/kibrisdakik.com\/wp-content\/uploads\/2024\/03\/girnede-trafik-kazasi-1711209316.webp.webp","articleSection":["Spor"],"inLanguage":"tr","potentialAction":[{"@type":"CommentAction","name":"Comment","target":["https:\/\/kibrisdakik.com\/?p=35458#respond"]}]},{"@type":"WebPage","@id":"https:\/\/kibrisdakik.com\/?p=35458","url":"https:\/\/kibrisdakik.com\/?p=35458","name":"Girne&#039;de trafik kazas\u0131 -","isPartOf":{"@id":"https:\/\/kibrisdakik.com\/#website"},"primaryImageOfPage":{"@id":"https:\/\/kibrisdakik.com\/?p=35458#primaryimage"},"image":{"@id":"https:\/\/kibrisdakik.com\/?p=35458#primaryimage"},"thumbnailUrl":"https:\/\/kibrisdakik.com\/wp-content\/uploads\/2024\/03\/girnede-trafik-kazasi-1711209316.webp.webp","datePublished":"2024-03-24T06:25:59+00:00","author":{"@id":"https:\/\/kibrisdakik.com\/#\/schema\/person\/9cd9d437bbb44f72b73ba127e06d8e79"},"breadcrumb":{"@id":"https:\/\/kibrisdakik.com\/?p=35458#breadcrumb"},"inLanguage":"tr","potentialAction":[{"@type":"ReadAction","target":["https:\/\/kibrisdakik.com\/?p=35458"]}]},{"@type":"ImageObject","inLanguage":"tr","@id":"https:\/\/kibrisdakik.com\/?p=35458#primaryimage","url":"https:\/\/kibrisdakik.com\/wp-content\/uploads\/2024\/03\/girnede-trafik-kazasi-1711209316.webp.webp","contentUrl":"https:\/\/kibrisdakik.com\/wp-content\/uploads\/2024\/03\/girnede-trafik-kazasi-1711209316.webp.webp","width":710,"height":370},{"@type":"BreadcrumbList","@id":"https:\/\/kibrisdakik.com\/?p=35458#breadcrumb","itemListElement":[{"@type":"ListItem","position":1,"name":"Home","item":"https:\/\/kibrisdakik.com\/"},{"@type":"ListItem","position":2,"name":"Girne&#039;de trafik kazas\u0131"}]},{"@type":"WebSite","@id":"https:\/\/kibrisdakik.com\/#website","url":"https:\/\/kibrisdakik.com\/","name":"","description":"Tam vaktinde haber","potentialAction":[{"@type":"SearchAction","target":{"@type":"EntryPoint","urlTemplate":"https:\/\/kibrisdakik.com\/?s={search_term_string}"},"query-input":{"@type":"PropertyValueSpecification","valueRequired":true,"valueName":"search_term_string"}}],"inLanguage":"tr"},{"@type":"Person","@id":"https:\/\/kibrisdakik.com\/#\/schema\/person\/9cd9d437bbb44f72b73ba127e06d8e79","name":"admin","image":{"@type":"ImageObject","inLanguage":"tr","@id":"https:\/\/secure.gravatar.com\/avatar\/ccc17943b9d660506c869530f897617f7cb1c21a4bf30023f252596d83e1f007?s=96&d=mm&r=g","url":"https:\/\/secure.gravatar.com\/avatar\/ccc17943b9d660506c869530f897617f7cb1c21a4bf30023f252596d83e1f007?s=96&d=mm&r=g","contentUrl":"https:\/\/secure.gravatar.com\/avatar\/ccc17943b9d660506c869530f897617f7cb1c21a4bf30023f252596d83e1f007?s=96&d=mm&r=g","caption":"admin"},"sameAs":["https:\/\/kibrisdakik.com"],"url":"https:\/\/kibrisdakik.com\/?author=1"}]}},"_links":{"self":[{"href":"https:\/\/kibrisdakik.com\/index.php?rest_route=\/wp\/v2\/posts\/35458","targetHints":{"allow":["GET"]}}],"collection":[{"href":"https:\/\/kibrisdakik.com\/index.php?rest_route=\/wp\/v2\/posts"}],"about":[{"href":"https:\/\/kibrisdakik.com\/index.php?rest_route=\/wp\/v2\/types\/post"}],"author":[{"embeddable":true,"href":"https:\/\/kibrisdakik.com\/index.php?rest_route=\/wp\/v2\/users\/1"}],"replies":[{"embeddable":true,"href":"https:\/\/kibrisdakik.com\/index.php?rest_route=%2Fwp%2Fv2%2Fcomments&post=35458"}],"version-history":[{"count":0,"href":"https:\/\/kibrisdakik.com\/index.php?rest_route=\/wp\/v2\/posts\/35458\/revisions"}],"wp:featuredmedia":[{"embeddable":true,"href":"https:\/\/kibrisdakik.com\/index.php?rest_route=\/wp\/v2\/media\/35459"}],"wp:attachment":[{"href":"https:\/\/kibrisdakik.com\/index.php?rest_route=%2Fwp%2Fv2%2Fmedia&parent=35458"}],"wp:term":[{"taxonomy":"category","embeddable":true,"href":"https:\/\/kibrisdakik.com\/index.php?rest_route=%2Fwp%2Fv2%2Fcategories&post=35458"},{"taxonomy":"post_tag","embeddable":true,"href":"https:\/\/kibrisdakik.com\/index.php?rest_route=%2Fwp%2Fv2%2Ftags&post=35458"}],"curies":[{"name":"wp","href":"https:\/\/api.w.org\/{rel}","templated":true}]}}