{"id":35472,"date":"2024-03-24T09:24:53","date_gmt":"2024-03-24T09:24:53","guid":{"rendered":"https:\/\/kibrisdakik.com\/index.php\/2024\/03\/24\/disisleri-bakanligi-moskovadaki-teror-saldirisini-kinadi-2\/"},"modified":"2024-03-24T09:24:53","modified_gmt":"2024-03-24T09:24:53","slug":"disisleri-bakanligi-moskovadaki-teror-saldirisini-kinadi-2","status":"publish","type":"post","link":"https:\/\/kibrisdakik.com\/?p=35472","title":{"rendered":"D\u0131\u015fi\u015fleri Bakanl\u0131\u011f\u0131, Moskova\u2019daki ter\u00f6r sald\u0131r\u0131s\u0131n\u0131 k\u0131nad\u0131"},"content":{"rendered":"<p><\/p>\n<div>\n<div class=\"mariselle-image-container center\">\n                <img loading=\"lazy\" decoding=\"async\" width=\"1673\" height=\"1203\" class=\"lazy-image\" alt=\"\" sizes=\"auto, (max-width: 1673px) 100vw, 1673px\" src=\"https:\/\/brtk.net\/wp-content\/uploads\/2024\/03\/24\/7i8a68314.jpg?ver=0d9deb65b2259082522890f4ee329f33\" srcset=\"https:\/\/brtk.net\/wp-content\/uploads\/2024\/03\/24\/7i8a68314.jpg?ver=0d9deb65b2259082522890f4ee329f33 1673w, https:\/\/brtk.net\/wp-content\/uploads\/2024\/03\/24\/7i8a68314-300x216.jpg?ver=b81ebd7114d8a5c038f101106152b17b 300w, https:\/\/brtk.net\/wp-content\/uploads\/2024\/03\/24\/7i8a68314-1024x736.jpg?ver=b2f66353843b41d1c9b86727d3b8f153 1024w, https:\/\/brtk.net\/wp-content\/uploads\/2024\/03\/24\/7i8a68314-768x552.jpg?ver=b2f66353843b41d1c9b86727d3b8f153 768w, https:\/\/brtk.net\/wp-content\/uploads\/2024\/03\/24\/7i8a68314-1536x1104.jpg?ver=cd7717c8f48c2c47d0d60665822a77ce 1536w\"\/>                            <\/div>\n<p>D\u0131\u015fi\u015fleri Bakanl\u0131\u011f\u0131, Rusya\u2019n\u0131n ba\u015fkenti Moskova\u2019da bir konser salonuna d\u00fczenlenen ter\u00f6r sald\u0131r\u0131s\u0131n\u0131 \u015fiddetle k\u0131nad\u0131.<\/p>\n<p><a href=\"https:\/\/brtk.net\/\">KKTC<\/a>\u2018nin, 22 Mart ak\u015fam\u0131 konser salonuna yap\u0131lan ter\u00f6r sald\u0131r\u0131s\u0131n\u0131n lanetlendi\u011fi ifade edilen a\u00e7\u0131klamada, \u201cT\u00fcm d\u00fcnyada, sivil halka y\u00f6neltilen her t\u00fcrl\u00fc \u015fiddet ve ter\u00f6r sald\u0131r\u0131s\u0131n\u0131 en \u015fiddetli \u015fekilde k\u0131n\u0131yor, bu vahim sald\u0131r\u0131 nedeniyle etkilenen Rusya halk\u0131na y\u00fcrekten taziye ve ge\u00e7mi\u015f olsun dileklerimizi iletiyoruz.\u201d denildi.<\/p>\n<\/p><\/div>\n<p><script async\n                    defer\n                    crossorigin=\"anonymous\"\n                    src=\"https:\/\/connect.facebook.net\/tr_TR\/sdk.js#xfbml=1&#038;version=v3.3\"\n            ><\/script><\/p>\n","protected":false},"excerpt":{"rendered":"<p>D\u0131\u015fi\u015fleri Bakanl\u0131\u011f\u0131, Rusya\u2019n\u0131n ba\u015fkenti Moskova\u2019da bir konser salonuna d\u00fczenlenen ter\u00f6r sald\u0131r\u0131s\u0131n\u0131 \u015fiddetle k\u0131nad\u0131. KKTC\u2018nin, 22 Mart ak\u015fam\u0131 konser salonuna yap\u0131lan ter\u00f6r sald\u0131r\u0131s\u0131n\u0131n lanetlendi\u011fi ifade edilen a\u00e7\u0131klamada, \u201cT\u00fcm d\u00fcnyada, sivil halka y\u00f6neltilen her t\u00fcrl\u00fc \u015fiddet ve ter\u00f6r sald\u0131r\u0131s\u0131n\u0131 en \u015fiddetli \u015fekilde k\u0131n\u0131yor, bu vahim sald\u0131r\u0131 nedeniyle etkilenen Rusya halk\u0131na y\u00fcrekten taziye ve ge\u00e7mi\u015f olsun dileklerimizi iletiyoruz.\u201d<\/p>\n","protected":false},"author":1,"featured_media":35473,"comment_status":"open","ping_status":"open","sticky":false,"template":"","format":"standard","meta":{"footnotes":""},"categories":[1],"tags":[],"class_list":["post-35472","post","type-post","status-publish","format-standard","has-post-thumbnail","hentry","category-gundem"],"yoast_head":"<!-- This site is optimized with the Yoast SEO plugin v27.4 - https:\/\/yoast.com\/product\/yoast-seo-wordpress\/ -->\n<title>D\u0131\u015fi\u015fleri Bakanl\u0131\u011f\u0131, Moskova\u2019daki ter\u00f6r sald\u0131r\u0131s\u0131n\u0131 k\u0131nad\u0131 -<\/title>\n<meta name=\"robots\" content=\"index, follow, max-snippet:-1, max-image-preview:large, max-video-preview:-1\" \/>\n<link rel=\"canonical\" href=\"https:\/\/kibrisdakik.com\/?p=35472\" \/>\n<meta property=\"og:locale\" content=\"tr_TR\" \/>\n<meta property=\"og:type\" content=\"article\" \/>\n<meta property=\"og:title\" content=\"D\u0131\u015fi\u015fleri Bakanl\u0131\u011f\u0131, Moskova\u2019daki ter\u00f6r sald\u0131r\u0131s\u0131n\u0131 k\u0131nad\u0131 -\" \/>\n<meta property=\"og:description\" content=\"D\u0131\u015fi\u015fleri Bakanl\u0131\u011f\u0131, Rusya\u2019n\u0131n ba\u015fkenti Moskova\u2019da bir konser salonuna d\u00fczenlenen ter\u00f6r sald\u0131r\u0131s\u0131n\u0131 \u015fiddetle k\u0131nad\u0131. KKTC\u2018nin, 22 Mart ak\u015fam\u0131 konser salonuna yap\u0131lan ter\u00f6r sald\u0131r\u0131s\u0131n\u0131n lanetlendi\u011fi ifade edilen a\u00e7\u0131klamada, \u201cT\u00fcm d\u00fcnyada, sivil halka y\u00f6neltilen her t\u00fcrl\u00fc \u015fiddet ve ter\u00f6r sald\u0131r\u0131s\u0131n\u0131 en \u015fiddetli \u015fekilde k\u0131n\u0131yor, bu vahim sald\u0131r\u0131 nedeniyle etkilenen Rusya halk\u0131na y\u00fcrekten taziye ve ge\u00e7mi\u015f olsun dileklerimizi iletiyoruz.\u201d\" \/>\n<meta property=\"og:url\" content=\"https:\/\/kibrisdakik.com\/?p=35472\" \/>\n<meta property=\"article:published_time\" content=\"2024-03-24T09:24:53+00:00\" \/>\n<meta property=\"og:image\" content=\"https:\/\/kibrisdakik.com\/wp-content\/uploads\/2024\/03\/7i8a68314-740x420.jpg\" \/>\n\t<meta property=\"og:image:width\" content=\"1673\" \/>\n\t<meta property=\"og:image:height\" content=\"1203\" \/>\n\t<meta property=\"og:image:type\" content=\"image\/jpeg\" \/>\n<meta name=\"author\" content=\"admin\" \/>\n<meta name=\"twitter:card\" content=\"summary_large_image\" \/>\n<meta name=\"twitter:label1\" content=\"Yazan:\" \/>\n\t<meta name=\"twitter:data1\" content=\"admin\" \/>\n<script type=\"application\/ld+json\" class=\"yoast-schema-graph\">{\"@context\":\"https:\\\/\\\/schema.org\",\"@graph\":[{\"@type\":\"Article\",\"@id\":\"https:\\\/\\\/kibrisdakik.com\\\/?p=35472#article\",\"isPartOf\":{\"@id\":\"https:\\\/\\\/kibrisdakik.com\\\/?p=35472\"},\"author\":{\"name\":\"admin\",\"@id\":\"https:\\\/\\\/kibrisdakik.com\\\/#\\\/schema\\\/person\\\/9cd9d437bbb44f72b73ba127e06d8e79\"},\"headline\":\"D\u0131\u015fi\u015fleri Bakanl\u0131\u011f\u0131, Moskova\u2019daki ter\u00f6r sald\u0131r\u0131s\u0131n\u0131 k\u0131nad\u0131\",\"datePublished\":\"2024-03-24T09:24:53+00:00\",\"mainEntityOfPage\":{\"@id\":\"https:\\\/\\\/kibrisdakik.com\\\/?p=35472\"},\"wordCount\":105,\"commentCount\":0,\"image\":{\"@id\":\"https:\\\/\\\/kibrisdakik.com\\\/?p=35472#primaryimage\"},\"thumbnailUrl\":\"https:\\\/\\\/kibrisdakik.com\\\/wp-content\\\/uploads\\\/2024\\\/03\\\/7i8a68314-740x420.jpg\",\"articleSection\":[\"G\u00fcndem\"],\"inLanguage\":\"tr\",\"potentialAction\":[{\"@type\":\"CommentAction\",\"name\":\"Comment\",\"target\":[\"https:\\\/\\\/kibrisdakik.com\\\/?p=35472#respond\"]}]},{\"@type\":\"WebPage\",\"@id\":\"https:\\\/\\\/kibrisdakik.com\\\/?p=35472\",\"url\":\"https:\\\/\\\/kibrisdakik.com\\\/?p=35472\",\"name\":\"D\u0131\u015fi\u015fleri Bakanl\u0131\u011f\u0131, Moskova\u2019daki ter\u00f6r sald\u0131r\u0131s\u0131n\u0131 k\u0131nad\u0131 -\",\"isPartOf\":{\"@id\":\"https:\\\/\\\/kibrisdakik.com\\\/#website\"},\"primaryImageOfPage\":{\"@id\":\"https:\\\/\\\/kibrisdakik.com\\\/?p=35472#primaryimage\"},\"image\":{\"@id\":\"https:\\\/\\\/kibrisdakik.com\\\/?p=35472#primaryimage\"},\"thumbnailUrl\":\"https:\\\/\\\/kibrisdakik.com\\\/wp-content\\\/uploads\\\/2024\\\/03\\\/7i8a68314-740x420.jpg\",\"datePublished\":\"2024-03-24T09:24:53+00:00\",\"author\":{\"@id\":\"https:\\\/\\\/kibrisdakik.com\\\/#\\\/schema\\\/person\\\/9cd9d437bbb44f72b73ba127e06d8e79\"},\"breadcrumb\":{\"@id\":\"https:\\\/\\\/kibrisdakik.com\\\/?p=35472#breadcrumb\"},\"inLanguage\":\"tr\",\"potentialAction\":[{\"@type\":\"ReadAction\",\"target\":[\"https:\\\/\\\/kibrisdakik.com\\\/?p=35472\"]}]},{\"@type\":\"ImageObject\",\"inLanguage\":\"tr\",\"@id\":\"https:\\\/\\\/kibrisdakik.com\\\/?p=35472#primaryimage\",\"url\":\"https:\\\/\\\/kibrisdakik.com\\\/wp-content\\\/uploads\\\/2024\\\/03\\\/7i8a68314-740x420.jpg\",\"contentUrl\":\"https:\\\/\\\/kibrisdakik.com\\\/wp-content\\\/uploads\\\/2024\\\/03\\\/7i8a68314-740x420.jpg\",\"width\":1673,\"height\":1203},{\"@type\":\"BreadcrumbList\",\"@id\":\"https:\\\/\\\/kibrisdakik.com\\\/?p=35472#breadcrumb\",\"itemListElement\":[{\"@type\":\"ListItem\",\"position\":1,\"name\":\"Home\",\"item\":\"https:\\\/\\\/kibrisdakik.com\\\/\"},{\"@type\":\"ListItem\",\"position\":2,\"name\":\"D\u0131\u015fi\u015fleri Bakanl\u0131\u011f\u0131, Moskova\u2019daki ter\u00f6r sald\u0131r\u0131s\u0131n\u0131 k\u0131nad\u0131\"}]},{\"@type\":\"WebSite\",\"@id\":\"https:\\\/\\\/kibrisdakik.com\\\/#website\",\"url\":\"https:\\\/\\\/kibrisdakik.com\\\/\",\"name\":\"\",\"description\":\"Tam vaktinde haber\",\"potentialAction\":[{\"@type\":\"SearchAction\",\"target\":{\"@type\":\"EntryPoint\",\"urlTemplate\":\"https:\\\/\\\/kibrisdakik.com\\\/?s={search_term_string}\"},\"query-input\":{\"@type\":\"PropertyValueSpecification\",\"valueRequired\":true,\"valueName\":\"search_term_string\"}}],\"inLanguage\":\"tr\"},{\"@type\":\"Person\",\"@id\":\"https:\\\/\\\/kibrisdakik.com\\\/#\\\/schema\\\/person\\\/9cd9d437bbb44f72b73ba127e06d8e79\",\"name\":\"admin\",\"image\":{\"@type\":\"ImageObject\",\"inLanguage\":\"tr\",\"@id\":\"https:\\\/\\\/secure.gravatar.com\\\/avatar\\\/ccc17943b9d660506c869530f897617f7cb1c21a4bf30023f252596d83e1f007?s=96&d=mm&r=g\",\"url\":\"https:\\\/\\\/secure.gravatar.com\\\/avatar\\\/ccc17943b9d660506c869530f897617f7cb1c21a4bf30023f252596d83e1f007?s=96&d=mm&r=g\",\"contentUrl\":\"https:\\\/\\\/secure.gravatar.com\\\/avatar\\\/ccc17943b9d660506c869530f897617f7cb1c21a4bf30023f252596d83e1f007?s=96&d=mm&r=g\",\"caption\":\"admin\"},\"sameAs\":[\"https:\\\/\\\/kibrisdakik.com\"],\"url\":\"https:\\\/\\\/kibrisdakik.com\\\/?author=1\"}]}<\/script>\n<!-- \/ Yoast SEO plugin. -->","yoast_head_json":{"title":"D\u0131\u015fi\u015fleri Bakanl\u0131\u011f\u0131, Moskova\u2019daki ter\u00f6r sald\u0131r\u0131s\u0131n\u0131 k\u0131nad\u0131 -","robots":{"index":"index","follow":"follow","max-snippet":"max-snippet:-1","max-image-preview":"max-image-preview:large","max-video-preview":"max-video-preview:-1"},"canonical":"https:\/\/kibrisdakik.com\/?p=35472","og_locale":"tr_TR","og_type":"article","og_title":"D\u0131\u015fi\u015fleri Bakanl\u0131\u011f\u0131, Moskova\u2019daki ter\u00f6r sald\u0131r\u0131s\u0131n\u0131 k\u0131nad\u0131 -","og_description":"D\u0131\u015fi\u015fleri Bakanl\u0131\u011f\u0131, Rusya\u2019n\u0131n ba\u015fkenti Moskova\u2019da bir konser salonuna d\u00fczenlenen ter\u00f6r sald\u0131r\u0131s\u0131n\u0131 \u015fiddetle k\u0131nad\u0131. KKTC\u2018nin, 22 Mart ak\u015fam\u0131 konser salonuna yap\u0131lan ter\u00f6r sald\u0131r\u0131s\u0131n\u0131n lanetlendi\u011fi ifade edilen a\u00e7\u0131klamada, \u201cT\u00fcm d\u00fcnyada, sivil halka y\u00f6neltilen her t\u00fcrl\u00fc \u015fiddet ve ter\u00f6r sald\u0131r\u0131s\u0131n\u0131 en \u015fiddetli \u015fekilde k\u0131n\u0131yor, bu vahim sald\u0131r\u0131 nedeniyle etkilenen Rusya halk\u0131na y\u00fcrekten taziye ve ge\u00e7mi\u015f olsun dileklerimizi iletiyoruz.\u201d","og_url":"https:\/\/kibrisdakik.com\/?p=35472","article_published_time":"2024-03-24T09:24:53+00:00","og_image":[{"width":1673,"height":1203,"url":"https:\/\/kibrisdakik.com\/wp-content\/uploads\/2024\/03\/7i8a68314-740x420.jpg","type":"image\/jpeg"}],"author":"admin","twitter_card":"summary_large_image","twitter_misc":{"Yazan:":"admin"},"schema":{"@context":"https:\/\/schema.org","@graph":[{"@type":"Article","@id":"https:\/\/kibrisdakik.com\/?p=35472#article","isPartOf":{"@id":"https:\/\/kibrisdakik.com\/?p=35472"},"author":{"name":"admin","@id":"https:\/\/kibrisdakik.com\/#\/schema\/person\/9cd9d437bbb44f72b73ba127e06d8e79"},"headline":"D\u0131\u015fi\u015fleri Bakanl\u0131\u011f\u0131, Moskova\u2019daki ter\u00f6r sald\u0131r\u0131s\u0131n\u0131 k\u0131nad\u0131","datePublished":"2024-03-24T09:24:53+00:00","mainEntityOfPage":{"@id":"https:\/\/kibrisdakik.com\/?p=35472"},"wordCount":105,"commentCount":0,"image":{"@id":"https:\/\/kibrisdakik.com\/?p=35472#primaryimage"},"thumbnailUrl":"https:\/\/kibrisdakik.com\/wp-content\/uploads\/2024\/03\/7i8a68314-740x420.jpg","articleSection":["G\u00fcndem"],"inLanguage":"tr","potentialAction":[{"@type":"CommentAction","name":"Comment","target":["https:\/\/kibrisdakik.com\/?p=35472#respond"]}]},{"@type":"WebPage","@id":"https:\/\/kibrisdakik.com\/?p=35472","url":"https:\/\/kibrisdakik.com\/?p=35472","name":"D\u0131\u015fi\u015fleri Bakanl\u0131\u011f\u0131, Moskova\u2019daki ter\u00f6r sald\u0131r\u0131s\u0131n\u0131 k\u0131nad\u0131 -","isPartOf":{"@id":"https:\/\/kibrisdakik.com\/#website"},"primaryImageOfPage":{"@id":"https:\/\/kibrisdakik.com\/?p=35472#primaryimage"},"image":{"@id":"https:\/\/kibrisdakik.com\/?p=35472#primaryimage"},"thumbnailUrl":"https:\/\/kibrisdakik.com\/wp-content\/uploads\/2024\/03\/7i8a68314-740x420.jpg","datePublished":"2024-03-24T09:24:53+00:00","author":{"@id":"https:\/\/kibrisdakik.com\/#\/schema\/person\/9cd9d437bbb44f72b73ba127e06d8e79"},"breadcrumb":{"@id":"https:\/\/kibrisdakik.com\/?p=35472#breadcrumb"},"inLanguage":"tr","potentialAction":[{"@type":"ReadAction","target":["https:\/\/kibrisdakik.com\/?p=35472"]}]},{"@type":"ImageObject","inLanguage":"tr","@id":"https:\/\/kibrisdakik.com\/?p=35472#primaryimage","url":"https:\/\/kibrisdakik.com\/wp-content\/uploads\/2024\/03\/7i8a68314-740x420.jpg","contentUrl":"https:\/\/kibrisdakik.com\/wp-content\/uploads\/2024\/03\/7i8a68314-740x420.jpg","width":1673,"height":1203},{"@type":"BreadcrumbList","@id":"https:\/\/kibrisdakik.com\/?p=35472#breadcrumb","itemListElement":[{"@type":"ListItem","position":1,"name":"Home","item":"https:\/\/kibrisdakik.com\/"},{"@type":"ListItem","position":2,"name":"D\u0131\u015fi\u015fleri Bakanl\u0131\u011f\u0131, Moskova\u2019daki ter\u00f6r sald\u0131r\u0131s\u0131n\u0131 k\u0131nad\u0131"}]},{"@type":"WebSite","@id":"https:\/\/kibrisdakik.com\/#website","url":"https:\/\/kibrisdakik.com\/","name":"","description":"Tam vaktinde haber","potentialAction":[{"@type":"SearchAction","target":{"@type":"EntryPoint","urlTemplate":"https:\/\/kibrisdakik.com\/?s={search_term_string}"},"query-input":{"@type":"PropertyValueSpecification","valueRequired":true,"valueName":"search_term_string"}}],"inLanguage":"tr"},{"@type":"Person","@id":"https:\/\/kibrisdakik.com\/#\/schema\/person\/9cd9d437bbb44f72b73ba127e06d8e79","name":"admin","image":{"@type":"ImageObject","inLanguage":"tr","@id":"https:\/\/secure.gravatar.com\/avatar\/ccc17943b9d660506c869530f897617f7cb1c21a4bf30023f252596d83e1f007?s=96&d=mm&r=g","url":"https:\/\/secure.gravatar.com\/avatar\/ccc17943b9d660506c869530f897617f7cb1c21a4bf30023f252596d83e1f007?s=96&d=mm&r=g","contentUrl":"https:\/\/secure.gravatar.com\/avatar\/ccc17943b9d660506c869530f897617f7cb1c21a4bf30023f252596d83e1f007?s=96&d=mm&r=g","caption":"admin"},"sameAs":["https:\/\/kibrisdakik.com"],"url":"https:\/\/kibrisdakik.com\/?author=1"}]}},"_links":{"self":[{"href":"https:\/\/kibrisdakik.com\/index.php?rest_route=\/wp\/v2\/posts\/35472","targetHints":{"allow":["GET"]}}],"collection":[{"href":"https:\/\/kibrisdakik.com\/index.php?rest_route=\/wp\/v2\/posts"}],"about":[{"href":"https:\/\/kibrisdakik.com\/index.php?rest_route=\/wp\/v2\/types\/post"}],"author":[{"embeddable":true,"href":"https:\/\/kibrisdakik.com\/index.php?rest_route=\/wp\/v2\/users\/1"}],"replies":[{"embeddable":true,"href":"https:\/\/kibrisdakik.com\/index.php?rest_route=%2Fwp%2Fv2%2Fcomments&post=35472"}],"version-history":[{"count":0,"href":"https:\/\/kibrisdakik.com\/index.php?rest_route=\/wp\/v2\/posts\/35472\/revisions"}],"wp:featuredmedia":[{"embeddable":true,"href":"https:\/\/kibrisdakik.com\/index.php?rest_route=\/wp\/v2\/media\/35473"}],"wp:attachment":[{"href":"https:\/\/kibrisdakik.com\/index.php?rest_route=%2Fwp%2Fv2%2Fmedia&parent=35472"}],"wp:term":[{"taxonomy":"category","embeddable":true,"href":"https:\/\/kibrisdakik.com\/index.php?rest_route=%2Fwp%2Fv2%2Fcategories&post=35472"},{"taxonomy":"post_tag","embeddable":true,"href":"https:\/\/kibrisdakik.com\/index.php?rest_route=%2Fwp%2Fv2%2Ftags&post=35472"}],"curies":[{"name":"wp","href":"https:\/\/api.w.org\/{rel}","templated":true}]}}