{"id":35501,"date":"2024-03-24T13:29:14","date_gmt":"2024-03-24T13:29:14","guid":{"rendered":"https:\/\/kibrisdakik.com\/index.php\/2024\/03\/24\/ktfd-basbakani-osman-orek-25inci-olum-yil-donumunde-devlet-toreniyle-anildi\/"},"modified":"2024-03-24T13:29:14","modified_gmt":"2024-03-24T13:29:14","slug":"ktfd-basbakani-osman-orek-25inci-olum-yil-donumunde-devlet-toreniyle-anildi","status":"publish","type":"post","link":"https:\/\/kibrisdakik.com\/?p=35501","title":{"rendered":"KTFD Ba\u015fbakan\u0131 Osman \u00d6rek 25\u2019inci \u00f6l\u00fcm y\u0131l d\u00f6n\u00fcm\u00fcnde devlet t\u00f6reniyle an\u0131ld\u0131"},"content":{"rendered":"<p><\/p>\n<div>\n<div class=\"mariselle-image-container center\">\n                <img loading=\"lazy\" decoding=\"async\" width=\"2480\" height=\"1656\" class=\"lazy-image\" alt=\"\" sizes=\"auto, (max-width: 2480px) 100vw, 2480px\" src=\"https:\/\/brtk.net\/wp-content\/uploads\/2024\/03\/24\/osman-orek-anildi-1-so1.jpg?ver=196e28be98612d49a29cc577f8d6b69d\" srcset=\"https:\/\/brtk.net\/wp-content\/uploads\/2024\/03\/24\/osman-orek-anildi-1-so1.jpg?ver=196e28be98612d49a29cc577f8d6b69d 2480w, https:\/\/brtk.net\/wp-content\/uploads\/2024\/03\/24\/osman-orek-anildi-1-so1-300x200.jpg?ver=196e28be98612d49a29cc577f8d6b69d 300w, https:\/\/brtk.net\/wp-content\/uploads\/2024\/03\/24\/osman-orek-anildi-1-so1-1024x684.jpg?ver=68f484f12c0766f9fc7db3eb670803e0 1024w, https:\/\/brtk.net\/wp-content\/uploads\/2024\/03\/24\/osman-orek-anildi-1-so1-768x513.jpg?ver=68f484f12c0766f9fc7db3eb670803e0 768w, https:\/\/brtk.net\/wp-content\/uploads\/2024\/03\/24\/osman-orek-anildi-1-so1-1536x1026.jpg?ver=c29529e64f1c1bdf6391796595cd9a2a 1536w, https:\/\/brtk.net\/wp-content\/uploads\/2024\/03\/24\/osman-orek-anildi-1-so1-2048x1368.jpg?ver=ffb4e9a939e06737d30c6f6419879790 2048w\"\/>                            <\/div>\n<p>K\u0131br\u0131s T\u00fcrk Federe Devleti (KTFD) Ba\u015fbakan\u0131 Osman \u00d6rek, 25\u2019inci \u00f6l\u00fcm y\u0131l d\u00f6n\u00fcm\u00fcnde t\u00f6renle an\u0131ld\u0131.<\/p>\n<p>Lefko\u015fa Devlet Mezarl\u0131\u011f\u0131\u2019nda yap\u0131lan t\u00f6rene, Cumhurba\u015fkan\u0131 <a href=\"https:\/\/brtk.net\/\" target=\"_blank\" rel=\"noopener\"><a href=\"https:\/\/brtk.net\/\" target=\"_blank\" rel=\"noopener\">Ersin <\/a><a href=\"https:\/\/brtk.net\/\"\/><a href=\"https:\/\/brtk.net\/\"\/><a href=\"https:\/\/brtk.net\/\"\/><a href=\"https:\/\/brtk.net\/\"\/><a href=\"https:\/\/brtk.net\/\"\/><a href=\"https:\/\/brtk.net\/\"\/><a href=\"https:\/\/brtk.net\/\"\/><a href=\"https:\/\/brtk.net\/\"\/><a href=\"https:\/\/brtk.net\/\"\/><a href=\"https:\/\/brtk.net\/\"\/><a href=\"https:\/\/brtk.net\/\"\/><a href=\"https:\/\/brtk.net\/\"\/><a href=\"https:\/\/brtk.net\/\"\/><a href=\"https:\/\/brtk.net\/\"\/><a href=\"https:\/\/brtk.net\/\"\/><a href=\"https:\/\/brtk.net\/\">Tatar<\/a>, Cumhuriyet Meclisi Ba\u015fkan\u0131 Zorlu T\u00f6re, Ba\u015fbakan \u00dcnal \u00dcstel, K\u0131br\u0131s T\u00fcrk Bar\u0131\u015f Kuvvetleri Komutan\u0131 T\u00fcmgeneral Sebahattin K\u0131l\u0131n\u00e7, G\u00fcvenlik Kuvvetleri Komutan\u0131 T\u00fcmgeneral Osman Ayta\u00e7, D\u0131\u015fi\u015fleri Bakan\u0131 Tahsin Ertu\u011frulo\u011flu, baz\u0131 milletvekilleri, askeri erk\u00e2n, \u00d6rek\u2019in ailesi ve di\u011fer yetkililer kat\u0131ld\u0131.<\/p>\n<p>Protokol s\u0131ras\u0131na g\u00f6re \u00e7elenklerin sunulmas\u0131yla ba\u015flayan t\u00f6rende, sayg\u0131 duru\u015fu ger\u00e7ekle\u015ftirildi ve ard\u0131ndan \u0130stiklal Mar\u015f\u0131 ile bayraklar g\u00f6ndere \u00e7ekildi.<\/p>\n<p>T\u00f6ren, Cumhurba\u015fkan\u0131 <a href=\"https:\/\/brtk.net\/\" target=\"_blank\" rel=\"noopener\"><a href=\"https:\/\/brtk.net\/\" target=\"_blank\" rel=\"noopener\">Ersin <\/a><a href=\"https:\/\/brtk.net\/\"\/><a href=\"https:\/\/brtk.net\/\"\/><a href=\"https:\/\/brtk.net\/\"\/><a href=\"https:\/\/brtk.net\/\"\/><a href=\"https:\/\/brtk.net\/\"\/><a href=\"https:\/\/brtk.net\/\"\/><a href=\"https:\/\/brtk.net\/\"\/><a href=\"https:\/\/brtk.net\/\"\/><a href=\"https:\/\/brtk.net\/\"\/><a href=\"https:\/\/brtk.net\/\"\/><a href=\"https:\/\/brtk.net\/\"\/><a href=\"https:\/\/brtk.net\/\"\/><a href=\"https:\/\/brtk.net\/\"\/><a href=\"https:\/\/brtk.net\/\"\/><a href=\"https:\/\/brtk.net\/\"\/><a href=\"https:\/\/brtk.net\/\">Tatar<\/a> ve Osman \u00d6rek\u2019in ailesi ad\u0131na Ye\u015fim \u00d6rek\u2019in konu\u015fmalar\u0131n\u0131n ard\u0131ndan sona erdi.<\/p>\n<p>\u2013<a href=\"https:\/\/brtk.net\/\"\/><a href=\"https:\/\/brtk.net\/\"\/><a href=\"https:\/\/brtk.net\/\"\/><a href=\"https:\/\/brtk.net\/\"\/><a href=\"https:\/\/brtk.net\/\"\/><a href=\"https:\/\/brtk.net\/\"\/><a href=\"https:\/\/brtk.net\/\"\/><a href=\"https:\/\/brtk.net\/\"\/><a href=\"https:\/\/brtk.net\/\"\/><a href=\"https:\/\/brtk.net\/\"\/><a href=\"https:\/\/brtk.net\/\"\/><a href=\"https:\/\/brtk.net\/\"\/><a href=\"https:\/\/brtk.net\/\"\/><a href=\"https:\/\/brtk.net\/\"\/><a href=\"https:\/\/brtk.net\/\"\/><a href=\"https:\/\/brtk.net\/\">Tatar<\/a>: \u201cOsman \u00d6rek ile sohbetlerimde milli davayla ilgili \u00e7ok \u015fey \u00f6\u011frendim\u201d<\/p>\n<p>Cumhurba\u015fkan\u0131 <a href=\"https:\/\/brtk.net\/\"\/><a href=\"https:\/\/brtk.net\/\"\/><a href=\"https:\/\/brtk.net\/\"\/><a href=\"https:\/\/brtk.net\/\"\/><a href=\"https:\/\/brtk.net\/\"\/><a href=\"https:\/\/brtk.net\/\"\/><a href=\"https:\/\/brtk.net\/\"\/><a href=\"https:\/\/brtk.net\/\"\/><a href=\"https:\/\/brtk.net\/\"\/><a href=\"https:\/\/brtk.net\/\"\/><a href=\"https:\/\/brtk.net\/\"\/><a href=\"https:\/\/brtk.net\/\"\/><a href=\"https:\/\/brtk.net\/\"\/><a href=\"https:\/\/brtk.net\/\"\/><a href=\"https:\/\/brtk.net\/\"\/><a href=\"https:\/\/brtk.net\/\">Tatar<\/a> t\u00f6rende yapt\u0131\u011f\u0131 konu\u015fmada, \u0130ngiliz S\u00f6m\u00fcrge Y\u00f6netimi d\u00f6neminde, K\u0131br\u0131s T\u00fcrk halk\u0131n\u0131n Varolu\u015f ve \u00d6zg\u00fcrl\u00fck M\u00fccadelesi Lideri Dr. Faz\u0131l K\u00fc\u00e7\u00fck ve Kurucu Cumhurba\u015fkan\u0131 Rauf Raif Denkta\u015f\u2019\u0131n yanlar\u0131na iyi bir hukuk\u00e7u olan Osman \u00d6rek\u2019i alarak, Londra-Z\u00fcrih anla\u015fmalar\u0131 \u00f6ncesinde m\u00fccadele verdiklerini dile getirdi. <a href=\"https:\/\/brtk.net\/\"\/><a href=\"https:\/\/brtk.net\/\"\/><a href=\"https:\/\/brtk.net\/\"\/><a href=\"https:\/\/brtk.net\/\"\/><a href=\"https:\/\/brtk.net\/\"\/><a href=\"https:\/\/brtk.net\/\"\/><a href=\"https:\/\/brtk.net\/\"\/><a href=\"https:\/\/brtk.net\/\"\/><a href=\"https:\/\/brtk.net\/\"\/><a href=\"https:\/\/brtk.net\/\"\/><a href=\"https:\/\/brtk.net\/\"\/><a href=\"https:\/\/brtk.net\/\"\/><a href=\"https:\/\/brtk.net\/\"\/><a href=\"https:\/\/brtk.net\/\"\/><a href=\"https:\/\/brtk.net\/\"\/><a href=\"https:\/\/brtk.net\/\">Tatar<\/a>, K\u00fc\u00e7\u00fck, Denkta\u015f ve \u00d6rek\u2019in T\u00fcrkiye ziyaretleriyle, d\u00f6nemin T\u00fcrkiye Ba\u015fkan\u0131 Adnan Menderes ve D\u0131\u015fi\u015fleri Bakan\u0131 Fatin R\u00fc\u015ft\u00fc Zorlu\u2019nun K\u0131br\u0131s meselesinin i\u00e7ine \u00e7ekildi\u011fini anlatt\u0131.<\/p>\n<p>Cumhurba\u015fkan\u0131 <a href=\"https:\/\/brtk.net\/\"\/><a href=\"https:\/\/brtk.net\/\"\/><a href=\"https:\/\/brtk.net\/\"\/><a href=\"https:\/\/brtk.net\/\"\/><a href=\"https:\/\/brtk.net\/\"\/><a href=\"https:\/\/brtk.net\/\"\/><a href=\"https:\/\/brtk.net\/\"\/><a href=\"https:\/\/brtk.net\/\"\/><a href=\"https:\/\/brtk.net\/\"\/><a href=\"https:\/\/brtk.net\/\"\/><a href=\"https:\/\/brtk.net\/\"\/><a href=\"https:\/\/brtk.net\/\"\/><a href=\"https:\/\/brtk.net\/\"\/><a href=\"https:\/\/brtk.net\/\"\/><a href=\"https:\/\/brtk.net\/\"\/><a href=\"https:\/\/brtk.net\/\">Tatar<\/a>, K\u00fc\u00e7\u00fck, Denkta\u015f ve \u00d6rek\u2019in, T\u00fcrk Mukavemet Te\u015fkilat\u0131\u2019n\u0131n 1 A\u011fustos 1958\u2019de kurulu\u015funa vesile olacak gayretleriyle, K\u0131br\u0131s\u2019ta iki ayr\u0131 halk ve bir ba\u011f\u0131ms\u0131z cumhuriyet kurulacaksa, K\u0131br\u0131s T\u00fcrk halk\u0131n\u0131n Cumhuriyetin e\u015fit kurucu orta\u011f\u0131 olmas\u0131 gerekti\u011finin vurguland\u0131\u011f\u0131n\u0131 kaydetti.<\/p>\n<p>K\u0131br\u0131s T\u00fcrk halk\u0131n\u0131n, \u0130ngiltere\u2019nin \u00e7ekilmesiyle adan\u0131n Yunanistan\u2019a ba\u011flanmas\u0131 ve Enosis\u2019in ger\u00e7ekle\u015ftirilmesi i\u00e7in Rumlar\u0131n ve Yunanl\u0131lar\u0131n \u00e7ok ac\u0131mas\u0131z sald\u0131r\u0131lar\u0131 ile kar\u015f\u0131 kar\u015f\u0131ya kald\u0131\u011f\u0131n\u0131 dile getiren <a href=\"https:\/\/brtk.net\/\"\/><a href=\"https:\/\/brtk.net\/\"\/><a href=\"https:\/\/brtk.net\/\"\/><a href=\"https:\/\/brtk.net\/\"\/><a href=\"https:\/\/brtk.net\/\"\/><a href=\"https:\/\/brtk.net\/\"\/><a href=\"https:\/\/brtk.net\/\"\/><a href=\"https:\/\/brtk.net\/\"\/><a href=\"https:\/\/brtk.net\/\"\/><a href=\"https:\/\/brtk.net\/\"\/><a href=\"https:\/\/brtk.net\/\"\/><a href=\"https:\/\/brtk.net\/\"\/><a href=\"https:\/\/brtk.net\/\"\/><a href=\"https:\/\/brtk.net\/\"\/><a href=\"https:\/\/brtk.net\/\"\/><a href=\"https:\/\/brtk.net\/\">Tatar<\/a>, zor y\u0131llarda Anadolu ile kurulan ba\u011flarla K\u0131br\u0131s meselesinin T\u00fcrkiye Cumhuriyeti\u2019nin g\u00fcndemine getirilmesinde \u00fc\u00e7 liderin ve onlar\u0131n dava arkada\u015flar\u0131n\u0131n \u00e7ok b\u00fcy\u00fck katk\u0131lar\u0131 oldu\u011funu s\u00f6yledi.<\/p>\n<p>1960 y\u0131l\u0131nda K\u0131br\u0131s Cumhuriyeti kuruldu\u011funda, Garanti ve \u0130ttifak Anla\u015fmalar\u0131 \u00e7er\u00e7evesinde T\u00fcrkiye\u2019nin garant\u00f6rl\u00fc\u011f\u00fc ve tek tarafl\u0131 m\u00fcdahale hakk\u0131yla anla\u015fman\u0131n anlaml\u0131 bir noktaya geldi\u011fini ifade eden <a href=\"https:\/\/brtk.net\/\"\/><a href=\"https:\/\/brtk.net\/\"\/><a href=\"https:\/\/brtk.net\/\"\/><a href=\"https:\/\/brtk.net\/\"\/><a href=\"https:\/\/brtk.net\/\"\/><a href=\"https:\/\/brtk.net\/\"\/><a href=\"https:\/\/brtk.net\/\"\/><a href=\"https:\/\/brtk.net\/\"\/><a href=\"https:\/\/brtk.net\/\"\/><a href=\"https:\/\/brtk.net\/\"\/><a href=\"https:\/\/brtk.net\/\"\/><a href=\"https:\/\/brtk.net\/\"\/><a href=\"https:\/\/brtk.net\/\"\/><a href=\"https:\/\/brtk.net\/\"\/><a href=\"https:\/\/brtk.net\/\"\/><a href=\"https:\/\/brtk.net\/\">Tatar<\/a>, iyi bir hukuk\u00e7u olan Osman \u00d6rek\u2019in de s\u00fcrece b\u00fcy\u00fck katk\u0131lar\u0131 oldu\u011funu s\u00f6yledi.<\/p>\n<p>Ailesinin yak\u0131nl\u0131\u011f\u0131 nedeniyle Osman \u00d6rek ile birlikte \u00e7ok zaman ge\u00e7irdi\u011fini anlatan Cumhurba\u015fkan\u0131 <a href=\"https:\/\/brtk.net\/\"\/><a href=\"https:\/\/brtk.net\/\"\/><a href=\"https:\/\/brtk.net\/\"\/><a href=\"https:\/\/brtk.net\/\"\/><a href=\"https:\/\/brtk.net\/\"\/><a href=\"https:\/\/brtk.net\/\"\/><a href=\"https:\/\/brtk.net\/\"\/><a href=\"https:\/\/brtk.net\/\"\/><a href=\"https:\/\/brtk.net\/\"\/><a href=\"https:\/\/brtk.net\/\"\/><a href=\"https:\/\/brtk.net\/\"\/><a href=\"https:\/\/brtk.net\/\"\/><a href=\"https:\/\/brtk.net\/\"\/><a href=\"https:\/\/brtk.net\/\"\/><a href=\"https:\/\/brtk.net\/\"\/><a href=\"https:\/\/brtk.net\/\">Tatar<\/a>, Hasan \u00d6rek ve Ye\u015fim \u00d6rek\u2019in \u00e7ocukluk arkada\u015flar\u0131 oldu\u011funu dile getirdi. <a href=\"https:\/\/brtk.net\/\"\/><a href=\"https:\/\/brtk.net\/\"\/><a href=\"https:\/\/brtk.net\/\"\/><a href=\"https:\/\/brtk.net\/\"\/><a href=\"https:\/\/brtk.net\/\"\/><a href=\"https:\/\/brtk.net\/\"\/><a href=\"https:\/\/brtk.net\/\"\/><a href=\"https:\/\/brtk.net\/\"\/><a href=\"https:\/\/brtk.net\/\"\/><a href=\"https:\/\/brtk.net\/\"\/><a href=\"https:\/\/brtk.net\/\"\/><a href=\"https:\/\/brtk.net\/\"\/><a href=\"https:\/\/brtk.net\/\"\/><a href=\"https:\/\/brtk.net\/\"\/><a href=\"https:\/\/brtk.net\/\"\/><a href=\"https:\/\/brtk.net\/\">Tatar<\/a>, Osman \u00d6rek ile sohbetlerinde milli davayla ilgili \u00e7ok \u015fey \u00f6\u011frendi\u011fini belirtti.<\/p>\n<p>Osman \u00d6rek vefat etti\u011finde adaya hen\u00fcz T\u00fcrkiye\u2019den su gelmedi\u011fini kaydeden <a href=\"https:\/\/brtk.net\/\"\/><a href=\"https:\/\/brtk.net\/\"\/><a href=\"https:\/\/brtk.net\/\"\/><a href=\"https:\/\/brtk.net\/\"\/><a href=\"https:\/\/brtk.net\/\"\/><a href=\"https:\/\/brtk.net\/\"\/><a href=\"https:\/\/brtk.net\/\"\/><a href=\"https:\/\/brtk.net\/\"\/><a href=\"https:\/\/brtk.net\/\"\/><a href=\"https:\/\/brtk.net\/\"\/><a href=\"https:\/\/brtk.net\/\"\/><a href=\"https:\/\/brtk.net\/\"\/><a href=\"https:\/\/brtk.net\/\"\/><a href=\"https:\/\/brtk.net\/\"\/><a href=\"https:\/\/brtk.net\/\"\/><a href=\"https:\/\/brtk.net\/\">Tatar<\/a>, ge\u00e7mi\u015fte T\u00fcrk liderli\u011finin suyun gelmesi gerekti\u011fini Makarios ile payla\u015ft\u0131\u011f\u0131nda, Makarios\u2019un \u00d6rek\u2019e, \u201cBiz T\u00fcrk suyu i\u00e7meyiz\u201d dedi\u011fini anlatt\u0131.<\/p>\n<p>Osman \u00d6rek\u2019in 1960 kurulu\u015f anla\u015fmalar\u0131nda aktif bir rol oynad\u0131\u011f\u0131n\u0131 belirten <a href=\"https:\/\/brtk.net\/\"\/><a href=\"https:\/\/brtk.net\/\"\/><a href=\"https:\/\/brtk.net\/\"\/><a href=\"https:\/\/brtk.net\/\"\/><a href=\"https:\/\/brtk.net\/\"\/><a href=\"https:\/\/brtk.net\/\"\/><a href=\"https:\/\/brtk.net\/\"\/><a href=\"https:\/\/brtk.net\/\"\/><a href=\"https:\/\/brtk.net\/\"\/><a href=\"https:\/\/brtk.net\/\"\/><a href=\"https:\/\/brtk.net\/\"\/><a href=\"https:\/\/brtk.net\/\"\/><a href=\"https:\/\/brtk.net\/\"\/><a href=\"https:\/\/brtk.net\/\"\/><a href=\"https:\/\/brtk.net\/\"\/><a href=\"https:\/\/brtk.net\/\">Tatar<\/a>, \u00d6rek\u2019in daha sonra Cumhuriyetin Savunma Bakan\u0131 oldu\u011funu belirtti. Makarios\u2019un Cumhuriyet kurulur, kurulmaz, ama\u00e7lar\u0131n\u0131n Cumhuriyeti Enosis\u2019e bir s\u0131\u00e7rama tahtas\u0131 olarak kullanmak oldu\u011funu s\u00f6yledi\u011fine i\u015faret eden <a href=\"https:\/\/brtk.net\/\"\/><a href=\"https:\/\/brtk.net\/\"\/><a href=\"https:\/\/brtk.net\/\"\/><a href=\"https:\/\/brtk.net\/\"\/><a href=\"https:\/\/brtk.net\/\"\/><a href=\"https:\/\/brtk.net\/\"\/><a href=\"https:\/\/brtk.net\/\"\/><a href=\"https:\/\/brtk.net\/\"\/><a href=\"https:\/\/brtk.net\/\"\/><a href=\"https:\/\/brtk.net\/\"\/><a href=\"https:\/\/brtk.net\/\"\/><a href=\"https:\/\/brtk.net\/\"\/><a href=\"https:\/\/brtk.net\/\"\/><a href=\"https:\/\/brtk.net\/\"\/><a href=\"https:\/\/brtk.net\/\"\/><a href=\"https:\/\/brtk.net\/\">Tatar<\/a>, K\u0131br\u0131s Cumhuriyeti\u2019nin d\u0131\u015f\u0131na itildikten sonra K\u0131br\u0131s T\u00fcrk halk\u0131n\u0131n kendi devletinin temellerini Genel Komite ve Ge\u00e7ici T\u00fcrk Y\u00f6netimi ile att\u0131\u011f\u0131n\u0131 vurgulad\u0131.<\/p>\n<p>Cumhurba\u015fkan\u0131 <a href=\"https:\/\/brtk.net\/\"\/><a href=\"https:\/\/brtk.net\/\"\/><a href=\"https:\/\/brtk.net\/\"\/><a href=\"https:\/\/brtk.net\/\"\/><a href=\"https:\/\/brtk.net\/\"\/><a href=\"https:\/\/brtk.net\/\"\/><a href=\"https:\/\/brtk.net\/\"\/><a href=\"https:\/\/brtk.net\/\"\/><a href=\"https:\/\/brtk.net\/\"\/><a href=\"https:\/\/brtk.net\/\"\/><a href=\"https:\/\/brtk.net\/\"\/><a href=\"https:\/\/brtk.net\/\"\/><a href=\"https:\/\/brtk.net\/\"\/><a href=\"https:\/\/brtk.net\/\"\/><a href=\"https:\/\/brtk.net\/\"\/><a href=\"https:\/\/brtk.net\/\">Tatar<\/a>, \u201cEgemen e\u015fitlik ve e\u015fit uluslararas\u0131 stat\u00fc kavramlar\u0131 1960 anla\u015fmas\u0131ndan elde etti\u011fimiz hakk\u0131m\u0131z ve hukukumuzun bir ifadesidir\u201d diye konu\u015ftu.<\/p>\n<p>Yeni siyasete g\u00f6re, K\u0131br\u0131s\u2019ta bir anla\u015fma olacaksa iki devletin i\u015f birli\u011fiyle olmas\u0131 gerekti\u011fini ve K\u0131br\u0131s\u2019ta ba\u011f\u0131ms\u0131z bir T\u00fcrk devletinin oldu\u011funu vurgulayan <a href=\"https:\/\/brtk.net\/\"\/><a href=\"https:\/\/brtk.net\/\"\/><a href=\"https:\/\/brtk.net\/\"\/><a href=\"https:\/\/brtk.net\/\"\/><a href=\"https:\/\/brtk.net\/\"\/><a href=\"https:\/\/brtk.net\/\"\/><a href=\"https:\/\/brtk.net\/\"\/><a href=\"https:\/\/brtk.net\/\"\/><a href=\"https:\/\/brtk.net\/\"\/><a href=\"https:\/\/brtk.net\/\"\/><a href=\"https:\/\/brtk.net\/\"\/><a href=\"https:\/\/brtk.net\/\"\/><a href=\"https:\/\/brtk.net\/\"\/><a href=\"https:\/\/brtk.net\/\"\/><a href=\"https:\/\/brtk.net\/\"\/><a href=\"https:\/\/brtk.net\/\">Tatar<\/a>, anavatan T\u00fcrkiye Cumhuriyeti ile birlikte Do\u011fu Akdeniz\u2019de ba\u011f\u0131ms\u0131z T\u00fcrk devletinin ya\u015fat\u0131lmas\u0131 gerekti\u011fini s\u00f6ylediklerini belirtti.<\/p>\n<p>\u201cMilli birlik ve beraberli\u011fin, K\u0131br\u0131s T\u00fcrk halk\u0131n\u0131 bu noktaya getirmesinde onlar\u0131n etkin rol\u00fcn\u00fcn ne kadar anlaml\u0131 ve tarihi perspektiften ne kadar de\u011ferli oldu\u011funu\u201d  ifade eden <a href=\"https:\/\/brtk.net\/\"\/><a href=\"https:\/\/brtk.net\/\"\/><a href=\"https:\/\/brtk.net\/\"\/><a href=\"https:\/\/brtk.net\/\"\/><a href=\"https:\/\/brtk.net\/\"\/><a href=\"https:\/\/brtk.net\/\"\/><a href=\"https:\/\/brtk.net\/\"\/><a href=\"https:\/\/brtk.net\/\"\/><a href=\"https:\/\/brtk.net\/\"\/><a href=\"https:\/\/brtk.net\/\"\/><a href=\"https:\/\/brtk.net\/\"\/><a href=\"https:\/\/brtk.net\/\"\/><a href=\"https:\/\/brtk.net\/\"\/><a href=\"https:\/\/brtk.net\/\"\/><a href=\"https:\/\/brtk.net\/\"\/><a href=\"https:\/\/brtk.net\/\">Tatar<\/a>, e\u015fi Neriman \u00d6rek\u2019in de, Osman \u00d6rek\u2019e verdi\u011fi destekle K\u0131br\u0131s T\u00fcrk halk\u0131na katk\u0131lar\u0131n\u0131 yak\u0131ndan bildi\u011fini dile getirdi.<\/p>\n<p><a href=\"https:\/\/brtk.net\/\"\/><a href=\"https:\/\/brtk.net\/\"\/><a href=\"https:\/\/brtk.net\/\"\/><a href=\"https:\/\/brtk.net\/\"\/><a href=\"https:\/\/brtk.net\/\"\/><a href=\"https:\/\/brtk.net\/\"\/><a href=\"https:\/\/brtk.net\/\"\/><a href=\"https:\/\/brtk.net\/\"\/><a href=\"https:\/\/brtk.net\/\"\/><a href=\"https:\/\/brtk.net\/\"\/><a href=\"https:\/\/brtk.net\/\"\/><a href=\"https:\/\/brtk.net\/\"\/><a href=\"https:\/\/brtk.net\/\"\/><a href=\"https:\/\/brtk.net\/\"\/><a href=\"https:\/\/brtk.net\/\"\/><a href=\"https:\/\/brtk.net\/\">Tatar<\/a>, Osman \u00d6rek ve Neriman \u00d6rek\u2019i rahmetle and\u0131.<\/p>\n<p>-Ye\u015fim \u00d6rek: \u201cBiz Osman \u00d6rek\u2019i, hep m\u00fccadele adam\u0131 olarak bildik, tan\u0131d\u0131k ve ya\u015fad\u0131k\u201d<\/p>\n<p>Osman \u00d6rek\u2019in ailesi ad\u0131na Ye\u015fim \u00d6rek ise konu\u015fmas\u0131na, \u201cOsman \u00d6rek\u2019i biz, Meclis Ba\u015fkan\u0131, Ba\u015fbakan olarak de\u011fil hep m\u00fccadele adam\u0131 olarak bildik, tan\u0131d\u0131k ve ya\u015fad\u0131k\u201d diyerek, ba\u015flad\u0131.<\/p>\n<p>Abisi Hasan \u00d6rek\u2019e k\u00fc\u00e7\u00fckken okulda \u00f6\u011fretmeni \u201cBaban ne i\u015f yapar?\u201d diye sordu\u011funda, abisinin, \u201cDairecidir\u201d diye yan\u0131t verdi\u011fini anlatan Ye\u015fim \u00d6rek, \u201c\u00c7\u00fcnk\u00fc bizim babam\u0131z hep dairedeydi. Orada bizim, K\u0131br\u0131sl\u0131 T\u00fcrklerin davas\u0131yla u\u011fra\u015f\u0131yordu. B\u00fcy\u00fcy\u00fcnce \u00f6\u011frendik ki me\u011ferse daire dedi\u011fimiz yer D\u0131\u015fi\u015fleri ve Savunma Bakanl\u0131\u011f\u0131ym\u0131\u015f\u201d diye konu\u015ftu.<\/p>\n<p>D\u00fcnyada ya\u015fanan sava\u015flara i\u015faret eden \u00d6rek, \u201cBizler bug\u00fcn burada rahat\u00e7a nefes alabiliyorsak y\u0131llarca verilen m\u00fccadele sonucundad\u0131r\u201d dedi. M\u00fccadelenin 1974\u2019te de\u011fil, Osmanl\u0131 aday\u0131 1878\u2019de aday\u0131 \u0130ngilizlere kiraland\u0131\u011f\u0131 g\u00fcnden itibaren ba\u015flad\u0131\u011f\u0131n\u0131 kaydeden \u00d6rek, \u201cMilli haf\u0131za gen\u00e7 ku\u015faklara do\u011fru anlat\u0131ld\u0131\u011f\u0131 ve aktar\u0131ld\u0131\u011f\u0131 s\u00fcrece var olunabilir\u201d vurgusu yapt\u0131.<\/p>\n<p>\u201cK\u00fc\u00e7\u00fck bal\u0131k\u00e7\u0131 tekneleri ile gecenin karanl\u0131\u011f\u0131nda T\u00fcrkiye\u2019den adaya silah ta\u015f\u0131ma cesaretini g\u00f6steren bereket\u00e7ilerimizin vatan sevgisini i\u00e7selle\u015ftirebildi\u011fimiz takdirde hayatta kalabiliriz\u201d diyen Ye\u015fim \u00d6rek, T\u00fcrkiye Cumhuriyeti\u2019nin destekleriyle 15 Kas\u0131m 2023\u2019te hizmete giren \u201cK\u0131br\u0131s T\u00fcrk Tarih, K\u00fclt\u00fcr ve Milli M\u00fccadele M\u00fczesi\u201dnin b\u00fcy\u00fck \u00f6nem ta\u015f\u0131d\u0131\u011f\u0131n\u0131, verilen m\u00fccadelenin gen\u00e7 nesillere ancak b\u00f6yle anlat\u0131labilece\u011fini s\u00f6yledi.<\/p>\n<p>M\u00fczeyi ziyaret edenlerin orada sergilenenlerin \u00f6nemini ve heykeli dikilen 51 ki\u015fiyi merak edip, daha \u00e7ok ara\u015ft\u0131rmas\u0131n\u0131 dileyen Ye\u015fim \u00d6rek, Osman \u00d6rek\u2019in m\u00fczede, elinde evrak \u00e7antas\u0131 ile canland\u0131r\u0131ld\u0131\u011f\u0131na i\u015faret ederek, bunun bir aksesuar olmad\u0131\u011f\u0131n\u0131, o \u00e7antan\u0131n i\u00e7inden milli m\u00fccadelede kullan\u0131lan evraklar\u0131n hi\u00e7 eksik olmad\u0131\u011f\u0131n\u0131 ifade etti. Ye\u015fim \u00d6rek, evraklar\u0131n orijinallerinin, Milli Ar\u015fivde, sanallar\u0131n\u0131n ise T\u00fcrk Tarih Kurumunda bulunabildi\u011fini belirtti.<\/p>\n<p>\u015eehitlere Allahtan rahmet dileyen Ye\u015fim \u00d6rek, Dr. Faz\u0131l K\u00fc\u00e7\u00fck, Rauf Raif Denkta\u015f ve Osman \u00d6rek\u2019i minnet, sayg\u0131 ve \u00f6zlemle and\u0131.<\/p>\n<\/p><\/div>\n<p><script async\n                    defer\n                    crossorigin=\"anonymous\"\n                    src=\"https:\/\/connect.facebook.net\/tr_TR\/sdk.js#xfbml=1&#038;version=v3.3\"\n            ><\/script><\/p>\n","protected":false},"excerpt":{"rendered":"<p>K\u0131br\u0131s T\u00fcrk Federe Devleti (KTFD) Ba\u015fbakan\u0131 Osman \u00d6rek, 25\u2019inci \u00f6l\u00fcm y\u0131l d\u00f6n\u00fcm\u00fcnde t\u00f6renle an\u0131ld\u0131. Lefko\u015fa Devlet Mezarl\u0131\u011f\u0131\u2019nda yap\u0131lan t\u00f6rene, Cumhurba\u015fkan\u0131 Ersin Tatar, Cumhuriyet Meclisi Ba\u015fkan\u0131 Zorlu T\u00f6re, Ba\u015fbakan \u00dcnal \u00dcstel, K\u0131br\u0131s T\u00fcrk Bar\u0131\u015f Kuvvetleri Komutan\u0131 T\u00fcmgeneral Sebahattin K\u0131l\u0131n\u00e7, G\u00fcvenlik Kuvvetleri Komutan\u0131 T\u00fcmgeneral Osman Ayta\u00e7, D\u0131\u015fi\u015fleri Bakan\u0131 Tahsin Ertu\u011frulo\u011flu, baz\u0131 milletvekilleri, askeri erk\u00e2n, \u00d6rek\u2019in ailesi ve<\/p>\n","protected":false},"author":1,"featured_media":35502,"comment_status":"open","ping_status":"open","sticky":false,"template":"","format":"standard","meta":{"footnotes":""},"categories":[1],"tags":[],"class_list":["post-35501","post","type-post","status-publish","format-standard","has-post-thumbnail","hentry","category-gundem"],"yoast_head":"<!-- This site is optimized with the Yoast SEO plugin v27.4 - https:\/\/yoast.com\/product\/yoast-seo-wordpress\/ -->\n<title>KTFD Ba\u015fbakan\u0131 Osman \u00d6rek 25\u2019inci \u00f6l\u00fcm y\u0131l d\u00f6n\u00fcm\u00fcnde devlet t\u00f6reniyle an\u0131ld\u0131 -<\/title>\n<meta name=\"robots\" content=\"index, follow, max-snippet:-1, max-image-preview:large, max-video-preview:-1\" \/>\n<link rel=\"canonical\" href=\"https:\/\/kibrisdakik.com\/?p=35501\" \/>\n<meta property=\"og:locale\" content=\"tr_TR\" \/>\n<meta property=\"og:type\" content=\"article\" \/>\n<meta property=\"og:title\" content=\"KTFD Ba\u015fbakan\u0131 Osman \u00d6rek 25\u2019inci \u00f6l\u00fcm y\u0131l d\u00f6n\u00fcm\u00fcnde devlet t\u00f6reniyle an\u0131ld\u0131 -\" \/>\n<meta property=\"og:description\" content=\"K\u0131br\u0131s T\u00fcrk Federe Devleti (KTFD) Ba\u015fbakan\u0131 Osman \u00d6rek, 25\u2019inci \u00f6l\u00fcm y\u0131l d\u00f6n\u00fcm\u00fcnde t\u00f6renle an\u0131ld\u0131. Lefko\u015fa Devlet Mezarl\u0131\u011f\u0131\u2019nda yap\u0131lan t\u00f6rene, Cumhurba\u015fkan\u0131 Ersin Tatar, Cumhuriyet Meclisi Ba\u015fkan\u0131 Zorlu T\u00f6re, Ba\u015fbakan \u00dcnal \u00dcstel, K\u0131br\u0131s T\u00fcrk Bar\u0131\u015f Kuvvetleri Komutan\u0131 T\u00fcmgeneral Sebahattin K\u0131l\u0131n\u00e7, G\u00fcvenlik Kuvvetleri Komutan\u0131 T\u00fcmgeneral Osman Ayta\u00e7, D\u0131\u015fi\u015fleri Bakan\u0131 Tahsin Ertu\u011frulo\u011flu, baz\u0131 milletvekilleri, askeri erk\u00e2n, \u00d6rek\u2019in ailesi ve\" \/>\n<meta property=\"og:url\" content=\"https:\/\/kibrisdakik.com\/?p=35501\" \/>\n<meta property=\"article:published_time\" content=\"2024-03-24T13:29:14+00:00\" \/>\n<meta property=\"og:image\" content=\"https:\/\/kibrisdakik.com\/wp-content\/uploads\/2024\/03\/osman-orek-anildi-2-so1-740x420.jpg\" \/>\n\t<meta property=\"og:image:width\" content=\"2480\" \/>\n\t<meta property=\"og:image:height\" content=\"1656\" \/>\n\t<meta property=\"og:image:type\" content=\"image\/jpeg\" \/>\n<meta name=\"author\" content=\"admin\" \/>\n<meta name=\"twitter:card\" content=\"summary_large_image\" \/>\n<meta name=\"twitter:label1\" content=\"Yazan:\" \/>\n\t<meta name=\"twitter:data1\" content=\"admin\" \/>\n\t<meta name=\"twitter:label2\" content=\"Tahmini okuma s\u00fcresi\" \/>\n\t<meta name=\"twitter:data2\" content=\"6 dakika\" \/>\n<script type=\"application\/ld+json\" class=\"yoast-schema-graph\">{\"@context\":\"https:\\\/\\\/schema.org\",\"@graph\":[{\"@type\":\"Article\",\"@id\":\"https:\\\/\\\/kibrisdakik.com\\\/?p=35501#article\",\"isPartOf\":{\"@id\":\"https:\\\/\\\/kibrisdakik.com\\\/?p=35501\"},\"author\":{\"name\":\"admin\",\"@id\":\"https:\\\/\\\/kibrisdakik.com\\\/#\\\/schema\\\/person\\\/9cd9d437bbb44f72b73ba127e06d8e79\"},\"headline\":\"KTFD Ba\u015fbakan\u0131 Osman \u00d6rek 25\u2019inci \u00f6l\u00fcm y\u0131l d\u00f6n\u00fcm\u00fcnde devlet t\u00f6reniyle an\u0131ld\u0131\",\"datePublished\":\"2024-03-24T13:29:14+00:00\",\"mainEntityOfPage\":{\"@id\":\"https:\\\/\\\/kibrisdakik.com\\\/?p=35501\"},\"wordCount\":1193,\"commentCount\":0,\"image\":{\"@id\":\"https:\\\/\\\/kibrisdakik.com\\\/?p=35501#primaryimage\"},\"thumbnailUrl\":\"https:\\\/\\\/kibrisdakik.com\\\/wp-content\\\/uploads\\\/2024\\\/03\\\/osman-orek-anildi-2-so1-740x420.jpg\",\"articleSection\":[\"G\u00fcndem\"],\"inLanguage\":\"tr\",\"potentialAction\":[{\"@type\":\"CommentAction\",\"name\":\"Comment\",\"target\":[\"https:\\\/\\\/kibrisdakik.com\\\/?p=35501#respond\"]}]},{\"@type\":\"WebPage\",\"@id\":\"https:\\\/\\\/kibrisdakik.com\\\/?p=35501\",\"url\":\"https:\\\/\\\/kibrisdakik.com\\\/?p=35501\",\"name\":\"KTFD Ba\u015fbakan\u0131 Osman \u00d6rek 25\u2019inci \u00f6l\u00fcm y\u0131l d\u00f6n\u00fcm\u00fcnde devlet t\u00f6reniyle an\u0131ld\u0131 -\",\"isPartOf\":{\"@id\":\"https:\\\/\\\/kibrisdakik.com\\\/#website\"},\"primaryImageOfPage\":{\"@id\":\"https:\\\/\\\/kibrisdakik.com\\\/?p=35501#primaryimage\"},\"image\":{\"@id\":\"https:\\\/\\\/kibrisdakik.com\\\/?p=35501#primaryimage\"},\"thumbnailUrl\":\"https:\\\/\\\/kibrisdakik.com\\\/wp-content\\\/uploads\\\/2024\\\/03\\\/osman-orek-anildi-2-so1-740x420.jpg\",\"datePublished\":\"2024-03-24T13:29:14+00:00\",\"author\":{\"@id\":\"https:\\\/\\\/kibrisdakik.com\\\/#\\\/schema\\\/person\\\/9cd9d437bbb44f72b73ba127e06d8e79\"},\"breadcrumb\":{\"@id\":\"https:\\\/\\\/kibrisdakik.com\\\/?p=35501#breadcrumb\"},\"inLanguage\":\"tr\",\"potentialAction\":[{\"@type\":\"ReadAction\",\"target\":[\"https:\\\/\\\/kibrisdakik.com\\\/?p=35501\"]}]},{\"@type\":\"ImageObject\",\"inLanguage\":\"tr\",\"@id\":\"https:\\\/\\\/kibrisdakik.com\\\/?p=35501#primaryimage\",\"url\":\"https:\\\/\\\/kibrisdakik.com\\\/wp-content\\\/uploads\\\/2024\\\/03\\\/osman-orek-anildi-2-so1-740x420.jpg\",\"contentUrl\":\"https:\\\/\\\/kibrisdakik.com\\\/wp-content\\\/uploads\\\/2024\\\/03\\\/osman-orek-anildi-2-so1-740x420.jpg\",\"width\":2480,\"height\":1656},{\"@type\":\"BreadcrumbList\",\"@id\":\"https:\\\/\\\/kibrisdakik.com\\\/?p=35501#breadcrumb\",\"itemListElement\":[{\"@type\":\"ListItem\",\"position\":1,\"name\":\"Home\",\"item\":\"https:\\\/\\\/kibrisdakik.com\\\/\"},{\"@type\":\"ListItem\",\"position\":2,\"name\":\"KTFD Ba\u015fbakan\u0131 Osman \u00d6rek 25\u2019inci \u00f6l\u00fcm y\u0131l d\u00f6n\u00fcm\u00fcnde devlet t\u00f6reniyle an\u0131ld\u0131\"}]},{\"@type\":\"WebSite\",\"@id\":\"https:\\\/\\\/kibrisdakik.com\\\/#website\",\"url\":\"https:\\\/\\\/kibrisdakik.com\\\/\",\"name\":\"\",\"description\":\"Tam vaktinde haber\",\"potentialAction\":[{\"@type\":\"SearchAction\",\"target\":{\"@type\":\"EntryPoint\",\"urlTemplate\":\"https:\\\/\\\/kibrisdakik.com\\\/?s={search_term_string}\"},\"query-input\":{\"@type\":\"PropertyValueSpecification\",\"valueRequired\":true,\"valueName\":\"search_term_string\"}}],\"inLanguage\":\"tr\"},{\"@type\":\"Person\",\"@id\":\"https:\\\/\\\/kibrisdakik.com\\\/#\\\/schema\\\/person\\\/9cd9d437bbb44f72b73ba127e06d8e79\",\"name\":\"admin\",\"image\":{\"@type\":\"ImageObject\",\"inLanguage\":\"tr\",\"@id\":\"https:\\\/\\\/secure.gravatar.com\\\/avatar\\\/ccc17943b9d660506c869530f897617f7cb1c21a4bf30023f252596d83e1f007?s=96&d=mm&r=g\",\"url\":\"https:\\\/\\\/secure.gravatar.com\\\/avatar\\\/ccc17943b9d660506c869530f897617f7cb1c21a4bf30023f252596d83e1f007?s=96&d=mm&r=g\",\"contentUrl\":\"https:\\\/\\\/secure.gravatar.com\\\/avatar\\\/ccc17943b9d660506c869530f897617f7cb1c21a4bf30023f252596d83e1f007?s=96&d=mm&r=g\",\"caption\":\"admin\"},\"sameAs\":[\"https:\\\/\\\/kibrisdakik.com\"],\"url\":\"https:\\\/\\\/kibrisdakik.com\\\/?author=1\"}]}<\/script>\n<!-- \/ Yoast SEO plugin. -->","yoast_head_json":{"title":"KTFD Ba\u015fbakan\u0131 Osman \u00d6rek 25\u2019inci \u00f6l\u00fcm y\u0131l d\u00f6n\u00fcm\u00fcnde devlet t\u00f6reniyle an\u0131ld\u0131 -","robots":{"index":"index","follow":"follow","max-snippet":"max-snippet:-1","max-image-preview":"max-image-preview:large","max-video-preview":"max-video-preview:-1"},"canonical":"https:\/\/kibrisdakik.com\/?p=35501","og_locale":"tr_TR","og_type":"article","og_title":"KTFD Ba\u015fbakan\u0131 Osman \u00d6rek 25\u2019inci \u00f6l\u00fcm y\u0131l d\u00f6n\u00fcm\u00fcnde devlet t\u00f6reniyle an\u0131ld\u0131 -","og_description":"K\u0131br\u0131s T\u00fcrk Federe Devleti (KTFD) Ba\u015fbakan\u0131 Osman \u00d6rek, 25\u2019inci \u00f6l\u00fcm y\u0131l d\u00f6n\u00fcm\u00fcnde t\u00f6renle an\u0131ld\u0131. Lefko\u015fa Devlet Mezarl\u0131\u011f\u0131\u2019nda yap\u0131lan t\u00f6rene, Cumhurba\u015fkan\u0131 Ersin Tatar, Cumhuriyet Meclisi Ba\u015fkan\u0131 Zorlu T\u00f6re, Ba\u015fbakan \u00dcnal \u00dcstel, K\u0131br\u0131s T\u00fcrk Bar\u0131\u015f Kuvvetleri Komutan\u0131 T\u00fcmgeneral Sebahattin K\u0131l\u0131n\u00e7, G\u00fcvenlik Kuvvetleri Komutan\u0131 T\u00fcmgeneral Osman Ayta\u00e7, D\u0131\u015fi\u015fleri Bakan\u0131 Tahsin Ertu\u011frulo\u011flu, baz\u0131 milletvekilleri, askeri erk\u00e2n, \u00d6rek\u2019in ailesi ve","og_url":"https:\/\/kibrisdakik.com\/?p=35501","article_published_time":"2024-03-24T13:29:14+00:00","og_image":[{"width":2480,"height":1656,"url":"https:\/\/kibrisdakik.com\/wp-content\/uploads\/2024\/03\/osman-orek-anildi-2-so1-740x420.jpg","type":"image\/jpeg"}],"author":"admin","twitter_card":"summary_large_image","twitter_misc":{"Yazan:":"admin","Tahmini okuma s\u00fcresi":"6 dakika"},"schema":{"@context":"https:\/\/schema.org","@graph":[{"@type":"Article","@id":"https:\/\/kibrisdakik.com\/?p=35501#article","isPartOf":{"@id":"https:\/\/kibrisdakik.com\/?p=35501"},"author":{"name":"admin","@id":"https:\/\/kibrisdakik.com\/#\/schema\/person\/9cd9d437bbb44f72b73ba127e06d8e79"},"headline":"KTFD Ba\u015fbakan\u0131 Osman \u00d6rek 25\u2019inci \u00f6l\u00fcm y\u0131l d\u00f6n\u00fcm\u00fcnde devlet t\u00f6reniyle an\u0131ld\u0131","datePublished":"2024-03-24T13:29:14+00:00","mainEntityOfPage":{"@id":"https:\/\/kibrisdakik.com\/?p=35501"},"wordCount":1193,"commentCount":0,"image":{"@id":"https:\/\/kibrisdakik.com\/?p=35501#primaryimage"},"thumbnailUrl":"https:\/\/kibrisdakik.com\/wp-content\/uploads\/2024\/03\/osman-orek-anildi-2-so1-740x420.jpg","articleSection":["G\u00fcndem"],"inLanguage":"tr","potentialAction":[{"@type":"CommentAction","name":"Comment","target":["https:\/\/kibrisdakik.com\/?p=35501#respond"]}]},{"@type":"WebPage","@id":"https:\/\/kibrisdakik.com\/?p=35501","url":"https:\/\/kibrisdakik.com\/?p=35501","name":"KTFD Ba\u015fbakan\u0131 Osman \u00d6rek 25\u2019inci \u00f6l\u00fcm y\u0131l d\u00f6n\u00fcm\u00fcnde devlet t\u00f6reniyle an\u0131ld\u0131 -","isPartOf":{"@id":"https:\/\/kibrisdakik.com\/#website"},"primaryImageOfPage":{"@id":"https:\/\/kibrisdakik.com\/?p=35501#primaryimage"},"image":{"@id":"https:\/\/kibrisdakik.com\/?p=35501#primaryimage"},"thumbnailUrl":"https:\/\/kibrisdakik.com\/wp-content\/uploads\/2024\/03\/osman-orek-anildi-2-so1-740x420.jpg","datePublished":"2024-03-24T13:29:14+00:00","author":{"@id":"https:\/\/kibrisdakik.com\/#\/schema\/person\/9cd9d437bbb44f72b73ba127e06d8e79"},"breadcrumb":{"@id":"https:\/\/kibrisdakik.com\/?p=35501#breadcrumb"},"inLanguage":"tr","potentialAction":[{"@type":"ReadAction","target":["https:\/\/kibrisdakik.com\/?p=35501"]}]},{"@type":"ImageObject","inLanguage":"tr","@id":"https:\/\/kibrisdakik.com\/?p=35501#primaryimage","url":"https:\/\/kibrisdakik.com\/wp-content\/uploads\/2024\/03\/osman-orek-anildi-2-so1-740x420.jpg","contentUrl":"https:\/\/kibrisdakik.com\/wp-content\/uploads\/2024\/03\/osman-orek-anildi-2-so1-740x420.jpg","width":2480,"height":1656},{"@type":"BreadcrumbList","@id":"https:\/\/kibrisdakik.com\/?p=35501#breadcrumb","itemListElement":[{"@type":"ListItem","position":1,"name":"Home","item":"https:\/\/kibrisdakik.com\/"},{"@type":"ListItem","position":2,"name":"KTFD Ba\u015fbakan\u0131 Osman \u00d6rek 25\u2019inci \u00f6l\u00fcm y\u0131l d\u00f6n\u00fcm\u00fcnde devlet t\u00f6reniyle an\u0131ld\u0131"}]},{"@type":"WebSite","@id":"https:\/\/kibrisdakik.com\/#website","url":"https:\/\/kibrisdakik.com\/","name":"","description":"Tam vaktinde haber","potentialAction":[{"@type":"SearchAction","target":{"@type":"EntryPoint","urlTemplate":"https:\/\/kibrisdakik.com\/?s={search_term_string}"},"query-input":{"@type":"PropertyValueSpecification","valueRequired":true,"valueName":"search_term_string"}}],"inLanguage":"tr"},{"@type":"Person","@id":"https:\/\/kibrisdakik.com\/#\/schema\/person\/9cd9d437bbb44f72b73ba127e06d8e79","name":"admin","image":{"@type":"ImageObject","inLanguage":"tr","@id":"https:\/\/secure.gravatar.com\/avatar\/ccc17943b9d660506c869530f897617f7cb1c21a4bf30023f252596d83e1f007?s=96&d=mm&r=g","url":"https:\/\/secure.gravatar.com\/avatar\/ccc17943b9d660506c869530f897617f7cb1c21a4bf30023f252596d83e1f007?s=96&d=mm&r=g","contentUrl":"https:\/\/secure.gravatar.com\/avatar\/ccc17943b9d660506c869530f897617f7cb1c21a4bf30023f252596d83e1f007?s=96&d=mm&r=g","caption":"admin"},"sameAs":["https:\/\/kibrisdakik.com"],"url":"https:\/\/kibrisdakik.com\/?author=1"}]}},"_links":{"self":[{"href":"https:\/\/kibrisdakik.com\/index.php?rest_route=\/wp\/v2\/posts\/35501","targetHints":{"allow":["GET"]}}],"collection":[{"href":"https:\/\/kibrisdakik.com\/index.php?rest_route=\/wp\/v2\/posts"}],"about":[{"href":"https:\/\/kibrisdakik.com\/index.php?rest_route=\/wp\/v2\/types\/post"}],"author":[{"embeddable":true,"href":"https:\/\/kibrisdakik.com\/index.php?rest_route=\/wp\/v2\/users\/1"}],"replies":[{"embeddable":true,"href":"https:\/\/kibrisdakik.com\/index.php?rest_route=%2Fwp%2Fv2%2Fcomments&post=35501"}],"version-history":[{"count":0,"href":"https:\/\/kibrisdakik.com\/index.php?rest_route=\/wp\/v2\/posts\/35501\/revisions"}],"wp:featuredmedia":[{"embeddable":true,"href":"https:\/\/kibrisdakik.com\/index.php?rest_route=\/wp\/v2\/media\/35502"}],"wp:attachment":[{"href":"https:\/\/kibrisdakik.com\/index.php?rest_route=%2Fwp%2Fv2%2Fmedia&parent=35501"}],"wp:term":[{"taxonomy":"category","embeddable":true,"href":"https:\/\/kibrisdakik.com\/index.php?rest_route=%2Fwp%2Fv2%2Fcategories&post=35501"},{"taxonomy":"post_tag","embeddable":true,"href":"https:\/\/kibrisdakik.com\/index.php?rest_route=%2Fwp%2Fv2%2Ftags&post=35501"}],"curies":[{"name":"wp","href":"https:\/\/api.w.org\/{rel}","templated":true}]}}