{"id":35513,"date":"2024-03-24T14:45:10","date_gmt":"2024-03-24T14:45:10","guid":{"rendered":"https:\/\/kibrisdakik.com\/index.php\/2024\/03\/24\/arac-surucusu-gokmen-guniken-tutuklanarak-mahkemeye-cikarildi\/"},"modified":"2024-03-24T14:45:10","modified_gmt":"2024-03-24T14:45:10","slug":"arac-surucusu-gokmen-guniken-tutuklanarak-mahkemeye-cikarildi","status":"publish","type":"post","link":"https:\/\/kibrisdakik.com\/?p=35513","title":{"rendered":"Ara\u00e7 s\u00fcr\u00fcc\u00fcs\u00fc G\u00f6kmen G\u00fcniken, tutuklanarak mahkemeye \u00e7\u0131kar\u0131ld\u0131"},"content":{"rendered":"<p><\/p>\n<div>\n<div class=\"mariselle-image-container center\">\n                <img loading=\"lazy\" decoding=\"async\" width=\"718\" height=\"431\" class=\"lazy-image\" alt=\"\" sizes=\"auto, (max-width: 718px) 100vw, 718px\" src=\"https:\/\/brtk.net\/wp-content\/uploads\/2024\/02\/23\/tutuklu5.jpg?ver=525366ab9709f0cdc6eb41d9112970b9\" srcset=\"https:\/\/brtk.net\/wp-content\/uploads\/2024\/02\/23\/tutuklu5.jpg?ver=525366ab9709f0cdc6eb41d9112970b9 718w, https:\/\/brtk.net\/wp-content\/uploads\/2024\/02\/23\/tutuklu5-300x180.jpg?ver=525366ab9709f0cdc6eb41d9112970b9 300w\"\/>                            <\/div>\n<p>Girne\u2019de Bedrettin Demirel Caddesi\u2019nde bat\u0131dan do\u011fu y\u00f6n\u00fcne giden 20 ya\u015f\u0131ndaki G\u00f6kmen G\u00dcN\u0130KEN y\u00f6netimindeki CS 366 plakal\u0131 ara\u00e7cn direksiyon hakimiyetini kayberek, yolun solundan kald\u0131rma \u00e7\u0131kt\u0131.<\/p>\n<p>G\u00fcniken arac\u0131yla, kald\u0131r\u0131mda y\u00fcr\u00fcyen Cihan Y\u00dcKSEL, B\u00fc\u015fra YAVUZ ve Beg\u00fcm D\u00d6\u015eKAYA \u2018ya \u00e7arpt\u0131.<\/p>\n<p>Kaza sonucu 22 ya\u015f\u0131ndaki Cihan Y\u00dcKSEL olay yerinde ya\u015fam\u0131n\u0131 yitirdi.<\/p>\n<p>Kazada a\u011f\u0131r yaralanan 21 ya\u015f\u0131ndaki B\u00fc\u015fra YAVUZ ile hafif yaralanan Beg\u00fcm D\u00d6\u015eKAYA ise Lefko\u015fa Dr Burhan Nalbanto\u011flu Devlet Hastanesinde m\u00fc\u015fahade alt\u0131na al\u0131nd\u0131.<\/p>\n<p>Olayda hafif yaranan ara\u00e7 s\u00fcr\u00fcc\u00fcs\u00fc G\u00f6kmen G\u00dcN\u0130KEN ise tutuklanrak mahklemeye \u00e7\u0131kar\u0131ld\u0131.<\/p>\n<p>Girne Kaza Mahklemesi K\u0131demli Yarg\u0131 Cenkay \u0130nan, zanl\u0131 aleyhine 3 g\u00fcn tutukluluk emri verdi.<\/p>\n<p>Polisin kazayla ilgili soru\u015fturmas\u0131 da s\u00fcr\u00fcyor.<\/p>\n<\/p><\/div>\n<p><script async\n                    defer\n                    crossorigin=\"anonymous\"\n                    src=\"https:\/\/connect.facebook.net\/tr_TR\/sdk.js#xfbml=1&#038;version=v3.3\"\n            ><\/script><\/p>\n","protected":false},"excerpt":{"rendered":"<p>Girne\u2019de Bedrettin Demirel Caddesi\u2019nde bat\u0131dan do\u011fu y\u00f6n\u00fcne giden 20 ya\u015f\u0131ndaki G\u00f6kmen G\u00dcN\u0130KEN y\u00f6netimindeki CS 366 plakal\u0131 ara\u00e7cn direksiyon hakimiyetini kayberek, yolun solundan kald\u0131rma \u00e7\u0131kt\u0131. G\u00fcniken arac\u0131yla, kald\u0131r\u0131mda y\u00fcr\u00fcyen Cihan Y\u00dcKSEL, B\u00fc\u015fra YAVUZ ve Beg\u00fcm D\u00d6\u015eKAYA \u2018ya \u00e7arpt\u0131. Kaza sonucu 22 ya\u015f\u0131ndaki Cihan Y\u00dcKSEL olay yerinde ya\u015fam\u0131n\u0131 yitirdi. Kazada a\u011f\u0131r yaralanan 21 ya\u015f\u0131ndaki B\u00fc\u015fra YAVUZ ile<\/p>\n","protected":false},"author":1,"featured_media":31526,"comment_status":"open","ping_status":"open","sticky":false,"template":"","format":"standard","meta":{"footnotes":""},"categories":[1],"tags":[],"class_list":["post-35513","post","type-post","status-publish","format-standard","has-post-thumbnail","hentry","category-gundem"],"yoast_head":"<!-- This site is optimized with the Yoast SEO plugin v27.4 - https:\/\/yoast.com\/product\/yoast-seo-wordpress\/ -->\n<title>Ara\u00e7 s\u00fcr\u00fcc\u00fcs\u00fc G\u00f6kmen G\u00fcniken, tutuklanarak mahkemeye \u00e7\u0131kar\u0131ld\u0131 -<\/title>\n<meta name=\"robots\" content=\"index, follow, max-snippet:-1, max-image-preview:large, max-video-preview:-1\" \/>\n<link rel=\"canonical\" href=\"https:\/\/kibrisdakik.com\/?p=35513\" \/>\n<meta property=\"og:locale\" content=\"tr_TR\" \/>\n<meta property=\"og:type\" content=\"article\" \/>\n<meta property=\"og:title\" content=\"Ara\u00e7 s\u00fcr\u00fcc\u00fcs\u00fc G\u00f6kmen G\u00fcniken, tutuklanarak mahkemeye \u00e7\u0131kar\u0131ld\u0131 -\" \/>\n<meta property=\"og:description\" content=\"Girne\u2019de Bedrettin Demirel Caddesi\u2019nde bat\u0131dan do\u011fu y\u00f6n\u00fcne giden 20 ya\u015f\u0131ndaki G\u00f6kmen G\u00dcN\u0130KEN y\u00f6netimindeki CS 366 plakal\u0131 ara\u00e7cn direksiyon hakimiyetini kayberek, yolun solundan kald\u0131rma \u00e7\u0131kt\u0131. G\u00fcniken arac\u0131yla, kald\u0131r\u0131mda y\u00fcr\u00fcyen Cihan Y\u00dcKSEL, B\u00fc\u015fra YAVUZ ve Beg\u00fcm D\u00d6\u015eKAYA \u2018ya \u00e7arpt\u0131. Kaza sonucu 22 ya\u015f\u0131ndaki Cihan Y\u00dcKSEL olay yerinde ya\u015fam\u0131n\u0131 yitirdi. Kazada a\u011f\u0131r yaralanan 21 ya\u015f\u0131ndaki B\u00fc\u015fra YAVUZ ile\" \/>\n<meta property=\"og:url\" content=\"https:\/\/kibrisdakik.com\/?p=35513\" \/>\n<meta property=\"article:published_time\" content=\"2024-03-24T14:45:10+00:00\" \/>\n<meta property=\"og:image\" content=\"https:\/\/kibrisdakik.com\/wp-content\/uploads\/2024\/02\/tutuklu-34.webp-740x420.webp\" \/>\n\t<meta property=\"og:image:width\" content=\"1280\" \/>\n\t<meta property=\"og:image:height\" content=\"720\" \/>\n\t<meta property=\"og:image:type\" content=\"image\/webp\" \/>\n<meta name=\"author\" content=\"admin\" \/>\n<meta name=\"twitter:card\" content=\"summary_large_image\" \/>\n<meta name=\"twitter:label1\" content=\"Yazan:\" \/>\n\t<meta name=\"twitter:data1\" content=\"admin\" \/>\n\t<meta name=\"twitter:label2\" content=\"Tahmini okuma s\u00fcresi\" \/>\n\t<meta name=\"twitter:data2\" content=\"1 dakika\" \/>\n<script type=\"application\/ld+json\" class=\"yoast-schema-graph\">{\"@context\":\"https:\\\/\\\/schema.org\",\"@graph\":[{\"@type\":\"Article\",\"@id\":\"https:\\\/\\\/kibrisdakik.com\\\/?p=35513#article\",\"isPartOf\":{\"@id\":\"https:\\\/\\\/kibrisdakik.com\\\/?p=35513\"},\"author\":{\"name\":\"admin\",\"@id\":\"https:\\\/\\\/kibrisdakik.com\\\/#\\\/schema\\\/person\\\/9cd9d437bbb44f72b73ba127e06d8e79\"},\"headline\":\"Ara\u00e7 s\u00fcr\u00fcc\u00fcs\u00fc G\u00f6kmen G\u00fcniken, tutuklanarak mahkemeye \u00e7\u0131kar\u0131ld\u0131\",\"datePublished\":\"2024-03-24T14:45:10+00:00\",\"mainEntityOfPage\":{\"@id\":\"https:\\\/\\\/kibrisdakik.com\\\/?p=35513\"},\"wordCount\":157,\"commentCount\":0,\"image\":{\"@id\":\"https:\\\/\\\/kibrisdakik.com\\\/?p=35513#primaryimage\"},\"thumbnailUrl\":\"https:\\\/\\\/kibrisdakik.com\\\/wp-content\\\/uploads\\\/2024\\\/02\\\/tutuklu-34.webp-740x420.webp\",\"articleSection\":[\"G\u00fcndem\"],\"inLanguage\":\"tr\",\"potentialAction\":[{\"@type\":\"CommentAction\",\"name\":\"Comment\",\"target\":[\"https:\\\/\\\/kibrisdakik.com\\\/?p=35513#respond\"]}]},{\"@type\":\"WebPage\",\"@id\":\"https:\\\/\\\/kibrisdakik.com\\\/?p=35513\",\"url\":\"https:\\\/\\\/kibrisdakik.com\\\/?p=35513\",\"name\":\"Ara\u00e7 s\u00fcr\u00fcc\u00fcs\u00fc G\u00f6kmen G\u00fcniken, tutuklanarak mahkemeye \u00e7\u0131kar\u0131ld\u0131 -\",\"isPartOf\":{\"@id\":\"https:\\\/\\\/kibrisdakik.com\\\/#website\"},\"primaryImageOfPage\":{\"@id\":\"https:\\\/\\\/kibrisdakik.com\\\/?p=35513#primaryimage\"},\"image\":{\"@id\":\"https:\\\/\\\/kibrisdakik.com\\\/?p=35513#primaryimage\"},\"thumbnailUrl\":\"https:\\\/\\\/kibrisdakik.com\\\/wp-content\\\/uploads\\\/2024\\\/02\\\/tutuklu-34.webp-740x420.webp\",\"datePublished\":\"2024-03-24T14:45:10+00:00\",\"author\":{\"@id\":\"https:\\\/\\\/kibrisdakik.com\\\/#\\\/schema\\\/person\\\/9cd9d437bbb44f72b73ba127e06d8e79\"},\"breadcrumb\":{\"@id\":\"https:\\\/\\\/kibrisdakik.com\\\/?p=35513#breadcrumb\"},\"inLanguage\":\"tr\",\"potentialAction\":[{\"@type\":\"ReadAction\",\"target\":[\"https:\\\/\\\/kibrisdakik.com\\\/?p=35513\"]}]},{\"@type\":\"ImageObject\",\"inLanguage\":\"tr\",\"@id\":\"https:\\\/\\\/kibrisdakik.com\\\/?p=35513#primaryimage\",\"url\":\"https:\\\/\\\/kibrisdakik.com\\\/wp-content\\\/uploads\\\/2024\\\/02\\\/tutuklu-34.webp-740x420.webp\",\"contentUrl\":\"https:\\\/\\\/kibrisdakik.com\\\/wp-content\\\/uploads\\\/2024\\\/02\\\/tutuklu-34.webp-740x420.webp\",\"width\":1280,\"height\":720},{\"@type\":\"BreadcrumbList\",\"@id\":\"https:\\\/\\\/kibrisdakik.com\\\/?p=35513#breadcrumb\",\"itemListElement\":[{\"@type\":\"ListItem\",\"position\":1,\"name\":\"Home\",\"item\":\"https:\\\/\\\/kibrisdakik.com\\\/\"},{\"@type\":\"ListItem\",\"position\":2,\"name\":\"Ara\u00e7 s\u00fcr\u00fcc\u00fcs\u00fc G\u00f6kmen G\u00fcniken, tutuklanarak mahkemeye \u00e7\u0131kar\u0131ld\u0131\"}]},{\"@type\":\"WebSite\",\"@id\":\"https:\\\/\\\/kibrisdakik.com\\\/#website\",\"url\":\"https:\\\/\\\/kibrisdakik.com\\\/\",\"name\":\"\",\"description\":\"Tam vaktinde haber\",\"potentialAction\":[{\"@type\":\"SearchAction\",\"target\":{\"@type\":\"EntryPoint\",\"urlTemplate\":\"https:\\\/\\\/kibrisdakik.com\\\/?s={search_term_string}\"},\"query-input\":{\"@type\":\"PropertyValueSpecification\",\"valueRequired\":true,\"valueName\":\"search_term_string\"}}],\"inLanguage\":\"tr\"},{\"@type\":\"Person\",\"@id\":\"https:\\\/\\\/kibrisdakik.com\\\/#\\\/schema\\\/person\\\/9cd9d437bbb44f72b73ba127e06d8e79\",\"name\":\"admin\",\"image\":{\"@type\":\"ImageObject\",\"inLanguage\":\"tr\",\"@id\":\"https:\\\/\\\/secure.gravatar.com\\\/avatar\\\/ccc17943b9d660506c869530f897617f7cb1c21a4bf30023f252596d83e1f007?s=96&d=mm&r=g\",\"url\":\"https:\\\/\\\/secure.gravatar.com\\\/avatar\\\/ccc17943b9d660506c869530f897617f7cb1c21a4bf30023f252596d83e1f007?s=96&d=mm&r=g\",\"contentUrl\":\"https:\\\/\\\/secure.gravatar.com\\\/avatar\\\/ccc17943b9d660506c869530f897617f7cb1c21a4bf30023f252596d83e1f007?s=96&d=mm&r=g\",\"caption\":\"admin\"},\"sameAs\":[\"https:\\\/\\\/kibrisdakik.com\"],\"url\":\"https:\\\/\\\/kibrisdakik.com\\\/?author=1\"}]}<\/script>\n<!-- \/ Yoast SEO plugin. -->","yoast_head_json":{"title":"Ara\u00e7 s\u00fcr\u00fcc\u00fcs\u00fc G\u00f6kmen G\u00fcniken, tutuklanarak mahkemeye \u00e7\u0131kar\u0131ld\u0131 -","robots":{"index":"index","follow":"follow","max-snippet":"max-snippet:-1","max-image-preview":"max-image-preview:large","max-video-preview":"max-video-preview:-1"},"canonical":"https:\/\/kibrisdakik.com\/?p=35513","og_locale":"tr_TR","og_type":"article","og_title":"Ara\u00e7 s\u00fcr\u00fcc\u00fcs\u00fc G\u00f6kmen G\u00fcniken, tutuklanarak mahkemeye \u00e7\u0131kar\u0131ld\u0131 -","og_description":"Girne\u2019de Bedrettin Demirel Caddesi\u2019nde bat\u0131dan do\u011fu y\u00f6n\u00fcne giden 20 ya\u015f\u0131ndaki G\u00f6kmen G\u00dcN\u0130KEN y\u00f6netimindeki CS 366 plakal\u0131 ara\u00e7cn direksiyon hakimiyetini kayberek, yolun solundan kald\u0131rma \u00e7\u0131kt\u0131. G\u00fcniken arac\u0131yla, kald\u0131r\u0131mda y\u00fcr\u00fcyen Cihan Y\u00dcKSEL, B\u00fc\u015fra YAVUZ ve Beg\u00fcm D\u00d6\u015eKAYA \u2018ya \u00e7arpt\u0131. Kaza sonucu 22 ya\u015f\u0131ndaki Cihan Y\u00dcKSEL olay yerinde ya\u015fam\u0131n\u0131 yitirdi. Kazada a\u011f\u0131r yaralanan 21 ya\u015f\u0131ndaki B\u00fc\u015fra YAVUZ ile","og_url":"https:\/\/kibrisdakik.com\/?p=35513","article_published_time":"2024-03-24T14:45:10+00:00","og_image":[{"width":1280,"height":720,"url":"https:\/\/kibrisdakik.com\/wp-content\/uploads\/2024\/02\/tutuklu-34.webp-740x420.webp","type":"image\/webp"}],"author":"admin","twitter_card":"summary_large_image","twitter_misc":{"Yazan:":"admin","Tahmini okuma s\u00fcresi":"1 dakika"},"schema":{"@context":"https:\/\/schema.org","@graph":[{"@type":"Article","@id":"https:\/\/kibrisdakik.com\/?p=35513#article","isPartOf":{"@id":"https:\/\/kibrisdakik.com\/?p=35513"},"author":{"name":"admin","@id":"https:\/\/kibrisdakik.com\/#\/schema\/person\/9cd9d437bbb44f72b73ba127e06d8e79"},"headline":"Ara\u00e7 s\u00fcr\u00fcc\u00fcs\u00fc G\u00f6kmen G\u00fcniken, tutuklanarak mahkemeye \u00e7\u0131kar\u0131ld\u0131","datePublished":"2024-03-24T14:45:10+00:00","mainEntityOfPage":{"@id":"https:\/\/kibrisdakik.com\/?p=35513"},"wordCount":157,"commentCount":0,"image":{"@id":"https:\/\/kibrisdakik.com\/?p=35513#primaryimage"},"thumbnailUrl":"https:\/\/kibrisdakik.com\/wp-content\/uploads\/2024\/02\/tutuklu-34.webp-740x420.webp","articleSection":["G\u00fcndem"],"inLanguage":"tr","potentialAction":[{"@type":"CommentAction","name":"Comment","target":["https:\/\/kibrisdakik.com\/?p=35513#respond"]}]},{"@type":"WebPage","@id":"https:\/\/kibrisdakik.com\/?p=35513","url":"https:\/\/kibrisdakik.com\/?p=35513","name":"Ara\u00e7 s\u00fcr\u00fcc\u00fcs\u00fc G\u00f6kmen G\u00fcniken, tutuklanarak mahkemeye \u00e7\u0131kar\u0131ld\u0131 -","isPartOf":{"@id":"https:\/\/kibrisdakik.com\/#website"},"primaryImageOfPage":{"@id":"https:\/\/kibrisdakik.com\/?p=35513#primaryimage"},"image":{"@id":"https:\/\/kibrisdakik.com\/?p=35513#primaryimage"},"thumbnailUrl":"https:\/\/kibrisdakik.com\/wp-content\/uploads\/2024\/02\/tutuklu-34.webp-740x420.webp","datePublished":"2024-03-24T14:45:10+00:00","author":{"@id":"https:\/\/kibrisdakik.com\/#\/schema\/person\/9cd9d437bbb44f72b73ba127e06d8e79"},"breadcrumb":{"@id":"https:\/\/kibrisdakik.com\/?p=35513#breadcrumb"},"inLanguage":"tr","potentialAction":[{"@type":"ReadAction","target":["https:\/\/kibrisdakik.com\/?p=35513"]}]},{"@type":"ImageObject","inLanguage":"tr","@id":"https:\/\/kibrisdakik.com\/?p=35513#primaryimage","url":"https:\/\/kibrisdakik.com\/wp-content\/uploads\/2024\/02\/tutuklu-34.webp-740x420.webp","contentUrl":"https:\/\/kibrisdakik.com\/wp-content\/uploads\/2024\/02\/tutuklu-34.webp-740x420.webp","width":1280,"height":720},{"@type":"BreadcrumbList","@id":"https:\/\/kibrisdakik.com\/?p=35513#breadcrumb","itemListElement":[{"@type":"ListItem","position":1,"name":"Home","item":"https:\/\/kibrisdakik.com\/"},{"@type":"ListItem","position":2,"name":"Ara\u00e7 s\u00fcr\u00fcc\u00fcs\u00fc G\u00f6kmen G\u00fcniken, tutuklanarak mahkemeye \u00e7\u0131kar\u0131ld\u0131"}]},{"@type":"WebSite","@id":"https:\/\/kibrisdakik.com\/#website","url":"https:\/\/kibrisdakik.com\/","name":"","description":"Tam vaktinde haber","potentialAction":[{"@type":"SearchAction","target":{"@type":"EntryPoint","urlTemplate":"https:\/\/kibrisdakik.com\/?s={search_term_string}"},"query-input":{"@type":"PropertyValueSpecification","valueRequired":true,"valueName":"search_term_string"}}],"inLanguage":"tr"},{"@type":"Person","@id":"https:\/\/kibrisdakik.com\/#\/schema\/person\/9cd9d437bbb44f72b73ba127e06d8e79","name":"admin","image":{"@type":"ImageObject","inLanguage":"tr","@id":"https:\/\/secure.gravatar.com\/avatar\/ccc17943b9d660506c869530f897617f7cb1c21a4bf30023f252596d83e1f007?s=96&d=mm&r=g","url":"https:\/\/secure.gravatar.com\/avatar\/ccc17943b9d660506c869530f897617f7cb1c21a4bf30023f252596d83e1f007?s=96&d=mm&r=g","contentUrl":"https:\/\/secure.gravatar.com\/avatar\/ccc17943b9d660506c869530f897617f7cb1c21a4bf30023f252596d83e1f007?s=96&d=mm&r=g","caption":"admin"},"sameAs":["https:\/\/kibrisdakik.com"],"url":"https:\/\/kibrisdakik.com\/?author=1"}]}},"_links":{"self":[{"href":"https:\/\/kibrisdakik.com\/index.php?rest_route=\/wp\/v2\/posts\/35513","targetHints":{"allow":["GET"]}}],"collection":[{"href":"https:\/\/kibrisdakik.com\/index.php?rest_route=\/wp\/v2\/posts"}],"about":[{"href":"https:\/\/kibrisdakik.com\/index.php?rest_route=\/wp\/v2\/types\/post"}],"author":[{"embeddable":true,"href":"https:\/\/kibrisdakik.com\/index.php?rest_route=\/wp\/v2\/users\/1"}],"replies":[{"embeddable":true,"href":"https:\/\/kibrisdakik.com\/index.php?rest_route=%2Fwp%2Fv2%2Fcomments&post=35513"}],"version-history":[{"count":0,"href":"https:\/\/kibrisdakik.com\/index.php?rest_route=\/wp\/v2\/posts\/35513\/revisions"}],"wp:featuredmedia":[{"embeddable":true,"href":"https:\/\/kibrisdakik.com\/index.php?rest_route=\/wp\/v2\/media\/31526"}],"wp:attachment":[{"href":"https:\/\/kibrisdakik.com\/index.php?rest_route=%2Fwp%2Fv2%2Fmedia&parent=35513"}],"wp:term":[{"taxonomy":"category","embeddable":true,"href":"https:\/\/kibrisdakik.com\/index.php?rest_route=%2Fwp%2Fv2%2Fcategories&post=35513"},{"taxonomy":"post_tag","embeddable":true,"href":"https:\/\/kibrisdakik.com\/index.php?rest_route=%2Fwp%2Fv2%2Ftags&post=35513"}],"curies":[{"name":"wp","href":"https:\/\/api.w.org\/{rel}","templated":true}]}}