{"id":35552,"date":"2024-03-24T20:41:48","date_gmt":"2024-03-24T20:41:48","guid":{"rendered":"https:\/\/kibrisdakik.com\/index.php\/2024\/03\/24\/cumhurbaskani-tatar-yodak-baskanligina-prof-dr-aykut-hocanini-atadi\/"},"modified":"2024-03-24T20:41:48","modified_gmt":"2024-03-24T20:41:48","slug":"cumhurbaskani-tatar-yodak-baskanligina-prof-dr-aykut-hocanini-atadi","status":"publish","type":"post","link":"https:\/\/kibrisdakik.com\/?p=35552","title":{"rendered":"Cumhurba\u015fkan\u0131 Tatar, Y\u00d6DAK Ba\u015fkanl\u0131\u011f\u0131na Prof.Dr. Aykut Hocan\u0131n\u2019\u0131 atad\u0131"},"content":{"rendered":"<p><img decoding=\"async\" src=\"https:\/\/www.kibristurk.com\/images\/haberler\/2024\/03\/cumhurbaskani-tatar-yodak-baskanligina-profdr-aykut-hocanini-atadi-1711311187.webp\" \/><\/p>\n<p><span style=\"font-size:12pt\"><span style=\"font-family:Calibri,sans-serif\">&nbsp;Tatar, Hocan\u0131n&#8217;a g\u00f6revi bu ak\u015fam Cumhurba\u015fkanl\u0131\u011f\u0131\u2019nda tebli\u011f etti.<\/span><\/span><\/p>\n<p>&nbsp;<\/p>\n<p><span style=\"font-size:12pt\"><span style=\"font-family:Calibri,sans-serif\">Cumhurba\u015fkan\u0131 Ersin Tatar, Kuzey K\u0131br\u0131s T\u00fcrk Cumhuriyeti (KKTC) Y\u00fcksek\u00f6\u011fretim Yasas\u0131\u2019n\u0131n 8\u2019inci maddesinin verdi\u011fi yetkiye istinaden bug\u00fcnden itibaren, 4 y\u0131ll\u0131k bir s\u00fcre i\u00e7in Y\u00d6DAK Ba\u015fkan\u0131 olarak Prof.Dr. Aykut Hocan\u0131n\u2019\u0131 atad\u0131\u011f\u0131n\u0131 bildirdi.<\/span><\/span><\/p>\n<p>&nbsp;<\/p>\n<p><span style=\"font-size:12pt\"><span style=\"font-family:Calibri,sans-serif\">Prof. Dr. Aykut Hocan\u0131n\u2019a g\u00f6revinde ba\u015far\u0131lar dileyen Cumhurba\u015fkan\u0131 Ersin Tatar, ya\u015fanan son s\u00fcre\u00e7te bo\u015falan Y\u00d6DAK Ba\u015fkanl\u0131\u011f\u0131na yap\u0131lan yeni ataman\u0131n ard\u0131ndan y\u00fcksek\u00f6\u011fretimin etkin bir \u015fekilde yeniden yap\u0131lanabilmesinin en b\u00fcy\u00fck dile\u011fi oldu\u011funu vurgulad\u0131.<\/span><\/span><\/p>\n<p>&nbsp;<\/p>\n<p><span style=\"font-size:12pt\"><span style=\"font-family:Calibri,sans-serif\">Ba\u015fbakan ile yap\u0131lan isti\u015farelerde, h\u00fck\u00fcmetle i\u015fbirli\u011fi i\u00e7inde baz\u0131 yasal de\u011fi\u015fikliklerin de g\u00fcndemde oldu\u011funu kaydeden Cumhurba\u015fkan\u0131 Ersin Tatar, akreditasyon ve y\u00f6neticilik konular\u0131nda gerek ulusal, gerekse uluslararas\u0131 deneyime sahip olan Prof. Dr. Aykut Hocan\u0131n\u2019\u0131n bu s\u00fcrece b\u00fcy\u00fck katk\u0131 koyaca\u011f\u0131na inand\u0131\u011f\u0131n\u0131 belirtti.<\/span><\/span><\/p>\n<p>&nbsp;<\/p>\n<p><span style=\"font-size:12pt\"><span style=\"font-family:Calibri,sans-serif\">T\u00fcrk h\u00fck\u00fcmetinin ve Y\u00d6K\u2019\u00fcn de bu s\u00fcre\u00e7te yap\u0131lacak \u00e7al\u0131\u015fmalara ihtiya\u00e7 duyulan deste\u011fi verece\u011fini s\u00f6yleyen Cumhurba\u015fkan\u0131 Ersin Tatar, Prof.Dr. Aykut Hocan\u0131n ba\u015fkanl\u0131\u011f\u0131ndaki Y\u00d6DAK\u2019a da b\u00fcy\u00fck sorumluluk d\u00fc\u015fece\u011fini kaydetti.<\/span><\/span><\/p>\n<p>&nbsp;<\/p>\n<p><span style=\"font-size:12pt\"><span style=\"font-family:Calibri,sans-serif\">Y\u00fcksek\u00f6\u011fretimde KKTC\u2019nin b\u00fcy\u00fck bir tecr\u00fcbeye sahip oldu\u011funu, \u00fcniversitelerden y\u00fczbinlerce mezun verildi\u011fini ifade eden Cumhurba\u015fkan\u0131 Ersin Tatar, son haftalarda ya\u015fanan olumsuzluklar\u0131n, bu tecr\u00fcbenin daha g\u00fc\u00e7l\u00fc bir yap\u0131ya d\u00f6n\u00fc\u015ft\u00fcr\u00fclmesi i\u00e7in vesile olmas\u0131 gerekti\u011fini, bir seferberlik i\u00e7inde bunun ba\u015far\u0131laca\u011f\u0131n\u0131 aktard\u0131.<\/span><\/span><\/p>\n<p>&nbsp;<\/p>\n<p><span style=\"font-size:12pt\"><span style=\"font-family:Calibri,sans-serif\">Cumhurba\u015fkan\u0131 Tatar, ya\u015fanmakta olan olumsuz olaylar\u0131n ve iddialar\u0131n da yak\u0131n takip\u00e7isi olacaklar\u0131n\u0131 bildirdi.<\/span><\/span><\/p>\n<p>&nbsp;<\/p>\n<p><span style=\"font-size:12pt\"><span style=\"font-family:Calibri,sans-serif\">Nisan 2021&#8217;de Y\u00d6DAK ba\u015fkanl\u0131\u011f\u0131na atanan Turgay Avc\u0131, hakk\u0131nda ba\u015flat\u0131lan hukuki s\u00fcre\u00e7 nedeniyle g\u00f6revinden istifa etmi\u015fti.<\/span><\/span><\/p>\n<p>&nbsp;<\/p>\n<p>&nbsp;<\/p>\n<p><span style=\"font-size:12pt\"><span style=\"font-family:Calibri,sans-serif\">&#8211;&nbsp;&nbsp;&nbsp;&nbsp;&nbsp; &#8211; Aykut Hocan\u0131n kimdir?<\/span><\/span><\/p>\n<p>&nbsp;<\/p>\n<p><span style=\"font-size:12pt\"><span style=\"font-family:Calibri,sans-serif\">1988 y\u0131l\u0131nda Lefko\u015fa T\u00fcrk Maarif Koleji\u2019nden mezun olan Prof. Dr. Aykut Hocan\u0131n, ayn\u0131 y\u0131l ABD\u2019nin Texas eyaletindeki Rice University\u2019de burslu olarak e\u011fitim g\u00f6rmeye ba\u015flad\u0131 ve 1992\u2019de Elektrik ve Bilgisayar M\u00fchendisi olarak mezun oldu.<\/span><\/span><\/p>\n<p>&nbsp;<\/p>\n<p><span style=\"font-size:12pt\"><span style=\"font-family:Calibri,sans-serif\">Aykut Hocan\u0131n, y\u00fcksek lisans \u00e7al\u0131\u015fmas\u0131n\u0131 ABD&#8217;de, doktora \u00e7al\u0131\u015fmas\u0131n\u0131 ise Bo\u011fazi\u00e7i \u00dcniversitesi\u2019nde yapt\u0131. Hocan\u0131n, 2003&#8217;te \u00e7al\u0131\u015fmaya ba\u015flad\u0131\u011f\u0131 DA\u00dc&#8217;de 2007&#8217;de Elektrik ve Elektronik M\u00fchendisli\u011fi B\u00f6l\u00fcm Ba\u015fkanl\u0131\u011f\u0131na, 2014\u2019te ise DA\u00dc M\u00fchendislik Fak\u00fcltesi Dekanl\u0131\u011f\u0131na getirildi.<\/span><\/span><\/p>\n<p>&nbsp;<\/p>\n<p><span style=\"font-size:12pt\"><span style=\"font-family:Calibri,sans-serif\">Ulusal ve uluslararas\u0131 alanda bir\u00e7ok \u00fcniversitenin akreditasyon s\u00fcre\u00e7lerinde yer alan Prof.Dr.Hocan\u0131n 2020-23 y\u0131llar\u0131 aras\u0131nda DA\u00dc rekt\u00f6rl\u00fc\u011f\u00fc g\u00f6revinde bulundu.<\/span><\/span><\/p>\n","protected":false},"excerpt":{"rendered":"<p>&nbsp;Tatar, Hocan\u0131n&#8217;a g\u00f6revi bu ak\u015fam Cumhurba\u015fkanl\u0131\u011f\u0131\u2019nda tebli\u011f etti. &nbsp; Cumhurba\u015fkan\u0131 Ersin Tatar, Kuzey K\u0131br\u0131s T\u00fcrk Cumhuriyeti (KKTC) Y\u00fcksek\u00f6\u011fretim Yasas\u0131\u2019n\u0131n 8\u2019inci maddesinin verdi\u011fi yetkiye istinaden bug\u00fcnden itibaren, 4 y\u0131ll\u0131k bir s\u00fcre i\u00e7in Y\u00d6DAK Ba\u015fkan\u0131 olarak Prof.Dr. Aykut Hocan\u0131n\u2019\u0131 atad\u0131\u011f\u0131n\u0131 bildirdi. &nbsp; Prof. Dr. Aykut Hocan\u0131n\u2019a g\u00f6revinde ba\u015far\u0131lar dileyen Cumhurba\u015fkan\u0131 Ersin Tatar, ya\u015fanan son s\u00fcre\u00e7te bo\u015falan Y\u00d6DAK<\/p>\n","protected":false},"author":1,"featured_media":35553,"comment_status":"open","ping_status":"open","sticky":false,"template":"","format":"standard","meta":{"footnotes":""},"categories":[85],"tags":[],"class_list":["post-35552","post","type-post","status-publish","format-standard","has-post-thumbnail","hentry","category-spor"],"yoast_head":"<!-- This site is optimized with the Yoast SEO plugin v27.5 - https:\/\/yoast.com\/product\/yoast-seo-wordpress\/ -->\n<title>Cumhurba\u015fkan\u0131 Tatar, Y\u00d6DAK Ba\u015fkanl\u0131\u011f\u0131na Prof.Dr. Aykut Hocan\u0131n\u2019\u0131 atad\u0131 -<\/title>\n<meta name=\"robots\" content=\"index, follow, max-snippet:-1, max-image-preview:large, max-video-preview:-1\" \/>\n<link rel=\"canonical\" href=\"https:\/\/kibrisdakik.com\/?p=35552\" \/>\n<meta property=\"og:locale\" content=\"tr_TR\" \/>\n<meta property=\"og:type\" content=\"article\" \/>\n<meta property=\"og:title\" content=\"Cumhurba\u015fkan\u0131 Tatar, Y\u00d6DAK Ba\u015fkanl\u0131\u011f\u0131na Prof.Dr. Aykut Hocan\u0131n\u2019\u0131 atad\u0131 -\" \/>\n<meta property=\"og:description\" content=\"&nbsp;Tatar, Hocan\u0131n&#8217;a g\u00f6revi bu ak\u015fam Cumhurba\u015fkanl\u0131\u011f\u0131\u2019nda tebli\u011f etti. &nbsp; Cumhurba\u015fkan\u0131 Ersin Tatar, Kuzey K\u0131br\u0131s T\u00fcrk Cumhuriyeti (KKTC) Y\u00fcksek\u00f6\u011fretim Yasas\u0131\u2019n\u0131n 8\u2019inci maddesinin verdi\u011fi yetkiye istinaden bug\u00fcnden itibaren, 4 y\u0131ll\u0131k bir s\u00fcre i\u00e7in Y\u00d6DAK Ba\u015fkan\u0131 olarak Prof.Dr. Aykut Hocan\u0131n\u2019\u0131 atad\u0131\u011f\u0131n\u0131 bildirdi. &nbsp; Prof. Dr. Aykut Hocan\u0131n\u2019a g\u00f6revinde ba\u015far\u0131lar dileyen Cumhurba\u015fkan\u0131 Ersin Tatar, ya\u015fanan son s\u00fcre\u00e7te bo\u015falan Y\u00d6DAK\" \/>\n<meta property=\"og:url\" content=\"https:\/\/kibrisdakik.com\/?p=35552\" \/>\n<meta property=\"article:published_time\" content=\"2024-03-24T20:41:48+00:00\" \/>\n<meta property=\"og:image\" content=\"https:\/\/kibrisdakik.com\/wp-content\/uploads\/2024\/03\/cumhurbaskani-tatar-yodak-baskanligina-profdr-aykut-hocanini-atadi-1711311187.webp.webp\" \/>\n\t<meta property=\"og:image:width\" content=\"710\" \/>\n\t<meta property=\"og:image:height\" content=\"370\" \/>\n\t<meta property=\"og:image:type\" content=\"image\/webp\" \/>\n<meta name=\"author\" content=\"admin\" \/>\n<meta name=\"twitter:card\" content=\"summary_large_image\" \/>\n<meta name=\"twitter:label1\" content=\"Yazan:\" \/>\n\t<meta name=\"twitter:data1\" content=\"admin\" \/>\n\t<meta name=\"twitter:label2\" content=\"Tahmini okuma s\u00fcresi\" \/>\n\t<meta name=\"twitter:data2\" content=\"2 dakika\" \/>\n<script type=\"application\/ld+json\" class=\"yoast-schema-graph\">{\"@context\":\"https:\\\/\\\/schema.org\",\"@graph\":[{\"@type\":\"Article\",\"@id\":\"https:\\\/\\\/kibrisdakik.com\\\/?p=35552#article\",\"isPartOf\":{\"@id\":\"https:\\\/\\\/kibrisdakik.com\\\/?p=35552\"},\"author\":{\"name\":\"admin\",\"@id\":\"https:\\\/\\\/kibrisdakik.com\\\/#\\\/schema\\\/person\\\/9cd9d437bbb44f72b73ba127e06d8e79\"},\"headline\":\"Cumhurba\u015fkan\u0131 Tatar, Y\u00d6DAK Ba\u015fkanl\u0131\u011f\u0131na Prof.Dr. Aykut Hocan\u0131n\u2019\u0131 atad\u0131\",\"datePublished\":\"2024-03-24T20:41:48+00:00\",\"mainEntityOfPage\":{\"@id\":\"https:\\\/\\\/kibrisdakik.com\\\/?p=35552\"},\"wordCount\":496,\"commentCount\":0,\"image\":{\"@id\":\"https:\\\/\\\/kibrisdakik.com\\\/?p=35552#primaryimage\"},\"thumbnailUrl\":\"https:\\\/\\\/kibrisdakik.com\\\/wp-content\\\/uploads\\\/2024\\\/03\\\/cumhurbaskani-tatar-yodak-baskanligina-profdr-aykut-hocanini-atadi-1711311187.webp.webp\",\"articleSection\":[\"Spor\"],\"inLanguage\":\"tr\",\"potentialAction\":[{\"@type\":\"CommentAction\",\"name\":\"Comment\",\"target\":[\"https:\\\/\\\/kibrisdakik.com\\\/?p=35552#respond\"]}]},{\"@type\":\"WebPage\",\"@id\":\"https:\\\/\\\/kibrisdakik.com\\\/?p=35552\",\"url\":\"https:\\\/\\\/kibrisdakik.com\\\/?p=35552\",\"name\":\"Cumhurba\u015fkan\u0131 Tatar, Y\u00d6DAK Ba\u015fkanl\u0131\u011f\u0131na Prof.Dr. Aykut Hocan\u0131n\u2019\u0131 atad\u0131 -\",\"isPartOf\":{\"@id\":\"https:\\\/\\\/kibrisdakik.com\\\/#website\"},\"primaryImageOfPage\":{\"@id\":\"https:\\\/\\\/kibrisdakik.com\\\/?p=35552#primaryimage\"},\"image\":{\"@id\":\"https:\\\/\\\/kibrisdakik.com\\\/?p=35552#primaryimage\"},\"thumbnailUrl\":\"https:\\\/\\\/kibrisdakik.com\\\/wp-content\\\/uploads\\\/2024\\\/03\\\/cumhurbaskani-tatar-yodak-baskanligina-profdr-aykut-hocanini-atadi-1711311187.webp.webp\",\"datePublished\":\"2024-03-24T20:41:48+00:00\",\"author\":{\"@id\":\"https:\\\/\\\/kibrisdakik.com\\\/#\\\/schema\\\/person\\\/9cd9d437bbb44f72b73ba127e06d8e79\"},\"breadcrumb\":{\"@id\":\"https:\\\/\\\/kibrisdakik.com\\\/?p=35552#breadcrumb\"},\"inLanguage\":\"tr\",\"potentialAction\":[{\"@type\":\"ReadAction\",\"target\":[\"https:\\\/\\\/kibrisdakik.com\\\/?p=35552\"]}]},{\"@type\":\"ImageObject\",\"inLanguage\":\"tr\",\"@id\":\"https:\\\/\\\/kibrisdakik.com\\\/?p=35552#primaryimage\",\"url\":\"https:\\\/\\\/kibrisdakik.com\\\/wp-content\\\/uploads\\\/2024\\\/03\\\/cumhurbaskani-tatar-yodak-baskanligina-profdr-aykut-hocanini-atadi-1711311187.webp.webp\",\"contentUrl\":\"https:\\\/\\\/kibrisdakik.com\\\/wp-content\\\/uploads\\\/2024\\\/03\\\/cumhurbaskani-tatar-yodak-baskanligina-profdr-aykut-hocanini-atadi-1711311187.webp.webp\",\"width\":710,\"height\":370},{\"@type\":\"BreadcrumbList\",\"@id\":\"https:\\\/\\\/kibrisdakik.com\\\/?p=35552#breadcrumb\",\"itemListElement\":[{\"@type\":\"ListItem\",\"position\":1,\"name\":\"Home\",\"item\":\"https:\\\/\\\/kibrisdakik.com\\\/\"},{\"@type\":\"ListItem\",\"position\":2,\"name\":\"Cumhurba\u015fkan\u0131 Tatar, Y\u00d6DAK Ba\u015fkanl\u0131\u011f\u0131na Prof.Dr. Aykut Hocan\u0131n\u2019\u0131 atad\u0131\"}]},{\"@type\":\"WebSite\",\"@id\":\"https:\\\/\\\/kibrisdakik.com\\\/#website\",\"url\":\"https:\\\/\\\/kibrisdakik.com\\\/\",\"name\":\"\",\"description\":\"Tam vaktinde haber\",\"potentialAction\":[{\"@type\":\"SearchAction\",\"target\":{\"@type\":\"EntryPoint\",\"urlTemplate\":\"https:\\\/\\\/kibrisdakik.com\\\/?s={search_term_string}\"},\"query-input\":{\"@type\":\"PropertyValueSpecification\",\"valueRequired\":true,\"valueName\":\"search_term_string\"}}],\"inLanguage\":\"tr\"},{\"@type\":\"Person\",\"@id\":\"https:\\\/\\\/kibrisdakik.com\\\/#\\\/schema\\\/person\\\/9cd9d437bbb44f72b73ba127e06d8e79\",\"name\":\"admin\",\"image\":{\"@type\":\"ImageObject\",\"inLanguage\":\"tr\",\"@id\":\"https:\\\/\\\/secure.gravatar.com\\\/avatar\\\/ccc17943b9d660506c869530f897617f7cb1c21a4bf30023f252596d83e1f007?s=96&d=mm&r=g\",\"url\":\"https:\\\/\\\/secure.gravatar.com\\\/avatar\\\/ccc17943b9d660506c869530f897617f7cb1c21a4bf30023f252596d83e1f007?s=96&d=mm&r=g\",\"contentUrl\":\"https:\\\/\\\/secure.gravatar.com\\\/avatar\\\/ccc17943b9d660506c869530f897617f7cb1c21a4bf30023f252596d83e1f007?s=96&d=mm&r=g\",\"caption\":\"admin\"},\"sameAs\":[\"https:\\\/\\\/kibrisdakik.com\"],\"url\":\"https:\\\/\\\/kibrisdakik.com\\\/?author=1\"}]}<\/script>\n<!-- \/ Yoast SEO plugin. -->","yoast_head_json":{"title":"Cumhurba\u015fkan\u0131 Tatar, Y\u00d6DAK Ba\u015fkanl\u0131\u011f\u0131na Prof.Dr. Aykut Hocan\u0131n\u2019\u0131 atad\u0131 -","robots":{"index":"index","follow":"follow","max-snippet":"max-snippet:-1","max-image-preview":"max-image-preview:large","max-video-preview":"max-video-preview:-1"},"canonical":"https:\/\/kibrisdakik.com\/?p=35552","og_locale":"tr_TR","og_type":"article","og_title":"Cumhurba\u015fkan\u0131 Tatar, Y\u00d6DAK Ba\u015fkanl\u0131\u011f\u0131na Prof.Dr. Aykut Hocan\u0131n\u2019\u0131 atad\u0131 -","og_description":"&nbsp;Tatar, Hocan\u0131n&#8217;a g\u00f6revi bu ak\u015fam Cumhurba\u015fkanl\u0131\u011f\u0131\u2019nda tebli\u011f etti. &nbsp; Cumhurba\u015fkan\u0131 Ersin Tatar, Kuzey K\u0131br\u0131s T\u00fcrk Cumhuriyeti (KKTC) Y\u00fcksek\u00f6\u011fretim Yasas\u0131\u2019n\u0131n 8\u2019inci maddesinin verdi\u011fi yetkiye istinaden bug\u00fcnden itibaren, 4 y\u0131ll\u0131k bir s\u00fcre i\u00e7in Y\u00d6DAK Ba\u015fkan\u0131 olarak Prof.Dr. Aykut Hocan\u0131n\u2019\u0131 atad\u0131\u011f\u0131n\u0131 bildirdi. &nbsp; Prof. Dr. Aykut Hocan\u0131n\u2019a g\u00f6revinde ba\u015far\u0131lar dileyen Cumhurba\u015fkan\u0131 Ersin Tatar, ya\u015fanan son s\u00fcre\u00e7te bo\u015falan Y\u00d6DAK","og_url":"https:\/\/kibrisdakik.com\/?p=35552","article_published_time":"2024-03-24T20:41:48+00:00","og_image":[{"width":710,"height":370,"url":"https:\/\/kibrisdakik.com\/wp-content\/uploads\/2024\/03\/cumhurbaskani-tatar-yodak-baskanligina-profdr-aykut-hocanini-atadi-1711311187.webp.webp","type":"image\/webp"}],"author":"admin","twitter_card":"summary_large_image","twitter_misc":{"Yazan:":"admin","Tahmini okuma s\u00fcresi":"2 dakika"},"schema":{"@context":"https:\/\/schema.org","@graph":[{"@type":"Article","@id":"https:\/\/kibrisdakik.com\/?p=35552#article","isPartOf":{"@id":"https:\/\/kibrisdakik.com\/?p=35552"},"author":{"name":"admin","@id":"https:\/\/kibrisdakik.com\/#\/schema\/person\/9cd9d437bbb44f72b73ba127e06d8e79"},"headline":"Cumhurba\u015fkan\u0131 Tatar, Y\u00d6DAK Ba\u015fkanl\u0131\u011f\u0131na Prof.Dr. Aykut Hocan\u0131n\u2019\u0131 atad\u0131","datePublished":"2024-03-24T20:41:48+00:00","mainEntityOfPage":{"@id":"https:\/\/kibrisdakik.com\/?p=35552"},"wordCount":496,"commentCount":0,"image":{"@id":"https:\/\/kibrisdakik.com\/?p=35552#primaryimage"},"thumbnailUrl":"https:\/\/kibrisdakik.com\/wp-content\/uploads\/2024\/03\/cumhurbaskani-tatar-yodak-baskanligina-profdr-aykut-hocanini-atadi-1711311187.webp.webp","articleSection":["Spor"],"inLanguage":"tr","potentialAction":[{"@type":"CommentAction","name":"Comment","target":["https:\/\/kibrisdakik.com\/?p=35552#respond"]}]},{"@type":"WebPage","@id":"https:\/\/kibrisdakik.com\/?p=35552","url":"https:\/\/kibrisdakik.com\/?p=35552","name":"Cumhurba\u015fkan\u0131 Tatar, Y\u00d6DAK Ba\u015fkanl\u0131\u011f\u0131na Prof.Dr. Aykut Hocan\u0131n\u2019\u0131 atad\u0131 -","isPartOf":{"@id":"https:\/\/kibrisdakik.com\/#website"},"primaryImageOfPage":{"@id":"https:\/\/kibrisdakik.com\/?p=35552#primaryimage"},"image":{"@id":"https:\/\/kibrisdakik.com\/?p=35552#primaryimage"},"thumbnailUrl":"https:\/\/kibrisdakik.com\/wp-content\/uploads\/2024\/03\/cumhurbaskani-tatar-yodak-baskanligina-profdr-aykut-hocanini-atadi-1711311187.webp.webp","datePublished":"2024-03-24T20:41:48+00:00","author":{"@id":"https:\/\/kibrisdakik.com\/#\/schema\/person\/9cd9d437bbb44f72b73ba127e06d8e79"},"breadcrumb":{"@id":"https:\/\/kibrisdakik.com\/?p=35552#breadcrumb"},"inLanguage":"tr","potentialAction":[{"@type":"ReadAction","target":["https:\/\/kibrisdakik.com\/?p=35552"]}]},{"@type":"ImageObject","inLanguage":"tr","@id":"https:\/\/kibrisdakik.com\/?p=35552#primaryimage","url":"https:\/\/kibrisdakik.com\/wp-content\/uploads\/2024\/03\/cumhurbaskani-tatar-yodak-baskanligina-profdr-aykut-hocanini-atadi-1711311187.webp.webp","contentUrl":"https:\/\/kibrisdakik.com\/wp-content\/uploads\/2024\/03\/cumhurbaskani-tatar-yodak-baskanligina-profdr-aykut-hocanini-atadi-1711311187.webp.webp","width":710,"height":370},{"@type":"BreadcrumbList","@id":"https:\/\/kibrisdakik.com\/?p=35552#breadcrumb","itemListElement":[{"@type":"ListItem","position":1,"name":"Home","item":"https:\/\/kibrisdakik.com\/"},{"@type":"ListItem","position":2,"name":"Cumhurba\u015fkan\u0131 Tatar, Y\u00d6DAK Ba\u015fkanl\u0131\u011f\u0131na Prof.Dr. Aykut Hocan\u0131n\u2019\u0131 atad\u0131"}]},{"@type":"WebSite","@id":"https:\/\/kibrisdakik.com\/#website","url":"https:\/\/kibrisdakik.com\/","name":"","description":"Tam vaktinde haber","potentialAction":[{"@type":"SearchAction","target":{"@type":"EntryPoint","urlTemplate":"https:\/\/kibrisdakik.com\/?s={search_term_string}"},"query-input":{"@type":"PropertyValueSpecification","valueRequired":true,"valueName":"search_term_string"}}],"inLanguage":"tr"},{"@type":"Person","@id":"https:\/\/kibrisdakik.com\/#\/schema\/person\/9cd9d437bbb44f72b73ba127e06d8e79","name":"admin","image":{"@type":"ImageObject","inLanguage":"tr","@id":"https:\/\/secure.gravatar.com\/avatar\/ccc17943b9d660506c869530f897617f7cb1c21a4bf30023f252596d83e1f007?s=96&d=mm&r=g","url":"https:\/\/secure.gravatar.com\/avatar\/ccc17943b9d660506c869530f897617f7cb1c21a4bf30023f252596d83e1f007?s=96&d=mm&r=g","contentUrl":"https:\/\/secure.gravatar.com\/avatar\/ccc17943b9d660506c869530f897617f7cb1c21a4bf30023f252596d83e1f007?s=96&d=mm&r=g","caption":"admin"},"sameAs":["https:\/\/kibrisdakik.com"],"url":"https:\/\/kibrisdakik.com\/?author=1"}]}},"_links":{"self":[{"href":"https:\/\/kibrisdakik.com\/index.php?rest_route=\/wp\/v2\/posts\/35552","targetHints":{"allow":["GET"]}}],"collection":[{"href":"https:\/\/kibrisdakik.com\/index.php?rest_route=\/wp\/v2\/posts"}],"about":[{"href":"https:\/\/kibrisdakik.com\/index.php?rest_route=\/wp\/v2\/types\/post"}],"author":[{"embeddable":true,"href":"https:\/\/kibrisdakik.com\/index.php?rest_route=\/wp\/v2\/users\/1"}],"replies":[{"embeddable":true,"href":"https:\/\/kibrisdakik.com\/index.php?rest_route=%2Fwp%2Fv2%2Fcomments&post=35552"}],"version-history":[{"count":0,"href":"https:\/\/kibrisdakik.com\/index.php?rest_route=\/wp\/v2\/posts\/35552\/revisions"}],"wp:featuredmedia":[{"embeddable":true,"href":"https:\/\/kibrisdakik.com\/index.php?rest_route=\/wp\/v2\/media\/35553"}],"wp:attachment":[{"href":"https:\/\/kibrisdakik.com\/index.php?rest_route=%2Fwp%2Fv2%2Fmedia&parent=35552"}],"wp:term":[{"taxonomy":"category","embeddable":true,"href":"https:\/\/kibrisdakik.com\/index.php?rest_route=%2Fwp%2Fv2%2Fcategories&post=35552"},{"taxonomy":"post_tag","embeddable":true,"href":"https:\/\/kibrisdakik.com\/index.php?rest_route=%2Fwp%2Fv2%2Ftags&post=35552"}],"curies":[{"name":"wp","href":"https:\/\/api.w.org\/{rel}","templated":true}]}}