{"id":35646,"date":"2024-03-25T15:55:48","date_gmt":"2024-03-25T15:55:48","guid":{"rendered":"https:\/\/kibrisdakik.com\/index.php\/2024\/03\/25\/ertugruloglu-turkiye-karate-milli-takimini-kabul-etti\/"},"modified":"2024-03-25T15:55:48","modified_gmt":"2024-03-25T15:55:48","slug":"ertugruloglu-turkiye-karate-milli-takimini-kabul-etti","status":"publish","type":"post","link":"https:\/\/kibrisdakik.com\/?p=35646","title":{"rendered":"Ertu\u011frulo\u011flu T\u00fcrkiye Karate Milli Tak\u0131m\u0131\u2019n\u0131 kabul etti"},"content":{"rendered":"<p><\/p>\n<div>\n<div class=\"mariselle-image-container center\">\n                <img loading=\"lazy\" decoding=\"async\" width=\"2433\" height=\"1105\" class=\"lazy-image\" alt=\"\" sizes=\"auto, (max-width: 2433px) 100vw, 2433px\" src=\"https:\/\/brtk.net\/wp-content\/uploads\/2024\/03\/25\/asisdla.jpg?ver=91683bd697614479246d9eacf0ab4f59\" srcset=\"https:\/\/brtk.net\/wp-content\/uploads\/2024\/03\/25\/asisdla.jpg?ver=91683bd697614479246d9eacf0ab4f59 2433w, https:\/\/brtk.net\/wp-content\/uploads\/2024\/03\/25\/asisdla-300x136.jpg?ver=b98d62c6410b20f7c4585a01bfa658ae 300w, https:\/\/brtk.net\/wp-content\/uploads\/2024\/03\/25\/asisdla-1024x465.jpg?ver=b98d62c6410b20f7c4585a01bfa658ae 1024w, https:\/\/brtk.net\/wp-content\/uploads\/2024\/03\/25\/asisdla-768x349.jpg?ver=518ba7eae5e6d6973cd57cd0aee27d75 768w, https:\/\/brtk.net\/wp-content\/uploads\/2024\/03\/25\/asisdla-1536x698.jpg?ver=518ba7eae5e6d6973cd57cd0aee27d75 1536w, https:\/\/brtk.net\/wp-content\/uploads\/2024\/03\/25\/asisdla-2048x930.jpg?ver=839d3f1aa788a2ad77166bbb1ea616b8 2048w\"\/>                            <\/div>\n<p> D\u0131\u015fi\u015fleri Bakan\u0131 Tahsin Ertu\u011frulo\u011flu, T\u00fcrkiye Karate Federasyonu Ba\u015fkan\u0131 Aslan Abid U\u011fuz ba\u015fkanl\u0131\u011f\u0131ndaki Karete Milli Tak\u0131m\u0131 heyetini kabul etti.<\/p>\n<p>Bakanl\u0131ktan verilen bilgiye g\u00f6re Ertu\u011frulo\u011flu, <a href=\"https:\/\/brtk.net\/\">KKTC<\/a> Taekwondo Judo Karate Federasyonu Ba\u015fkan\u0131 Ey\u00fcp Zafer G\u00f6kbilen\u2019in de haz\u0131r bulundu\u011fu kabulde, milli sporculara m\u00fcsabakalarda ba\u015far\u0131lar diledi. D\u0131\u015fi\u015fleri Bakan\u0131 Tahsin Ertu\u011frulo\u011flu, T\u00fcrkiye Karate Federasyonu Ba\u015fkan\u0131 Aslan Abid U\u011fuz ba\u015fkanl\u0131\u011f\u0131ndaki Karete Milli Tak\u0131m\u0131 heyetini kabul etti.<\/p>\n<p>Bakanl\u0131ktan verilen bilgiye g\u00f6re Ertu\u011frulo\u011flu, <a href=\"https:\/\/brtk.net\/\">KKTC<\/a> Taekwondo Judo Karate Federasyonu Ba\u015fkan\u0131 Ey\u00fcp Zafer G\u00f6kbilen\u2019in de haz\u0131r bulundu\u011fu kabulde, milli sporculara m\u00fcsabakalarda ba\u015far\u0131lar diledi.<\/p>\n<\/p><\/div>\n<p><script async\n                    defer\n                    crossorigin=\"anonymous\"\n                    src=\"https:\/\/connect.facebook.net\/tr_TR\/sdk.js#xfbml=1&#038;version=v3.3\"\n            ><\/script><\/p>\n","protected":false},"excerpt":{"rendered":"<p>D\u0131\u015fi\u015fleri Bakan\u0131 Tahsin Ertu\u011frulo\u011flu, T\u00fcrkiye Karate Federasyonu Ba\u015fkan\u0131 Aslan Abid U\u011fuz ba\u015fkanl\u0131\u011f\u0131ndaki Karete Milli Tak\u0131m\u0131 heyetini kabul etti. Bakanl\u0131ktan verilen bilgiye g\u00f6re Ertu\u011frulo\u011flu, KKTC Taekwondo Judo Karate Federasyonu Ba\u015fkan\u0131 Ey\u00fcp Zafer G\u00f6kbilen\u2019in de haz\u0131r bulundu\u011fu kabulde, milli sporculara m\u00fcsabakalarda ba\u015far\u0131lar diledi. D\u0131\u015fi\u015fleri Bakan\u0131 Tahsin Ertu\u011frulo\u011flu, T\u00fcrkiye Karate Federasyonu Ba\u015fkan\u0131 Aslan Abid U\u011fuz ba\u015fkanl\u0131\u011f\u0131ndaki Karete Milli<\/p>\n","protected":false},"author":1,"featured_media":35647,"comment_status":"open","ping_status":"open","sticky":false,"template":"","format":"standard","meta":{"footnotes":""},"categories":[1],"tags":[],"class_list":["post-35646","post","type-post","status-publish","format-standard","has-post-thumbnail","hentry","category-gundem"],"yoast_head":"<!-- This site is optimized with the Yoast SEO plugin v27.4 - https:\/\/yoast.com\/product\/yoast-seo-wordpress\/ -->\n<title>Ertu\u011frulo\u011flu T\u00fcrkiye Karate Milli Tak\u0131m\u0131\u2019n\u0131 kabul etti -<\/title>\n<meta name=\"robots\" content=\"index, follow, max-snippet:-1, max-image-preview:large, max-video-preview:-1\" \/>\n<link rel=\"canonical\" href=\"https:\/\/kibrisdakik.com\/?p=35646\" \/>\n<meta property=\"og:locale\" content=\"tr_TR\" \/>\n<meta property=\"og:type\" content=\"article\" \/>\n<meta property=\"og:title\" content=\"Ertu\u011frulo\u011flu T\u00fcrkiye Karate Milli Tak\u0131m\u0131\u2019n\u0131 kabul etti -\" \/>\n<meta property=\"og:description\" content=\"D\u0131\u015fi\u015fleri Bakan\u0131 Tahsin Ertu\u011frulo\u011flu, T\u00fcrkiye Karate Federasyonu Ba\u015fkan\u0131 Aslan Abid U\u011fuz ba\u015fkanl\u0131\u011f\u0131ndaki Karete Milli Tak\u0131m\u0131 heyetini kabul etti. Bakanl\u0131ktan verilen bilgiye g\u00f6re Ertu\u011frulo\u011flu, KKTC Taekwondo Judo Karate Federasyonu Ba\u015fkan\u0131 Ey\u00fcp Zafer G\u00f6kbilen\u2019in de haz\u0131r bulundu\u011fu kabulde, milli sporculara m\u00fcsabakalarda ba\u015far\u0131lar diledi. D\u0131\u015fi\u015fleri Bakan\u0131 Tahsin Ertu\u011frulo\u011flu, T\u00fcrkiye Karate Federasyonu Ba\u015fkan\u0131 Aslan Abid U\u011fuz ba\u015fkanl\u0131\u011f\u0131ndaki Karete Milli\" \/>\n<meta property=\"og:url\" content=\"https:\/\/kibrisdakik.com\/?p=35646\" \/>\n<meta property=\"article:published_time\" content=\"2024-03-25T15:55:48+00:00\" \/>\n<meta property=\"og:image\" content=\"https:\/\/kibrisdakik.com\/wp-content\/uploads\/2024\/03\/asisdla-740x420.jpg\" \/>\n\t<meta property=\"og:image:width\" content=\"2433\" \/>\n\t<meta property=\"og:image:height\" content=\"1105\" \/>\n\t<meta property=\"og:image:type\" content=\"image\/jpeg\" \/>\n<meta name=\"author\" content=\"admin\" \/>\n<meta name=\"twitter:card\" content=\"summary_large_image\" \/>\n<meta name=\"twitter:label1\" content=\"Yazan:\" \/>\n\t<meta name=\"twitter:data1\" content=\"admin\" \/>\n\t<meta name=\"twitter:label2\" content=\"Tahmini okuma s\u00fcresi\" \/>\n\t<meta name=\"twitter:data2\" content=\"1 dakika\" \/>\n<script type=\"application\/ld+json\" class=\"yoast-schema-graph\">{\"@context\":\"https:\\\/\\\/schema.org\",\"@graph\":[{\"@type\":\"Article\",\"@id\":\"https:\\\/\\\/kibrisdakik.com\\\/?p=35646#article\",\"isPartOf\":{\"@id\":\"https:\\\/\\\/kibrisdakik.com\\\/?p=35646\"},\"author\":{\"name\":\"admin\",\"@id\":\"https:\\\/\\\/kibrisdakik.com\\\/#\\\/schema\\\/person\\\/9cd9d437bbb44f72b73ba127e06d8e79\"},\"headline\":\"Ertu\u011frulo\u011flu T\u00fcrkiye Karate Milli Tak\u0131m\u0131\u2019n\u0131 kabul etti\",\"datePublished\":\"2024-03-25T15:55:48+00:00\",\"mainEntityOfPage\":{\"@id\":\"https:\\\/\\\/kibrisdakik.com\\\/?p=35646\"},\"wordCount\":140,\"commentCount\":0,\"image\":{\"@id\":\"https:\\\/\\\/kibrisdakik.com\\\/?p=35646#primaryimage\"},\"thumbnailUrl\":\"https:\\\/\\\/kibrisdakik.com\\\/wp-content\\\/uploads\\\/2024\\\/03\\\/asisdla-740x420.jpg\",\"articleSection\":[\"G\u00fcndem\"],\"inLanguage\":\"tr\",\"potentialAction\":[{\"@type\":\"CommentAction\",\"name\":\"Comment\",\"target\":[\"https:\\\/\\\/kibrisdakik.com\\\/?p=35646#respond\"]}]},{\"@type\":\"WebPage\",\"@id\":\"https:\\\/\\\/kibrisdakik.com\\\/?p=35646\",\"url\":\"https:\\\/\\\/kibrisdakik.com\\\/?p=35646\",\"name\":\"Ertu\u011frulo\u011flu T\u00fcrkiye Karate Milli Tak\u0131m\u0131\u2019n\u0131 kabul etti -\",\"isPartOf\":{\"@id\":\"https:\\\/\\\/kibrisdakik.com\\\/#website\"},\"primaryImageOfPage\":{\"@id\":\"https:\\\/\\\/kibrisdakik.com\\\/?p=35646#primaryimage\"},\"image\":{\"@id\":\"https:\\\/\\\/kibrisdakik.com\\\/?p=35646#primaryimage\"},\"thumbnailUrl\":\"https:\\\/\\\/kibrisdakik.com\\\/wp-content\\\/uploads\\\/2024\\\/03\\\/asisdla-740x420.jpg\",\"datePublished\":\"2024-03-25T15:55:48+00:00\",\"author\":{\"@id\":\"https:\\\/\\\/kibrisdakik.com\\\/#\\\/schema\\\/person\\\/9cd9d437bbb44f72b73ba127e06d8e79\"},\"breadcrumb\":{\"@id\":\"https:\\\/\\\/kibrisdakik.com\\\/?p=35646#breadcrumb\"},\"inLanguage\":\"tr\",\"potentialAction\":[{\"@type\":\"ReadAction\",\"target\":[\"https:\\\/\\\/kibrisdakik.com\\\/?p=35646\"]}]},{\"@type\":\"ImageObject\",\"inLanguage\":\"tr\",\"@id\":\"https:\\\/\\\/kibrisdakik.com\\\/?p=35646#primaryimage\",\"url\":\"https:\\\/\\\/kibrisdakik.com\\\/wp-content\\\/uploads\\\/2024\\\/03\\\/asisdla-740x420.jpg\",\"contentUrl\":\"https:\\\/\\\/kibrisdakik.com\\\/wp-content\\\/uploads\\\/2024\\\/03\\\/asisdla-740x420.jpg\",\"width\":2433,\"height\":1105},{\"@type\":\"BreadcrumbList\",\"@id\":\"https:\\\/\\\/kibrisdakik.com\\\/?p=35646#breadcrumb\",\"itemListElement\":[{\"@type\":\"ListItem\",\"position\":1,\"name\":\"Home\",\"item\":\"https:\\\/\\\/kibrisdakik.com\\\/\"},{\"@type\":\"ListItem\",\"position\":2,\"name\":\"Ertu\u011frulo\u011flu T\u00fcrkiye Karate Milli Tak\u0131m\u0131\u2019n\u0131 kabul etti\"}]},{\"@type\":\"WebSite\",\"@id\":\"https:\\\/\\\/kibrisdakik.com\\\/#website\",\"url\":\"https:\\\/\\\/kibrisdakik.com\\\/\",\"name\":\"\",\"description\":\"Tam vaktinde haber\",\"potentialAction\":[{\"@type\":\"SearchAction\",\"target\":{\"@type\":\"EntryPoint\",\"urlTemplate\":\"https:\\\/\\\/kibrisdakik.com\\\/?s={search_term_string}\"},\"query-input\":{\"@type\":\"PropertyValueSpecification\",\"valueRequired\":true,\"valueName\":\"search_term_string\"}}],\"inLanguage\":\"tr\"},{\"@type\":\"Person\",\"@id\":\"https:\\\/\\\/kibrisdakik.com\\\/#\\\/schema\\\/person\\\/9cd9d437bbb44f72b73ba127e06d8e79\",\"name\":\"admin\",\"image\":{\"@type\":\"ImageObject\",\"inLanguage\":\"tr\",\"@id\":\"https:\\\/\\\/secure.gravatar.com\\\/avatar\\\/ccc17943b9d660506c869530f897617f7cb1c21a4bf30023f252596d83e1f007?s=96&d=mm&r=g\",\"url\":\"https:\\\/\\\/secure.gravatar.com\\\/avatar\\\/ccc17943b9d660506c869530f897617f7cb1c21a4bf30023f252596d83e1f007?s=96&d=mm&r=g\",\"contentUrl\":\"https:\\\/\\\/secure.gravatar.com\\\/avatar\\\/ccc17943b9d660506c869530f897617f7cb1c21a4bf30023f252596d83e1f007?s=96&d=mm&r=g\",\"caption\":\"admin\"},\"sameAs\":[\"https:\\\/\\\/kibrisdakik.com\"],\"url\":\"https:\\\/\\\/kibrisdakik.com\\\/?author=1\"}]}<\/script>\n<!-- \/ Yoast SEO plugin. -->","yoast_head_json":{"title":"Ertu\u011frulo\u011flu T\u00fcrkiye Karate Milli Tak\u0131m\u0131\u2019n\u0131 kabul etti -","robots":{"index":"index","follow":"follow","max-snippet":"max-snippet:-1","max-image-preview":"max-image-preview:large","max-video-preview":"max-video-preview:-1"},"canonical":"https:\/\/kibrisdakik.com\/?p=35646","og_locale":"tr_TR","og_type":"article","og_title":"Ertu\u011frulo\u011flu T\u00fcrkiye Karate Milli Tak\u0131m\u0131\u2019n\u0131 kabul etti -","og_description":"D\u0131\u015fi\u015fleri Bakan\u0131 Tahsin Ertu\u011frulo\u011flu, T\u00fcrkiye Karate Federasyonu Ba\u015fkan\u0131 Aslan Abid U\u011fuz ba\u015fkanl\u0131\u011f\u0131ndaki Karete Milli Tak\u0131m\u0131 heyetini kabul etti. Bakanl\u0131ktan verilen bilgiye g\u00f6re Ertu\u011frulo\u011flu, KKTC Taekwondo Judo Karate Federasyonu Ba\u015fkan\u0131 Ey\u00fcp Zafer G\u00f6kbilen\u2019in de haz\u0131r bulundu\u011fu kabulde, milli sporculara m\u00fcsabakalarda ba\u015far\u0131lar diledi. D\u0131\u015fi\u015fleri Bakan\u0131 Tahsin Ertu\u011frulo\u011flu, T\u00fcrkiye Karate Federasyonu Ba\u015fkan\u0131 Aslan Abid U\u011fuz ba\u015fkanl\u0131\u011f\u0131ndaki Karete Milli","og_url":"https:\/\/kibrisdakik.com\/?p=35646","article_published_time":"2024-03-25T15:55:48+00:00","og_image":[{"width":2433,"height":1105,"url":"https:\/\/kibrisdakik.com\/wp-content\/uploads\/2024\/03\/asisdla-740x420.jpg","type":"image\/jpeg"}],"author":"admin","twitter_card":"summary_large_image","twitter_misc":{"Yazan:":"admin","Tahmini okuma s\u00fcresi":"1 dakika"},"schema":{"@context":"https:\/\/schema.org","@graph":[{"@type":"Article","@id":"https:\/\/kibrisdakik.com\/?p=35646#article","isPartOf":{"@id":"https:\/\/kibrisdakik.com\/?p=35646"},"author":{"name":"admin","@id":"https:\/\/kibrisdakik.com\/#\/schema\/person\/9cd9d437bbb44f72b73ba127e06d8e79"},"headline":"Ertu\u011frulo\u011flu T\u00fcrkiye Karate Milli Tak\u0131m\u0131\u2019n\u0131 kabul etti","datePublished":"2024-03-25T15:55:48+00:00","mainEntityOfPage":{"@id":"https:\/\/kibrisdakik.com\/?p=35646"},"wordCount":140,"commentCount":0,"image":{"@id":"https:\/\/kibrisdakik.com\/?p=35646#primaryimage"},"thumbnailUrl":"https:\/\/kibrisdakik.com\/wp-content\/uploads\/2024\/03\/asisdla-740x420.jpg","articleSection":["G\u00fcndem"],"inLanguage":"tr","potentialAction":[{"@type":"CommentAction","name":"Comment","target":["https:\/\/kibrisdakik.com\/?p=35646#respond"]}]},{"@type":"WebPage","@id":"https:\/\/kibrisdakik.com\/?p=35646","url":"https:\/\/kibrisdakik.com\/?p=35646","name":"Ertu\u011frulo\u011flu T\u00fcrkiye Karate Milli Tak\u0131m\u0131\u2019n\u0131 kabul etti -","isPartOf":{"@id":"https:\/\/kibrisdakik.com\/#website"},"primaryImageOfPage":{"@id":"https:\/\/kibrisdakik.com\/?p=35646#primaryimage"},"image":{"@id":"https:\/\/kibrisdakik.com\/?p=35646#primaryimage"},"thumbnailUrl":"https:\/\/kibrisdakik.com\/wp-content\/uploads\/2024\/03\/asisdla-740x420.jpg","datePublished":"2024-03-25T15:55:48+00:00","author":{"@id":"https:\/\/kibrisdakik.com\/#\/schema\/person\/9cd9d437bbb44f72b73ba127e06d8e79"},"breadcrumb":{"@id":"https:\/\/kibrisdakik.com\/?p=35646#breadcrumb"},"inLanguage":"tr","potentialAction":[{"@type":"ReadAction","target":["https:\/\/kibrisdakik.com\/?p=35646"]}]},{"@type":"ImageObject","inLanguage":"tr","@id":"https:\/\/kibrisdakik.com\/?p=35646#primaryimage","url":"https:\/\/kibrisdakik.com\/wp-content\/uploads\/2024\/03\/asisdla-740x420.jpg","contentUrl":"https:\/\/kibrisdakik.com\/wp-content\/uploads\/2024\/03\/asisdla-740x420.jpg","width":2433,"height":1105},{"@type":"BreadcrumbList","@id":"https:\/\/kibrisdakik.com\/?p=35646#breadcrumb","itemListElement":[{"@type":"ListItem","position":1,"name":"Home","item":"https:\/\/kibrisdakik.com\/"},{"@type":"ListItem","position":2,"name":"Ertu\u011frulo\u011flu T\u00fcrkiye Karate Milli Tak\u0131m\u0131\u2019n\u0131 kabul etti"}]},{"@type":"WebSite","@id":"https:\/\/kibrisdakik.com\/#website","url":"https:\/\/kibrisdakik.com\/","name":"","description":"Tam vaktinde haber","potentialAction":[{"@type":"SearchAction","target":{"@type":"EntryPoint","urlTemplate":"https:\/\/kibrisdakik.com\/?s={search_term_string}"},"query-input":{"@type":"PropertyValueSpecification","valueRequired":true,"valueName":"search_term_string"}}],"inLanguage":"tr"},{"@type":"Person","@id":"https:\/\/kibrisdakik.com\/#\/schema\/person\/9cd9d437bbb44f72b73ba127e06d8e79","name":"admin","image":{"@type":"ImageObject","inLanguage":"tr","@id":"https:\/\/secure.gravatar.com\/avatar\/ccc17943b9d660506c869530f897617f7cb1c21a4bf30023f252596d83e1f007?s=96&d=mm&r=g","url":"https:\/\/secure.gravatar.com\/avatar\/ccc17943b9d660506c869530f897617f7cb1c21a4bf30023f252596d83e1f007?s=96&d=mm&r=g","contentUrl":"https:\/\/secure.gravatar.com\/avatar\/ccc17943b9d660506c869530f897617f7cb1c21a4bf30023f252596d83e1f007?s=96&d=mm&r=g","caption":"admin"},"sameAs":["https:\/\/kibrisdakik.com"],"url":"https:\/\/kibrisdakik.com\/?author=1"}]}},"_links":{"self":[{"href":"https:\/\/kibrisdakik.com\/index.php?rest_route=\/wp\/v2\/posts\/35646","targetHints":{"allow":["GET"]}}],"collection":[{"href":"https:\/\/kibrisdakik.com\/index.php?rest_route=\/wp\/v2\/posts"}],"about":[{"href":"https:\/\/kibrisdakik.com\/index.php?rest_route=\/wp\/v2\/types\/post"}],"author":[{"embeddable":true,"href":"https:\/\/kibrisdakik.com\/index.php?rest_route=\/wp\/v2\/users\/1"}],"replies":[{"embeddable":true,"href":"https:\/\/kibrisdakik.com\/index.php?rest_route=%2Fwp%2Fv2%2Fcomments&post=35646"}],"version-history":[{"count":0,"href":"https:\/\/kibrisdakik.com\/index.php?rest_route=\/wp\/v2\/posts\/35646\/revisions"}],"wp:featuredmedia":[{"embeddable":true,"href":"https:\/\/kibrisdakik.com\/index.php?rest_route=\/wp\/v2\/media\/35647"}],"wp:attachment":[{"href":"https:\/\/kibrisdakik.com\/index.php?rest_route=%2Fwp%2Fv2%2Fmedia&parent=35646"}],"wp:term":[{"taxonomy":"category","embeddable":true,"href":"https:\/\/kibrisdakik.com\/index.php?rest_route=%2Fwp%2Fv2%2Fcategories&post=35646"},{"taxonomy":"post_tag","embeddable":true,"href":"https:\/\/kibrisdakik.com\/index.php?rest_route=%2Fwp%2Fv2%2Ftags&post=35646"}],"curies":[{"name":"wp","href":"https:\/\/api.w.org\/{rel}","templated":true}]}}