{"id":35694,"date":"2024-03-25T23:06:55","date_gmt":"2024-03-25T23:06:55","guid":{"rendered":"https:\/\/kibrisdakik.com\/index.php\/2024\/03\/25\/rusyadaki-saldiriyi-yapan-teroristlerin-nerede-kaldiklari-ortaya-cikti\/"},"modified":"2024-03-25T23:06:55","modified_gmt":"2024-03-25T23:06:55","slug":"rusyadaki-saldiriyi-yapan-teroristlerin-nerede-kaldiklari-ortaya-cikti","status":"publish","type":"post","link":"https:\/\/kibrisdakik.com\/?p=35694","title":{"rendered":"Rusya&#039;daki sald\u0131r\u0131y\u0131 yapan ter\u00f6ristlerin nerede kald\u0131klar\u0131 ortaya \u00e7\u0131kt\u0131"},"content":{"rendered":"<p><\/p>\n<p>D\u00fcnyay\u0131 deh\u015fete d\u00fc\u015f\u00fcren konser salonundaki sald\u0131r\u0131y\u0131 ger\u00e7ekle\u015ftiren sald\u0131rganlar\u0131n Moskova&#8217;da radikalle\u015fme e\u011fitimi ald\u0131klar\u0131 netle\u015fti. T\u00fcrkiye&#8217;ye giri\u015f yapt\u0131klar\u0131 tarihler ve nerede ikamet ettiklerine dair detaylar ifadelerinde yer ald\u0131.<\/p>\n<p>Ter\u00f6r \u00f6rg\u00fct\u00fc DEA\u015e&#8217;\u0131n \u00fcstlendi\u011fi Moskova&#8217;daki ter\u00f6r sald\u0131r\u0131s\u0131n\u0131 ger\u00e7ekle\u015ftiren sald\u0131rganlarla ilgili yeni detaylar ortaya \u00e7\u0131kt\u0131.<\/p>\n<p>G\u00fcvenlik kaynaklar\u0131ndan edinilen bilgiye g\u00f6re, Tacik sald\u0131rganlardan ikisinin uzun s\u00fcredir Moskova&#8217;da ikamet etti\u011fi, Rusya&#8217;daki ikamet s\u00fcrelerini uzatmak i\u00e7in \u00fclkeden \u00e7\u0131k\u0131\u015f yapmalar\u0131 gereken sald\u0131rganlar\u0131n, co\u011frafi yak\u0131nl\u0131\u011f\u0131 ve Rusya-Ukrayna Sava\u015f\u0131 sonras\u0131na uygulanan ambargolar\u0131n fazla se\u00e7enek b\u0131rakmamas\u0131 nedeniyle T\u00fcrkiye&#8217;ye geldikleri belirlendi.<\/p>\n<p>Haklar\u0131nda herhangi bir &#8220;arama kayd\u0131&#8221; bulunmayan sald\u0131rganlar\u0131n pasaportlar\u0131n\u0131 kullanarak T\u00fcrkiye ve Rusya aras\u0131nda seyahat edebildi\u011fi belirtildi.<\/p>\n<p><img decoding=\"async\" alt=\"Rusya'daki sald\u0131r\u0131y\u0131 yapan ter\u00f6ristlerin \u0130stanbul'da nerede kald\u0131klar\u0131 ortaya \u00e7\u0131kt\u0131 - 1. Resim\" src=\"https:\/\/i.tgrthaber.com.tr\/images\/haberler\/24-03\/25\/rusyadaki-saldiriyi-yapan-teroristlerin-istanbulda-nerede-kaldiklari-ortaya-cikti-17113971151987_1.jpg\" title=\"Rusya'daki sald\u0131r\u0131y\u0131 yapan ter\u00f6ristlerin \u0130stanbul'da nerede kald\u0131klar\u0131 ortaya \u00e7\u0131kt\u0131\" \/><\/p>\n<h3>20 \u015eUBAT&#8217;TA RUSYA&#8217;DAN T\u00dcRK\u0130YE&#8217;YE G\u0130R\u0130\u015e YAPTI 2 MART&#8217;TA AYRILDI<\/h3>\n<p>Sald\u0131rganlardan Shamsidin Fariduni&#8217;nin 20 \u015eubat&#8217;ta havayoluyla Rusya&#8217;dan T\u00fcrkiye&#8217;ye giri\u015f yapt\u0131\u011f\u0131, \u0130stanbul Fatih&#8217;te bir otelde kald\u0131ktan sonra 2 Mart&#8217;ta \u0130stanbul Havaliman\u0131&#8217;ndan Rusya&#8217;ya gitti\u011fi tespit edildi.<\/p>\n<p>Di\u011fer sald\u0131rgan Saidakram Rajabalizoda&#8217;n\u0131n ise 5 Ocak&#8217;ta \u0130stanbul&#8217;a gelerek Fatih&#8217;te bir otelde bir s\u00fcre kald\u0131\u011f\u0131, daha sonra Fariduni ile ayn\u0131 u\u00e7akta Moskova&#8217;ya d\u00f6nd\u00fc\u011f\u00fc belirlendi.<\/p>\n<p>Fariduni&#8217;nin yakaland\u0131\u011f\u0131nda yap\u0131lan \u00f6n ifadesinde, vizesi bitti\u011fi i\u00e7in T\u00fcrkiye\u2019ye gidip geldi\u011fini itiraf etti\u011fi belirtildi.<\/p>\n<h3>RUSYA&#8217;DA RAD\u0130KALLE\u015eT\u0130LER<\/h3>\n<p>G\u00fcvenlik kaynaklar\u0131, 2 sald\u0131rgan\u0131n Rusya&#8217;da radikalle\u015fti\u011fi, T\u00fcrkiye&#8217;de ge\u00e7irdikleri s\u00fcrenin k\u0131sa oldu\u011fu, bu s\u00fcrenin &#8220;radikalle\u015fme&#8221; i\u00e7in yeterince uzun olmad\u0131\u011f\u0131 de\u011ferlendirmesinde bulundu.<\/p>\n<p><img decoding=\"async\" alt=\"Rusya'daki sald\u0131r\u0131y\u0131 yapan ter\u00f6ristlerin \u0130stanbul'da nerede kald\u0131klar\u0131 ortaya \u00e7\u0131kt\u0131 - 2. Resim\" src=\"https:\/\/i.tgrthaber.com.tr\/images\/haberler\/24-03\/25\/rusyadaki-saldiriyi-yapan-teroristlerin-istanbulda-nerede-kaldiklari-ortaya-cikti-17113971158619_2.jpg\" title=\"Rusya'daki sald\u0131r\u0131y\u0131 yapan ter\u00f6ristlerin \u0130stanbul'da nerede kald\u0131klar\u0131 ortaya \u00e7\u0131kt\u0131\" \/><\/p>\n<h3>T\u00dcRK\u0130YE&#8217;DEK\u0130 EYLEMLER<\/h3>\n<p>Rusya&#8217;n\u0131n ba\u015fkenti Moskova&#8217;daki konser salonundaki ter\u00f6r sald\u0131r\u0131s\u0131n\u0131n sorumlulu\u011funu ter\u00f6r \u00f6rg\u00fct\u00fc DEA\u015e \u00fcstlenmi\u015fti.<\/p>\n<p>G\u00fcvenlik kaynaklar\u0131, son d\u00f6nemde DEA\u015e&#8217;\u0131n s\u00f6zde Horasan Vilayeti kolunun sald\u0131r\u0131lar\u0131n\u0131 ayn\u0131 co\u011frafya \u00fczerinde ger\u00e7ekle\u015ftirdi\u011fine dikkat \u00e7ekti.<\/p>\n<p>Ter\u00f6r \u00f6rg\u00fct\u00fc DEA\u015e&#8217;\u0131n en fazla hedef ald\u0131\u011f\u0131 \u00fclkelerin ba\u015f\u0131nda T\u00fcrkiye geliyor. Son olarak 28 Ocak 2024&#8217;te iki DEA\u015e&#8217;l\u0131 ter\u00f6rist Sar\u0131yer&#8217;deki Santa Maria Kilisesi&#8217;nde bir sald\u0131r\u0131 ger\u00e7ekle\u015ftirmi\u015f, 1 ki\u015fi hayat\u0131n\u0131 kaybetmi\u015fti.<\/p>\n<p>Bu sald\u0131r\u0131n\u0131n ard\u0131ndan DEA\u015e&#8217;a y\u00f6nelik pe\u015f pe\u015fe operasyonlar d\u00fczenlenmi\u015f, \u00e7ok say\u0131da ki\u015fi g\u00f6zalt\u0131na al\u0131nm\u0131\u015ft\u0131. G\u00fcvenlik kaynaklar\u0131, PKK, DEA\u015e ve El Kaide gibi \u00f6rg\u00fctler aras\u0131nda ayr\u0131m yapmaks\u0131z\u0131n ter\u00f6rle m\u00fccadelesini kararl\u0131l\u0131kla s\u00fcrd\u00fcrd\u00fc\u011f\u00fcn\u00fc kaydetti.<\/p>\n<p><img decoding=\"async\" alt=\"Rusya'daki sald\u0131r\u0131y\u0131 yapan ter\u00f6ristlerin \u0130stanbul'da nerede kald\u0131klar\u0131 ortaya \u00e7\u0131kt\u0131 - 3. Resim\" src=\"https:\/\/i.tgrthaber.com.tr\/images\/haberler\/24-03\/25\/rusyadaki-saldiriyi-yapan-teroristlerin-istanbulda-nerede-kaldiklari-ortaya-cikti-17113971159845_3.jpg\" title=\"Rusya'daki sald\u0131r\u0131y\u0131 yapan ter\u00f6ristlerin \u0130stanbul'da nerede kald\u0131klar\u0131 ortaya \u00e7\u0131kt\u0131\" \/><\/p>\n<h3>B\u00d6LGEDEK\u0130 D\u0130\u011eER SALDIRILAR<\/h3>\n<p>Bu y\u0131l\u0131n ba\u015f\u0131nda \u0130ran&#8217;\u0131n Kirman kentinde \u0130ran Devrim Muhaf\u0131zlar\u0131 Kud\u00fcs G\u00fcc\u00fc Komutan\u0131 Kas\u0131m S\u00fcleymani&#8217;nin 4&#8217;\u00fcnc\u00fc \u00f6l\u00fcm y\u0131l\u0131nda d\u00fczenledi\u011fi sald\u0131r\u0131da 84 ki\u015fi hayat\u0131n\u0131 kaybetmi\u015f, 284 ki\u015fi yaralanm\u0131\u015ft\u0131.<\/p>\n<p>Ter\u00f6r \u00f6rg\u00fct\u00fcn\u00fcn Afganistan ve \u00e7evre b\u00f6lgelerde faaliyet g\u00f6steren kolu olarak bilinen DEA\u015e s\u00f6zde Horasan Vilayeti, Ekim 2022\u2019de \u0130ran\u2019\u0131n \u015eiraz kentinde bulunan \u015eah \u00c7era\u011f Camisi&#8217;ne sald\u0131r\u0131 d\u00fczenlemi\u015f, 15 ki\u015fi hayat\u0131n\u0131 kaybetmi\u015f, 40 ki\u015fi de yaralanm\u0131\u015ft\u0131.<\/p>\n<p>DEA\u015e, Aral\u0131k 2022&#8217;de ise Afganistan&#8217;\u0131n ba\u015fkenti Kabil&#8217;de \u00c7inlilere ait bir otele silahl\u0131 ve bombal\u0131 sald\u0131r\u0131 d\u00fczenlemi\u015f, sald\u0131r\u0131da da 3 ki\u015fi hayat\u0131n\u0131 kaybetmi\u015f, 15 ki\u015fi yaralanm\u0131\u015ft\u0131.<\/p>\n<p><img decoding=\"async\" alt=\"Rusya'daki sald\u0131r\u0131y\u0131 yapan ter\u00f6ristlerin \u0130stanbul'da nerede kald\u0131klar\u0131 ortaya \u00e7\u0131kt\u0131 - 4. Resim\" src=\"https:\/\/i.tgrthaber.com.tr\/images\/haberler\/24-03\/25\/rusyadaki-saldiriyi-yapan-teroristlerin-istanbulda-nerede-kaldiklari-ortaya-cikti-17113971154429_4.jpg\" title=\"Rusya'daki sald\u0131r\u0131y\u0131 yapan ter\u00f6ristlerin \u0130stanbul'da nerede kald\u0131klar\u0131 ortaya \u00e7\u0131kt\u0131\" \/><\/p>\n","protected":false},"excerpt":{"rendered":"<p>D\u00fcnyay\u0131 deh\u015fete d\u00fc\u015f\u00fcren konser salonundaki sald\u0131r\u0131y\u0131 ger\u00e7ekle\u015ftiren sald\u0131rganlar\u0131n Moskova&#8217;da radikalle\u015fme e\u011fitimi ald\u0131klar\u0131 netle\u015fti. T\u00fcrkiye&#8217;ye giri\u015f yapt\u0131klar\u0131 tarihler ve nerede ikamet ettiklerine dair detaylar ifadelerinde yer ald\u0131. Ter\u00f6r \u00f6rg\u00fct\u00fc DEA\u015e&#8217;\u0131n \u00fcstlendi\u011fi Moskova&#8217;daki ter\u00f6r sald\u0131r\u0131s\u0131n\u0131 ger\u00e7ekle\u015ftiren sald\u0131rganlarla ilgili yeni detaylar ortaya \u00e7\u0131kt\u0131. G\u00fcvenlik kaynaklar\u0131ndan edinilen bilgiye g\u00f6re, Tacik sald\u0131rganlardan ikisinin uzun s\u00fcredir Moskova&#8217;da ikamet etti\u011fi, Rusya&#8217;daki ikamet<\/p>\n","protected":false},"author":1,"featured_media":35695,"comment_status":"open","ping_status":"open","sticky":false,"template":"","format":"standard","meta":{"footnotes":""},"categories":[85],"tags":[],"class_list":["post-35694","post","type-post","status-publish","format-standard","has-post-thumbnail","hentry","category-spor"],"yoast_head":"<!-- This site is optimized with the Yoast SEO plugin v27.5 - https:\/\/yoast.com\/product\/yoast-seo-wordpress\/ -->\n<title>Rusya&#039;daki sald\u0131r\u0131y\u0131 yapan ter\u00f6ristlerin nerede kald\u0131klar\u0131 ortaya \u00e7\u0131kt\u0131 -<\/title>\n<meta name=\"robots\" content=\"index, follow, max-snippet:-1, max-image-preview:large, max-video-preview:-1\" \/>\n<link rel=\"canonical\" href=\"https:\/\/kibrisdakik.com\/?p=35694\" \/>\n<meta property=\"og:locale\" content=\"tr_TR\" \/>\n<meta property=\"og:type\" content=\"article\" \/>\n<meta property=\"og:title\" content=\"Rusya&#039;daki sald\u0131r\u0131y\u0131 yapan ter\u00f6ristlerin nerede kald\u0131klar\u0131 ortaya \u00e7\u0131kt\u0131 -\" \/>\n<meta property=\"og:description\" content=\"D\u00fcnyay\u0131 deh\u015fete d\u00fc\u015f\u00fcren konser salonundaki sald\u0131r\u0131y\u0131 ger\u00e7ekle\u015ftiren sald\u0131rganlar\u0131n Moskova&#8217;da radikalle\u015fme e\u011fitimi ald\u0131klar\u0131 netle\u015fti. T\u00fcrkiye&#8217;ye giri\u015f yapt\u0131klar\u0131 tarihler ve nerede ikamet ettiklerine dair detaylar ifadelerinde yer ald\u0131. Ter\u00f6r \u00f6rg\u00fct\u00fc DEA\u015e&#8217;\u0131n \u00fcstlendi\u011fi Moskova&#8217;daki ter\u00f6r sald\u0131r\u0131s\u0131n\u0131 ger\u00e7ekle\u015ftiren sald\u0131rganlarla ilgili yeni detaylar ortaya \u00e7\u0131kt\u0131. G\u00fcvenlik kaynaklar\u0131ndan edinilen bilgiye g\u00f6re, Tacik sald\u0131rganlardan ikisinin uzun s\u00fcredir Moskova&#8217;da ikamet etti\u011fi, Rusya&#8217;daki ikamet\" \/>\n<meta property=\"og:url\" content=\"https:\/\/kibrisdakik.com\/?p=35694\" \/>\n<meta property=\"article:published_time\" content=\"2024-03-25T23:06:55+00:00\" \/>\n<meta property=\"og:image\" content=\"https:\/\/kibrisdakik.com\/wp-content\/uploads\/2024\/03\/rusyadaki-saldiriyi-yapan-teroristlerin-istanbulda-nerede-kaldiklari-ortaya-cikti-17113971151987_1-442x420.jpg\" \/>\n\t<meta property=\"og:image:width\" content=\"442\" \/>\n\t<meta property=\"og:image:height\" content=\"720\" \/>\n\t<meta property=\"og:image:type\" content=\"image\/jpeg\" \/>\n<meta name=\"author\" content=\"admin\" \/>\n<meta name=\"twitter:card\" content=\"summary_large_image\" \/>\n<meta name=\"twitter:label1\" content=\"Yazan:\" \/>\n\t<meta name=\"twitter:data1\" content=\"admin\" \/>\n\t<meta name=\"twitter:label2\" content=\"Tahmini okuma s\u00fcresi\" \/>\n\t<meta name=\"twitter:data2\" content=\"3 dakika\" \/>\n<script type=\"application\/ld+json\" class=\"yoast-schema-graph\">{\"@context\":\"https:\\\/\\\/schema.org\",\"@graph\":[{\"@type\":\"Article\",\"@id\":\"https:\\\/\\\/kibrisdakik.com\\\/?p=35694#article\",\"isPartOf\":{\"@id\":\"https:\\\/\\\/kibrisdakik.com\\\/?p=35694\"},\"author\":{\"name\":\"admin\",\"@id\":\"https:\\\/\\\/kibrisdakik.com\\\/#\\\/schema\\\/person\\\/9cd9d437bbb44f72b73ba127e06d8e79\"},\"headline\":\"Rusya&#039;daki sald\u0131r\u0131y\u0131 yapan ter\u00f6ristlerin nerede kald\u0131klar\u0131 ortaya \u00e7\u0131kt\u0131\",\"datePublished\":\"2024-03-25T23:06:55+00:00\",\"mainEntityOfPage\":{\"@id\":\"https:\\\/\\\/kibrisdakik.com\\\/?p=35694\"},\"wordCount\":570,\"commentCount\":0,\"image\":{\"@id\":\"https:\\\/\\\/kibrisdakik.com\\\/?p=35694#primaryimage\"},\"thumbnailUrl\":\"https:\\\/\\\/kibrisdakik.com\\\/wp-content\\\/uploads\\\/2024\\\/03\\\/rusyadaki-saldiriyi-yapan-teroristlerin-istanbulda-nerede-kaldiklari-ortaya-cikti-17113971151987_1-442x420.jpg\",\"articleSection\":[\"Spor\"],\"inLanguage\":\"tr\",\"potentialAction\":[{\"@type\":\"CommentAction\",\"name\":\"Comment\",\"target\":[\"https:\\\/\\\/kibrisdakik.com\\\/?p=35694#respond\"]}]},{\"@type\":\"WebPage\",\"@id\":\"https:\\\/\\\/kibrisdakik.com\\\/?p=35694\",\"url\":\"https:\\\/\\\/kibrisdakik.com\\\/?p=35694\",\"name\":\"Rusya&#039;daki sald\u0131r\u0131y\u0131 yapan ter\u00f6ristlerin nerede kald\u0131klar\u0131 ortaya \u00e7\u0131kt\u0131 -\",\"isPartOf\":{\"@id\":\"https:\\\/\\\/kibrisdakik.com\\\/#website\"},\"primaryImageOfPage\":{\"@id\":\"https:\\\/\\\/kibrisdakik.com\\\/?p=35694#primaryimage\"},\"image\":{\"@id\":\"https:\\\/\\\/kibrisdakik.com\\\/?p=35694#primaryimage\"},\"thumbnailUrl\":\"https:\\\/\\\/kibrisdakik.com\\\/wp-content\\\/uploads\\\/2024\\\/03\\\/rusyadaki-saldiriyi-yapan-teroristlerin-istanbulda-nerede-kaldiklari-ortaya-cikti-17113971151987_1-442x420.jpg\",\"datePublished\":\"2024-03-25T23:06:55+00:00\",\"author\":{\"@id\":\"https:\\\/\\\/kibrisdakik.com\\\/#\\\/schema\\\/person\\\/9cd9d437bbb44f72b73ba127e06d8e79\"},\"breadcrumb\":{\"@id\":\"https:\\\/\\\/kibrisdakik.com\\\/?p=35694#breadcrumb\"},\"inLanguage\":\"tr\",\"potentialAction\":[{\"@type\":\"ReadAction\",\"target\":[\"https:\\\/\\\/kibrisdakik.com\\\/?p=35694\"]}]},{\"@type\":\"ImageObject\",\"inLanguage\":\"tr\",\"@id\":\"https:\\\/\\\/kibrisdakik.com\\\/?p=35694#primaryimage\",\"url\":\"https:\\\/\\\/kibrisdakik.com\\\/wp-content\\\/uploads\\\/2024\\\/03\\\/rusyadaki-saldiriyi-yapan-teroristlerin-istanbulda-nerede-kaldiklari-ortaya-cikti-17113971151987_1-442x420.jpg\",\"contentUrl\":\"https:\\\/\\\/kibrisdakik.com\\\/wp-content\\\/uploads\\\/2024\\\/03\\\/rusyadaki-saldiriyi-yapan-teroristlerin-istanbulda-nerede-kaldiklari-ortaya-cikti-17113971151987_1-442x420.jpg\",\"width\":442,\"height\":720},{\"@type\":\"BreadcrumbList\",\"@id\":\"https:\\\/\\\/kibrisdakik.com\\\/?p=35694#breadcrumb\",\"itemListElement\":[{\"@type\":\"ListItem\",\"position\":1,\"name\":\"Home\",\"item\":\"https:\\\/\\\/kibrisdakik.com\\\/\"},{\"@type\":\"ListItem\",\"position\":2,\"name\":\"Rusya&#039;daki sald\u0131r\u0131y\u0131 yapan ter\u00f6ristlerin nerede kald\u0131klar\u0131 ortaya \u00e7\u0131kt\u0131\"}]},{\"@type\":\"WebSite\",\"@id\":\"https:\\\/\\\/kibrisdakik.com\\\/#website\",\"url\":\"https:\\\/\\\/kibrisdakik.com\\\/\",\"name\":\"\",\"description\":\"Tam vaktinde haber\",\"potentialAction\":[{\"@type\":\"SearchAction\",\"target\":{\"@type\":\"EntryPoint\",\"urlTemplate\":\"https:\\\/\\\/kibrisdakik.com\\\/?s={search_term_string}\"},\"query-input\":{\"@type\":\"PropertyValueSpecification\",\"valueRequired\":true,\"valueName\":\"search_term_string\"}}],\"inLanguage\":\"tr\"},{\"@type\":\"Person\",\"@id\":\"https:\\\/\\\/kibrisdakik.com\\\/#\\\/schema\\\/person\\\/9cd9d437bbb44f72b73ba127e06d8e79\",\"name\":\"admin\",\"image\":{\"@type\":\"ImageObject\",\"inLanguage\":\"tr\",\"@id\":\"https:\\\/\\\/secure.gravatar.com\\\/avatar\\\/ccc17943b9d660506c869530f897617f7cb1c21a4bf30023f252596d83e1f007?s=96&d=mm&r=g\",\"url\":\"https:\\\/\\\/secure.gravatar.com\\\/avatar\\\/ccc17943b9d660506c869530f897617f7cb1c21a4bf30023f252596d83e1f007?s=96&d=mm&r=g\",\"contentUrl\":\"https:\\\/\\\/secure.gravatar.com\\\/avatar\\\/ccc17943b9d660506c869530f897617f7cb1c21a4bf30023f252596d83e1f007?s=96&d=mm&r=g\",\"caption\":\"admin\"},\"sameAs\":[\"https:\\\/\\\/kibrisdakik.com\"],\"url\":\"https:\\\/\\\/kibrisdakik.com\\\/?author=1\"}]}<\/script>\n<!-- \/ Yoast SEO plugin. -->","yoast_head_json":{"title":"Rusya&#039;daki sald\u0131r\u0131y\u0131 yapan ter\u00f6ristlerin nerede kald\u0131klar\u0131 ortaya \u00e7\u0131kt\u0131 -","robots":{"index":"index","follow":"follow","max-snippet":"max-snippet:-1","max-image-preview":"max-image-preview:large","max-video-preview":"max-video-preview:-1"},"canonical":"https:\/\/kibrisdakik.com\/?p=35694","og_locale":"tr_TR","og_type":"article","og_title":"Rusya&#039;daki sald\u0131r\u0131y\u0131 yapan ter\u00f6ristlerin nerede kald\u0131klar\u0131 ortaya \u00e7\u0131kt\u0131 -","og_description":"D\u00fcnyay\u0131 deh\u015fete d\u00fc\u015f\u00fcren konser salonundaki sald\u0131r\u0131y\u0131 ger\u00e7ekle\u015ftiren sald\u0131rganlar\u0131n Moskova&#8217;da radikalle\u015fme e\u011fitimi ald\u0131klar\u0131 netle\u015fti. T\u00fcrkiye&#8217;ye giri\u015f yapt\u0131klar\u0131 tarihler ve nerede ikamet ettiklerine dair detaylar ifadelerinde yer ald\u0131. Ter\u00f6r \u00f6rg\u00fct\u00fc DEA\u015e&#8217;\u0131n \u00fcstlendi\u011fi Moskova&#8217;daki ter\u00f6r sald\u0131r\u0131s\u0131n\u0131 ger\u00e7ekle\u015ftiren sald\u0131rganlarla ilgili yeni detaylar ortaya \u00e7\u0131kt\u0131. G\u00fcvenlik kaynaklar\u0131ndan edinilen bilgiye g\u00f6re, Tacik sald\u0131rganlardan ikisinin uzun s\u00fcredir Moskova&#8217;da ikamet etti\u011fi, Rusya&#8217;daki ikamet","og_url":"https:\/\/kibrisdakik.com\/?p=35694","article_published_time":"2024-03-25T23:06:55+00:00","og_image":[{"width":442,"height":720,"url":"https:\/\/kibrisdakik.com\/wp-content\/uploads\/2024\/03\/rusyadaki-saldiriyi-yapan-teroristlerin-istanbulda-nerede-kaldiklari-ortaya-cikti-17113971151987_1-442x420.jpg","type":"image\/jpeg"}],"author":"admin","twitter_card":"summary_large_image","twitter_misc":{"Yazan:":"admin","Tahmini okuma s\u00fcresi":"3 dakika"},"schema":{"@context":"https:\/\/schema.org","@graph":[{"@type":"Article","@id":"https:\/\/kibrisdakik.com\/?p=35694#article","isPartOf":{"@id":"https:\/\/kibrisdakik.com\/?p=35694"},"author":{"name":"admin","@id":"https:\/\/kibrisdakik.com\/#\/schema\/person\/9cd9d437bbb44f72b73ba127e06d8e79"},"headline":"Rusya&#039;daki sald\u0131r\u0131y\u0131 yapan ter\u00f6ristlerin nerede kald\u0131klar\u0131 ortaya \u00e7\u0131kt\u0131","datePublished":"2024-03-25T23:06:55+00:00","mainEntityOfPage":{"@id":"https:\/\/kibrisdakik.com\/?p=35694"},"wordCount":570,"commentCount":0,"image":{"@id":"https:\/\/kibrisdakik.com\/?p=35694#primaryimage"},"thumbnailUrl":"https:\/\/kibrisdakik.com\/wp-content\/uploads\/2024\/03\/rusyadaki-saldiriyi-yapan-teroristlerin-istanbulda-nerede-kaldiklari-ortaya-cikti-17113971151987_1-442x420.jpg","articleSection":["Spor"],"inLanguage":"tr","potentialAction":[{"@type":"CommentAction","name":"Comment","target":["https:\/\/kibrisdakik.com\/?p=35694#respond"]}]},{"@type":"WebPage","@id":"https:\/\/kibrisdakik.com\/?p=35694","url":"https:\/\/kibrisdakik.com\/?p=35694","name":"Rusya&#039;daki sald\u0131r\u0131y\u0131 yapan ter\u00f6ristlerin nerede kald\u0131klar\u0131 ortaya \u00e7\u0131kt\u0131 -","isPartOf":{"@id":"https:\/\/kibrisdakik.com\/#website"},"primaryImageOfPage":{"@id":"https:\/\/kibrisdakik.com\/?p=35694#primaryimage"},"image":{"@id":"https:\/\/kibrisdakik.com\/?p=35694#primaryimage"},"thumbnailUrl":"https:\/\/kibrisdakik.com\/wp-content\/uploads\/2024\/03\/rusyadaki-saldiriyi-yapan-teroristlerin-istanbulda-nerede-kaldiklari-ortaya-cikti-17113971151987_1-442x420.jpg","datePublished":"2024-03-25T23:06:55+00:00","author":{"@id":"https:\/\/kibrisdakik.com\/#\/schema\/person\/9cd9d437bbb44f72b73ba127e06d8e79"},"breadcrumb":{"@id":"https:\/\/kibrisdakik.com\/?p=35694#breadcrumb"},"inLanguage":"tr","potentialAction":[{"@type":"ReadAction","target":["https:\/\/kibrisdakik.com\/?p=35694"]}]},{"@type":"ImageObject","inLanguage":"tr","@id":"https:\/\/kibrisdakik.com\/?p=35694#primaryimage","url":"https:\/\/kibrisdakik.com\/wp-content\/uploads\/2024\/03\/rusyadaki-saldiriyi-yapan-teroristlerin-istanbulda-nerede-kaldiklari-ortaya-cikti-17113971151987_1-442x420.jpg","contentUrl":"https:\/\/kibrisdakik.com\/wp-content\/uploads\/2024\/03\/rusyadaki-saldiriyi-yapan-teroristlerin-istanbulda-nerede-kaldiklari-ortaya-cikti-17113971151987_1-442x420.jpg","width":442,"height":720},{"@type":"BreadcrumbList","@id":"https:\/\/kibrisdakik.com\/?p=35694#breadcrumb","itemListElement":[{"@type":"ListItem","position":1,"name":"Home","item":"https:\/\/kibrisdakik.com\/"},{"@type":"ListItem","position":2,"name":"Rusya&#039;daki sald\u0131r\u0131y\u0131 yapan ter\u00f6ristlerin nerede kald\u0131klar\u0131 ortaya \u00e7\u0131kt\u0131"}]},{"@type":"WebSite","@id":"https:\/\/kibrisdakik.com\/#website","url":"https:\/\/kibrisdakik.com\/","name":"","description":"Tam vaktinde haber","potentialAction":[{"@type":"SearchAction","target":{"@type":"EntryPoint","urlTemplate":"https:\/\/kibrisdakik.com\/?s={search_term_string}"},"query-input":{"@type":"PropertyValueSpecification","valueRequired":true,"valueName":"search_term_string"}}],"inLanguage":"tr"},{"@type":"Person","@id":"https:\/\/kibrisdakik.com\/#\/schema\/person\/9cd9d437bbb44f72b73ba127e06d8e79","name":"admin","image":{"@type":"ImageObject","inLanguage":"tr","@id":"https:\/\/secure.gravatar.com\/avatar\/ccc17943b9d660506c869530f897617f7cb1c21a4bf30023f252596d83e1f007?s=96&d=mm&r=g","url":"https:\/\/secure.gravatar.com\/avatar\/ccc17943b9d660506c869530f897617f7cb1c21a4bf30023f252596d83e1f007?s=96&d=mm&r=g","contentUrl":"https:\/\/secure.gravatar.com\/avatar\/ccc17943b9d660506c869530f897617f7cb1c21a4bf30023f252596d83e1f007?s=96&d=mm&r=g","caption":"admin"},"sameAs":["https:\/\/kibrisdakik.com"],"url":"https:\/\/kibrisdakik.com\/?author=1"}]}},"_links":{"self":[{"href":"https:\/\/kibrisdakik.com\/index.php?rest_route=\/wp\/v2\/posts\/35694","targetHints":{"allow":["GET"]}}],"collection":[{"href":"https:\/\/kibrisdakik.com\/index.php?rest_route=\/wp\/v2\/posts"}],"about":[{"href":"https:\/\/kibrisdakik.com\/index.php?rest_route=\/wp\/v2\/types\/post"}],"author":[{"embeddable":true,"href":"https:\/\/kibrisdakik.com\/index.php?rest_route=\/wp\/v2\/users\/1"}],"replies":[{"embeddable":true,"href":"https:\/\/kibrisdakik.com\/index.php?rest_route=%2Fwp%2Fv2%2Fcomments&post=35694"}],"version-history":[{"count":0,"href":"https:\/\/kibrisdakik.com\/index.php?rest_route=\/wp\/v2\/posts\/35694\/revisions"}],"wp:featuredmedia":[{"embeddable":true,"href":"https:\/\/kibrisdakik.com\/index.php?rest_route=\/wp\/v2\/media\/35695"}],"wp:attachment":[{"href":"https:\/\/kibrisdakik.com\/index.php?rest_route=%2Fwp%2Fv2%2Fmedia&parent=35694"}],"wp:term":[{"taxonomy":"category","embeddable":true,"href":"https:\/\/kibrisdakik.com\/index.php?rest_route=%2Fwp%2Fv2%2Fcategories&post=35694"},{"taxonomy":"post_tag","embeddable":true,"href":"https:\/\/kibrisdakik.com\/index.php?rest_route=%2Fwp%2Fv2%2Ftags&post=35694"}],"curies":[{"name":"wp","href":"https:\/\/api.w.org\/{rel}","templated":true}]}}