{"id":35720,"date":"2024-03-26T04:12:04","date_gmt":"2024-03-26T04:12:04","guid":{"rendered":"https:\/\/kibrisdakik.com\/index.php\/2024\/03\/26\/kuvvetli-ruzgar-yarin-ogleye-kadar-surecek-yer-yer-sagnak-da-bekleniyor-2\/"},"modified":"2024-03-26T04:12:04","modified_gmt":"2024-03-26T04:12:04","slug":"kuvvetli-ruzgar-yarin-ogleye-kadar-surecek-yer-yer-sagnak-da-bekleniyor-2","status":"publish","type":"post","link":"https:\/\/kibrisdakik.com\/?p=35720","title":{"rendered":"Kuvvetli r\u00fczgar yar\u0131n \u00f6\u011fleye kadar s\u00fcrecek, yer yer sa\u011fnak da bekleniyor"},"content":{"rendered":"<p><img decoding=\"async\" src=\"https:\/\/www.kibristurk.com\/images\/haberler\/2024\/03\/kuvvetli-ruzgar-yarin-ogleye-kadar-surecek-yer-yer-sagnak-da-bekleniyor-1711373255.webp\" \/><\/p>\n<p><span style=\"font-size:12pt\"><span style=\"font-family:Calibri,sans-serif\">Dairenin 1 Nisan\u2019a kadarki hava tahmini raporuna g\u00f6re, yar\u0131n \u00f6\u011fleye kadar yer yer sa\u011fanak, 28 Mart Per\u015fembe sabah saatleri yer yer sisli, 29 Mart Cuma g\u00fcn\u00fcn ilk saatleri yer yer sa\u011fanak bekleniyor. Di\u011fer g\u00fcnler az bulutlu veya par\u00e7al\u0131 bulutlu olacak.<\/span><\/span><\/p>\n<p>&nbsp;<\/p>\n<p><span style=\"font-size:12pt\"><span style=\"font-family:Calibri,sans-serif\">En y\u00fcksek hava s\u0131cakl\u0131\u011f\u0131 genellikle i\u00e7 kesimlerde ve sahillerde 23 &#8211; 26 \u00baC dolaylar\u0131nda olacak.<\/span><\/span><\/p>\n<p>&nbsp;<\/p>\n<p><span style=\"font-size:12pt\"><span style=\"font-family:Calibri,sans-serif\">R\u00fczgar genellikle kuzey ve do\u011fu y\u00f6nlerden orta kuvvette, yar\u0131n \u00f6\u011fleye kadar g\u00fcney ve bat\u0131dan kuvvetli, yer yer f\u0131rt\u0131na \u015feklinde esecek.<\/span><\/span><\/p>\n","protected":false},"excerpt":{"rendered":"<p>Dairenin 1 Nisan\u2019a kadarki hava tahmini raporuna g\u00f6re, yar\u0131n \u00f6\u011fleye kadar yer yer sa\u011fanak, 28 Mart Per\u015fembe sabah saatleri yer yer sisli, 29 Mart Cuma g\u00fcn\u00fcn ilk saatleri yer yer sa\u011fanak bekleniyor. Di\u011fer g\u00fcnler az bulutlu veya par\u00e7al\u0131 bulutlu olacak. &nbsp; En y\u00fcksek hava s\u0131cakl\u0131\u011f\u0131 genellikle i\u00e7 kesimlerde ve sahillerde 23 &#8211; 26 \u00baC dolaylar\u0131nda<\/p>\n","protected":false},"author":1,"featured_media":35721,"comment_status":"open","ping_status":"open","sticky":false,"template":"","format":"standard","meta":{"footnotes":""},"categories":[85],"tags":[],"class_list":["post-35720","post","type-post","status-publish","format-standard","has-post-thumbnail","hentry","category-spor"],"yoast_head":"<!-- This site is optimized with the Yoast SEO plugin v27.4 - https:\/\/yoast.com\/product\/yoast-seo-wordpress\/ -->\n<title>Kuvvetli r\u00fczgar yar\u0131n \u00f6\u011fleye kadar s\u00fcrecek, yer yer sa\u011fnak da bekleniyor -<\/title>\n<meta name=\"robots\" content=\"index, follow, max-snippet:-1, max-image-preview:large, max-video-preview:-1\" \/>\n<link rel=\"canonical\" href=\"https:\/\/kibrisdakik.com\/?p=35720\" \/>\n<meta property=\"og:locale\" content=\"tr_TR\" \/>\n<meta property=\"og:type\" content=\"article\" \/>\n<meta property=\"og:title\" content=\"Kuvvetli r\u00fczgar yar\u0131n \u00f6\u011fleye kadar s\u00fcrecek, yer yer sa\u011fnak da bekleniyor -\" \/>\n<meta property=\"og:description\" content=\"Dairenin 1 Nisan\u2019a kadarki hava tahmini raporuna g\u00f6re, yar\u0131n \u00f6\u011fleye kadar yer yer sa\u011fanak, 28 Mart Per\u015fembe sabah saatleri yer yer sisli, 29 Mart Cuma g\u00fcn\u00fcn ilk saatleri yer yer sa\u011fanak bekleniyor. Di\u011fer g\u00fcnler az bulutlu veya par\u00e7al\u0131 bulutlu olacak. &nbsp; En y\u00fcksek hava s\u0131cakl\u0131\u011f\u0131 genellikle i\u00e7 kesimlerde ve sahillerde 23 &#8211; 26 \u00baC dolaylar\u0131nda\" \/>\n<meta property=\"og:url\" content=\"https:\/\/kibrisdakik.com\/?p=35720\" \/>\n<meta property=\"article:published_time\" content=\"2024-03-26T04:12:04+00:00\" \/>\n<meta property=\"og:image\" content=\"https:\/\/kibrisdakik.com\/wp-content\/uploads\/2024\/03\/kuvvetli-ruzgar-yarin-ogleye-kadar-surecek-yer-yer-sagnak-da-bekleniyor-1711373255.webp.webp\" \/>\n\t<meta property=\"og:image:width\" content=\"710\" \/>\n\t<meta property=\"og:image:height\" content=\"370\" \/>\n\t<meta property=\"og:image:type\" content=\"image\/webp\" \/>\n<meta name=\"author\" content=\"admin\" \/>\n<meta name=\"twitter:card\" content=\"summary_large_image\" \/>\n<meta name=\"twitter:label1\" content=\"Yazan:\" \/>\n\t<meta name=\"twitter:data1\" content=\"admin\" \/>\n<script type=\"application\/ld+json\" class=\"yoast-schema-graph\">{\"@context\":\"https:\\\/\\\/schema.org\",\"@graph\":[{\"@type\":\"Article\",\"@id\":\"https:\\\/\\\/kibrisdakik.com\\\/?p=35720#article\",\"isPartOf\":{\"@id\":\"https:\\\/\\\/kibrisdakik.com\\\/?p=35720\"},\"author\":{\"name\":\"admin\",\"@id\":\"https:\\\/\\\/kibrisdakik.com\\\/#\\\/schema\\\/person\\\/9cd9d437bbb44f72b73ba127e06d8e79\"},\"headline\":\"Kuvvetli r\u00fczgar yar\u0131n \u00f6\u011fleye kadar s\u00fcrecek, yer yer sa\u011fnak da bekleniyor\",\"datePublished\":\"2024-03-26T04:12:04+00:00\",\"mainEntityOfPage\":{\"@id\":\"https:\\\/\\\/kibrisdakik.com\\\/?p=35720\"},\"wordCount\":109,\"commentCount\":0,\"image\":{\"@id\":\"https:\\\/\\\/kibrisdakik.com\\\/?p=35720#primaryimage\"},\"thumbnailUrl\":\"https:\\\/\\\/kibrisdakik.com\\\/wp-content\\\/uploads\\\/2024\\\/03\\\/kuvvetli-ruzgar-yarin-ogleye-kadar-surecek-yer-yer-sagnak-da-bekleniyor-1711373255.webp.webp\",\"articleSection\":[\"Spor\"],\"inLanguage\":\"tr\",\"potentialAction\":[{\"@type\":\"CommentAction\",\"name\":\"Comment\",\"target\":[\"https:\\\/\\\/kibrisdakik.com\\\/?p=35720#respond\"]}]},{\"@type\":\"WebPage\",\"@id\":\"https:\\\/\\\/kibrisdakik.com\\\/?p=35720\",\"url\":\"https:\\\/\\\/kibrisdakik.com\\\/?p=35720\",\"name\":\"Kuvvetli r\u00fczgar yar\u0131n \u00f6\u011fleye kadar s\u00fcrecek, yer yer sa\u011fnak da bekleniyor -\",\"isPartOf\":{\"@id\":\"https:\\\/\\\/kibrisdakik.com\\\/#website\"},\"primaryImageOfPage\":{\"@id\":\"https:\\\/\\\/kibrisdakik.com\\\/?p=35720#primaryimage\"},\"image\":{\"@id\":\"https:\\\/\\\/kibrisdakik.com\\\/?p=35720#primaryimage\"},\"thumbnailUrl\":\"https:\\\/\\\/kibrisdakik.com\\\/wp-content\\\/uploads\\\/2024\\\/03\\\/kuvvetli-ruzgar-yarin-ogleye-kadar-surecek-yer-yer-sagnak-da-bekleniyor-1711373255.webp.webp\",\"datePublished\":\"2024-03-26T04:12:04+00:00\",\"author\":{\"@id\":\"https:\\\/\\\/kibrisdakik.com\\\/#\\\/schema\\\/person\\\/9cd9d437bbb44f72b73ba127e06d8e79\"},\"breadcrumb\":{\"@id\":\"https:\\\/\\\/kibrisdakik.com\\\/?p=35720#breadcrumb\"},\"inLanguage\":\"tr\",\"potentialAction\":[{\"@type\":\"ReadAction\",\"target\":[\"https:\\\/\\\/kibrisdakik.com\\\/?p=35720\"]}]},{\"@type\":\"ImageObject\",\"inLanguage\":\"tr\",\"@id\":\"https:\\\/\\\/kibrisdakik.com\\\/?p=35720#primaryimage\",\"url\":\"https:\\\/\\\/kibrisdakik.com\\\/wp-content\\\/uploads\\\/2024\\\/03\\\/kuvvetli-ruzgar-yarin-ogleye-kadar-surecek-yer-yer-sagnak-da-bekleniyor-1711373255.webp.webp\",\"contentUrl\":\"https:\\\/\\\/kibrisdakik.com\\\/wp-content\\\/uploads\\\/2024\\\/03\\\/kuvvetli-ruzgar-yarin-ogleye-kadar-surecek-yer-yer-sagnak-da-bekleniyor-1711373255.webp.webp\",\"width\":710,\"height\":370},{\"@type\":\"BreadcrumbList\",\"@id\":\"https:\\\/\\\/kibrisdakik.com\\\/?p=35720#breadcrumb\",\"itemListElement\":[{\"@type\":\"ListItem\",\"position\":1,\"name\":\"Home\",\"item\":\"https:\\\/\\\/kibrisdakik.com\\\/\"},{\"@type\":\"ListItem\",\"position\":2,\"name\":\"Kuvvetli r\u00fczgar yar\u0131n \u00f6\u011fleye kadar s\u00fcrecek, yer yer sa\u011fnak da bekleniyor\"}]},{\"@type\":\"WebSite\",\"@id\":\"https:\\\/\\\/kibrisdakik.com\\\/#website\",\"url\":\"https:\\\/\\\/kibrisdakik.com\\\/\",\"name\":\"\",\"description\":\"Tam vaktinde haber\",\"potentialAction\":[{\"@type\":\"SearchAction\",\"target\":{\"@type\":\"EntryPoint\",\"urlTemplate\":\"https:\\\/\\\/kibrisdakik.com\\\/?s={search_term_string}\"},\"query-input\":{\"@type\":\"PropertyValueSpecification\",\"valueRequired\":true,\"valueName\":\"search_term_string\"}}],\"inLanguage\":\"tr\"},{\"@type\":\"Person\",\"@id\":\"https:\\\/\\\/kibrisdakik.com\\\/#\\\/schema\\\/person\\\/9cd9d437bbb44f72b73ba127e06d8e79\",\"name\":\"admin\",\"image\":{\"@type\":\"ImageObject\",\"inLanguage\":\"tr\",\"@id\":\"https:\\\/\\\/secure.gravatar.com\\\/avatar\\\/ccc17943b9d660506c869530f897617f7cb1c21a4bf30023f252596d83e1f007?s=96&d=mm&r=g\",\"url\":\"https:\\\/\\\/secure.gravatar.com\\\/avatar\\\/ccc17943b9d660506c869530f897617f7cb1c21a4bf30023f252596d83e1f007?s=96&d=mm&r=g\",\"contentUrl\":\"https:\\\/\\\/secure.gravatar.com\\\/avatar\\\/ccc17943b9d660506c869530f897617f7cb1c21a4bf30023f252596d83e1f007?s=96&d=mm&r=g\",\"caption\":\"admin\"},\"sameAs\":[\"https:\\\/\\\/kibrisdakik.com\"],\"url\":\"https:\\\/\\\/kibrisdakik.com\\\/?author=1\"}]}<\/script>\n<!-- \/ Yoast SEO plugin. -->","yoast_head_json":{"title":"Kuvvetli r\u00fczgar yar\u0131n \u00f6\u011fleye kadar s\u00fcrecek, yer yer sa\u011fnak da bekleniyor -","robots":{"index":"index","follow":"follow","max-snippet":"max-snippet:-1","max-image-preview":"max-image-preview:large","max-video-preview":"max-video-preview:-1"},"canonical":"https:\/\/kibrisdakik.com\/?p=35720","og_locale":"tr_TR","og_type":"article","og_title":"Kuvvetli r\u00fczgar yar\u0131n \u00f6\u011fleye kadar s\u00fcrecek, yer yer sa\u011fnak da bekleniyor -","og_description":"Dairenin 1 Nisan\u2019a kadarki hava tahmini raporuna g\u00f6re, yar\u0131n \u00f6\u011fleye kadar yer yer sa\u011fanak, 28 Mart Per\u015fembe sabah saatleri yer yer sisli, 29 Mart Cuma g\u00fcn\u00fcn ilk saatleri yer yer sa\u011fanak bekleniyor. Di\u011fer g\u00fcnler az bulutlu veya par\u00e7al\u0131 bulutlu olacak. &nbsp; En y\u00fcksek hava s\u0131cakl\u0131\u011f\u0131 genellikle i\u00e7 kesimlerde ve sahillerde 23 &#8211; 26 \u00baC dolaylar\u0131nda","og_url":"https:\/\/kibrisdakik.com\/?p=35720","article_published_time":"2024-03-26T04:12:04+00:00","og_image":[{"width":710,"height":370,"url":"https:\/\/kibrisdakik.com\/wp-content\/uploads\/2024\/03\/kuvvetli-ruzgar-yarin-ogleye-kadar-surecek-yer-yer-sagnak-da-bekleniyor-1711373255.webp.webp","type":"image\/webp"}],"author":"admin","twitter_card":"summary_large_image","twitter_misc":{"Yazan:":"admin"},"schema":{"@context":"https:\/\/schema.org","@graph":[{"@type":"Article","@id":"https:\/\/kibrisdakik.com\/?p=35720#article","isPartOf":{"@id":"https:\/\/kibrisdakik.com\/?p=35720"},"author":{"name":"admin","@id":"https:\/\/kibrisdakik.com\/#\/schema\/person\/9cd9d437bbb44f72b73ba127e06d8e79"},"headline":"Kuvvetli r\u00fczgar yar\u0131n \u00f6\u011fleye kadar s\u00fcrecek, yer yer sa\u011fnak da bekleniyor","datePublished":"2024-03-26T04:12:04+00:00","mainEntityOfPage":{"@id":"https:\/\/kibrisdakik.com\/?p=35720"},"wordCount":109,"commentCount":0,"image":{"@id":"https:\/\/kibrisdakik.com\/?p=35720#primaryimage"},"thumbnailUrl":"https:\/\/kibrisdakik.com\/wp-content\/uploads\/2024\/03\/kuvvetli-ruzgar-yarin-ogleye-kadar-surecek-yer-yer-sagnak-da-bekleniyor-1711373255.webp.webp","articleSection":["Spor"],"inLanguage":"tr","potentialAction":[{"@type":"CommentAction","name":"Comment","target":["https:\/\/kibrisdakik.com\/?p=35720#respond"]}]},{"@type":"WebPage","@id":"https:\/\/kibrisdakik.com\/?p=35720","url":"https:\/\/kibrisdakik.com\/?p=35720","name":"Kuvvetli r\u00fczgar yar\u0131n \u00f6\u011fleye kadar s\u00fcrecek, yer yer sa\u011fnak da bekleniyor -","isPartOf":{"@id":"https:\/\/kibrisdakik.com\/#website"},"primaryImageOfPage":{"@id":"https:\/\/kibrisdakik.com\/?p=35720#primaryimage"},"image":{"@id":"https:\/\/kibrisdakik.com\/?p=35720#primaryimage"},"thumbnailUrl":"https:\/\/kibrisdakik.com\/wp-content\/uploads\/2024\/03\/kuvvetli-ruzgar-yarin-ogleye-kadar-surecek-yer-yer-sagnak-da-bekleniyor-1711373255.webp.webp","datePublished":"2024-03-26T04:12:04+00:00","author":{"@id":"https:\/\/kibrisdakik.com\/#\/schema\/person\/9cd9d437bbb44f72b73ba127e06d8e79"},"breadcrumb":{"@id":"https:\/\/kibrisdakik.com\/?p=35720#breadcrumb"},"inLanguage":"tr","potentialAction":[{"@type":"ReadAction","target":["https:\/\/kibrisdakik.com\/?p=35720"]}]},{"@type":"ImageObject","inLanguage":"tr","@id":"https:\/\/kibrisdakik.com\/?p=35720#primaryimage","url":"https:\/\/kibrisdakik.com\/wp-content\/uploads\/2024\/03\/kuvvetli-ruzgar-yarin-ogleye-kadar-surecek-yer-yer-sagnak-da-bekleniyor-1711373255.webp.webp","contentUrl":"https:\/\/kibrisdakik.com\/wp-content\/uploads\/2024\/03\/kuvvetli-ruzgar-yarin-ogleye-kadar-surecek-yer-yer-sagnak-da-bekleniyor-1711373255.webp.webp","width":710,"height":370},{"@type":"BreadcrumbList","@id":"https:\/\/kibrisdakik.com\/?p=35720#breadcrumb","itemListElement":[{"@type":"ListItem","position":1,"name":"Home","item":"https:\/\/kibrisdakik.com\/"},{"@type":"ListItem","position":2,"name":"Kuvvetli r\u00fczgar yar\u0131n \u00f6\u011fleye kadar s\u00fcrecek, yer yer sa\u011fnak da bekleniyor"}]},{"@type":"WebSite","@id":"https:\/\/kibrisdakik.com\/#website","url":"https:\/\/kibrisdakik.com\/","name":"","description":"Tam vaktinde haber","potentialAction":[{"@type":"SearchAction","target":{"@type":"EntryPoint","urlTemplate":"https:\/\/kibrisdakik.com\/?s={search_term_string}"},"query-input":{"@type":"PropertyValueSpecification","valueRequired":true,"valueName":"search_term_string"}}],"inLanguage":"tr"},{"@type":"Person","@id":"https:\/\/kibrisdakik.com\/#\/schema\/person\/9cd9d437bbb44f72b73ba127e06d8e79","name":"admin","image":{"@type":"ImageObject","inLanguage":"tr","@id":"https:\/\/secure.gravatar.com\/avatar\/ccc17943b9d660506c869530f897617f7cb1c21a4bf30023f252596d83e1f007?s=96&d=mm&r=g","url":"https:\/\/secure.gravatar.com\/avatar\/ccc17943b9d660506c869530f897617f7cb1c21a4bf30023f252596d83e1f007?s=96&d=mm&r=g","contentUrl":"https:\/\/secure.gravatar.com\/avatar\/ccc17943b9d660506c869530f897617f7cb1c21a4bf30023f252596d83e1f007?s=96&d=mm&r=g","caption":"admin"},"sameAs":["https:\/\/kibrisdakik.com"],"url":"https:\/\/kibrisdakik.com\/?author=1"}]}},"_links":{"self":[{"href":"https:\/\/kibrisdakik.com\/index.php?rest_route=\/wp\/v2\/posts\/35720","targetHints":{"allow":["GET"]}}],"collection":[{"href":"https:\/\/kibrisdakik.com\/index.php?rest_route=\/wp\/v2\/posts"}],"about":[{"href":"https:\/\/kibrisdakik.com\/index.php?rest_route=\/wp\/v2\/types\/post"}],"author":[{"embeddable":true,"href":"https:\/\/kibrisdakik.com\/index.php?rest_route=\/wp\/v2\/users\/1"}],"replies":[{"embeddable":true,"href":"https:\/\/kibrisdakik.com\/index.php?rest_route=%2Fwp%2Fv2%2Fcomments&post=35720"}],"version-history":[{"count":0,"href":"https:\/\/kibrisdakik.com\/index.php?rest_route=\/wp\/v2\/posts\/35720\/revisions"}],"wp:featuredmedia":[{"embeddable":true,"href":"https:\/\/kibrisdakik.com\/index.php?rest_route=\/wp\/v2\/media\/35721"}],"wp:attachment":[{"href":"https:\/\/kibrisdakik.com\/index.php?rest_route=%2Fwp%2Fv2%2Fmedia&parent=35720"}],"wp:term":[{"taxonomy":"category","embeddable":true,"href":"https:\/\/kibrisdakik.com\/index.php?rest_route=%2Fwp%2Fv2%2Fcategories&post=35720"},{"taxonomy":"post_tag","embeddable":true,"href":"https:\/\/kibrisdakik.com\/index.php?rest_route=%2Fwp%2Fv2%2Ftags&post=35720"}],"curies":[{"name":"wp","href":"https:\/\/api.w.org\/{rel}","templated":true}]}}