{"id":35776,"date":"2024-03-26T14:20:51","date_gmt":"2024-03-26T14:20:51","guid":{"rendered":"https:\/\/kibrisdakik.com\/index.php\/2024\/03\/26\/turkiye-icin-sahra-colunden-kalkis-yapti\/"},"modified":"2024-03-26T14:20:51","modified_gmt":"2024-03-26T14:20:51","slug":"turkiye-icin-sahra-colunden-kalkis-yapti","status":"publish","type":"post","link":"https:\/\/kibrisdakik.com\/?p=35776","title":{"rendered":"T\u00fcrkiye i\u00e7in Sahra \u00c7\u00f6l\u00fc&#039;nden kalk\u0131\u015f yapt\u0131"},"content":{"rendered":"<p><\/p>\n<p>T\u00fcrkiye&#8217;ye Afrika \u00fczerinden gelen yeni \u00e7\u00f6l tozlar\u0131yla ilgili uzmanlar taraf\u0131ndan bilgilendirme ge\u00e7ilmeye devam ediliyor.&nbsp;<\/p>\n<p>Meteorolojik kaynaklar taraf\u0131ndan T\u00fcrkiye hakk\u0131nda fla\u015f bir haber verildi. T\u00fcrkiye i\u00e7in Sahra \u00c7\u00f6l\u00fc&#8217;nden kalk\u0131\u015f yapt\u0131, Hatay, Adana, Osmaniye, Mersin \u00fczerinden T\u00fcrkiye&#8217;ye girecek&nbsp;sal\u0131&nbsp;gece \u00e7ar\u015famba bu i\u015f tamam.,<\/p>\n<p><strong>&#8220;SALI GECE, \u00c7AR\u015eAMBA VE PER\u015eEMBE G\u00d6R\u00dcL\u00dcR&#8221;&nbsp;<\/strong><\/p>\n<p>Meteoroloji uzman\u0131 Orhan \u015een, sosyal medya hesab\u0131ndan konu hakk\u0131nda yapt\u0131\u011f\u0131 payla\u015f\u0131mda \u015fu ifadelere yer verdi:&nbsp;<\/p>\n<p>&#8220;Bu aylarda Sahra \u00e7\u00f6l\u00fcnden kalkan tozlar akdeniz ve avrupa \u00fczerinden T\u00fcrkiye \u00fczerine ta\u015f\u0131n\u0131r. Bu ta\u015f\u0131nma y\u00fczeyden de\u011fil, \u00fcst atmosfer r\u00fczgarlar\u0131na g\u00f6re yol al\u0131r. Bu gece, \u00e7ar\u015famba, per\u015fembe bu yollarla Marmara kuzey ege ve i\u00e7 anadolu b\u00f6lgesine &#8220;orta-hassas&#8221; seviyesinde ta\u015f\u0131nma var&#8221;&nbsp;<\/p>\n<p><img decoding=\"async\" alt=\"T\u00fcrkiye i\u00e7in Sahra \u00c7\u00f6l\u00fc'nden kalk\u0131\u015f yapt\u0131, Hatay, Adana, Osmaniye, Mersin \u00fczerinden T\u00fcrkiye'ye girecek sal\u0131 gece \u00e7ar\u015famba bu i\u015f tamam - Resim : 1\" src=\"https:\/\/img.tv100.com\/rcman\/Cw697h234q95gm\/storage\/files\/images\/2024\/03\/26\/beyaz-beyaz-asdasd-gma4.jpg\" style=\"height:234px;width:697px\" \/><\/p>\n<p>&nbsp;<\/p>\n","protected":false},"excerpt":{"rendered":"<p>T\u00fcrkiye&#8217;ye Afrika \u00fczerinden gelen yeni \u00e7\u00f6l tozlar\u0131yla ilgili uzmanlar taraf\u0131ndan bilgilendirme ge\u00e7ilmeye devam ediliyor.&nbsp; Meteorolojik kaynaklar taraf\u0131ndan T\u00fcrkiye hakk\u0131nda fla\u015f bir haber verildi. T\u00fcrkiye i\u00e7in Sahra \u00c7\u00f6l\u00fc&#8217;nden kalk\u0131\u015f yapt\u0131, Hatay, Adana, Osmaniye, Mersin \u00fczerinden T\u00fcrkiye&#8217;ye girecek&nbsp;sal\u0131&nbsp;gece \u00e7ar\u015famba bu i\u015f tamam., &#8220;SALI GECE, \u00c7AR\u015eAMBA VE PER\u015eEMBE G\u00d6R\u00dcL\u00dcR&#8221;&nbsp; Meteoroloji uzman\u0131 Orhan \u015een, sosyal medya hesab\u0131ndan konu hakk\u0131nda<\/p>\n","protected":false},"author":1,"featured_media":35777,"comment_status":"open","ping_status":"open","sticky":false,"template":"","format":"standard","meta":{"footnotes":""},"categories":[85],"tags":[],"class_list":["post-35776","post","type-post","status-publish","format-standard","has-post-thumbnail","hentry","category-spor"],"yoast_head":"<!-- This site is optimized with the Yoast SEO plugin v27.4 - https:\/\/yoast.com\/product\/yoast-seo-wordpress\/ -->\n<title>T\u00fcrkiye i\u00e7in Sahra \u00c7\u00f6l\u00fc&#039;nden kalk\u0131\u015f yapt\u0131 -<\/title>\n<meta name=\"robots\" content=\"index, follow, max-snippet:-1, max-image-preview:large, max-video-preview:-1\" \/>\n<link rel=\"canonical\" href=\"https:\/\/kibrisdakik.com\/?p=35776\" \/>\n<meta property=\"og:locale\" content=\"tr_TR\" \/>\n<meta property=\"og:type\" content=\"article\" \/>\n<meta property=\"og:title\" content=\"T\u00fcrkiye i\u00e7in Sahra \u00c7\u00f6l\u00fc&#039;nden kalk\u0131\u015f yapt\u0131 -\" \/>\n<meta property=\"og:description\" content=\"T\u00fcrkiye&#8217;ye Afrika \u00fczerinden gelen yeni \u00e7\u00f6l tozlar\u0131yla ilgili uzmanlar taraf\u0131ndan bilgilendirme ge\u00e7ilmeye devam ediliyor.&nbsp; Meteorolojik kaynaklar taraf\u0131ndan T\u00fcrkiye hakk\u0131nda fla\u015f bir haber verildi. T\u00fcrkiye i\u00e7in Sahra \u00c7\u00f6l\u00fc&#8217;nden kalk\u0131\u015f yapt\u0131, Hatay, Adana, Osmaniye, Mersin \u00fczerinden T\u00fcrkiye&#8217;ye girecek&nbsp;sal\u0131&nbsp;gece \u00e7ar\u015famba bu i\u015f tamam., &#8220;SALI GECE, \u00c7AR\u015eAMBA VE PER\u015eEMBE G\u00d6R\u00dcL\u00dcR&#8221;&nbsp; Meteoroloji uzman\u0131 Orhan \u015een, sosyal medya hesab\u0131ndan konu hakk\u0131nda\" \/>\n<meta property=\"og:url\" content=\"https:\/\/kibrisdakik.com\/?p=35776\" \/>\n<meta property=\"article:published_time\" content=\"2024-03-26T14:20:51+00:00\" \/>\n<meta property=\"og:image\" content=\"https:\/\/kibrisdakik.com\/wp-content\/uploads\/2024\/03\/beyaz-beyaz-asdasd-gma4.jpg\" \/>\n\t<meta property=\"og:image:width\" content=\"697\" \/>\n\t<meta property=\"og:image:height\" content=\"234\" \/>\n\t<meta property=\"og:image:type\" content=\"image\/jpeg\" \/>\n<meta name=\"author\" content=\"admin\" \/>\n<meta name=\"twitter:card\" content=\"summary_large_image\" \/>\n<meta name=\"twitter:label1\" content=\"Yazan:\" \/>\n\t<meta name=\"twitter:data1\" content=\"admin\" \/>\n\t<meta name=\"twitter:label2\" content=\"Tahmini okuma s\u00fcresi\" \/>\n\t<meta name=\"twitter:data2\" content=\"1 dakika\" \/>\n<script type=\"application\/ld+json\" class=\"yoast-schema-graph\">{\"@context\":\"https:\\\/\\\/schema.org\",\"@graph\":[{\"@type\":\"Article\",\"@id\":\"https:\\\/\\\/kibrisdakik.com\\\/?p=35776#article\",\"isPartOf\":{\"@id\":\"https:\\\/\\\/kibrisdakik.com\\\/?p=35776\"},\"author\":{\"name\":\"admin\",\"@id\":\"https:\\\/\\\/kibrisdakik.com\\\/#\\\/schema\\\/person\\\/9cd9d437bbb44f72b73ba127e06d8e79\"},\"headline\":\"T\u00fcrkiye i\u00e7in Sahra \u00c7\u00f6l\u00fc&#039;nden kalk\u0131\u015f yapt\u0131\",\"datePublished\":\"2024-03-26T14:20:51+00:00\",\"mainEntityOfPage\":{\"@id\":\"https:\\\/\\\/kibrisdakik.com\\\/?p=35776\"},\"wordCount\":154,\"commentCount\":0,\"image\":{\"@id\":\"https:\\\/\\\/kibrisdakik.com\\\/?p=35776#primaryimage\"},\"thumbnailUrl\":\"https:\\\/\\\/kibrisdakik.com\\\/wp-content\\\/uploads\\\/2024\\\/03\\\/beyaz-beyaz-asdasd-gma4.jpg\",\"articleSection\":[\"Spor\"],\"inLanguage\":\"tr\",\"potentialAction\":[{\"@type\":\"CommentAction\",\"name\":\"Comment\",\"target\":[\"https:\\\/\\\/kibrisdakik.com\\\/?p=35776#respond\"]}]},{\"@type\":\"WebPage\",\"@id\":\"https:\\\/\\\/kibrisdakik.com\\\/?p=35776\",\"url\":\"https:\\\/\\\/kibrisdakik.com\\\/?p=35776\",\"name\":\"T\u00fcrkiye i\u00e7in Sahra \u00c7\u00f6l\u00fc&#039;nden kalk\u0131\u015f yapt\u0131 -\",\"isPartOf\":{\"@id\":\"https:\\\/\\\/kibrisdakik.com\\\/#website\"},\"primaryImageOfPage\":{\"@id\":\"https:\\\/\\\/kibrisdakik.com\\\/?p=35776#primaryimage\"},\"image\":{\"@id\":\"https:\\\/\\\/kibrisdakik.com\\\/?p=35776#primaryimage\"},\"thumbnailUrl\":\"https:\\\/\\\/kibrisdakik.com\\\/wp-content\\\/uploads\\\/2024\\\/03\\\/beyaz-beyaz-asdasd-gma4.jpg\",\"datePublished\":\"2024-03-26T14:20:51+00:00\",\"author\":{\"@id\":\"https:\\\/\\\/kibrisdakik.com\\\/#\\\/schema\\\/person\\\/9cd9d437bbb44f72b73ba127e06d8e79\"},\"breadcrumb\":{\"@id\":\"https:\\\/\\\/kibrisdakik.com\\\/?p=35776#breadcrumb\"},\"inLanguage\":\"tr\",\"potentialAction\":[{\"@type\":\"ReadAction\",\"target\":[\"https:\\\/\\\/kibrisdakik.com\\\/?p=35776\"]}]},{\"@type\":\"ImageObject\",\"inLanguage\":\"tr\",\"@id\":\"https:\\\/\\\/kibrisdakik.com\\\/?p=35776#primaryimage\",\"url\":\"https:\\\/\\\/kibrisdakik.com\\\/wp-content\\\/uploads\\\/2024\\\/03\\\/beyaz-beyaz-asdasd-gma4.jpg\",\"contentUrl\":\"https:\\\/\\\/kibrisdakik.com\\\/wp-content\\\/uploads\\\/2024\\\/03\\\/beyaz-beyaz-asdasd-gma4.jpg\",\"width\":697,\"height\":234},{\"@type\":\"BreadcrumbList\",\"@id\":\"https:\\\/\\\/kibrisdakik.com\\\/?p=35776#breadcrumb\",\"itemListElement\":[{\"@type\":\"ListItem\",\"position\":1,\"name\":\"Home\",\"item\":\"https:\\\/\\\/kibrisdakik.com\\\/\"},{\"@type\":\"ListItem\",\"position\":2,\"name\":\"T\u00fcrkiye i\u00e7in Sahra \u00c7\u00f6l\u00fc&#039;nden kalk\u0131\u015f yapt\u0131\"}]},{\"@type\":\"WebSite\",\"@id\":\"https:\\\/\\\/kibrisdakik.com\\\/#website\",\"url\":\"https:\\\/\\\/kibrisdakik.com\\\/\",\"name\":\"\",\"description\":\"Tam vaktinde haber\",\"potentialAction\":[{\"@type\":\"SearchAction\",\"target\":{\"@type\":\"EntryPoint\",\"urlTemplate\":\"https:\\\/\\\/kibrisdakik.com\\\/?s={search_term_string}\"},\"query-input\":{\"@type\":\"PropertyValueSpecification\",\"valueRequired\":true,\"valueName\":\"search_term_string\"}}],\"inLanguage\":\"tr\"},{\"@type\":\"Person\",\"@id\":\"https:\\\/\\\/kibrisdakik.com\\\/#\\\/schema\\\/person\\\/9cd9d437bbb44f72b73ba127e06d8e79\",\"name\":\"admin\",\"image\":{\"@type\":\"ImageObject\",\"inLanguage\":\"tr\",\"@id\":\"https:\\\/\\\/secure.gravatar.com\\\/avatar\\\/ccc17943b9d660506c869530f897617f7cb1c21a4bf30023f252596d83e1f007?s=96&d=mm&r=g\",\"url\":\"https:\\\/\\\/secure.gravatar.com\\\/avatar\\\/ccc17943b9d660506c869530f897617f7cb1c21a4bf30023f252596d83e1f007?s=96&d=mm&r=g\",\"contentUrl\":\"https:\\\/\\\/secure.gravatar.com\\\/avatar\\\/ccc17943b9d660506c869530f897617f7cb1c21a4bf30023f252596d83e1f007?s=96&d=mm&r=g\",\"caption\":\"admin\"},\"sameAs\":[\"https:\\\/\\\/kibrisdakik.com\"],\"url\":\"https:\\\/\\\/kibrisdakik.com\\\/?author=1\"}]}<\/script>\n<!-- \/ Yoast SEO plugin. -->","yoast_head_json":{"title":"T\u00fcrkiye i\u00e7in Sahra \u00c7\u00f6l\u00fc&#039;nden kalk\u0131\u015f yapt\u0131 -","robots":{"index":"index","follow":"follow","max-snippet":"max-snippet:-1","max-image-preview":"max-image-preview:large","max-video-preview":"max-video-preview:-1"},"canonical":"https:\/\/kibrisdakik.com\/?p=35776","og_locale":"tr_TR","og_type":"article","og_title":"T\u00fcrkiye i\u00e7in Sahra \u00c7\u00f6l\u00fc&#039;nden kalk\u0131\u015f yapt\u0131 -","og_description":"T\u00fcrkiye&#8217;ye Afrika \u00fczerinden gelen yeni \u00e7\u00f6l tozlar\u0131yla ilgili uzmanlar taraf\u0131ndan bilgilendirme ge\u00e7ilmeye devam ediliyor.&nbsp; Meteorolojik kaynaklar taraf\u0131ndan T\u00fcrkiye hakk\u0131nda fla\u015f bir haber verildi. T\u00fcrkiye i\u00e7in Sahra \u00c7\u00f6l\u00fc&#8217;nden kalk\u0131\u015f yapt\u0131, Hatay, Adana, Osmaniye, Mersin \u00fczerinden T\u00fcrkiye&#8217;ye girecek&nbsp;sal\u0131&nbsp;gece \u00e7ar\u015famba bu i\u015f tamam., &#8220;SALI GECE, \u00c7AR\u015eAMBA VE PER\u015eEMBE G\u00d6R\u00dcL\u00dcR&#8221;&nbsp; Meteoroloji uzman\u0131 Orhan \u015een, sosyal medya hesab\u0131ndan konu hakk\u0131nda","og_url":"https:\/\/kibrisdakik.com\/?p=35776","article_published_time":"2024-03-26T14:20:51+00:00","og_image":[{"width":697,"height":234,"url":"https:\/\/kibrisdakik.com\/wp-content\/uploads\/2024\/03\/beyaz-beyaz-asdasd-gma4.jpg","type":"image\/jpeg"}],"author":"admin","twitter_card":"summary_large_image","twitter_misc":{"Yazan:":"admin","Tahmini okuma s\u00fcresi":"1 dakika"},"schema":{"@context":"https:\/\/schema.org","@graph":[{"@type":"Article","@id":"https:\/\/kibrisdakik.com\/?p=35776#article","isPartOf":{"@id":"https:\/\/kibrisdakik.com\/?p=35776"},"author":{"name":"admin","@id":"https:\/\/kibrisdakik.com\/#\/schema\/person\/9cd9d437bbb44f72b73ba127e06d8e79"},"headline":"T\u00fcrkiye i\u00e7in Sahra \u00c7\u00f6l\u00fc&#039;nden kalk\u0131\u015f yapt\u0131","datePublished":"2024-03-26T14:20:51+00:00","mainEntityOfPage":{"@id":"https:\/\/kibrisdakik.com\/?p=35776"},"wordCount":154,"commentCount":0,"image":{"@id":"https:\/\/kibrisdakik.com\/?p=35776#primaryimage"},"thumbnailUrl":"https:\/\/kibrisdakik.com\/wp-content\/uploads\/2024\/03\/beyaz-beyaz-asdasd-gma4.jpg","articleSection":["Spor"],"inLanguage":"tr","potentialAction":[{"@type":"CommentAction","name":"Comment","target":["https:\/\/kibrisdakik.com\/?p=35776#respond"]}]},{"@type":"WebPage","@id":"https:\/\/kibrisdakik.com\/?p=35776","url":"https:\/\/kibrisdakik.com\/?p=35776","name":"T\u00fcrkiye i\u00e7in Sahra \u00c7\u00f6l\u00fc&#039;nden kalk\u0131\u015f yapt\u0131 -","isPartOf":{"@id":"https:\/\/kibrisdakik.com\/#website"},"primaryImageOfPage":{"@id":"https:\/\/kibrisdakik.com\/?p=35776#primaryimage"},"image":{"@id":"https:\/\/kibrisdakik.com\/?p=35776#primaryimage"},"thumbnailUrl":"https:\/\/kibrisdakik.com\/wp-content\/uploads\/2024\/03\/beyaz-beyaz-asdasd-gma4.jpg","datePublished":"2024-03-26T14:20:51+00:00","author":{"@id":"https:\/\/kibrisdakik.com\/#\/schema\/person\/9cd9d437bbb44f72b73ba127e06d8e79"},"breadcrumb":{"@id":"https:\/\/kibrisdakik.com\/?p=35776#breadcrumb"},"inLanguage":"tr","potentialAction":[{"@type":"ReadAction","target":["https:\/\/kibrisdakik.com\/?p=35776"]}]},{"@type":"ImageObject","inLanguage":"tr","@id":"https:\/\/kibrisdakik.com\/?p=35776#primaryimage","url":"https:\/\/kibrisdakik.com\/wp-content\/uploads\/2024\/03\/beyaz-beyaz-asdasd-gma4.jpg","contentUrl":"https:\/\/kibrisdakik.com\/wp-content\/uploads\/2024\/03\/beyaz-beyaz-asdasd-gma4.jpg","width":697,"height":234},{"@type":"BreadcrumbList","@id":"https:\/\/kibrisdakik.com\/?p=35776#breadcrumb","itemListElement":[{"@type":"ListItem","position":1,"name":"Home","item":"https:\/\/kibrisdakik.com\/"},{"@type":"ListItem","position":2,"name":"T\u00fcrkiye i\u00e7in Sahra \u00c7\u00f6l\u00fc&#039;nden kalk\u0131\u015f yapt\u0131"}]},{"@type":"WebSite","@id":"https:\/\/kibrisdakik.com\/#website","url":"https:\/\/kibrisdakik.com\/","name":"","description":"Tam vaktinde haber","potentialAction":[{"@type":"SearchAction","target":{"@type":"EntryPoint","urlTemplate":"https:\/\/kibrisdakik.com\/?s={search_term_string}"},"query-input":{"@type":"PropertyValueSpecification","valueRequired":true,"valueName":"search_term_string"}}],"inLanguage":"tr"},{"@type":"Person","@id":"https:\/\/kibrisdakik.com\/#\/schema\/person\/9cd9d437bbb44f72b73ba127e06d8e79","name":"admin","image":{"@type":"ImageObject","inLanguage":"tr","@id":"https:\/\/secure.gravatar.com\/avatar\/ccc17943b9d660506c869530f897617f7cb1c21a4bf30023f252596d83e1f007?s=96&d=mm&r=g","url":"https:\/\/secure.gravatar.com\/avatar\/ccc17943b9d660506c869530f897617f7cb1c21a4bf30023f252596d83e1f007?s=96&d=mm&r=g","contentUrl":"https:\/\/secure.gravatar.com\/avatar\/ccc17943b9d660506c869530f897617f7cb1c21a4bf30023f252596d83e1f007?s=96&d=mm&r=g","caption":"admin"},"sameAs":["https:\/\/kibrisdakik.com"],"url":"https:\/\/kibrisdakik.com\/?author=1"}]}},"_links":{"self":[{"href":"https:\/\/kibrisdakik.com\/index.php?rest_route=\/wp\/v2\/posts\/35776","targetHints":{"allow":["GET"]}}],"collection":[{"href":"https:\/\/kibrisdakik.com\/index.php?rest_route=\/wp\/v2\/posts"}],"about":[{"href":"https:\/\/kibrisdakik.com\/index.php?rest_route=\/wp\/v2\/types\/post"}],"author":[{"embeddable":true,"href":"https:\/\/kibrisdakik.com\/index.php?rest_route=\/wp\/v2\/users\/1"}],"replies":[{"embeddable":true,"href":"https:\/\/kibrisdakik.com\/index.php?rest_route=%2Fwp%2Fv2%2Fcomments&post=35776"}],"version-history":[{"count":0,"href":"https:\/\/kibrisdakik.com\/index.php?rest_route=\/wp\/v2\/posts\/35776\/revisions"}],"wp:featuredmedia":[{"embeddable":true,"href":"https:\/\/kibrisdakik.com\/index.php?rest_route=\/wp\/v2\/media\/35777"}],"wp:attachment":[{"href":"https:\/\/kibrisdakik.com\/index.php?rest_route=%2Fwp%2Fv2%2Fmedia&parent=35776"}],"wp:term":[{"taxonomy":"category","embeddable":true,"href":"https:\/\/kibrisdakik.com\/index.php?rest_route=%2Fwp%2Fv2%2Fcategories&post=35776"},{"taxonomy":"post_tag","embeddable":true,"href":"https:\/\/kibrisdakik.com\/index.php?rest_route=%2Fwp%2Fv2%2Ftags&post=35776"}],"curies":[{"name":"wp","href":"https:\/\/api.w.org\/{rel}","templated":true}]}}