{"id":35786,"date":"2024-03-26T16:20:15","date_gmt":"2024-03-26T16:20:15","guid":{"rendered":"https:\/\/kibrisdakik.com\/index.php\/2024\/03\/26\/meclis-genel-kurulu-calismalarini-tamamladi-3\/"},"modified":"2024-03-26T16:20:15","modified_gmt":"2024-03-26T16:20:15","slug":"meclis-genel-kurulu-calismalarini-tamamladi-3","status":"publish","type":"post","link":"https:\/\/kibrisdakik.com\/?p=35786","title":{"rendered":"Meclis Genel Kurulu \u00e7al\u0131\u015fmalar\u0131n\u0131 tamamlad\u0131"},"content":{"rendered":"<p><\/p>\n<div>\n<div class=\"mariselle-image-container none\">\n                <img loading=\"lazy\" decoding=\"async\" width=\"1600\" height=\"1066\" class=\"lazy-image\" alt=\"\" sizes=\"auto, (max-width: 1600px) 100vw, 1600px\" src=\"https:\/\/brtk.net\/wp-content\/uploads\/2024\/03\/26\/meclis-1-18.jpg?ver=bd8058da58d8ffcc38eb2ac059657a2e\" srcset=\"https:\/\/brtk.net\/wp-content\/uploads\/2024\/03\/26\/meclis-1-18.jpg?ver=bd8058da58d8ffcc38eb2ac059657a2e 1600w, https:\/\/brtk.net\/wp-content\/uploads\/2024\/03\/26\/meclis-1-18-300x200.jpg?ver=bd8058da58d8ffcc38eb2ac059657a2e 300w, https:\/\/brtk.net\/wp-content\/uploads\/2024\/03\/26\/meclis-1-18-1024x682.jpg?ver=bd8058da58d8ffcc38eb2ac059657a2e 1024w, https:\/\/brtk.net\/wp-content\/uploads\/2024\/03\/26\/meclis-1-18-768x512.jpg?ver=7dd65bfd3610f3455d49cf00540b022d 768w, https:\/\/brtk.net\/wp-content\/uploads\/2024\/03\/26\/meclis-1-18-1536x1023.jpg?ver=7dd65bfd3610f3455d49cf00540b022d 1536w\"\/>                            <\/div>\n<p>Meclis Genel Kurulu bug\u00fcnk\u00fc \u00e7al\u0131\u015fmalar\u0131n\u0131 tamamlad\u0131. Genel Kurulun bir sonraki toplant\u0131s\u0131\u00a0 1 Nisan\u2019da ger\u00e7ekle\u015ftirlecek.<\/p>\n<p>Genel Kurulda s\u00f6z alan \u0130\u00e7i\u015fleri Bakan\u0131 Dursun O\u011fuz, \u00fclkedeki sorunlar\u0131 bildiklerini dile getirerek, Maliye ve Ekonomi Bakanl\u0131\u011f\u0131n\u0131n marketlerle ilgili denetimler yapt\u0131\u011f\u0131n\u0131 s\u00f6yledi.<\/p>\n<p>\u00dclkedeki ka\u00e7ak sorununun hep dillendirildi\u011fini ve ka\u00e7ak say\u0131s\u0131n\u0131n bilinmedi\u011fini dile getiren O\u011fuz, \u00fclkeye ba\u015fka ama\u00e7larla gelip ba\u015fka ama\u00e7lar i\u00e7in kal\u0131nd\u0131\u011f\u0131n\u0131n tespit edildi\u011fini kaydetti.<\/p>\n<p>Denetim eksikli\u011finin her yerde oldu\u011funu ve\u00a0 denetimlerin yap\u0131lmas\u0131 gerekti\u011fini dile getiren O\u011fuz, denetim eksikli\u011finden kaynaklanan ve bug\u00fcn yap\u0131lan soru\u015fturmalar\u0131n da sonuna kadar gidilmesi gerekti\u011fini kaydetti.<\/p>\n<p>Temizlerin kirlileri temizlemesi gerekti\u011fini dile getiren O\u011fuz, yapan ile yapmayan\u0131n ay\u0131rt edilmesi gerekti\u011fini ve yapan\u0131n da cezas\u0131n\u0131 sonuna kadar \u00e7ekmesi gerekti\u011fini belirtti.<\/p>\n<p>Ki\u015filerin i\u015fedi\u011fi\u00a0 su\u00e7un partilere mal edilmemesi gerekti\u011fini dile getiren O\u011fuz, herkesin yapt\u0131\u011f\u0131n\u0131n bedelini \u00f6demesi gerekti\u011fini s\u00f6yledi.<\/p>\n<p>O\u011fuz, su\u00e7lu ile su\u00e7suzun ay\u0131rt edilmesi gerekti\u011fini kaydetti.<\/p>\n<p>\u00dclkeye \u00f6\u011frenci olarak gelenlerin \u00f6\u011frencilik yapmas\u0131 gerekti\u011fini dile getiren O\u011fuz, kurumlar\u0131n s\u00fcrekli denetlenmesi gerekti\u011fini s\u00f6yledi.<\/p>\n<p>Y\u00fcksek\u00f6\u011frenimin \u00f6nemli oldu\u011funu fakat \u00fclkenin g\u00fcvenli\u011finin daha \u00f6nemli oldu\u011funu dile getiren O\u011fuz, \u00fclkeye herkesin sokulmad\u0131\u011f\u0131n\u0131 s\u00f6yledi ve \u00fclkede kanunsuz kalanlar ile ilgili\u00a0 \u00e7al\u0131\u015fmalar yap\u0131ld\u0131\u011f\u0131n\u0131 kaydetti.<\/p>\n<p>O\u011fuz, i\u00e7erdeki kay\u0131t d\u0131\u015f\u0131 i\u015f g\u00fcc\u00fcn\u00fcn kay\u0131t alt\u0131na al\u0131nmas\u0131 ve yurt d\u0131\u015f\u0131ndaki kayna\u011f\u0131n \u00e7al\u0131\u015fmalar tamamlad\u0131ktan sonra a\u00e7\u0131lmas\u0131 konusunda \u00e7al\u0131\u015fma yap\u0131ld\u0131\u011f\u0131n\u0131 belirtti.<\/p>\n<p>Cumhuriyet\u00e7i T\u00fcrk Partisi Gazima\u011fusa Milletvekili Teberr\u00fcken Ulu\u00e7ay\u2019\u0131n, \u201c\u00c7ar\u015f\u0131, Ekonomi ve Siyaset\u201d konulu g\u00fcncel konu\u015fma yapt\u0131.<\/p>\n<p><a href=\"https:\/\/brtk.net\/\"\/><a href=\"https:\/\/brtk.net\/\"\/><a href=\"https:\/\/brtk.net\/\">KKTC<\/a>\u2019nin ya\u015famakta oldu\u011fu enflasyon bask\u0131s\u0131 ve raf fiyatlar\u0131na de\u011finen Ulu\u00e7ay, raf fiyatlar\u0131n\u0131n a\u00e7\u0131klanan enflasyonun \u00fczerinde oldu\u011funu ve insanlar\u0131n yoksulla\u015ft\u0131\u011f\u0131n\u0131 kaydetti. \u00a0<\/p>\n<p>\u0130statistik Kurumunun\u00a0 a\u00e7\u0131klad\u0131\u011f\u0131 rakamlar\u0131 payla\u015fan Ulu\u00e7ay, hayat pahal\u0131l\u0131\u011f\u0131 uygulamas\u0131n\u0131n y\u0131lda 3 kez \u00e7\u0131kar\u0131ld\u0131\u011f\u0131n\u0131 fakat y\u00fcksek enflasyon oldu\u011fu s\u00fcre\u00e7te hayat pahal\u0131l\u0131\u011f\u0131 uygulamas\u0131n\u0131n iki ayda bir olmas\u0131n\u0131n mant\u0131kl\u0131 olaca\u011f\u0131n\u0131 kaydetti.<\/p>\n<p>2022-2023 y\u0131l\u0131n\u0131n enflasyon oranlar\u0131n\u0131 okuyan Ulu\u00e7ay, hayat pahal\u0131l\u0131\u011f\u0131n\u0131n iki ayda bir yap\u0131lamas\u0131n\u0131n do\u011fru oldu\u011funu belirtti.<\/p>\n<p>\u00a0Ulu\u00e7ay, \u00a0d\u00fcnya genelinde g\u0131da fiyatlar\u0131 \u00fczerine yap\u0131lan ara\u015ft\u0131rmay\u0131 okuyarak, T\u00fcrkiye\u2019deki g\u0131da fiyatlar\u0131nda ya\u015fanan art\u0131\u015fa dikkat \u00e7ekti.<\/p>\n<p>T\u00fcrkiye\u2019de yap\u0131lan ara\u015ft\u0131rmada g\u0131da fiyatlar\u0131ndaki art\u0131\u015flar\u0131n daha da devam edece\u011fi beklentisi ve endi\u015fesi oldu\u011funu dile getiren Ulu\u00e7ay, ara\u015ft\u0131rmada ayr\u0131ca T\u00fcrkiye\u2019nin en \u00f6nemli sorunun ekonomi oldu\u011fu sonucunun \u00e7\u0131kt\u0131\u011f\u0131n\u0131 belirtti.<\/p>\n<p>Yap\u0131lan ara\u015ft\u0131rmada, hissedilen enflasyonun resmi olarak a\u00e7\u0131klanan enflasyon oran\u0131ndan fazla oldu\u011funu dile getiren Ulu\u00e7ay, <a href=\"https:\/\/brtk.net\/\"\/><a href=\"https:\/\/brtk.net\/\"\/><a href=\"https:\/\/brtk.net\/\">KKTC<\/a>\u2019de\u00a0 ya\u015fanmakta olan s\u0131k\u0131nt\u0131lar\u0131n TC\u2019de ya\u015fanan geli\u015fmelerden kaynakland\u0131\u011f\u0131n\u0131 s\u00f6yledi.<\/p>\n<p>Bankalar\u0131n ticari kredi faizlerini art\u0131rmaya ba\u015flad\u0131\u011f\u0131n\u0131 da kaydeden Ulu\u00e7ay, <a href=\"https:\/\/brtk.net\/\"\/><a href=\"https:\/\/brtk.net\/\"\/><a href=\"https:\/\/brtk.net\/\">KKTC<\/a>\u2019de \u00fcretim faaliyetlerinin nas\u0131l a\u015fa\u011f\u0131ya \u00e7ekilebilece\u011fini ve \u00fcretimin nas\u0131l desteklenebilece\u011fini sordu.<\/p>\n<p>Ulusal Birlik Partisi Girne Milletvekili Hasan K\u00fc\u00e7\u00fck\u2019\u00fcn, \u201cDe\u011ferler E\u011fitimi ve Sosyal Sorunlarla \u0130li\u015fkisi\u201d konulu g\u00fcncel konu\u015fma yapt\u0131.<\/p>\n<p>K\u00fc\u00e7\u00fck, ki\u015fi veya ki\u015filerin yanl\u0131\u015flar\u0131n\u0131n partilere ve \u00fclke siyasetine mal etmenin yanl\u0131\u015f oldu\u011funu kaydetti.<\/p>\n<p>Toplumsal sorunlar\u0131 g\u00fcndeme getirerek \u00e7\u00f6z\u00fcm \u00fcretilmesi gerekti\u011fini dile getiren K\u00fc\u00e7\u00fck, akran zorbal\u0131\u011f\u0131n\u0131n toplumsal soruna d\u00f6n\u00fc\u015ft\u00fc\u011f\u00fcn\u00fc ve de\u011ferler e\u011fitiminin i\u00e7selle\u015ftirilemedi\u011fini ve soysal sorunlar\u0131n artt\u0131\u011f\u0131n\u0131 belirtti.<\/p>\n<p>Okullarda ve okul sonras\u0131nda ya\u015fanan akran zorbal\u0131\u011f\u0131n\u0131n ele al\u0131nmas\u0131 gerekti\u011fine dikkat \u00e7eken K\u00fc\u00e7\u00fck, bu sorunun sadece bir Bakanl\u0131\u011fa ait olmad\u0131\u011f\u0131n\u0131 kaydetti ve pandemi ile birlikte sorunlar\u0131n artt\u0131\u011f\u0131n\u0131 kaydetti.<\/p>\n<p>OECD ara\u015ft\u0131rma sonu\u00e7lar\u0131n\u0131 da okuyan K\u00fc\u00e7\u00fck, ara\u015ft\u0131rmada d\u00f6rt farkl\u0131 zorbal\u0131k t\u00fcr\u00fcn\u00fcn \u00f6l\u00e7\u00fcld\u00fc\u011f\u00fcn\u00fc ve OECD \u00fclkelerinde her 10 \u00e7ocuktan 3\u2019\u00fcn\u00fcn akran zorbal\u0131\u011f\u0131 ya\u015fad\u0131\u011f\u0131n\u0131n ifade edildi\u011fini kaydetti ve <a href=\"https:\/\/brtk.net\/\"\/><a href=\"https:\/\/brtk.net\/\"\/><a href=\"https:\/\/brtk.net\/\">KKTC<\/a>\u2019de de bu durumun ya\u015fand\u0131\u011f\u0131n\u0131 belirtti.<\/p>\n<p>De\u011ferler e\u011fitimi ile okullardaki sorunlar\u0131n a\u015f\u0131lmas\u0131 i\u00e7in baz\u0131 \u00fclkelerde seferberlik ba\u015flat\u0131ld\u0131\u011f\u0131n\u0131 dile getiren K\u00fc\u00e7\u00fck, okullarda istenmeyen davran\u0131\u015flar\u0131n, \u015fiddet ve sald\u0131rganl\u0131k eyleminin artt\u0131\u011f\u0131n\u0131n g\u00f6r\u00fcld\u00fc\u011f\u00fcn\u00fc kaydetti.<\/p>\n<p>\u00c7ocuklar\u0131n kendilerini ispat etmesi i\u00e7in baz\u0131 davran\u0131\u015flar yapt\u0131\u011f\u0131na da dikkat \u00e7eken K\u00fc\u00e7\u00fck, pandemi d\u00f6neminde artan akran zorbal\u0131\u011f\u0131n\u0131n, siber zorbal\u0131\u011f\u0131n kullan\u0131m\u0131 ile artt\u0131\u011f\u0131n\u0131n g\u00f6r\u00fcld\u00fc\u011f\u00fcn\u00fc bilimsel \u00e7al\u0131\u015fmalarda g\u00f6rd\u00fcklerini belirtti.<\/p>\n<p>Sorunlar\u0131n ortaya \u00e7\u0131kmadan \u00f6nce \u00f6nlem al\u0131nmas\u0131 gerekti\u011fini dile getiren K\u00fc\u00e7\u00fck, e\u011fitim politikalar\u0131n\u0131n d\u00fc\u015f\u00fcn\u00fclerek planlanmas\u0131 gerekti\u011fini kaydetti.<\/p>\n<p>Dijital mecralar\u0131n incelenmesi i\u00e7in acil d\u00fczenleme yap\u0131lmas\u0131 gerekti\u011fine dikkat \u00e7eken K\u00fc\u00e7\u00fck, \u00e7ocuklar\u0131n dijital mecralardan etkilenerek hareket edebilece\u011finden akran zorbal\u0131\u011f\u0131 a\u00e7\u0131s\u0131ndan \u00e7ok daha tehlikeli olabilece\u011fini belirtti.<\/p>\n<p>\u00d6\u011frencilerin dijital okuryazarl\u0131\u011f\u0131n\u0131n art\u0131r\u0131lmas\u0131 gerekti\u011fini de dile getiren K\u00fc\u00e7\u00fck, bilimsel verilerde akran zorbal\u0131\u011f\u0131n\u0131n \u00e7ocuklar\u0131 olumsuz etkiledi\u011fini ve ileriki y\u0131llarda su\u00e7 unsurlar\u0131na meyilli olundu\u011funun tespit edildi\u011fini kaydetti.<\/p>\n<p>Bilimsel ara\u015ft\u0131rmalarda, zorbal\u0131k yapan ve yap\u0131lan \u00e7ocuklarda bir\u00e7ok psikolojik sorunlar olu\u015ftu\u011funu dile getiren K\u00fc\u00e7\u00fck, zorbal\u0131k an\u0131nda seyirci olarak kalan \u00e7ocuklarda da olumsuz etkilenmenin ya\u015fand\u0131\u011f\u0131n\u0131n g\u00f6r\u00fcld\u00fc\u011f\u00fcn\u00fc kaydetti.<\/p>\n<p>De\u011ferlerin geli\u015fmesi halinde akran zorbal\u0131\u011f\u0131n\u0131n ve sosyal sorunlar\u0131n azalaca\u011f\u0131n\u0131 dile getiren K\u00fc\u00e7\u00fck, beceri tabanl\u0131 e\u011fitim ve \u00f6\u011fretimin \u00e7ok \u00f6nemli oldu\u011funu da kaydetti.<\/p>\n<p>Konu\u015fmalar\u0131n ard\u0131ndan Meclis Genel Kurulu bug\u00fcnk\u00fc \u00e7al\u0131\u015fmalar\u0131n\u0131 tamamland\u0131. Bir sonraki toplant\u0131 1 Nisan Pazartesi saat 10.00\u2019da yap\u0131lacak.<\/p>\n<p>TAK<\/p>\n<\/p><\/div>\n<p><script async\n                    defer\n                    crossorigin=\"anonymous\"\n                    src=\"https:\/\/connect.facebook.net\/tr_TR\/sdk.js#xfbml=1&#038;version=v3.3\"\n            ><\/script><\/p>\n","protected":false},"excerpt":{"rendered":"<p>Meclis Genel Kurulu bug\u00fcnk\u00fc \u00e7al\u0131\u015fmalar\u0131n\u0131 tamamlad\u0131. Genel Kurulun bir sonraki toplant\u0131s\u0131\u00a0 1 Nisan\u2019da ger\u00e7ekle\u015ftirlecek. Genel Kurulda s\u00f6z alan \u0130\u00e7i\u015fleri Bakan\u0131 Dursun O\u011fuz, \u00fclkedeki sorunlar\u0131 bildiklerini dile getirerek, Maliye ve Ekonomi Bakanl\u0131\u011f\u0131n\u0131n marketlerle ilgili denetimler yapt\u0131\u011f\u0131n\u0131 s\u00f6yledi. \u00dclkedeki ka\u00e7ak sorununun hep dillendirildi\u011fini ve ka\u00e7ak say\u0131s\u0131n\u0131n bilinmedi\u011fini dile getiren O\u011fuz, \u00fclkeye ba\u015fka ama\u00e7larla gelip ba\u015fka ama\u00e7lar i\u00e7in<\/p>\n","protected":false},"author":1,"featured_media":35787,"comment_status":"open","ping_status":"open","sticky":false,"template":"","format":"standard","meta":{"footnotes":""},"categories":[1],"tags":[],"class_list":["post-35786","post","type-post","status-publish","format-standard","has-post-thumbnail","hentry","category-gundem"],"yoast_head":"<!-- This site is optimized with the Yoast SEO plugin v27.5 - https:\/\/yoast.com\/product\/yoast-seo-wordpress\/ -->\n<title>Meclis Genel Kurulu \u00e7al\u0131\u015fmalar\u0131n\u0131 tamamlad\u0131 -<\/title>\n<meta name=\"robots\" content=\"index, follow, max-snippet:-1, max-image-preview:large, max-video-preview:-1\" \/>\n<link rel=\"canonical\" href=\"https:\/\/kibrisdakik.com\/?p=35786\" \/>\n<meta property=\"og:locale\" content=\"tr_TR\" \/>\n<meta property=\"og:type\" content=\"article\" \/>\n<meta property=\"og:title\" content=\"Meclis Genel Kurulu \u00e7al\u0131\u015fmalar\u0131n\u0131 tamamlad\u0131 -\" \/>\n<meta property=\"og:description\" content=\"Meclis Genel Kurulu bug\u00fcnk\u00fc \u00e7al\u0131\u015fmalar\u0131n\u0131 tamamlad\u0131. Genel Kurulun bir sonraki toplant\u0131s\u0131\u00a0 1 Nisan\u2019da ger\u00e7ekle\u015ftirlecek. Genel Kurulda s\u00f6z alan \u0130\u00e7i\u015fleri Bakan\u0131 Dursun O\u011fuz, \u00fclkedeki sorunlar\u0131 bildiklerini dile getirerek, Maliye ve Ekonomi Bakanl\u0131\u011f\u0131n\u0131n marketlerle ilgili denetimler yapt\u0131\u011f\u0131n\u0131 s\u00f6yledi. \u00dclkedeki ka\u00e7ak sorununun hep dillendirildi\u011fini ve ka\u00e7ak say\u0131s\u0131n\u0131n bilinmedi\u011fini dile getiren O\u011fuz, \u00fclkeye ba\u015fka ama\u00e7larla gelip ba\u015fka ama\u00e7lar i\u00e7in\" \/>\n<meta property=\"og:url\" content=\"https:\/\/kibrisdakik.com\/?p=35786\" \/>\n<meta property=\"article:published_time\" content=\"2024-03-26T16:20:15+00:00\" \/>\n<meta property=\"og:image\" content=\"https:\/\/kibrisdakik.com\/wp-content\/uploads\/2024\/03\/meclis-1-18-740x420.jpg\" \/>\n\t<meta property=\"og:image:width\" content=\"1600\" \/>\n\t<meta property=\"og:image:height\" content=\"1066\" \/>\n\t<meta property=\"og:image:type\" content=\"image\/jpeg\" \/>\n<meta name=\"author\" content=\"admin\" \/>\n<meta name=\"twitter:card\" content=\"summary_large_image\" \/>\n<meta name=\"twitter:label1\" content=\"Yazan:\" \/>\n\t<meta name=\"twitter:data1\" content=\"admin\" \/>\n\t<meta name=\"twitter:label2\" content=\"Tahmini okuma s\u00fcresi\" \/>\n\t<meta name=\"twitter:data2\" content=\"5 dakika\" \/>\n<script type=\"application\/ld+json\" class=\"yoast-schema-graph\">{\"@context\":\"https:\\\/\\\/schema.org\",\"@graph\":[{\"@type\":\"Article\",\"@id\":\"https:\\\/\\\/kibrisdakik.com\\\/?p=35786#article\",\"isPartOf\":{\"@id\":\"https:\\\/\\\/kibrisdakik.com\\\/?p=35786\"},\"author\":{\"name\":\"admin\",\"@id\":\"https:\\\/\\\/kibrisdakik.com\\\/#\\\/schema\\\/person\\\/9cd9d437bbb44f72b73ba127e06d8e79\"},\"headline\":\"Meclis Genel Kurulu \u00e7al\u0131\u015fmalar\u0131n\u0131 tamamlad\u0131\",\"datePublished\":\"2024-03-26T16:20:15+00:00\",\"mainEntityOfPage\":{\"@id\":\"https:\\\/\\\/kibrisdakik.com\\\/?p=35786\"},\"wordCount\":1040,\"commentCount\":0,\"image\":{\"@id\":\"https:\\\/\\\/kibrisdakik.com\\\/?p=35786#primaryimage\"},\"thumbnailUrl\":\"https:\\\/\\\/kibrisdakik.com\\\/wp-content\\\/uploads\\\/2024\\\/03\\\/meclis-1-18-740x420.jpg\",\"articleSection\":[\"G\u00fcndem\"],\"inLanguage\":\"tr\",\"potentialAction\":[{\"@type\":\"CommentAction\",\"name\":\"Comment\",\"target\":[\"https:\\\/\\\/kibrisdakik.com\\\/?p=35786#respond\"]}]},{\"@type\":\"WebPage\",\"@id\":\"https:\\\/\\\/kibrisdakik.com\\\/?p=35786\",\"url\":\"https:\\\/\\\/kibrisdakik.com\\\/?p=35786\",\"name\":\"Meclis Genel Kurulu \u00e7al\u0131\u015fmalar\u0131n\u0131 tamamlad\u0131 -\",\"isPartOf\":{\"@id\":\"https:\\\/\\\/kibrisdakik.com\\\/#website\"},\"primaryImageOfPage\":{\"@id\":\"https:\\\/\\\/kibrisdakik.com\\\/?p=35786#primaryimage\"},\"image\":{\"@id\":\"https:\\\/\\\/kibrisdakik.com\\\/?p=35786#primaryimage\"},\"thumbnailUrl\":\"https:\\\/\\\/kibrisdakik.com\\\/wp-content\\\/uploads\\\/2024\\\/03\\\/meclis-1-18-740x420.jpg\",\"datePublished\":\"2024-03-26T16:20:15+00:00\",\"author\":{\"@id\":\"https:\\\/\\\/kibrisdakik.com\\\/#\\\/schema\\\/person\\\/9cd9d437bbb44f72b73ba127e06d8e79\"},\"breadcrumb\":{\"@id\":\"https:\\\/\\\/kibrisdakik.com\\\/?p=35786#breadcrumb\"},\"inLanguage\":\"tr\",\"potentialAction\":[{\"@type\":\"ReadAction\",\"target\":[\"https:\\\/\\\/kibrisdakik.com\\\/?p=35786\"]}]},{\"@type\":\"ImageObject\",\"inLanguage\":\"tr\",\"@id\":\"https:\\\/\\\/kibrisdakik.com\\\/?p=35786#primaryimage\",\"url\":\"https:\\\/\\\/kibrisdakik.com\\\/wp-content\\\/uploads\\\/2024\\\/03\\\/meclis-1-18-740x420.jpg\",\"contentUrl\":\"https:\\\/\\\/kibrisdakik.com\\\/wp-content\\\/uploads\\\/2024\\\/03\\\/meclis-1-18-740x420.jpg\",\"width\":1600,\"height\":1066},{\"@type\":\"BreadcrumbList\",\"@id\":\"https:\\\/\\\/kibrisdakik.com\\\/?p=35786#breadcrumb\",\"itemListElement\":[{\"@type\":\"ListItem\",\"position\":1,\"name\":\"Home\",\"item\":\"https:\\\/\\\/kibrisdakik.com\\\/\"},{\"@type\":\"ListItem\",\"position\":2,\"name\":\"Meclis Genel Kurulu \u00e7al\u0131\u015fmalar\u0131n\u0131 tamamlad\u0131\"}]},{\"@type\":\"WebSite\",\"@id\":\"https:\\\/\\\/kibrisdakik.com\\\/#website\",\"url\":\"https:\\\/\\\/kibrisdakik.com\\\/\",\"name\":\"\",\"description\":\"Tam vaktinde haber\",\"potentialAction\":[{\"@type\":\"SearchAction\",\"target\":{\"@type\":\"EntryPoint\",\"urlTemplate\":\"https:\\\/\\\/kibrisdakik.com\\\/?s={search_term_string}\"},\"query-input\":{\"@type\":\"PropertyValueSpecification\",\"valueRequired\":true,\"valueName\":\"search_term_string\"}}],\"inLanguage\":\"tr\"},{\"@type\":\"Person\",\"@id\":\"https:\\\/\\\/kibrisdakik.com\\\/#\\\/schema\\\/person\\\/9cd9d437bbb44f72b73ba127e06d8e79\",\"name\":\"admin\",\"image\":{\"@type\":\"ImageObject\",\"inLanguage\":\"tr\",\"@id\":\"https:\\\/\\\/secure.gravatar.com\\\/avatar\\\/ccc17943b9d660506c869530f897617f7cb1c21a4bf30023f252596d83e1f007?s=96&d=mm&r=g\",\"url\":\"https:\\\/\\\/secure.gravatar.com\\\/avatar\\\/ccc17943b9d660506c869530f897617f7cb1c21a4bf30023f252596d83e1f007?s=96&d=mm&r=g\",\"contentUrl\":\"https:\\\/\\\/secure.gravatar.com\\\/avatar\\\/ccc17943b9d660506c869530f897617f7cb1c21a4bf30023f252596d83e1f007?s=96&d=mm&r=g\",\"caption\":\"admin\"},\"sameAs\":[\"https:\\\/\\\/kibrisdakik.com\"],\"url\":\"https:\\\/\\\/kibrisdakik.com\\\/?author=1\"}]}<\/script>\n<!-- \/ Yoast SEO plugin. -->","yoast_head_json":{"title":"Meclis Genel Kurulu \u00e7al\u0131\u015fmalar\u0131n\u0131 tamamlad\u0131 -","robots":{"index":"index","follow":"follow","max-snippet":"max-snippet:-1","max-image-preview":"max-image-preview:large","max-video-preview":"max-video-preview:-1"},"canonical":"https:\/\/kibrisdakik.com\/?p=35786","og_locale":"tr_TR","og_type":"article","og_title":"Meclis Genel Kurulu \u00e7al\u0131\u015fmalar\u0131n\u0131 tamamlad\u0131 -","og_description":"Meclis Genel Kurulu bug\u00fcnk\u00fc \u00e7al\u0131\u015fmalar\u0131n\u0131 tamamlad\u0131. Genel Kurulun bir sonraki toplant\u0131s\u0131\u00a0 1 Nisan\u2019da ger\u00e7ekle\u015ftirlecek. Genel Kurulda s\u00f6z alan \u0130\u00e7i\u015fleri Bakan\u0131 Dursun O\u011fuz, \u00fclkedeki sorunlar\u0131 bildiklerini dile getirerek, Maliye ve Ekonomi Bakanl\u0131\u011f\u0131n\u0131n marketlerle ilgili denetimler yapt\u0131\u011f\u0131n\u0131 s\u00f6yledi. \u00dclkedeki ka\u00e7ak sorununun hep dillendirildi\u011fini ve ka\u00e7ak say\u0131s\u0131n\u0131n bilinmedi\u011fini dile getiren O\u011fuz, \u00fclkeye ba\u015fka ama\u00e7larla gelip ba\u015fka ama\u00e7lar i\u00e7in","og_url":"https:\/\/kibrisdakik.com\/?p=35786","article_published_time":"2024-03-26T16:20:15+00:00","og_image":[{"width":1600,"height":1066,"url":"https:\/\/kibrisdakik.com\/wp-content\/uploads\/2024\/03\/meclis-1-18-740x420.jpg","type":"image\/jpeg"}],"author":"admin","twitter_card":"summary_large_image","twitter_misc":{"Yazan:":"admin","Tahmini okuma s\u00fcresi":"5 dakika"},"schema":{"@context":"https:\/\/schema.org","@graph":[{"@type":"Article","@id":"https:\/\/kibrisdakik.com\/?p=35786#article","isPartOf":{"@id":"https:\/\/kibrisdakik.com\/?p=35786"},"author":{"name":"admin","@id":"https:\/\/kibrisdakik.com\/#\/schema\/person\/9cd9d437bbb44f72b73ba127e06d8e79"},"headline":"Meclis Genel Kurulu \u00e7al\u0131\u015fmalar\u0131n\u0131 tamamlad\u0131","datePublished":"2024-03-26T16:20:15+00:00","mainEntityOfPage":{"@id":"https:\/\/kibrisdakik.com\/?p=35786"},"wordCount":1040,"commentCount":0,"image":{"@id":"https:\/\/kibrisdakik.com\/?p=35786#primaryimage"},"thumbnailUrl":"https:\/\/kibrisdakik.com\/wp-content\/uploads\/2024\/03\/meclis-1-18-740x420.jpg","articleSection":["G\u00fcndem"],"inLanguage":"tr","potentialAction":[{"@type":"CommentAction","name":"Comment","target":["https:\/\/kibrisdakik.com\/?p=35786#respond"]}]},{"@type":"WebPage","@id":"https:\/\/kibrisdakik.com\/?p=35786","url":"https:\/\/kibrisdakik.com\/?p=35786","name":"Meclis Genel Kurulu \u00e7al\u0131\u015fmalar\u0131n\u0131 tamamlad\u0131 -","isPartOf":{"@id":"https:\/\/kibrisdakik.com\/#website"},"primaryImageOfPage":{"@id":"https:\/\/kibrisdakik.com\/?p=35786#primaryimage"},"image":{"@id":"https:\/\/kibrisdakik.com\/?p=35786#primaryimage"},"thumbnailUrl":"https:\/\/kibrisdakik.com\/wp-content\/uploads\/2024\/03\/meclis-1-18-740x420.jpg","datePublished":"2024-03-26T16:20:15+00:00","author":{"@id":"https:\/\/kibrisdakik.com\/#\/schema\/person\/9cd9d437bbb44f72b73ba127e06d8e79"},"breadcrumb":{"@id":"https:\/\/kibrisdakik.com\/?p=35786#breadcrumb"},"inLanguage":"tr","potentialAction":[{"@type":"ReadAction","target":["https:\/\/kibrisdakik.com\/?p=35786"]}]},{"@type":"ImageObject","inLanguage":"tr","@id":"https:\/\/kibrisdakik.com\/?p=35786#primaryimage","url":"https:\/\/kibrisdakik.com\/wp-content\/uploads\/2024\/03\/meclis-1-18-740x420.jpg","contentUrl":"https:\/\/kibrisdakik.com\/wp-content\/uploads\/2024\/03\/meclis-1-18-740x420.jpg","width":1600,"height":1066},{"@type":"BreadcrumbList","@id":"https:\/\/kibrisdakik.com\/?p=35786#breadcrumb","itemListElement":[{"@type":"ListItem","position":1,"name":"Home","item":"https:\/\/kibrisdakik.com\/"},{"@type":"ListItem","position":2,"name":"Meclis Genel Kurulu \u00e7al\u0131\u015fmalar\u0131n\u0131 tamamlad\u0131"}]},{"@type":"WebSite","@id":"https:\/\/kibrisdakik.com\/#website","url":"https:\/\/kibrisdakik.com\/","name":"","description":"Tam vaktinde haber","potentialAction":[{"@type":"SearchAction","target":{"@type":"EntryPoint","urlTemplate":"https:\/\/kibrisdakik.com\/?s={search_term_string}"},"query-input":{"@type":"PropertyValueSpecification","valueRequired":true,"valueName":"search_term_string"}}],"inLanguage":"tr"},{"@type":"Person","@id":"https:\/\/kibrisdakik.com\/#\/schema\/person\/9cd9d437bbb44f72b73ba127e06d8e79","name":"admin","image":{"@type":"ImageObject","inLanguage":"tr","@id":"https:\/\/secure.gravatar.com\/avatar\/ccc17943b9d660506c869530f897617f7cb1c21a4bf30023f252596d83e1f007?s=96&d=mm&r=g","url":"https:\/\/secure.gravatar.com\/avatar\/ccc17943b9d660506c869530f897617f7cb1c21a4bf30023f252596d83e1f007?s=96&d=mm&r=g","contentUrl":"https:\/\/secure.gravatar.com\/avatar\/ccc17943b9d660506c869530f897617f7cb1c21a4bf30023f252596d83e1f007?s=96&d=mm&r=g","caption":"admin"},"sameAs":["https:\/\/kibrisdakik.com"],"url":"https:\/\/kibrisdakik.com\/?author=1"}]}},"_links":{"self":[{"href":"https:\/\/kibrisdakik.com\/index.php?rest_route=\/wp\/v2\/posts\/35786","targetHints":{"allow":["GET"]}}],"collection":[{"href":"https:\/\/kibrisdakik.com\/index.php?rest_route=\/wp\/v2\/posts"}],"about":[{"href":"https:\/\/kibrisdakik.com\/index.php?rest_route=\/wp\/v2\/types\/post"}],"author":[{"embeddable":true,"href":"https:\/\/kibrisdakik.com\/index.php?rest_route=\/wp\/v2\/users\/1"}],"replies":[{"embeddable":true,"href":"https:\/\/kibrisdakik.com\/index.php?rest_route=%2Fwp%2Fv2%2Fcomments&post=35786"}],"version-history":[{"count":0,"href":"https:\/\/kibrisdakik.com\/index.php?rest_route=\/wp\/v2\/posts\/35786\/revisions"}],"wp:featuredmedia":[{"embeddable":true,"href":"https:\/\/kibrisdakik.com\/index.php?rest_route=\/wp\/v2\/media\/35787"}],"wp:attachment":[{"href":"https:\/\/kibrisdakik.com\/index.php?rest_route=%2Fwp%2Fv2%2Fmedia&parent=35786"}],"wp:term":[{"taxonomy":"category","embeddable":true,"href":"https:\/\/kibrisdakik.com\/index.php?rest_route=%2Fwp%2Fv2%2Fcategories&post=35786"},{"taxonomy":"post_tag","embeddable":true,"href":"https:\/\/kibrisdakik.com\/index.php?rest_route=%2Fwp%2Fv2%2Ftags&post=35786"}],"curies":[{"name":"wp","href":"https:\/\/api.w.org\/{rel}","templated":true}]}}