{"id":35911,"date":"2024-03-27T14:43:29","date_gmt":"2024-03-27T14:43:29","guid":{"rendered":"https:\/\/kibrisdakik.com\/index.php\/2024\/03\/27\/bir-uzum-ve-iki-de-incir-tipi-tescillendi\/"},"modified":"2024-03-27T14:43:29","modified_gmt":"2024-03-27T14:43:29","slug":"bir-uzum-ve-iki-de-incir-tipi-tescillendi","status":"publish","type":"post","link":"https:\/\/kibrisdakik.com\/?p=35911","title":{"rendered":"Bir \u00fcz\u00fcm ve iki de incir tipi tescillendi"},"content":{"rendered":"<p><\/p>\n<div>\n<div class=\"mariselle-image-container center\">\n                <img loading=\"lazy\" decoding=\"async\" width=\"1600\" height=\"1200\" class=\"lazy-image\" alt=\"\" sizes=\"auto, (max-width: 1600px) 100vw, 1600px\" src=\"https:\/\/brtk.net\/wp-content\/uploads\/2024\/03\/27\/yarina-tarim-bakanligi-tescil-3-1.jpeg?ver=e67fd1798b1dc16e36f6b1cc7caba3ac\" srcset=\"https:\/\/brtk.net\/wp-content\/uploads\/2024\/03\/27\/yarina-tarim-bakanligi-tescil-3-1.jpeg?ver=e67fd1798b1dc16e36f6b1cc7caba3ac 1600w, https:\/\/brtk.net\/wp-content\/uploads\/2024\/03\/27\/yarina-tarim-bakanligi-tescil-3-1-300x225.jpeg?ver=e67fd1798b1dc16e36f6b1cc7caba3ac 300w, https:\/\/brtk.net\/wp-content\/uploads\/2024\/03\/27\/yarina-tarim-bakanligi-tescil-3-1-1024x768.jpeg?ver=1fe706eabfc2cb8bd7676223f213c066 1024w, https:\/\/brtk.net\/wp-content\/uploads\/2024\/03\/27\/yarina-tarim-bakanligi-tescil-3-1-768x576.jpeg?ver=1fe706eabfc2cb8bd7676223f213c066 768w, https:\/\/brtk.net\/wp-content\/uploads\/2024\/03\/27\/yarina-tarim-bakanligi-tescil-3-1-1536x1152.jpeg?ver=31bf1e5101b02998fe69484db9c954b6 1536w\"\/>                            <\/div>\n<p>\nTar\u0131msal Ara\u015ft\u0131rmalar Enstit\u00fcs\u00fc, ilk kez incir tiplerinden iki, \u00fcz\u00fcm tiplerinden de bir tanesinin tescillendi\u011fini a\u00e7\u0131klad\u0131. <\/p>\n<p>Enstit\u00fcden yap\u0131lan yaz\u0131l\u0131 a\u00e7\u0131klamada, yerli kara incirlerden se\u00e7ilen bir tipin \u201cAda Karas\u0131\u201d, beyaz incir tiplerinden Andolina olarak bilinen tipin \u201cAda Lokumu\u201d ve yerli beyaz \u00fcz\u00fcm tiplerinden se\u00e7ilen bir tipin de \u201cAda \u0130ncisi\u201d olarak  tescil edildi\u011fi belirtildi.<\/p>\n<p>T\u00fcrkiye  Cumhuriyeti Tar\u0131m ve Orman Bakanl\u0131\u011f\u0131na Ba\u011fl\u0131 Tohum Tescil ve Sertifikasyon Merkezi\u2019nce tescillenen incir tiplerinden \u201cAda \u0130ncisi\u201dnin aral\u0131kta olgunlu\u011fa eri\u015fen meyvesi var.<\/p>\n<p>A\u00e7\u0131klamada, 2025\u2019te \u00fcz\u00fcm, incir, harnup ve zeytin tiplerinden birer tipin daha tescili i\u00e7in \u00e7al\u0131\u015fmalar\u0131n devam etti\u011fi belirtildi. <\/p>\n<p>Tescilli incir ve \u00fcr\u00fcn tiplerinin fidan \u00fcretimine, 2025\u2019te ba\u015flanacak. <\/p>\n<p><strong>-\u00dcr\u00fcn \u00f6zellikleri. <\/strong><\/p>\n<p>Ada \u0130ncisi, beyaz ba\u011f \u00fcz\u00fcm\u00fc; sofral\u0131k, \u015farapl\u0131k, zivaniyal\u0131k, tanelerin olgunla\u015fmaya ba\u015flama zaman\u0131 a\u011fustosun birinci haftas\u0131ndan itibaren, salk\u0131m yo\u011funlu\u011fu orta. <\/p>\n<p><strong>-\u0130ncirler <\/strong><\/p>\n<p>Ada karas\u0131; kolay soyulabilen, ge\u00e7 olgunla\u015fan (kas\u0131m\u0131n ikinci haftas\u0131ndan itibaren), orta boy meyve veren bir tip. <\/p>\n<p>Ada Lokumu; kolay soyulabilen, \u00e7ok ge\u00e7 meyve veren (aral\u0131\u011f\u0131n birinci haftas\u0131ndan itibaren, \u00fcr\u00fcn a\u011f\u0131rl\u0131\u011f\u0131 hafif olan bir tip.   <\/p>\n<p><strong>-Tescil s\u00fcreci <\/strong><\/p>\n<p>Tar\u0131m ve Do\u011fal Kaynaklar Bakanl\u0131\u011f\u0131na ba\u011fl\u0131 Tar\u0131msal Ara\u015ft\u0131rma Enstit\u00fcs\u00fc ve Tar\u0131m Dairesi ile T.C. Tar\u0131m ve Orman Bakanl\u0131\u011f\u0131na ba\u011fl\u0131 Tar\u0131msal Ara\u015ft\u0131rmalar ve Politikalar Genel M\u00fcd\u00fcrl\u00fc\u011f\u00fc i\u015fbirli\u011fiyle y\u00fcr\u00fct\u00fclen \u201cKuzey K\u0131br\u0131s T\u00fcrk Cumhuriyeti Asma Genetik Kaynaklar\u0131\u201d ve \u201cKuzey K\u0131br\u0131s T\u00fcrk Cumhuriyeti\u2019nde \u0130ncir Seleksiyonu ve Muhafazas\u0131\u201d projeleri kapsam\u0131nda, \u00fclkedeki \u00fcz\u00fcm ba\u011flar\u0131 ve incir a\u011fa\u00e7lar\u0131 incelendi. <\/p>\n<p>\u00c7al\u0131\u015fmada farkl\u0131 asma ve incir tipleri i\u015faretlendi, meyve ve bitki \u00f6zellikleri kaydedildi daha sonra T\u00fcrkmenk\u00f6y Ara\u015ft\u0131rma \u0130stasyonunda koleksiyon ve muhafaza parselleri kuruldu. <\/p>\n<p>Yerli \u00fcz\u00fcm ve incir tiplerinin toplanmas\u0131, tan\u0131mlanmas\u0131 ve d\u00fcnya literat\u00fcr\u00fcnde kay\u0131t alt\u0131na al\u0131nmas\u0131 i\u00e7in \u00e7al\u0131\u015fmalar yap\u0131ld\u0131. Meyvelerin karakteristik \u00f6zellikleri UPOV kriterlerine g\u00f6re belirlendi. Yerli Beyaz \u00dcz\u00fcm\u00fc ile K\u0131br\u0131s Yerli Kara ve Andolina incir tipleri aras\u0131nda yap\u0131lan seleksiyon \u00e7al\u0131\u015fmalar\u0131n\u0131n ard\u0131ndan, meyve tipleri 2022 y\u0131l\u0131ndan itibaren 2 y\u0131l boyunca farkl\u0131l\u0131k, yeknesakl\u0131k ve durulmu\u015fluk testlerine tabi tutuldu. <\/p>\n<p>Y\u00fcr\u00fct\u00fclen projeler TC Lefko\u015fa B\u00fcy\u00fckel\u00e7ili\u011fi taraf\u0131ndan finanse ediliyor.<\/p>\n<\/p><\/div>\n<p><script async\n                    defer\n                    crossorigin=\"anonymous\"\n                    src=\"https:\/\/connect.facebook.net\/tr_TR\/sdk.js#xfbml=1&#038;version=v3.3\"\n            ><\/script><\/p>\n","protected":false},"excerpt":{"rendered":"<p>Tar\u0131msal Ara\u015ft\u0131rmalar Enstit\u00fcs\u00fc, ilk kez incir tiplerinden iki, \u00fcz\u00fcm tiplerinden de bir tanesinin tescillendi\u011fini a\u00e7\u0131klad\u0131. Enstit\u00fcden yap\u0131lan yaz\u0131l\u0131 a\u00e7\u0131klamada, yerli kara incirlerden se\u00e7ilen bir tipin \u201cAda Karas\u0131\u201d, beyaz incir tiplerinden Andolina olarak bilinen tipin \u201cAda Lokumu\u201d ve yerli beyaz \u00fcz\u00fcm tiplerinden se\u00e7ilen bir tipin de \u201cAda \u0130ncisi\u201d olarak tescil edildi\u011fi belirtildi. T\u00fcrkiye Cumhuriyeti Tar\u0131m ve<\/p>\n","protected":false},"author":1,"featured_media":35912,"comment_status":"open","ping_status":"open","sticky":false,"template":"","format":"standard","meta":{"footnotes":""},"categories":[1],"tags":[],"class_list":["post-35911","post","type-post","status-publish","format-standard","has-post-thumbnail","hentry","category-gundem"],"yoast_head":"<!-- This site is optimized with the Yoast SEO plugin v27.5 - https:\/\/yoast.com\/product\/yoast-seo-wordpress\/ -->\n<title>Bir \u00fcz\u00fcm ve iki de incir tipi tescillendi -<\/title>\n<meta name=\"robots\" content=\"index, follow, max-snippet:-1, max-image-preview:large, max-video-preview:-1\" \/>\n<link rel=\"canonical\" href=\"https:\/\/kibrisdakik.com\/?p=35911\" \/>\n<meta property=\"og:locale\" content=\"tr_TR\" \/>\n<meta property=\"og:type\" content=\"article\" \/>\n<meta property=\"og:title\" content=\"Bir \u00fcz\u00fcm ve iki de incir tipi tescillendi -\" \/>\n<meta property=\"og:description\" content=\"Tar\u0131msal Ara\u015ft\u0131rmalar Enstit\u00fcs\u00fc, ilk kez incir tiplerinden iki, \u00fcz\u00fcm tiplerinden de bir tanesinin tescillendi\u011fini a\u00e7\u0131klad\u0131. Enstit\u00fcden yap\u0131lan yaz\u0131l\u0131 a\u00e7\u0131klamada, yerli kara incirlerden se\u00e7ilen bir tipin \u201cAda Karas\u0131\u201d, beyaz incir tiplerinden Andolina olarak bilinen tipin \u201cAda Lokumu\u201d ve yerli beyaz \u00fcz\u00fcm tiplerinden se\u00e7ilen bir tipin de \u201cAda \u0130ncisi\u201d olarak tescil edildi\u011fi belirtildi. T\u00fcrkiye Cumhuriyeti Tar\u0131m ve\" \/>\n<meta property=\"og:url\" content=\"https:\/\/kibrisdakik.com\/?p=35911\" \/>\n<meta property=\"article:published_time\" content=\"2024-03-27T14:43:29+00:00\" \/>\n<meta property=\"og:image\" content=\"https:\/\/kibrisdakik.com\/wp-content\/uploads\/2024\/03\/yarina-tarim-bakanligi-tescil-3-1-740x420.jpeg\" \/>\n\t<meta property=\"og:image:width\" content=\"1600\" \/>\n\t<meta property=\"og:image:height\" content=\"1200\" \/>\n\t<meta property=\"og:image:type\" content=\"image\/jpeg\" \/>\n<meta name=\"author\" content=\"admin\" \/>\n<meta name=\"twitter:card\" content=\"summary_large_image\" \/>\n<meta name=\"twitter:label1\" content=\"Yazan:\" \/>\n\t<meta name=\"twitter:data1\" content=\"admin\" \/>\n\t<meta name=\"twitter:label2\" content=\"Tahmini okuma s\u00fcresi\" \/>\n\t<meta name=\"twitter:data2\" content=\"2 dakika\" \/>\n<script type=\"application\/ld+json\" class=\"yoast-schema-graph\">{\"@context\":\"https:\\\/\\\/schema.org\",\"@graph\":[{\"@type\":\"Article\",\"@id\":\"https:\\\/\\\/kibrisdakik.com\\\/?p=35911#article\",\"isPartOf\":{\"@id\":\"https:\\\/\\\/kibrisdakik.com\\\/?p=35911\"},\"author\":{\"name\":\"admin\",\"@id\":\"https:\\\/\\\/kibrisdakik.com\\\/#\\\/schema\\\/person\\\/9cd9d437bbb44f72b73ba127e06d8e79\"},\"headline\":\"Bir \u00fcz\u00fcm ve iki de incir tipi tescillendi\",\"datePublished\":\"2024-03-27T14:43:29+00:00\",\"mainEntityOfPage\":{\"@id\":\"https:\\\/\\\/kibrisdakik.com\\\/?p=35911\"},\"wordCount\":433,\"commentCount\":0,\"image\":{\"@id\":\"https:\\\/\\\/kibrisdakik.com\\\/?p=35911#primaryimage\"},\"thumbnailUrl\":\"https:\\\/\\\/kibrisdakik.com\\\/wp-content\\\/uploads\\\/2024\\\/03\\\/yarina-tarim-bakanligi-tescil-3-1-740x420.jpeg\",\"articleSection\":[\"G\u00fcndem\"],\"inLanguage\":\"tr\",\"potentialAction\":[{\"@type\":\"CommentAction\",\"name\":\"Comment\",\"target\":[\"https:\\\/\\\/kibrisdakik.com\\\/?p=35911#respond\"]}]},{\"@type\":\"WebPage\",\"@id\":\"https:\\\/\\\/kibrisdakik.com\\\/?p=35911\",\"url\":\"https:\\\/\\\/kibrisdakik.com\\\/?p=35911\",\"name\":\"Bir \u00fcz\u00fcm ve iki de incir tipi tescillendi -\",\"isPartOf\":{\"@id\":\"https:\\\/\\\/kibrisdakik.com\\\/#website\"},\"primaryImageOfPage\":{\"@id\":\"https:\\\/\\\/kibrisdakik.com\\\/?p=35911#primaryimage\"},\"image\":{\"@id\":\"https:\\\/\\\/kibrisdakik.com\\\/?p=35911#primaryimage\"},\"thumbnailUrl\":\"https:\\\/\\\/kibrisdakik.com\\\/wp-content\\\/uploads\\\/2024\\\/03\\\/yarina-tarim-bakanligi-tescil-3-1-740x420.jpeg\",\"datePublished\":\"2024-03-27T14:43:29+00:00\",\"author\":{\"@id\":\"https:\\\/\\\/kibrisdakik.com\\\/#\\\/schema\\\/person\\\/9cd9d437bbb44f72b73ba127e06d8e79\"},\"breadcrumb\":{\"@id\":\"https:\\\/\\\/kibrisdakik.com\\\/?p=35911#breadcrumb\"},\"inLanguage\":\"tr\",\"potentialAction\":[{\"@type\":\"ReadAction\",\"target\":[\"https:\\\/\\\/kibrisdakik.com\\\/?p=35911\"]}]},{\"@type\":\"ImageObject\",\"inLanguage\":\"tr\",\"@id\":\"https:\\\/\\\/kibrisdakik.com\\\/?p=35911#primaryimage\",\"url\":\"https:\\\/\\\/kibrisdakik.com\\\/wp-content\\\/uploads\\\/2024\\\/03\\\/yarina-tarim-bakanligi-tescil-3-1-740x420.jpeg\",\"contentUrl\":\"https:\\\/\\\/kibrisdakik.com\\\/wp-content\\\/uploads\\\/2024\\\/03\\\/yarina-tarim-bakanligi-tescil-3-1-740x420.jpeg\",\"width\":1600,\"height\":1200},{\"@type\":\"BreadcrumbList\",\"@id\":\"https:\\\/\\\/kibrisdakik.com\\\/?p=35911#breadcrumb\",\"itemListElement\":[{\"@type\":\"ListItem\",\"position\":1,\"name\":\"Home\",\"item\":\"https:\\\/\\\/kibrisdakik.com\\\/\"},{\"@type\":\"ListItem\",\"position\":2,\"name\":\"Bir \u00fcz\u00fcm ve iki de incir tipi tescillendi\"}]},{\"@type\":\"WebSite\",\"@id\":\"https:\\\/\\\/kibrisdakik.com\\\/#website\",\"url\":\"https:\\\/\\\/kibrisdakik.com\\\/\",\"name\":\"\",\"description\":\"Tam vaktinde haber\",\"potentialAction\":[{\"@type\":\"SearchAction\",\"target\":{\"@type\":\"EntryPoint\",\"urlTemplate\":\"https:\\\/\\\/kibrisdakik.com\\\/?s={search_term_string}\"},\"query-input\":{\"@type\":\"PropertyValueSpecification\",\"valueRequired\":true,\"valueName\":\"search_term_string\"}}],\"inLanguage\":\"tr\"},{\"@type\":\"Person\",\"@id\":\"https:\\\/\\\/kibrisdakik.com\\\/#\\\/schema\\\/person\\\/9cd9d437bbb44f72b73ba127e06d8e79\",\"name\":\"admin\",\"image\":{\"@type\":\"ImageObject\",\"inLanguage\":\"tr\",\"@id\":\"https:\\\/\\\/secure.gravatar.com\\\/avatar\\\/ccc17943b9d660506c869530f897617f7cb1c21a4bf30023f252596d83e1f007?s=96&d=mm&r=g\",\"url\":\"https:\\\/\\\/secure.gravatar.com\\\/avatar\\\/ccc17943b9d660506c869530f897617f7cb1c21a4bf30023f252596d83e1f007?s=96&d=mm&r=g\",\"contentUrl\":\"https:\\\/\\\/secure.gravatar.com\\\/avatar\\\/ccc17943b9d660506c869530f897617f7cb1c21a4bf30023f252596d83e1f007?s=96&d=mm&r=g\",\"caption\":\"admin\"},\"sameAs\":[\"https:\\\/\\\/kibrisdakik.com\"],\"url\":\"https:\\\/\\\/kibrisdakik.com\\\/?author=1\"}]}<\/script>\n<!-- \/ Yoast SEO plugin. -->","yoast_head_json":{"title":"Bir \u00fcz\u00fcm ve iki de incir tipi tescillendi -","robots":{"index":"index","follow":"follow","max-snippet":"max-snippet:-1","max-image-preview":"max-image-preview:large","max-video-preview":"max-video-preview:-1"},"canonical":"https:\/\/kibrisdakik.com\/?p=35911","og_locale":"tr_TR","og_type":"article","og_title":"Bir \u00fcz\u00fcm ve iki de incir tipi tescillendi -","og_description":"Tar\u0131msal Ara\u015ft\u0131rmalar Enstit\u00fcs\u00fc, ilk kez incir tiplerinden iki, \u00fcz\u00fcm tiplerinden de bir tanesinin tescillendi\u011fini a\u00e7\u0131klad\u0131. Enstit\u00fcden yap\u0131lan yaz\u0131l\u0131 a\u00e7\u0131klamada, yerli kara incirlerden se\u00e7ilen bir tipin \u201cAda Karas\u0131\u201d, beyaz incir tiplerinden Andolina olarak bilinen tipin \u201cAda Lokumu\u201d ve yerli beyaz \u00fcz\u00fcm tiplerinden se\u00e7ilen bir tipin de \u201cAda \u0130ncisi\u201d olarak tescil edildi\u011fi belirtildi. T\u00fcrkiye Cumhuriyeti Tar\u0131m ve","og_url":"https:\/\/kibrisdakik.com\/?p=35911","article_published_time":"2024-03-27T14:43:29+00:00","og_image":[{"width":1600,"height":1200,"url":"https:\/\/kibrisdakik.com\/wp-content\/uploads\/2024\/03\/yarina-tarim-bakanligi-tescil-3-1-740x420.jpeg","type":"image\/jpeg"}],"author":"admin","twitter_card":"summary_large_image","twitter_misc":{"Yazan:":"admin","Tahmini okuma s\u00fcresi":"2 dakika"},"schema":{"@context":"https:\/\/schema.org","@graph":[{"@type":"Article","@id":"https:\/\/kibrisdakik.com\/?p=35911#article","isPartOf":{"@id":"https:\/\/kibrisdakik.com\/?p=35911"},"author":{"name":"admin","@id":"https:\/\/kibrisdakik.com\/#\/schema\/person\/9cd9d437bbb44f72b73ba127e06d8e79"},"headline":"Bir \u00fcz\u00fcm ve iki de incir tipi tescillendi","datePublished":"2024-03-27T14:43:29+00:00","mainEntityOfPage":{"@id":"https:\/\/kibrisdakik.com\/?p=35911"},"wordCount":433,"commentCount":0,"image":{"@id":"https:\/\/kibrisdakik.com\/?p=35911#primaryimage"},"thumbnailUrl":"https:\/\/kibrisdakik.com\/wp-content\/uploads\/2024\/03\/yarina-tarim-bakanligi-tescil-3-1-740x420.jpeg","articleSection":["G\u00fcndem"],"inLanguage":"tr","potentialAction":[{"@type":"CommentAction","name":"Comment","target":["https:\/\/kibrisdakik.com\/?p=35911#respond"]}]},{"@type":"WebPage","@id":"https:\/\/kibrisdakik.com\/?p=35911","url":"https:\/\/kibrisdakik.com\/?p=35911","name":"Bir \u00fcz\u00fcm ve iki de incir tipi tescillendi -","isPartOf":{"@id":"https:\/\/kibrisdakik.com\/#website"},"primaryImageOfPage":{"@id":"https:\/\/kibrisdakik.com\/?p=35911#primaryimage"},"image":{"@id":"https:\/\/kibrisdakik.com\/?p=35911#primaryimage"},"thumbnailUrl":"https:\/\/kibrisdakik.com\/wp-content\/uploads\/2024\/03\/yarina-tarim-bakanligi-tescil-3-1-740x420.jpeg","datePublished":"2024-03-27T14:43:29+00:00","author":{"@id":"https:\/\/kibrisdakik.com\/#\/schema\/person\/9cd9d437bbb44f72b73ba127e06d8e79"},"breadcrumb":{"@id":"https:\/\/kibrisdakik.com\/?p=35911#breadcrumb"},"inLanguage":"tr","potentialAction":[{"@type":"ReadAction","target":["https:\/\/kibrisdakik.com\/?p=35911"]}]},{"@type":"ImageObject","inLanguage":"tr","@id":"https:\/\/kibrisdakik.com\/?p=35911#primaryimage","url":"https:\/\/kibrisdakik.com\/wp-content\/uploads\/2024\/03\/yarina-tarim-bakanligi-tescil-3-1-740x420.jpeg","contentUrl":"https:\/\/kibrisdakik.com\/wp-content\/uploads\/2024\/03\/yarina-tarim-bakanligi-tescil-3-1-740x420.jpeg","width":1600,"height":1200},{"@type":"BreadcrumbList","@id":"https:\/\/kibrisdakik.com\/?p=35911#breadcrumb","itemListElement":[{"@type":"ListItem","position":1,"name":"Home","item":"https:\/\/kibrisdakik.com\/"},{"@type":"ListItem","position":2,"name":"Bir \u00fcz\u00fcm ve iki de incir tipi tescillendi"}]},{"@type":"WebSite","@id":"https:\/\/kibrisdakik.com\/#website","url":"https:\/\/kibrisdakik.com\/","name":"","description":"Tam vaktinde haber","potentialAction":[{"@type":"SearchAction","target":{"@type":"EntryPoint","urlTemplate":"https:\/\/kibrisdakik.com\/?s={search_term_string}"},"query-input":{"@type":"PropertyValueSpecification","valueRequired":true,"valueName":"search_term_string"}}],"inLanguage":"tr"},{"@type":"Person","@id":"https:\/\/kibrisdakik.com\/#\/schema\/person\/9cd9d437bbb44f72b73ba127e06d8e79","name":"admin","image":{"@type":"ImageObject","inLanguage":"tr","@id":"https:\/\/secure.gravatar.com\/avatar\/ccc17943b9d660506c869530f897617f7cb1c21a4bf30023f252596d83e1f007?s=96&d=mm&r=g","url":"https:\/\/secure.gravatar.com\/avatar\/ccc17943b9d660506c869530f897617f7cb1c21a4bf30023f252596d83e1f007?s=96&d=mm&r=g","contentUrl":"https:\/\/secure.gravatar.com\/avatar\/ccc17943b9d660506c869530f897617f7cb1c21a4bf30023f252596d83e1f007?s=96&d=mm&r=g","caption":"admin"},"sameAs":["https:\/\/kibrisdakik.com"],"url":"https:\/\/kibrisdakik.com\/?author=1"}]}},"_links":{"self":[{"href":"https:\/\/kibrisdakik.com\/index.php?rest_route=\/wp\/v2\/posts\/35911","targetHints":{"allow":["GET"]}}],"collection":[{"href":"https:\/\/kibrisdakik.com\/index.php?rest_route=\/wp\/v2\/posts"}],"about":[{"href":"https:\/\/kibrisdakik.com\/index.php?rest_route=\/wp\/v2\/types\/post"}],"author":[{"embeddable":true,"href":"https:\/\/kibrisdakik.com\/index.php?rest_route=\/wp\/v2\/users\/1"}],"replies":[{"embeddable":true,"href":"https:\/\/kibrisdakik.com\/index.php?rest_route=%2Fwp%2Fv2%2Fcomments&post=35911"}],"version-history":[{"count":0,"href":"https:\/\/kibrisdakik.com\/index.php?rest_route=\/wp\/v2\/posts\/35911\/revisions"}],"wp:featuredmedia":[{"embeddable":true,"href":"https:\/\/kibrisdakik.com\/index.php?rest_route=\/wp\/v2\/media\/35912"}],"wp:attachment":[{"href":"https:\/\/kibrisdakik.com\/index.php?rest_route=%2Fwp%2Fv2%2Fmedia&parent=35911"}],"wp:term":[{"taxonomy":"category","embeddable":true,"href":"https:\/\/kibrisdakik.com\/index.php?rest_route=%2Fwp%2Fv2%2Fcategories&post=35911"},{"taxonomy":"post_tag","embeddable":true,"href":"https:\/\/kibrisdakik.com\/index.php?rest_route=%2Fwp%2Fv2%2Ftags&post=35911"}],"curies":[{"name":"wp","href":"https:\/\/api.w.org\/{rel}","templated":true}]}}