{"id":35926,"date":"2024-03-27T16:02:14","date_gmt":"2024-03-27T16:02:14","guid":{"rendered":"https:\/\/kibrisdakik.com\/index.php\/2024\/03\/27\/alkollu-surucu-takla-atti-yarali-var\/"},"modified":"2024-03-27T16:02:14","modified_gmt":"2024-03-27T16:02:14","slug":"alkollu-surucu-takla-atti-yarali-var","status":"publish","type":"post","link":"https:\/\/kibrisdakik.com\/?p=35926","title":{"rendered":"Alkoll\u00fc s\u00fcr\u00fcc\u00fc takla att\u0131\u2026 Yaral\u0131 var"},"content":{"rendered":"<p><\/p>\n<div>\n<div class=\"mariselle-image-container center\">\n                <img loading=\"lazy\" decoding=\"async\" width=\"736\" height=\"384\" class=\"lazy-image\" alt=\"\" sizes=\"auto, (max-width: 736px) 100vw, 736px\" src=\"https:\/\/brtk.net\/wp-content\/uploads\/2023\/02\/13\/Trafik-Kazasi_polis-logolu.png?ver=aa32ffaa6f0b5cbf2caded614d8e09f3\" srcset=\"https:\/\/brtk.net\/wp-content\/uploads\/2023\/02\/13\/Trafik-Kazasi_polis-logolu.png?ver=aa32ffaa6f0b5cbf2caded614d8e09f3 736w, https:\/\/brtk.net\/wp-content\/uploads\/2023\/02\/13\/Trafik-Kazasi_polis-logolu-300x157.png?ver=aa32ffaa6f0b5cbf2caded614d8e09f3 300w\"\/>                            <\/div>\n<p>Polis Bas\u0131n Subal\u0131\u011f\u0131\u2019ndan verilen bilgiye g\u00f6re bug\u00fcn saat:14:45 raddelerinde, Bafra \u2013 \u00c7ay\u0131rova anayolunun 1-2. km\u2019leri aras\u0131nda, Serhat Cumhur AYDIN (E-32), y\u00f6netimindeki KG 063 Plakal\u0131 ara\u00e7 ile Bafra istikametinden \u00c7ay\u0131rova istikametine do\u011fru 168 mlgr alkoll\u00fc i\u00e7ki tesiri alt\u0131nda seyretti\u011fi s\u0131rada dikkatsizli\u011fi ve ihmalkarl\u0131\u011f\u0131 sonucu direksiyon hakimiyetini kaybederek gidi\u015fine g\u00f6re yolun sa\u011f\u0131ndan \u00e7\u0131karak yol kenar\u0131nda bulunan ta\u015fa \u00e7arp\u0131p takla atm\u0131\u015ft\u0131r.<\/p>\n<p> Kaza sonucu yaralanan ara\u00e7ta yolcu olarak bulunan B\u00fcnyamin Kafadar (E-32) kald\u0131r\u0131ld\u0131\u011f\u0131 Gazima\u011fusa Devlet Hastanesinde yap\u0131lan m\u00fcdahalenin ard\u0131ndan m\u00fc\u015fahede alt\u0131na al\u0131nm\u0131\u015ft\u0131r.  KG 063 plakal\u0131 ara\u00e7 s\u00fcr\u00fcs\u00fc Serhat Cumhur AYDIN tutuklanm\u0131\u015f olup polisin soru\u015fturmas\u0131 devam etmektedir.<\/p>\n<\/p><\/div>\n<p><script async\n                    defer\n                    crossorigin=\"anonymous\"\n                    src=\"https:\/\/connect.facebook.net\/tr_TR\/sdk.js#xfbml=1&#038;version=v3.3\"\n            ><\/script><\/p>\n","protected":false},"excerpt":{"rendered":"<p>Polis Bas\u0131n Subal\u0131\u011f\u0131\u2019ndan verilen bilgiye g\u00f6re bug\u00fcn saat:14:45 raddelerinde, Bafra \u2013 \u00c7ay\u0131rova anayolunun 1-2. km\u2019leri aras\u0131nda, Serhat Cumhur AYDIN (E-32), y\u00f6netimindeki KG 063 Plakal\u0131 ara\u00e7 ile Bafra istikametinden \u00c7ay\u0131rova istikametine do\u011fru 168 mlgr alkoll\u00fc i\u00e7ki tesiri alt\u0131nda seyretti\u011fi s\u0131rada dikkatsizli\u011fi ve ihmalkarl\u0131\u011f\u0131 sonucu direksiyon hakimiyetini kaybederek gidi\u015fine g\u00f6re yolun sa\u011f\u0131ndan \u00e7\u0131karak yol kenar\u0131nda bulunan ta\u015fa<\/p>\n","protected":false},"author":1,"featured_media":1779,"comment_status":"open","ping_status":"open","sticky":false,"template":"","format":"standard","meta":{"footnotes":""},"categories":[1],"tags":[],"class_list":["post-35926","post","type-post","status-publish","format-standard","has-post-thumbnail","hentry","category-gundem"],"yoast_head":"<!-- This site is optimized with the Yoast SEO plugin v27.5 - https:\/\/yoast.com\/product\/yoast-seo-wordpress\/ -->\n<title>Alkoll\u00fc s\u00fcr\u00fcc\u00fc takla att\u0131\u2026 Yaral\u0131 var -<\/title>\n<meta name=\"robots\" content=\"index, follow, max-snippet:-1, max-image-preview:large, max-video-preview:-1\" \/>\n<link rel=\"canonical\" href=\"https:\/\/kibrisdakik.com\/?p=35926\" \/>\n<meta property=\"og:locale\" content=\"tr_TR\" \/>\n<meta property=\"og:type\" content=\"article\" \/>\n<meta property=\"og:title\" content=\"Alkoll\u00fc s\u00fcr\u00fcc\u00fc takla att\u0131\u2026 Yaral\u0131 var -\" \/>\n<meta property=\"og:description\" content=\"Polis Bas\u0131n Subal\u0131\u011f\u0131\u2019ndan verilen bilgiye g\u00f6re bug\u00fcn saat:14:45 raddelerinde, Bafra \u2013 \u00c7ay\u0131rova anayolunun 1-2. km\u2019leri aras\u0131nda, Serhat Cumhur AYDIN (E-32), y\u00f6netimindeki KG 063 Plakal\u0131 ara\u00e7 ile Bafra istikametinden \u00c7ay\u0131rova istikametine do\u011fru 168 mlgr alkoll\u00fc i\u00e7ki tesiri alt\u0131nda seyretti\u011fi s\u0131rada dikkatsizli\u011fi ve ihmalkarl\u0131\u011f\u0131 sonucu direksiyon hakimiyetini kaybederek gidi\u015fine g\u00f6re yolun sa\u011f\u0131ndan \u00e7\u0131karak yol kenar\u0131nda bulunan ta\u015fa\" \/>\n<meta property=\"og:url\" content=\"https:\/\/kibrisdakik.com\/?p=35926\" \/>\n<meta property=\"article:published_time\" content=\"2024-03-27T16:02:14+00:00\" \/>\n<meta property=\"og:image\" content=\"https:\/\/kibrisdakik.com\/wp-content\/uploads\/2023\/02\/Trafik-Kazasi_polis-logolu.png\" \/>\n\t<meta property=\"og:image:width\" content=\"736\" \/>\n\t<meta property=\"og:image:height\" content=\"384\" \/>\n\t<meta property=\"og:image:type\" content=\"image\/png\" \/>\n<meta name=\"author\" content=\"admin\" \/>\n<meta name=\"twitter:card\" content=\"summary_large_image\" \/>\n<meta name=\"twitter:label1\" content=\"Yazan:\" \/>\n\t<meta name=\"twitter:data1\" content=\"admin\" \/>\n\t<meta name=\"twitter:label2\" content=\"Tahmini okuma s\u00fcresi\" \/>\n\t<meta name=\"twitter:data2\" content=\"1 dakika\" \/>\n<script type=\"application\/ld+json\" class=\"yoast-schema-graph\">{\"@context\":\"https:\\\/\\\/schema.org\",\"@graph\":[{\"@type\":\"Article\",\"@id\":\"https:\\\/\\\/kibrisdakik.com\\\/?p=35926#article\",\"isPartOf\":{\"@id\":\"https:\\\/\\\/kibrisdakik.com\\\/?p=35926\"},\"author\":{\"name\":\"admin\",\"@id\":\"https:\\\/\\\/kibrisdakik.com\\\/#\\\/schema\\\/person\\\/9cd9d437bbb44f72b73ba127e06d8e79\"},\"headline\":\"Alkoll\u00fc s\u00fcr\u00fcc\u00fc takla att\u0131\u2026 Yaral\u0131 var\",\"datePublished\":\"2024-03-27T16:02:14+00:00\",\"mainEntityOfPage\":{\"@id\":\"https:\\\/\\\/kibrisdakik.com\\\/?p=35926\"},\"wordCount\":135,\"commentCount\":0,\"image\":{\"@id\":\"https:\\\/\\\/kibrisdakik.com\\\/?p=35926#primaryimage\"},\"thumbnailUrl\":\"https:\\\/\\\/kibrisdakik.com\\\/wp-content\\\/uploads\\\/2023\\\/02\\\/Trafik-Kazasi_polis-logolu.png\",\"articleSection\":[\"G\u00fcndem\"],\"inLanguage\":\"tr\",\"potentialAction\":[{\"@type\":\"CommentAction\",\"name\":\"Comment\",\"target\":[\"https:\\\/\\\/kibrisdakik.com\\\/?p=35926#respond\"]}]},{\"@type\":\"WebPage\",\"@id\":\"https:\\\/\\\/kibrisdakik.com\\\/?p=35926\",\"url\":\"https:\\\/\\\/kibrisdakik.com\\\/?p=35926\",\"name\":\"Alkoll\u00fc s\u00fcr\u00fcc\u00fc takla att\u0131\u2026 Yaral\u0131 var -\",\"isPartOf\":{\"@id\":\"https:\\\/\\\/kibrisdakik.com\\\/#website\"},\"primaryImageOfPage\":{\"@id\":\"https:\\\/\\\/kibrisdakik.com\\\/?p=35926#primaryimage\"},\"image\":{\"@id\":\"https:\\\/\\\/kibrisdakik.com\\\/?p=35926#primaryimage\"},\"thumbnailUrl\":\"https:\\\/\\\/kibrisdakik.com\\\/wp-content\\\/uploads\\\/2023\\\/02\\\/Trafik-Kazasi_polis-logolu.png\",\"datePublished\":\"2024-03-27T16:02:14+00:00\",\"author\":{\"@id\":\"https:\\\/\\\/kibrisdakik.com\\\/#\\\/schema\\\/person\\\/9cd9d437bbb44f72b73ba127e06d8e79\"},\"breadcrumb\":{\"@id\":\"https:\\\/\\\/kibrisdakik.com\\\/?p=35926#breadcrumb\"},\"inLanguage\":\"tr\",\"potentialAction\":[{\"@type\":\"ReadAction\",\"target\":[\"https:\\\/\\\/kibrisdakik.com\\\/?p=35926\"]}]},{\"@type\":\"ImageObject\",\"inLanguage\":\"tr\",\"@id\":\"https:\\\/\\\/kibrisdakik.com\\\/?p=35926#primaryimage\",\"url\":\"https:\\\/\\\/kibrisdakik.com\\\/wp-content\\\/uploads\\\/2023\\\/02\\\/Trafik-Kazasi_polis-logolu.png\",\"contentUrl\":\"https:\\\/\\\/kibrisdakik.com\\\/wp-content\\\/uploads\\\/2023\\\/02\\\/Trafik-Kazasi_polis-logolu.png\",\"width\":736,\"height\":384},{\"@type\":\"BreadcrumbList\",\"@id\":\"https:\\\/\\\/kibrisdakik.com\\\/?p=35926#breadcrumb\",\"itemListElement\":[{\"@type\":\"ListItem\",\"position\":1,\"name\":\"Home\",\"item\":\"https:\\\/\\\/kibrisdakik.com\\\/\"},{\"@type\":\"ListItem\",\"position\":2,\"name\":\"Alkoll\u00fc s\u00fcr\u00fcc\u00fc takla att\u0131\u2026 Yaral\u0131 var\"}]},{\"@type\":\"WebSite\",\"@id\":\"https:\\\/\\\/kibrisdakik.com\\\/#website\",\"url\":\"https:\\\/\\\/kibrisdakik.com\\\/\",\"name\":\"\",\"description\":\"Tam vaktinde haber\",\"potentialAction\":[{\"@type\":\"SearchAction\",\"target\":{\"@type\":\"EntryPoint\",\"urlTemplate\":\"https:\\\/\\\/kibrisdakik.com\\\/?s={search_term_string}\"},\"query-input\":{\"@type\":\"PropertyValueSpecification\",\"valueRequired\":true,\"valueName\":\"search_term_string\"}}],\"inLanguage\":\"tr\"},{\"@type\":\"Person\",\"@id\":\"https:\\\/\\\/kibrisdakik.com\\\/#\\\/schema\\\/person\\\/9cd9d437bbb44f72b73ba127e06d8e79\",\"name\":\"admin\",\"image\":{\"@type\":\"ImageObject\",\"inLanguage\":\"tr\",\"@id\":\"https:\\\/\\\/secure.gravatar.com\\\/avatar\\\/ccc17943b9d660506c869530f897617f7cb1c21a4bf30023f252596d83e1f007?s=96&d=mm&r=g\",\"url\":\"https:\\\/\\\/secure.gravatar.com\\\/avatar\\\/ccc17943b9d660506c869530f897617f7cb1c21a4bf30023f252596d83e1f007?s=96&d=mm&r=g\",\"contentUrl\":\"https:\\\/\\\/secure.gravatar.com\\\/avatar\\\/ccc17943b9d660506c869530f897617f7cb1c21a4bf30023f252596d83e1f007?s=96&d=mm&r=g\",\"caption\":\"admin\"},\"sameAs\":[\"https:\\\/\\\/kibrisdakik.com\"],\"url\":\"https:\\\/\\\/kibrisdakik.com\\\/?author=1\"}]}<\/script>\n<!-- \/ Yoast SEO plugin. -->","yoast_head_json":{"title":"Alkoll\u00fc s\u00fcr\u00fcc\u00fc takla att\u0131\u2026 Yaral\u0131 var -","robots":{"index":"index","follow":"follow","max-snippet":"max-snippet:-1","max-image-preview":"max-image-preview:large","max-video-preview":"max-video-preview:-1"},"canonical":"https:\/\/kibrisdakik.com\/?p=35926","og_locale":"tr_TR","og_type":"article","og_title":"Alkoll\u00fc s\u00fcr\u00fcc\u00fc takla att\u0131\u2026 Yaral\u0131 var -","og_description":"Polis Bas\u0131n Subal\u0131\u011f\u0131\u2019ndan verilen bilgiye g\u00f6re bug\u00fcn saat:14:45 raddelerinde, Bafra \u2013 \u00c7ay\u0131rova anayolunun 1-2. km\u2019leri aras\u0131nda, Serhat Cumhur AYDIN (E-32), y\u00f6netimindeki KG 063 Plakal\u0131 ara\u00e7 ile Bafra istikametinden \u00c7ay\u0131rova istikametine do\u011fru 168 mlgr alkoll\u00fc i\u00e7ki tesiri alt\u0131nda seyretti\u011fi s\u0131rada dikkatsizli\u011fi ve ihmalkarl\u0131\u011f\u0131 sonucu direksiyon hakimiyetini kaybederek gidi\u015fine g\u00f6re yolun sa\u011f\u0131ndan \u00e7\u0131karak yol kenar\u0131nda bulunan ta\u015fa","og_url":"https:\/\/kibrisdakik.com\/?p=35926","article_published_time":"2024-03-27T16:02:14+00:00","og_image":[{"width":736,"height":384,"url":"https:\/\/kibrisdakik.com\/wp-content\/uploads\/2023\/02\/Trafik-Kazasi_polis-logolu.png","type":"image\/png"}],"author":"admin","twitter_card":"summary_large_image","twitter_misc":{"Yazan:":"admin","Tahmini okuma s\u00fcresi":"1 dakika"},"schema":{"@context":"https:\/\/schema.org","@graph":[{"@type":"Article","@id":"https:\/\/kibrisdakik.com\/?p=35926#article","isPartOf":{"@id":"https:\/\/kibrisdakik.com\/?p=35926"},"author":{"name":"admin","@id":"https:\/\/kibrisdakik.com\/#\/schema\/person\/9cd9d437bbb44f72b73ba127e06d8e79"},"headline":"Alkoll\u00fc s\u00fcr\u00fcc\u00fc takla att\u0131\u2026 Yaral\u0131 var","datePublished":"2024-03-27T16:02:14+00:00","mainEntityOfPage":{"@id":"https:\/\/kibrisdakik.com\/?p=35926"},"wordCount":135,"commentCount":0,"image":{"@id":"https:\/\/kibrisdakik.com\/?p=35926#primaryimage"},"thumbnailUrl":"https:\/\/kibrisdakik.com\/wp-content\/uploads\/2023\/02\/Trafik-Kazasi_polis-logolu.png","articleSection":["G\u00fcndem"],"inLanguage":"tr","potentialAction":[{"@type":"CommentAction","name":"Comment","target":["https:\/\/kibrisdakik.com\/?p=35926#respond"]}]},{"@type":"WebPage","@id":"https:\/\/kibrisdakik.com\/?p=35926","url":"https:\/\/kibrisdakik.com\/?p=35926","name":"Alkoll\u00fc s\u00fcr\u00fcc\u00fc takla att\u0131\u2026 Yaral\u0131 var -","isPartOf":{"@id":"https:\/\/kibrisdakik.com\/#website"},"primaryImageOfPage":{"@id":"https:\/\/kibrisdakik.com\/?p=35926#primaryimage"},"image":{"@id":"https:\/\/kibrisdakik.com\/?p=35926#primaryimage"},"thumbnailUrl":"https:\/\/kibrisdakik.com\/wp-content\/uploads\/2023\/02\/Trafik-Kazasi_polis-logolu.png","datePublished":"2024-03-27T16:02:14+00:00","author":{"@id":"https:\/\/kibrisdakik.com\/#\/schema\/person\/9cd9d437bbb44f72b73ba127e06d8e79"},"breadcrumb":{"@id":"https:\/\/kibrisdakik.com\/?p=35926#breadcrumb"},"inLanguage":"tr","potentialAction":[{"@type":"ReadAction","target":["https:\/\/kibrisdakik.com\/?p=35926"]}]},{"@type":"ImageObject","inLanguage":"tr","@id":"https:\/\/kibrisdakik.com\/?p=35926#primaryimage","url":"https:\/\/kibrisdakik.com\/wp-content\/uploads\/2023\/02\/Trafik-Kazasi_polis-logolu.png","contentUrl":"https:\/\/kibrisdakik.com\/wp-content\/uploads\/2023\/02\/Trafik-Kazasi_polis-logolu.png","width":736,"height":384},{"@type":"BreadcrumbList","@id":"https:\/\/kibrisdakik.com\/?p=35926#breadcrumb","itemListElement":[{"@type":"ListItem","position":1,"name":"Home","item":"https:\/\/kibrisdakik.com\/"},{"@type":"ListItem","position":2,"name":"Alkoll\u00fc s\u00fcr\u00fcc\u00fc takla att\u0131\u2026 Yaral\u0131 var"}]},{"@type":"WebSite","@id":"https:\/\/kibrisdakik.com\/#website","url":"https:\/\/kibrisdakik.com\/","name":"","description":"Tam vaktinde haber","potentialAction":[{"@type":"SearchAction","target":{"@type":"EntryPoint","urlTemplate":"https:\/\/kibrisdakik.com\/?s={search_term_string}"},"query-input":{"@type":"PropertyValueSpecification","valueRequired":true,"valueName":"search_term_string"}}],"inLanguage":"tr"},{"@type":"Person","@id":"https:\/\/kibrisdakik.com\/#\/schema\/person\/9cd9d437bbb44f72b73ba127e06d8e79","name":"admin","image":{"@type":"ImageObject","inLanguage":"tr","@id":"https:\/\/secure.gravatar.com\/avatar\/ccc17943b9d660506c869530f897617f7cb1c21a4bf30023f252596d83e1f007?s=96&d=mm&r=g","url":"https:\/\/secure.gravatar.com\/avatar\/ccc17943b9d660506c869530f897617f7cb1c21a4bf30023f252596d83e1f007?s=96&d=mm&r=g","contentUrl":"https:\/\/secure.gravatar.com\/avatar\/ccc17943b9d660506c869530f897617f7cb1c21a4bf30023f252596d83e1f007?s=96&d=mm&r=g","caption":"admin"},"sameAs":["https:\/\/kibrisdakik.com"],"url":"https:\/\/kibrisdakik.com\/?author=1"}]}},"_links":{"self":[{"href":"https:\/\/kibrisdakik.com\/index.php?rest_route=\/wp\/v2\/posts\/35926","targetHints":{"allow":["GET"]}}],"collection":[{"href":"https:\/\/kibrisdakik.com\/index.php?rest_route=\/wp\/v2\/posts"}],"about":[{"href":"https:\/\/kibrisdakik.com\/index.php?rest_route=\/wp\/v2\/types\/post"}],"author":[{"embeddable":true,"href":"https:\/\/kibrisdakik.com\/index.php?rest_route=\/wp\/v2\/users\/1"}],"replies":[{"embeddable":true,"href":"https:\/\/kibrisdakik.com\/index.php?rest_route=%2Fwp%2Fv2%2Fcomments&post=35926"}],"version-history":[{"count":0,"href":"https:\/\/kibrisdakik.com\/index.php?rest_route=\/wp\/v2\/posts\/35926\/revisions"}],"wp:featuredmedia":[{"embeddable":true,"href":"https:\/\/kibrisdakik.com\/index.php?rest_route=\/wp\/v2\/media\/1779"}],"wp:attachment":[{"href":"https:\/\/kibrisdakik.com\/index.php?rest_route=%2Fwp%2Fv2%2Fmedia&parent=35926"}],"wp:term":[{"taxonomy":"category","embeddable":true,"href":"https:\/\/kibrisdakik.com\/index.php?rest_route=%2Fwp%2Fv2%2Fcategories&post=35926"},{"taxonomy":"post_tag","embeddable":true,"href":"https:\/\/kibrisdakik.com\/index.php?rest_route=%2Fwp%2Fv2%2Ftags&post=35926"}],"curies":[{"name":"wp","href":"https:\/\/api.w.org\/{rel}","templated":true}]}}