{"id":35933,"date":"2024-03-27T16:59:53","date_gmt":"2024-03-27T16:59:53","guid":{"rendered":"https:\/\/kibrisdakik.com\/index.php\/2024\/03\/27\/butceden-daha-fazla-pay-ayrilmasi-gerektigini-soyledi\/"},"modified":"2024-03-27T16:59:53","modified_gmt":"2024-03-27T16:59:53","slug":"butceden-daha-fazla-pay-ayrilmasi-gerektigini-soyledi","status":"publish","type":"post","link":"https:\/\/kibrisdakik.com\/?p=35933","title":{"rendered":"B\u00fct\u00e7eden daha fazla pay ayr\u0131lmas\u0131 gerekti\u011fini s\u00f6yledi"},"content":{"rendered":"<p><img decoding=\"async\" src=\"https:\/\/www.kibristurk.com\/images\/haberler\/2024\/03\/butceden-daha-fazla-pay-ayrilmasi-gerektigini-soyledi-1711557503.webp\" \/><\/p>\n<p style=\"text-align:left\"><span style=\"font-size:16px\"><span style=\"font-family:Merriweather,serif !important\"><span style=\"color:#000000\"><span style=\"background-color:#ffffff\">Akansoy, Ulusal Birlik Partisi Milletvekili O\u011fuzhan Hasipo\u011flu\u2019nu \u0130svi\u00e7re\u2019de kat\u0131ld\u0131klar\u0131 bir toplant\u0131 sonras\u0131 yapt\u0131\u011f\u0131 \u201cRumlar\u2019\u0131n K\u0131br\u0131sl\u0131 T\u00fcrkleri az\u0131nl\u0131k olarak g\u00f6r\u00fcyor\u201d ifadesinin yorum oldu\u011funu belirtti ve \u0130svi\u00e7re\u2019deki baz\u0131 a\u00e7\u0131klamalara i\u015faret etti.<\/span><\/span><\/span><\/span><\/p>\n<p style=\"text-align:left\"><span style=\"font-size:16px\"><span style=\"font-family:Merriweather,serif !important\"><span style=\"color:#000000\"><span style=\"background-color:#ffffff\">&nbsp;<\/span><\/span><\/span><\/span><\/p>\n<p style=\"text-align:left\"><span style=\"font-size:16px\"><span style=\"font-family:Merriweather,serif !important\"><span style=\"color:#000000\"><span style=\"background-color:#ffffff\">-Okul \u00fccretleri<\/span><\/span><\/span><\/span><\/p>\n<p style=\"text-align:left\"><span style=\"font-size:16px\"><span style=\"font-family:Merriweather,serif !important\"><span style=\"color:#000000\"><span style=\"background-color:#ffffff\">&nbsp;<\/span><\/span><\/span><\/span><\/p>\n<p style=\"text-align:left\"><span style=\"font-size:16px\"><span style=\"font-family:Merriweather,serif !important\"><span style=\"color:#000000\"><span style=\"background-color:#ffffff\">Kat\u0131ld\u0131\u011f\u0131 bir televizyon program\u0131nda \u00f6zel okul \u00fccretleriyle ilgili de\u011ferlendirmede bulunan Akansoy,<\/span><\/span><\/span><\/span><\/p>\n<p style=\"text-align:left\"><span style=\"font-size:16px\"><span style=\"font-family:Merriweather,serif !important\"><span style=\"color:#000000\"><span style=\"background-color:#ffffff\">H\u00fck\u00fcmetin s\u00f6z konusu sorunla ilgili hi\u00e7bir ad\u0131m atmad\u0131\u011f\u0131n\u0131, \u00f6zel okullar\u0131n \u00fccretlerini diledi\u011fi gibi d\u00fczenleyebildi\u011fini kaydetti.<\/span><\/span><\/span><\/span><\/p>\n<p style=\"text-align:left\"><span style=\"font-size:16px\"><span style=\"font-family:Merriweather,serif !important\"><span style=\"color:#000000\"><span style=\"background-color:#ffffff\">&nbsp;<\/span><\/span><\/span><\/span><\/p>\n<p style=\"text-align:left\"><span style=\"font-size:16px\"><span style=\"font-family:Merriweather,serif !important\"><span style=\"color:#000000\"><span style=\"background-color:#ffffff\">B\u00fct\u00e7ede kamusal e\u011fitimine ayr\u0131lan pay\u0131n art\u0131r\u0131lmas\u0131 gerekti\u011fini belirten Akansoy, \u201cBizim \u00fczerinde durmam\u0131z gereken ana konu, kamusal e\u011fitim ve kamu sa\u011fl\u0131\u011f\u0131d\u0131r. \u00d6nceli\u011fimiz, halk\u0131n \u00f6dedi\u011fi vergilerle ayakta duran kamusal e\u011fitim hizmetini \u00e7a\u011fda\u015f bir seviyeye \u00e7\u0131karabilmektir\u201d dedi.<\/span><\/span><\/span><\/span><\/p>\n<p style=\"text-align:left\"><span style=\"font-size:16px\"><span style=\"font-family:Merriweather,serif !important\"><span style=\"color:#000000\"><span style=\"background-color:#ffffff\">&nbsp;<\/span><\/span><\/span><\/span><\/p>\n<p style=\"text-align:left\"><span style=\"font-size:16px\"><span style=\"font-family:Merriweather,serif !important\"><span style=\"color:#000000\"><span style=\"background-color:#ffffff\">Akansoy, \u201cKamu hizmetini g\u00f6z ard\u0131 ederek sadece \u00f6zele kayan bir e\u011fitim ve sa\u011fl\u0131k hizmeti, fahi\u015f fiyatlarla vatanda\u015f\u0131 ma\u011fdur eder. Bu bak\u0131mdan her iki alan\u0131n birbirini dengeleyece\u011fi, kamu yarar\u0131na bir sistem i\u00e7in \u00e7al\u0131\u015f\u0131yoruz\u201d dedi.<\/span><\/span><\/span><\/span><\/p>\n<p style=\"text-align:left\"><span style=\"font-size:16px\"><span style=\"font-family:Merriweather,serif !important\"><span style=\"color:#000000\"><span style=\"background-color:#ffffff\">&nbsp;<\/span><\/span><\/span><\/span><\/p>\n<p style=\"text-align:left\"><span style=\"font-size:16px\"><span style=\"font-family:Merriweather,serif !important\"><span style=\"color:#000000\"><span style=\"background-color:#ffffff\">-Hasipo\u011flunun ifadesi sadece bir yorum<\/span><\/span><\/span><\/span><\/p>\n<p style=\"text-align:left\"><span style=\"font-size:16px\"><span style=\"font-family:Merriweather,serif !important\"><span style=\"color:#000000\"><span style=\"background-color:#ffffff\">&nbsp;<\/span><\/span><\/span><\/span><\/p>\n<p style=\"text-align:left\"><span style=\"font-size:16px\"><span style=\"font-family:Merriweather,serif !important\"><span style=\"color:#000000\"><span style=\"background-color:#ffffff\">Cenevre\u2019de kat\u0131ld\u0131\u011f\u0131 Parlamentolar Aras\u0131 Birlik toplant\u0131s\u0131yla ilgili Akansoy, &nbsp;toplant\u0131ya G\u00fcney K\u0131br\u0131s\u2019tan muhalefet partilerinden AKEL\u2019in Genel Sekreteri Stefanos Stefanou ve eski D\u0130S\u0130 Ba\u015fkan\u0131 Averof Neofitu, Volt K\u0131br\u0131s E\u015f Ba\u015fkan\u0131 Alaksandra Attalides\u2019in de toplant\u0131ya kat\u0131ld\u0131\u011f\u0131n\u0131 belirtti.<\/span><\/span><\/span><\/span><\/p>\n<p style=\"text-align:left\"><span style=\"font-size:16px\"><span style=\"font-family:Merriweather,serif !important\"><span style=\"color:#000000\"><span style=\"background-color:#ffffff\">&nbsp;<\/span><\/span><\/span><\/span><\/p>\n<p style=\"text-align:left\"><span style=\"font-size:16px\"><span style=\"font-family:Merriweather,serif !important\"><span style=\"color:#000000\"><span style=\"background-color:#ffffff\">Baz\u0131 \u00fclkelerin vekilleriyle de \u00f6zel u\u011fra\u015flarla g\u00f6r\u00fc\u015fmeler yapt\u0131klar\u0131n\u0131 da ifade eden Akansoy,<\/span><\/span><\/span><\/span><\/p>\n<p style=\"text-align:left\"><span style=\"font-size:16px\"><span style=\"font-family:Merriweather,serif !important\"><span style=\"color:#000000\"><span style=\"background-color:#ffffff\">\u201cHer \u00fclke sizinle g\u00f6r\u00fc\u015fmeyi kabul etmiyor. Biz yapt\u0131\u011f\u0131m\u0131z g\u00f6r\u00fc\u015fmelerde kuzeydeki ekonomik durum ve bu ba\u011flamda di\u011fer \u00fclkelerle ticari, ekonomik ve sosyal alanlarda neler yapabilece\u011fi konusunda g\u00f6r\u00fc\u015f al\u0131\u015fveri\u015finde bulunduk\u201d dedi.&nbsp;<\/span><\/span><\/span><\/span><\/p>\n<p style=\"text-align:left\"><span style=\"font-size:16px\"><span style=\"font-family:Merriweather,serif !important\"><span style=\"color:#000000\"><span style=\"background-color:#ffffff\">&nbsp;<\/span><\/span><\/span><\/span><\/p>\n<p style=\"text-align:left\"><span style=\"font-size:16px\"><span style=\"font-family:Merriweather,serif !important\"><span style=\"color:#000000\"><span style=\"background-color:#ffffff\">UBP Genel Sekreteri O\u011fuzhan Hasipo\u011flu\u2019nun toplant\u0131yla ilgili yapt\u0131\u011f\u0131 \u201cK\u0131br\u0131s Rum taraf\u0131 e\u015fit stat\u00fcy\u00fc kabul etmiyor, bizi az\u0131nl\u0131k olarak g\u00f6r\u00fcyor\u201d a\u00e7\u0131klamas\u0131n\u0131 da de\u011ferlendiren Akansoy, \u201cBirlik toplant\u0131s\u0131n\u0131n\u201d K\u0131br\u0131s\u2019ta da yap\u0131l\u0131p yap\u0131lamayaca\u011f\u0131 konusunu da g\u00f6r\u00fc\u015ft\u00fcklerini ve<\/span><\/span><\/span><\/span><\/p>\n<p style=\"text-align:left\"><span style=\"font-size:16px\"><span style=\"font-family:Merriweather,serif !important\"><span style=\"color:#000000\"><span style=\"background-color:#ffffff\">\u00f6nerinin K\u0131br\u0131sl\u0131 Rumlar taraf\u0131ndan uygun g\u00f6r\u00fclmedi\u011fini belirtti.<\/span><\/span><\/span><\/span><\/p>\n<p style=\"text-align:left\"><span style=\"font-size:16px\"><span style=\"font-family:Merriweather,serif !important\"><span style=\"color:#000000\"><span style=\"background-color:#ffffff\">&nbsp;<\/span><\/span><\/span><\/span><\/p>\n<p style=\"text-align:left\"><span style=\"font-size:16px\"><span style=\"font-family:Merriweather,serif !important\"><span style=\"color:#000000\"><span style=\"background-color:#ffffff\">Akansoy, \u201cK\u0131br\u0131s Rum Milletvekilleri, K\u0131br\u0131s\u2019ta da g\u00f6r\u00fc\u015f\u00fclebilece\u011fini ancak yap\u0131lan g\u00f6r\u00fc\u015fmelerin, iki Liderin alt\u0131nda konumland\u0131ran teknik komiteler \u00e7er\u00e7evesinde olmas\u0131 gerekti\u011fini, BM\u2019nin alt\u0131nda g\u00f6r\u00fc\u015f\u00fclmesi gerekti\u011fini s\u00f6yledi. Ya da Slovak B\u00fcy\u00fckel\u00e7isinin d\u00fczenledi\u011fi toplant\u0131lar\u0131n olmas\u0131 gerekti\u011fini ifade ettiler\u201d dedi.<\/span><\/span><\/span><\/span><\/p>\n<p style=\"text-align:left\"><span style=\"font-size:16px\"><span style=\"font-family:Merriweather,serif !important\"><span style=\"color:#000000\"><span style=\"background-color:#ffffff\">&nbsp;<\/span><\/span><\/span><\/span><\/p>\n<p style=\"text-align:left\"><span style=\"font-size:16px\"><span style=\"font-family:Merriweather,serif !important\"><span style=\"color:#000000\"><span style=\"background-color:#ffffff\">AKEL Genel Sekreteri Stefanos Stefanu\u2019nun toplant\u0131da, K\u0131br\u0131s sorununa \u00e7\u00f6z\u00fcm\u00fcn Birle\u015fmi\u015f Milletler parametrelerinde aranmas\u0131 gerekti\u011fini s\u00f6yledi\u011fini belirten Akansoy, Stefanu&#8217;nun \u201cK\u0131br\u0131s T\u00fcrk taraf\u0131n\u0131n siyasi e\u015fitlik hassasiyetinin fark\u0131nday\u0131z. K\u0131br\u0131sl\u0131 Rumlar\u0131n ve K\u0131br\u0131sl\u0131 T\u00fcrklerin d\u00f6n\u00fc\u015f\u00fcml\u00fc ba\u015fkanl\u0131\u011f\u0131n\u0131 kabul ediyoruz. Federal yap\u0131daki her kurumda ayr\u0131cal\u0131kl\u0131 oyu kabul ediyoruz\u201d dedi\u011fini kaydetti.<\/span><\/span><\/span><\/span><\/p>\n<p style=\"text-align:left\"><span style=\"font-size:16px\"><span style=\"font-family:Merriweather,serif !important\"><span style=\"color:#000000\"><span style=\"background-color:#ffffff\">&nbsp;<\/span><\/span><\/span><\/span><\/p>\n<p style=\"text-align:left\"><span style=\"font-size:16px\"><span style=\"font-family:Merriweather,serif !important\"><span style=\"color:#000000\"><span style=\"background-color:#ffffff\">Akansoy, \u201cSay\u0131n Hasipo\u011flu\u2019nun s\u00f6yledi\u011fi, \u2018Bizi az\u0131nl\u0131k olarak g\u00f6r\u00fcyorlar\u2019 ifadesi sadece bir yorumdur\u201d dedi.<\/span><\/span><\/span><\/span><\/p>\n<p style=\"text-align:left\"><span style=\"font-size:16px\"><span style=\"font-family:Merriweather,serif !important\"><span style=\"color:#000000\"><span style=\"background-color:#ffffff\">&nbsp;<\/span><\/span><\/span><\/span><\/p>\n<p style=\"text-align:left\"><span style=\"font-size:16px\"><span style=\"font-family:Merriweather,serif !important\"><span style=\"color:#000000\"><span style=\"background-color:#ffffff\">CTP olarak AKEL, D\u0130S\u0130 ve VOLT K\u0131br\u0131s ile g\u00f6r\u00fc\u015fme yapt\u0131klar\u0131n\u0131 kaydeden Akansoy, \u201cBizim i\u00e7in as\u0131l olan BM parametrelerinin kabul edilmesidir. Say\u0131n (Cumhurba\u015fkan\u0131 Ersin) Tatar\u2019\u0131n bu konuda ne d\u00fc\u015f\u00fcnd\u00fc\u011f\u00fc de belli de\u011fildir\u201d dedi.<\/span><\/span><\/span><\/span><\/p>\n<p style=\"text-align:left\"><span style=\"font-size:16px\"><span style=\"font-family:Merriweather,serif !important\"><span style=\"color:#000000\"><span style=\"background-color:#ffffff\">&nbsp;<\/span><\/span><\/span><\/span><\/p>\n<p style=\"text-align:left\"><span style=\"font-size:16px\"><span style=\"font-family:Merriweather,serif !important\"><span style=\"color:#000000\"><span style=\"background-color:#ffffff\">Adadaki b\u00f6l\u00fcnm\u00fc\u015fl\u00fc\u011f\u00fcn, K\u0131br\u0131s T\u00fcrk halk\u0131na zarar verdi\u011fini kaydeden Akansoy, \u201cBM zemininde bu s\u00fcrecin ileriye g\u00f6t\u00fcr\u00fclmesi \u015fartt\u0131r. M\u00fczakerelerde siyasi e\u015fitlik konusunun pazarl\u0131k konusu yap\u0131lmas\u0131n\u0131 kabul etmiyoruz. Siyasi e\u015fitlik bizim i\u00e7in temel parametredir ve BM GK kararlar\u0131nda nas\u0131l olaca\u011f\u0131 belirtilmi\u015ftir. &nbsp;Var\u0131lacak olan yeni yap\u0131, iki kurucu devletin yetkilerini egemence payla\u015facaklar\u0131, tek egemenlikli bir modele dayanacakt\u0131r. \u00c7\u00f6z\u00fcm isteniyorsa, kar\u015f\u0131l\u0131kl\u0131 kabul edilir model budur\u201d dedi.&nbsp;<\/span><\/span><\/span><\/span><\/p>\n<p style=\"text-align:left\"><span style=\"font-size:16px\"><span style=\"font-family:Merriweather,serif !important\"><span style=\"color:#000000\"><span style=\"background-color:#ffffff\">&nbsp;<\/span><\/span><\/span><\/span><\/p>\n<p style=\"text-align:left\"><span style=\"font-size:16px\"><span style=\"font-family:Merriweather,serif !important\"><span style=\"color:#000000\"><span style=\"background-color:#ffffff\">-Alt ve orta gelirli insanlar i\u00e7in yapacak \u00e7ok \u015fey vard\u0131r<\/span><\/span><\/span><\/span><\/p>\n<p style=\"text-align:left\"><span style=\"font-size:16px\"><span style=\"font-family:Merriweather,serif !important\"><span style=\"color:#000000\"><span style=\"background-color:#ffffff\">&nbsp;<\/span><\/span><\/span><\/span><\/p>\n<p style=\"text-align:left\"><span style=\"font-size:16px\"><span style=\"font-family:Merriweather,serif !important\"><span style=\"color:#000000\"><span style=\"background-color:#ffffff\">\u00dclkede kay\u0131t d\u0131\u015f\u0131 ekonomiye de de\u011finen Akansoy, kay\u0131t d\u0131\u015f\u0131 ekonominin \u00fczerine bir an \u00f6nce gidilmesi gereklili\u011fini, kay\u0131t d\u0131\u015f\u0131 ekonominin \u00fczerine gidilmesiyle devletin gelirlerini art\u0131raca\u011f\u0131n\u0131 kaydetti.<\/span><\/span><\/span><\/span><\/p>\n<p style=\"text-align:left\"><span style=\"font-size:16px\"><span style=\"font-family:Merriweather,serif !important\"><span style=\"color:#000000\"><span style=\"background-color:#ffffff\">&nbsp;<\/span><\/span><\/span><\/span><\/p>\n<p style=\"text-align:left\"><span style=\"font-size:16px\"><span style=\"font-family:Merriweather,serif !important\"><span style=\"color:#000000\"><span style=\"background-color:#ffffff\">Akansoy, \u201cBu \u00fclkede ekonomik geli\u015fme i\u00e7in yap\u0131labilecek \u00e7ok \u015fey var. Bunlar\u0131 yapabilecek \u00f6ng\u00f6r\u00fc ve bilimsel vizyon \u015fu anki h\u00fck\u00fcmette yoktur. Alt ve orta gelirli insanlar\u0131m\u0131z \u00e7ok zor durumdad\u0131r ve kendileri i\u00e7in yap\u0131labilecek \u00e7ok \u015fey vard\u0131r\u201d dedi.<\/span><\/span><\/span><\/span><\/p>\n<p style=\"text-align:left\"><span style=\"font-size:16px\"><span style=\"font-family:Merriweather,serif !important\"><span style=\"color:#000000\"><span style=\"background-color:#ffffff\">&nbsp;<\/span><\/span><\/span><\/span><\/p>\n<p style=\"text-align:left\"><span style=\"font-size:16px\"><span style=\"font-family:Merriweather,serif !important\"><span style=\"color:#000000\"><span style=\"background-color:#ffffff\">CTP\u2019nin bu konularda \u00e7al\u0131\u015fmalar yapt\u0131\u011f\u0131n\u0131 belirten As\u0131m Akansoy, \u201cKamuoyuyla her \u015feyi payla\u015farak, a\u00e7\u0131k ve \u015feffaf bir yakla\u015f\u0131mla, birlikte y\u00f6neterek bu \u00fclkeyi hep birlikte aya\u011fa kald\u0131rabiliriz. Hep birlikte y\u00f6netime gelece\u011fiz ve ba\u015faraca\u011f\u0131z.\u201d Dedi.<\/span><\/span><\/span><\/span><\/p>\n","protected":false},"excerpt":{"rendered":"<p>Akansoy, Ulusal Birlik Partisi Milletvekili O\u011fuzhan Hasipo\u011flu\u2019nu \u0130svi\u00e7re\u2019de kat\u0131ld\u0131klar\u0131 bir toplant\u0131 sonras\u0131 yapt\u0131\u011f\u0131 \u201cRumlar\u2019\u0131n K\u0131br\u0131sl\u0131 T\u00fcrkleri az\u0131nl\u0131k olarak g\u00f6r\u00fcyor\u201d ifadesinin yorum oldu\u011funu belirtti ve \u0130svi\u00e7re\u2019deki baz\u0131 a\u00e7\u0131klamalara i\u015faret etti. &nbsp; -Okul \u00fccretleri &nbsp; Kat\u0131ld\u0131\u011f\u0131 bir televizyon program\u0131nda \u00f6zel okul \u00fccretleriyle ilgili de\u011ferlendirmede bulunan Akansoy, H\u00fck\u00fcmetin s\u00f6z konusu sorunla ilgili hi\u00e7bir ad\u0131m atmad\u0131\u011f\u0131n\u0131, \u00f6zel okullar\u0131n \u00fccretlerini<\/p>\n","protected":false},"author":1,"featured_media":35934,"comment_status":"open","ping_status":"open","sticky":false,"template":"","format":"standard","meta":{"footnotes":""},"categories":[79],"tags":[],"class_list":["post-35933","post","type-post","status-publish","format-standard","has-post-thumbnail","hentry","category-ekonomi"],"yoast_head":"<!-- This site is optimized with the Yoast SEO plugin v27.5 - https:\/\/yoast.com\/product\/yoast-seo-wordpress\/ -->\n<title>B\u00fct\u00e7eden daha fazla pay ayr\u0131lmas\u0131 gerekti\u011fini s\u00f6yledi -<\/title>\n<meta name=\"robots\" content=\"index, follow, max-snippet:-1, max-image-preview:large, max-video-preview:-1\" \/>\n<link rel=\"canonical\" href=\"https:\/\/kibrisdakik.com\/?p=35933\" \/>\n<meta property=\"og:locale\" content=\"tr_TR\" \/>\n<meta property=\"og:type\" content=\"article\" \/>\n<meta property=\"og:title\" content=\"B\u00fct\u00e7eden daha fazla pay ayr\u0131lmas\u0131 gerekti\u011fini s\u00f6yledi -\" \/>\n<meta property=\"og:description\" content=\"Akansoy, Ulusal Birlik Partisi Milletvekili O\u011fuzhan Hasipo\u011flu\u2019nu \u0130svi\u00e7re\u2019de kat\u0131ld\u0131klar\u0131 bir toplant\u0131 sonras\u0131 yapt\u0131\u011f\u0131 \u201cRumlar\u2019\u0131n K\u0131br\u0131sl\u0131 T\u00fcrkleri az\u0131nl\u0131k olarak g\u00f6r\u00fcyor\u201d ifadesinin yorum oldu\u011funu belirtti ve \u0130svi\u00e7re\u2019deki baz\u0131 a\u00e7\u0131klamalara i\u015faret etti. &nbsp; -Okul \u00fccretleri &nbsp; Kat\u0131ld\u0131\u011f\u0131 bir televizyon program\u0131nda \u00f6zel okul \u00fccretleriyle ilgili de\u011ferlendirmede bulunan Akansoy, H\u00fck\u00fcmetin s\u00f6z konusu sorunla ilgili hi\u00e7bir ad\u0131m atmad\u0131\u011f\u0131n\u0131, \u00f6zel okullar\u0131n \u00fccretlerini\" \/>\n<meta property=\"og:url\" content=\"https:\/\/kibrisdakik.com\/?p=35933\" \/>\n<meta property=\"article:published_time\" content=\"2024-03-27T16:59:53+00:00\" \/>\n<meta property=\"og:image\" content=\"https:\/\/kibrisdakik.com\/wp-content\/uploads\/2024\/03\/butceden-daha-fazla-pay-ayrilmasi-gerektigini-soyledi-1711557503.webp.webp\" \/>\n\t<meta property=\"og:image:width\" content=\"710\" \/>\n\t<meta property=\"og:image:height\" content=\"370\" \/>\n\t<meta property=\"og:image:type\" content=\"image\/webp\" \/>\n<meta name=\"author\" content=\"admin\" \/>\n<meta name=\"twitter:card\" content=\"summary_large_image\" \/>\n<meta name=\"twitter:label1\" content=\"Yazan:\" \/>\n\t<meta name=\"twitter:data1\" content=\"admin\" \/>\n\t<meta name=\"twitter:label2\" content=\"Tahmini okuma s\u00fcresi\" \/>\n\t<meta name=\"twitter:data2\" content=\"4 dakika\" \/>\n<script type=\"application\/ld+json\" class=\"yoast-schema-graph\">{\"@context\":\"https:\\\/\\\/schema.org\",\"@graph\":[{\"@type\":\"Article\",\"@id\":\"https:\\\/\\\/kibrisdakik.com\\\/?p=35933#article\",\"isPartOf\":{\"@id\":\"https:\\\/\\\/kibrisdakik.com\\\/?p=35933\"},\"author\":{\"name\":\"admin\",\"@id\":\"https:\\\/\\\/kibrisdakik.com\\\/#\\\/schema\\\/person\\\/9cd9d437bbb44f72b73ba127e06d8e79\"},\"headline\":\"B\u00fct\u00e7eden daha fazla pay ayr\u0131lmas\u0131 gerekti\u011fini s\u00f6yledi\",\"datePublished\":\"2024-03-27T16:59:53+00:00\",\"mainEntityOfPage\":{\"@id\":\"https:\\\/\\\/kibrisdakik.com\\\/?p=35933\"},\"wordCount\":847,\"commentCount\":0,\"image\":{\"@id\":\"https:\\\/\\\/kibrisdakik.com\\\/?p=35933#primaryimage\"},\"thumbnailUrl\":\"https:\\\/\\\/kibrisdakik.com\\\/wp-content\\\/uploads\\\/2024\\\/03\\\/butceden-daha-fazla-pay-ayrilmasi-gerektigini-soyledi-1711557503.webp.webp\",\"articleSection\":[\"Ekonomi\"],\"inLanguage\":\"tr\",\"potentialAction\":[{\"@type\":\"CommentAction\",\"name\":\"Comment\",\"target\":[\"https:\\\/\\\/kibrisdakik.com\\\/?p=35933#respond\"]}]},{\"@type\":\"WebPage\",\"@id\":\"https:\\\/\\\/kibrisdakik.com\\\/?p=35933\",\"url\":\"https:\\\/\\\/kibrisdakik.com\\\/?p=35933\",\"name\":\"B\u00fct\u00e7eden daha fazla pay ayr\u0131lmas\u0131 gerekti\u011fini s\u00f6yledi -\",\"isPartOf\":{\"@id\":\"https:\\\/\\\/kibrisdakik.com\\\/#website\"},\"primaryImageOfPage\":{\"@id\":\"https:\\\/\\\/kibrisdakik.com\\\/?p=35933#primaryimage\"},\"image\":{\"@id\":\"https:\\\/\\\/kibrisdakik.com\\\/?p=35933#primaryimage\"},\"thumbnailUrl\":\"https:\\\/\\\/kibrisdakik.com\\\/wp-content\\\/uploads\\\/2024\\\/03\\\/butceden-daha-fazla-pay-ayrilmasi-gerektigini-soyledi-1711557503.webp.webp\",\"datePublished\":\"2024-03-27T16:59:53+00:00\",\"author\":{\"@id\":\"https:\\\/\\\/kibrisdakik.com\\\/#\\\/schema\\\/person\\\/9cd9d437bbb44f72b73ba127e06d8e79\"},\"breadcrumb\":{\"@id\":\"https:\\\/\\\/kibrisdakik.com\\\/?p=35933#breadcrumb\"},\"inLanguage\":\"tr\",\"potentialAction\":[{\"@type\":\"ReadAction\",\"target\":[\"https:\\\/\\\/kibrisdakik.com\\\/?p=35933\"]}]},{\"@type\":\"ImageObject\",\"inLanguage\":\"tr\",\"@id\":\"https:\\\/\\\/kibrisdakik.com\\\/?p=35933#primaryimage\",\"url\":\"https:\\\/\\\/kibrisdakik.com\\\/wp-content\\\/uploads\\\/2024\\\/03\\\/butceden-daha-fazla-pay-ayrilmasi-gerektigini-soyledi-1711557503.webp.webp\",\"contentUrl\":\"https:\\\/\\\/kibrisdakik.com\\\/wp-content\\\/uploads\\\/2024\\\/03\\\/butceden-daha-fazla-pay-ayrilmasi-gerektigini-soyledi-1711557503.webp.webp\",\"width\":710,\"height\":370},{\"@type\":\"BreadcrumbList\",\"@id\":\"https:\\\/\\\/kibrisdakik.com\\\/?p=35933#breadcrumb\",\"itemListElement\":[{\"@type\":\"ListItem\",\"position\":1,\"name\":\"Home\",\"item\":\"https:\\\/\\\/kibrisdakik.com\\\/\"},{\"@type\":\"ListItem\",\"position\":2,\"name\":\"B\u00fct\u00e7eden daha fazla pay ayr\u0131lmas\u0131 gerekti\u011fini s\u00f6yledi\"}]},{\"@type\":\"WebSite\",\"@id\":\"https:\\\/\\\/kibrisdakik.com\\\/#website\",\"url\":\"https:\\\/\\\/kibrisdakik.com\\\/\",\"name\":\"\",\"description\":\"Tam vaktinde haber\",\"potentialAction\":[{\"@type\":\"SearchAction\",\"target\":{\"@type\":\"EntryPoint\",\"urlTemplate\":\"https:\\\/\\\/kibrisdakik.com\\\/?s={search_term_string}\"},\"query-input\":{\"@type\":\"PropertyValueSpecification\",\"valueRequired\":true,\"valueName\":\"search_term_string\"}}],\"inLanguage\":\"tr\"},{\"@type\":\"Person\",\"@id\":\"https:\\\/\\\/kibrisdakik.com\\\/#\\\/schema\\\/person\\\/9cd9d437bbb44f72b73ba127e06d8e79\",\"name\":\"admin\",\"image\":{\"@type\":\"ImageObject\",\"inLanguage\":\"tr\",\"@id\":\"https:\\\/\\\/secure.gravatar.com\\\/avatar\\\/ccc17943b9d660506c869530f897617f7cb1c21a4bf30023f252596d83e1f007?s=96&d=mm&r=g\",\"url\":\"https:\\\/\\\/secure.gravatar.com\\\/avatar\\\/ccc17943b9d660506c869530f897617f7cb1c21a4bf30023f252596d83e1f007?s=96&d=mm&r=g\",\"contentUrl\":\"https:\\\/\\\/secure.gravatar.com\\\/avatar\\\/ccc17943b9d660506c869530f897617f7cb1c21a4bf30023f252596d83e1f007?s=96&d=mm&r=g\",\"caption\":\"admin\"},\"sameAs\":[\"https:\\\/\\\/kibrisdakik.com\"],\"url\":\"https:\\\/\\\/kibrisdakik.com\\\/?author=1\"}]}<\/script>\n<!-- \/ Yoast SEO plugin. -->","yoast_head_json":{"title":"B\u00fct\u00e7eden daha fazla pay ayr\u0131lmas\u0131 gerekti\u011fini s\u00f6yledi -","robots":{"index":"index","follow":"follow","max-snippet":"max-snippet:-1","max-image-preview":"max-image-preview:large","max-video-preview":"max-video-preview:-1"},"canonical":"https:\/\/kibrisdakik.com\/?p=35933","og_locale":"tr_TR","og_type":"article","og_title":"B\u00fct\u00e7eden daha fazla pay ayr\u0131lmas\u0131 gerekti\u011fini s\u00f6yledi -","og_description":"Akansoy, Ulusal Birlik Partisi Milletvekili O\u011fuzhan Hasipo\u011flu\u2019nu \u0130svi\u00e7re\u2019de kat\u0131ld\u0131klar\u0131 bir toplant\u0131 sonras\u0131 yapt\u0131\u011f\u0131 \u201cRumlar\u2019\u0131n K\u0131br\u0131sl\u0131 T\u00fcrkleri az\u0131nl\u0131k olarak g\u00f6r\u00fcyor\u201d ifadesinin yorum oldu\u011funu belirtti ve \u0130svi\u00e7re\u2019deki baz\u0131 a\u00e7\u0131klamalara i\u015faret etti. &nbsp; -Okul \u00fccretleri &nbsp; Kat\u0131ld\u0131\u011f\u0131 bir televizyon program\u0131nda \u00f6zel okul \u00fccretleriyle ilgili de\u011ferlendirmede bulunan Akansoy, H\u00fck\u00fcmetin s\u00f6z konusu sorunla ilgili hi\u00e7bir ad\u0131m atmad\u0131\u011f\u0131n\u0131, \u00f6zel okullar\u0131n \u00fccretlerini","og_url":"https:\/\/kibrisdakik.com\/?p=35933","article_published_time":"2024-03-27T16:59:53+00:00","og_image":[{"width":710,"height":370,"url":"https:\/\/kibrisdakik.com\/wp-content\/uploads\/2024\/03\/butceden-daha-fazla-pay-ayrilmasi-gerektigini-soyledi-1711557503.webp.webp","type":"image\/webp"}],"author":"admin","twitter_card":"summary_large_image","twitter_misc":{"Yazan:":"admin","Tahmini okuma s\u00fcresi":"4 dakika"},"schema":{"@context":"https:\/\/schema.org","@graph":[{"@type":"Article","@id":"https:\/\/kibrisdakik.com\/?p=35933#article","isPartOf":{"@id":"https:\/\/kibrisdakik.com\/?p=35933"},"author":{"name":"admin","@id":"https:\/\/kibrisdakik.com\/#\/schema\/person\/9cd9d437bbb44f72b73ba127e06d8e79"},"headline":"B\u00fct\u00e7eden daha fazla pay ayr\u0131lmas\u0131 gerekti\u011fini s\u00f6yledi","datePublished":"2024-03-27T16:59:53+00:00","mainEntityOfPage":{"@id":"https:\/\/kibrisdakik.com\/?p=35933"},"wordCount":847,"commentCount":0,"image":{"@id":"https:\/\/kibrisdakik.com\/?p=35933#primaryimage"},"thumbnailUrl":"https:\/\/kibrisdakik.com\/wp-content\/uploads\/2024\/03\/butceden-daha-fazla-pay-ayrilmasi-gerektigini-soyledi-1711557503.webp.webp","articleSection":["Ekonomi"],"inLanguage":"tr","potentialAction":[{"@type":"CommentAction","name":"Comment","target":["https:\/\/kibrisdakik.com\/?p=35933#respond"]}]},{"@type":"WebPage","@id":"https:\/\/kibrisdakik.com\/?p=35933","url":"https:\/\/kibrisdakik.com\/?p=35933","name":"B\u00fct\u00e7eden daha fazla pay ayr\u0131lmas\u0131 gerekti\u011fini s\u00f6yledi -","isPartOf":{"@id":"https:\/\/kibrisdakik.com\/#website"},"primaryImageOfPage":{"@id":"https:\/\/kibrisdakik.com\/?p=35933#primaryimage"},"image":{"@id":"https:\/\/kibrisdakik.com\/?p=35933#primaryimage"},"thumbnailUrl":"https:\/\/kibrisdakik.com\/wp-content\/uploads\/2024\/03\/butceden-daha-fazla-pay-ayrilmasi-gerektigini-soyledi-1711557503.webp.webp","datePublished":"2024-03-27T16:59:53+00:00","author":{"@id":"https:\/\/kibrisdakik.com\/#\/schema\/person\/9cd9d437bbb44f72b73ba127e06d8e79"},"breadcrumb":{"@id":"https:\/\/kibrisdakik.com\/?p=35933#breadcrumb"},"inLanguage":"tr","potentialAction":[{"@type":"ReadAction","target":["https:\/\/kibrisdakik.com\/?p=35933"]}]},{"@type":"ImageObject","inLanguage":"tr","@id":"https:\/\/kibrisdakik.com\/?p=35933#primaryimage","url":"https:\/\/kibrisdakik.com\/wp-content\/uploads\/2024\/03\/butceden-daha-fazla-pay-ayrilmasi-gerektigini-soyledi-1711557503.webp.webp","contentUrl":"https:\/\/kibrisdakik.com\/wp-content\/uploads\/2024\/03\/butceden-daha-fazla-pay-ayrilmasi-gerektigini-soyledi-1711557503.webp.webp","width":710,"height":370},{"@type":"BreadcrumbList","@id":"https:\/\/kibrisdakik.com\/?p=35933#breadcrumb","itemListElement":[{"@type":"ListItem","position":1,"name":"Home","item":"https:\/\/kibrisdakik.com\/"},{"@type":"ListItem","position":2,"name":"B\u00fct\u00e7eden daha fazla pay ayr\u0131lmas\u0131 gerekti\u011fini s\u00f6yledi"}]},{"@type":"WebSite","@id":"https:\/\/kibrisdakik.com\/#website","url":"https:\/\/kibrisdakik.com\/","name":"","description":"Tam vaktinde haber","potentialAction":[{"@type":"SearchAction","target":{"@type":"EntryPoint","urlTemplate":"https:\/\/kibrisdakik.com\/?s={search_term_string}"},"query-input":{"@type":"PropertyValueSpecification","valueRequired":true,"valueName":"search_term_string"}}],"inLanguage":"tr"},{"@type":"Person","@id":"https:\/\/kibrisdakik.com\/#\/schema\/person\/9cd9d437bbb44f72b73ba127e06d8e79","name":"admin","image":{"@type":"ImageObject","inLanguage":"tr","@id":"https:\/\/secure.gravatar.com\/avatar\/ccc17943b9d660506c869530f897617f7cb1c21a4bf30023f252596d83e1f007?s=96&d=mm&r=g","url":"https:\/\/secure.gravatar.com\/avatar\/ccc17943b9d660506c869530f897617f7cb1c21a4bf30023f252596d83e1f007?s=96&d=mm&r=g","contentUrl":"https:\/\/secure.gravatar.com\/avatar\/ccc17943b9d660506c869530f897617f7cb1c21a4bf30023f252596d83e1f007?s=96&d=mm&r=g","caption":"admin"},"sameAs":["https:\/\/kibrisdakik.com"],"url":"https:\/\/kibrisdakik.com\/?author=1"}]}},"_links":{"self":[{"href":"https:\/\/kibrisdakik.com\/index.php?rest_route=\/wp\/v2\/posts\/35933","targetHints":{"allow":["GET"]}}],"collection":[{"href":"https:\/\/kibrisdakik.com\/index.php?rest_route=\/wp\/v2\/posts"}],"about":[{"href":"https:\/\/kibrisdakik.com\/index.php?rest_route=\/wp\/v2\/types\/post"}],"author":[{"embeddable":true,"href":"https:\/\/kibrisdakik.com\/index.php?rest_route=\/wp\/v2\/users\/1"}],"replies":[{"embeddable":true,"href":"https:\/\/kibrisdakik.com\/index.php?rest_route=%2Fwp%2Fv2%2Fcomments&post=35933"}],"version-history":[{"count":0,"href":"https:\/\/kibrisdakik.com\/index.php?rest_route=\/wp\/v2\/posts\/35933\/revisions"}],"wp:featuredmedia":[{"embeddable":true,"href":"https:\/\/kibrisdakik.com\/index.php?rest_route=\/wp\/v2\/media\/35934"}],"wp:attachment":[{"href":"https:\/\/kibrisdakik.com\/index.php?rest_route=%2Fwp%2Fv2%2Fmedia&parent=35933"}],"wp:term":[{"taxonomy":"category","embeddable":true,"href":"https:\/\/kibrisdakik.com\/index.php?rest_route=%2Fwp%2Fv2%2Fcategories&post=35933"},{"taxonomy":"post_tag","embeddable":true,"href":"https:\/\/kibrisdakik.com\/index.php?rest_route=%2Fwp%2Fv2%2Ftags&post=35933"}],"curies":[{"name":"wp","href":"https:\/\/api.w.org\/{rel}","templated":true}]}}