{"id":35939,"date":"2024-03-27T17:48:58","date_gmt":"2024-03-27T17:48:58","guid":{"rendered":"https:\/\/kibrisdakik.com\/index.php\/2024\/03\/27\/tiyatro-gununde-tiyatro-emekcilerinden-kutlama-yerine-ozur-dilenmesi-gerekir\/"},"modified":"2024-03-27T17:48:58","modified_gmt":"2024-03-27T17:48:58","slug":"tiyatro-gununde-tiyatro-emekcilerinden-kutlama-yerine-ozur-dilenmesi-gerekir","status":"publish","type":"post","link":"https:\/\/kibrisdakik.com\/?p=35939","title":{"rendered":"\u201cTiyatro G\u00fcn\u00fc\u2019nde tiyatro emek\u00e7ilerinden kutlama yerine \u00f6z\u00fcr dilenmesi gerekir\u201d"},"content":{"rendered":"<p><img decoding=\"async\" src=\"https:\/\/www.kibristurk.com\/images\/haberler\/2024\/03\/tiyatro-gununde-tiyatro-emekcilerinden-kutlama-yerine-ozur-dilenmesi-gerekir-1711560605.webp\" \/><\/p>\n<p style=\"text-align:left\"><span style=\"font-size:16px\"><span style=\"font-family:Merriweather,serif !important\"><span style=\"color:#000000\"><span style=\"background-color:#ffffff\">TDP&#8217;den D\u00fcnya Tiyatro G\u00fcn\u00fc nedeniyle yay\u0131mlanan mesajda, yanan tiyatro binas\u0131n\u0131n on y\u0131llard\u0131r yenilenmemesi, &nbsp;G\u00fcney K\u0131br\u0131s\u2019tan Antilogos Tiyatrosu\u2019nun \u201cAnnesi\u201d oyununu Girne\u2019de sahnelemesinin engellenmesinin, \u201cy\u00f6neticilerin boynunda bir utan\u00e7 kolyesi\u201d oldu\u011fu kaydedildi. Bunun&nbsp;\u00fclkeyi y\u00f6netenlerin \u201csanat\u0131n yenileyici ve olgunla\u015ft\u0131r\u0131c\u0131 g\u00fcc\u00fcn\u00fcn fark\u0131nda olmad\u0131\u011f\u0131n\u0131n&#8221; g\u00f6stergesi oldu\u011fu belirtildi.<\/span><\/span><\/span><\/span><\/p>\n<p style=\"text-align:left\"><span style=\"font-size:16px\"><span style=\"font-family:Merriweather,serif !important\"><span style=\"color:#000000\"><span style=\"background-color:#ffffff\">TDP a\u00e7\u0131klamas\u0131nda, 27 Mart D\u00fcnya Tiyatro G\u00fcn\u00fc\u2019nde tiyatro emek\u00e7ilerinden \u201ckutlama\u201d yerine \u00f6z\u00fcr dilenmesi gerekti\u011fi kaydedildi.<\/span><\/span><\/span><\/span><\/p>\n<p style=\"text-align:left\"><span style=\"font-size:16px\"><span style=\"font-family:Merriweather,serif !important\"><span style=\"color:#000000\"><span style=\"background-color:#ffffff\">A\u00e7\u0131klamada, \u201csanat\u0131n g\u00fcc\u00fcn\u00fcn fark\u0131na var\u0131ld\u0131\u011f\u0131\u201d \u00fclkelerde siyasi bask\u0131n\u0131n sanatsal faaliyetlerin \u00f6n\u00fcne ge\u00e7emedi\u011fi, bu gibi \u00fclkelerde \u00fclke y\u00f6neticilerinin sanatsal ak\u0131mlar\u0131n \u00f6n\u00fcn\u00fc a\u00e7t\u0131\u011f\u0131 kaydedildi.<\/span><\/span><\/span><\/span><\/p>\n<p style=\"text-align:left\"><span style=\"font-size:16px\"><span style=\"font-family:Merriweather,serif !important\"><span style=\"color:#000000\"><span style=\"background-color:#ffffff\">TDP&#8217;nin y\u00f6netime gelmesi halinde &#8220;tiyatro emek\u00e7ilerinin sanatlar\u0131n\u0131 daha iyi \u015fartlarda icra edebilecekleri bir \u00fclke ortam\u0131 sunman\u0131n\u201d TDP\u2019nin s\u00f6z\u00fc oldu\u011fu belirtildi.<\/span><\/span><\/span><\/span><\/p>\n","protected":false},"excerpt":{"rendered":"<p>TDP&#8217;den D\u00fcnya Tiyatro G\u00fcn\u00fc nedeniyle yay\u0131mlanan mesajda, yanan tiyatro binas\u0131n\u0131n on y\u0131llard\u0131r yenilenmemesi, &nbsp;G\u00fcney K\u0131br\u0131s\u2019tan Antilogos Tiyatrosu\u2019nun \u201cAnnesi\u201d oyununu Girne\u2019de sahnelemesinin engellenmesinin, \u201cy\u00f6neticilerin boynunda bir utan\u00e7 kolyesi\u201d oldu\u011fu kaydedildi. Bunun&nbsp;\u00fclkeyi y\u00f6netenlerin \u201csanat\u0131n yenileyici ve olgunla\u015ft\u0131r\u0131c\u0131 g\u00fcc\u00fcn\u00fcn fark\u0131nda olmad\u0131\u011f\u0131n\u0131n&#8221; g\u00f6stergesi oldu\u011fu belirtildi. TDP a\u00e7\u0131klamas\u0131nda, 27 Mart D\u00fcnya Tiyatro G\u00fcn\u00fc\u2019nde tiyatro emek\u00e7ilerinden \u201ckutlama\u201d yerine \u00f6z\u00fcr dilenmesi gerekti\u011fi<\/p>\n","protected":false},"author":1,"featured_media":35940,"comment_status":"open","ping_status":"open","sticky":false,"template":"","format":"standard","meta":{"footnotes":""},"categories":[85],"tags":[],"class_list":["post-35939","post","type-post","status-publish","format-standard","has-post-thumbnail","hentry","category-spor"],"yoast_head":"<!-- This site is optimized with the Yoast SEO plugin v27.4 - https:\/\/yoast.com\/product\/yoast-seo-wordpress\/ -->\n<title>\u201cTiyatro G\u00fcn\u00fc\u2019nde tiyatro emek\u00e7ilerinden kutlama yerine \u00f6z\u00fcr dilenmesi gerekir\u201d -<\/title>\n<meta name=\"robots\" content=\"index, follow, max-snippet:-1, max-image-preview:large, max-video-preview:-1\" \/>\n<link rel=\"canonical\" href=\"https:\/\/kibrisdakik.com\/?p=35939\" \/>\n<meta property=\"og:locale\" content=\"tr_TR\" \/>\n<meta property=\"og:type\" content=\"article\" \/>\n<meta property=\"og:title\" content=\"\u201cTiyatro G\u00fcn\u00fc\u2019nde tiyatro emek\u00e7ilerinden kutlama yerine \u00f6z\u00fcr dilenmesi gerekir\u201d -\" \/>\n<meta property=\"og:description\" content=\"TDP&#8217;den D\u00fcnya Tiyatro G\u00fcn\u00fc nedeniyle yay\u0131mlanan mesajda, yanan tiyatro binas\u0131n\u0131n on y\u0131llard\u0131r yenilenmemesi, &nbsp;G\u00fcney K\u0131br\u0131s\u2019tan Antilogos Tiyatrosu\u2019nun \u201cAnnesi\u201d oyununu Girne\u2019de sahnelemesinin engellenmesinin, \u201cy\u00f6neticilerin boynunda bir utan\u00e7 kolyesi\u201d oldu\u011fu kaydedildi. Bunun&nbsp;\u00fclkeyi y\u00f6netenlerin \u201csanat\u0131n yenileyici ve olgunla\u015ft\u0131r\u0131c\u0131 g\u00fcc\u00fcn\u00fcn fark\u0131nda olmad\u0131\u011f\u0131n\u0131n&#8221; g\u00f6stergesi oldu\u011fu belirtildi. TDP a\u00e7\u0131klamas\u0131nda, 27 Mart D\u00fcnya Tiyatro G\u00fcn\u00fc\u2019nde tiyatro emek\u00e7ilerinden \u201ckutlama\u201d yerine \u00f6z\u00fcr dilenmesi gerekti\u011fi\" \/>\n<meta property=\"og:url\" content=\"https:\/\/kibrisdakik.com\/?p=35939\" \/>\n<meta property=\"article:published_time\" content=\"2024-03-27T17:48:58+00:00\" \/>\n<meta property=\"og:image\" content=\"https:\/\/kibrisdakik.com\/wp-content\/uploads\/2024\/03\/tiyatro-gununde-tiyatro-emekcilerinden-kutlama-yerine-ozur-dilenmesi-gerekir-1711560605.webp.webp\" \/>\n\t<meta property=\"og:image:width\" content=\"710\" \/>\n\t<meta property=\"og:image:height\" content=\"370\" \/>\n\t<meta property=\"og:image:type\" content=\"image\/webp\" \/>\n<meta name=\"author\" content=\"admin\" \/>\n<meta name=\"twitter:card\" content=\"summary_large_image\" \/>\n<meta name=\"twitter:label1\" content=\"Yazan:\" \/>\n\t<meta name=\"twitter:data1\" content=\"admin\" \/>\n\t<meta name=\"twitter:label2\" content=\"Tahmini okuma s\u00fcresi\" \/>\n\t<meta name=\"twitter:data2\" content=\"1 dakika\" \/>\n<script type=\"application\/ld+json\" class=\"yoast-schema-graph\">{\"@context\":\"https:\\\/\\\/schema.org\",\"@graph\":[{\"@type\":\"Article\",\"@id\":\"https:\\\/\\\/kibrisdakik.com\\\/?p=35939#article\",\"isPartOf\":{\"@id\":\"https:\\\/\\\/kibrisdakik.com\\\/?p=35939\"},\"author\":{\"name\":\"admin\",\"@id\":\"https:\\\/\\\/kibrisdakik.com\\\/#\\\/schema\\\/person\\\/9cd9d437bbb44f72b73ba127e06d8e79\"},\"headline\":\"\u201cTiyatro G\u00fcn\u00fc\u2019nde tiyatro emek\u00e7ilerinden kutlama yerine \u00f6z\u00fcr dilenmesi gerekir\u201d\",\"datePublished\":\"2024-03-27T17:48:58+00:00\",\"mainEntityOfPage\":{\"@id\":\"https:\\\/\\\/kibrisdakik.com\\\/?p=35939\"},\"wordCount\":173,\"commentCount\":0,\"image\":{\"@id\":\"https:\\\/\\\/kibrisdakik.com\\\/?p=35939#primaryimage\"},\"thumbnailUrl\":\"https:\\\/\\\/kibrisdakik.com\\\/wp-content\\\/uploads\\\/2024\\\/03\\\/tiyatro-gununde-tiyatro-emekcilerinden-kutlama-yerine-ozur-dilenmesi-gerekir-1711560605.webp.webp\",\"articleSection\":[\"Spor\"],\"inLanguage\":\"tr\",\"potentialAction\":[{\"@type\":\"CommentAction\",\"name\":\"Comment\",\"target\":[\"https:\\\/\\\/kibrisdakik.com\\\/?p=35939#respond\"]}]},{\"@type\":\"WebPage\",\"@id\":\"https:\\\/\\\/kibrisdakik.com\\\/?p=35939\",\"url\":\"https:\\\/\\\/kibrisdakik.com\\\/?p=35939\",\"name\":\"\u201cTiyatro G\u00fcn\u00fc\u2019nde tiyatro emek\u00e7ilerinden kutlama yerine \u00f6z\u00fcr dilenmesi gerekir\u201d -\",\"isPartOf\":{\"@id\":\"https:\\\/\\\/kibrisdakik.com\\\/#website\"},\"primaryImageOfPage\":{\"@id\":\"https:\\\/\\\/kibrisdakik.com\\\/?p=35939#primaryimage\"},\"image\":{\"@id\":\"https:\\\/\\\/kibrisdakik.com\\\/?p=35939#primaryimage\"},\"thumbnailUrl\":\"https:\\\/\\\/kibrisdakik.com\\\/wp-content\\\/uploads\\\/2024\\\/03\\\/tiyatro-gununde-tiyatro-emekcilerinden-kutlama-yerine-ozur-dilenmesi-gerekir-1711560605.webp.webp\",\"datePublished\":\"2024-03-27T17:48:58+00:00\",\"author\":{\"@id\":\"https:\\\/\\\/kibrisdakik.com\\\/#\\\/schema\\\/person\\\/9cd9d437bbb44f72b73ba127e06d8e79\"},\"breadcrumb\":{\"@id\":\"https:\\\/\\\/kibrisdakik.com\\\/?p=35939#breadcrumb\"},\"inLanguage\":\"tr\",\"potentialAction\":[{\"@type\":\"ReadAction\",\"target\":[\"https:\\\/\\\/kibrisdakik.com\\\/?p=35939\"]}]},{\"@type\":\"ImageObject\",\"inLanguage\":\"tr\",\"@id\":\"https:\\\/\\\/kibrisdakik.com\\\/?p=35939#primaryimage\",\"url\":\"https:\\\/\\\/kibrisdakik.com\\\/wp-content\\\/uploads\\\/2024\\\/03\\\/tiyatro-gununde-tiyatro-emekcilerinden-kutlama-yerine-ozur-dilenmesi-gerekir-1711560605.webp.webp\",\"contentUrl\":\"https:\\\/\\\/kibrisdakik.com\\\/wp-content\\\/uploads\\\/2024\\\/03\\\/tiyatro-gununde-tiyatro-emekcilerinden-kutlama-yerine-ozur-dilenmesi-gerekir-1711560605.webp.webp\",\"width\":710,\"height\":370},{\"@type\":\"BreadcrumbList\",\"@id\":\"https:\\\/\\\/kibrisdakik.com\\\/?p=35939#breadcrumb\",\"itemListElement\":[{\"@type\":\"ListItem\",\"position\":1,\"name\":\"Home\",\"item\":\"https:\\\/\\\/kibrisdakik.com\\\/\"},{\"@type\":\"ListItem\",\"position\":2,\"name\":\"\u201cTiyatro G\u00fcn\u00fc\u2019nde tiyatro emek\u00e7ilerinden kutlama yerine \u00f6z\u00fcr dilenmesi gerekir\u201d\"}]},{\"@type\":\"WebSite\",\"@id\":\"https:\\\/\\\/kibrisdakik.com\\\/#website\",\"url\":\"https:\\\/\\\/kibrisdakik.com\\\/\",\"name\":\"\",\"description\":\"Tam vaktinde haber\",\"potentialAction\":[{\"@type\":\"SearchAction\",\"target\":{\"@type\":\"EntryPoint\",\"urlTemplate\":\"https:\\\/\\\/kibrisdakik.com\\\/?s={search_term_string}\"},\"query-input\":{\"@type\":\"PropertyValueSpecification\",\"valueRequired\":true,\"valueName\":\"search_term_string\"}}],\"inLanguage\":\"tr\"},{\"@type\":\"Person\",\"@id\":\"https:\\\/\\\/kibrisdakik.com\\\/#\\\/schema\\\/person\\\/9cd9d437bbb44f72b73ba127e06d8e79\",\"name\":\"admin\",\"image\":{\"@type\":\"ImageObject\",\"inLanguage\":\"tr\",\"@id\":\"https:\\\/\\\/secure.gravatar.com\\\/avatar\\\/ccc17943b9d660506c869530f897617f7cb1c21a4bf30023f252596d83e1f007?s=96&d=mm&r=g\",\"url\":\"https:\\\/\\\/secure.gravatar.com\\\/avatar\\\/ccc17943b9d660506c869530f897617f7cb1c21a4bf30023f252596d83e1f007?s=96&d=mm&r=g\",\"contentUrl\":\"https:\\\/\\\/secure.gravatar.com\\\/avatar\\\/ccc17943b9d660506c869530f897617f7cb1c21a4bf30023f252596d83e1f007?s=96&d=mm&r=g\",\"caption\":\"admin\"},\"sameAs\":[\"https:\\\/\\\/kibrisdakik.com\"],\"url\":\"https:\\\/\\\/kibrisdakik.com\\\/?author=1\"}]}<\/script>\n<!-- \/ Yoast SEO plugin. -->","yoast_head_json":{"title":"\u201cTiyatro G\u00fcn\u00fc\u2019nde tiyatro emek\u00e7ilerinden kutlama yerine \u00f6z\u00fcr dilenmesi gerekir\u201d -","robots":{"index":"index","follow":"follow","max-snippet":"max-snippet:-1","max-image-preview":"max-image-preview:large","max-video-preview":"max-video-preview:-1"},"canonical":"https:\/\/kibrisdakik.com\/?p=35939","og_locale":"tr_TR","og_type":"article","og_title":"\u201cTiyatro G\u00fcn\u00fc\u2019nde tiyatro emek\u00e7ilerinden kutlama yerine \u00f6z\u00fcr dilenmesi gerekir\u201d -","og_description":"TDP&#8217;den D\u00fcnya Tiyatro G\u00fcn\u00fc nedeniyle yay\u0131mlanan mesajda, yanan tiyatro binas\u0131n\u0131n on y\u0131llard\u0131r yenilenmemesi, &nbsp;G\u00fcney K\u0131br\u0131s\u2019tan Antilogos Tiyatrosu\u2019nun \u201cAnnesi\u201d oyununu Girne\u2019de sahnelemesinin engellenmesinin, \u201cy\u00f6neticilerin boynunda bir utan\u00e7 kolyesi\u201d oldu\u011fu kaydedildi. Bunun&nbsp;\u00fclkeyi y\u00f6netenlerin \u201csanat\u0131n yenileyici ve olgunla\u015ft\u0131r\u0131c\u0131 g\u00fcc\u00fcn\u00fcn fark\u0131nda olmad\u0131\u011f\u0131n\u0131n&#8221; g\u00f6stergesi oldu\u011fu belirtildi. TDP a\u00e7\u0131klamas\u0131nda, 27 Mart D\u00fcnya Tiyatro G\u00fcn\u00fc\u2019nde tiyatro emek\u00e7ilerinden \u201ckutlama\u201d yerine \u00f6z\u00fcr dilenmesi gerekti\u011fi","og_url":"https:\/\/kibrisdakik.com\/?p=35939","article_published_time":"2024-03-27T17:48:58+00:00","og_image":[{"width":710,"height":370,"url":"https:\/\/kibrisdakik.com\/wp-content\/uploads\/2024\/03\/tiyatro-gununde-tiyatro-emekcilerinden-kutlama-yerine-ozur-dilenmesi-gerekir-1711560605.webp.webp","type":"image\/webp"}],"author":"admin","twitter_card":"summary_large_image","twitter_misc":{"Yazan:":"admin","Tahmini okuma s\u00fcresi":"1 dakika"},"schema":{"@context":"https:\/\/schema.org","@graph":[{"@type":"Article","@id":"https:\/\/kibrisdakik.com\/?p=35939#article","isPartOf":{"@id":"https:\/\/kibrisdakik.com\/?p=35939"},"author":{"name":"admin","@id":"https:\/\/kibrisdakik.com\/#\/schema\/person\/9cd9d437bbb44f72b73ba127e06d8e79"},"headline":"\u201cTiyatro G\u00fcn\u00fc\u2019nde tiyatro emek\u00e7ilerinden kutlama yerine \u00f6z\u00fcr dilenmesi gerekir\u201d","datePublished":"2024-03-27T17:48:58+00:00","mainEntityOfPage":{"@id":"https:\/\/kibrisdakik.com\/?p=35939"},"wordCount":173,"commentCount":0,"image":{"@id":"https:\/\/kibrisdakik.com\/?p=35939#primaryimage"},"thumbnailUrl":"https:\/\/kibrisdakik.com\/wp-content\/uploads\/2024\/03\/tiyatro-gununde-tiyatro-emekcilerinden-kutlama-yerine-ozur-dilenmesi-gerekir-1711560605.webp.webp","articleSection":["Spor"],"inLanguage":"tr","potentialAction":[{"@type":"CommentAction","name":"Comment","target":["https:\/\/kibrisdakik.com\/?p=35939#respond"]}]},{"@type":"WebPage","@id":"https:\/\/kibrisdakik.com\/?p=35939","url":"https:\/\/kibrisdakik.com\/?p=35939","name":"\u201cTiyatro G\u00fcn\u00fc\u2019nde tiyatro emek\u00e7ilerinden kutlama yerine \u00f6z\u00fcr dilenmesi gerekir\u201d -","isPartOf":{"@id":"https:\/\/kibrisdakik.com\/#website"},"primaryImageOfPage":{"@id":"https:\/\/kibrisdakik.com\/?p=35939#primaryimage"},"image":{"@id":"https:\/\/kibrisdakik.com\/?p=35939#primaryimage"},"thumbnailUrl":"https:\/\/kibrisdakik.com\/wp-content\/uploads\/2024\/03\/tiyatro-gununde-tiyatro-emekcilerinden-kutlama-yerine-ozur-dilenmesi-gerekir-1711560605.webp.webp","datePublished":"2024-03-27T17:48:58+00:00","author":{"@id":"https:\/\/kibrisdakik.com\/#\/schema\/person\/9cd9d437bbb44f72b73ba127e06d8e79"},"breadcrumb":{"@id":"https:\/\/kibrisdakik.com\/?p=35939#breadcrumb"},"inLanguage":"tr","potentialAction":[{"@type":"ReadAction","target":["https:\/\/kibrisdakik.com\/?p=35939"]}]},{"@type":"ImageObject","inLanguage":"tr","@id":"https:\/\/kibrisdakik.com\/?p=35939#primaryimage","url":"https:\/\/kibrisdakik.com\/wp-content\/uploads\/2024\/03\/tiyatro-gununde-tiyatro-emekcilerinden-kutlama-yerine-ozur-dilenmesi-gerekir-1711560605.webp.webp","contentUrl":"https:\/\/kibrisdakik.com\/wp-content\/uploads\/2024\/03\/tiyatro-gununde-tiyatro-emekcilerinden-kutlama-yerine-ozur-dilenmesi-gerekir-1711560605.webp.webp","width":710,"height":370},{"@type":"BreadcrumbList","@id":"https:\/\/kibrisdakik.com\/?p=35939#breadcrumb","itemListElement":[{"@type":"ListItem","position":1,"name":"Home","item":"https:\/\/kibrisdakik.com\/"},{"@type":"ListItem","position":2,"name":"\u201cTiyatro G\u00fcn\u00fc\u2019nde tiyatro emek\u00e7ilerinden kutlama yerine \u00f6z\u00fcr dilenmesi gerekir\u201d"}]},{"@type":"WebSite","@id":"https:\/\/kibrisdakik.com\/#website","url":"https:\/\/kibrisdakik.com\/","name":"","description":"Tam vaktinde haber","potentialAction":[{"@type":"SearchAction","target":{"@type":"EntryPoint","urlTemplate":"https:\/\/kibrisdakik.com\/?s={search_term_string}"},"query-input":{"@type":"PropertyValueSpecification","valueRequired":true,"valueName":"search_term_string"}}],"inLanguage":"tr"},{"@type":"Person","@id":"https:\/\/kibrisdakik.com\/#\/schema\/person\/9cd9d437bbb44f72b73ba127e06d8e79","name":"admin","image":{"@type":"ImageObject","inLanguage":"tr","@id":"https:\/\/secure.gravatar.com\/avatar\/ccc17943b9d660506c869530f897617f7cb1c21a4bf30023f252596d83e1f007?s=96&d=mm&r=g","url":"https:\/\/secure.gravatar.com\/avatar\/ccc17943b9d660506c869530f897617f7cb1c21a4bf30023f252596d83e1f007?s=96&d=mm&r=g","contentUrl":"https:\/\/secure.gravatar.com\/avatar\/ccc17943b9d660506c869530f897617f7cb1c21a4bf30023f252596d83e1f007?s=96&d=mm&r=g","caption":"admin"},"sameAs":["https:\/\/kibrisdakik.com"],"url":"https:\/\/kibrisdakik.com\/?author=1"}]}},"_links":{"self":[{"href":"https:\/\/kibrisdakik.com\/index.php?rest_route=\/wp\/v2\/posts\/35939","targetHints":{"allow":["GET"]}}],"collection":[{"href":"https:\/\/kibrisdakik.com\/index.php?rest_route=\/wp\/v2\/posts"}],"about":[{"href":"https:\/\/kibrisdakik.com\/index.php?rest_route=\/wp\/v2\/types\/post"}],"author":[{"embeddable":true,"href":"https:\/\/kibrisdakik.com\/index.php?rest_route=\/wp\/v2\/users\/1"}],"replies":[{"embeddable":true,"href":"https:\/\/kibrisdakik.com\/index.php?rest_route=%2Fwp%2Fv2%2Fcomments&post=35939"}],"version-history":[{"count":0,"href":"https:\/\/kibrisdakik.com\/index.php?rest_route=\/wp\/v2\/posts\/35939\/revisions"}],"wp:featuredmedia":[{"embeddable":true,"href":"https:\/\/kibrisdakik.com\/index.php?rest_route=\/wp\/v2\/media\/35940"}],"wp:attachment":[{"href":"https:\/\/kibrisdakik.com\/index.php?rest_route=%2Fwp%2Fv2%2Fmedia&parent=35939"}],"wp:term":[{"taxonomy":"category","embeddable":true,"href":"https:\/\/kibrisdakik.com\/index.php?rest_route=%2Fwp%2Fv2%2Fcategories&post=35939"},{"taxonomy":"post_tag","embeddable":true,"href":"https:\/\/kibrisdakik.com\/index.php?rest_route=%2Fwp%2Fv2%2Ftags&post=35939"}],"curies":[{"name":"wp","href":"https:\/\/api.w.org\/{rel}","templated":true}]}}