{"id":35941,"date":"2024-03-27T18:00:49","date_gmt":"2024-03-27T18:00:49","guid":{"rendered":"https:\/\/kibrisdakik.com\/index.php\/2024\/03\/27\/disisleri-bakani-tahsin-ertugruloglu-bursada-konustu\/"},"modified":"2024-03-27T18:00:49","modified_gmt":"2024-03-27T18:00:49","slug":"disisleri-bakani-tahsin-ertugruloglu-bursada-konustu","status":"publish","type":"post","link":"https:\/\/kibrisdakik.com\/?p=35941","title":{"rendered":"D\u0131\u015fi\u015fleri Bakan\u0131 Tahsin Ertu\u011frulo\u011flu, Bursa&#039;da konu\u015ftu:"},"content":{"rendered":"<p><img decoding=\"async\" src=\"https:\/\/www.kibristurk.com\/images\/haberler\/2024\/03\/disisleri-bakani-tahsin-ertugruloglu-bursada-konustu-1711561582.webp\" \/><\/p>\n<p>Bursa Uluda\u011f \u00dcniversitesi (BU\u00dc) Uluslararas\u0131 \u0130li\u015fkiler Toplulu\u011funca &#8220;Uluslararas\u0131 Hukuk Ba\u011flam\u0131nda Kuzey K\u0131br\u0131s T\u00fcrk Cumhuriyeti&#8221; ba\u015fl\u0131kl\u0131 konferans d\u00fczenlendi.<\/p>\n<p>Prof. Dr. Mete Cengiz K\u00fclt\u00fcr Merkezi&#8217;ndeki konferansa kat\u0131lan Ertu\u011frulo\u011flu, davet edildi\u011fi i\u00e7in te\u015fekk\u00fcr ederek, co\u015fkulu kalabal\u0131\u011f\u0131n kendisini heyecanland\u0131rd\u0131\u011f\u0131n\u0131 s\u00f6yledi.<\/p>\n<p>K\u0131br\u0131s&#8217;ta iki taraf\u0131n tekrar bir ortak devlet kurma ihtimalinin s\u00f6z konusu olmad\u0131\u011f\u0131n\u0131 belirten Ertu\u011frulo\u011flu, &#8220;O bitti, onu denedik. 1960&#8217;larda kurmay\u0131 denedik. 1963&#8217;ten itibaren bug\u00fcne kadar neler \u00e7ekti\u011fimizi biz biliriz. Kar\u015f\u0131 taraf\u0131n mantalitesini \u00e7ok iyi biliriz. Kar\u015f\u0131 taraf\u0131n ak\u0131l hocalar\u0131n\u0131n kim oldu\u011funu da biliriz. Art\u0131k bir kere daha bizi Rumlarla toprak b\u00fct\u00fcnl\u00fc\u011f\u00fc ve tek egemenli\u011fi olan bir devlet kurmaya kimse getiremez.&#8221; dedi.<\/p>\n<p>Nihai hedeflerinin KKTC&#8217;nin tan\u0131nmas\u0131 oldu\u011funu belirten Ertu\u011frulo\u011flu, G\u00fcney K\u0131br\u0131s Rum Y\u00f6netimi ile stat\u00fclerinin e\u015fitlenmesi gerekti\u011fini dile getirdi.<\/p>\n<p>E\u011fer bir anla\u015fma isteniyorsa \u00f6nceli\u011fin stat\u00fclerin e\u015fitlenmesi oldu\u011funu vurgulayan Ertu\u011frulo\u011flu, \u015f\u00f6yle konu\u015ftu:<\/p>\n<p>&#8220;Bundan sonra m\u00fczakere olacaksa olsun, 2 devlet aras\u0131nda olacaksa olur. Hedefi ne olacak bunun? Bu 2 devletin iyi kom\u015fuluk ili\u015fkilerini olu\u015fturma hedefi. \u00c7\u00fcnk\u00fc Mavi Vatan&#8217;daki hidrokarbon olaylar\u0131, do\u011fal zenginlikler var. Bunlar\u0131n de\u011ferlendirilmesi, 2 devletin aralar\u0131nda yapaca\u011f\u0131 m\u00fczakerelerle, sadece 2 devletin de\u011fil T\u00fcrkiye&#8217;yi d\u0131\u015flayan hi\u00e7bir form\u00fcl Do\u011fu Akdeniz&#8217;deki hidrokarbon kaynaklar\u0131n\u0131n de\u011ferlendirilmesine imkan vermiyor, m\u00fcmk\u00fcn de\u011fil. Akdeniz&#8217;e en uzun k\u0131y\u0131s\u0131 olan T\u00fcrkiye d\u0131\u015flanmaya \u00e7al\u0131\u015f\u0131l\u0131yor. KKTC yokmu\u015f gibi davran\u0131l\u0131yor ve Rum taraf\u0131 Amerika&#8217;n\u0131n hangi \u015firketi, Fransa&#8217;n\u0131n bilmem hangi \u015firketi, yok \u0130srail, yok M\u0131s\u0131r bunlarla \u00e7e\u015fitli anla\u015fmalara giriyor. T\u00fcrkiye&#8217;yi ve KKTC&#8217;yi d\u0131\u015flayan senaryolar \u00fcretiyorlar. Bunlar\u0131n hi\u00e7birinin en ufak bir ba\u015far\u0131 \u015fans\u0131 yoktur. E\u011fer Mavi Vatan&#8217;daki do\u011fal zenginliklerden faydalan\u0131lacaksa bunun bir tek yolu vard\u0131r. Bu \u00e7al\u0131\u015fmalar\u0131n i\u00e7erisine Kuzey K\u0131br\u0131s T\u00fcrk Cumhuriyeti de girecek, T\u00fcrkiye de bu i\u015fin ba\u015f\u0131n\u0131 \u00e7ekecek ve T\u00fcrkiye \u00fczerinden bu zenginlikler Avrupa&#8217;ya ula\u015ft\u0131r\u0131l\u0131rsa ula\u015ft\u0131r\u0131lacak. Bunun d\u0131\u015f\u0131nda bir form\u00fcl yok.&#8221;<\/p>\n<p>K\u0131br\u0131s T\u00fcrkleri olarak &#8220;yavru vatan-ana vatan&#8221; ili\u015fkilerine s\u0131k\u0131ca sar\u0131l\u0131p, birlikte gelece\u011fi \u015fekillendirme misyonuna sahip \u00e7\u0131kacaklar\u0131n\u0131n alt\u0131n\u0131 \u00e7izen Ertu\u011frulo\u011flu, &#8220;Hi\u00e7bir \u00fclkenin veya uluslararas\u0131 toplulu\u011fun hi\u00e7bir g\u00fcvencesine inanmayaca\u011f\u0131z, kendimize g\u00fcvenece\u011fiz. Hakl\u0131 davam\u0131za g\u00fcvenece\u011fiz. Ana vatan\u0131m\u0131za g\u00fcvenece\u011fiz. K\u0131br\u0131s Adas\u0131&#8217;nda ba\u015f\u0131 dik destan yaratm\u0131\u015f T\u00fcrk milletinin bir mensubu olarak gelece\u011fimizi \u015fekillendirece\u011fiz.&#8221; ifadesini kulland\u0131.<\/p>\n<p>BU\u00dc Rekt\u00f6r\u00fc Prof. Dr. Ferudun Y\u0131lmaz ve Bursa Vali Yard\u0131mc\u0131s\u0131 Kadir Sertel Otcu ise konu\u015fmalar\u0131nda KKTC D\u0131\u015fi\u015fleri Bakan\u0131 Tahsin Ertu\u011frulo\u011flu&#8217;na konferansa kat\u0131l\u0131m\u0131ndan dolay\u0131 te\u015fekk\u00fcr etti.<\/p>\n<p>Konferans, Ertu\u011frulo\u011flu&#8217;nun \u00f6\u011frencilerden gelen sorular\u0131 cevaplamas\u0131yla sona erdi.<\/p>\n","protected":false},"excerpt":{"rendered":"<p>Bursa Uluda\u011f \u00dcniversitesi (BU\u00dc) Uluslararas\u0131 \u0130li\u015fkiler Toplulu\u011funca &#8220;Uluslararas\u0131 Hukuk Ba\u011flam\u0131nda Kuzey K\u0131br\u0131s T\u00fcrk Cumhuriyeti&#8221; ba\u015fl\u0131kl\u0131 konferans d\u00fczenlendi. Prof. Dr. Mete Cengiz K\u00fclt\u00fcr Merkezi&#8217;ndeki konferansa kat\u0131lan Ertu\u011frulo\u011flu, davet edildi\u011fi i\u00e7in te\u015fekk\u00fcr ederek, co\u015fkulu kalabal\u0131\u011f\u0131n kendisini heyecanland\u0131rd\u0131\u011f\u0131n\u0131 s\u00f6yledi. K\u0131br\u0131s&#8217;ta iki taraf\u0131n tekrar bir ortak devlet kurma ihtimalinin s\u00f6z konusu olmad\u0131\u011f\u0131n\u0131 belirten Ertu\u011frulo\u011flu, &#8220;O bitti, onu denedik. 1960&#8217;larda<\/p>\n","protected":false},"author":1,"featured_media":35942,"comment_status":"open","ping_status":"open","sticky":false,"template":"","format":"standard","meta":{"footnotes":""},"categories":[79],"tags":[],"class_list":["post-35941","post","type-post","status-publish","format-standard","has-post-thumbnail","hentry","category-ekonomi"],"yoast_head":"<!-- This site is optimized with the Yoast SEO plugin v27.5 - https:\/\/yoast.com\/product\/yoast-seo-wordpress\/ -->\n<title>D\u0131\u015fi\u015fleri Bakan\u0131 Tahsin Ertu\u011frulo\u011flu, Bursa&#039;da konu\u015ftu: -<\/title>\n<meta name=\"robots\" content=\"index, follow, max-snippet:-1, max-image-preview:large, max-video-preview:-1\" \/>\n<link rel=\"canonical\" href=\"https:\/\/kibrisdakik.com\/?p=35941\" \/>\n<meta property=\"og:locale\" content=\"tr_TR\" \/>\n<meta property=\"og:type\" content=\"article\" \/>\n<meta property=\"og:title\" content=\"D\u0131\u015fi\u015fleri Bakan\u0131 Tahsin Ertu\u011frulo\u011flu, Bursa&#039;da konu\u015ftu: -\" \/>\n<meta property=\"og:description\" content=\"Bursa Uluda\u011f \u00dcniversitesi (BU\u00dc) Uluslararas\u0131 \u0130li\u015fkiler Toplulu\u011funca &#8220;Uluslararas\u0131 Hukuk Ba\u011flam\u0131nda Kuzey K\u0131br\u0131s T\u00fcrk Cumhuriyeti&#8221; ba\u015fl\u0131kl\u0131 konferans d\u00fczenlendi. Prof. Dr. Mete Cengiz K\u00fclt\u00fcr Merkezi&#8217;ndeki konferansa kat\u0131lan Ertu\u011frulo\u011flu, davet edildi\u011fi i\u00e7in te\u015fekk\u00fcr ederek, co\u015fkulu kalabal\u0131\u011f\u0131n kendisini heyecanland\u0131rd\u0131\u011f\u0131n\u0131 s\u00f6yledi. K\u0131br\u0131s&#8217;ta iki taraf\u0131n tekrar bir ortak devlet kurma ihtimalinin s\u00f6z konusu olmad\u0131\u011f\u0131n\u0131 belirten Ertu\u011frulo\u011flu, &#8220;O bitti, onu denedik. 1960&#8217;larda\" \/>\n<meta property=\"og:url\" content=\"https:\/\/kibrisdakik.com\/?p=35941\" \/>\n<meta property=\"article:published_time\" content=\"2024-03-27T18:00:49+00:00\" \/>\n<meta property=\"og:image\" content=\"https:\/\/kibrisdakik.com\/wp-content\/uploads\/2024\/03\/disisleri-bakani-tahsin-ertugruloglu-bursada-konustu-1711561582.webp.webp\" \/>\n\t<meta property=\"og:image:width\" content=\"710\" \/>\n\t<meta property=\"og:image:height\" content=\"370\" \/>\n\t<meta property=\"og:image:type\" content=\"image\/webp\" \/>\n<meta name=\"author\" content=\"admin\" \/>\n<meta name=\"twitter:card\" content=\"summary_large_image\" \/>\n<meta name=\"twitter:label1\" content=\"Yazan:\" \/>\n\t<meta name=\"twitter:data1\" content=\"admin\" \/>\n\t<meta name=\"twitter:label2\" content=\"Tahmini okuma s\u00fcresi\" \/>\n\t<meta name=\"twitter:data2\" content=\"3 dakika\" \/>\n<script type=\"application\/ld+json\" class=\"yoast-schema-graph\">{\"@context\":\"https:\\\/\\\/schema.org\",\"@graph\":[{\"@type\":\"Article\",\"@id\":\"https:\\\/\\\/kibrisdakik.com\\\/?p=35941#article\",\"isPartOf\":{\"@id\":\"https:\\\/\\\/kibrisdakik.com\\\/?p=35941\"},\"author\":{\"name\":\"admin\",\"@id\":\"https:\\\/\\\/kibrisdakik.com\\\/#\\\/schema\\\/person\\\/9cd9d437bbb44f72b73ba127e06d8e79\"},\"headline\":\"D\u0131\u015fi\u015fleri Bakan\u0131 Tahsin Ertu\u011frulo\u011flu, Bursa&#039;da konu\u015ftu:\",\"datePublished\":\"2024-03-27T18:00:49+00:00\",\"mainEntityOfPage\":{\"@id\":\"https:\\\/\\\/kibrisdakik.com\\\/?p=35941\"},\"wordCount\":532,\"commentCount\":0,\"image\":{\"@id\":\"https:\\\/\\\/kibrisdakik.com\\\/?p=35941#primaryimage\"},\"thumbnailUrl\":\"https:\\\/\\\/kibrisdakik.com\\\/wp-content\\\/uploads\\\/2024\\\/03\\\/disisleri-bakani-tahsin-ertugruloglu-bursada-konustu-1711561582.webp.webp\",\"articleSection\":[\"Ekonomi\"],\"inLanguage\":\"tr\",\"potentialAction\":[{\"@type\":\"CommentAction\",\"name\":\"Comment\",\"target\":[\"https:\\\/\\\/kibrisdakik.com\\\/?p=35941#respond\"]}]},{\"@type\":\"WebPage\",\"@id\":\"https:\\\/\\\/kibrisdakik.com\\\/?p=35941\",\"url\":\"https:\\\/\\\/kibrisdakik.com\\\/?p=35941\",\"name\":\"D\u0131\u015fi\u015fleri Bakan\u0131 Tahsin Ertu\u011frulo\u011flu, Bursa&#039;da konu\u015ftu: -\",\"isPartOf\":{\"@id\":\"https:\\\/\\\/kibrisdakik.com\\\/#website\"},\"primaryImageOfPage\":{\"@id\":\"https:\\\/\\\/kibrisdakik.com\\\/?p=35941#primaryimage\"},\"image\":{\"@id\":\"https:\\\/\\\/kibrisdakik.com\\\/?p=35941#primaryimage\"},\"thumbnailUrl\":\"https:\\\/\\\/kibrisdakik.com\\\/wp-content\\\/uploads\\\/2024\\\/03\\\/disisleri-bakani-tahsin-ertugruloglu-bursada-konustu-1711561582.webp.webp\",\"datePublished\":\"2024-03-27T18:00:49+00:00\",\"author\":{\"@id\":\"https:\\\/\\\/kibrisdakik.com\\\/#\\\/schema\\\/person\\\/9cd9d437bbb44f72b73ba127e06d8e79\"},\"breadcrumb\":{\"@id\":\"https:\\\/\\\/kibrisdakik.com\\\/?p=35941#breadcrumb\"},\"inLanguage\":\"tr\",\"potentialAction\":[{\"@type\":\"ReadAction\",\"target\":[\"https:\\\/\\\/kibrisdakik.com\\\/?p=35941\"]}]},{\"@type\":\"ImageObject\",\"inLanguage\":\"tr\",\"@id\":\"https:\\\/\\\/kibrisdakik.com\\\/?p=35941#primaryimage\",\"url\":\"https:\\\/\\\/kibrisdakik.com\\\/wp-content\\\/uploads\\\/2024\\\/03\\\/disisleri-bakani-tahsin-ertugruloglu-bursada-konustu-1711561582.webp.webp\",\"contentUrl\":\"https:\\\/\\\/kibrisdakik.com\\\/wp-content\\\/uploads\\\/2024\\\/03\\\/disisleri-bakani-tahsin-ertugruloglu-bursada-konustu-1711561582.webp.webp\",\"width\":710,\"height\":370},{\"@type\":\"BreadcrumbList\",\"@id\":\"https:\\\/\\\/kibrisdakik.com\\\/?p=35941#breadcrumb\",\"itemListElement\":[{\"@type\":\"ListItem\",\"position\":1,\"name\":\"Home\",\"item\":\"https:\\\/\\\/kibrisdakik.com\\\/\"},{\"@type\":\"ListItem\",\"position\":2,\"name\":\"D\u0131\u015fi\u015fleri Bakan\u0131 Tahsin Ertu\u011frulo\u011flu, Bursa&#039;da konu\u015ftu:\"}]},{\"@type\":\"WebSite\",\"@id\":\"https:\\\/\\\/kibrisdakik.com\\\/#website\",\"url\":\"https:\\\/\\\/kibrisdakik.com\\\/\",\"name\":\"\",\"description\":\"Tam vaktinde haber\",\"potentialAction\":[{\"@type\":\"SearchAction\",\"target\":{\"@type\":\"EntryPoint\",\"urlTemplate\":\"https:\\\/\\\/kibrisdakik.com\\\/?s={search_term_string}\"},\"query-input\":{\"@type\":\"PropertyValueSpecification\",\"valueRequired\":true,\"valueName\":\"search_term_string\"}}],\"inLanguage\":\"tr\"},{\"@type\":\"Person\",\"@id\":\"https:\\\/\\\/kibrisdakik.com\\\/#\\\/schema\\\/person\\\/9cd9d437bbb44f72b73ba127e06d8e79\",\"name\":\"admin\",\"image\":{\"@type\":\"ImageObject\",\"inLanguage\":\"tr\",\"@id\":\"https:\\\/\\\/secure.gravatar.com\\\/avatar\\\/ccc17943b9d660506c869530f897617f7cb1c21a4bf30023f252596d83e1f007?s=96&d=mm&r=g\",\"url\":\"https:\\\/\\\/secure.gravatar.com\\\/avatar\\\/ccc17943b9d660506c869530f897617f7cb1c21a4bf30023f252596d83e1f007?s=96&d=mm&r=g\",\"contentUrl\":\"https:\\\/\\\/secure.gravatar.com\\\/avatar\\\/ccc17943b9d660506c869530f897617f7cb1c21a4bf30023f252596d83e1f007?s=96&d=mm&r=g\",\"caption\":\"admin\"},\"sameAs\":[\"https:\\\/\\\/kibrisdakik.com\"],\"url\":\"https:\\\/\\\/kibrisdakik.com\\\/?author=1\"}]}<\/script>\n<!-- \/ Yoast SEO plugin. -->","yoast_head_json":{"title":"D\u0131\u015fi\u015fleri Bakan\u0131 Tahsin Ertu\u011frulo\u011flu, Bursa&#039;da konu\u015ftu: -","robots":{"index":"index","follow":"follow","max-snippet":"max-snippet:-1","max-image-preview":"max-image-preview:large","max-video-preview":"max-video-preview:-1"},"canonical":"https:\/\/kibrisdakik.com\/?p=35941","og_locale":"tr_TR","og_type":"article","og_title":"D\u0131\u015fi\u015fleri Bakan\u0131 Tahsin Ertu\u011frulo\u011flu, Bursa&#039;da konu\u015ftu: -","og_description":"Bursa Uluda\u011f \u00dcniversitesi (BU\u00dc) Uluslararas\u0131 \u0130li\u015fkiler Toplulu\u011funca &#8220;Uluslararas\u0131 Hukuk Ba\u011flam\u0131nda Kuzey K\u0131br\u0131s T\u00fcrk Cumhuriyeti&#8221; ba\u015fl\u0131kl\u0131 konferans d\u00fczenlendi. Prof. Dr. Mete Cengiz K\u00fclt\u00fcr Merkezi&#8217;ndeki konferansa kat\u0131lan Ertu\u011frulo\u011flu, davet edildi\u011fi i\u00e7in te\u015fekk\u00fcr ederek, co\u015fkulu kalabal\u0131\u011f\u0131n kendisini heyecanland\u0131rd\u0131\u011f\u0131n\u0131 s\u00f6yledi. K\u0131br\u0131s&#8217;ta iki taraf\u0131n tekrar bir ortak devlet kurma ihtimalinin s\u00f6z konusu olmad\u0131\u011f\u0131n\u0131 belirten Ertu\u011frulo\u011flu, &#8220;O bitti, onu denedik. 1960&#8217;larda","og_url":"https:\/\/kibrisdakik.com\/?p=35941","article_published_time":"2024-03-27T18:00:49+00:00","og_image":[{"width":710,"height":370,"url":"https:\/\/kibrisdakik.com\/wp-content\/uploads\/2024\/03\/disisleri-bakani-tahsin-ertugruloglu-bursada-konustu-1711561582.webp.webp","type":"image\/webp"}],"author":"admin","twitter_card":"summary_large_image","twitter_misc":{"Yazan:":"admin","Tahmini okuma s\u00fcresi":"3 dakika"},"schema":{"@context":"https:\/\/schema.org","@graph":[{"@type":"Article","@id":"https:\/\/kibrisdakik.com\/?p=35941#article","isPartOf":{"@id":"https:\/\/kibrisdakik.com\/?p=35941"},"author":{"name":"admin","@id":"https:\/\/kibrisdakik.com\/#\/schema\/person\/9cd9d437bbb44f72b73ba127e06d8e79"},"headline":"D\u0131\u015fi\u015fleri Bakan\u0131 Tahsin Ertu\u011frulo\u011flu, Bursa&#039;da konu\u015ftu:","datePublished":"2024-03-27T18:00:49+00:00","mainEntityOfPage":{"@id":"https:\/\/kibrisdakik.com\/?p=35941"},"wordCount":532,"commentCount":0,"image":{"@id":"https:\/\/kibrisdakik.com\/?p=35941#primaryimage"},"thumbnailUrl":"https:\/\/kibrisdakik.com\/wp-content\/uploads\/2024\/03\/disisleri-bakani-tahsin-ertugruloglu-bursada-konustu-1711561582.webp.webp","articleSection":["Ekonomi"],"inLanguage":"tr","potentialAction":[{"@type":"CommentAction","name":"Comment","target":["https:\/\/kibrisdakik.com\/?p=35941#respond"]}]},{"@type":"WebPage","@id":"https:\/\/kibrisdakik.com\/?p=35941","url":"https:\/\/kibrisdakik.com\/?p=35941","name":"D\u0131\u015fi\u015fleri Bakan\u0131 Tahsin Ertu\u011frulo\u011flu, Bursa&#039;da konu\u015ftu: -","isPartOf":{"@id":"https:\/\/kibrisdakik.com\/#website"},"primaryImageOfPage":{"@id":"https:\/\/kibrisdakik.com\/?p=35941#primaryimage"},"image":{"@id":"https:\/\/kibrisdakik.com\/?p=35941#primaryimage"},"thumbnailUrl":"https:\/\/kibrisdakik.com\/wp-content\/uploads\/2024\/03\/disisleri-bakani-tahsin-ertugruloglu-bursada-konustu-1711561582.webp.webp","datePublished":"2024-03-27T18:00:49+00:00","author":{"@id":"https:\/\/kibrisdakik.com\/#\/schema\/person\/9cd9d437bbb44f72b73ba127e06d8e79"},"breadcrumb":{"@id":"https:\/\/kibrisdakik.com\/?p=35941#breadcrumb"},"inLanguage":"tr","potentialAction":[{"@type":"ReadAction","target":["https:\/\/kibrisdakik.com\/?p=35941"]}]},{"@type":"ImageObject","inLanguage":"tr","@id":"https:\/\/kibrisdakik.com\/?p=35941#primaryimage","url":"https:\/\/kibrisdakik.com\/wp-content\/uploads\/2024\/03\/disisleri-bakani-tahsin-ertugruloglu-bursada-konustu-1711561582.webp.webp","contentUrl":"https:\/\/kibrisdakik.com\/wp-content\/uploads\/2024\/03\/disisleri-bakani-tahsin-ertugruloglu-bursada-konustu-1711561582.webp.webp","width":710,"height":370},{"@type":"BreadcrumbList","@id":"https:\/\/kibrisdakik.com\/?p=35941#breadcrumb","itemListElement":[{"@type":"ListItem","position":1,"name":"Home","item":"https:\/\/kibrisdakik.com\/"},{"@type":"ListItem","position":2,"name":"D\u0131\u015fi\u015fleri Bakan\u0131 Tahsin Ertu\u011frulo\u011flu, Bursa&#039;da konu\u015ftu:"}]},{"@type":"WebSite","@id":"https:\/\/kibrisdakik.com\/#website","url":"https:\/\/kibrisdakik.com\/","name":"","description":"Tam vaktinde haber","potentialAction":[{"@type":"SearchAction","target":{"@type":"EntryPoint","urlTemplate":"https:\/\/kibrisdakik.com\/?s={search_term_string}"},"query-input":{"@type":"PropertyValueSpecification","valueRequired":true,"valueName":"search_term_string"}}],"inLanguage":"tr"},{"@type":"Person","@id":"https:\/\/kibrisdakik.com\/#\/schema\/person\/9cd9d437bbb44f72b73ba127e06d8e79","name":"admin","image":{"@type":"ImageObject","inLanguage":"tr","@id":"https:\/\/secure.gravatar.com\/avatar\/ccc17943b9d660506c869530f897617f7cb1c21a4bf30023f252596d83e1f007?s=96&d=mm&r=g","url":"https:\/\/secure.gravatar.com\/avatar\/ccc17943b9d660506c869530f897617f7cb1c21a4bf30023f252596d83e1f007?s=96&d=mm&r=g","contentUrl":"https:\/\/secure.gravatar.com\/avatar\/ccc17943b9d660506c869530f897617f7cb1c21a4bf30023f252596d83e1f007?s=96&d=mm&r=g","caption":"admin"},"sameAs":["https:\/\/kibrisdakik.com"],"url":"https:\/\/kibrisdakik.com\/?author=1"}]}},"_links":{"self":[{"href":"https:\/\/kibrisdakik.com\/index.php?rest_route=\/wp\/v2\/posts\/35941","targetHints":{"allow":["GET"]}}],"collection":[{"href":"https:\/\/kibrisdakik.com\/index.php?rest_route=\/wp\/v2\/posts"}],"about":[{"href":"https:\/\/kibrisdakik.com\/index.php?rest_route=\/wp\/v2\/types\/post"}],"author":[{"embeddable":true,"href":"https:\/\/kibrisdakik.com\/index.php?rest_route=\/wp\/v2\/users\/1"}],"replies":[{"embeddable":true,"href":"https:\/\/kibrisdakik.com\/index.php?rest_route=%2Fwp%2Fv2%2Fcomments&post=35941"}],"version-history":[{"count":0,"href":"https:\/\/kibrisdakik.com\/index.php?rest_route=\/wp\/v2\/posts\/35941\/revisions"}],"wp:featuredmedia":[{"embeddable":true,"href":"https:\/\/kibrisdakik.com\/index.php?rest_route=\/wp\/v2\/media\/35942"}],"wp:attachment":[{"href":"https:\/\/kibrisdakik.com\/index.php?rest_route=%2Fwp%2Fv2%2Fmedia&parent=35941"}],"wp:term":[{"taxonomy":"category","embeddable":true,"href":"https:\/\/kibrisdakik.com\/index.php?rest_route=%2Fwp%2Fv2%2Fcategories&post=35941"},{"taxonomy":"post_tag","embeddable":true,"href":"https:\/\/kibrisdakik.com\/index.php?rest_route=%2Fwp%2Fv2%2Ftags&post=35941"}],"curies":[{"name":"wp","href":"https:\/\/api.w.org\/{rel}","templated":true}]}}