{"id":35949,"date":"2024-03-27T19:01:44","date_gmt":"2024-03-27T19:01:44","guid":{"rendered":"https:\/\/kibrisdakik.com\/index.php\/2024\/03\/27\/birinci-sanat-ve-ipek-denizli-sanat-atolyesinden-dunya-tiyatro-gunu-etkinligi\/"},"modified":"2024-03-27T19:01:44","modified_gmt":"2024-03-27T19:01:44","slug":"birinci-sanat-ve-ipek-denizli-sanat-atolyesinden-dunya-tiyatro-gunu-etkinligi","status":"publish","type":"post","link":"https:\/\/kibrisdakik.com\/?p=35949","title":{"rendered":"Birinci Sanat ve \u0130pek Denizli Sanat At\u00f6lyesi\u2019nden D\u00fcnya Tiyatro G\u00fcn\u00fc etkinli\u011fi"},"content":{"rendered":"<p><img decoding=\"async\" src=\"https:\/\/www.kibristurk.com\/images\/haberler\/2024\/03\/birinci-sanat-ve-ipek-denizli-sanat-atolyesinden-dunya-tiyatro-gunu-etkinligi-1711562810.webp\" \/><\/p>\n<p style=\"text-align:left\"><span style=\"font-size:16px\"><span style=\"font-family:Merriweather,serif !important\"><span style=\"color:#000000\"><span style=\"background-color:#ffffff\">At\u00f6lyenin 2022 y\u0131l\u0131nda ba\u015flatarak, geleneksel hale getirdi\u011fi T\u00fcrkiye ve KKTC\u2019den tiyatro sanat\u0131na emek veren sanat\u00e7\u0131lar\u0131 \u00f6d\u00fcllendirdi\u011fi t\u00f6ren bu y\u0131l da ger\u00e7ekle\u015ftirildi.<\/span><\/span><\/span><\/span><\/p>\n<p style=\"text-align:left\"><span style=\"font-size:16px\"><span style=\"font-family:Merriweather,serif !important\"><span style=\"color:#000000\"><span style=\"background-color:#ffffff\">Modaret\u00f6rl\u00fc\u011f\u00fcn\u00fc Sanat\u00e7\u0131 Erta\u00e7 Hazer ve \u015eair Feyzan Korur\u2019un \u00fcslendi\u011fi etkinlik, Lefko\u015fa Birinci Plaza\u2019da Meral Tekin Birinci Salonu\u2019nda yer ald\u0131.<\/span><\/span><\/span><\/span><\/p>\n<p style=\"text-align:left\"><span style=\"font-size:16px\"><span style=\"font-family:Merriweather,serif !important\"><span style=\"color:#000000\"><span style=\"background-color:#ffffff\">Etkinli\u011fe Cumhurba\u015fkan\u0131 Ersin Tatar, Cumhuriyet Meclisi Ba\u015fkan\u0131 Zorlu T\u00f6re, eski Ba\u015fbakan ve Meclis Ba\u015fkanlar\u0131ndan Sibel Siber, milletvekilleri, T\u00fcrkiye&#8217;nin Lefko\u015fa&nbsp; B\u00fcy\u00fckel\u00e7ili\u011fi&#8217;nden \u00fcst d\u00fczey yetkililer, akademisyenler, Devlet Tiyatrolar\u0131 yetkilileri ile \u00e7ok say\u0131da sanat\u00e7\u0131 ve sanatsever kat\u0131ld\u0131.<\/span><\/span><\/span><\/span><\/p>\n<p style=\"text-align:left\"><span style=\"font-size:16px\"><span style=\"font-family:Merriweather,serif !important\"><span style=\"color:#000000\"><span style=\"background-color:#ffffff\">Bu y\u0131lki t\u00f6rende, T\u00fcrkiye\u2019den \u00fcnl\u00fc tiyatro ve sinema oyuncusu, ayn\u0131 zamanda y\u00f6netmen, sanat\u00e7\u0131 K\u0131br\u0131sl\u0131 T\u00fcrk Ali D\u00fc\u015fenkalkar davetli olarak yer ald\u0131.<\/span><\/span><\/span><\/span><\/p>\n<p style=\"text-align:left\"><span style=\"font-size:16px\"><span style=\"font-family:Merriweather,serif !important\"><span style=\"color:#000000\"><span style=\"background-color:#ffffff\">Etkinli\u011fin a\u00e7\u0131l\u0131\u015f\u0131nda sayg\u0131 duru\u015funda bulunuldu ve \u0130stiklal Mar\u015f\u0131 okundu.<\/span><\/span><\/span><\/span><\/p>\n<p style=\"text-align:left\"><span style=\"font-size:16px\"><span style=\"font-family:Merriweather,serif !important\"><span style=\"color:#000000\"><span style=\"background-color:#ffffff\">T\u00f6rende, KKTC\u2019de tiyatroya emek veren be\u015f sanat\u00e7\u0131; Ayhatun Ate\u015fin, Nevzat \u015eehitcan, Y\u0131lsay \u00d6zbudak, Erta\u00e7 Hazer ve Cansev G\u00fcnsoy\u2019a Ya\u015fam Boyu Meslek Onur \u00d6d\u00fclleri verildi.<\/span><\/span><\/span><\/span><\/p>\n<p style=\"text-align:left\"><span style=\"font-size:16px\"><span style=\"font-family:Merriweather,serif !important\"><span style=\"color:#000000\"><span style=\"background-color:#ffffff\">Cumhurba\u015fkan\u0131 Ersin Tatar etkinlikte yapt\u0131\u011f\u0131 konu\u015fmada, K\u0131br\u0131s T\u00fcrk halk\u0131n\u0131n kendi k\u00fclt\u00fcr\u00fcyle ve ge\u00e7mi\u015fiyle \u00e7ok \u00f6nemli rol oynad\u0131\u011f\u0131n\u0131 s\u00f6yledi.<\/span><\/span><\/span><\/span><\/p>\n<p style=\"text-align:left\"><span style=\"font-size:16px\"><span style=\"font-family:Merriweather,serif !important\"><span style=\"color:#000000\"><span style=\"background-color:#ffffff\">Meclis Ba\u015fkan\u0131 Zorlu T\u00f6re de, k\u00fclt\u00fcr sanat\u0131n insana zenginlik katt\u0131\u011f\u0131n\u0131 belirtti.<\/span><\/span><\/span><\/span><\/p>\n<p style=\"text-align:left\"><span style=\"font-size:16px\"><span style=\"font-family:Merriweather,serif !important\"><span style=\"color:#000000\"><span style=\"background-color:#ffffff\">Etkinli\u011fi organize eden Birinci Medya Kurumu Kurucu Ba\u015fkan\u0131 Ertan Birinci de, sanata verdi\u011fi de\u011ferden bahsederek, sanat\u00e7\u0131 olman\u0131n b\u00fcy\u00fck bir meziyet oldu\u011funu s\u00f6yledi.<\/span><\/span><\/span><\/span><\/p>\n<p style=\"text-align:left\"><span style=\"font-size:16px\"><span style=\"font-family:Merriweather,serif !important\"><span style=\"color:#000000\"><span style=\"background-color:#ffffff\">\u0130pek Denizli Sanat At\u00f6lyesi Direkt\u00f6r\u00fc \u0130pek Denizli de, \u201cNe mutlu bize ki i\u015f birli\u011fi yapan y\u00fcreklerle \u00fc\u00e7\u00fcnc\u00fc ya\u015f\u0131m\u0131za geldik\u201d dedi.<\/span><\/span><\/span><\/span><\/p>\n<p style=\"text-align:left\"><span style=\"font-size:16px\"><span style=\"font-family:Merriweather,serif !important\"><span style=\"color:#000000\"><span style=\"background-color:#ffffff\">Etkinli\u011fin sonunda, \u00fcnl\u00fc sanat\u00e7\u0131 Ali D\u00fc\u015fenkalkar\u2019a da, Ya\u015fam Boyu Meslek Onur \u00d6d\u00fcl\u00fc takdim edildi.<\/span><\/span><\/span><\/span><\/p>\n","protected":false},"excerpt":{"rendered":"<p>At\u00f6lyenin 2022 y\u0131l\u0131nda ba\u015flatarak, geleneksel hale getirdi\u011fi T\u00fcrkiye ve KKTC\u2019den tiyatro sanat\u0131na emek veren sanat\u00e7\u0131lar\u0131 \u00f6d\u00fcllendirdi\u011fi t\u00f6ren bu y\u0131l da ger\u00e7ekle\u015ftirildi. Modaret\u00f6rl\u00fc\u011f\u00fcn\u00fc Sanat\u00e7\u0131 Erta\u00e7 Hazer ve \u015eair Feyzan Korur\u2019un \u00fcslendi\u011fi etkinlik, Lefko\u015fa Birinci Plaza\u2019da Meral Tekin Birinci Salonu\u2019nda yer ald\u0131. Etkinli\u011fe Cumhurba\u015fkan\u0131 Ersin Tatar, Cumhuriyet Meclisi Ba\u015fkan\u0131 Zorlu T\u00f6re, eski Ba\u015fbakan ve Meclis Ba\u015fkanlar\u0131ndan Sibel<\/p>\n","protected":false},"author":1,"featured_media":35950,"comment_status":"open","ping_status":"open","sticky":false,"template":"","format":"standard","meta":{"footnotes":""},"categories":[79],"tags":[],"class_list":["post-35949","post","type-post","status-publish","format-standard","has-post-thumbnail","hentry","category-ekonomi"],"yoast_head":"<!-- This site is optimized with the Yoast SEO plugin v27.5 - https:\/\/yoast.com\/product\/yoast-seo-wordpress\/ -->\n<title>Birinci Sanat ve \u0130pek Denizli Sanat At\u00f6lyesi\u2019nden D\u00fcnya Tiyatro G\u00fcn\u00fc etkinli\u011fi -<\/title>\n<meta name=\"robots\" content=\"index, follow, max-snippet:-1, max-image-preview:large, max-video-preview:-1\" \/>\n<link rel=\"canonical\" href=\"https:\/\/kibrisdakik.com\/?p=35949\" \/>\n<meta property=\"og:locale\" content=\"tr_TR\" \/>\n<meta property=\"og:type\" content=\"article\" \/>\n<meta property=\"og:title\" content=\"Birinci Sanat ve \u0130pek Denizli Sanat At\u00f6lyesi\u2019nden D\u00fcnya Tiyatro G\u00fcn\u00fc etkinli\u011fi -\" \/>\n<meta property=\"og:description\" content=\"At\u00f6lyenin 2022 y\u0131l\u0131nda ba\u015flatarak, geleneksel hale getirdi\u011fi T\u00fcrkiye ve KKTC\u2019den tiyatro sanat\u0131na emek veren sanat\u00e7\u0131lar\u0131 \u00f6d\u00fcllendirdi\u011fi t\u00f6ren bu y\u0131l da ger\u00e7ekle\u015ftirildi. Modaret\u00f6rl\u00fc\u011f\u00fcn\u00fc Sanat\u00e7\u0131 Erta\u00e7 Hazer ve \u015eair Feyzan Korur\u2019un \u00fcslendi\u011fi etkinlik, Lefko\u015fa Birinci Plaza\u2019da Meral Tekin Birinci Salonu\u2019nda yer ald\u0131. Etkinli\u011fe Cumhurba\u015fkan\u0131 Ersin Tatar, Cumhuriyet Meclisi Ba\u015fkan\u0131 Zorlu T\u00f6re, eski Ba\u015fbakan ve Meclis Ba\u015fkanlar\u0131ndan Sibel\" \/>\n<meta property=\"og:url\" content=\"https:\/\/kibrisdakik.com\/?p=35949\" \/>\n<meta property=\"article:published_time\" content=\"2024-03-27T19:01:44+00:00\" \/>\n<meta property=\"og:image\" content=\"https:\/\/kibrisdakik.com\/wp-content\/uploads\/2024\/03\/birinci-sanat-ve-ipek-denizli-sanat-atolyesinden-dunya-tiyatro-gunu-etkinligi-1711562810.webp.webp\" \/>\n\t<meta property=\"og:image:width\" content=\"710\" \/>\n\t<meta property=\"og:image:height\" content=\"370\" \/>\n\t<meta property=\"og:image:type\" content=\"image\/webp\" \/>\n<meta name=\"author\" content=\"admin\" \/>\n<meta name=\"twitter:card\" content=\"summary_large_image\" \/>\n<meta name=\"twitter:label1\" content=\"Yazan:\" \/>\n\t<meta name=\"twitter:data1\" content=\"admin\" \/>\n\t<meta name=\"twitter:label2\" content=\"Tahmini okuma s\u00fcresi\" \/>\n\t<meta name=\"twitter:data2\" content=\"2 dakika\" \/>\n<script type=\"application\/ld+json\" class=\"yoast-schema-graph\">{\"@context\":\"https:\\\/\\\/schema.org\",\"@graph\":[{\"@type\":\"Article\",\"@id\":\"https:\\\/\\\/kibrisdakik.com\\\/?p=35949#article\",\"isPartOf\":{\"@id\":\"https:\\\/\\\/kibrisdakik.com\\\/?p=35949\"},\"author\":{\"name\":\"admin\",\"@id\":\"https:\\\/\\\/kibrisdakik.com\\\/#\\\/schema\\\/person\\\/9cd9d437bbb44f72b73ba127e06d8e79\"},\"headline\":\"Birinci Sanat ve \u0130pek Denizli Sanat At\u00f6lyesi\u2019nden D\u00fcnya Tiyatro G\u00fcn\u00fc etkinli\u011fi\",\"datePublished\":\"2024-03-27T19:01:44+00:00\",\"mainEntityOfPage\":{\"@id\":\"https:\\\/\\\/kibrisdakik.com\\\/?p=35949\"},\"wordCount\":328,\"commentCount\":0,\"image\":{\"@id\":\"https:\\\/\\\/kibrisdakik.com\\\/?p=35949#primaryimage\"},\"thumbnailUrl\":\"https:\\\/\\\/kibrisdakik.com\\\/wp-content\\\/uploads\\\/2024\\\/03\\\/birinci-sanat-ve-ipek-denizli-sanat-atolyesinden-dunya-tiyatro-gunu-etkinligi-1711562810.webp.webp\",\"articleSection\":[\"Ekonomi\"],\"inLanguage\":\"tr\",\"potentialAction\":[{\"@type\":\"CommentAction\",\"name\":\"Comment\",\"target\":[\"https:\\\/\\\/kibrisdakik.com\\\/?p=35949#respond\"]}]},{\"@type\":\"WebPage\",\"@id\":\"https:\\\/\\\/kibrisdakik.com\\\/?p=35949\",\"url\":\"https:\\\/\\\/kibrisdakik.com\\\/?p=35949\",\"name\":\"Birinci Sanat ve \u0130pek Denizli Sanat At\u00f6lyesi\u2019nden D\u00fcnya Tiyatro G\u00fcn\u00fc etkinli\u011fi -\",\"isPartOf\":{\"@id\":\"https:\\\/\\\/kibrisdakik.com\\\/#website\"},\"primaryImageOfPage\":{\"@id\":\"https:\\\/\\\/kibrisdakik.com\\\/?p=35949#primaryimage\"},\"image\":{\"@id\":\"https:\\\/\\\/kibrisdakik.com\\\/?p=35949#primaryimage\"},\"thumbnailUrl\":\"https:\\\/\\\/kibrisdakik.com\\\/wp-content\\\/uploads\\\/2024\\\/03\\\/birinci-sanat-ve-ipek-denizli-sanat-atolyesinden-dunya-tiyatro-gunu-etkinligi-1711562810.webp.webp\",\"datePublished\":\"2024-03-27T19:01:44+00:00\",\"author\":{\"@id\":\"https:\\\/\\\/kibrisdakik.com\\\/#\\\/schema\\\/person\\\/9cd9d437bbb44f72b73ba127e06d8e79\"},\"breadcrumb\":{\"@id\":\"https:\\\/\\\/kibrisdakik.com\\\/?p=35949#breadcrumb\"},\"inLanguage\":\"tr\",\"potentialAction\":[{\"@type\":\"ReadAction\",\"target\":[\"https:\\\/\\\/kibrisdakik.com\\\/?p=35949\"]}]},{\"@type\":\"ImageObject\",\"inLanguage\":\"tr\",\"@id\":\"https:\\\/\\\/kibrisdakik.com\\\/?p=35949#primaryimage\",\"url\":\"https:\\\/\\\/kibrisdakik.com\\\/wp-content\\\/uploads\\\/2024\\\/03\\\/birinci-sanat-ve-ipek-denizli-sanat-atolyesinden-dunya-tiyatro-gunu-etkinligi-1711562810.webp.webp\",\"contentUrl\":\"https:\\\/\\\/kibrisdakik.com\\\/wp-content\\\/uploads\\\/2024\\\/03\\\/birinci-sanat-ve-ipek-denizli-sanat-atolyesinden-dunya-tiyatro-gunu-etkinligi-1711562810.webp.webp\",\"width\":710,\"height\":370},{\"@type\":\"BreadcrumbList\",\"@id\":\"https:\\\/\\\/kibrisdakik.com\\\/?p=35949#breadcrumb\",\"itemListElement\":[{\"@type\":\"ListItem\",\"position\":1,\"name\":\"Home\",\"item\":\"https:\\\/\\\/kibrisdakik.com\\\/\"},{\"@type\":\"ListItem\",\"position\":2,\"name\":\"Birinci Sanat ve \u0130pek Denizli Sanat At\u00f6lyesi\u2019nden D\u00fcnya Tiyatro G\u00fcn\u00fc etkinli\u011fi\"}]},{\"@type\":\"WebSite\",\"@id\":\"https:\\\/\\\/kibrisdakik.com\\\/#website\",\"url\":\"https:\\\/\\\/kibrisdakik.com\\\/\",\"name\":\"\",\"description\":\"Tam vaktinde haber\",\"potentialAction\":[{\"@type\":\"SearchAction\",\"target\":{\"@type\":\"EntryPoint\",\"urlTemplate\":\"https:\\\/\\\/kibrisdakik.com\\\/?s={search_term_string}\"},\"query-input\":{\"@type\":\"PropertyValueSpecification\",\"valueRequired\":true,\"valueName\":\"search_term_string\"}}],\"inLanguage\":\"tr\"},{\"@type\":\"Person\",\"@id\":\"https:\\\/\\\/kibrisdakik.com\\\/#\\\/schema\\\/person\\\/9cd9d437bbb44f72b73ba127e06d8e79\",\"name\":\"admin\",\"image\":{\"@type\":\"ImageObject\",\"inLanguage\":\"tr\",\"@id\":\"https:\\\/\\\/secure.gravatar.com\\\/avatar\\\/ccc17943b9d660506c869530f897617f7cb1c21a4bf30023f252596d83e1f007?s=96&d=mm&r=g\",\"url\":\"https:\\\/\\\/secure.gravatar.com\\\/avatar\\\/ccc17943b9d660506c869530f897617f7cb1c21a4bf30023f252596d83e1f007?s=96&d=mm&r=g\",\"contentUrl\":\"https:\\\/\\\/secure.gravatar.com\\\/avatar\\\/ccc17943b9d660506c869530f897617f7cb1c21a4bf30023f252596d83e1f007?s=96&d=mm&r=g\",\"caption\":\"admin\"},\"sameAs\":[\"https:\\\/\\\/kibrisdakik.com\"],\"url\":\"https:\\\/\\\/kibrisdakik.com\\\/?author=1\"}]}<\/script>\n<!-- \/ Yoast SEO plugin. -->","yoast_head_json":{"title":"Birinci Sanat ve \u0130pek Denizli Sanat At\u00f6lyesi\u2019nden D\u00fcnya Tiyatro G\u00fcn\u00fc etkinli\u011fi -","robots":{"index":"index","follow":"follow","max-snippet":"max-snippet:-1","max-image-preview":"max-image-preview:large","max-video-preview":"max-video-preview:-1"},"canonical":"https:\/\/kibrisdakik.com\/?p=35949","og_locale":"tr_TR","og_type":"article","og_title":"Birinci Sanat ve \u0130pek Denizli Sanat At\u00f6lyesi\u2019nden D\u00fcnya Tiyatro G\u00fcn\u00fc etkinli\u011fi -","og_description":"At\u00f6lyenin 2022 y\u0131l\u0131nda ba\u015flatarak, geleneksel hale getirdi\u011fi T\u00fcrkiye ve KKTC\u2019den tiyatro sanat\u0131na emek veren sanat\u00e7\u0131lar\u0131 \u00f6d\u00fcllendirdi\u011fi t\u00f6ren bu y\u0131l da ger\u00e7ekle\u015ftirildi. Modaret\u00f6rl\u00fc\u011f\u00fcn\u00fc Sanat\u00e7\u0131 Erta\u00e7 Hazer ve \u015eair Feyzan Korur\u2019un \u00fcslendi\u011fi etkinlik, Lefko\u015fa Birinci Plaza\u2019da Meral Tekin Birinci Salonu\u2019nda yer ald\u0131. Etkinli\u011fe Cumhurba\u015fkan\u0131 Ersin Tatar, Cumhuriyet Meclisi Ba\u015fkan\u0131 Zorlu T\u00f6re, eski Ba\u015fbakan ve Meclis Ba\u015fkanlar\u0131ndan Sibel","og_url":"https:\/\/kibrisdakik.com\/?p=35949","article_published_time":"2024-03-27T19:01:44+00:00","og_image":[{"width":710,"height":370,"url":"https:\/\/kibrisdakik.com\/wp-content\/uploads\/2024\/03\/birinci-sanat-ve-ipek-denizli-sanat-atolyesinden-dunya-tiyatro-gunu-etkinligi-1711562810.webp.webp","type":"image\/webp"}],"author":"admin","twitter_card":"summary_large_image","twitter_misc":{"Yazan:":"admin","Tahmini okuma s\u00fcresi":"2 dakika"},"schema":{"@context":"https:\/\/schema.org","@graph":[{"@type":"Article","@id":"https:\/\/kibrisdakik.com\/?p=35949#article","isPartOf":{"@id":"https:\/\/kibrisdakik.com\/?p=35949"},"author":{"name":"admin","@id":"https:\/\/kibrisdakik.com\/#\/schema\/person\/9cd9d437bbb44f72b73ba127e06d8e79"},"headline":"Birinci Sanat ve \u0130pek Denizli Sanat At\u00f6lyesi\u2019nden D\u00fcnya Tiyatro G\u00fcn\u00fc etkinli\u011fi","datePublished":"2024-03-27T19:01:44+00:00","mainEntityOfPage":{"@id":"https:\/\/kibrisdakik.com\/?p=35949"},"wordCount":328,"commentCount":0,"image":{"@id":"https:\/\/kibrisdakik.com\/?p=35949#primaryimage"},"thumbnailUrl":"https:\/\/kibrisdakik.com\/wp-content\/uploads\/2024\/03\/birinci-sanat-ve-ipek-denizli-sanat-atolyesinden-dunya-tiyatro-gunu-etkinligi-1711562810.webp.webp","articleSection":["Ekonomi"],"inLanguage":"tr","potentialAction":[{"@type":"CommentAction","name":"Comment","target":["https:\/\/kibrisdakik.com\/?p=35949#respond"]}]},{"@type":"WebPage","@id":"https:\/\/kibrisdakik.com\/?p=35949","url":"https:\/\/kibrisdakik.com\/?p=35949","name":"Birinci Sanat ve \u0130pek Denizli Sanat At\u00f6lyesi\u2019nden D\u00fcnya Tiyatro G\u00fcn\u00fc etkinli\u011fi -","isPartOf":{"@id":"https:\/\/kibrisdakik.com\/#website"},"primaryImageOfPage":{"@id":"https:\/\/kibrisdakik.com\/?p=35949#primaryimage"},"image":{"@id":"https:\/\/kibrisdakik.com\/?p=35949#primaryimage"},"thumbnailUrl":"https:\/\/kibrisdakik.com\/wp-content\/uploads\/2024\/03\/birinci-sanat-ve-ipek-denizli-sanat-atolyesinden-dunya-tiyatro-gunu-etkinligi-1711562810.webp.webp","datePublished":"2024-03-27T19:01:44+00:00","author":{"@id":"https:\/\/kibrisdakik.com\/#\/schema\/person\/9cd9d437bbb44f72b73ba127e06d8e79"},"breadcrumb":{"@id":"https:\/\/kibrisdakik.com\/?p=35949#breadcrumb"},"inLanguage":"tr","potentialAction":[{"@type":"ReadAction","target":["https:\/\/kibrisdakik.com\/?p=35949"]}]},{"@type":"ImageObject","inLanguage":"tr","@id":"https:\/\/kibrisdakik.com\/?p=35949#primaryimage","url":"https:\/\/kibrisdakik.com\/wp-content\/uploads\/2024\/03\/birinci-sanat-ve-ipek-denizli-sanat-atolyesinden-dunya-tiyatro-gunu-etkinligi-1711562810.webp.webp","contentUrl":"https:\/\/kibrisdakik.com\/wp-content\/uploads\/2024\/03\/birinci-sanat-ve-ipek-denizli-sanat-atolyesinden-dunya-tiyatro-gunu-etkinligi-1711562810.webp.webp","width":710,"height":370},{"@type":"BreadcrumbList","@id":"https:\/\/kibrisdakik.com\/?p=35949#breadcrumb","itemListElement":[{"@type":"ListItem","position":1,"name":"Home","item":"https:\/\/kibrisdakik.com\/"},{"@type":"ListItem","position":2,"name":"Birinci Sanat ve \u0130pek Denizli Sanat At\u00f6lyesi\u2019nden D\u00fcnya Tiyatro G\u00fcn\u00fc etkinli\u011fi"}]},{"@type":"WebSite","@id":"https:\/\/kibrisdakik.com\/#website","url":"https:\/\/kibrisdakik.com\/","name":"","description":"Tam vaktinde haber","potentialAction":[{"@type":"SearchAction","target":{"@type":"EntryPoint","urlTemplate":"https:\/\/kibrisdakik.com\/?s={search_term_string}"},"query-input":{"@type":"PropertyValueSpecification","valueRequired":true,"valueName":"search_term_string"}}],"inLanguage":"tr"},{"@type":"Person","@id":"https:\/\/kibrisdakik.com\/#\/schema\/person\/9cd9d437bbb44f72b73ba127e06d8e79","name":"admin","image":{"@type":"ImageObject","inLanguage":"tr","@id":"https:\/\/secure.gravatar.com\/avatar\/ccc17943b9d660506c869530f897617f7cb1c21a4bf30023f252596d83e1f007?s=96&d=mm&r=g","url":"https:\/\/secure.gravatar.com\/avatar\/ccc17943b9d660506c869530f897617f7cb1c21a4bf30023f252596d83e1f007?s=96&d=mm&r=g","contentUrl":"https:\/\/secure.gravatar.com\/avatar\/ccc17943b9d660506c869530f897617f7cb1c21a4bf30023f252596d83e1f007?s=96&d=mm&r=g","caption":"admin"},"sameAs":["https:\/\/kibrisdakik.com"],"url":"https:\/\/kibrisdakik.com\/?author=1"}]}},"_links":{"self":[{"href":"https:\/\/kibrisdakik.com\/index.php?rest_route=\/wp\/v2\/posts\/35949","targetHints":{"allow":["GET"]}}],"collection":[{"href":"https:\/\/kibrisdakik.com\/index.php?rest_route=\/wp\/v2\/posts"}],"about":[{"href":"https:\/\/kibrisdakik.com\/index.php?rest_route=\/wp\/v2\/types\/post"}],"author":[{"embeddable":true,"href":"https:\/\/kibrisdakik.com\/index.php?rest_route=\/wp\/v2\/users\/1"}],"replies":[{"embeddable":true,"href":"https:\/\/kibrisdakik.com\/index.php?rest_route=%2Fwp%2Fv2%2Fcomments&post=35949"}],"version-history":[{"count":0,"href":"https:\/\/kibrisdakik.com\/index.php?rest_route=\/wp\/v2\/posts\/35949\/revisions"}],"wp:featuredmedia":[{"embeddable":true,"href":"https:\/\/kibrisdakik.com\/index.php?rest_route=\/wp\/v2\/media\/35950"}],"wp:attachment":[{"href":"https:\/\/kibrisdakik.com\/index.php?rest_route=%2Fwp%2Fv2%2Fmedia&parent=35949"}],"wp:term":[{"taxonomy":"category","embeddable":true,"href":"https:\/\/kibrisdakik.com\/index.php?rest_route=%2Fwp%2Fv2%2Fcategories&post=35949"},{"taxonomy":"post_tag","embeddable":true,"href":"https:\/\/kibrisdakik.com\/index.php?rest_route=%2Fwp%2Fv2%2Ftags&post=35949"}],"curies":[{"name":"wp","href":"https:\/\/api.w.org\/{rel}","templated":true}]}}