{"id":35978,"date":"2024-03-27T22:51:58","date_gmt":"2024-03-27T22:51:58","guid":{"rendered":"https:\/\/kibrisdakik.com\/index.php\/2024\/03\/27\/alaykoyde-iftar-programi\/"},"modified":"2024-03-27T22:51:58","modified_gmt":"2024-03-27T22:51:58","slug":"alaykoyde-iftar-programi","status":"publish","type":"post","link":"https:\/\/kibrisdakik.com\/?p=35978","title":{"rendered":"Alayk\u00f6y\u2019de iftar program\u0131"},"content":{"rendered":"<p><\/p>\n<div>\n<div class=\"mariselle-image-container center\">\n                <img loading=\"lazy\" decoding=\"async\" width=\"1600\" height=\"1200\" class=\"lazy-image\" alt=\"\" sizes=\"auto, (max-width: 1600px) 100vw, 1600px\" src=\"https:\/\/brtk.net\/wp-content\/uploads\/2024\/03\/27\/alaykoy-iftar-1-.jpg?ver=e30820a7130cbabe43e45d557e928c32\" srcset=\"https:\/\/brtk.net\/wp-content\/uploads\/2024\/03\/27\/alaykoy-iftar-1-.jpg?ver=e30820a7130cbabe43e45d557e928c32 1600w, https:\/\/brtk.net\/wp-content\/uploads\/2024\/03\/27\/alaykoy-iftar-1--300x225.jpg?ver=0811de6a88b52327c30f3bf74e0e68b4 300w, https:\/\/brtk.net\/wp-content\/uploads\/2024\/03\/27\/alaykoy-iftar-1--1024x768.jpg?ver=0811de6a88b52327c30f3bf74e0e68b4 1024w, https:\/\/brtk.net\/wp-content\/uploads\/2024\/03\/27\/alaykoy-iftar-1--768x576.jpg?ver=a9335313e379efc97565b4b298ea8f53 768w, https:\/\/brtk.net\/wp-content\/uploads\/2024\/03\/27\/alaykoy-iftar-1--1536x1152.jpg?ver=a9335313e379efc97565b4b298ea8f53 1536w\"\/>                            <\/div>\n<p>Yurtd\u0131\u015f\u0131 T\u00fcrkler ve Akraba Topluluklar (YTB) Ba\u015fkanl\u0131\u011f\u0131 organizasyonunda Cumhurba\u015fkanl\u0131\u011f\u0131,  T\u00fcrkiye Cumhuriyeti  Lefko\u015fa B\u00fcy\u00fckel\u00e7ili\u011fi, Cumhurba\u015fkanl\u0131\u011f\u0131, K\u0131br\u0131s Vak\u0131flar \u0130daresi, M\u00fcstakil Sahne Sanatlar\u0131 ve E\u011fitimi Derne\u011fi i\u015f birli\u011finde Alayk\u00f6y\u2019de iftar program\u0131 d\u00fczenlendi. <\/p>\n<p>YTB Ba\u015fkan\u0131 Abdullah Eren\u2019in kat\u0131l\u0131m\u0131yla \u201cG\u00f6n\u00fcl K\u00f6pr\u00fcs\u00fc 2024 Projesi\u201d kapsam\u0131nda d\u00fczenlenen iftar program\u0131 \u00f6ncesinde k\u00f6y ziyareti yap\u0131larak, vatanda\u015flara ve \u00e7ocuklara Ramazan hediyeleri da\u011f\u0131t\u0131ld\u0131.<\/p>\n<p>\u0130ftar program\u0131nda, Vak\u0131flar \u0130daresi Ba\u015fkan\u0131 Mustafa T\u00fcmer ve Cumhurba\u015fkan\u0131 <a href=\"https:\/\/brtk.net\/\" target=\"_blank\" rel=\"noopener\">Ersin Tatar<\/a>\u2019\u0131n dan\u0131\u015fmanlar\u0131ndan Mesut Gen\u00e7 ile TC Lefko\u015fa B\u00fcy\u00fckel\u00e7ili\u011fi yetkilileri de haz\u0131r bulundu.<\/p>\n<div class=\"mariselle-image-container center\">\n                <img loading=\"lazy\" decoding=\"async\" width=\"1200\" height=\"796\" class=\"lazy-image\" alt=\"\" sizes=\"auto, (max-width: 1200px) 100vw, 1200px\" src=\"https:\/\/brtk.net\/wp-content\/uploads\/2024\/03\/27\/alaykoy-iftar-7-.jpg?ver=40272bfd1dedcfd8d8d2a0434ad0dd1a\" srcset=\"https:\/\/brtk.net\/wp-content\/uploads\/2024\/03\/27\/alaykoy-iftar-7-.jpg?ver=40272bfd1dedcfd8d8d2a0434ad0dd1a 1200w, https:\/\/brtk.net\/wp-content\/uploads\/2024\/03\/27\/alaykoy-iftar-7--300x199.jpg?ver=510c1773c47c4370ed4bb6e21a216d00 300w, https:\/\/brtk.net\/wp-content\/uploads\/2024\/03\/27\/alaykoy-iftar-7--1024x679.jpg?ver=510c1773c47c4370ed4bb6e21a216d00 1024w, https:\/\/brtk.net\/wp-content\/uploads\/2024\/03\/27\/alaykoy-iftar-7--768x509.jpg?ver=510c1773c47c4370ed4bb6e21a216d00 768w\"\/>                            <\/div>\n<p>Yakla\u015f\u0131k 450 ki\u015fiye verilen iftar yeme\u011fi ard\u0131ndan, Ramazan e\u011flencesi d\u00fczenlendi. \u00c7ocuklara Karag\u00f6z-Hacivat g\u00f6sterisi sunuldu.<\/p>\n<p>YTB, \u201cG\u00f6n\u00fcl K\u00f6pr\u00fcs\u00fc 2024 Projesi\u201d kapsam\u0131nda yakla\u015f\u0131k 4 y\u0131ld\u0131r Ramazan ay\u0131 boyunca k\u00f6ylerde ev ziyaretleri yap\u0131p, iftar program\u0131 d\u00fczenliyor.<\/p>\n<p>\u0130ftar\u0131n ard\u0131ndan vatanda\u015flara hitap eden Yurtd\u0131\u015f\u0131 T\u00fcrkler ve Akraba Topluluklar (YTB) Ba\u015fkan\u0131 Abdullah Eren, vatanda\u015flara kurumlar\u0131 hakk\u0131nda bilgi verdi.<\/p>\n<p>Eren, T\u00fcrkiye\u2019nin ayr\u0131lmaz bir par\u00e7as\u0131 olan <a href=\"https:\/\/brtk.net\/\">KKTC<\/a>\u2019de YTB olarak Ramazan ay\u0131 boyunca k\u00f6ylerde bu iftar programlar\u0131n\u0131 d\u00fczenlediklerini ifade etti.<\/p>\n<p>Bar\u0131\u015f Harekat\u0131\u2019n\u0131n bu y\u0131l 50\u2019nci y\u0131l\u0131 oldu\u011funu an\u0131msatan Eren, m\u00fccadelede \u015fehit olanlara Allah\u2019tan rahmet diledi.<\/p>\n<p>Bug\u00fcn bu iftar\u0131n yapabilmesinin \u015fehit ve gaziler sayesinde m\u00fcmk\u00fcn oldu\u011funu ifade eden Eren, adadaki T\u00fcrk varl\u0131\u011f\u0131n\u0131n ilelebet s\u00fcrd\u00fcrebilmesi temennisinde bulunarak, bunun i\u00e7in \u00e7al\u0131\u015ft\u0131klar\u0131n\u0131 s\u00f6yledi.<\/p>\n<p>Eren, Ramazan ay\u0131n\u0131n bereketinden faydalan\u0131labilmesi ve tutulan oru\u00e7lar\u0131n kabul olunmas\u0131 temennisinde bulundu.<\/p>\n<\/p><\/div>\n<p><script async\n                    defer\n                    crossorigin=\"anonymous\"\n                    src=\"https:\/\/connect.facebook.net\/tr_TR\/sdk.js#xfbml=1&#038;version=v3.3\"\n            ><\/script><\/p>\n","protected":false},"excerpt":{"rendered":"<p>Yurtd\u0131\u015f\u0131 T\u00fcrkler ve Akraba Topluluklar (YTB) Ba\u015fkanl\u0131\u011f\u0131 organizasyonunda Cumhurba\u015fkanl\u0131\u011f\u0131, T\u00fcrkiye Cumhuriyeti Lefko\u015fa B\u00fcy\u00fckel\u00e7ili\u011fi, Cumhurba\u015fkanl\u0131\u011f\u0131, K\u0131br\u0131s Vak\u0131flar \u0130daresi, M\u00fcstakil Sahne Sanatlar\u0131 ve E\u011fitimi Derne\u011fi i\u015f birli\u011finde Alayk\u00f6y\u2019de iftar program\u0131 d\u00fczenlendi. YTB Ba\u015fkan\u0131 Abdullah Eren\u2019in kat\u0131l\u0131m\u0131yla \u201cG\u00f6n\u00fcl K\u00f6pr\u00fcs\u00fc 2024 Projesi\u201d kapsam\u0131nda d\u00fczenlenen iftar program\u0131 \u00f6ncesinde k\u00f6y ziyareti yap\u0131larak, vatanda\u015flara ve \u00e7ocuklara Ramazan hediyeleri da\u011f\u0131t\u0131ld\u0131. \u0130ftar program\u0131nda, Vak\u0131flar<\/p>\n","protected":false},"author":1,"featured_media":35979,"comment_status":"open","ping_status":"open","sticky":false,"template":"","format":"standard","meta":{"footnotes":""},"categories":[1],"tags":[],"class_list":["post-35978","post","type-post","status-publish","format-standard","has-post-thumbnail","hentry","category-gundem"],"yoast_head":"<!-- This site is optimized with the Yoast SEO plugin v27.5 - https:\/\/yoast.com\/product\/yoast-seo-wordpress\/ -->\n<title>Alayk\u00f6y\u2019de iftar program\u0131 -<\/title>\n<meta name=\"robots\" content=\"index, follow, max-snippet:-1, max-image-preview:large, max-video-preview:-1\" \/>\n<link rel=\"canonical\" href=\"https:\/\/kibrisdakik.com\/?p=35978\" \/>\n<meta property=\"og:locale\" content=\"tr_TR\" \/>\n<meta property=\"og:type\" content=\"article\" \/>\n<meta property=\"og:title\" content=\"Alayk\u00f6y\u2019de iftar program\u0131 -\" \/>\n<meta property=\"og:description\" content=\"Yurtd\u0131\u015f\u0131 T\u00fcrkler ve Akraba Topluluklar (YTB) Ba\u015fkanl\u0131\u011f\u0131 organizasyonunda Cumhurba\u015fkanl\u0131\u011f\u0131, T\u00fcrkiye Cumhuriyeti Lefko\u015fa B\u00fcy\u00fckel\u00e7ili\u011fi, Cumhurba\u015fkanl\u0131\u011f\u0131, K\u0131br\u0131s Vak\u0131flar \u0130daresi, M\u00fcstakil Sahne Sanatlar\u0131 ve E\u011fitimi Derne\u011fi i\u015f birli\u011finde Alayk\u00f6y\u2019de iftar program\u0131 d\u00fczenlendi. YTB Ba\u015fkan\u0131 Abdullah Eren\u2019in kat\u0131l\u0131m\u0131yla \u201cG\u00f6n\u00fcl K\u00f6pr\u00fcs\u00fc 2024 Projesi\u201d kapsam\u0131nda d\u00fczenlenen iftar program\u0131 \u00f6ncesinde k\u00f6y ziyareti yap\u0131larak, vatanda\u015flara ve \u00e7ocuklara Ramazan hediyeleri da\u011f\u0131t\u0131ld\u0131. \u0130ftar program\u0131nda, Vak\u0131flar\" \/>\n<meta property=\"og:url\" content=\"https:\/\/kibrisdakik.com\/?p=35978\" \/>\n<meta property=\"article:published_time\" content=\"2024-03-27T22:51:58+00:00\" \/>\n<meta property=\"og:image\" content=\"https:\/\/kibrisdakik.com\/wp-content\/uploads\/2024\/03\/alaykoy-iftar-3--740x420.jpg\" \/>\n\t<meta property=\"og:image:width\" content=\"1600\" \/>\n\t<meta property=\"og:image:height\" content=\"1200\" \/>\n\t<meta property=\"og:image:type\" content=\"image\/jpeg\" \/>\n<meta name=\"author\" content=\"admin\" \/>\n<meta name=\"twitter:card\" content=\"summary_large_image\" \/>\n<meta name=\"twitter:label1\" content=\"Yazan:\" \/>\n\t<meta name=\"twitter:data1\" content=\"admin\" \/>\n\t<meta name=\"twitter:label2\" content=\"Tahmini okuma s\u00fcresi\" \/>\n\t<meta name=\"twitter:data2\" content=\"2 dakika\" \/>\n<script type=\"application\/ld+json\" class=\"yoast-schema-graph\">{\"@context\":\"https:\\\/\\\/schema.org\",\"@graph\":[{\"@type\":\"Article\",\"@id\":\"https:\\\/\\\/kibrisdakik.com\\\/?p=35978#article\",\"isPartOf\":{\"@id\":\"https:\\\/\\\/kibrisdakik.com\\\/?p=35978\"},\"author\":{\"name\":\"admin\",\"@id\":\"https:\\\/\\\/kibrisdakik.com\\\/#\\\/schema\\\/person\\\/9cd9d437bbb44f72b73ba127e06d8e79\"},\"headline\":\"Alayk\u00f6y\u2019de iftar program\u0131\",\"datePublished\":\"2024-03-27T22:51:58+00:00\",\"mainEntityOfPage\":{\"@id\":\"https:\\\/\\\/kibrisdakik.com\\\/?p=35978\"},\"wordCount\":309,\"commentCount\":0,\"image\":{\"@id\":\"https:\\\/\\\/kibrisdakik.com\\\/?p=35978#primaryimage\"},\"thumbnailUrl\":\"https:\\\/\\\/kibrisdakik.com\\\/wp-content\\\/uploads\\\/2024\\\/03\\\/alaykoy-iftar-3--740x420.jpg\",\"articleSection\":[\"G\u00fcndem\"],\"inLanguage\":\"tr\",\"potentialAction\":[{\"@type\":\"CommentAction\",\"name\":\"Comment\",\"target\":[\"https:\\\/\\\/kibrisdakik.com\\\/?p=35978#respond\"]}]},{\"@type\":\"WebPage\",\"@id\":\"https:\\\/\\\/kibrisdakik.com\\\/?p=35978\",\"url\":\"https:\\\/\\\/kibrisdakik.com\\\/?p=35978\",\"name\":\"Alayk\u00f6y\u2019de iftar program\u0131 -\",\"isPartOf\":{\"@id\":\"https:\\\/\\\/kibrisdakik.com\\\/#website\"},\"primaryImageOfPage\":{\"@id\":\"https:\\\/\\\/kibrisdakik.com\\\/?p=35978#primaryimage\"},\"image\":{\"@id\":\"https:\\\/\\\/kibrisdakik.com\\\/?p=35978#primaryimage\"},\"thumbnailUrl\":\"https:\\\/\\\/kibrisdakik.com\\\/wp-content\\\/uploads\\\/2024\\\/03\\\/alaykoy-iftar-3--740x420.jpg\",\"datePublished\":\"2024-03-27T22:51:58+00:00\",\"author\":{\"@id\":\"https:\\\/\\\/kibrisdakik.com\\\/#\\\/schema\\\/person\\\/9cd9d437bbb44f72b73ba127e06d8e79\"},\"breadcrumb\":{\"@id\":\"https:\\\/\\\/kibrisdakik.com\\\/?p=35978#breadcrumb\"},\"inLanguage\":\"tr\",\"potentialAction\":[{\"@type\":\"ReadAction\",\"target\":[\"https:\\\/\\\/kibrisdakik.com\\\/?p=35978\"]}]},{\"@type\":\"ImageObject\",\"inLanguage\":\"tr\",\"@id\":\"https:\\\/\\\/kibrisdakik.com\\\/?p=35978#primaryimage\",\"url\":\"https:\\\/\\\/kibrisdakik.com\\\/wp-content\\\/uploads\\\/2024\\\/03\\\/alaykoy-iftar-3--740x420.jpg\",\"contentUrl\":\"https:\\\/\\\/kibrisdakik.com\\\/wp-content\\\/uploads\\\/2024\\\/03\\\/alaykoy-iftar-3--740x420.jpg\",\"width\":1600,\"height\":1200},{\"@type\":\"BreadcrumbList\",\"@id\":\"https:\\\/\\\/kibrisdakik.com\\\/?p=35978#breadcrumb\",\"itemListElement\":[{\"@type\":\"ListItem\",\"position\":1,\"name\":\"Home\",\"item\":\"https:\\\/\\\/kibrisdakik.com\\\/\"},{\"@type\":\"ListItem\",\"position\":2,\"name\":\"Alayk\u00f6y\u2019de iftar program\u0131\"}]},{\"@type\":\"WebSite\",\"@id\":\"https:\\\/\\\/kibrisdakik.com\\\/#website\",\"url\":\"https:\\\/\\\/kibrisdakik.com\\\/\",\"name\":\"\",\"description\":\"Tam vaktinde haber\",\"potentialAction\":[{\"@type\":\"SearchAction\",\"target\":{\"@type\":\"EntryPoint\",\"urlTemplate\":\"https:\\\/\\\/kibrisdakik.com\\\/?s={search_term_string}\"},\"query-input\":{\"@type\":\"PropertyValueSpecification\",\"valueRequired\":true,\"valueName\":\"search_term_string\"}}],\"inLanguage\":\"tr\"},{\"@type\":\"Person\",\"@id\":\"https:\\\/\\\/kibrisdakik.com\\\/#\\\/schema\\\/person\\\/9cd9d437bbb44f72b73ba127e06d8e79\",\"name\":\"admin\",\"image\":{\"@type\":\"ImageObject\",\"inLanguage\":\"tr\",\"@id\":\"https:\\\/\\\/secure.gravatar.com\\\/avatar\\\/ccc17943b9d660506c869530f897617f7cb1c21a4bf30023f252596d83e1f007?s=96&d=mm&r=g\",\"url\":\"https:\\\/\\\/secure.gravatar.com\\\/avatar\\\/ccc17943b9d660506c869530f897617f7cb1c21a4bf30023f252596d83e1f007?s=96&d=mm&r=g\",\"contentUrl\":\"https:\\\/\\\/secure.gravatar.com\\\/avatar\\\/ccc17943b9d660506c869530f897617f7cb1c21a4bf30023f252596d83e1f007?s=96&d=mm&r=g\",\"caption\":\"admin\"},\"sameAs\":[\"https:\\\/\\\/kibrisdakik.com\"],\"url\":\"https:\\\/\\\/kibrisdakik.com\\\/?author=1\"}]}<\/script>\n<!-- \/ Yoast SEO plugin. -->","yoast_head_json":{"title":"Alayk\u00f6y\u2019de iftar program\u0131 -","robots":{"index":"index","follow":"follow","max-snippet":"max-snippet:-1","max-image-preview":"max-image-preview:large","max-video-preview":"max-video-preview:-1"},"canonical":"https:\/\/kibrisdakik.com\/?p=35978","og_locale":"tr_TR","og_type":"article","og_title":"Alayk\u00f6y\u2019de iftar program\u0131 -","og_description":"Yurtd\u0131\u015f\u0131 T\u00fcrkler ve Akraba Topluluklar (YTB) Ba\u015fkanl\u0131\u011f\u0131 organizasyonunda Cumhurba\u015fkanl\u0131\u011f\u0131, T\u00fcrkiye Cumhuriyeti Lefko\u015fa B\u00fcy\u00fckel\u00e7ili\u011fi, Cumhurba\u015fkanl\u0131\u011f\u0131, K\u0131br\u0131s Vak\u0131flar \u0130daresi, M\u00fcstakil Sahne Sanatlar\u0131 ve E\u011fitimi Derne\u011fi i\u015f birli\u011finde Alayk\u00f6y\u2019de iftar program\u0131 d\u00fczenlendi. YTB Ba\u015fkan\u0131 Abdullah Eren\u2019in kat\u0131l\u0131m\u0131yla \u201cG\u00f6n\u00fcl K\u00f6pr\u00fcs\u00fc 2024 Projesi\u201d kapsam\u0131nda d\u00fczenlenen iftar program\u0131 \u00f6ncesinde k\u00f6y ziyareti yap\u0131larak, vatanda\u015flara ve \u00e7ocuklara Ramazan hediyeleri da\u011f\u0131t\u0131ld\u0131. \u0130ftar program\u0131nda, Vak\u0131flar","og_url":"https:\/\/kibrisdakik.com\/?p=35978","article_published_time":"2024-03-27T22:51:58+00:00","og_image":[{"width":1600,"height":1200,"url":"https:\/\/kibrisdakik.com\/wp-content\/uploads\/2024\/03\/alaykoy-iftar-3--740x420.jpg","type":"image\/jpeg"}],"author":"admin","twitter_card":"summary_large_image","twitter_misc":{"Yazan:":"admin","Tahmini okuma s\u00fcresi":"2 dakika"},"schema":{"@context":"https:\/\/schema.org","@graph":[{"@type":"Article","@id":"https:\/\/kibrisdakik.com\/?p=35978#article","isPartOf":{"@id":"https:\/\/kibrisdakik.com\/?p=35978"},"author":{"name":"admin","@id":"https:\/\/kibrisdakik.com\/#\/schema\/person\/9cd9d437bbb44f72b73ba127e06d8e79"},"headline":"Alayk\u00f6y\u2019de iftar program\u0131","datePublished":"2024-03-27T22:51:58+00:00","mainEntityOfPage":{"@id":"https:\/\/kibrisdakik.com\/?p=35978"},"wordCount":309,"commentCount":0,"image":{"@id":"https:\/\/kibrisdakik.com\/?p=35978#primaryimage"},"thumbnailUrl":"https:\/\/kibrisdakik.com\/wp-content\/uploads\/2024\/03\/alaykoy-iftar-3--740x420.jpg","articleSection":["G\u00fcndem"],"inLanguage":"tr","potentialAction":[{"@type":"CommentAction","name":"Comment","target":["https:\/\/kibrisdakik.com\/?p=35978#respond"]}]},{"@type":"WebPage","@id":"https:\/\/kibrisdakik.com\/?p=35978","url":"https:\/\/kibrisdakik.com\/?p=35978","name":"Alayk\u00f6y\u2019de iftar program\u0131 -","isPartOf":{"@id":"https:\/\/kibrisdakik.com\/#website"},"primaryImageOfPage":{"@id":"https:\/\/kibrisdakik.com\/?p=35978#primaryimage"},"image":{"@id":"https:\/\/kibrisdakik.com\/?p=35978#primaryimage"},"thumbnailUrl":"https:\/\/kibrisdakik.com\/wp-content\/uploads\/2024\/03\/alaykoy-iftar-3--740x420.jpg","datePublished":"2024-03-27T22:51:58+00:00","author":{"@id":"https:\/\/kibrisdakik.com\/#\/schema\/person\/9cd9d437bbb44f72b73ba127e06d8e79"},"breadcrumb":{"@id":"https:\/\/kibrisdakik.com\/?p=35978#breadcrumb"},"inLanguage":"tr","potentialAction":[{"@type":"ReadAction","target":["https:\/\/kibrisdakik.com\/?p=35978"]}]},{"@type":"ImageObject","inLanguage":"tr","@id":"https:\/\/kibrisdakik.com\/?p=35978#primaryimage","url":"https:\/\/kibrisdakik.com\/wp-content\/uploads\/2024\/03\/alaykoy-iftar-3--740x420.jpg","contentUrl":"https:\/\/kibrisdakik.com\/wp-content\/uploads\/2024\/03\/alaykoy-iftar-3--740x420.jpg","width":1600,"height":1200},{"@type":"BreadcrumbList","@id":"https:\/\/kibrisdakik.com\/?p=35978#breadcrumb","itemListElement":[{"@type":"ListItem","position":1,"name":"Home","item":"https:\/\/kibrisdakik.com\/"},{"@type":"ListItem","position":2,"name":"Alayk\u00f6y\u2019de iftar program\u0131"}]},{"@type":"WebSite","@id":"https:\/\/kibrisdakik.com\/#website","url":"https:\/\/kibrisdakik.com\/","name":"","description":"Tam vaktinde haber","potentialAction":[{"@type":"SearchAction","target":{"@type":"EntryPoint","urlTemplate":"https:\/\/kibrisdakik.com\/?s={search_term_string}"},"query-input":{"@type":"PropertyValueSpecification","valueRequired":true,"valueName":"search_term_string"}}],"inLanguage":"tr"},{"@type":"Person","@id":"https:\/\/kibrisdakik.com\/#\/schema\/person\/9cd9d437bbb44f72b73ba127e06d8e79","name":"admin","image":{"@type":"ImageObject","inLanguage":"tr","@id":"https:\/\/secure.gravatar.com\/avatar\/ccc17943b9d660506c869530f897617f7cb1c21a4bf30023f252596d83e1f007?s=96&d=mm&r=g","url":"https:\/\/secure.gravatar.com\/avatar\/ccc17943b9d660506c869530f897617f7cb1c21a4bf30023f252596d83e1f007?s=96&d=mm&r=g","contentUrl":"https:\/\/secure.gravatar.com\/avatar\/ccc17943b9d660506c869530f897617f7cb1c21a4bf30023f252596d83e1f007?s=96&d=mm&r=g","caption":"admin"},"sameAs":["https:\/\/kibrisdakik.com"],"url":"https:\/\/kibrisdakik.com\/?author=1"}]}},"_links":{"self":[{"href":"https:\/\/kibrisdakik.com\/index.php?rest_route=\/wp\/v2\/posts\/35978","targetHints":{"allow":["GET"]}}],"collection":[{"href":"https:\/\/kibrisdakik.com\/index.php?rest_route=\/wp\/v2\/posts"}],"about":[{"href":"https:\/\/kibrisdakik.com\/index.php?rest_route=\/wp\/v2\/types\/post"}],"author":[{"embeddable":true,"href":"https:\/\/kibrisdakik.com\/index.php?rest_route=\/wp\/v2\/users\/1"}],"replies":[{"embeddable":true,"href":"https:\/\/kibrisdakik.com\/index.php?rest_route=%2Fwp%2Fv2%2Fcomments&post=35978"}],"version-history":[{"count":0,"href":"https:\/\/kibrisdakik.com\/index.php?rest_route=\/wp\/v2\/posts\/35978\/revisions"}],"wp:featuredmedia":[{"embeddable":true,"href":"https:\/\/kibrisdakik.com\/index.php?rest_route=\/wp\/v2\/media\/35979"}],"wp:attachment":[{"href":"https:\/\/kibrisdakik.com\/index.php?rest_route=%2Fwp%2Fv2%2Fmedia&parent=35978"}],"wp:term":[{"taxonomy":"category","embeddable":true,"href":"https:\/\/kibrisdakik.com\/index.php?rest_route=%2Fwp%2Fv2%2Fcategories&post=35978"},{"taxonomy":"post_tag","embeddable":true,"href":"https:\/\/kibrisdakik.com\/index.php?rest_route=%2Fwp%2Fv2%2Ftags&post=35978"}],"curies":[{"name":"wp","href":"https:\/\/api.w.org\/{rel}","templated":true}]}}