{"id":35982,"date":"2024-03-27T23:09:48","date_gmt":"2024-03-27T23:09:48","guid":{"rendered":"https:\/\/kibrisdakik.com\/index.php\/2024\/03\/27\/alaykoyde-iftar-programi-2\/"},"modified":"2024-03-27T23:09:48","modified_gmt":"2024-03-27T23:09:48","slug":"alaykoyde-iftar-programi-2","status":"publish","type":"post","link":"https:\/\/kibrisdakik.com\/?p=35982","title":{"rendered":"Alayk\u00f6y\u2019de iftar program\u0131"},"content":{"rendered":"<p><img decoding=\"async\" src=\"https:\/\/www.kibristurk.com\/images\/haberler\/2024\/03\/alaykoyde-iftar-programi-1711562125.webp\" \/><\/p>\n<p style=\"text-align:left\"><span style=\"font-size:16px\"><span style=\"font-family:Merriweather,serif !important\"><span style=\"color:#000000\"><span style=\"background-color:#ffffff\">YTB Ba\u015fkan\u0131 Abdullah Eren\u2019in kat\u0131l\u0131m\u0131yla \u201cG\u00f6n\u00fcl K\u00f6pr\u00fcs\u00fc 2024 Projesi\u201d kapsam\u0131nda d\u00fczenlenen iftar program\u0131 \u00f6ncesinde k\u00f6y ziyareti yap\u0131larak, vatanda\u015flara ve \u00e7ocuklara Ramazan hediyeleri da\u011f\u0131t\u0131ld\u0131.<\/span><\/span><\/span><\/span><\/p>\n<p style=\"text-align:left\">&nbsp;<\/p>\n<p style=\"text-align:left\"><span style=\"font-size:16px\"><span style=\"font-family:Merriweather,serif !important\"><span style=\"color:#000000\"><span style=\"background-color:#ffffff\">\u0130ftar program\u0131nda, Vak\u0131flar \u0130daresi Ba\u015fkan\u0131 Mustafa T\u00fcmer ve Cumhurba\u015fkan\u0131 Ersin Tatar\u2019\u0131n dan\u0131\u015fmanlar\u0131ndan Mesut Gen\u00e7 ile TC Lefko\u015fa B\u00fcy\u00fckel\u00e7ili\u011fi yetkilileri de haz\u0131r bulundu.<\/span><\/span><\/span><\/span><\/p>\n<p style=\"text-align:left\">&nbsp;<\/p>\n<p style=\"text-align:left\"><span style=\"font-size:16px\"><span style=\"font-family:Merriweather,serif !important\"><span style=\"color:#000000\"><span style=\"background-color:#ffffff\">Yakla\u015f\u0131k 450 ki\u015fiye verilen iftar yeme\u011fi ard\u0131ndan, Ramazan e\u011flencesi d\u00fczenlendi. \u00c7ocuklara Karag\u00f6z-Hacivat g\u00f6sterisi sunuldu.<\/span><\/span><\/span><\/span><\/p>\n<p style=\"text-align:left\">&nbsp;<\/p>\n<p style=\"text-align:left\"><span style=\"font-size:16px\"><span style=\"font-family:Merriweather,serif !important\"><span style=\"color:#000000\"><span style=\"background-color:#ffffff\">YTB, \u201cG\u00f6n\u00fcl K\u00f6pr\u00fcs\u00fc 2024 Projesi\u201d kapsam\u0131nda yakla\u015f\u0131k 4 y\u0131ld\u0131r Ramazan ay\u0131 boyunca k\u00f6ylerde ev ziyaretleri yap\u0131p, iftar program\u0131 d\u00fczenliyor.<\/span><\/span><\/span><\/span><\/p>\n<p style=\"text-align:left\">&nbsp;<\/p>\n<p style=\"text-align:left\"><span style=\"font-size:16px\"><span style=\"font-family:Merriweather,serif !important\"><span style=\"color:#000000\"><span style=\"background-color:#ffffff\">-Eren<\/span><\/span><\/span><\/span><\/p>\n<p style=\"text-align:left\"><span style=\"font-size:16px\"><span style=\"font-family:Merriweather,serif !important\"><span style=\"color:#000000\"><span style=\"background-color:#ffffff\">\u0130ftar\u0131n ard\u0131ndan vatanda\u015flara hitap eden Yurtd\u0131\u015f\u0131 T\u00fcrkler ve Akraba Topluluklar (YTB) Ba\u015fkan\u0131 Abdullah Eren, vatanda\u015flara kurumlar\u0131 hakk\u0131nda bilgi verdi.<\/span><\/span><\/span><\/span><\/p>\n<p style=\"text-align:left\">&nbsp;<\/p>\n<p style=\"text-align:left\"><span style=\"font-size:16px\"><span style=\"font-family:Merriweather,serif !important\"><span style=\"color:#000000\"><span style=\"background-color:#ffffff\">Eren, T\u00fcrkiye\u2019nin ayr\u0131lmaz bir par\u00e7as\u0131 olan KKTC\u2019de YTB olarak Ramazan ay\u0131 boyunca k\u00f6ylerde bu iftar programlar\u0131n\u0131 d\u00fczenlediklerini ifade etti.<\/span><\/span><\/span><\/span><\/p>\n<p style=\"text-align:left\"><span style=\"font-size:16px\"><span style=\"font-family:Merriweather,serif !important\"><span style=\"color:#000000\"><span style=\"background-color:#ffffff\">Bar\u0131\u015f Harekat\u0131\u2019n\u0131n bu y\u0131l 50\u2019nci y\u0131l\u0131 oldu\u011funu an\u0131msatan Eren, m\u00fccadelede \u015fehit olanlara Allah\u2019tan rahmet diledi.<\/span><\/span><\/span><\/span><\/p>\n<p style=\"text-align:left\"><span style=\"font-size:16px\"><span style=\"font-family:Merriweather,serif !important\"><span style=\"color:#000000\"><span style=\"background-color:#ffffff\">Bug\u00fcn bu iftar\u0131n yapabilmesinin \u015fehit ve gaziler sayesinde m\u00fcmk\u00fcn oldu\u011funu ifade eden Eren, adadaki T\u00fcrk varl\u0131\u011f\u0131n\u0131n ilelebet s\u00fcrd\u00fcrebilmesi temennisinde bulunarak, bunun i\u00e7in \u00e7al\u0131\u015ft\u0131klar\u0131n\u0131 s\u00f6yledi.<\/span><\/span><\/span><\/span><\/p>\n<p style=\"text-align:left\"><span style=\"font-size:16px\"><span style=\"font-family:Merriweather,serif !important\"><span style=\"color:#000000\"><span style=\"background-color:#ffffff\">Eren, Ramazan ay\u0131n\u0131n bereketinden faydalan\u0131labilmesi ve tutulan oru\u00e7lar\u0131n kabul olunmas\u0131 temennisinde bulundu.<\/span><\/span><\/span><\/span><\/p>\n","protected":false},"excerpt":{"rendered":"<p>YTB Ba\u015fkan\u0131 Abdullah Eren\u2019in kat\u0131l\u0131m\u0131yla \u201cG\u00f6n\u00fcl K\u00f6pr\u00fcs\u00fc 2024 Projesi\u201d kapsam\u0131nda d\u00fczenlenen iftar program\u0131 \u00f6ncesinde k\u00f6y ziyareti yap\u0131larak, vatanda\u015flara ve \u00e7ocuklara Ramazan hediyeleri da\u011f\u0131t\u0131ld\u0131. &nbsp; \u0130ftar program\u0131nda, Vak\u0131flar \u0130daresi Ba\u015fkan\u0131 Mustafa T\u00fcmer ve Cumhurba\u015fkan\u0131 Ersin Tatar\u2019\u0131n dan\u0131\u015fmanlar\u0131ndan Mesut Gen\u00e7 ile TC Lefko\u015fa B\u00fcy\u00fckel\u00e7ili\u011fi yetkilileri de haz\u0131r bulundu. &nbsp; Yakla\u015f\u0131k 450 ki\u015fiye verilen iftar yeme\u011fi ard\u0131ndan, Ramazan<\/p>\n","protected":false},"author":1,"featured_media":35983,"comment_status":"open","ping_status":"open","sticky":false,"template":"","format":"standard","meta":{"footnotes":""},"categories":[79],"tags":[],"class_list":["post-35982","post","type-post","status-publish","format-standard","has-post-thumbnail","hentry","category-ekonomi"],"yoast_head":"<!-- This site is optimized with the Yoast SEO plugin v27.4 - https:\/\/yoast.com\/product\/yoast-seo-wordpress\/ -->\n<title>Alayk\u00f6y\u2019de iftar program\u0131 -<\/title>\n<meta name=\"robots\" content=\"index, follow, max-snippet:-1, max-image-preview:large, max-video-preview:-1\" \/>\n<link rel=\"canonical\" href=\"https:\/\/kibrisdakik.com\/?p=35982\" \/>\n<meta property=\"og:locale\" content=\"tr_TR\" \/>\n<meta property=\"og:type\" content=\"article\" \/>\n<meta property=\"og:title\" content=\"Alayk\u00f6y\u2019de iftar program\u0131 -\" \/>\n<meta property=\"og:description\" content=\"YTB Ba\u015fkan\u0131 Abdullah Eren\u2019in kat\u0131l\u0131m\u0131yla \u201cG\u00f6n\u00fcl K\u00f6pr\u00fcs\u00fc 2024 Projesi\u201d kapsam\u0131nda d\u00fczenlenen iftar program\u0131 \u00f6ncesinde k\u00f6y ziyareti yap\u0131larak, vatanda\u015flara ve \u00e7ocuklara Ramazan hediyeleri da\u011f\u0131t\u0131ld\u0131. &nbsp; \u0130ftar program\u0131nda, Vak\u0131flar \u0130daresi Ba\u015fkan\u0131 Mustafa T\u00fcmer ve Cumhurba\u015fkan\u0131 Ersin Tatar\u2019\u0131n dan\u0131\u015fmanlar\u0131ndan Mesut Gen\u00e7 ile TC Lefko\u015fa B\u00fcy\u00fckel\u00e7ili\u011fi yetkilileri de haz\u0131r bulundu. &nbsp; Yakla\u015f\u0131k 450 ki\u015fiye verilen iftar yeme\u011fi ard\u0131ndan, Ramazan\" \/>\n<meta property=\"og:url\" content=\"https:\/\/kibrisdakik.com\/?p=35982\" \/>\n<meta property=\"article:published_time\" content=\"2024-03-27T23:09:48+00:00\" \/>\n<meta property=\"og:image\" content=\"https:\/\/kibrisdakik.com\/wp-content\/uploads\/2024\/03\/alaykoyde-iftar-programi-1711562125.webp.webp\" \/>\n\t<meta property=\"og:image:width\" content=\"710\" \/>\n\t<meta property=\"og:image:height\" content=\"370\" \/>\n\t<meta property=\"og:image:type\" content=\"image\/webp\" \/>\n<meta name=\"author\" content=\"admin\" \/>\n<meta name=\"twitter:card\" content=\"summary_large_image\" \/>\n<meta name=\"twitter:label1\" content=\"Yazan:\" \/>\n\t<meta name=\"twitter:data1\" content=\"admin\" \/>\n\t<meta name=\"twitter:label2\" content=\"Tahmini okuma s\u00fcresi\" \/>\n\t<meta name=\"twitter:data2\" content=\"1 dakika\" \/>\n<script type=\"application\/ld+json\" class=\"yoast-schema-graph\">{\"@context\":\"https:\\\/\\\/schema.org\",\"@graph\":[{\"@type\":\"Article\",\"@id\":\"https:\\\/\\\/kibrisdakik.com\\\/?p=35982#article\",\"isPartOf\":{\"@id\":\"https:\\\/\\\/kibrisdakik.com\\\/?p=35982\"},\"author\":{\"name\":\"admin\",\"@id\":\"https:\\\/\\\/kibrisdakik.com\\\/#\\\/schema\\\/person\\\/9cd9d437bbb44f72b73ba127e06d8e79\"},\"headline\":\"Alayk\u00f6y\u2019de iftar program\u0131\",\"datePublished\":\"2024-03-27T23:09:48+00:00\",\"mainEntityOfPage\":{\"@id\":\"https:\\\/\\\/kibrisdakik.com\\\/?p=35982\"},\"wordCount\":266,\"commentCount\":0,\"image\":{\"@id\":\"https:\\\/\\\/kibrisdakik.com\\\/?p=35982#primaryimage\"},\"thumbnailUrl\":\"https:\\\/\\\/kibrisdakik.com\\\/wp-content\\\/uploads\\\/2024\\\/03\\\/alaykoyde-iftar-programi-1711562125.webp.webp\",\"articleSection\":[\"Ekonomi\"],\"inLanguage\":\"tr\",\"potentialAction\":[{\"@type\":\"CommentAction\",\"name\":\"Comment\",\"target\":[\"https:\\\/\\\/kibrisdakik.com\\\/?p=35982#respond\"]}]},{\"@type\":\"WebPage\",\"@id\":\"https:\\\/\\\/kibrisdakik.com\\\/?p=35982\",\"url\":\"https:\\\/\\\/kibrisdakik.com\\\/?p=35982\",\"name\":\"Alayk\u00f6y\u2019de iftar program\u0131 -\",\"isPartOf\":{\"@id\":\"https:\\\/\\\/kibrisdakik.com\\\/#website\"},\"primaryImageOfPage\":{\"@id\":\"https:\\\/\\\/kibrisdakik.com\\\/?p=35982#primaryimage\"},\"image\":{\"@id\":\"https:\\\/\\\/kibrisdakik.com\\\/?p=35982#primaryimage\"},\"thumbnailUrl\":\"https:\\\/\\\/kibrisdakik.com\\\/wp-content\\\/uploads\\\/2024\\\/03\\\/alaykoyde-iftar-programi-1711562125.webp.webp\",\"datePublished\":\"2024-03-27T23:09:48+00:00\",\"author\":{\"@id\":\"https:\\\/\\\/kibrisdakik.com\\\/#\\\/schema\\\/person\\\/9cd9d437bbb44f72b73ba127e06d8e79\"},\"breadcrumb\":{\"@id\":\"https:\\\/\\\/kibrisdakik.com\\\/?p=35982#breadcrumb\"},\"inLanguage\":\"tr\",\"potentialAction\":[{\"@type\":\"ReadAction\",\"target\":[\"https:\\\/\\\/kibrisdakik.com\\\/?p=35982\"]}]},{\"@type\":\"ImageObject\",\"inLanguage\":\"tr\",\"@id\":\"https:\\\/\\\/kibrisdakik.com\\\/?p=35982#primaryimage\",\"url\":\"https:\\\/\\\/kibrisdakik.com\\\/wp-content\\\/uploads\\\/2024\\\/03\\\/alaykoyde-iftar-programi-1711562125.webp.webp\",\"contentUrl\":\"https:\\\/\\\/kibrisdakik.com\\\/wp-content\\\/uploads\\\/2024\\\/03\\\/alaykoyde-iftar-programi-1711562125.webp.webp\",\"width\":710,\"height\":370},{\"@type\":\"BreadcrumbList\",\"@id\":\"https:\\\/\\\/kibrisdakik.com\\\/?p=35982#breadcrumb\",\"itemListElement\":[{\"@type\":\"ListItem\",\"position\":1,\"name\":\"Home\",\"item\":\"https:\\\/\\\/kibrisdakik.com\\\/\"},{\"@type\":\"ListItem\",\"position\":2,\"name\":\"Alayk\u00f6y\u2019de iftar program\u0131\"}]},{\"@type\":\"WebSite\",\"@id\":\"https:\\\/\\\/kibrisdakik.com\\\/#website\",\"url\":\"https:\\\/\\\/kibrisdakik.com\\\/\",\"name\":\"\",\"description\":\"Tam vaktinde haber\",\"potentialAction\":[{\"@type\":\"SearchAction\",\"target\":{\"@type\":\"EntryPoint\",\"urlTemplate\":\"https:\\\/\\\/kibrisdakik.com\\\/?s={search_term_string}\"},\"query-input\":{\"@type\":\"PropertyValueSpecification\",\"valueRequired\":true,\"valueName\":\"search_term_string\"}}],\"inLanguage\":\"tr\"},{\"@type\":\"Person\",\"@id\":\"https:\\\/\\\/kibrisdakik.com\\\/#\\\/schema\\\/person\\\/9cd9d437bbb44f72b73ba127e06d8e79\",\"name\":\"admin\",\"image\":{\"@type\":\"ImageObject\",\"inLanguage\":\"tr\",\"@id\":\"https:\\\/\\\/secure.gravatar.com\\\/avatar\\\/ccc17943b9d660506c869530f897617f7cb1c21a4bf30023f252596d83e1f007?s=96&d=mm&r=g\",\"url\":\"https:\\\/\\\/secure.gravatar.com\\\/avatar\\\/ccc17943b9d660506c869530f897617f7cb1c21a4bf30023f252596d83e1f007?s=96&d=mm&r=g\",\"contentUrl\":\"https:\\\/\\\/secure.gravatar.com\\\/avatar\\\/ccc17943b9d660506c869530f897617f7cb1c21a4bf30023f252596d83e1f007?s=96&d=mm&r=g\",\"caption\":\"admin\"},\"sameAs\":[\"https:\\\/\\\/kibrisdakik.com\"],\"url\":\"https:\\\/\\\/kibrisdakik.com\\\/?author=1\"}]}<\/script>\n<!-- \/ Yoast SEO plugin. -->","yoast_head_json":{"title":"Alayk\u00f6y\u2019de iftar program\u0131 -","robots":{"index":"index","follow":"follow","max-snippet":"max-snippet:-1","max-image-preview":"max-image-preview:large","max-video-preview":"max-video-preview:-1"},"canonical":"https:\/\/kibrisdakik.com\/?p=35982","og_locale":"tr_TR","og_type":"article","og_title":"Alayk\u00f6y\u2019de iftar program\u0131 -","og_description":"YTB Ba\u015fkan\u0131 Abdullah Eren\u2019in kat\u0131l\u0131m\u0131yla \u201cG\u00f6n\u00fcl K\u00f6pr\u00fcs\u00fc 2024 Projesi\u201d kapsam\u0131nda d\u00fczenlenen iftar program\u0131 \u00f6ncesinde k\u00f6y ziyareti yap\u0131larak, vatanda\u015flara ve \u00e7ocuklara Ramazan hediyeleri da\u011f\u0131t\u0131ld\u0131. &nbsp; \u0130ftar program\u0131nda, Vak\u0131flar \u0130daresi Ba\u015fkan\u0131 Mustafa T\u00fcmer ve Cumhurba\u015fkan\u0131 Ersin Tatar\u2019\u0131n dan\u0131\u015fmanlar\u0131ndan Mesut Gen\u00e7 ile TC Lefko\u015fa B\u00fcy\u00fckel\u00e7ili\u011fi yetkilileri de haz\u0131r bulundu. &nbsp; Yakla\u015f\u0131k 450 ki\u015fiye verilen iftar yeme\u011fi ard\u0131ndan, Ramazan","og_url":"https:\/\/kibrisdakik.com\/?p=35982","article_published_time":"2024-03-27T23:09:48+00:00","og_image":[{"width":710,"height":370,"url":"https:\/\/kibrisdakik.com\/wp-content\/uploads\/2024\/03\/alaykoyde-iftar-programi-1711562125.webp.webp","type":"image\/webp"}],"author":"admin","twitter_card":"summary_large_image","twitter_misc":{"Yazan:":"admin","Tahmini okuma s\u00fcresi":"1 dakika"},"schema":{"@context":"https:\/\/schema.org","@graph":[{"@type":"Article","@id":"https:\/\/kibrisdakik.com\/?p=35982#article","isPartOf":{"@id":"https:\/\/kibrisdakik.com\/?p=35982"},"author":{"name":"admin","@id":"https:\/\/kibrisdakik.com\/#\/schema\/person\/9cd9d437bbb44f72b73ba127e06d8e79"},"headline":"Alayk\u00f6y\u2019de iftar program\u0131","datePublished":"2024-03-27T23:09:48+00:00","mainEntityOfPage":{"@id":"https:\/\/kibrisdakik.com\/?p=35982"},"wordCount":266,"commentCount":0,"image":{"@id":"https:\/\/kibrisdakik.com\/?p=35982#primaryimage"},"thumbnailUrl":"https:\/\/kibrisdakik.com\/wp-content\/uploads\/2024\/03\/alaykoyde-iftar-programi-1711562125.webp.webp","articleSection":["Ekonomi"],"inLanguage":"tr","potentialAction":[{"@type":"CommentAction","name":"Comment","target":["https:\/\/kibrisdakik.com\/?p=35982#respond"]}]},{"@type":"WebPage","@id":"https:\/\/kibrisdakik.com\/?p=35982","url":"https:\/\/kibrisdakik.com\/?p=35982","name":"Alayk\u00f6y\u2019de iftar program\u0131 -","isPartOf":{"@id":"https:\/\/kibrisdakik.com\/#website"},"primaryImageOfPage":{"@id":"https:\/\/kibrisdakik.com\/?p=35982#primaryimage"},"image":{"@id":"https:\/\/kibrisdakik.com\/?p=35982#primaryimage"},"thumbnailUrl":"https:\/\/kibrisdakik.com\/wp-content\/uploads\/2024\/03\/alaykoyde-iftar-programi-1711562125.webp.webp","datePublished":"2024-03-27T23:09:48+00:00","author":{"@id":"https:\/\/kibrisdakik.com\/#\/schema\/person\/9cd9d437bbb44f72b73ba127e06d8e79"},"breadcrumb":{"@id":"https:\/\/kibrisdakik.com\/?p=35982#breadcrumb"},"inLanguage":"tr","potentialAction":[{"@type":"ReadAction","target":["https:\/\/kibrisdakik.com\/?p=35982"]}]},{"@type":"ImageObject","inLanguage":"tr","@id":"https:\/\/kibrisdakik.com\/?p=35982#primaryimage","url":"https:\/\/kibrisdakik.com\/wp-content\/uploads\/2024\/03\/alaykoyde-iftar-programi-1711562125.webp.webp","contentUrl":"https:\/\/kibrisdakik.com\/wp-content\/uploads\/2024\/03\/alaykoyde-iftar-programi-1711562125.webp.webp","width":710,"height":370},{"@type":"BreadcrumbList","@id":"https:\/\/kibrisdakik.com\/?p=35982#breadcrumb","itemListElement":[{"@type":"ListItem","position":1,"name":"Home","item":"https:\/\/kibrisdakik.com\/"},{"@type":"ListItem","position":2,"name":"Alayk\u00f6y\u2019de iftar program\u0131"}]},{"@type":"WebSite","@id":"https:\/\/kibrisdakik.com\/#website","url":"https:\/\/kibrisdakik.com\/","name":"","description":"Tam vaktinde haber","potentialAction":[{"@type":"SearchAction","target":{"@type":"EntryPoint","urlTemplate":"https:\/\/kibrisdakik.com\/?s={search_term_string}"},"query-input":{"@type":"PropertyValueSpecification","valueRequired":true,"valueName":"search_term_string"}}],"inLanguage":"tr"},{"@type":"Person","@id":"https:\/\/kibrisdakik.com\/#\/schema\/person\/9cd9d437bbb44f72b73ba127e06d8e79","name":"admin","image":{"@type":"ImageObject","inLanguage":"tr","@id":"https:\/\/secure.gravatar.com\/avatar\/ccc17943b9d660506c869530f897617f7cb1c21a4bf30023f252596d83e1f007?s=96&d=mm&r=g","url":"https:\/\/secure.gravatar.com\/avatar\/ccc17943b9d660506c869530f897617f7cb1c21a4bf30023f252596d83e1f007?s=96&d=mm&r=g","contentUrl":"https:\/\/secure.gravatar.com\/avatar\/ccc17943b9d660506c869530f897617f7cb1c21a4bf30023f252596d83e1f007?s=96&d=mm&r=g","caption":"admin"},"sameAs":["https:\/\/kibrisdakik.com"],"url":"https:\/\/kibrisdakik.com\/?author=1"}]}},"_links":{"self":[{"href":"https:\/\/kibrisdakik.com\/index.php?rest_route=\/wp\/v2\/posts\/35982","targetHints":{"allow":["GET"]}}],"collection":[{"href":"https:\/\/kibrisdakik.com\/index.php?rest_route=\/wp\/v2\/posts"}],"about":[{"href":"https:\/\/kibrisdakik.com\/index.php?rest_route=\/wp\/v2\/types\/post"}],"author":[{"embeddable":true,"href":"https:\/\/kibrisdakik.com\/index.php?rest_route=\/wp\/v2\/users\/1"}],"replies":[{"embeddable":true,"href":"https:\/\/kibrisdakik.com\/index.php?rest_route=%2Fwp%2Fv2%2Fcomments&post=35982"}],"version-history":[{"count":0,"href":"https:\/\/kibrisdakik.com\/index.php?rest_route=\/wp\/v2\/posts\/35982\/revisions"}],"wp:featuredmedia":[{"embeddable":true,"href":"https:\/\/kibrisdakik.com\/index.php?rest_route=\/wp\/v2\/media\/35983"}],"wp:attachment":[{"href":"https:\/\/kibrisdakik.com\/index.php?rest_route=%2Fwp%2Fv2%2Fmedia&parent=35982"}],"wp:term":[{"taxonomy":"category","embeddable":true,"href":"https:\/\/kibrisdakik.com\/index.php?rest_route=%2Fwp%2Fv2%2Fcategories&post=35982"},{"taxonomy":"post_tag","embeddable":true,"href":"https:\/\/kibrisdakik.com\/index.php?rest_route=%2Fwp%2Fv2%2Ftags&post=35982"}],"curies":[{"name":"wp","href":"https:\/\/api.w.org\/{rel}","templated":true}]}}