{"id":35986,"date":"2024-03-27T23:54:15","date_gmt":"2024-03-27T23:54:15","guid":{"rendered":"https:\/\/kibrisdakik.com\/index.php\/2024\/03\/27\/sandiktan-cikan-tarih-kibrista-canakkale-esirleri\/"},"modified":"2024-03-27T23:54:15","modified_gmt":"2024-03-27T23:54:15","slug":"sandiktan-cikan-tarih-kibrista-canakkale-esirleri","status":"publish","type":"post","link":"https:\/\/kibrisdakik.com\/?p=35986","title":{"rendered":"\u201cSand\u0131ktan \u00c7\u0131kan Tarih: K\u0131br\u0131s\u2019ta \u00c7anakkale Esirleri\u201d"},"content":{"rendered":"<p><img decoding=\"async\" src=\"https:\/\/www.kibristurk.com\/images\/haberler\/2024\/03\/sandiktan-cikan-tarih-kibrista-canakkale-esirleri-1711560430.webp\" \/><\/p>\n<p style=\"text-align:left\"><span style=\"font-size:16px\"><span style=\"font-family:Merriweather,serif !important\"><span style=\"color:#000000\"><span style=\"background-color:#ffffff\">YD\u00dc B\u00fcy\u00fck K\u00fct\u00fcphane Prof. Dr. \u00dcmit Hassan Cumhuriyet Salonu\u2019nda yer alan etkinli\u011fe, Cumhurba\u015fkan\u0131 Ersin Tatar, Cumhuriyet Meclisi Ba\u015fkan\u0131 Zorlu T\u00f6re, TC Lefko\u015fa B\u00fcy\u00fckel\u00e7isi Metin Feyzio\u011flu, Ana Muhalefet Cumhuriyet\u00e7i T\u00fcrk Partisi Genel Ba\u015fkan\u0131 Tufan Erh\u00fcrman, Ba\u015fbakan Yard\u0131mc\u0131s\u0131 Turizm, K\u00fclt\u00fcr, Gen\u00e7lik ve \u00c7evre Bakan\u0131 Fikri Atao\u011flu, Yurtd\u0131\u015f\u0131 T\u00fcrkler ve Akraba Topluluklar Ba\u015fkan\u0131 Abdullah Eren\u2019in yan\u0131 s\u0131ra akademisyenler ve davetliler kat\u0131ld\u0131.<\/span><\/span><\/span><\/span><\/p>\n<p style=\"text-align:left\"><span style=\"font-size:16px\"><span style=\"font-family:Merriweather,serif !important\"><span style=\"color:#000000\"><span style=\"background-color:#ffffff\">Sayg\u0131 duru\u015fu ve \u0130stiklal Mar\u015f\u0131 ile ba\u015flayan etkinlik, a\u00e7\u0131l\u0131\u015f konu\u015fmalar\u0131yla devam etti. Ard\u0131ndan belgeselin g\u00f6sterimi yap\u0131ld\u0131.<\/span><\/span><\/span><\/span><\/p>\n<p style=\"text-align:left\"><span style=\"font-size:16px\"><span style=\"font-family:Merriweather,serif !important\"><span style=\"color:#000000\"><span style=\"background-color:#ffffff\">Y\u00f6netmenli\u011fini \u00dcnal \u00dcst\u00fcnda\u011f\u2019\u0131n yapt\u0131\u011f\u0131 belgesel, Birinci D\u00fcnya Sava\u015f\u0131 d\u00f6neminde, 1916 y\u0131l\u0131nda Gazima\u011fusa\u2019da kurulan ve \u00c7anakkale\u2019de esir al\u0131nan askerlerin tutuldu\u011fu, 1920 y\u0131l\u0131na kadar da binlerce T\u00fcrk esirin getirilmeye devam etti\u011fi, a\u011f\u0131r ko\u015fullara sahip T\u00fcrk esir kamp\u0131n\u0131 konu al\u0131yor.<\/span><\/span><\/span><\/span><\/p>\n<p style=\"text-align:left\"><span style=\"font-size:16px\"><span style=\"font-family:Merriweather,serif !important\"><span style=\"color:#000000\"><span style=\"background-color:#ffffff\">-Tatar: \u201cK\u0131br\u0131s T\u00fcrk\u00fc hep Anadolu\u2019nun, milletinin yan\u0131nda oldu\u201d<\/span><\/span><\/span><\/span><\/p>\n<p style=\"text-align:left\"><span style=\"font-size:16px\"><span style=\"font-family:Merriweather,serif !important\"><span style=\"color:#000000\"><span style=\"background-color:#ffffff\">Cumhurba\u015fkan\u0131 Tatar etkinlikte yapt\u0131\u011f\u0131 konu\u015fmada, K\u0131br\u0131s T\u00fcrk halk\u0131n\u0131n tarihinde \u00e7ok \u00f6nemli d\u00f6nemler oldu\u011funu belirterek, \u00c7anakkale sava\u015flar\u0131n\u0131n da T\u00fcrk milletinin tarihinde fevkalade \u00f6nemli bir d\u00f6nem oldu\u011funu s\u00f6yledi.<\/span><\/span><\/span><\/span><\/p>\n<p style=\"text-align:left\"><span style=\"font-size:16px\"><span style=\"font-family:Merriweather,serif !important\"><span style=\"color:#000000\"><span style=\"background-color:#ffffff\">\u00c7anakkale sava\u015flar\u0131n\u0131n, K\u0131br\u0131s T\u00fcrk\u00fc a\u00e7\u0131s\u0131ndan da \u00f6nemli oldu\u011funu dile getiren Tatar, 1878\u2019de K\u0131br\u0131s adas\u0131 \u0130ngiltere\u2019ye kiraland\u0131\u011f\u0131nda, Osman devletinin \u00f6zellikle Rusya\u2019ya kar\u015f\u0131 rahatlamas\u0131ndan sonra adan\u0131n tekrar Osmanl\u0131 devletine iadesi s\u00f6z konusu oldu\u011funu ve 1878\u2019deki anla\u015fmada bunun a\u00e7\u0131k ve net ifade edildi\u011fini s\u00f6yledi.<\/span><\/span><\/span><\/span><\/p>\n<p style=\"text-align:left\"><span style=\"font-size:16px\"><span style=\"font-family:Merriweather,serif !important\"><span style=\"color:#000000\"><span style=\"background-color:#ffffff\">37 y\u0131l sonra \u00c7anakkale\u2019de Osmanl\u0131 devletiyle, \u0130ngiltere\u2019nin kar\u015f\u0131 kar\u015f\u0131ya geldi\u011fini dile getiren Tatar, K\u0131br\u0131s\u2019\u0131 kiralarken, Osmanl\u0131ya destek \u00e7\u0131kacak olan \u0130ngiltere\u2019nin, \u00c7anakkale\u2019de gemileriyle ittifak devletleri olarak Anadolu, Bo\u011fazlar ve d\u00f6nemin Osmanl\u0131 co\u011frafyas\u0131n\u0131 par\u00e7alamak i\u00e7in taarruz etti\u011fini anlatt\u0131.<\/span><\/span><\/span><\/span><\/p>\n<p style=\"text-align:left\"><span style=\"font-size:16px\"><span style=\"font-family:Merriweather,serif !important\"><span style=\"color:#000000\"><span style=\"background-color:#ffffff\">Bu taarruz kar\u015f\u0131s\u0131nda B\u00fcy\u00fck \u00d6nder Mustafa Kemal Atat\u00fcrk\u2019\u00fcn tarih sahnesine \u00e7\u0131kt\u0131\u011f\u0131na dikkat \u00e7eken Tatar, Atat\u00fcrk\u2019\u00fcn askerlerine s\u00f6yledi\u011fi, \u201cBen size taarruzu de\u011fil, \u00f6lmeyi emrediyorum\u201d s\u00f6z\u00fcn\u00fc hat\u0131rlatt\u0131. Cumhurba\u015fkan\u0131 Tatar, Osmanl\u0131 ordusunun Atat\u00fcrk \u00f6nderli\u011finde, can\u0131n\u0131 feda edercesine \u00e7arp\u0131\u015ft\u0131\u011f\u0131n\u0131 ifade etti.<\/span><\/span><\/span><\/span><\/p>\n<p style=\"text-align:left\"><span style=\"font-size:16px\"><span style=\"font-family:Merriweather,serif !important\"><span style=\"color:#000000\"><span style=\"background-color:#ffffff\">3 Kas\u0131m 1914\u2019te \u0130ngiltere\u2019nin gemileriyle, Bo\u011fazlardan ge\u00e7meye \u00e7al\u0131\u015f\u0131rken, iki g\u00fcn sonra 5 Kas\u0131m 1914\u2019te, K\u0131br\u0131s\u2019\u0131 tek tarafl\u0131 ilhak etti\u011fini a\u00e7\u0131klad\u0131\u011f\u0131na i\u015faret eden Tatar, bunun 1878\u2019deki anla\u015fman\u0131n hilaf\u0131na oldu\u011funu vurgulad\u0131. Tatar, K\u0131br\u0131s T\u00fcrk\u00fc\u2019n\u00fcn ise \u00f6l\u00fcm\u00fc g\u00f6ze alarak, \u00c7anakkale\u2019ye gitti\u011fini, gazi ve \u015fehit oldu\u011funu dile getirdi.<\/span><\/span><\/span><\/span><\/p>\n<p style=\"text-align:left\"><span style=\"font-size:16px\"><span style=\"font-family:Merriweather,serif !important\"><span style=\"color:#000000\"><span style=\"background-color:#ffffff\">O d\u00f6nemde T\u00fcrk askerlerinin, Gazima\u011fusa\u2019n\u0131n Karakol b\u00f6lgesine getirilerek, esir tutuldu\u011funu belirten Tatar, K\u0131br\u0131s T\u00fcrk\u00fc\u2019n\u00fcn can\u0131n\u0131 riske atarak, askerlerin imdad\u0131na yeti\u015fti\u011fini dile getirdi. Tatar, baz\u0131 askerlerin Girne kalesine, baz\u0131lar\u0131n\u0131n ise kay\u0131klarla Anadolu\u2019ya ka\u00e7\u0131r\u0131ld\u0131\u011f\u0131n\u0131 ifade etti.<\/span><\/span><\/span><\/span><\/p>\n<p style=\"text-align:left\"><span style=\"font-size:16px\"><span style=\"font-family:Merriweather,serif !important\"><span style=\"color:#000000\"><span style=\"background-color:#ffffff\">K\u0131br\u0131s T\u00fcrk\u00fc\u2019n\u00fcn, \u0130ngiliz S\u00f6m\u00fcrge Y\u00f6netiminde bask\u0131 alt\u0131nda ya\u015fad\u0131\u011f\u0131n\u0131, bayra\u011f\u0131n\u0131 g\u00f6ndere \u00e7ekemedi\u011fini, Atat\u00fcrk\u2019\u00fcn resmini duvarlara asamad\u0131\u011f\u0131n\u0131, yasaklar alt\u0131nda milli kimli\u011finin elinden al\u0131nd\u0131\u011f\u0131n\u0131 kaydeden Tatar, M\u00fcsl\u00fcman az\u0131nl\u0131k bir toplum olarak lanse edilmeye \u00e7al\u0131\u015f\u0131ld\u0131\u011f\u0131n\u0131 belirtti. Cumhurba\u015fkan\u0131 Tatar, buna kar\u015f\u0131n K\u0131br\u0131s T\u00fcrk\u00fc\u2019n\u00fcn, duru\u015fu, milliyet\u00e7ili\u011fi ve anavatan\u0131na ba\u011fl\u0131\u011f\u0131 ile \u00c7anakkale sava\u015flar\u0131nda hep Anadolu\u2019nun, milletinin yan\u0131nda oldu\u011funu vurgulad\u0131.<\/span><\/span><\/span><\/span><\/p>\n<p style=\"text-align:left\"><span style=\"font-size:16px\"><span style=\"font-family:Merriweather,serif !important\"><span style=\"color:#000000\"><span style=\"background-color:#ffffff\">\u00c7anakkale Zaferinin, T\u00fcrkiye\u2019nin \u0130stiklal Sava\u015f\u0131n\u0131n \u00f6nc\u00fcs\u00fc oldu\u011funun alt\u0131n\u0131 \u00e7izen Cumhurba\u015fkan\u0131 Tatar, b\u00f6ylesi bir tarihin, K\u0131br\u0131s ba\u011flam\u0131nda belgesele d\u00f6n\u00fc\u015ft\u00fcr\u00fclmesinin \u00f6nemini vurgulad\u0131.<\/span><\/span><\/span><\/span><\/p>\n<p style=\"text-align:left\"><span style=\"font-size:16px\"><span style=\"font-family:Merriweather,serif !important\"><span style=\"color:#000000\"><span style=\"background-color:#ffffff\">\u015eehitlere rahmet dileyen, gazilere \u015f\u00fckranlar\u0131n\u0131 sunan Tatar, belgeselde eme\u011fi ge\u00e7enlere te\u015fekk\u00fcr etti. Belgeselin \u00f6rnek olmas\u0131 temenni eden Cumhurba\u015fkan\u0131 Tatar, gelecek nesillerin tarihi \u00f6\u011frenmesi a\u00e7\u0131s\u0131ndan belgeselin \u00e7ok de\u011ferli bir \u00e7al\u0131\u015fma oldu\u011funu s\u00f6yledi.<\/span><\/span><\/span><\/span><\/p>\n<p style=\"text-align:left\"><span style=\"font-size:16px\"><span style=\"font-family:Merriweather,serif !important\"><span style=\"color:#000000\"><span style=\"background-color:#ffffff\">-T\u00f6re: \u201cBiriz, beraberiz ve hep birlikte T\u00fcrk milletiyiz\u201d<\/span><\/span><\/span><\/span><\/p>\n<p style=\"text-align:left\"><span style=\"font-size:16px\"><span style=\"font-family:Merriweather,serif !important\"><span style=\"color:#000000\"><span style=\"background-color:#ffffff\">Cumhuriyet Meclisi Ba\u015fkan\u0131 Zorlu T\u00f6re de, etkinli\u011fin \u00e7ok anlaml\u0131 oldu\u011funu belirterek, \u201c\u00c7\u00fcnk\u00fc K\u0131br\u0131sl\u0131 T\u00fcrklerin \u00f6z\u00fc ve ge\u00e7mi\u015fi, Osmanl\u0131 d\u00f6neminden kalan K\u0131br\u0131s\u2019taki T\u00fcrklerdir. Yani K\u0131br\u0131sl\u0131 T\u00fcrkler ayr\u0131 ve gayr\u0131 ba\u015fka bir yap\u0131 de\u011fillerdir\u201d dedi.<\/span><\/span><\/span><\/span><\/p>\n<p style=\"text-align:left\"><span style=\"font-size:16px\"><span style=\"font-family:Merriweather,serif !important\"><span style=\"color:#000000\"><span style=\"background-color:#ffffff\">1878\u2019de Osmanl\u0131 devleti K\u0131br\u0131s\u2019tan \u00e7ekildi\u011finde, 1915\u2019e kadar 37 y\u0131l ge\u00e7ti\u011fini, neslin de\u011fi\u015fmedi\u011fini ifade eden T\u00f6re, K\u0131br\u0131sl\u0131 T\u00fcrklerin, Osmanl\u0131n\u0131n T\u00fcrk askerlerine sahip \u00e7\u0131kmas\u0131n\u0131n gayet do\u011fal oldu\u011funu vurgulad\u0131.<\/span><\/span><\/span><\/span><\/p>\n<p style=\"text-align:left\"><span style=\"font-size:16px\"><span style=\"font-family:Merriweather,serif !important\"><span style=\"color:#000000\"><span style=\"background-color:#ffffff\">\u201cBiz ayn\u0131 milletin insanlar\u0131y\u0131z\u201d diyen Meclis Ba\u015fkan\u0131 T\u00f6re, Mustafa Kemal Atat\u00fcrk\u2019\u00fcn, \u201cNe mutlu T\u00fcrk\u00fcm diyene\u201d ifadesiyle, bunun tan\u0131m\u0131n\u0131 en g\u00fczel \u015fekilde yapt\u0131\u011f\u0131n\u0131 belirtti. \u201c\u00d6z\u00fcm\u00fcz de bir, s\u00f6z\u00fcm\u00fcz de bir, ge\u00e7mi\u015fimiz de bir, gelece\u011fimiz de bir olacakt\u0131r. T\u00fcrk milletiyle bir ve beraberiz\u201d diyen T\u00f6re, \u201cKKTC bizim milli devletimizdir ama anavatan T\u00fcrkiye de bizim milli bir devletimizdir. Ayr\u0131m\u0131z ve gayr\u0131m\u0131z yoktur\u201d \u015feklinde konu\u015ftu.<\/span><\/span><\/span><\/span><\/p>\n<p style=\"text-align:left\"><span style=\"font-size:16px\"><span style=\"font-family:Merriweather,serif !important\"><span style=\"color:#000000\"><span style=\"background-color:#ffffff\">Mehmet Emin Yurdakul\u2019un \u015fiirine at\u0131fta bulunan Meclis Ba\u015fkan\u0131 T\u00f6re, \u201c\u0130\u015fte o vatan Ne mutlu T\u00fcrk\u00fcm diyen insanlar i\u00e7in sadece Kuzey K\u0131br\u0131s de\u011fildir, T\u00fcrkiye de benim vatan\u0131md\u0131r, anavatan\u0131md\u0131r\u201d dedi.<\/span><\/span><\/span><\/span><\/p>\n<p style=\"text-align:left\"><span style=\"font-size:16px\"><span style=\"font-family:Merriweather,serif !important\"><span style=\"color:#000000\"><span style=\"background-color:#ffffff\">Balkan \u00dcniversitesi\u2019nde kat\u0131ld\u0131\u011f\u0131 bir konferansta yapt\u0131\u011f\u0131 konu\u015fmaya da de\u011finen T\u00f6re, \u201cTarihi ve ge\u00e7mi\u015fimizi unutursak, gelece\u011fimiz de karanl\u0131k olur\u201d vurgusu yapt\u0131. \u0130ngiliz S\u00f6m\u00fcrge Y\u00f6netiminde \u00c7anakkale\u2019de esir d\u00fc\u015fenlerin bir k\u0131sm\u0131n\u0131n Gazima\u011fusa\u2019ya getirildi\u011fini anlatan T\u00f6re, hayat\u0131n\u0131 kaybedenlerin K\u0131br\u0131s topraklar\u0131nda \u015fehit d\u00fc\u015ft\u00fc\u011f\u00fcn\u00fc ifade ederek, \u201cO \u015fehitler, mukavemet\u00e7iler kadar, m\u00fccahitler kadar, Mehmet\u00e7ikler kadar e\u015fittirler\u201d diye konu\u015ftu.<\/span><\/span><\/span><\/span><\/p>\n<p style=\"text-align:left\"><span style=\"font-size:16px\"><span style=\"font-family:Merriweather,serif !important\"><span style=\"color:#000000\"><span style=\"background-color:#ffffff\">T\u00f6re konu\u015fmas\u0131n\u0131, \u201cBiriz, beraberiz ve hep birlikte T\u00fcrk milletiyiz\u201d s\u00f6z\u00fcyle tamamlad\u0131.<\/span><\/span><\/span><\/span><\/p>\n<p style=\"text-align:left\"><span style=\"font-size:16px\"><span style=\"font-family:Merriweather,serif !important\"><span style=\"color:#000000\"><span style=\"background-color:#ffffff\">-Feyzio\u011flu: \u201cB\u00fcy\u00fck harbin bir cihan harbine d\u00f6n\u00fc\u015fmesi \u00c7anakkale Zaferi sonucunda olmu\u015ftur\u201d<\/span><\/span><\/span><\/span><\/p>\n<p style=\"text-align:left\"><span style=\"font-size:16px\"><span style=\"font-family:Merriweather,serif !important\"><span style=\"color:#000000\"><span style=\"background-color:#ffffff\">TC Lefko\u015fa B\u00fcy\u00fckel\u00e7isi Metin Feyzio\u011flu da konu\u015fmas\u0131nda, \u201cT\u00fcrk&#8217;\u00fcn \u015fanl\u0131 tarihinde \u015f\u00fcphesiz pek \u00e7ok d\u00f6n\u00fcm noktas\u0131 var, \u00c7anakkale Zaferi bunlardan biri\u201d diyerek, \u00c7anakkale Zaferinin d\u00fcnyan\u0131n en g\u00fc\u00e7l\u00fc ordular\u0131na kar\u015f\u0131 b\u00fcy\u00fck bir kahramanl\u0131k ve destans\u0131 bir direni\u015fle vatan u\u011fruna \u015fehadete y\u00fcr\u00fcyen T\u00fcrk askerinin neleri ba\u015farabilece\u011finin ispat\u0131 oldu\u011funu vurgulad\u0131.<\/span><\/span><\/span><\/span><\/p>\n<p style=\"text-align:left\"><span style=\"font-size:16px\"><span style=\"font-family:Merriweather,serif !important\"><span style=\"color:#000000\"><span style=\"background-color:#ffffff\">\u00c7anakkale muharebeleri ve neticedeki zaferin her y\u00f6n\u00fcyle incelenmesi gerekti\u011fini belirten Feyzio\u011flu, Birinci D\u00fcnya Sava\u015f\u0131 ba\u015flad\u0131\u011f\u0131nda, b\u00fcy\u00fck bir harp olarak d\u00fc\u015f\u00fcn\u00fclmedi\u011fini ifade ederek, \u201cB\u00fcy\u00fck harbin bir cihan harbine d\u00f6n\u00fc\u015fmesi \u00c7anakkale Zaferi sonucunda olmu\u015ftur\u201d dedi.<\/span><\/span><\/span><\/span><\/p>\n<p style=\"text-align:left\"><span style=\"font-size:16px\"><span style=\"font-family:Merriweather,serif !important\"><span style=\"color:#000000\"><span style=\"background-color:#ffffff\">\u00c7anakkale sava\u015flar\u0131n\u0131n b\u00fcy\u00fck bir zaferle neticelenmesinin, milli m\u00fccadelenin ve \u0130stiklal harbinin daha sonra kazan\u0131lmas\u0131n\u0131n temel \u015fartlar\u0131ndan baz\u0131lar\u0131n\u0131 haz\u0131rlad\u0131\u011f\u0131n\u0131 kaydeden Feyzio\u011flu, bu zaferden b\u00fcy\u00fck bir komutan\u0131n, milletin lideri olarak \u00e7\u0131kmas\u0131n\u0131n, Gazi Mustafa Kemal\u2019in adeta yeniden do\u011fu\u015funun ayr\u0131ca b\u00fcy\u00fck bir kazan\u00e7 oldu\u011funu vurgulad\u0131.<\/span><\/span><\/span><\/span><\/p>\n<p style=\"text-align:left\"><span style=\"font-size:16px\"><span style=\"font-family:Merriweather,serif !important\"><span style=\"color:#000000\"><span style=\"background-color:#ffffff\">\u00c7anakkale \u015fehidi 217 kahraman askerin Gazima\u011fusa\u2019daki \u015fehitlikte yatt\u0131\u011f\u0131n\u0131 belirten Feyzio\u011flu, bu ki\u015filerin, \u0130ngiliz\u2019in insanl\u0131k d\u0131\u015f\u0131 muamelesi sonucu esir kamp\u0131nda veya ka\u00e7arken infaz edilerek, \u015fehit oldu\u011funu ifade etti.<\/span><\/span><\/span><\/span><\/p>\n<p style=\"text-align:left\"><span style=\"font-size:16px\"><span style=\"font-family:Merriweather,serif !important\"><span style=\"color:#000000\"><span style=\"background-color:#ffffff\">\u0130ngiliz i\u015fgali alt\u0131ndaki K\u0131br\u0131s\u2019ta, esir kamp\u0131ndaki T\u00fcrk askerlerine yard\u0131m etmenin, ka\u00e7anlar\u0131 saklaman\u0131n idamla cezaland\u0131r\u0131lan bir su\u00e7 oldu\u011funa dikkat \u00e7eken Feyzio\u011flu, K\u0131br\u0131s T\u00fcrklerinin eziyeti, i\u015fkenceyi, idam\u0131 g\u00f6ze alarak, esir askerlere yard\u0131m etti\u011fini, b\u00fcy\u00fck kahramanl\u0131k \u00f6yk\u00fcleri yaz\u0131ld\u0131\u011f\u0131n\u0131 dile getirdi. Feyzio\u011flu, her t\u00fcrl\u00fc tehlikeyi g\u00f6ze alan K\u0131br\u0131s T\u00fcrklerine \u015f\u00fckranlar\u0131n\u0131 sunarak, rahmet diledi.<\/span><\/span><\/span><\/span><\/p>\n<p style=\"text-align:left\"><span style=\"font-size:16px\"><span style=\"font-family:Merriweather,serif !important\"><span style=\"color:#000000\"><span style=\"background-color:#ffffff\">Metin Feyzio\u011flu, belgeselde eme\u011fi ge\u00e7enlere te\u015fekk\u00fcr ederek, \u201cAziz \u015fehitlerimiz vatan size minnettard\u0131r. T\u00fcrkiye ve KKTC emin ellerde sonsuza kadar birlikte, omuz omuza y\u00fcr\u00fcyecektir\u201d dedi.<\/span><\/span><\/span><\/span><\/p>\n<p style=\"text-align:left\"><span style=\"font-size:16px\"><span style=\"font-family:Merriweather,serif !important\"><span style=\"color:#000000\"><span style=\"background-color:#ffffff\">-Eren<\/span><\/span><\/span><\/span><\/p>\n<p style=\"text-align:justify\"><span style=\"font-size:16px\"><span style=\"font-family:Merriweather,serif !important\"><span style=\"color:#000000\"><span style=\"background-color:#ffffff\">Yurtd\u0131\u015f\u0131 T\u00fcrkler ve Akraba Topluluklar Ba\u015fkan\u0131 Abdullah Eren de, \u201cK\u0131br\u0131s\u2019\u0131n bizim i\u00e7in ayr\u0131 bir \u00f6nemi var. K\u0131br\u0131s\u2019\u0131 yurt d\u0131\u015f\u0131 T\u00fcrk olarak g\u00f6rm\u00fcyoruz. K\u0131br\u0131sl\u0131lar, &#8216;K\u0131br\u0131s T\u00fcrkleri&#8217; bizim i\u00e7in\u2026\u201d diyerek, K\u0131br\u0131s T\u00fcrk\u00fc\u2019n\u00fcn, b\u00fcy\u00fck bir ba\u011f\u0131ms\u0131zl\u0131k m\u00fccadelesi verdi\u011fini s\u00f6yledi.<\/span><\/span><\/span><\/span><\/p>\n<p style=\"text-align:justify\"><span style=\"font-size:16px\"><span style=\"font-family:Merriweather,serif !important\"><span style=\"color:#000000\"><span style=\"background-color:#ffffff\">\u00c7anakkale Zaferinin, T\u00fcrk-\u0130slam tarihi i\u00e7erisinde m\u00fcstesna bir yere sahip bir destan oldu\u011funu vurgulayan Eren, \u00c7anakkale gibi muazzam bir zaferin, ac\u0131 bir esir kamp\u0131 \u00fczerinden olsa da K\u0131br\u0131s\u2019la ili\u015fkilendirilmesinin \u00f6nemli oldu\u011funu kaydetti. Eren, K\u0131br\u0131s\u2019ta da, \u00c7anakkale\u2019den 60 sene sonra b\u00fcy\u00fck bir ba\u011f\u0131ms\u0131zl\u0131k m\u00fccadelesi verildi\u011fini belirtti.<\/span><\/span><\/span><\/span><\/p>\n<p style=\"text-align:justify\"><span style=\"font-size:16px\"><span style=\"font-family:Merriweather,serif !important\"><span style=\"color:#000000\"><span style=\"background-color:#ffffff\">Belgeselde, T\u00fcrk\u00fcn bir ve beraberli\u011fini bir kez daha g\u00f6sterdiklerini ifade eden Eren, \u201cUmar\u0131m gelecek nesillere aktar\u0131lan g\u00fczel bir \u00e7al\u0131\u015fma olur\u201d dedi.<\/span><\/span><\/span><\/span><\/p>\n<p style=\"text-align:left\"><span style=\"font-size:16px\"><span style=\"font-family:Merriweather,serif !important\"><span style=\"color:#000000\"><span style=\"background-color:#ffffff\">-\u00dcst\u00fcnda\u011f<\/span><\/span><\/span><\/span><\/p>\n<p style=\"text-align:left\"><span style=\"font-size:16px\"><span style=\"font-family:Merriweather,serif !important\"><span style=\"color:#000000\"><span style=\"background-color:#ffffff\">Belgeselin Y\u00f6netmeni \u00dcnal \u00dcst\u00fcnda\u011f da, belgesel yapman\u0131n kolay bir \u015fey olmad\u0131\u011f\u0131n\u0131 belirterek, eme\u011fi ge\u00e7en, kendisine, inan\u0131p, g\u00fcvenen Yurtd\u0131\u015f\u0131 T\u00fcrkler Toplulu\u011fu ile TC K\u00fclt\u00fcr ve Turizm Bakanl\u0131\u011f\u0131 Sinema Genel M\u00fcd\u00fcrl\u00fc\u011f\u00fcne te\u015fekk\u00fcr etti.<\/span><\/span><\/span><\/span><\/p>\n<p style=\"text-align:left\"><span style=\"font-size:16px\"><span style=\"font-family:Merriweather,serif !important\"><span style=\"color:#000000\"><span style=\"background-color:#ffffff\">60 y\u0131l \u00f6nce a\u00e7\u0131lan bir sand\u0131kla hik\u00e2yeye ba\u015flad\u0131klar\u0131n\u0131 dile getiren \u00dcst\u00fcnda\u011f, \u201cBu belgesel benim de\u011fil, 6 bin 732 Osmanl\u0131 esirinin hikayesidir\u201d dedi.<\/span><\/span><\/span><\/span><\/p>\n<p style=\"text-align:left\"><span style=\"font-size:16px\"><span style=\"font-family:Merriweather,serif !important\"><span style=\"color:#000000\"><span style=\"background-color:#ffffff\">\u00dcst\u00fcnda\u011f, esirlere yard\u0131m eden K\u0131br\u0131sl\u0131 T\u00fcrklerin ailelerini sayg\u0131yla selamlad\u0131.<\/span><\/span><\/span><\/span><\/p>\n<p style=\"text-align:left\"><span style=\"font-size:16px\"><span style=\"font-family:Merriweather,serif !important\"><span style=\"color:#000000\"><span style=\"background-color:#ffffff\">-Keser<\/span><\/span><\/span><\/span><\/p>\n<p style=\"text-align:left\"><span style=\"font-size:16px\"><span style=\"font-family:Merriweather,serif !important\"><span style=\"color:#000000\"><span style=\"background-color:#ffffff\">Belgesele dan\u0131\u015fmanl\u0131k yapan Prof. Dr. Ulvi Keser ise, \u00c7anakkale\u2019nin, bug\u00fcn hala pek \u00e7ok yanl\u0131\u015f, bilgi kirlili\u011fi ve aleyhte kullan\u0131labilecek dezenformasyonla dolu bir alan oldu\u011funu s\u00f6yledi.<\/span><\/span><\/span><\/span><\/p>\n<p style=\"text-align:left\"><span style=\"font-size:16px\"><span style=\"font-family:Merriweather,serif !important\"><span style=\"color:#000000\"><span style=\"background-color:#ffffff\">30 y\u0131ld\u0131r esirlerle ilgili \u00e7al\u0131\u015ft\u0131\u011f\u0131n\u0131 dile getiren Keser, 90\u2019lardan bug\u00fcne kadar yazd\u0131\u011f\u0131 be\u015f kitab\u0131n her birinin, bir \u00f6ncekini tamamlayan ve d\u00fczelten cinsten oldu\u011funu kaydetti. Keser, i\u011fneyle kuyu kazar gibi ara\u015ft\u0131rma yapt\u0131klar\u0131n\u0131 belirtti.<\/span><\/span><\/span><\/span><\/p>\n<p style=\"text-align:left\"><span style=\"font-size:16px\"><span style=\"font-family:Merriweather,serif !important\"><span style=\"color:#000000\"><span style=\"background-color:#ffffff\">\u00c7anakkale\u2019de 1915\u2019in sonunda sava\u015f\u0131n bitti\u011fini, \u0130ngilizlerin 1916 y\u0131l\u0131nda adada asker al\u0131m\u0131na ba\u015flad\u0131\u011f\u0131n\u0131 ifade eden Keser, o d\u00f6nemde K\u0131br\u0131sl\u0131 T\u00fcrklerin \u0130ngiliz ordusunda sava\u015fmas\u0131n\u0131n s\u00f6z konusu olmad\u0131\u011f\u0131n\u0131 s\u00f6yledi. Keser, buna kar\u015f\u0131n onlarca K\u0131br\u0131sl\u0131 T\u00fcrk\u00fcn tamamen g\u00f6n\u00fcll\u00fck esas\u0131na dayanarak, Osmanl\u0131 ordusunda i\u015fgalci g\u00fc\u00e7lere kar\u015f\u0131 sava\u015ft\u0131\u011f\u0131n\u0131 vurgulad\u0131.<\/span><\/span><\/span><\/span><\/p>\n<p style=\"text-align:left\"><span style=\"font-size:16px\"><span style=\"font-family:Merriweather,serif !important\"><span style=\"color:#000000\"><span style=\"background-color:#ffffff\">Keser, belgeselde, esirlerin hangi \u015fartlarda, neler ya\u015fad\u0131klar\u0131n\u0131 ortaya koymak, K\u0131br\u0131sl\u0131 T\u00fcrklerin bu m\u00fccadelede kendilerini nas\u0131l cansiperane ortaya att\u0131klar\u0131n\u0131 kamuoyu ile payla\u015fmak ve \u00c7anakkale cephesinde i\u015fgalcilere kar\u015f\u0131 nas\u0131l sava\u015ft\u0131klar\u0131n\u0131 g\u00f6stermek hedefini ortaya koyduklar\u0131n\u0131 kaydetti.<\/span><\/span><\/span><\/span><\/p>\n","protected":false},"excerpt":{"rendered":"<p>YD\u00dc B\u00fcy\u00fck K\u00fct\u00fcphane Prof. Dr. \u00dcmit Hassan Cumhuriyet Salonu\u2019nda yer alan etkinli\u011fe, Cumhurba\u015fkan\u0131 Ersin Tatar, Cumhuriyet Meclisi Ba\u015fkan\u0131 Zorlu T\u00f6re, TC Lefko\u015fa B\u00fcy\u00fckel\u00e7isi Metin Feyzio\u011flu, Ana Muhalefet Cumhuriyet\u00e7i T\u00fcrk Partisi Genel Ba\u015fkan\u0131 Tufan Erh\u00fcrman, Ba\u015fbakan Yard\u0131mc\u0131s\u0131 Turizm, K\u00fclt\u00fcr, Gen\u00e7lik ve \u00c7evre Bakan\u0131 Fikri Atao\u011flu, Yurtd\u0131\u015f\u0131 T\u00fcrkler ve Akraba Topluluklar Ba\u015fkan\u0131 Abdullah Eren\u2019in yan\u0131 s\u0131ra akademisyenler<\/p>\n","protected":false},"author":1,"featured_media":35987,"comment_status":"open","ping_status":"open","sticky":false,"template":"","format":"standard","meta":{"footnotes":""},"categories":[85],"tags":[],"class_list":["post-35986","post","type-post","status-publish","format-standard","has-post-thumbnail","hentry","category-spor"],"yoast_head":"<!-- This site is optimized with the Yoast SEO plugin v27.5 - https:\/\/yoast.com\/product\/yoast-seo-wordpress\/ -->\n<title>\u201cSand\u0131ktan \u00c7\u0131kan Tarih: K\u0131br\u0131s\u2019ta \u00c7anakkale Esirleri\u201d -<\/title>\n<meta name=\"robots\" content=\"index, follow, max-snippet:-1, max-image-preview:large, max-video-preview:-1\" \/>\n<link rel=\"canonical\" href=\"https:\/\/kibrisdakik.com\/?p=35986\" \/>\n<meta property=\"og:locale\" content=\"tr_TR\" \/>\n<meta property=\"og:type\" content=\"article\" \/>\n<meta property=\"og:title\" content=\"\u201cSand\u0131ktan \u00c7\u0131kan Tarih: K\u0131br\u0131s\u2019ta \u00c7anakkale Esirleri\u201d -\" \/>\n<meta property=\"og:description\" content=\"YD\u00dc B\u00fcy\u00fck K\u00fct\u00fcphane Prof. Dr. \u00dcmit Hassan Cumhuriyet Salonu\u2019nda yer alan etkinli\u011fe, Cumhurba\u015fkan\u0131 Ersin Tatar, Cumhuriyet Meclisi Ba\u015fkan\u0131 Zorlu T\u00f6re, TC Lefko\u015fa B\u00fcy\u00fckel\u00e7isi Metin Feyzio\u011flu, Ana Muhalefet Cumhuriyet\u00e7i T\u00fcrk Partisi Genel Ba\u015fkan\u0131 Tufan Erh\u00fcrman, Ba\u015fbakan Yard\u0131mc\u0131s\u0131 Turizm, K\u00fclt\u00fcr, Gen\u00e7lik ve \u00c7evre Bakan\u0131 Fikri Atao\u011flu, Yurtd\u0131\u015f\u0131 T\u00fcrkler ve Akraba Topluluklar Ba\u015fkan\u0131 Abdullah Eren\u2019in yan\u0131 s\u0131ra akademisyenler\" \/>\n<meta property=\"og:url\" content=\"https:\/\/kibrisdakik.com\/?p=35986\" \/>\n<meta property=\"article:published_time\" content=\"2024-03-27T23:54:15+00:00\" \/>\n<meta property=\"og:image\" content=\"https:\/\/kibrisdakik.com\/wp-content\/uploads\/2024\/03\/sandiktan-cikan-tarih-kibrista-canakkale-esirleri-1711560430.webp.webp\" \/>\n\t<meta property=\"og:image:width\" content=\"710\" \/>\n\t<meta property=\"og:image:height\" content=\"370\" \/>\n\t<meta property=\"og:image:type\" content=\"image\/webp\" \/>\n<meta name=\"author\" content=\"admin\" \/>\n<meta name=\"twitter:card\" content=\"summary_large_image\" \/>\n<meta name=\"twitter:label1\" content=\"Yazan:\" \/>\n\t<meta name=\"twitter:data1\" content=\"admin\" \/>\n\t<meta name=\"twitter:label2\" content=\"Tahmini okuma s\u00fcresi\" \/>\n\t<meta name=\"twitter:data2\" content=\"9 dakika\" \/>\n<script type=\"application\/ld+json\" class=\"yoast-schema-graph\">{\"@context\":\"https:\\\/\\\/schema.org\",\"@graph\":[{\"@type\":\"Article\",\"@id\":\"https:\\\/\\\/kibrisdakik.com\\\/?p=35986#article\",\"isPartOf\":{\"@id\":\"https:\\\/\\\/kibrisdakik.com\\\/?p=35986\"},\"author\":{\"name\":\"admin\",\"@id\":\"https:\\\/\\\/kibrisdakik.com\\\/#\\\/schema\\\/person\\\/9cd9d437bbb44f72b73ba127e06d8e79\"},\"headline\":\"\u201cSand\u0131ktan \u00c7\u0131kan Tarih: K\u0131br\u0131s\u2019ta \u00c7anakkale Esirleri\u201d\",\"datePublished\":\"2024-03-27T23:54:15+00:00\",\"mainEntityOfPage\":{\"@id\":\"https:\\\/\\\/kibrisdakik.com\\\/?p=35986\"},\"wordCount\":1868,\"commentCount\":0,\"image\":{\"@id\":\"https:\\\/\\\/kibrisdakik.com\\\/?p=35986#primaryimage\"},\"thumbnailUrl\":\"https:\\\/\\\/kibrisdakik.com\\\/wp-content\\\/uploads\\\/2024\\\/03\\\/sandiktan-cikan-tarih-kibrista-canakkale-esirleri-1711560430.webp.webp\",\"articleSection\":[\"Spor\"],\"inLanguage\":\"tr\",\"potentialAction\":[{\"@type\":\"CommentAction\",\"name\":\"Comment\",\"target\":[\"https:\\\/\\\/kibrisdakik.com\\\/?p=35986#respond\"]}]},{\"@type\":\"WebPage\",\"@id\":\"https:\\\/\\\/kibrisdakik.com\\\/?p=35986\",\"url\":\"https:\\\/\\\/kibrisdakik.com\\\/?p=35986\",\"name\":\"\u201cSand\u0131ktan \u00c7\u0131kan Tarih: K\u0131br\u0131s\u2019ta \u00c7anakkale Esirleri\u201d -\",\"isPartOf\":{\"@id\":\"https:\\\/\\\/kibrisdakik.com\\\/#website\"},\"primaryImageOfPage\":{\"@id\":\"https:\\\/\\\/kibrisdakik.com\\\/?p=35986#primaryimage\"},\"image\":{\"@id\":\"https:\\\/\\\/kibrisdakik.com\\\/?p=35986#primaryimage\"},\"thumbnailUrl\":\"https:\\\/\\\/kibrisdakik.com\\\/wp-content\\\/uploads\\\/2024\\\/03\\\/sandiktan-cikan-tarih-kibrista-canakkale-esirleri-1711560430.webp.webp\",\"datePublished\":\"2024-03-27T23:54:15+00:00\",\"author\":{\"@id\":\"https:\\\/\\\/kibrisdakik.com\\\/#\\\/schema\\\/person\\\/9cd9d437bbb44f72b73ba127e06d8e79\"},\"breadcrumb\":{\"@id\":\"https:\\\/\\\/kibrisdakik.com\\\/?p=35986#breadcrumb\"},\"inLanguage\":\"tr\",\"potentialAction\":[{\"@type\":\"ReadAction\",\"target\":[\"https:\\\/\\\/kibrisdakik.com\\\/?p=35986\"]}]},{\"@type\":\"ImageObject\",\"inLanguage\":\"tr\",\"@id\":\"https:\\\/\\\/kibrisdakik.com\\\/?p=35986#primaryimage\",\"url\":\"https:\\\/\\\/kibrisdakik.com\\\/wp-content\\\/uploads\\\/2024\\\/03\\\/sandiktan-cikan-tarih-kibrista-canakkale-esirleri-1711560430.webp.webp\",\"contentUrl\":\"https:\\\/\\\/kibrisdakik.com\\\/wp-content\\\/uploads\\\/2024\\\/03\\\/sandiktan-cikan-tarih-kibrista-canakkale-esirleri-1711560430.webp.webp\",\"width\":710,\"height\":370},{\"@type\":\"BreadcrumbList\",\"@id\":\"https:\\\/\\\/kibrisdakik.com\\\/?p=35986#breadcrumb\",\"itemListElement\":[{\"@type\":\"ListItem\",\"position\":1,\"name\":\"Home\",\"item\":\"https:\\\/\\\/kibrisdakik.com\\\/\"},{\"@type\":\"ListItem\",\"position\":2,\"name\":\"\u201cSand\u0131ktan \u00c7\u0131kan Tarih: K\u0131br\u0131s\u2019ta \u00c7anakkale Esirleri\u201d\"}]},{\"@type\":\"WebSite\",\"@id\":\"https:\\\/\\\/kibrisdakik.com\\\/#website\",\"url\":\"https:\\\/\\\/kibrisdakik.com\\\/\",\"name\":\"\",\"description\":\"Tam vaktinde haber\",\"potentialAction\":[{\"@type\":\"SearchAction\",\"target\":{\"@type\":\"EntryPoint\",\"urlTemplate\":\"https:\\\/\\\/kibrisdakik.com\\\/?s={search_term_string}\"},\"query-input\":{\"@type\":\"PropertyValueSpecification\",\"valueRequired\":true,\"valueName\":\"search_term_string\"}}],\"inLanguage\":\"tr\"},{\"@type\":\"Person\",\"@id\":\"https:\\\/\\\/kibrisdakik.com\\\/#\\\/schema\\\/person\\\/9cd9d437bbb44f72b73ba127e06d8e79\",\"name\":\"admin\",\"image\":{\"@type\":\"ImageObject\",\"inLanguage\":\"tr\",\"@id\":\"https:\\\/\\\/secure.gravatar.com\\\/avatar\\\/ccc17943b9d660506c869530f897617f7cb1c21a4bf30023f252596d83e1f007?s=96&d=mm&r=g\",\"url\":\"https:\\\/\\\/secure.gravatar.com\\\/avatar\\\/ccc17943b9d660506c869530f897617f7cb1c21a4bf30023f252596d83e1f007?s=96&d=mm&r=g\",\"contentUrl\":\"https:\\\/\\\/secure.gravatar.com\\\/avatar\\\/ccc17943b9d660506c869530f897617f7cb1c21a4bf30023f252596d83e1f007?s=96&d=mm&r=g\",\"caption\":\"admin\"},\"sameAs\":[\"https:\\\/\\\/kibrisdakik.com\"],\"url\":\"https:\\\/\\\/kibrisdakik.com\\\/?author=1\"}]}<\/script>\n<!-- \/ Yoast SEO plugin. -->","yoast_head_json":{"title":"\u201cSand\u0131ktan \u00c7\u0131kan Tarih: K\u0131br\u0131s\u2019ta \u00c7anakkale Esirleri\u201d -","robots":{"index":"index","follow":"follow","max-snippet":"max-snippet:-1","max-image-preview":"max-image-preview:large","max-video-preview":"max-video-preview:-1"},"canonical":"https:\/\/kibrisdakik.com\/?p=35986","og_locale":"tr_TR","og_type":"article","og_title":"\u201cSand\u0131ktan \u00c7\u0131kan Tarih: K\u0131br\u0131s\u2019ta \u00c7anakkale Esirleri\u201d -","og_description":"YD\u00dc B\u00fcy\u00fck K\u00fct\u00fcphane Prof. Dr. \u00dcmit Hassan Cumhuriyet Salonu\u2019nda yer alan etkinli\u011fe, Cumhurba\u015fkan\u0131 Ersin Tatar, Cumhuriyet Meclisi Ba\u015fkan\u0131 Zorlu T\u00f6re, TC Lefko\u015fa B\u00fcy\u00fckel\u00e7isi Metin Feyzio\u011flu, Ana Muhalefet Cumhuriyet\u00e7i T\u00fcrk Partisi Genel Ba\u015fkan\u0131 Tufan Erh\u00fcrman, Ba\u015fbakan Yard\u0131mc\u0131s\u0131 Turizm, K\u00fclt\u00fcr, Gen\u00e7lik ve \u00c7evre Bakan\u0131 Fikri Atao\u011flu, Yurtd\u0131\u015f\u0131 T\u00fcrkler ve Akraba Topluluklar Ba\u015fkan\u0131 Abdullah Eren\u2019in yan\u0131 s\u0131ra akademisyenler","og_url":"https:\/\/kibrisdakik.com\/?p=35986","article_published_time":"2024-03-27T23:54:15+00:00","og_image":[{"width":710,"height":370,"url":"https:\/\/kibrisdakik.com\/wp-content\/uploads\/2024\/03\/sandiktan-cikan-tarih-kibrista-canakkale-esirleri-1711560430.webp.webp","type":"image\/webp"}],"author":"admin","twitter_card":"summary_large_image","twitter_misc":{"Yazan:":"admin","Tahmini okuma s\u00fcresi":"9 dakika"},"schema":{"@context":"https:\/\/schema.org","@graph":[{"@type":"Article","@id":"https:\/\/kibrisdakik.com\/?p=35986#article","isPartOf":{"@id":"https:\/\/kibrisdakik.com\/?p=35986"},"author":{"name":"admin","@id":"https:\/\/kibrisdakik.com\/#\/schema\/person\/9cd9d437bbb44f72b73ba127e06d8e79"},"headline":"\u201cSand\u0131ktan \u00c7\u0131kan Tarih: K\u0131br\u0131s\u2019ta \u00c7anakkale Esirleri\u201d","datePublished":"2024-03-27T23:54:15+00:00","mainEntityOfPage":{"@id":"https:\/\/kibrisdakik.com\/?p=35986"},"wordCount":1868,"commentCount":0,"image":{"@id":"https:\/\/kibrisdakik.com\/?p=35986#primaryimage"},"thumbnailUrl":"https:\/\/kibrisdakik.com\/wp-content\/uploads\/2024\/03\/sandiktan-cikan-tarih-kibrista-canakkale-esirleri-1711560430.webp.webp","articleSection":["Spor"],"inLanguage":"tr","potentialAction":[{"@type":"CommentAction","name":"Comment","target":["https:\/\/kibrisdakik.com\/?p=35986#respond"]}]},{"@type":"WebPage","@id":"https:\/\/kibrisdakik.com\/?p=35986","url":"https:\/\/kibrisdakik.com\/?p=35986","name":"\u201cSand\u0131ktan \u00c7\u0131kan Tarih: K\u0131br\u0131s\u2019ta \u00c7anakkale Esirleri\u201d -","isPartOf":{"@id":"https:\/\/kibrisdakik.com\/#website"},"primaryImageOfPage":{"@id":"https:\/\/kibrisdakik.com\/?p=35986#primaryimage"},"image":{"@id":"https:\/\/kibrisdakik.com\/?p=35986#primaryimage"},"thumbnailUrl":"https:\/\/kibrisdakik.com\/wp-content\/uploads\/2024\/03\/sandiktan-cikan-tarih-kibrista-canakkale-esirleri-1711560430.webp.webp","datePublished":"2024-03-27T23:54:15+00:00","author":{"@id":"https:\/\/kibrisdakik.com\/#\/schema\/person\/9cd9d437bbb44f72b73ba127e06d8e79"},"breadcrumb":{"@id":"https:\/\/kibrisdakik.com\/?p=35986#breadcrumb"},"inLanguage":"tr","potentialAction":[{"@type":"ReadAction","target":["https:\/\/kibrisdakik.com\/?p=35986"]}]},{"@type":"ImageObject","inLanguage":"tr","@id":"https:\/\/kibrisdakik.com\/?p=35986#primaryimage","url":"https:\/\/kibrisdakik.com\/wp-content\/uploads\/2024\/03\/sandiktan-cikan-tarih-kibrista-canakkale-esirleri-1711560430.webp.webp","contentUrl":"https:\/\/kibrisdakik.com\/wp-content\/uploads\/2024\/03\/sandiktan-cikan-tarih-kibrista-canakkale-esirleri-1711560430.webp.webp","width":710,"height":370},{"@type":"BreadcrumbList","@id":"https:\/\/kibrisdakik.com\/?p=35986#breadcrumb","itemListElement":[{"@type":"ListItem","position":1,"name":"Home","item":"https:\/\/kibrisdakik.com\/"},{"@type":"ListItem","position":2,"name":"\u201cSand\u0131ktan \u00c7\u0131kan Tarih: K\u0131br\u0131s\u2019ta \u00c7anakkale Esirleri\u201d"}]},{"@type":"WebSite","@id":"https:\/\/kibrisdakik.com\/#website","url":"https:\/\/kibrisdakik.com\/","name":"","description":"Tam vaktinde haber","potentialAction":[{"@type":"SearchAction","target":{"@type":"EntryPoint","urlTemplate":"https:\/\/kibrisdakik.com\/?s={search_term_string}"},"query-input":{"@type":"PropertyValueSpecification","valueRequired":true,"valueName":"search_term_string"}}],"inLanguage":"tr"},{"@type":"Person","@id":"https:\/\/kibrisdakik.com\/#\/schema\/person\/9cd9d437bbb44f72b73ba127e06d8e79","name":"admin","image":{"@type":"ImageObject","inLanguage":"tr","@id":"https:\/\/secure.gravatar.com\/avatar\/ccc17943b9d660506c869530f897617f7cb1c21a4bf30023f252596d83e1f007?s=96&d=mm&r=g","url":"https:\/\/secure.gravatar.com\/avatar\/ccc17943b9d660506c869530f897617f7cb1c21a4bf30023f252596d83e1f007?s=96&d=mm&r=g","contentUrl":"https:\/\/secure.gravatar.com\/avatar\/ccc17943b9d660506c869530f897617f7cb1c21a4bf30023f252596d83e1f007?s=96&d=mm&r=g","caption":"admin"},"sameAs":["https:\/\/kibrisdakik.com"],"url":"https:\/\/kibrisdakik.com\/?author=1"}]}},"_links":{"self":[{"href":"https:\/\/kibrisdakik.com\/index.php?rest_route=\/wp\/v2\/posts\/35986","targetHints":{"allow":["GET"]}}],"collection":[{"href":"https:\/\/kibrisdakik.com\/index.php?rest_route=\/wp\/v2\/posts"}],"about":[{"href":"https:\/\/kibrisdakik.com\/index.php?rest_route=\/wp\/v2\/types\/post"}],"author":[{"embeddable":true,"href":"https:\/\/kibrisdakik.com\/index.php?rest_route=\/wp\/v2\/users\/1"}],"replies":[{"embeddable":true,"href":"https:\/\/kibrisdakik.com\/index.php?rest_route=%2Fwp%2Fv2%2Fcomments&post=35986"}],"version-history":[{"count":0,"href":"https:\/\/kibrisdakik.com\/index.php?rest_route=\/wp\/v2\/posts\/35986\/revisions"}],"wp:featuredmedia":[{"embeddable":true,"href":"https:\/\/kibrisdakik.com\/index.php?rest_route=\/wp\/v2\/media\/35987"}],"wp:attachment":[{"href":"https:\/\/kibrisdakik.com\/index.php?rest_route=%2Fwp%2Fv2%2Fmedia&parent=35986"}],"wp:term":[{"taxonomy":"category","embeddable":true,"href":"https:\/\/kibrisdakik.com\/index.php?rest_route=%2Fwp%2Fv2%2Fcategories&post=35986"},{"taxonomy":"post_tag","embeddable":true,"href":"https:\/\/kibrisdakik.com\/index.php?rest_route=%2Fwp%2Fv2%2Ftags&post=35986"}],"curies":[{"name":"wp","href":"https:\/\/api.w.org\/{rel}","templated":true}]}}