{"id":36129,"date":"2024-03-28T23:14:52","date_gmt":"2024-03-28T23:14:52","guid":{"rendered":"https:\/\/kibrisdakik.com\/index.php\/2024\/03\/28\/belediyeler-birligi-heyeti-strazburgda-temaslar-yapti\/"},"modified":"2024-03-28T23:14:52","modified_gmt":"2024-03-28T23:14:52","slug":"belediyeler-birligi-heyeti-strazburgda-temaslar-yapti","status":"publish","type":"post","link":"https:\/\/kibrisdakik.com\/?p=36129","title":{"rendered":"Belediyeler Birli\u011fi Heyeti, Strazburg\u2019da temaslar yapt\u0131"},"content":{"rendered":"<p><\/p>\n<div>\n<div class=\"mariselle-image-container center\">\n                <img loading=\"lazy\" decoding=\"async\" width=\"2048\" height=\"1536\" class=\"lazy-image\" alt=\"\" sizes=\"auto, (max-width: 2048px) 100vw, 2048px\" src=\"https:\/\/brtk.net\/wp-content\/uploads\/2024\/03\/28\/e-belediyeler-birligi-3-.jpeg?ver=7cc1dd27b03a25cc096a4b5262fd2bd6\" srcset=\"https:\/\/brtk.net\/wp-content\/uploads\/2024\/03\/28\/e-belediyeler-birligi-3-.jpeg?ver=7cc1dd27b03a25cc096a4b5262fd2bd6 2048w, https:\/\/brtk.net\/wp-content\/uploads\/2024\/03\/28\/e-belediyeler-birligi-3--300x225.jpeg?ver=72aa8a9ec1c6933da9252cc43e1cfe0e 300w, https:\/\/brtk.net\/wp-content\/uploads\/2024\/03\/28\/e-belediyeler-birligi-3--1024x768.jpeg?ver=72aa8a9ec1c6933da9252cc43e1cfe0e 1024w, https:\/\/brtk.net\/wp-content\/uploads\/2024\/03\/28\/e-belediyeler-birligi-3--768x576.jpeg?ver=72aa8a9ec1c6933da9252cc43e1cfe0e 768w, https:\/\/brtk.net\/wp-content\/uploads\/2024\/03\/28\/e-belediyeler-birligi-3--1536x1152.jpeg?ver=73b7c214cbd7ab056e17135da06b5752 1536w\"\/>                            <\/div>\n<p>\nK\u0131br\u0131s T\u00fcrk Belediyeler Birli\u011fi Heyeti, Fransa\u2019n\u0131n Strazburg kentinde d\u00fczenlenen Avrupa Konseyi Yerel ve B\u00f6lgesel Y\u00f6netimler 46\u2019nc\u0131 Kongre Oturumu\u2019na ve komite toplant\u0131lar\u0131na kat\u0131ld\u0131.<\/p>\n<p>Belediyeler Birli\u011finden yap\u0131lan a\u00e7\u0131klamaya g\u00f6re, Belediyeler Birli\u011fi ve G\u00fczelyurt Belediyesi Ba\u015fkan\u0131 Mahmut \u00d6z\u00e7\u0131nar ba\u015fkanl\u0131\u011f\u0131ndaki heyette Belediyeler Birli\u011fi Asba\u015fkan\u0131 ve \u0130skele Belediye Ba\u015fkan\u0131 Hasan Sad\u0131ko\u011flu, Girne Belediye Ba\u015fkan\u0131 Murat \u015eenkul, G\u00f6nyeli-Alayk\u00f6y Belediye Ba\u015fkan\u0131 H\u00fcseyin Amcao\u011flu, Belediyeler Birli\u011fi Uluslararas\u0131 Delegasyon Sekreteri ve Girne Belediye M\u00fcd\u00fcr\u00fc H\u00fcseyin K\u00f6le ve G\u00f6nyeli-Alayk\u00f6y Belediye M\u00fcd\u00fcr\u00fc Ferruh D\u00fclgero\u011flu yer ald\u0131.<\/p>\n<p>Strazburg\u2019daki \u0130zleme Komitesi toplant\u0131s\u0131na \u00d6z\u00e7\u0131nar ve K\u00f6le, \u0130dari Komite toplant\u0131s\u0131na Amcao\u011flu ve D\u00fclgero\u011flu, G\u00fcncel \u0130\u015fler komite toplant\u0131s\u0131na ise Sad\u0131ko\u011flu ve \u015eenkul kat\u0131ld\u0131.<\/p>\n<p>A\u00e7\u0131klamaya g\u00f6re, Belediyeler Birli\u011fi heyeti, Strazburg\u2019da temaslarda da bulundu. Belediye ba\u015fkanlar\u0131 Strazburg\u2019da s\u00fcrd\u00fcrd\u00fckleri temaslar\u0131 kapsam\u0131nda Avrupa Konseyi Yerel ve B\u00f6lgesel Y\u00f6netimler Kongresi Ba\u015fkan\u0131 Marc Cools, Yerel Y\u00f6netimler Odas\u0131 Ba\u015fkan\u0131 Bernd V\u00f6hringer, T\u00fcrkiye Cumhuriyeti\u2019nin Avrupa Konseyi Daimi Temsilcisi, B\u00fcy\u00fckel\u00e7i Nurdan Bayraktar Golder ve <a href=\"https:\/\/brtk.net\/\">KKTC<\/a> Strazburg Temsilcisi Selda \u00c7imen ile de bir araya geldi. <\/p>\n<p>Strazburg\u2019daki toplant\u0131 ve temaslar\u0131n\u0131n olduk\u00e7a verimli oldu\u011funu belirten \u00d6z\u00e7\u0131nar, kendileri i\u00e7in bunun \u00e7ok \u00f6nemli oldu\u011funa dikkat \u00e7ekti. \u00d6z\u00e7\u0131nar, K\u0131br\u0131s T\u00fcrk yerel demokrasisinin geli\u015fimi ve Avrupa Konseyi\u2019nde daha fazla g\u00f6r\u00fcn\u00fcrl\u00fck sa\u011flamak ad\u0131na \u00e7al\u0131\u015fmalar\u0131n\u0131 s\u00fcrd\u00fcreceklerini vurgulad\u0131.<\/p>\n<p>Belediyeler Birli\u011fi ve G\u00fczelyurt Belediye Ba\u015fkan\u0131 Mahmut \u00d6z\u00e7\u0131nar ba\u015fkanl\u0131\u011f\u0131ndaki heyet ayr\u0131ca, T\u00fcrkiye Cumhuriyeti B\u00fcy\u00fckel\u00e7ili\u011finin verdi\u011fi iftar yeme\u011fine de kat\u0131ld\u0131.<\/p>\n<\/p><\/div>\n<p><script async\n                    defer\n                    crossorigin=\"anonymous\"\n                    src=\"https:\/\/connect.facebook.net\/tr_TR\/sdk.js#xfbml=1&#038;version=v3.3\"\n            ><\/script><\/p>\n","protected":false},"excerpt":{"rendered":"<p>K\u0131br\u0131s T\u00fcrk Belediyeler Birli\u011fi Heyeti, Fransa\u2019n\u0131n Strazburg kentinde d\u00fczenlenen Avrupa Konseyi Yerel ve B\u00f6lgesel Y\u00f6netimler 46\u2019nc\u0131 Kongre Oturumu\u2019na ve komite toplant\u0131lar\u0131na kat\u0131ld\u0131. Belediyeler Birli\u011finden yap\u0131lan a\u00e7\u0131klamaya g\u00f6re, Belediyeler Birli\u011fi ve G\u00fczelyurt Belediyesi Ba\u015fkan\u0131 Mahmut \u00d6z\u00e7\u0131nar ba\u015fkanl\u0131\u011f\u0131ndaki heyette Belediyeler Birli\u011fi Asba\u015fkan\u0131 ve \u0130skele Belediye Ba\u015fkan\u0131 Hasan Sad\u0131ko\u011flu, Girne Belediye Ba\u015fkan\u0131 Murat \u015eenkul, G\u00f6nyeli-Alayk\u00f6y Belediye Ba\u015fkan\u0131 H\u00fcseyin<\/p>\n","protected":false},"author":1,"featured_media":36130,"comment_status":"open","ping_status":"open","sticky":false,"template":"","format":"standard","meta":{"footnotes":""},"categories":[1],"tags":[],"class_list":["post-36129","post","type-post","status-publish","format-standard","has-post-thumbnail","hentry","category-gundem"],"yoast_head":"<!-- This site is optimized with the Yoast SEO plugin v27.4 - https:\/\/yoast.com\/product\/yoast-seo-wordpress\/ -->\n<title>Belediyeler Birli\u011fi Heyeti, Strazburg\u2019da temaslar yapt\u0131 -<\/title>\n<meta name=\"robots\" content=\"index, follow, max-snippet:-1, max-image-preview:large, max-video-preview:-1\" \/>\n<link rel=\"canonical\" href=\"https:\/\/kibrisdakik.com\/?p=36129\" \/>\n<meta property=\"og:locale\" content=\"tr_TR\" \/>\n<meta property=\"og:type\" content=\"article\" \/>\n<meta property=\"og:title\" content=\"Belediyeler Birli\u011fi Heyeti, Strazburg\u2019da temaslar yapt\u0131 -\" \/>\n<meta property=\"og:description\" content=\"K\u0131br\u0131s T\u00fcrk Belediyeler Birli\u011fi Heyeti, Fransa\u2019n\u0131n Strazburg kentinde d\u00fczenlenen Avrupa Konseyi Yerel ve B\u00f6lgesel Y\u00f6netimler 46\u2019nc\u0131 Kongre Oturumu\u2019na ve komite toplant\u0131lar\u0131na kat\u0131ld\u0131. Belediyeler Birli\u011finden yap\u0131lan a\u00e7\u0131klamaya g\u00f6re, Belediyeler Birli\u011fi ve G\u00fczelyurt Belediyesi Ba\u015fkan\u0131 Mahmut \u00d6z\u00e7\u0131nar ba\u015fkanl\u0131\u011f\u0131ndaki heyette Belediyeler Birli\u011fi Asba\u015fkan\u0131 ve \u0130skele Belediye Ba\u015fkan\u0131 Hasan Sad\u0131ko\u011flu, Girne Belediye Ba\u015fkan\u0131 Murat \u015eenkul, G\u00f6nyeli-Alayk\u00f6y Belediye Ba\u015fkan\u0131 H\u00fcseyin\" \/>\n<meta property=\"og:url\" content=\"https:\/\/kibrisdakik.com\/?p=36129\" \/>\n<meta property=\"article:published_time\" content=\"2024-03-28T23:14:52+00:00\" \/>\n<meta property=\"og:image\" content=\"https:\/\/kibrisdakik.com\/wp-content\/uploads\/2024\/03\/e-belediyeler-birligi-3--740x420.jpeg\" \/>\n\t<meta property=\"og:image:width\" content=\"2048\" \/>\n\t<meta property=\"og:image:height\" content=\"1536\" \/>\n\t<meta property=\"og:image:type\" content=\"image\/jpeg\" \/>\n<meta name=\"author\" content=\"admin\" \/>\n<meta name=\"twitter:card\" content=\"summary_large_image\" \/>\n<meta name=\"twitter:label1\" content=\"Yazan:\" \/>\n\t<meta name=\"twitter:data1\" content=\"admin\" \/>\n\t<meta name=\"twitter:label2\" content=\"Tahmini okuma s\u00fcresi\" \/>\n\t<meta name=\"twitter:data2\" content=\"2 dakika\" \/>\n<script type=\"application\/ld+json\" class=\"yoast-schema-graph\">{\"@context\":\"https:\\\/\\\/schema.org\",\"@graph\":[{\"@type\":\"Article\",\"@id\":\"https:\\\/\\\/kibrisdakik.com\\\/?p=36129#article\",\"isPartOf\":{\"@id\":\"https:\\\/\\\/kibrisdakik.com\\\/?p=36129\"},\"author\":{\"name\":\"admin\",\"@id\":\"https:\\\/\\\/kibrisdakik.com\\\/#\\\/schema\\\/person\\\/9cd9d437bbb44f72b73ba127e06d8e79\"},\"headline\":\"Belediyeler Birli\u011fi Heyeti, Strazburg\u2019da temaslar yapt\u0131\",\"datePublished\":\"2024-03-28T23:14:52+00:00\",\"mainEntityOfPage\":{\"@id\":\"https:\\\/\\\/kibrisdakik.com\\\/?p=36129\"},\"wordCount\":331,\"commentCount\":0,\"image\":{\"@id\":\"https:\\\/\\\/kibrisdakik.com\\\/?p=36129#primaryimage\"},\"thumbnailUrl\":\"https:\\\/\\\/kibrisdakik.com\\\/wp-content\\\/uploads\\\/2024\\\/03\\\/e-belediyeler-birligi-3--740x420.jpeg\",\"articleSection\":[\"G\u00fcndem\"],\"inLanguage\":\"tr\",\"potentialAction\":[{\"@type\":\"CommentAction\",\"name\":\"Comment\",\"target\":[\"https:\\\/\\\/kibrisdakik.com\\\/?p=36129#respond\"]}]},{\"@type\":\"WebPage\",\"@id\":\"https:\\\/\\\/kibrisdakik.com\\\/?p=36129\",\"url\":\"https:\\\/\\\/kibrisdakik.com\\\/?p=36129\",\"name\":\"Belediyeler Birli\u011fi Heyeti, Strazburg\u2019da temaslar yapt\u0131 -\",\"isPartOf\":{\"@id\":\"https:\\\/\\\/kibrisdakik.com\\\/#website\"},\"primaryImageOfPage\":{\"@id\":\"https:\\\/\\\/kibrisdakik.com\\\/?p=36129#primaryimage\"},\"image\":{\"@id\":\"https:\\\/\\\/kibrisdakik.com\\\/?p=36129#primaryimage\"},\"thumbnailUrl\":\"https:\\\/\\\/kibrisdakik.com\\\/wp-content\\\/uploads\\\/2024\\\/03\\\/e-belediyeler-birligi-3--740x420.jpeg\",\"datePublished\":\"2024-03-28T23:14:52+00:00\",\"author\":{\"@id\":\"https:\\\/\\\/kibrisdakik.com\\\/#\\\/schema\\\/person\\\/9cd9d437bbb44f72b73ba127e06d8e79\"},\"breadcrumb\":{\"@id\":\"https:\\\/\\\/kibrisdakik.com\\\/?p=36129#breadcrumb\"},\"inLanguage\":\"tr\",\"potentialAction\":[{\"@type\":\"ReadAction\",\"target\":[\"https:\\\/\\\/kibrisdakik.com\\\/?p=36129\"]}]},{\"@type\":\"ImageObject\",\"inLanguage\":\"tr\",\"@id\":\"https:\\\/\\\/kibrisdakik.com\\\/?p=36129#primaryimage\",\"url\":\"https:\\\/\\\/kibrisdakik.com\\\/wp-content\\\/uploads\\\/2024\\\/03\\\/e-belediyeler-birligi-3--740x420.jpeg\",\"contentUrl\":\"https:\\\/\\\/kibrisdakik.com\\\/wp-content\\\/uploads\\\/2024\\\/03\\\/e-belediyeler-birligi-3--740x420.jpeg\",\"width\":2048,\"height\":1536},{\"@type\":\"BreadcrumbList\",\"@id\":\"https:\\\/\\\/kibrisdakik.com\\\/?p=36129#breadcrumb\",\"itemListElement\":[{\"@type\":\"ListItem\",\"position\":1,\"name\":\"Home\",\"item\":\"https:\\\/\\\/kibrisdakik.com\\\/\"},{\"@type\":\"ListItem\",\"position\":2,\"name\":\"Belediyeler Birli\u011fi Heyeti, Strazburg\u2019da temaslar yapt\u0131\"}]},{\"@type\":\"WebSite\",\"@id\":\"https:\\\/\\\/kibrisdakik.com\\\/#website\",\"url\":\"https:\\\/\\\/kibrisdakik.com\\\/\",\"name\":\"\",\"description\":\"Tam vaktinde haber\",\"potentialAction\":[{\"@type\":\"SearchAction\",\"target\":{\"@type\":\"EntryPoint\",\"urlTemplate\":\"https:\\\/\\\/kibrisdakik.com\\\/?s={search_term_string}\"},\"query-input\":{\"@type\":\"PropertyValueSpecification\",\"valueRequired\":true,\"valueName\":\"search_term_string\"}}],\"inLanguage\":\"tr\"},{\"@type\":\"Person\",\"@id\":\"https:\\\/\\\/kibrisdakik.com\\\/#\\\/schema\\\/person\\\/9cd9d437bbb44f72b73ba127e06d8e79\",\"name\":\"admin\",\"image\":{\"@type\":\"ImageObject\",\"inLanguage\":\"tr\",\"@id\":\"https:\\\/\\\/secure.gravatar.com\\\/avatar\\\/ccc17943b9d660506c869530f897617f7cb1c21a4bf30023f252596d83e1f007?s=96&d=mm&r=g\",\"url\":\"https:\\\/\\\/secure.gravatar.com\\\/avatar\\\/ccc17943b9d660506c869530f897617f7cb1c21a4bf30023f252596d83e1f007?s=96&d=mm&r=g\",\"contentUrl\":\"https:\\\/\\\/secure.gravatar.com\\\/avatar\\\/ccc17943b9d660506c869530f897617f7cb1c21a4bf30023f252596d83e1f007?s=96&d=mm&r=g\",\"caption\":\"admin\"},\"sameAs\":[\"https:\\\/\\\/kibrisdakik.com\"],\"url\":\"https:\\\/\\\/kibrisdakik.com\\\/?author=1\"}]}<\/script>\n<!-- \/ Yoast SEO plugin. -->","yoast_head_json":{"title":"Belediyeler Birli\u011fi Heyeti, Strazburg\u2019da temaslar yapt\u0131 -","robots":{"index":"index","follow":"follow","max-snippet":"max-snippet:-1","max-image-preview":"max-image-preview:large","max-video-preview":"max-video-preview:-1"},"canonical":"https:\/\/kibrisdakik.com\/?p=36129","og_locale":"tr_TR","og_type":"article","og_title":"Belediyeler Birli\u011fi Heyeti, Strazburg\u2019da temaslar yapt\u0131 -","og_description":"K\u0131br\u0131s T\u00fcrk Belediyeler Birli\u011fi Heyeti, Fransa\u2019n\u0131n Strazburg kentinde d\u00fczenlenen Avrupa Konseyi Yerel ve B\u00f6lgesel Y\u00f6netimler 46\u2019nc\u0131 Kongre Oturumu\u2019na ve komite toplant\u0131lar\u0131na kat\u0131ld\u0131. Belediyeler Birli\u011finden yap\u0131lan a\u00e7\u0131klamaya g\u00f6re, Belediyeler Birli\u011fi ve G\u00fczelyurt Belediyesi Ba\u015fkan\u0131 Mahmut \u00d6z\u00e7\u0131nar ba\u015fkanl\u0131\u011f\u0131ndaki heyette Belediyeler Birli\u011fi Asba\u015fkan\u0131 ve \u0130skele Belediye Ba\u015fkan\u0131 Hasan Sad\u0131ko\u011flu, Girne Belediye Ba\u015fkan\u0131 Murat \u015eenkul, G\u00f6nyeli-Alayk\u00f6y Belediye Ba\u015fkan\u0131 H\u00fcseyin","og_url":"https:\/\/kibrisdakik.com\/?p=36129","article_published_time":"2024-03-28T23:14:52+00:00","og_image":[{"width":2048,"height":1536,"url":"https:\/\/kibrisdakik.com\/wp-content\/uploads\/2024\/03\/e-belediyeler-birligi-3--740x420.jpeg","type":"image\/jpeg"}],"author":"admin","twitter_card":"summary_large_image","twitter_misc":{"Yazan:":"admin","Tahmini okuma s\u00fcresi":"2 dakika"},"schema":{"@context":"https:\/\/schema.org","@graph":[{"@type":"Article","@id":"https:\/\/kibrisdakik.com\/?p=36129#article","isPartOf":{"@id":"https:\/\/kibrisdakik.com\/?p=36129"},"author":{"name":"admin","@id":"https:\/\/kibrisdakik.com\/#\/schema\/person\/9cd9d437bbb44f72b73ba127e06d8e79"},"headline":"Belediyeler Birli\u011fi Heyeti, Strazburg\u2019da temaslar yapt\u0131","datePublished":"2024-03-28T23:14:52+00:00","mainEntityOfPage":{"@id":"https:\/\/kibrisdakik.com\/?p=36129"},"wordCount":331,"commentCount":0,"image":{"@id":"https:\/\/kibrisdakik.com\/?p=36129#primaryimage"},"thumbnailUrl":"https:\/\/kibrisdakik.com\/wp-content\/uploads\/2024\/03\/e-belediyeler-birligi-3--740x420.jpeg","articleSection":["G\u00fcndem"],"inLanguage":"tr","potentialAction":[{"@type":"CommentAction","name":"Comment","target":["https:\/\/kibrisdakik.com\/?p=36129#respond"]}]},{"@type":"WebPage","@id":"https:\/\/kibrisdakik.com\/?p=36129","url":"https:\/\/kibrisdakik.com\/?p=36129","name":"Belediyeler Birli\u011fi Heyeti, Strazburg\u2019da temaslar yapt\u0131 -","isPartOf":{"@id":"https:\/\/kibrisdakik.com\/#website"},"primaryImageOfPage":{"@id":"https:\/\/kibrisdakik.com\/?p=36129#primaryimage"},"image":{"@id":"https:\/\/kibrisdakik.com\/?p=36129#primaryimage"},"thumbnailUrl":"https:\/\/kibrisdakik.com\/wp-content\/uploads\/2024\/03\/e-belediyeler-birligi-3--740x420.jpeg","datePublished":"2024-03-28T23:14:52+00:00","author":{"@id":"https:\/\/kibrisdakik.com\/#\/schema\/person\/9cd9d437bbb44f72b73ba127e06d8e79"},"breadcrumb":{"@id":"https:\/\/kibrisdakik.com\/?p=36129#breadcrumb"},"inLanguage":"tr","potentialAction":[{"@type":"ReadAction","target":["https:\/\/kibrisdakik.com\/?p=36129"]}]},{"@type":"ImageObject","inLanguage":"tr","@id":"https:\/\/kibrisdakik.com\/?p=36129#primaryimage","url":"https:\/\/kibrisdakik.com\/wp-content\/uploads\/2024\/03\/e-belediyeler-birligi-3--740x420.jpeg","contentUrl":"https:\/\/kibrisdakik.com\/wp-content\/uploads\/2024\/03\/e-belediyeler-birligi-3--740x420.jpeg","width":2048,"height":1536},{"@type":"BreadcrumbList","@id":"https:\/\/kibrisdakik.com\/?p=36129#breadcrumb","itemListElement":[{"@type":"ListItem","position":1,"name":"Home","item":"https:\/\/kibrisdakik.com\/"},{"@type":"ListItem","position":2,"name":"Belediyeler Birli\u011fi Heyeti, Strazburg\u2019da temaslar yapt\u0131"}]},{"@type":"WebSite","@id":"https:\/\/kibrisdakik.com\/#website","url":"https:\/\/kibrisdakik.com\/","name":"","description":"Tam vaktinde haber","potentialAction":[{"@type":"SearchAction","target":{"@type":"EntryPoint","urlTemplate":"https:\/\/kibrisdakik.com\/?s={search_term_string}"},"query-input":{"@type":"PropertyValueSpecification","valueRequired":true,"valueName":"search_term_string"}}],"inLanguage":"tr"},{"@type":"Person","@id":"https:\/\/kibrisdakik.com\/#\/schema\/person\/9cd9d437bbb44f72b73ba127e06d8e79","name":"admin","image":{"@type":"ImageObject","inLanguage":"tr","@id":"https:\/\/secure.gravatar.com\/avatar\/ccc17943b9d660506c869530f897617f7cb1c21a4bf30023f252596d83e1f007?s=96&d=mm&r=g","url":"https:\/\/secure.gravatar.com\/avatar\/ccc17943b9d660506c869530f897617f7cb1c21a4bf30023f252596d83e1f007?s=96&d=mm&r=g","contentUrl":"https:\/\/secure.gravatar.com\/avatar\/ccc17943b9d660506c869530f897617f7cb1c21a4bf30023f252596d83e1f007?s=96&d=mm&r=g","caption":"admin"},"sameAs":["https:\/\/kibrisdakik.com"],"url":"https:\/\/kibrisdakik.com\/?author=1"}]}},"_links":{"self":[{"href":"https:\/\/kibrisdakik.com\/index.php?rest_route=\/wp\/v2\/posts\/36129","targetHints":{"allow":["GET"]}}],"collection":[{"href":"https:\/\/kibrisdakik.com\/index.php?rest_route=\/wp\/v2\/posts"}],"about":[{"href":"https:\/\/kibrisdakik.com\/index.php?rest_route=\/wp\/v2\/types\/post"}],"author":[{"embeddable":true,"href":"https:\/\/kibrisdakik.com\/index.php?rest_route=\/wp\/v2\/users\/1"}],"replies":[{"embeddable":true,"href":"https:\/\/kibrisdakik.com\/index.php?rest_route=%2Fwp%2Fv2%2Fcomments&post=36129"}],"version-history":[{"count":0,"href":"https:\/\/kibrisdakik.com\/index.php?rest_route=\/wp\/v2\/posts\/36129\/revisions"}],"wp:featuredmedia":[{"embeddable":true,"href":"https:\/\/kibrisdakik.com\/index.php?rest_route=\/wp\/v2\/media\/36130"}],"wp:attachment":[{"href":"https:\/\/kibrisdakik.com\/index.php?rest_route=%2Fwp%2Fv2%2Fmedia&parent=36129"}],"wp:term":[{"taxonomy":"category","embeddable":true,"href":"https:\/\/kibrisdakik.com\/index.php?rest_route=%2Fwp%2Fv2%2Fcategories&post=36129"},{"taxonomy":"post_tag","embeddable":true,"href":"https:\/\/kibrisdakik.com\/index.php?rest_route=%2Fwp%2Fv2%2Ftags&post=36129"}],"curies":[{"name":"wp","href":"https:\/\/api.w.org\/{rel}","templated":true}]}}