{"id":36141,"date":"2024-03-29T01:18:15","date_gmt":"2024-03-29T01:18:15","guid":{"rendered":"https:\/\/kibrisdakik.com\/index.php\/2024\/03\/29\/yetkilerimizi-sistemi-suiistimal-edenlere-karsi-kullanmakta-kararliyiz\/"},"modified":"2024-03-29T01:18:15","modified_gmt":"2024-03-29T01:18:15","slug":"yetkilerimizi-sistemi-suiistimal-edenlere-karsi-kullanmakta-kararliyiz","status":"publish","type":"post","link":"https:\/\/kibrisdakik.com\/?p=36141","title":{"rendered":"\u201cYetkilerimizi sistemi suiistimal edenlere kar\u015f\u0131 kullanmakta kararl\u0131y\u0131z\u201d"},"content":{"rendered":"<p><img decoding=\"async\" src=\"https:\/\/www.kibristurk.com\/images\/haberler\/2024\/03\/yetkilerimizi-sistemi-suiistimal-edenlere-karsi-kullanmakta-kararliyiz-1711638096.webp\" \/><\/p>\n<p style=\"text-align:left\"><span style=\"font-size:16px\"><span style=\"font-family:Merriweather,serif !important\"><span style=\"color:#000000\"><span style=\"background-color:#ffffff\">Y\u00d6DAK Ba\u015fkan\u0131 Prof. Dr. Aykut Hocan\u0131n, son d\u00f6nemde y\u00fcksek\u00f6\u011fretim alan\u0131nda g\u00fcndeme gelen usuls\u00fczl\u00fcklerle ilgili ilk kapsaml\u0131 de\u011ferlendirmesini T\u00fcrk Ajans\u0131 K\u0131br\u0131s (TAK) muhabirine yapt\u0131..<\/span><\/span><\/span><\/span><\/p>\n<p style=\"text-align:left\"><span style=\"font-size:16px\"><span style=\"font-family:Merriweather,serif !important\"><span style=\"color:#000000\"><span style=\"background-color:#ffffff\">Y\u00fcksek\u00f6\u011fretimin Kuzey K\u0131br\u0131s T\u00fcrk Cumhuriyeti (KKTC) i\u00e7in \u00f6nemine dikkat \u00e7eken Hocan\u0131n, 1979 y\u0131l\u0131nda \u00d6\u011fretmen Akademisi\u2019nin kurulmas\u0131yla ba\u015flayan ve devam\u0131nda Do\u011fu Akdeniz \u00dcniversitesi ile devam eden sekt\u00f6r\u00fcn, T\u00fcrkiye\u2019den \u00f6\u011frencilerin gelmeye ba\u015flamas\u0131yla h\u0131zl\u0131 \u015fekilde b\u00fcy\u00fcyerek geli\u015fti\u011fini kaydetti.<\/span><\/span><\/span><\/span><\/p>\n<p style=\"text-align:left\"><span style=\"font-size:16px\"><span style=\"font-family:Merriweather,serif !important\"><span style=\"color:#000000\"><span style=\"background-color:#ffffff\">Y\u00d6DAK\u2019\u0131n ise 2005 y\u0131l\u0131nda yasa ile kuruldu\u011funu aktaran Hocan\u0131n, Kurumun planlama, denetleme, akreditasyon ve koordinasyon g\u00f6revleri oldu\u011funu s\u00f6yledi.<\/span><\/span><\/span><\/span><\/p>\n<p style=\"text-align:left\">&nbsp;<\/p>\n<p style=\"text-align:left\"><span style=\"font-size:16px\"><span style=\"font-family:Merriweather,serif !important\"><span style=\"color:#000000\"><span style=\"background-color:#ffffff\"><span style=\"font-size:12pt\"><span style=\"font-family:Merriweather,serif !important\"><span style=\"color:#000000 !important\">-\u201c Akreditasyon i\u015flemlerinin \u00f6zerk bir yap\u0131ya kavu\u015fturulmas\u0131 gerekir\u201d<\/span><\/span><\/span><\/span><\/span><\/span><\/span><\/p>\n<p style=\"text-align:left\"><span style=\"font-size:16px\"><span style=\"font-family:Merriweather,serif !important\"><span style=\"color:#000000\"><span style=\"background-color:#ffffff\">2016 y\u0131l\u0131nda yay\u0131mlanan D\u00fcnya Bankas\u0131 raporunda da belirtildi\u011fi gibi planlay\u0131c\u0131, koordine edici ve denetleyici i\u015flemler ile akreditasyon i\u015flemlerinin ayr\u0131 yap\u0131lmas\u0131 gerekti\u011fini vurgulayan Hocan\u0131n, T\u00fcrkiye\u2019de de akreditasyon i\u015flemleri i\u00e7in Y\u00d6K\u2019ten (Y\u00fcksek\u00f6\u011fretim Kurulu) ba\u011f\u0131ms\u0131z olarak Y\u00d6KAK\u2019\u0131n (Y\u00fcksek\u00f6\u011fretim Kalite Kurulu) g\u00f6rev yapt\u0131\u011f\u0131 \u00f6rne\u011fini vererek, KKTC\u2019de de akreditasyon i\u015flemlerinin Y\u00d6DAK\u2019tan ba\u011f\u0131ms\u0131z olarak y\u00fcr\u00fct\u00fclmesi gerekti\u011fini belirtti.<\/span><\/span><\/span><\/span><\/p>\n<p style=\"text-align:left\"><span style=\"font-size:16px\"><span style=\"font-family:Merriweather,serif !important\"><span style=\"color:#000000\"><span style=\"background-color:#ffffff\">\u201cAkreditasyon i\u015flemlerinin \u00f6zerk bir yap\u0131ya kavu\u015fturulmas\u0131 gerekir.\u201d diyen Prof. Dr. Hocan\u0131n, \u015fu anda bu yetkinin yasal olarak Y\u00d6DAK\u2019ta oldu\u011funu yineledi ve yap\u0131lacak d\u00fczenlemelerle yerli ve yabanc\u0131 uzmanlarla donat\u0131lacak bir kurul taraf\u0131ndan akreditasyon \u00e7al\u0131\u015fmalar\u0131n\u0131n y\u00fcr\u00fct\u00fclebilece\u011fini anlatt\u0131.<\/span><\/span><\/span><\/span><\/p>\n<p style=\"text-align:left\"><span style=\"font-size:16px\"><span style=\"font-family:Merriweather,serif !important\"><span style=\"color:#000000\"><span style=\"background-color:#ffffff\">Hocan\u0131n, son d\u00f6nemde y\u00fcksek\u00f6\u011fretimde ya\u015fananlar\u0131n g\u00fcven zedeledi\u011fini, bunlar\u0131n ciddiyetle ele al\u0131narak hukuk \u00e7er\u00e7evesinde \u00e7\u00f6z\u00fclmesi gerekti\u011fini vurgulayarak, sistemin fiili olarak denetlenebilece\u011fi bir noktaya getirilmesinin \u00f6nemine vurgu yapt\u0131 ve yeni kurgulanacak \u00e7al\u0131\u015fmalar\u0131n bu y\u00f6nde oldu\u011funu bildirdi.<\/span><\/span><\/span><\/span><\/p>\n<p style=\"text-align:left\"><span style=\"font-size:16px\"><span style=\"font-family:Merriweather,serif !important\"><span style=\"color:#000000\"><span style=\"background-color:#ffffff\">Y\u00d6DAK\u2019\u0131n y\u00fcksek\u00f6\u011frenimle ilgili g\u00f6revlerini yapmas\u0131 i\u00e7in veriye ihtiya\u00e7 duydu\u011funu vurgulayan Hocan\u0131n, olu\u015fturulacak veri sisteminin diplomalardaki g\u00fcven bunal\u0131m\u0131n\u0131 ortadan kald\u0131raca\u011f\u0131n\u0131 ve sistemli bir yap\u0131 olu\u015fmas\u0131na olanak sa\u011flayaca\u011f\u0131n\u0131 s\u00f6yledi.<\/span><\/span><\/span><\/span><\/p>\n<p style=\"text-align:left\"><span style=\"font-size:16px\"><span style=\"font-family:Merriweather,serif !important\"><span style=\"color:#000000\"><span style=\"background-color:#ffffff\">\u00dcniversitelerdeki programlar\u0131n a\u00e7\u0131lma prosed\u00fcr\u00fcn\u00fc de payla\u015fan Hocan\u0131n, \u201cHerhangi bir program a\u00e7\u0131lacaksa ilk yap\u0131lmas\u0131 gereken Milli E\u011fitim Bakanl\u0131\u011f\u0131\u2019na ba\u015fvurulmas\u0131, \u00f6n onay al\u0131nd\u0131ktan sonra \u00f6\u011fretime ba\u015flamas\u0131 i\u00e7in de Y\u00d6DAK\u2019a ba\u015fvurulmas\u0131 gerekir. Bu programlar T\u00fcrkiye\u2019den de \u00f6\u011frenci alacaksa, Y\u00d6K\u2019e de ba\u015fvurmalar\u0131 gerekir. Y\u00d6DAK onay\u0131ndan sonra Y\u00d6K\u2019e ba\u015fvuru yap\u0131ld\u0131\u011f\u0131 zaman, Y\u00d6K kabul etti\u011fi programlar\u0131 \u00d6SYM \u2013 YKS tercih k\u0131lavuzuna koyar. K\u0131lavuzda yer alan programlara T\u00fcrkiye vatanda\u015f\u0131 \u00f6\u011frenciler de yerle\u015febilir. Y\u00d6DAK\u2019tan onay alm\u0131\u015f ama hen\u00fcz Y\u00d6K taraf\u0131ndan onaylanmam\u0131\u015f ve T\u00fcrkiye Cumhuriyeti\u2019nden \u00f6\u011frencilerin yerle\u015fmedi\u011fi, yaln\u0131zca KKTC\u2019den ve yabanc\u0131 \u00fclkelerden \u00f6\u011frenci alan programlar\u0131m\u0131z da var. Hen\u00fcz hi\u00e7bir program\u0131 Y\u00d6K\u2019ten onay almam\u0131\u015f \u00fcniversitelerimiz de var.\u201d diye konu\u015ftu.<\/span><\/span><\/span><\/span><\/p>\n<p style=\"text-align:left\"><span style=\"font-size:16px\"><span style=\"font-family:Merriweather,serif !important\"><span style=\"color:#000000\"><span style=\"background-color:#ffffff\">Hocan\u0131n, T\u00fcrkiye\u2019deki k\u0131lavuzda yer alan t\u00fcm programlar\u0131n herhangi bir ek i\u015fleme gerek duymadan otomatik denkli\u011fe sahip oldu\u011funu da belirtirken, yaln\u0131zca Y\u00d6DAK onayl\u0131 olanlar\u0131n ise kriterlerini sa\u011flay\u0131p i\u015flemlerini buna g\u00f6re yapt\u0131rmalar\u0131 halinde denklik s\u0131k\u0131nt\u0131s\u0131 olmad\u0131\u011f\u0131n\u0131 ekledi.<\/span><\/span><\/span><\/span><\/p>\n<p style=\"text-align:left\">&nbsp;<\/p>\n<p style=\"text-align:left\">&nbsp;<\/p>\n<p style=\"text-align:left\"><span style=\"font-size:16px\"><span style=\"font-family:Merriweather,serif !important\"><span style=\"color:#000000\"><span style=\"background-color:#ffffff\">-\u201cYeni kurulacak sistem, Y\u00d6DAK\u2019\u0131n denetimlerini i\u015flevsel hale getirecek\u201d<\/span><\/span><\/span><\/span><\/p>\n<p style=\"text-align:left\"><span style=\"font-size:16px\"><span style=\"font-family:Merriweather,serif !important\"><span style=\"color:#000000\"><span style=\"background-color:#ffffff\">T\u00fcrkiye\u2019deki Y\u00fcksek\u00f6\u011fretim Bilgi Sistemi (Y\u00d6KS\u0130S) sistemi benzeri bir sistemin \u00fclkede de kurulmas\u0131 i\u00e7in Y\u00d6K ile \u00e7al\u0131\u015fmalar\u0131n ba\u015flad\u0131\u011f\u0131, \u00fcniversitelerin bilgilendirildi\u011fi, hem yaz\u0131l\u0131m, hem teknik hem idari i\u015flemlerin ba\u015flat\u0131ld\u0131\u011f\u0131 bilgisini veren Hocan\u0131n, 3-4 ay i\u00e7inde sistemin verileriyle birlikte haz\u0131r olaca\u011f\u0131 \u00f6ng\u00f6r\u00fcs\u00fcn\u00fc ortaya koydu ve mezunlar\u0131n da sisteme girilece\u011fini aktard\u0131.<\/span><\/span><\/span><\/span><\/p>\n<p style=\"text-align:left\"><span style=\"font-size:16px\"><span style=\"font-family:Merriweather,serif !important\"><span style=\"color:#000000\"><span style=\"background-color:#ffffff\">Hocan\u0131n, bu \u00e7er\u00e7evede, 25 Mart Pazartesi g\u00fcn\u00fc Y\u00d6K heyeti ile bir araya geldiklerini de aktard\u0131. Y\u00d6K Heyeti\u2019nden Y\u00d6K Ba\u015fkan Vekili Prof. Dr. H. Haldun G\u00f6kta\u015f, Y\u00d6K Denetleme Kurulu \u00dcyesi, Y\u00d6K \u0130\u00e7 Denetim Birimi Ba\u015fkan\u0131, Y\u00d6K Uluslararas\u0131 \u0130li\u015fkiler Dairesi Ba\u015fkan\u0131, Y\u00d6K E\u011fitim-\u00d6\u011fretim Dairesi Ba\u015fkan\u0131, Y\u00d6K Bilgi \u0130\u015flem Dairesi Ba\u015fkan\u0131, Y\u00d6K Veri Y\u00f6netimi \u0130zleme ve De\u011ferlendirme Dairesi Ba\u015fkan\u0131, Y\u00d6K Bili\u015fim Uzman\u0131, Y\u00d6K Yaz\u0131l\u0131m Uzman\u0131 ve Y\u00d6DAK\u2019tan Y\u00d6DAK Ba\u015fkan\u0131 Prof. Dr. Aykut Hocan\u0131n, Y\u00d6DAK Kurul \u00dcyeleri ve Y\u00d6DAK&nbsp; Hukuk\u00e7usu ile MEB Y\u00fcksek\u00f6\u011frenim Dairesi D\u0131\u015fili\u015fkiler M\u00fcd\u00fcr\u00fc, MEB Bilgi \u0130\u015flem sorumlular\u0131n\u0131n haz\u0131r bulundu\u011fu g\u00f6r\u00fc\u015fmenin \u00f6nemine vurgu yapan Hocan\u0131n, olu\u015fturulacak veri sistemine ili\u015fkin Y\u00d6K\u2019ten al\u0131nacak deste\u011fin \u00fclke y\u00fcksek\u00f6\u011fretimi a\u00e7\u0131s\u0131ndan \u00e7ok \u00f6nemli oldu\u011funu belirtti.<\/span><\/span><\/span><\/span><\/p>\n<p style=\"text-align:left\"><span style=\"font-size:16px\"><span style=\"font-family:Merriweather,serif !important\"><span style=\"color:#000000\"><span style=\"background-color:#ffffff\">Hocan\u0131n, Y\u00d6K\u2019ten onay alm\u0131\u015f programlar\u0131n T\u00fcrkiye\u2019deki Y\u00d6KS\u0130S\u2019e zaten kaydedildiklerini de ekledi ve \u201c\u015eimdi yap\u0131lacak olan t\u00fcm \u00fcniversitelerin programlar\u0131n\u0131, Y\u00d6K\u2019ten bir program\u0131 bile onay almam\u0131\u015f olanlar da dahil, Y\u00d6KS\u0130S benzeri sisteme kaydettirmek.\u201d dedi.<\/span><\/span><\/span><\/span><\/p>\n<p style=\"text-align:left\"><span style=\"font-size:16px\"><span style=\"font-family:Merriweather,serif !important\"><span style=\"color:#000000\"><span style=\"background-color:#ffffff\">\u201c\u015eu anda acil durum kay\u0131t tutulmas\u0131 ve denetleme k\u0131sm\u0131n\u0131n yap\u0131lmas\u0131d\u0131r.\u201d diyen Hocan\u0131n, KKTC\u2019de Y\u00d6K\u2019\u00fcn teknik deste\u011fi ile kurulacak Y\u00d6KS\u0130S benzeri yeni sistemin t\u00fcm yetki ve sorumlulu\u011funun Y\u00d6DAK\u2019ta olaca\u011f\u0131n\u0131 vurgulad\u0131 ve bu sistemin Y\u00d6DAK\u2019\u0131n denetimlerini i\u015flevsel hale getirece\u011fini inan\u00e7 belirtti.<\/span><\/span><\/span><\/span><\/p>\n<p style=\"text-align:left\">&nbsp;<\/p>\n<p style=\"text-align:left\"><span style=\"font-size:16px\"><span style=\"font-family:Merriweather,serif !important\"><span style=\"color:#000000\"><span style=\"background-color:#ffffff\"><span style=\"font-size:12pt\"><span style=\"font-family:Merriweather,serif !important\"><span style=\"color:#000000 !important\">-\u201cY\u00d6DAK olarak her alandaki denetim g\u00f6revlerimizi y\u00fcr\u00fct\u00fcp sistemin g\u00fcvenilir \u015feffaf olarak yap\u0131lanmas\u0131n\u0131 sa\u011flayaca\u011f\u0131z\u201d<\/span><\/span><\/span><\/span><\/span><\/span><\/span><\/p>\n<p style=\"text-align:left\"><span style=\"font-size:16px\"><span style=\"font-family:Merriweather,serif !important\"><span style=\"color:#000000\"><span style=\"background-color:#ffffff\">Y\u00fcksek\u00f6\u011fretimde gerekli t\u00fcm altyap\u0131n\u0131n g\u00fcncellenmesi, kaliteli denetim sistemlerinin olu\u015fturulmas\u0131, bili\u015fim altyap\u0131s\u0131n\u0131n g\u00fcn\u00fcn ko\u015fullar\u0131na uyumlu bir yap\u0131ya kavu\u015fmas\u0131n\u0131 hedefleyen sistemle ilgili bilgi de aktaran Hocan\u0131n, verilerin \u00fcniversiteler taraf\u0131ndan sisteme girilece\u011fini ve bu verilerle \u201c\u00f6\u011frencinin ne zaman \u00fcniversiteye ba\u015flad\u0131\u011f\u0131, ne zaman mezun oldu\u011fu, not d\u00f6k\u00fcmleri, gelen yabanc\u0131 \u00f6\u011frencinin muhaceret kay\u0131tlar\u0131, her t\u00fcrl\u00fc istatistiki bilginin takibi ve belge g\u00fcvenli\u011fi\u201d gibi bilgilere ula\u015f\u0131labilece\u011fini kaydetti. Hocan\u0131n, \u201cBunun uzant\u0131s\u0131 olarak da bizim birimlerimize, \u0130\u00e7i\u015fleri Bakanl\u0131\u011f\u0131\u2019na, Muhaceret Dairesi\u2019ne, askerlik tecil kurumlar\u0131na bu hizmetler, verinin okunarak yap\u0131lmas\u0131 sa\u011flanacakt\u0131r. Dolay\u0131s\u0131yla e- devlet y\u00f6n\u00fcnde de bir \u00f6neli ad\u0131m at\u0131lacakt\u0131r.\u201d dedi.<\/span><\/span><\/span><\/span><\/p>\n<p style=\"text-align:left\"><span style=\"font-size:16px\"><span style=\"font-family:Merriweather,serif !important\"><span style=\"color:#000000\"><span style=\"background-color:#ffffff\">Sistemin devreye girmesiyle 4 y\u0131ll\u0131k \u00fcniversiteyi 4 y\u0131ldan az s\u00fcrede bitirenleri bir \u00e7\u0131rp\u0131da g\u00f6rebileceklerini ve verilere ula\u015ft\u0131k\u00e7a daha etkin denetim yapabileceklerini anlatan Prof. Dr. Hocan\u0131n, sars\u0131lan g\u00fcvenin yeniden olu\u015fmas\u0131n\u0131n zaman istedi\u011fini, ancak s\u00fcreci hassasiyetle y\u00f6neteceklerini vurgulad\u0131.<\/span><\/span><\/span><\/span><\/p>\n<p style=\"text-align:left\"><span style=\"font-size:16px\"><span style=\"font-family:Merriweather,serif !important\"><span style=\"color:#000000\"><span style=\"background-color:#ffffff\">Y\u00d6K ile diyalog kurulmas\u0131, heyetin adaya gelmesi ve \u00e7al\u0131\u015fmalar\u0131n ba\u015flamas\u0131n\u0131n \u00e7ok h\u0131zl\u0131 oldu\u011funu belirten Hocan\u0131n, bunu yap\u0131lan \u00fcst d\u00fczey giri\u015fimlere ba\u011flayarak, Cumhurba\u015fkan\u0131, Ba\u015fbakan, T\u00fcrkiye\u2019nin Lefko\u015fa B\u00fcy\u00fckel\u00e7isi ve h\u00fck\u00fcmete giri\u015fimleri dolay\u0131s\u0131yla te\u015fekk\u00fcr etti.<\/span><\/span><\/span><\/span><\/p>\n<p style=\"text-align:left\"><span style=\"font-size:16px\"><span style=\"font-family:Merriweather,serif !important\"><span style=\"color:#000000\"><span style=\"background-color:#ffffff\">Kurulacak sistem ile \u00f6\u011frencilere ve velilere kaliteli e\u011fitim g\u00fcvencesi verilmesinin; sistemi suiistimal edenlerin, kanun d\u0131\u015f\u0131 hareket edenlerin, yanl\u0131\u015f yapanlar\u0131n tespit edilerek gerekirse sistem d\u0131\u015f\u0131 b\u0131rak\u0131labilmesinin m\u00fcmk\u00fcn olaca\u011f\u0131n\u0131 belirten Hocan\u0131n, \u201cY\u00d6DAK olarak her alandaki denetim g\u00f6revlerimizi y\u00fcr\u00fct\u00fcp sistemin g\u00fcvenilir, \u015feffaf olarak yap\u0131lanmas\u0131n\u0131 sa\u011flayaca\u011f\u0131z. Bizim ilkelerimiz yasall\u0131k ve hukuka uygunluk\u2026 Biz kararlar\u0131m\u0131z\u0131 da uygulamalar\u0131m\u0131z\u0131 da yasal \u00e7er\u00e7evede y\u00fcr\u00fctece\u011fiz.\u201d ifadelerini kulland\u0131.<\/span><\/span><\/span><\/span><\/p>\n<p style=\"text-align:left\"><span style=\"font-size:16px\"><span style=\"font-family:Merriweather,serif !important\"><span style=\"color:#000000\"><span style=\"background-color:#ffffff\">\u00dclkede d\u00fcnya standartlar\u0131nda \u00fcniversiteler oldu\u011funu ve bunlar\u0131n ya\u015fanan s\u0131k\u0131nt\u0131lar nedeniyle itibar kayb\u0131 ya\u015famamalar\u0131 gerekti\u011fini vurgulayan Hocan\u0131n, hata yapan\u0131n en h\u0131zl\u0131 \u015fekilde tespit edilece\u011fi ve t\u00fcm sistemin denetlenebilir k\u0131l\u0131naca\u011f\u0131 bir sistem yaratman\u0131n gereklili\u011fini vurgulad\u0131.<\/span><\/span><\/span><\/span><\/p>\n<p style=\"text-align:left\">&nbsp;<\/p>\n<p style=\"text-align:left\"><span style=\"font-size:16px\"><span style=\"font-family:Merriweather,serif !important\"><span style=\"color:#000000\"><span style=\"background-color:#ffffff\"><span style=\"font-size:12pt\"><span style=\"font-family:Merriweather,serif !important\"><span style=\"color:#000000 !important\">-\u201cKurumun g\u00fc\u00e7lendirilmesi gerek\u201d<\/span><\/span><\/span><\/span><\/span><\/span><\/span><\/p>\n<p style=\"text-align:left\"><span style=\"font-size:16px\"><span style=\"font-family:Merriweather,serif !important\"><span style=\"color:#000000\"><span style=\"background-color:#ffffff\">Kamuoyunda \u201csahte diploma\u201d olarak g\u00fcnden olan meseleye de dikkat \u00e7eken Hocan\u0131n, \u201cKriterleri sa\u011flamad\u0131\u011f\u0131 halde sa\u011flam\u0131\u015f gibi g\u00f6sterilen, akademik yeterlili\u011fini yerine getirmeden elde edilen diploma sahte de\u011fil ge\u00e7ersizdir ve iptal edilmelidir.\u201d diye konu\u015ftu.<\/span><\/span><\/span><\/span><\/p>\n<p style=\"text-align:left\"><span style=\"font-size:16px\"><span style=\"font-family:Merriweather,serif !important\"><span style=\"color:#000000\"><span style=\"background-color:#ffffff\">Y\u00d6DAK\u2019\u0131n yetkilerinden bahseden Hocan\u0131n, \u201cYetkilerimizi sistemi suiistimal edenlere kar\u015f\u0131 kullanmakta kararl\u0131y\u0131z.\u201d dedi.<\/span><\/span><\/span><\/span><\/p>\n<p style=\"text-align:left\"><span style=\"font-size:16px\"><span style=\"font-family:Merriweather,serif !important\"><span style=\"color:#000000\"><span style=\"background-color:#ffffff\">Son olarak, Y\u00d6DAK\u2019\u0131n altyap\u0131s\u0131n\u0131n, insan kayna\u011f\u0131n\u0131n ve bug\u00fcne kadar olu\u015fturdu\u011fu sistemlerin yeterli olmad\u0131\u011f\u0131n\u0131 da anlatan Hocan\u0131n, kurumun g\u00fc\u00e7lendirilmesi gerekti\u011finin alt\u0131n\u0131 \u00e7izdi.<\/span><\/span><\/span><\/span><\/p>\n","protected":false},"excerpt":{"rendered":"<p>Y\u00d6DAK Ba\u015fkan\u0131 Prof. Dr. Aykut Hocan\u0131n, son d\u00f6nemde y\u00fcksek\u00f6\u011fretim alan\u0131nda g\u00fcndeme gelen usuls\u00fczl\u00fcklerle ilgili ilk kapsaml\u0131 de\u011ferlendirmesini T\u00fcrk Ajans\u0131 K\u0131br\u0131s (TAK) muhabirine yapt\u0131.. Y\u00fcksek\u00f6\u011fretimin Kuzey K\u0131br\u0131s T\u00fcrk Cumhuriyeti (KKTC) i\u00e7in \u00f6nemine dikkat \u00e7eken Hocan\u0131n, 1979 y\u0131l\u0131nda \u00d6\u011fretmen Akademisi\u2019nin kurulmas\u0131yla ba\u015flayan ve devam\u0131nda Do\u011fu Akdeniz \u00dcniversitesi ile devam eden sekt\u00f6r\u00fcn, T\u00fcrkiye\u2019den \u00f6\u011frencilerin gelmeye ba\u015flamas\u0131yla h\u0131zl\u0131 \u015fekilde<\/p>\n","protected":false},"author":1,"featured_media":36142,"comment_status":"open","ping_status":"open","sticky":false,"template":"","format":"standard","meta":{"footnotes":""},"categories":[85],"tags":[],"class_list":["post-36141","post","type-post","status-publish","format-standard","has-post-thumbnail","hentry","category-spor"],"yoast_head":"<!-- This site is optimized with the Yoast SEO plugin v27.4 - https:\/\/yoast.com\/product\/yoast-seo-wordpress\/ -->\n<title>\u201cYetkilerimizi sistemi suiistimal edenlere kar\u015f\u0131 kullanmakta kararl\u0131y\u0131z\u201d -<\/title>\n<meta name=\"robots\" content=\"index, follow, max-snippet:-1, max-image-preview:large, max-video-preview:-1\" \/>\n<link rel=\"canonical\" href=\"https:\/\/kibrisdakik.com\/?p=36141\" \/>\n<meta property=\"og:locale\" content=\"tr_TR\" \/>\n<meta property=\"og:type\" content=\"article\" \/>\n<meta property=\"og:title\" content=\"\u201cYetkilerimizi sistemi suiistimal edenlere kar\u015f\u0131 kullanmakta kararl\u0131y\u0131z\u201d -\" \/>\n<meta property=\"og:description\" content=\"Y\u00d6DAK Ba\u015fkan\u0131 Prof. Dr. Aykut Hocan\u0131n, son d\u00f6nemde y\u00fcksek\u00f6\u011fretim alan\u0131nda g\u00fcndeme gelen usuls\u00fczl\u00fcklerle ilgili ilk kapsaml\u0131 de\u011ferlendirmesini T\u00fcrk Ajans\u0131 K\u0131br\u0131s (TAK) muhabirine yapt\u0131.. Y\u00fcksek\u00f6\u011fretimin Kuzey K\u0131br\u0131s T\u00fcrk Cumhuriyeti (KKTC) i\u00e7in \u00f6nemine dikkat \u00e7eken Hocan\u0131n, 1979 y\u0131l\u0131nda \u00d6\u011fretmen Akademisi\u2019nin kurulmas\u0131yla ba\u015flayan ve devam\u0131nda Do\u011fu Akdeniz \u00dcniversitesi ile devam eden sekt\u00f6r\u00fcn, T\u00fcrkiye\u2019den \u00f6\u011frencilerin gelmeye ba\u015flamas\u0131yla h\u0131zl\u0131 \u015fekilde\" \/>\n<meta property=\"og:url\" content=\"https:\/\/kibrisdakik.com\/?p=36141\" \/>\n<meta property=\"article:published_time\" content=\"2024-03-29T01:18:15+00:00\" \/>\n<meta property=\"og:image\" content=\"https:\/\/kibrisdakik.com\/wp-content\/uploads\/2024\/03\/yetkilerimizi-sistemi-suiistimal-edenlere-karsi-kullanmakta-kararliyiz-1711638096.webp.webp\" \/>\n\t<meta property=\"og:image:width\" content=\"710\" \/>\n\t<meta property=\"og:image:height\" content=\"370\" \/>\n\t<meta property=\"og:image:type\" content=\"image\/webp\" \/>\n<meta name=\"author\" content=\"admin\" \/>\n<meta name=\"twitter:card\" content=\"summary_large_image\" \/>\n<meta name=\"twitter:label1\" content=\"Yazan:\" \/>\n\t<meta name=\"twitter:data1\" content=\"admin\" \/>\n\t<meta name=\"twitter:label2\" content=\"Tahmini okuma s\u00fcresi\" \/>\n\t<meta name=\"twitter:data2\" content=\"7 dakika\" \/>\n<script type=\"application\/ld+json\" class=\"yoast-schema-graph\">{\"@context\":\"https:\\\/\\\/schema.org\",\"@graph\":[{\"@type\":\"Article\",\"@id\":\"https:\\\/\\\/kibrisdakik.com\\\/?p=36141#article\",\"isPartOf\":{\"@id\":\"https:\\\/\\\/kibrisdakik.com\\\/?p=36141\"},\"author\":{\"name\":\"admin\",\"@id\":\"https:\\\/\\\/kibrisdakik.com\\\/#\\\/schema\\\/person\\\/9cd9d437bbb44f72b73ba127e06d8e79\"},\"headline\":\"\u201cYetkilerimizi sistemi suiistimal edenlere kar\u015f\u0131 kullanmakta kararl\u0131y\u0131z\u201d\",\"datePublished\":\"2024-03-29T01:18:15+00:00\",\"mainEntityOfPage\":{\"@id\":\"https:\\\/\\\/kibrisdakik.com\\\/?p=36141\"},\"wordCount\":1464,\"commentCount\":0,\"image\":{\"@id\":\"https:\\\/\\\/kibrisdakik.com\\\/?p=36141#primaryimage\"},\"thumbnailUrl\":\"https:\\\/\\\/kibrisdakik.com\\\/wp-content\\\/uploads\\\/2024\\\/03\\\/yetkilerimizi-sistemi-suiistimal-edenlere-karsi-kullanmakta-kararliyiz-1711638096.webp.webp\",\"articleSection\":[\"Spor\"],\"inLanguage\":\"tr\",\"potentialAction\":[{\"@type\":\"CommentAction\",\"name\":\"Comment\",\"target\":[\"https:\\\/\\\/kibrisdakik.com\\\/?p=36141#respond\"]}]},{\"@type\":\"WebPage\",\"@id\":\"https:\\\/\\\/kibrisdakik.com\\\/?p=36141\",\"url\":\"https:\\\/\\\/kibrisdakik.com\\\/?p=36141\",\"name\":\"\u201cYetkilerimizi sistemi suiistimal edenlere kar\u015f\u0131 kullanmakta kararl\u0131y\u0131z\u201d -\",\"isPartOf\":{\"@id\":\"https:\\\/\\\/kibrisdakik.com\\\/#website\"},\"primaryImageOfPage\":{\"@id\":\"https:\\\/\\\/kibrisdakik.com\\\/?p=36141#primaryimage\"},\"image\":{\"@id\":\"https:\\\/\\\/kibrisdakik.com\\\/?p=36141#primaryimage\"},\"thumbnailUrl\":\"https:\\\/\\\/kibrisdakik.com\\\/wp-content\\\/uploads\\\/2024\\\/03\\\/yetkilerimizi-sistemi-suiistimal-edenlere-karsi-kullanmakta-kararliyiz-1711638096.webp.webp\",\"datePublished\":\"2024-03-29T01:18:15+00:00\",\"author\":{\"@id\":\"https:\\\/\\\/kibrisdakik.com\\\/#\\\/schema\\\/person\\\/9cd9d437bbb44f72b73ba127e06d8e79\"},\"breadcrumb\":{\"@id\":\"https:\\\/\\\/kibrisdakik.com\\\/?p=36141#breadcrumb\"},\"inLanguage\":\"tr\",\"potentialAction\":[{\"@type\":\"ReadAction\",\"target\":[\"https:\\\/\\\/kibrisdakik.com\\\/?p=36141\"]}]},{\"@type\":\"ImageObject\",\"inLanguage\":\"tr\",\"@id\":\"https:\\\/\\\/kibrisdakik.com\\\/?p=36141#primaryimage\",\"url\":\"https:\\\/\\\/kibrisdakik.com\\\/wp-content\\\/uploads\\\/2024\\\/03\\\/yetkilerimizi-sistemi-suiistimal-edenlere-karsi-kullanmakta-kararliyiz-1711638096.webp.webp\",\"contentUrl\":\"https:\\\/\\\/kibrisdakik.com\\\/wp-content\\\/uploads\\\/2024\\\/03\\\/yetkilerimizi-sistemi-suiistimal-edenlere-karsi-kullanmakta-kararliyiz-1711638096.webp.webp\",\"width\":710,\"height\":370},{\"@type\":\"BreadcrumbList\",\"@id\":\"https:\\\/\\\/kibrisdakik.com\\\/?p=36141#breadcrumb\",\"itemListElement\":[{\"@type\":\"ListItem\",\"position\":1,\"name\":\"Home\",\"item\":\"https:\\\/\\\/kibrisdakik.com\\\/\"},{\"@type\":\"ListItem\",\"position\":2,\"name\":\"\u201cYetkilerimizi sistemi suiistimal edenlere kar\u015f\u0131 kullanmakta kararl\u0131y\u0131z\u201d\"}]},{\"@type\":\"WebSite\",\"@id\":\"https:\\\/\\\/kibrisdakik.com\\\/#website\",\"url\":\"https:\\\/\\\/kibrisdakik.com\\\/\",\"name\":\"\",\"description\":\"Tam vaktinde haber\",\"potentialAction\":[{\"@type\":\"SearchAction\",\"target\":{\"@type\":\"EntryPoint\",\"urlTemplate\":\"https:\\\/\\\/kibrisdakik.com\\\/?s={search_term_string}\"},\"query-input\":{\"@type\":\"PropertyValueSpecification\",\"valueRequired\":true,\"valueName\":\"search_term_string\"}}],\"inLanguage\":\"tr\"},{\"@type\":\"Person\",\"@id\":\"https:\\\/\\\/kibrisdakik.com\\\/#\\\/schema\\\/person\\\/9cd9d437bbb44f72b73ba127e06d8e79\",\"name\":\"admin\",\"image\":{\"@type\":\"ImageObject\",\"inLanguage\":\"tr\",\"@id\":\"https:\\\/\\\/secure.gravatar.com\\\/avatar\\\/ccc17943b9d660506c869530f897617f7cb1c21a4bf30023f252596d83e1f007?s=96&d=mm&r=g\",\"url\":\"https:\\\/\\\/secure.gravatar.com\\\/avatar\\\/ccc17943b9d660506c869530f897617f7cb1c21a4bf30023f252596d83e1f007?s=96&d=mm&r=g\",\"contentUrl\":\"https:\\\/\\\/secure.gravatar.com\\\/avatar\\\/ccc17943b9d660506c869530f897617f7cb1c21a4bf30023f252596d83e1f007?s=96&d=mm&r=g\",\"caption\":\"admin\"},\"sameAs\":[\"https:\\\/\\\/kibrisdakik.com\"],\"url\":\"https:\\\/\\\/kibrisdakik.com\\\/?author=1\"}]}<\/script>\n<!-- \/ Yoast SEO plugin. -->","yoast_head_json":{"title":"\u201cYetkilerimizi sistemi suiistimal edenlere kar\u015f\u0131 kullanmakta kararl\u0131y\u0131z\u201d -","robots":{"index":"index","follow":"follow","max-snippet":"max-snippet:-1","max-image-preview":"max-image-preview:large","max-video-preview":"max-video-preview:-1"},"canonical":"https:\/\/kibrisdakik.com\/?p=36141","og_locale":"tr_TR","og_type":"article","og_title":"\u201cYetkilerimizi sistemi suiistimal edenlere kar\u015f\u0131 kullanmakta kararl\u0131y\u0131z\u201d -","og_description":"Y\u00d6DAK Ba\u015fkan\u0131 Prof. Dr. Aykut Hocan\u0131n, son d\u00f6nemde y\u00fcksek\u00f6\u011fretim alan\u0131nda g\u00fcndeme gelen usuls\u00fczl\u00fcklerle ilgili ilk kapsaml\u0131 de\u011ferlendirmesini T\u00fcrk Ajans\u0131 K\u0131br\u0131s (TAK) muhabirine yapt\u0131.. Y\u00fcksek\u00f6\u011fretimin Kuzey K\u0131br\u0131s T\u00fcrk Cumhuriyeti (KKTC) i\u00e7in \u00f6nemine dikkat \u00e7eken Hocan\u0131n, 1979 y\u0131l\u0131nda \u00d6\u011fretmen Akademisi\u2019nin kurulmas\u0131yla ba\u015flayan ve devam\u0131nda Do\u011fu Akdeniz \u00dcniversitesi ile devam eden sekt\u00f6r\u00fcn, T\u00fcrkiye\u2019den \u00f6\u011frencilerin gelmeye ba\u015flamas\u0131yla h\u0131zl\u0131 \u015fekilde","og_url":"https:\/\/kibrisdakik.com\/?p=36141","article_published_time":"2024-03-29T01:18:15+00:00","og_image":[{"width":710,"height":370,"url":"https:\/\/kibrisdakik.com\/wp-content\/uploads\/2024\/03\/yetkilerimizi-sistemi-suiistimal-edenlere-karsi-kullanmakta-kararliyiz-1711638096.webp.webp","type":"image\/webp"}],"author":"admin","twitter_card":"summary_large_image","twitter_misc":{"Yazan:":"admin","Tahmini okuma s\u00fcresi":"7 dakika"},"schema":{"@context":"https:\/\/schema.org","@graph":[{"@type":"Article","@id":"https:\/\/kibrisdakik.com\/?p=36141#article","isPartOf":{"@id":"https:\/\/kibrisdakik.com\/?p=36141"},"author":{"name":"admin","@id":"https:\/\/kibrisdakik.com\/#\/schema\/person\/9cd9d437bbb44f72b73ba127e06d8e79"},"headline":"\u201cYetkilerimizi sistemi suiistimal edenlere kar\u015f\u0131 kullanmakta kararl\u0131y\u0131z\u201d","datePublished":"2024-03-29T01:18:15+00:00","mainEntityOfPage":{"@id":"https:\/\/kibrisdakik.com\/?p=36141"},"wordCount":1464,"commentCount":0,"image":{"@id":"https:\/\/kibrisdakik.com\/?p=36141#primaryimage"},"thumbnailUrl":"https:\/\/kibrisdakik.com\/wp-content\/uploads\/2024\/03\/yetkilerimizi-sistemi-suiistimal-edenlere-karsi-kullanmakta-kararliyiz-1711638096.webp.webp","articleSection":["Spor"],"inLanguage":"tr","potentialAction":[{"@type":"CommentAction","name":"Comment","target":["https:\/\/kibrisdakik.com\/?p=36141#respond"]}]},{"@type":"WebPage","@id":"https:\/\/kibrisdakik.com\/?p=36141","url":"https:\/\/kibrisdakik.com\/?p=36141","name":"\u201cYetkilerimizi sistemi suiistimal edenlere kar\u015f\u0131 kullanmakta kararl\u0131y\u0131z\u201d -","isPartOf":{"@id":"https:\/\/kibrisdakik.com\/#website"},"primaryImageOfPage":{"@id":"https:\/\/kibrisdakik.com\/?p=36141#primaryimage"},"image":{"@id":"https:\/\/kibrisdakik.com\/?p=36141#primaryimage"},"thumbnailUrl":"https:\/\/kibrisdakik.com\/wp-content\/uploads\/2024\/03\/yetkilerimizi-sistemi-suiistimal-edenlere-karsi-kullanmakta-kararliyiz-1711638096.webp.webp","datePublished":"2024-03-29T01:18:15+00:00","author":{"@id":"https:\/\/kibrisdakik.com\/#\/schema\/person\/9cd9d437bbb44f72b73ba127e06d8e79"},"breadcrumb":{"@id":"https:\/\/kibrisdakik.com\/?p=36141#breadcrumb"},"inLanguage":"tr","potentialAction":[{"@type":"ReadAction","target":["https:\/\/kibrisdakik.com\/?p=36141"]}]},{"@type":"ImageObject","inLanguage":"tr","@id":"https:\/\/kibrisdakik.com\/?p=36141#primaryimage","url":"https:\/\/kibrisdakik.com\/wp-content\/uploads\/2024\/03\/yetkilerimizi-sistemi-suiistimal-edenlere-karsi-kullanmakta-kararliyiz-1711638096.webp.webp","contentUrl":"https:\/\/kibrisdakik.com\/wp-content\/uploads\/2024\/03\/yetkilerimizi-sistemi-suiistimal-edenlere-karsi-kullanmakta-kararliyiz-1711638096.webp.webp","width":710,"height":370},{"@type":"BreadcrumbList","@id":"https:\/\/kibrisdakik.com\/?p=36141#breadcrumb","itemListElement":[{"@type":"ListItem","position":1,"name":"Home","item":"https:\/\/kibrisdakik.com\/"},{"@type":"ListItem","position":2,"name":"\u201cYetkilerimizi sistemi suiistimal edenlere kar\u015f\u0131 kullanmakta kararl\u0131y\u0131z\u201d"}]},{"@type":"WebSite","@id":"https:\/\/kibrisdakik.com\/#website","url":"https:\/\/kibrisdakik.com\/","name":"","description":"Tam vaktinde haber","potentialAction":[{"@type":"SearchAction","target":{"@type":"EntryPoint","urlTemplate":"https:\/\/kibrisdakik.com\/?s={search_term_string}"},"query-input":{"@type":"PropertyValueSpecification","valueRequired":true,"valueName":"search_term_string"}}],"inLanguage":"tr"},{"@type":"Person","@id":"https:\/\/kibrisdakik.com\/#\/schema\/person\/9cd9d437bbb44f72b73ba127e06d8e79","name":"admin","image":{"@type":"ImageObject","inLanguage":"tr","@id":"https:\/\/secure.gravatar.com\/avatar\/ccc17943b9d660506c869530f897617f7cb1c21a4bf30023f252596d83e1f007?s=96&d=mm&r=g","url":"https:\/\/secure.gravatar.com\/avatar\/ccc17943b9d660506c869530f897617f7cb1c21a4bf30023f252596d83e1f007?s=96&d=mm&r=g","contentUrl":"https:\/\/secure.gravatar.com\/avatar\/ccc17943b9d660506c869530f897617f7cb1c21a4bf30023f252596d83e1f007?s=96&d=mm&r=g","caption":"admin"},"sameAs":["https:\/\/kibrisdakik.com"],"url":"https:\/\/kibrisdakik.com\/?author=1"}]}},"_links":{"self":[{"href":"https:\/\/kibrisdakik.com\/index.php?rest_route=\/wp\/v2\/posts\/36141","targetHints":{"allow":["GET"]}}],"collection":[{"href":"https:\/\/kibrisdakik.com\/index.php?rest_route=\/wp\/v2\/posts"}],"about":[{"href":"https:\/\/kibrisdakik.com\/index.php?rest_route=\/wp\/v2\/types\/post"}],"author":[{"embeddable":true,"href":"https:\/\/kibrisdakik.com\/index.php?rest_route=\/wp\/v2\/users\/1"}],"replies":[{"embeddable":true,"href":"https:\/\/kibrisdakik.com\/index.php?rest_route=%2Fwp%2Fv2%2Fcomments&post=36141"}],"version-history":[{"count":0,"href":"https:\/\/kibrisdakik.com\/index.php?rest_route=\/wp\/v2\/posts\/36141\/revisions"}],"wp:featuredmedia":[{"embeddable":true,"href":"https:\/\/kibrisdakik.com\/index.php?rest_route=\/wp\/v2\/media\/36142"}],"wp:attachment":[{"href":"https:\/\/kibrisdakik.com\/index.php?rest_route=%2Fwp%2Fv2%2Fmedia&parent=36141"}],"wp:term":[{"taxonomy":"category","embeddable":true,"href":"https:\/\/kibrisdakik.com\/index.php?rest_route=%2Fwp%2Fv2%2Fcategories&post=36141"},{"taxonomy":"post_tag","embeddable":true,"href":"https:\/\/kibrisdakik.com\/index.php?rest_route=%2Fwp%2Fv2%2Ftags&post=36141"}],"curies":[{"name":"wp","href":"https:\/\/api.w.org\/{rel}","templated":true}]}}