{"id":36177,"date":"2024-03-29T08:25:45","date_gmt":"2024-03-29T08:25:45","guid":{"rendered":"https:\/\/kibrisdakik.com\/index.php\/2024\/03\/29\/kanserle-savas-icin-afis-ve-slogan-yarismasi-sonuclandi-2\/"},"modified":"2024-03-29T08:25:45","modified_gmt":"2024-03-29T08:25:45","slug":"kanserle-savas-icin-afis-ve-slogan-yarismasi-sonuclandi-2","status":"publish","type":"post","link":"https:\/\/kibrisdakik.com\/?p=36177","title":{"rendered":"\u201cKanserle Sava\u015f \u0130\u00e7in Afi\u015f ve Slogan Yar\u0131\u015fmas\u0131\u201d sonu\u00e7land\u0131"},"content":{"rendered":"<p><img decoding=\"async\" src=\"https:\/\/www.kibristurk.com\/images\/haberler\/2024\/03\/kanserle-savas-icin-afis-ve-slogan-yarismasi-sonuclandi-1711700025.webp\" \/><\/p>\n<p style=\"text-align:left\"><span style=\"font-size:16px\"><span style=\"font-family:Merriweather,serif !important\"><span style=\"color:#000000\"><span style=\"background-color:#ffffff\">Vak\u0131ftan verilen bilgiye g\u00f6re, yar\u0131\u015fman\u0131n \u00f6d\u00fcl t\u00f6reni ve sergi a\u00e7\u0131l\u0131\u015f\u0131 16 Nisan Sal\u0131 g\u00fcn\u00fc saat 14.00&#8217;de \u0130smet Vehit G\u00fcney Sergi Salonu\u2019nda yap\u0131lacak.<\/span><\/span><\/span><\/span><\/p>\n<p style=\"text-align:left\"><span style=\"font-size:16px\"><span style=\"font-family:Merriweather,serif !important\"><span style=\"color:#000000\"><span style=\"background-color:#ffffff\">\u201cD\u00fc\u015fledi\u011fim Sa\u011fl\u0131kl\u0131 Ya\u015fam\u201d ve \u201cD\u00fc\u015fledi\u011fim \u00c7evre\u201d konulu yar\u0131\u015fmada 38 okuldan bin 161 eser yar\u0131\u015ft\u0131.<\/span><\/span><\/span><\/span><\/p>\n<p style=\"text-align:left\"><span style=\"font-size:16px\"><span style=\"font-family:Merriweather,serif !important\"><span style=\"color:#000000\"><span style=\"background-color:#ffffff\">-Yar\u0131\u015fma sonucu<\/span><\/span><\/span><\/span><\/p>\n<p style=\"text-align:left\"><span style=\"font-size:16px\"><span style=\"font-family:Merriweather,serif !important\"><span style=\"color:#000000\"><span style=\"background-color:#ffffff\">Yar\u0131\u015fmada \u00f6d\u00fcl alanlar \u015f\u00f6yle:<\/span><\/span><\/span><\/span><\/p>\n<p style=\"text-align:left\">&nbsp;<\/p>\n<p style=\"text-align:left\"><span style=\"font-size:16px\"><span style=\"font-family:Merriweather,serif !important\"><span style=\"color:#000000\"><span style=\"background-color:#ffffff\">\u201cAna s\u0131n\u0131f kategorisi:<\/span><\/span><\/span><\/span><\/p>\n<p style=\"text-align:left\"><span style=\"font-size:16px\"><span style=\"font-family:Merriweather,serif !important\"><span style=\"color:#000000\"><span style=\"background-color:#ffffff\">1-) Tezel Sar\u0131o\u011flu \u2013 Yak\u0131n Do\u011fu Okul \u00d6ncesi, 1-) Mehmet Bulut G\u00f6ks\u00fc \u2013 Yak\u0131n Do\u011fu Okul \u00d6ncesi.<\/span><\/span><\/span><\/span><\/p>\n<p style=\"text-align:left\"><span style=\"font-size:16px\"><span style=\"font-family:Merriweather,serif !important\"><span style=\"color:#000000\"><span style=\"background-color:#ffffff\">2-) \u015eifa B\u00f6l\u00fcm \u2013 G\u00fczelyurt Atat\u00fcrk Maarif Anaokulu, 2-) Lina Koru \u2013 G\u00fczelyurt Atar\u00fcrk Maarif Anaokulu.<\/span><\/span><\/span><\/span><\/p>\n<p style=\"text-align:left\"><span style=\"font-size:16px\"><span style=\"font-family:Merriweather,serif !important\"><span style=\"color:#000000\"><span style=\"background-color:#ffffff\">3-) Demir \u0130par \u2013 Yak\u0131n Do\u011fu Okul \u00d6ncesi, 3-) Almira \u015eener \u2013 G\u00fczelyurt Atat\u00fcrk Maarif Anaokulu.<\/span><\/span><\/span><\/span><\/p>\n<p style=\"text-align:left\"><span style=\"font-size:16px\"><span style=\"font-family:Merriweather,serif !important\"><span style=\"color:#000000\"><span style=\"background-color:#ffffff\">Ana s\u0131n\u0131f kategorisi mansiyon \u00f6d\u00fclleri:<\/span><\/span><\/span><\/span><\/p>\n<p style=\"text-align:left\"><span style=\"font-size:16px\"><span style=\"font-family:Merriweather,serif !important\"><span style=\"color:#000000\"><span style=\"background-color:#ffffff\">Elif Naz K\u0131rklar \u2013 Faz\u0131l Pl\u00fcmer Anaokulu, \u00d6zdemir \u00d6zkurtulu\u015f \u2013 Yak\u0131n Do\u011fu Okul \u00d6ncesi, Yaz \u00d6znergiz \u2013 Yak\u0131n Do\u011fu Okul \u00d6ncesi, Serin R\u00fczgar \u2013 Yak\u0131n Do\u011fu Okul \u00d6ncesi, Merve Direko\u011flu \u2013 Yak\u0131n Do\u011fu Okul \u00d6ncesi, &nbsp;&nbsp;&nbsp;&nbsp;&nbsp;&nbsp;&nbsp;&nbsp; Elin \u00c7ift\u00e7i \u2013 G\u00fczelyurt Atat\u00fcrk Maarif Anaokulu, Nehir \u00c7eto \u2013 Yak\u0131n Do\u011fu Okul \u00d6ncesi, \u0130zim Sava\u015f\u0131r \u2013 Yak\u0131n Do\u011fu Okul \u00d6ncesi, Cihan Uzun \u2013 G\u00fczelyurt Atat\u00fcrk Maarif Anaokulu, Ahmet Kolo\u015flu \u2013 G\u00fczelyurt Atat\u00fcrk Maarif Anaokulu, Melisa S\u00fcr \u2013 G\u00fczelyurt Atat\u00fcrk Maarif Anaokulu, R\u00fcya Benekli \u2013 G\u00fczelyurt Atat\u00fcrk Maarif Anaokulu.<\/span><\/span><\/span><\/span><\/p>\n<p style=\"text-align:left\"><span style=\"font-size:16px\"><span style=\"font-family:Merriweather,serif !important\"><span style=\"color:#000000\"><span style=\"background-color:#ffffff\">\u0130lkokul 1 \u2013 2 \u2013 3. S\u0131n\u0131f Kategorisi:<\/span><\/span><\/span><\/span><\/p>\n<p style=\"text-align:left\"><span style=\"font-size:16px\"><span style=\"font-family:Merriweather,serif !important\"><span style=\"color:#000000\"><span style=\"background-color:#ffffff\">1-) Melin Beyaz \u2013 Dr. Suat G\u00fcnsel Devlet \u0130lkokulu, 1-) Mine Nur Yeter \u2013 Dr. Suat G\u00fcnsel Devlet \u0130lkokulu.<\/span><\/span><\/span><\/span><\/p>\n<p style=\"text-align:left\"><span style=\"font-size:16px\"><span style=\"font-family:Merriweather,serif !important\"><span style=\"color:#000000\"><span style=\"background-color:#ffffff\">2-) Su Hulusio\u011flu \u2013 Do\u011fu Akdeniz Do\u011fa \u0130lkokulu, 2-) Umay K\u00fcr\u00fcm \u2013 Do\u011fu Akdeniz Do\u011fa \u0130lkokulu.<\/span><\/span><\/span><\/span><\/p>\n<p style=\"text-align:left\"><span style=\"font-size:16px\"><span style=\"font-family:Merriweather,serif !important\"><span style=\"color:#000000\"><span style=\"background-color:#ffffff\">3-) \u0130pek Bayraktar \u2013 Yak\u0131n Do\u011fu \u0130lkokulu, 3-) Afet \u00dcst\u00fcnel \u2013 Dr. Suat G\u00fcnsel Devlet \u0130lkokulu.<\/span><\/span><\/span><\/span><\/p>\n<p style=\"text-align:left\"><span style=\"font-size:16px\"><span style=\"font-family:Merriweather,serif !important\"><span style=\"color:#000000\"><span style=\"background-color:#ffffff\">\u0130lkokul 1 \u2013 2 \u2013 3. S\u0131n\u0131f Kategorisi Mansiyon \u00d6d\u00fclleri:<\/span><\/span><\/span><\/span><\/p>\n<p style=\"text-align:left\"><span style=\"font-size:16px\"><span style=\"font-family:Merriweather,serif !important\"><span style=\"color:#000000\"><span style=\"background-color:#ffffff\">Hira Nur K\u00fctenci \u2013 Kar\u015f\u0131yaka Merkez \u0130lkokulu, Mustafa Kurt \u2013 Do\u011fu Akdeniz Do\u011fa \u0130lkokulu, Din\u00e7alp Do\u011fruyol \u2013 Yak\u0131n Do\u011fu Yenibo\u011fazi\u00e7i \u0130lkokulu, Emir Hadduro\u011flu \u2013 Dr. Suat G\u00fcnsel Devlet \u0130lkokulu, G\u00fclbahar \u0130lkbahar \u2013 Dr. Suat G\u00fcnsel Devlet \u0130lkokulu, Merida Beysoydan \u2013 Dr. Suat G\u00fcnsel Devlet \u0130lkokulu, Hera Dokuzlar \u2013 Dr. Suat G\u00fcnsel Devlet \u0130lkokulu, Peri Acero\u011flu \u2013 Dr. Suat G\u00fcnsel Devlet \u0130lkokulu, Cemre K\u0131l\u0131\u00e7 \u2013 Dr. Suat G\u00fcnsel Devlet \u0130lkokulu, Diyorbek Salamov \u2013 Gelibolu \u0130lkokulu<\/span><\/span><\/span><\/span><\/p>\n<p style=\"text-align:left\"><span style=\"font-size:16px\"><span style=\"font-family:Merriweather,serif !important\"><span style=\"color:#000000\"><span style=\"background-color:#ffffff\">\u0130lkokul 4 \u2013 5. S\u0131n\u0131f Kategorisi:<\/span><\/span><\/span><\/span><\/p>\n<p style=\"text-align:left\"><span style=\"font-size:16px\"><span style=\"font-family:Merriweather,serif !important\"><span style=\"color:#000000\"><span style=\"background-color:#ffffff\">1) Eyl\u00fcl K\u0131z\u0131lkara \u2013 Dr. Suat G\u00fcnsel Devlet \u0130lkokulu, 1) Nisa Barut \u2013 Alsancak \u0130lkokulu.<\/span><\/span><\/span><\/span><\/p>\n<p style=\"text-align:left\"><span style=\"font-size:16px\"><span style=\"font-family:Merriweather,serif !important\"><span style=\"color:#000000\"><span style=\"background-color:#ffffff\">2) Bing\u00fcl \u00d6zfaik \u2013 Dr. Suat G\u00fcnsel Devlet \u0130lkokulu, 2) Miray Karacelal \u2013 Alsancak \u0130lkokulu.<\/span><\/span><\/span><\/span><\/p>\n<p style=\"text-align:left\"><span style=\"font-size:16px\"><span style=\"font-family:Merriweather,serif !important\"><span style=\"color:#000000\"><span style=\"background-color:#ffffff\">3) Zen Ar\u0131kbuka \u2013 Dr. Suat G\u00fcnsel Devlet \u0130lkokulu, 3) Mert Ali Y\u0131ld\u0131z \u2013 Alsancak \u0130lkokulu.<\/span><\/span><\/span><\/span><\/p>\n<p style=\"text-align:left\"><span style=\"font-size:16px\"><span style=\"font-family:Merriweather,serif !important\"><span style=\"color:#000000\"><span style=\"background-color:#ffffff\">\u0130lkokul 4 \u2013 5. S\u0131n\u0131f Kategorisi Mansiyon \u00d6d\u00fclleri:<\/span><\/span><\/span><\/span><\/p>\n<p style=\"text-align:left\"><span style=\"font-size:16px\"><span style=\"font-family:Merriweather,serif !important\"><span style=\"color:#000000\"><span style=\"background-color:#ffffff\">Erdo\u011fan Bilal Soyg\u00fcr \u2013 Dr. Suat G\u00fcnsel Devlet \u0130lkokulu, Delsa Saleh\u0131s\u0131ahdasht\u0131 \u2013 Yak\u0131n Do\u011fu Yenibo\u011fazi\u00e7i \u0130lkokulu, Ya\u011fmur Y\u0131ld\u0131z \u2013 Kar\u015f\u0131yaka Merkez \u0130lkokulu, Ekrem G\u00fcler \u2013 \u015eht. Salih Terzi \u0130lkokulu, Su Ulu\u00e7ayl\u0131 \u2013 Do\u011fu Akdeniz Do\u011fa \u0130lkokulu.<\/span><\/span><\/span><\/span><\/p>\n<p style=\"text-align:left\"><span style=\"font-size:16px\"><span style=\"font-family:Merriweather,serif !important\"><span style=\"color:#000000\"><span style=\"background-color:#ffffff\">Ortaokul Kategorisi:<\/span><\/span><\/span><\/span><\/p>\n<p style=\"text-align:left\"><span style=\"font-size:16px\"><span style=\"font-family:Merriweather,serif !important\"><span style=\"color:#000000\"><span style=\"background-color:#ffffff\">1) T\u00fcrel \u00d6zer Balta \u2013&nbsp; Canbulat \u00d6zg\u00fcrl\u00fck Ortaokulu, 1) Sude Karaku\u015f \u2013 Lefke Gazi Lisesi.<\/span><\/span><\/span><\/span><\/p>\n<p style=\"text-align:left\"><span style=\"font-size:16px\"><span style=\"font-family:Merriweather,serif !important\"><span style=\"color:#000000\"><span style=\"background-color:#ffffff\">2) \u0130clal \u0130lgu \u2013 Canbulat \u00d6zg\u00fcrl\u00fck Ortaokulu, 2) Elif Baysal \u2013 Bayraktar Ortaokulu.<\/span><\/span><\/span><\/span><\/p>\n<p style=\"text-align:left\"><span style=\"font-size:16px\"><span style=\"font-family:Merriweather,serif !important\"><span style=\"color:#000000\"><span style=\"background-color:#ffffff\">3) R\u00fcya Boran \u2013 \u0130rsen K\u00fc\u00e7\u00fck Ortaokulu, 3) Azra Arma\u011fan \u2013 Hala Sultan \u0130lahiyat Koleji.<\/span><\/span><\/span><\/span><\/p>\n<p style=\"text-align:left\"><span style=\"font-size:16px\"><span style=\"font-family:Merriweather,serif !important\"><span style=\"color:#000000\"><span style=\"background-color:#ffffff\">Ortaokul Kategorisi Mansiyon \u00d6d\u00fclleri:<\/span><\/span><\/span><\/span><\/p>\n<p style=\"text-align:left\"><span style=\"font-size:16px\"><span style=\"font-family:Merriweather,serif !important\"><span style=\"color:#000000\"><span style=\"background-color:#ffffff\">Nguyen Ngoc Tram \u2013 Lefke Gazi Lisesi, Naile Khalil \u2013 Canbulat \u00d6zg\u00fcrl\u00fck Ortaokulu, \u00d6m\u00fcr \u00c7elebi \u2013 Canbulat \u00d6zg\u00fcrl\u00fck Ortaokulu.<\/span><\/span><\/span><\/span><\/p>\n<p style=\"text-align:left\"><span style=\"font-size:16px\"><span style=\"font-family:Merriweather,serif !important\"><span style=\"color:#000000\"><span style=\"background-color:#ffffff\">Lise Kategorisi:<\/span><\/span><\/span><\/span><\/p>\n<p style=\"text-align:left\"><span style=\"font-size:16px\"><span style=\"font-family:Merriweather,serif !important\"><span style=\"color:#000000\"><span style=\"background-color:#ffffff\">1) Nursel Han\u00e7er \u2013 T\u00fcrk Maarif Koleji, 1) Ecem \u00c7\u0131dan \u2013 T\u00fcrk Maarif Koleji.<\/span><\/span><\/span><\/span><\/p>\n<p style=\"text-align:left\"><span style=\"font-size:16px\"><span style=\"font-family:Merriweather,serif !important\"><span style=\"color:#000000\"><span style=\"background-color:#ffffff\">2) Bircan Rehan \u2013 Lefko\u015fa T\u00fcrk Lisesi, 2) Ali Muhammedov \u2013 Lefko\u015fa T\u00fcrk Lisesi.<\/span><\/span><\/span><\/span><\/p>\n<p style=\"text-align:left\"><span style=\"font-size:16px\"><span style=\"font-family:Merriweather,serif !important\"><span style=\"color:#000000\"><span style=\"background-color:#ffffff\">3) Semina Ko\u00e7ak \u2013 20 Temmuz Fen Lisesi.<\/span><\/span><\/span><\/span><\/p>\n<p style=\"text-align:left\"><span style=\"font-size:16px\"><span style=\"font-family:Merriweather,serif !important\"><span style=\"color:#000000\"><span style=\"background-color:#ffffff\">\u00d6zel Kategori:<\/span><\/span><\/span><\/span><\/p>\n<p style=\"text-align:left\"><span style=\"font-size:16px\"><span style=\"font-family:Merriweather,serif !important\"><span style=\"color:#000000\"><span style=\"background-color:#ffffff\">1) Hamide S\u00fcrmen \u2013 Gazima\u011fusa Meslek Lisesi, 1) Mert Gebedek \u2013 Cengiz Topel End. Meslek Lisesi.<\/span><\/span><\/span><\/span><\/p>\n<p style=\"text-align:left\"><span style=\"font-size:16px\"><span style=\"font-family:Merriweather,serif !important\"><span style=\"color:#000000\"><span style=\"background-color:#ffffff\">2) Halime K\u00fc\u00e7\u00fckanda\u00e7 \u2013 Cengiz Topel End. Meslek Lisesi, 2) Nisa Nur Dereli \u2013 Cengiz Topel End. Meslek Lisesi.<\/span><\/span><\/span><\/span><\/p>\n<p style=\"text-align:left\"><span style=\"font-size:16px\"><span style=\"font-family:Merriweather,serif !important\"><span style=\"color:#000000\"><span style=\"background-color:#ffffff\">3) Halime K\u00fc\u00e7\u00fckanda\u00e7 \u2013 Cengiz Topel End. Meslek Lisesi.<\/span><\/span><\/span><\/span><\/p>\n<p style=\"text-align:left\"><span style=\"font-size:16px\"><span style=\"font-family:Merriweather,serif !important\"><span style=\"color:#000000\"><span style=\"background-color:#ffffff\">\u00d6zel Kategori Mansiyon \u00d6d\u00fclleri:<\/span><\/span><\/span><\/span><\/p>\n<p style=\"text-align:left\"><span style=\"font-size:16px\"><span style=\"font-family:Merriweather,serif !important\"><span style=\"color:#000000\"><span style=\"background-color:#ffffff\">Berk Besimo\u011flu \u2013 Gazima\u011fusa Meslek Lisesi, Mahan \u015earman \u2013 Gazima\u011fusa Meslek Lisesi.\u201d<\/span><\/span><\/span><\/span><\/p>\n<p style=\"text-align:left\">&nbsp;<\/p>\n<p>&nbsp;<\/p>\n","protected":false},"excerpt":{"rendered":"<p>Vak\u0131ftan verilen bilgiye g\u00f6re, yar\u0131\u015fman\u0131n \u00f6d\u00fcl t\u00f6reni ve sergi a\u00e7\u0131l\u0131\u015f\u0131 16 Nisan Sal\u0131 g\u00fcn\u00fc saat 14.00&#8217;de \u0130smet Vehit G\u00fcney Sergi Salonu\u2019nda yap\u0131lacak. \u201cD\u00fc\u015fledi\u011fim Sa\u011fl\u0131kl\u0131 Ya\u015fam\u201d ve \u201cD\u00fc\u015fledi\u011fim \u00c7evre\u201d konulu yar\u0131\u015fmada 38 okuldan bin 161 eser yar\u0131\u015ft\u0131. -Yar\u0131\u015fma sonucu Yar\u0131\u015fmada \u00f6d\u00fcl alanlar \u015f\u00f6yle: &nbsp; \u201cAna s\u0131n\u0131f kategorisi: 1-) Tezel Sar\u0131o\u011flu \u2013 Yak\u0131n Do\u011fu Okul \u00d6ncesi, 1-)<\/p>\n","protected":false},"author":1,"featured_media":36178,"comment_status":"open","ping_status":"open","sticky":false,"template":"","format":"standard","meta":{"footnotes":""},"categories":[85],"tags":[],"class_list":["post-36177","post","type-post","status-publish","format-standard","has-post-thumbnail","hentry","category-spor"],"yoast_head":"<!-- This site is optimized with the Yoast SEO plugin v27.4 - https:\/\/yoast.com\/product\/yoast-seo-wordpress\/ -->\n<title>\u201cKanserle Sava\u015f \u0130\u00e7in Afi\u015f ve Slogan Yar\u0131\u015fmas\u0131\u201d sonu\u00e7land\u0131 -<\/title>\n<meta name=\"robots\" content=\"index, follow, max-snippet:-1, max-image-preview:large, max-video-preview:-1\" \/>\n<link rel=\"canonical\" href=\"https:\/\/kibrisdakik.com\/?p=36177\" \/>\n<meta property=\"og:locale\" content=\"tr_TR\" \/>\n<meta property=\"og:type\" content=\"article\" \/>\n<meta property=\"og:title\" content=\"\u201cKanserle Sava\u015f \u0130\u00e7in Afi\u015f ve Slogan Yar\u0131\u015fmas\u0131\u201d sonu\u00e7land\u0131 -\" \/>\n<meta property=\"og:description\" content=\"Vak\u0131ftan verilen bilgiye g\u00f6re, yar\u0131\u015fman\u0131n \u00f6d\u00fcl t\u00f6reni ve sergi a\u00e7\u0131l\u0131\u015f\u0131 16 Nisan Sal\u0131 g\u00fcn\u00fc saat 14.00&#8217;de \u0130smet Vehit G\u00fcney Sergi Salonu\u2019nda yap\u0131lacak. \u201cD\u00fc\u015fledi\u011fim Sa\u011fl\u0131kl\u0131 Ya\u015fam\u201d ve \u201cD\u00fc\u015fledi\u011fim \u00c7evre\u201d konulu yar\u0131\u015fmada 38 okuldan bin 161 eser yar\u0131\u015ft\u0131. -Yar\u0131\u015fma sonucu Yar\u0131\u015fmada \u00f6d\u00fcl alanlar \u015f\u00f6yle: &nbsp; \u201cAna s\u0131n\u0131f kategorisi: 1-) Tezel Sar\u0131o\u011flu \u2013 Yak\u0131n Do\u011fu Okul \u00d6ncesi, 1-)\" \/>\n<meta property=\"og:url\" content=\"https:\/\/kibrisdakik.com\/?p=36177\" \/>\n<meta property=\"article:published_time\" content=\"2024-03-29T08:25:45+00:00\" \/>\n<meta property=\"og:image\" content=\"https:\/\/kibrisdakik.com\/wp-content\/uploads\/2024\/03\/kanserle-savas-icin-afis-ve-slogan-yarismasi-sonuclandi-1711700025.webp.webp\" \/>\n\t<meta property=\"og:image:width\" content=\"710\" \/>\n\t<meta property=\"og:image:height\" content=\"370\" \/>\n\t<meta property=\"og:image:type\" content=\"image\/webp\" \/>\n<meta name=\"author\" content=\"admin\" \/>\n<meta name=\"twitter:card\" content=\"summary_large_image\" \/>\n<meta name=\"twitter:label1\" content=\"Yazan:\" \/>\n\t<meta name=\"twitter:data1\" content=\"admin\" \/>\n\t<meta name=\"twitter:label2\" content=\"Tahmini okuma s\u00fcresi\" \/>\n\t<meta name=\"twitter:data2\" content=\"3 dakika\" \/>\n<script type=\"application\/ld+json\" class=\"yoast-schema-graph\">{\"@context\":\"https:\\\/\\\/schema.org\",\"@graph\":[{\"@type\":\"Article\",\"@id\":\"https:\\\/\\\/kibrisdakik.com\\\/?p=36177#article\",\"isPartOf\":{\"@id\":\"https:\\\/\\\/kibrisdakik.com\\\/?p=36177\"},\"author\":{\"name\":\"admin\",\"@id\":\"https:\\\/\\\/kibrisdakik.com\\\/#\\\/schema\\\/person\\\/9cd9d437bbb44f72b73ba127e06d8e79\"},\"headline\":\"\u201cKanserle Sava\u015f \u0130\u00e7in Afi\u015f ve Slogan Yar\u0131\u015fmas\u0131\u201d sonu\u00e7land\u0131\",\"datePublished\":\"2024-03-29T08:25:45+00:00\",\"mainEntityOfPage\":{\"@id\":\"https:\\\/\\\/kibrisdakik.com\\\/?p=36177\"},\"wordCount\":681,\"commentCount\":0,\"image\":{\"@id\":\"https:\\\/\\\/kibrisdakik.com\\\/?p=36177#primaryimage\"},\"thumbnailUrl\":\"https:\\\/\\\/kibrisdakik.com\\\/wp-content\\\/uploads\\\/2024\\\/03\\\/kanserle-savas-icin-afis-ve-slogan-yarismasi-sonuclandi-1711700025.webp.webp\",\"articleSection\":[\"Spor\"],\"inLanguage\":\"tr\",\"potentialAction\":[{\"@type\":\"CommentAction\",\"name\":\"Comment\",\"target\":[\"https:\\\/\\\/kibrisdakik.com\\\/?p=36177#respond\"]}]},{\"@type\":\"WebPage\",\"@id\":\"https:\\\/\\\/kibrisdakik.com\\\/?p=36177\",\"url\":\"https:\\\/\\\/kibrisdakik.com\\\/?p=36177\",\"name\":\"\u201cKanserle Sava\u015f \u0130\u00e7in Afi\u015f ve Slogan Yar\u0131\u015fmas\u0131\u201d sonu\u00e7land\u0131 -\",\"isPartOf\":{\"@id\":\"https:\\\/\\\/kibrisdakik.com\\\/#website\"},\"primaryImageOfPage\":{\"@id\":\"https:\\\/\\\/kibrisdakik.com\\\/?p=36177#primaryimage\"},\"image\":{\"@id\":\"https:\\\/\\\/kibrisdakik.com\\\/?p=36177#primaryimage\"},\"thumbnailUrl\":\"https:\\\/\\\/kibrisdakik.com\\\/wp-content\\\/uploads\\\/2024\\\/03\\\/kanserle-savas-icin-afis-ve-slogan-yarismasi-sonuclandi-1711700025.webp.webp\",\"datePublished\":\"2024-03-29T08:25:45+00:00\",\"author\":{\"@id\":\"https:\\\/\\\/kibrisdakik.com\\\/#\\\/schema\\\/person\\\/9cd9d437bbb44f72b73ba127e06d8e79\"},\"breadcrumb\":{\"@id\":\"https:\\\/\\\/kibrisdakik.com\\\/?p=36177#breadcrumb\"},\"inLanguage\":\"tr\",\"potentialAction\":[{\"@type\":\"ReadAction\",\"target\":[\"https:\\\/\\\/kibrisdakik.com\\\/?p=36177\"]}]},{\"@type\":\"ImageObject\",\"inLanguage\":\"tr\",\"@id\":\"https:\\\/\\\/kibrisdakik.com\\\/?p=36177#primaryimage\",\"url\":\"https:\\\/\\\/kibrisdakik.com\\\/wp-content\\\/uploads\\\/2024\\\/03\\\/kanserle-savas-icin-afis-ve-slogan-yarismasi-sonuclandi-1711700025.webp.webp\",\"contentUrl\":\"https:\\\/\\\/kibrisdakik.com\\\/wp-content\\\/uploads\\\/2024\\\/03\\\/kanserle-savas-icin-afis-ve-slogan-yarismasi-sonuclandi-1711700025.webp.webp\",\"width\":710,\"height\":370},{\"@type\":\"BreadcrumbList\",\"@id\":\"https:\\\/\\\/kibrisdakik.com\\\/?p=36177#breadcrumb\",\"itemListElement\":[{\"@type\":\"ListItem\",\"position\":1,\"name\":\"Home\",\"item\":\"https:\\\/\\\/kibrisdakik.com\\\/\"},{\"@type\":\"ListItem\",\"position\":2,\"name\":\"\u201cKanserle Sava\u015f \u0130\u00e7in Afi\u015f ve Slogan Yar\u0131\u015fmas\u0131\u201d sonu\u00e7land\u0131\"}]},{\"@type\":\"WebSite\",\"@id\":\"https:\\\/\\\/kibrisdakik.com\\\/#website\",\"url\":\"https:\\\/\\\/kibrisdakik.com\\\/\",\"name\":\"\",\"description\":\"Tam vaktinde haber\",\"potentialAction\":[{\"@type\":\"SearchAction\",\"target\":{\"@type\":\"EntryPoint\",\"urlTemplate\":\"https:\\\/\\\/kibrisdakik.com\\\/?s={search_term_string}\"},\"query-input\":{\"@type\":\"PropertyValueSpecification\",\"valueRequired\":true,\"valueName\":\"search_term_string\"}}],\"inLanguage\":\"tr\"},{\"@type\":\"Person\",\"@id\":\"https:\\\/\\\/kibrisdakik.com\\\/#\\\/schema\\\/person\\\/9cd9d437bbb44f72b73ba127e06d8e79\",\"name\":\"admin\",\"image\":{\"@type\":\"ImageObject\",\"inLanguage\":\"tr\",\"@id\":\"https:\\\/\\\/secure.gravatar.com\\\/avatar\\\/ccc17943b9d660506c869530f897617f7cb1c21a4bf30023f252596d83e1f007?s=96&d=mm&r=g\",\"url\":\"https:\\\/\\\/secure.gravatar.com\\\/avatar\\\/ccc17943b9d660506c869530f897617f7cb1c21a4bf30023f252596d83e1f007?s=96&d=mm&r=g\",\"contentUrl\":\"https:\\\/\\\/secure.gravatar.com\\\/avatar\\\/ccc17943b9d660506c869530f897617f7cb1c21a4bf30023f252596d83e1f007?s=96&d=mm&r=g\",\"caption\":\"admin\"},\"sameAs\":[\"https:\\\/\\\/kibrisdakik.com\"],\"url\":\"https:\\\/\\\/kibrisdakik.com\\\/?author=1\"}]}<\/script>\n<!-- \/ Yoast SEO plugin. -->","yoast_head_json":{"title":"\u201cKanserle Sava\u015f \u0130\u00e7in Afi\u015f ve Slogan Yar\u0131\u015fmas\u0131\u201d sonu\u00e7land\u0131 -","robots":{"index":"index","follow":"follow","max-snippet":"max-snippet:-1","max-image-preview":"max-image-preview:large","max-video-preview":"max-video-preview:-1"},"canonical":"https:\/\/kibrisdakik.com\/?p=36177","og_locale":"tr_TR","og_type":"article","og_title":"\u201cKanserle Sava\u015f \u0130\u00e7in Afi\u015f ve Slogan Yar\u0131\u015fmas\u0131\u201d sonu\u00e7land\u0131 -","og_description":"Vak\u0131ftan verilen bilgiye g\u00f6re, yar\u0131\u015fman\u0131n \u00f6d\u00fcl t\u00f6reni ve sergi a\u00e7\u0131l\u0131\u015f\u0131 16 Nisan Sal\u0131 g\u00fcn\u00fc saat 14.00&#8217;de \u0130smet Vehit G\u00fcney Sergi Salonu\u2019nda yap\u0131lacak. \u201cD\u00fc\u015fledi\u011fim Sa\u011fl\u0131kl\u0131 Ya\u015fam\u201d ve \u201cD\u00fc\u015fledi\u011fim \u00c7evre\u201d konulu yar\u0131\u015fmada 38 okuldan bin 161 eser yar\u0131\u015ft\u0131. -Yar\u0131\u015fma sonucu Yar\u0131\u015fmada \u00f6d\u00fcl alanlar \u015f\u00f6yle: &nbsp; \u201cAna s\u0131n\u0131f kategorisi: 1-) Tezel Sar\u0131o\u011flu \u2013 Yak\u0131n Do\u011fu Okul \u00d6ncesi, 1-)","og_url":"https:\/\/kibrisdakik.com\/?p=36177","article_published_time":"2024-03-29T08:25:45+00:00","og_image":[{"width":710,"height":370,"url":"https:\/\/kibrisdakik.com\/wp-content\/uploads\/2024\/03\/kanserle-savas-icin-afis-ve-slogan-yarismasi-sonuclandi-1711700025.webp.webp","type":"image\/webp"}],"author":"admin","twitter_card":"summary_large_image","twitter_misc":{"Yazan:":"admin","Tahmini okuma s\u00fcresi":"3 dakika"},"schema":{"@context":"https:\/\/schema.org","@graph":[{"@type":"Article","@id":"https:\/\/kibrisdakik.com\/?p=36177#article","isPartOf":{"@id":"https:\/\/kibrisdakik.com\/?p=36177"},"author":{"name":"admin","@id":"https:\/\/kibrisdakik.com\/#\/schema\/person\/9cd9d437bbb44f72b73ba127e06d8e79"},"headline":"\u201cKanserle Sava\u015f \u0130\u00e7in Afi\u015f ve Slogan Yar\u0131\u015fmas\u0131\u201d sonu\u00e7land\u0131","datePublished":"2024-03-29T08:25:45+00:00","mainEntityOfPage":{"@id":"https:\/\/kibrisdakik.com\/?p=36177"},"wordCount":681,"commentCount":0,"image":{"@id":"https:\/\/kibrisdakik.com\/?p=36177#primaryimage"},"thumbnailUrl":"https:\/\/kibrisdakik.com\/wp-content\/uploads\/2024\/03\/kanserle-savas-icin-afis-ve-slogan-yarismasi-sonuclandi-1711700025.webp.webp","articleSection":["Spor"],"inLanguage":"tr","potentialAction":[{"@type":"CommentAction","name":"Comment","target":["https:\/\/kibrisdakik.com\/?p=36177#respond"]}]},{"@type":"WebPage","@id":"https:\/\/kibrisdakik.com\/?p=36177","url":"https:\/\/kibrisdakik.com\/?p=36177","name":"\u201cKanserle Sava\u015f \u0130\u00e7in Afi\u015f ve Slogan Yar\u0131\u015fmas\u0131\u201d sonu\u00e7land\u0131 -","isPartOf":{"@id":"https:\/\/kibrisdakik.com\/#website"},"primaryImageOfPage":{"@id":"https:\/\/kibrisdakik.com\/?p=36177#primaryimage"},"image":{"@id":"https:\/\/kibrisdakik.com\/?p=36177#primaryimage"},"thumbnailUrl":"https:\/\/kibrisdakik.com\/wp-content\/uploads\/2024\/03\/kanserle-savas-icin-afis-ve-slogan-yarismasi-sonuclandi-1711700025.webp.webp","datePublished":"2024-03-29T08:25:45+00:00","author":{"@id":"https:\/\/kibrisdakik.com\/#\/schema\/person\/9cd9d437bbb44f72b73ba127e06d8e79"},"breadcrumb":{"@id":"https:\/\/kibrisdakik.com\/?p=36177#breadcrumb"},"inLanguage":"tr","potentialAction":[{"@type":"ReadAction","target":["https:\/\/kibrisdakik.com\/?p=36177"]}]},{"@type":"ImageObject","inLanguage":"tr","@id":"https:\/\/kibrisdakik.com\/?p=36177#primaryimage","url":"https:\/\/kibrisdakik.com\/wp-content\/uploads\/2024\/03\/kanserle-savas-icin-afis-ve-slogan-yarismasi-sonuclandi-1711700025.webp.webp","contentUrl":"https:\/\/kibrisdakik.com\/wp-content\/uploads\/2024\/03\/kanserle-savas-icin-afis-ve-slogan-yarismasi-sonuclandi-1711700025.webp.webp","width":710,"height":370},{"@type":"BreadcrumbList","@id":"https:\/\/kibrisdakik.com\/?p=36177#breadcrumb","itemListElement":[{"@type":"ListItem","position":1,"name":"Home","item":"https:\/\/kibrisdakik.com\/"},{"@type":"ListItem","position":2,"name":"\u201cKanserle Sava\u015f \u0130\u00e7in Afi\u015f ve Slogan Yar\u0131\u015fmas\u0131\u201d sonu\u00e7land\u0131"}]},{"@type":"WebSite","@id":"https:\/\/kibrisdakik.com\/#website","url":"https:\/\/kibrisdakik.com\/","name":"","description":"Tam vaktinde haber","potentialAction":[{"@type":"SearchAction","target":{"@type":"EntryPoint","urlTemplate":"https:\/\/kibrisdakik.com\/?s={search_term_string}"},"query-input":{"@type":"PropertyValueSpecification","valueRequired":true,"valueName":"search_term_string"}}],"inLanguage":"tr"},{"@type":"Person","@id":"https:\/\/kibrisdakik.com\/#\/schema\/person\/9cd9d437bbb44f72b73ba127e06d8e79","name":"admin","image":{"@type":"ImageObject","inLanguage":"tr","@id":"https:\/\/secure.gravatar.com\/avatar\/ccc17943b9d660506c869530f897617f7cb1c21a4bf30023f252596d83e1f007?s=96&d=mm&r=g","url":"https:\/\/secure.gravatar.com\/avatar\/ccc17943b9d660506c869530f897617f7cb1c21a4bf30023f252596d83e1f007?s=96&d=mm&r=g","contentUrl":"https:\/\/secure.gravatar.com\/avatar\/ccc17943b9d660506c869530f897617f7cb1c21a4bf30023f252596d83e1f007?s=96&d=mm&r=g","caption":"admin"},"sameAs":["https:\/\/kibrisdakik.com"],"url":"https:\/\/kibrisdakik.com\/?author=1"}]}},"_links":{"self":[{"href":"https:\/\/kibrisdakik.com\/index.php?rest_route=\/wp\/v2\/posts\/36177","targetHints":{"allow":["GET"]}}],"collection":[{"href":"https:\/\/kibrisdakik.com\/index.php?rest_route=\/wp\/v2\/posts"}],"about":[{"href":"https:\/\/kibrisdakik.com\/index.php?rest_route=\/wp\/v2\/types\/post"}],"author":[{"embeddable":true,"href":"https:\/\/kibrisdakik.com\/index.php?rest_route=\/wp\/v2\/users\/1"}],"replies":[{"embeddable":true,"href":"https:\/\/kibrisdakik.com\/index.php?rest_route=%2Fwp%2Fv2%2Fcomments&post=36177"}],"version-history":[{"count":0,"href":"https:\/\/kibrisdakik.com\/index.php?rest_route=\/wp\/v2\/posts\/36177\/revisions"}],"wp:featuredmedia":[{"embeddable":true,"href":"https:\/\/kibrisdakik.com\/index.php?rest_route=\/wp\/v2\/media\/36178"}],"wp:attachment":[{"href":"https:\/\/kibrisdakik.com\/index.php?rest_route=%2Fwp%2Fv2%2Fmedia&parent=36177"}],"wp:term":[{"taxonomy":"category","embeddable":true,"href":"https:\/\/kibrisdakik.com\/index.php?rest_route=%2Fwp%2Fv2%2Fcategories&post=36177"},{"taxonomy":"post_tag","embeddable":true,"href":"https:\/\/kibrisdakik.com\/index.php?rest_route=%2Fwp%2Fv2%2Ftags&post=36177"}],"curies":[{"name":"wp","href":"https:\/\/api.w.org\/{rel}","templated":true}]}}