{"id":36195,"date":"2024-03-29T11:27:48","date_gmt":"2024-03-29T11:27:48","guid":{"rendered":"https:\/\/kibrisdakik.com\/index.php\/2024\/03\/29\/mecliste-gorev-yapan-ktamsa-uye-stenograflarin-grevi-suruyor\/"},"modified":"2024-03-29T11:27:48","modified_gmt":"2024-03-29T11:27:48","slug":"mecliste-gorev-yapan-ktamsa-uye-stenograflarin-grevi-suruyor","status":"publish","type":"post","link":"https:\/\/kibrisdakik.com\/?p=36195","title":{"rendered":"Meclis\u2019te g\u00f6rev yapan KTAMS\u2019a \u00fcye stenograflar\u0131n grevi s\u00fcr\u00fcyor"},"content":{"rendered":"<p><\/p>\n<div>\n<div class=\"mariselle-image-container none\">\n                <img loading=\"lazy\" decoding=\"async\" width=\"1000\" height=\"666\" class=\"lazy-image\" alt=\"\" sizes=\"auto, (max-width: 1000px) 100vw, 1000px\" src=\"https:\/\/brtk.net\/wp-content\/uploads\/2024\/03\/29\/cumhuriyet-meclisi3.jpg?ver=abb707801a7b606e3f8aca33878dff2c\" srcset=\"https:\/\/brtk.net\/wp-content\/uploads\/2024\/03\/29\/cumhuriyet-meclisi3.jpg?ver=abb707801a7b606e3f8aca33878dff2c 1000w, https:\/\/brtk.net\/wp-content\/uploads\/2024\/03\/29\/cumhuriyet-meclisi3-300x200.jpg?ver=d3163ec2c0544d9689c7834ede3f2eec 300w, https:\/\/brtk.net\/wp-content\/uploads\/2024\/03\/29\/cumhuriyet-meclisi3-768x511.jpg?ver=141a597249a1572d96af0b0fcdbb8b4a 768w\"\/>                            <\/div>\n<p>Cumhuriyet Meclisi\u2019nde g\u00f6rev yapan K\u0131br\u0131s T\u00fcrk Amme Memurlar\u0131 Sendikas\u0131\u2019nda (KTAMS) \u00f6rg\u00fctl\u00fc stenograflar\u0131n grevi 3 g\u00fcnd\u00fcr s\u00fcr\u00fcyor.<\/p>\n<p>Sendika, \u201cStenograflar aras\u0131nda baz\u0131 ki\u015filere taviz ve imtiyazlar verildi\u011fi,\u00a0Meclis Ba\u015fkan\u0131 ve Genel Sekreterin sorunlara duyars\u0131z kald\u0131\u011f\u0131\u201d gerek\u00e7esiyle \u00c7ar\u015famba g\u00fcn\u00fc Cumhuriyet Meclisi\u2019nde grev ba\u015flatm\u0131\u015ft\u0131.<\/p>\n<p>Sorunlara \u00e7\u00f6z\u00fcm bulunmad\u0131\u011f\u0131n\u0131 belirten KTAMS, \u00a0grevin bug\u00fcn de devam etti\u011fini a\u00e7\u0131klad\u0131.<\/p>\n<\/p><\/div>\n<p><script async\n                    defer\n                    crossorigin=\"anonymous\"\n                    src=\"https:\/\/connect.facebook.net\/tr_TR\/sdk.js#xfbml=1&#038;version=v3.3\"\n            ><\/script><\/p>\n","protected":false},"excerpt":{"rendered":"<p>Cumhuriyet Meclisi\u2019nde g\u00f6rev yapan K\u0131br\u0131s T\u00fcrk Amme Memurlar\u0131 Sendikas\u0131\u2019nda (KTAMS) \u00f6rg\u00fctl\u00fc stenograflar\u0131n grevi 3 g\u00fcnd\u00fcr s\u00fcr\u00fcyor. Sendika, \u201cStenograflar aras\u0131nda baz\u0131 ki\u015filere taviz ve imtiyazlar verildi\u011fi,\u00a0Meclis Ba\u015fkan\u0131 ve Genel Sekreterin sorunlara duyars\u0131z kald\u0131\u011f\u0131\u201d gerek\u00e7esiyle \u00c7ar\u015famba g\u00fcn\u00fc Cumhuriyet Meclisi\u2019nde grev ba\u015flatm\u0131\u015ft\u0131. Sorunlara \u00e7\u00f6z\u00fcm bulunmad\u0131\u011f\u0131n\u0131 belirten KTAMS, \u00a0grevin bug\u00fcn de devam etti\u011fini a\u00e7\u0131klad\u0131.<\/p>\n","protected":false},"author":1,"featured_media":36196,"comment_status":"open","ping_status":"open","sticky":false,"template":"","format":"standard","meta":{"footnotes":""},"categories":[1],"tags":[],"class_list":["post-36195","post","type-post","status-publish","format-standard","has-post-thumbnail","hentry","category-gundem"],"yoast_head":"<!-- This site is optimized with the Yoast SEO plugin v27.5 - https:\/\/yoast.com\/product\/yoast-seo-wordpress\/ -->\n<title>Meclis\u2019te g\u00f6rev yapan KTAMS\u2019a \u00fcye stenograflar\u0131n grevi s\u00fcr\u00fcyor -<\/title>\n<meta name=\"robots\" content=\"index, follow, max-snippet:-1, max-image-preview:large, max-video-preview:-1\" \/>\n<link rel=\"canonical\" href=\"https:\/\/kibrisdakik.com\/?p=36195\" \/>\n<meta property=\"og:locale\" content=\"tr_TR\" \/>\n<meta property=\"og:type\" content=\"article\" \/>\n<meta property=\"og:title\" content=\"Meclis\u2019te g\u00f6rev yapan KTAMS\u2019a \u00fcye stenograflar\u0131n grevi s\u00fcr\u00fcyor -\" \/>\n<meta property=\"og:description\" content=\"Cumhuriyet Meclisi\u2019nde g\u00f6rev yapan K\u0131br\u0131s T\u00fcrk Amme Memurlar\u0131 Sendikas\u0131\u2019nda (KTAMS) \u00f6rg\u00fctl\u00fc stenograflar\u0131n grevi 3 g\u00fcnd\u00fcr s\u00fcr\u00fcyor. Sendika, \u201cStenograflar aras\u0131nda baz\u0131 ki\u015filere taviz ve imtiyazlar verildi\u011fi,\u00a0Meclis Ba\u015fkan\u0131 ve Genel Sekreterin sorunlara duyars\u0131z kald\u0131\u011f\u0131\u201d gerek\u00e7esiyle \u00c7ar\u015famba g\u00fcn\u00fc Cumhuriyet Meclisi\u2019nde grev ba\u015flatm\u0131\u015ft\u0131. Sorunlara \u00e7\u00f6z\u00fcm bulunmad\u0131\u011f\u0131n\u0131 belirten KTAMS, \u00a0grevin bug\u00fcn de devam etti\u011fini a\u00e7\u0131klad\u0131.\" \/>\n<meta property=\"og:url\" content=\"https:\/\/kibrisdakik.com\/?p=36195\" \/>\n<meta property=\"article:published_time\" content=\"2024-03-29T11:27:48+00:00\" \/>\n<meta property=\"og:image\" content=\"https:\/\/kibrisdakik.com\/wp-content\/uploads\/2024\/03\/cumhuriyet-meclisi3-740x420.jpg\" \/>\n\t<meta property=\"og:image:width\" content=\"1000\" \/>\n\t<meta property=\"og:image:height\" content=\"666\" \/>\n\t<meta property=\"og:image:type\" content=\"image\/jpeg\" \/>\n<meta name=\"author\" content=\"admin\" \/>\n<meta name=\"twitter:card\" content=\"summary_large_image\" \/>\n<meta name=\"twitter:label1\" content=\"Yazan:\" \/>\n\t<meta name=\"twitter:data1\" content=\"admin\" \/>\n<script type=\"application\/ld+json\" class=\"yoast-schema-graph\">{\"@context\":\"https:\\\/\\\/schema.org\",\"@graph\":[{\"@type\":\"Article\",\"@id\":\"https:\\\/\\\/kibrisdakik.com\\\/?p=36195#article\",\"isPartOf\":{\"@id\":\"https:\\\/\\\/kibrisdakik.com\\\/?p=36195\"},\"author\":{\"name\":\"admin\",\"@id\":\"https:\\\/\\\/kibrisdakik.com\\\/#\\\/schema\\\/person\\\/9cd9d437bbb44f72b73ba127e06d8e79\"},\"headline\":\"Meclis\u2019te g\u00f6rev yapan KTAMS\u2019a \u00fcye stenograflar\u0131n grevi s\u00fcr\u00fcyor\",\"datePublished\":\"2024-03-29T11:27:48+00:00\",\"mainEntityOfPage\":{\"@id\":\"https:\\\/\\\/kibrisdakik.com\\\/?p=36195\"},\"wordCount\":92,\"commentCount\":0,\"image\":{\"@id\":\"https:\\\/\\\/kibrisdakik.com\\\/?p=36195#primaryimage\"},\"thumbnailUrl\":\"https:\\\/\\\/kibrisdakik.com\\\/wp-content\\\/uploads\\\/2024\\\/03\\\/cumhuriyet-meclisi3-740x420.jpg\",\"articleSection\":[\"G\u00fcndem\"],\"inLanguage\":\"tr\",\"potentialAction\":[{\"@type\":\"CommentAction\",\"name\":\"Comment\",\"target\":[\"https:\\\/\\\/kibrisdakik.com\\\/?p=36195#respond\"]}]},{\"@type\":\"WebPage\",\"@id\":\"https:\\\/\\\/kibrisdakik.com\\\/?p=36195\",\"url\":\"https:\\\/\\\/kibrisdakik.com\\\/?p=36195\",\"name\":\"Meclis\u2019te g\u00f6rev yapan KTAMS\u2019a \u00fcye stenograflar\u0131n grevi s\u00fcr\u00fcyor -\",\"isPartOf\":{\"@id\":\"https:\\\/\\\/kibrisdakik.com\\\/#website\"},\"primaryImageOfPage\":{\"@id\":\"https:\\\/\\\/kibrisdakik.com\\\/?p=36195#primaryimage\"},\"image\":{\"@id\":\"https:\\\/\\\/kibrisdakik.com\\\/?p=36195#primaryimage\"},\"thumbnailUrl\":\"https:\\\/\\\/kibrisdakik.com\\\/wp-content\\\/uploads\\\/2024\\\/03\\\/cumhuriyet-meclisi3-740x420.jpg\",\"datePublished\":\"2024-03-29T11:27:48+00:00\",\"author\":{\"@id\":\"https:\\\/\\\/kibrisdakik.com\\\/#\\\/schema\\\/person\\\/9cd9d437bbb44f72b73ba127e06d8e79\"},\"breadcrumb\":{\"@id\":\"https:\\\/\\\/kibrisdakik.com\\\/?p=36195#breadcrumb\"},\"inLanguage\":\"tr\",\"potentialAction\":[{\"@type\":\"ReadAction\",\"target\":[\"https:\\\/\\\/kibrisdakik.com\\\/?p=36195\"]}]},{\"@type\":\"ImageObject\",\"inLanguage\":\"tr\",\"@id\":\"https:\\\/\\\/kibrisdakik.com\\\/?p=36195#primaryimage\",\"url\":\"https:\\\/\\\/kibrisdakik.com\\\/wp-content\\\/uploads\\\/2024\\\/03\\\/cumhuriyet-meclisi3-740x420.jpg\",\"contentUrl\":\"https:\\\/\\\/kibrisdakik.com\\\/wp-content\\\/uploads\\\/2024\\\/03\\\/cumhuriyet-meclisi3-740x420.jpg\",\"width\":1000,\"height\":666},{\"@type\":\"BreadcrumbList\",\"@id\":\"https:\\\/\\\/kibrisdakik.com\\\/?p=36195#breadcrumb\",\"itemListElement\":[{\"@type\":\"ListItem\",\"position\":1,\"name\":\"Home\",\"item\":\"https:\\\/\\\/kibrisdakik.com\\\/\"},{\"@type\":\"ListItem\",\"position\":2,\"name\":\"Meclis\u2019te g\u00f6rev yapan KTAMS\u2019a \u00fcye stenograflar\u0131n grevi s\u00fcr\u00fcyor\"}]},{\"@type\":\"WebSite\",\"@id\":\"https:\\\/\\\/kibrisdakik.com\\\/#website\",\"url\":\"https:\\\/\\\/kibrisdakik.com\\\/\",\"name\":\"\",\"description\":\"Tam vaktinde haber\",\"potentialAction\":[{\"@type\":\"SearchAction\",\"target\":{\"@type\":\"EntryPoint\",\"urlTemplate\":\"https:\\\/\\\/kibrisdakik.com\\\/?s={search_term_string}\"},\"query-input\":{\"@type\":\"PropertyValueSpecification\",\"valueRequired\":true,\"valueName\":\"search_term_string\"}}],\"inLanguage\":\"tr\"},{\"@type\":\"Person\",\"@id\":\"https:\\\/\\\/kibrisdakik.com\\\/#\\\/schema\\\/person\\\/9cd9d437bbb44f72b73ba127e06d8e79\",\"name\":\"admin\",\"image\":{\"@type\":\"ImageObject\",\"inLanguage\":\"tr\",\"@id\":\"https:\\\/\\\/secure.gravatar.com\\\/avatar\\\/ccc17943b9d660506c869530f897617f7cb1c21a4bf30023f252596d83e1f007?s=96&d=mm&r=g\",\"url\":\"https:\\\/\\\/secure.gravatar.com\\\/avatar\\\/ccc17943b9d660506c869530f897617f7cb1c21a4bf30023f252596d83e1f007?s=96&d=mm&r=g\",\"contentUrl\":\"https:\\\/\\\/secure.gravatar.com\\\/avatar\\\/ccc17943b9d660506c869530f897617f7cb1c21a4bf30023f252596d83e1f007?s=96&d=mm&r=g\",\"caption\":\"admin\"},\"sameAs\":[\"https:\\\/\\\/kibrisdakik.com\"],\"url\":\"https:\\\/\\\/kibrisdakik.com\\\/?author=1\"}]}<\/script>\n<!-- \/ Yoast SEO plugin. -->","yoast_head_json":{"title":"Meclis\u2019te g\u00f6rev yapan KTAMS\u2019a \u00fcye stenograflar\u0131n grevi s\u00fcr\u00fcyor -","robots":{"index":"index","follow":"follow","max-snippet":"max-snippet:-1","max-image-preview":"max-image-preview:large","max-video-preview":"max-video-preview:-1"},"canonical":"https:\/\/kibrisdakik.com\/?p=36195","og_locale":"tr_TR","og_type":"article","og_title":"Meclis\u2019te g\u00f6rev yapan KTAMS\u2019a \u00fcye stenograflar\u0131n grevi s\u00fcr\u00fcyor -","og_description":"Cumhuriyet Meclisi\u2019nde g\u00f6rev yapan K\u0131br\u0131s T\u00fcrk Amme Memurlar\u0131 Sendikas\u0131\u2019nda (KTAMS) \u00f6rg\u00fctl\u00fc stenograflar\u0131n grevi 3 g\u00fcnd\u00fcr s\u00fcr\u00fcyor. Sendika, \u201cStenograflar aras\u0131nda baz\u0131 ki\u015filere taviz ve imtiyazlar verildi\u011fi,\u00a0Meclis Ba\u015fkan\u0131 ve Genel Sekreterin sorunlara duyars\u0131z kald\u0131\u011f\u0131\u201d gerek\u00e7esiyle \u00c7ar\u015famba g\u00fcn\u00fc Cumhuriyet Meclisi\u2019nde grev ba\u015flatm\u0131\u015ft\u0131. Sorunlara \u00e7\u00f6z\u00fcm bulunmad\u0131\u011f\u0131n\u0131 belirten KTAMS, \u00a0grevin bug\u00fcn de devam etti\u011fini a\u00e7\u0131klad\u0131.","og_url":"https:\/\/kibrisdakik.com\/?p=36195","article_published_time":"2024-03-29T11:27:48+00:00","og_image":[{"width":1000,"height":666,"url":"https:\/\/kibrisdakik.com\/wp-content\/uploads\/2024\/03\/cumhuriyet-meclisi3-740x420.jpg","type":"image\/jpeg"}],"author":"admin","twitter_card":"summary_large_image","twitter_misc":{"Yazan:":"admin"},"schema":{"@context":"https:\/\/schema.org","@graph":[{"@type":"Article","@id":"https:\/\/kibrisdakik.com\/?p=36195#article","isPartOf":{"@id":"https:\/\/kibrisdakik.com\/?p=36195"},"author":{"name":"admin","@id":"https:\/\/kibrisdakik.com\/#\/schema\/person\/9cd9d437bbb44f72b73ba127e06d8e79"},"headline":"Meclis\u2019te g\u00f6rev yapan KTAMS\u2019a \u00fcye stenograflar\u0131n grevi s\u00fcr\u00fcyor","datePublished":"2024-03-29T11:27:48+00:00","mainEntityOfPage":{"@id":"https:\/\/kibrisdakik.com\/?p=36195"},"wordCount":92,"commentCount":0,"image":{"@id":"https:\/\/kibrisdakik.com\/?p=36195#primaryimage"},"thumbnailUrl":"https:\/\/kibrisdakik.com\/wp-content\/uploads\/2024\/03\/cumhuriyet-meclisi3-740x420.jpg","articleSection":["G\u00fcndem"],"inLanguage":"tr","potentialAction":[{"@type":"CommentAction","name":"Comment","target":["https:\/\/kibrisdakik.com\/?p=36195#respond"]}]},{"@type":"WebPage","@id":"https:\/\/kibrisdakik.com\/?p=36195","url":"https:\/\/kibrisdakik.com\/?p=36195","name":"Meclis\u2019te g\u00f6rev yapan KTAMS\u2019a \u00fcye stenograflar\u0131n grevi s\u00fcr\u00fcyor -","isPartOf":{"@id":"https:\/\/kibrisdakik.com\/#website"},"primaryImageOfPage":{"@id":"https:\/\/kibrisdakik.com\/?p=36195#primaryimage"},"image":{"@id":"https:\/\/kibrisdakik.com\/?p=36195#primaryimage"},"thumbnailUrl":"https:\/\/kibrisdakik.com\/wp-content\/uploads\/2024\/03\/cumhuriyet-meclisi3-740x420.jpg","datePublished":"2024-03-29T11:27:48+00:00","author":{"@id":"https:\/\/kibrisdakik.com\/#\/schema\/person\/9cd9d437bbb44f72b73ba127e06d8e79"},"breadcrumb":{"@id":"https:\/\/kibrisdakik.com\/?p=36195#breadcrumb"},"inLanguage":"tr","potentialAction":[{"@type":"ReadAction","target":["https:\/\/kibrisdakik.com\/?p=36195"]}]},{"@type":"ImageObject","inLanguage":"tr","@id":"https:\/\/kibrisdakik.com\/?p=36195#primaryimage","url":"https:\/\/kibrisdakik.com\/wp-content\/uploads\/2024\/03\/cumhuriyet-meclisi3-740x420.jpg","contentUrl":"https:\/\/kibrisdakik.com\/wp-content\/uploads\/2024\/03\/cumhuriyet-meclisi3-740x420.jpg","width":1000,"height":666},{"@type":"BreadcrumbList","@id":"https:\/\/kibrisdakik.com\/?p=36195#breadcrumb","itemListElement":[{"@type":"ListItem","position":1,"name":"Home","item":"https:\/\/kibrisdakik.com\/"},{"@type":"ListItem","position":2,"name":"Meclis\u2019te g\u00f6rev yapan KTAMS\u2019a \u00fcye stenograflar\u0131n grevi s\u00fcr\u00fcyor"}]},{"@type":"WebSite","@id":"https:\/\/kibrisdakik.com\/#website","url":"https:\/\/kibrisdakik.com\/","name":"","description":"Tam vaktinde haber","potentialAction":[{"@type":"SearchAction","target":{"@type":"EntryPoint","urlTemplate":"https:\/\/kibrisdakik.com\/?s={search_term_string}"},"query-input":{"@type":"PropertyValueSpecification","valueRequired":true,"valueName":"search_term_string"}}],"inLanguage":"tr"},{"@type":"Person","@id":"https:\/\/kibrisdakik.com\/#\/schema\/person\/9cd9d437bbb44f72b73ba127e06d8e79","name":"admin","image":{"@type":"ImageObject","inLanguage":"tr","@id":"https:\/\/secure.gravatar.com\/avatar\/ccc17943b9d660506c869530f897617f7cb1c21a4bf30023f252596d83e1f007?s=96&d=mm&r=g","url":"https:\/\/secure.gravatar.com\/avatar\/ccc17943b9d660506c869530f897617f7cb1c21a4bf30023f252596d83e1f007?s=96&d=mm&r=g","contentUrl":"https:\/\/secure.gravatar.com\/avatar\/ccc17943b9d660506c869530f897617f7cb1c21a4bf30023f252596d83e1f007?s=96&d=mm&r=g","caption":"admin"},"sameAs":["https:\/\/kibrisdakik.com"],"url":"https:\/\/kibrisdakik.com\/?author=1"}]}},"_links":{"self":[{"href":"https:\/\/kibrisdakik.com\/index.php?rest_route=\/wp\/v2\/posts\/36195","targetHints":{"allow":["GET"]}}],"collection":[{"href":"https:\/\/kibrisdakik.com\/index.php?rest_route=\/wp\/v2\/posts"}],"about":[{"href":"https:\/\/kibrisdakik.com\/index.php?rest_route=\/wp\/v2\/types\/post"}],"author":[{"embeddable":true,"href":"https:\/\/kibrisdakik.com\/index.php?rest_route=\/wp\/v2\/users\/1"}],"replies":[{"embeddable":true,"href":"https:\/\/kibrisdakik.com\/index.php?rest_route=%2Fwp%2Fv2%2Fcomments&post=36195"}],"version-history":[{"count":0,"href":"https:\/\/kibrisdakik.com\/index.php?rest_route=\/wp\/v2\/posts\/36195\/revisions"}],"wp:featuredmedia":[{"embeddable":true,"href":"https:\/\/kibrisdakik.com\/index.php?rest_route=\/wp\/v2\/media\/36196"}],"wp:attachment":[{"href":"https:\/\/kibrisdakik.com\/index.php?rest_route=%2Fwp%2Fv2%2Fmedia&parent=36195"}],"wp:term":[{"taxonomy":"category","embeddable":true,"href":"https:\/\/kibrisdakik.com\/index.php?rest_route=%2Fwp%2Fv2%2Fcategories&post=36195"},{"taxonomy":"post_tag","embeddable":true,"href":"https:\/\/kibrisdakik.com\/index.php?rest_route=%2Fwp%2Fv2%2Ftags&post=36195"}],"curies":[{"name":"wp","href":"https:\/\/api.w.org\/{rel}","templated":true}]}}