{"id":36215,"date":"2024-03-29T13:31:48","date_gmt":"2024-03-29T13:31:48","guid":{"rendered":"https:\/\/kibrisdakik.com\/index.php\/2024\/03\/29\/erden-timur-medya-patronu-oldu\/"},"modified":"2024-03-29T13:31:48","modified_gmt":"2024-03-29T13:31:48","slug":"erden-timur-medya-patronu-oldu","status":"publish","type":"post","link":"https:\/\/kibrisdakik.com\/?p=36215","title":{"rendered":"Erden Timur medya patronu oldu"},"content":{"rendered":"<p><img decoding=\"async\" src=\"https:\/\/www.kibristurk.com\/images\/haberler\/2024\/03\/erden-timur-medya-patronu-oldu-1711718513.webp\" \/><\/p>\n<p>\u0130\u015f ve ekonomi dergisi Forbes\u2019un yeni sahibi, 2020 y\u0131l\u0131nda 400 milyon dolar servetiyle Forbes\u2019un T\u00fcrkiye\u2019nin En Zengin 100 insan\u0131ndan biri olan Erden Timur oldu.<br \/>\n&nbsp;<\/p>\n<p>Amerikan i\u015f ve ekonomi dergisi Forbes\u2019un Medya Grup Ba\u015fkanl\u0131\u011f\u0131\u2019n\u0131 daha \u00f6nce de dergiyi y\u00f6neten Bur\u00e7ak G\u00fcven \u00fcstlendi. TMR Yay\u0131nc\u0131l\u0131k, Forbes T\u00fcrkiye\u2019nin ilk say\u0131s\u0131n\u0131 haziran ay\u0131nda \u00e7\u0131karacak. Daha sonra dijital kanallar devreye girecek.<\/p>\n<p>Forbes, 1917 y\u0131l\u0131nda kuruldu. 2014 y\u0131l\u0131ndan bu yana Hong Kong merkezli yat\u0131r\u0131m grubu Integrated Whale Media Investments&#8217;a ait. Forbes Dergisi, finanstan pazarlamaya, ileti\u015fimden teknolojiye bir\u00e7ok i\u00e7erikle yay\u0131nlanan derginin merkezi New Jersey\u2019de. Dergi ayr\u0131ca teknoloji, ileti\u015fim, bilim, siyaset ve hukuk gibi ilgili konularda da raporlar sunuyor.<\/p>\n<p>Patronlar D\u00fcnyas\u0131&#8217;n\u0131n haberine g\u00f6re; Forbes \u00e7e\u015fitli konular hakk\u0131nda haz\u0131rlad\u0131\u011f\u0131 s\u0131ral\u0131 listelerle de biliniyor. En zengin Amerikal\u0131lar (Forbes 400), d\u00fcnyan\u0131n en b\u00fcy\u00fck \u015firketleri (Forbes Global 2000) ve d\u00fcnyan\u0131n en zenginleri (World Billionaries) listeleri bunlar aras\u0131nda. 27 dilde yay\u0131n yapan Forbes, 2005-2020 tarihleri aras\u0131nda T\u00fcrkiye\u2019de yay\u0131n hayat\u0131n\u0131 s\u00fcrd\u00fcrd\u00fc.<\/p>\n","protected":false},"excerpt":{"rendered":"<p>\u0130\u015f ve ekonomi dergisi Forbes\u2019un yeni sahibi, 2020 y\u0131l\u0131nda 400 milyon dolar servetiyle Forbes\u2019un T\u00fcrkiye\u2019nin En Zengin 100 insan\u0131ndan biri olan Erden Timur oldu. &nbsp; Amerikan i\u015f ve ekonomi dergisi Forbes\u2019un Medya Grup Ba\u015fkanl\u0131\u011f\u0131\u2019n\u0131 daha \u00f6nce de dergiyi y\u00f6neten Bur\u00e7ak G\u00fcven \u00fcstlendi. TMR Yay\u0131nc\u0131l\u0131k, Forbes T\u00fcrkiye\u2019nin ilk say\u0131s\u0131n\u0131 haziran ay\u0131nda \u00e7\u0131karacak. Daha sonra dijital kanallar<\/p>\n","protected":false},"author":1,"featured_media":36216,"comment_status":"open","ping_status":"open","sticky":false,"template":"","format":"standard","meta":{"footnotes":""},"categories":[85],"tags":[],"class_list":["post-36215","post","type-post","status-publish","format-standard","has-post-thumbnail","hentry","category-spor"],"yoast_head":"<!-- This site is optimized with the Yoast SEO plugin v27.4 - https:\/\/yoast.com\/product\/yoast-seo-wordpress\/ -->\n<title>Erden Timur medya patronu oldu -<\/title>\n<meta name=\"robots\" content=\"index, follow, max-snippet:-1, max-image-preview:large, max-video-preview:-1\" \/>\n<link rel=\"canonical\" href=\"https:\/\/kibrisdakik.com\/?p=36215\" \/>\n<meta property=\"og:locale\" content=\"tr_TR\" \/>\n<meta property=\"og:type\" content=\"article\" \/>\n<meta property=\"og:title\" content=\"Erden Timur medya patronu oldu -\" \/>\n<meta property=\"og:description\" content=\"\u0130\u015f ve ekonomi dergisi Forbes\u2019un yeni sahibi, 2020 y\u0131l\u0131nda 400 milyon dolar servetiyle Forbes\u2019un T\u00fcrkiye\u2019nin En Zengin 100 insan\u0131ndan biri olan Erden Timur oldu. &nbsp; Amerikan i\u015f ve ekonomi dergisi Forbes\u2019un Medya Grup Ba\u015fkanl\u0131\u011f\u0131\u2019n\u0131 daha \u00f6nce de dergiyi y\u00f6neten Bur\u00e7ak G\u00fcven \u00fcstlendi. TMR Yay\u0131nc\u0131l\u0131k, Forbes T\u00fcrkiye\u2019nin ilk say\u0131s\u0131n\u0131 haziran ay\u0131nda \u00e7\u0131karacak. Daha sonra dijital kanallar\" \/>\n<meta property=\"og:url\" content=\"https:\/\/kibrisdakik.com\/?p=36215\" \/>\n<meta property=\"article:published_time\" content=\"2024-03-29T13:31:48+00:00\" \/>\n<meta property=\"og:image\" content=\"https:\/\/kibrisdakik.com\/wp-content\/uploads\/2024\/03\/erden-timur-medya-patronu-oldu-1711718513.webp.webp\" \/>\n\t<meta property=\"og:image:width\" content=\"710\" \/>\n\t<meta property=\"og:image:height\" content=\"370\" \/>\n\t<meta property=\"og:image:type\" content=\"image\/webp\" \/>\n<meta name=\"author\" content=\"admin\" \/>\n<meta name=\"twitter:card\" content=\"summary_large_image\" \/>\n<meta name=\"twitter:label1\" content=\"Yazan:\" \/>\n\t<meta name=\"twitter:data1\" content=\"admin\" \/>\n\t<meta name=\"twitter:label2\" content=\"Tahmini okuma s\u00fcresi\" \/>\n\t<meta name=\"twitter:data2\" content=\"1 dakika\" \/>\n<script type=\"application\/ld+json\" class=\"yoast-schema-graph\">{\"@context\":\"https:\\\/\\\/schema.org\",\"@graph\":[{\"@type\":\"Article\",\"@id\":\"https:\\\/\\\/kibrisdakik.com\\\/?p=36215#article\",\"isPartOf\":{\"@id\":\"https:\\\/\\\/kibrisdakik.com\\\/?p=36215\"},\"author\":{\"name\":\"admin\",\"@id\":\"https:\\\/\\\/kibrisdakik.com\\\/#\\\/schema\\\/person\\\/9cd9d437bbb44f72b73ba127e06d8e79\"},\"headline\":\"Erden Timur medya patronu oldu\",\"datePublished\":\"2024-03-29T13:31:48+00:00\",\"mainEntityOfPage\":{\"@id\":\"https:\\\/\\\/kibrisdakik.com\\\/?p=36215\"},\"wordCount\":202,\"commentCount\":0,\"image\":{\"@id\":\"https:\\\/\\\/kibrisdakik.com\\\/?p=36215#primaryimage\"},\"thumbnailUrl\":\"https:\\\/\\\/kibrisdakik.com\\\/wp-content\\\/uploads\\\/2024\\\/03\\\/erden-timur-medya-patronu-oldu-1711718513.webp.webp\",\"articleSection\":[\"Spor\"],\"inLanguage\":\"tr\",\"potentialAction\":[{\"@type\":\"CommentAction\",\"name\":\"Comment\",\"target\":[\"https:\\\/\\\/kibrisdakik.com\\\/?p=36215#respond\"]}]},{\"@type\":\"WebPage\",\"@id\":\"https:\\\/\\\/kibrisdakik.com\\\/?p=36215\",\"url\":\"https:\\\/\\\/kibrisdakik.com\\\/?p=36215\",\"name\":\"Erden Timur medya patronu oldu -\",\"isPartOf\":{\"@id\":\"https:\\\/\\\/kibrisdakik.com\\\/#website\"},\"primaryImageOfPage\":{\"@id\":\"https:\\\/\\\/kibrisdakik.com\\\/?p=36215#primaryimage\"},\"image\":{\"@id\":\"https:\\\/\\\/kibrisdakik.com\\\/?p=36215#primaryimage\"},\"thumbnailUrl\":\"https:\\\/\\\/kibrisdakik.com\\\/wp-content\\\/uploads\\\/2024\\\/03\\\/erden-timur-medya-patronu-oldu-1711718513.webp.webp\",\"datePublished\":\"2024-03-29T13:31:48+00:00\",\"author\":{\"@id\":\"https:\\\/\\\/kibrisdakik.com\\\/#\\\/schema\\\/person\\\/9cd9d437bbb44f72b73ba127e06d8e79\"},\"breadcrumb\":{\"@id\":\"https:\\\/\\\/kibrisdakik.com\\\/?p=36215#breadcrumb\"},\"inLanguage\":\"tr\",\"potentialAction\":[{\"@type\":\"ReadAction\",\"target\":[\"https:\\\/\\\/kibrisdakik.com\\\/?p=36215\"]}]},{\"@type\":\"ImageObject\",\"inLanguage\":\"tr\",\"@id\":\"https:\\\/\\\/kibrisdakik.com\\\/?p=36215#primaryimage\",\"url\":\"https:\\\/\\\/kibrisdakik.com\\\/wp-content\\\/uploads\\\/2024\\\/03\\\/erden-timur-medya-patronu-oldu-1711718513.webp.webp\",\"contentUrl\":\"https:\\\/\\\/kibrisdakik.com\\\/wp-content\\\/uploads\\\/2024\\\/03\\\/erden-timur-medya-patronu-oldu-1711718513.webp.webp\",\"width\":710,\"height\":370},{\"@type\":\"BreadcrumbList\",\"@id\":\"https:\\\/\\\/kibrisdakik.com\\\/?p=36215#breadcrumb\",\"itemListElement\":[{\"@type\":\"ListItem\",\"position\":1,\"name\":\"Home\",\"item\":\"https:\\\/\\\/kibrisdakik.com\\\/\"},{\"@type\":\"ListItem\",\"position\":2,\"name\":\"Erden Timur medya patronu oldu\"}]},{\"@type\":\"WebSite\",\"@id\":\"https:\\\/\\\/kibrisdakik.com\\\/#website\",\"url\":\"https:\\\/\\\/kibrisdakik.com\\\/\",\"name\":\"\",\"description\":\"Tam vaktinde haber\",\"potentialAction\":[{\"@type\":\"SearchAction\",\"target\":{\"@type\":\"EntryPoint\",\"urlTemplate\":\"https:\\\/\\\/kibrisdakik.com\\\/?s={search_term_string}\"},\"query-input\":{\"@type\":\"PropertyValueSpecification\",\"valueRequired\":true,\"valueName\":\"search_term_string\"}}],\"inLanguage\":\"tr\"},{\"@type\":\"Person\",\"@id\":\"https:\\\/\\\/kibrisdakik.com\\\/#\\\/schema\\\/person\\\/9cd9d437bbb44f72b73ba127e06d8e79\",\"name\":\"admin\",\"image\":{\"@type\":\"ImageObject\",\"inLanguage\":\"tr\",\"@id\":\"https:\\\/\\\/secure.gravatar.com\\\/avatar\\\/ccc17943b9d660506c869530f897617f7cb1c21a4bf30023f252596d83e1f007?s=96&d=mm&r=g\",\"url\":\"https:\\\/\\\/secure.gravatar.com\\\/avatar\\\/ccc17943b9d660506c869530f897617f7cb1c21a4bf30023f252596d83e1f007?s=96&d=mm&r=g\",\"contentUrl\":\"https:\\\/\\\/secure.gravatar.com\\\/avatar\\\/ccc17943b9d660506c869530f897617f7cb1c21a4bf30023f252596d83e1f007?s=96&d=mm&r=g\",\"caption\":\"admin\"},\"sameAs\":[\"https:\\\/\\\/kibrisdakik.com\"],\"url\":\"https:\\\/\\\/kibrisdakik.com\\\/?author=1\"}]}<\/script>\n<!-- \/ Yoast SEO plugin. -->","yoast_head_json":{"title":"Erden Timur medya patronu oldu -","robots":{"index":"index","follow":"follow","max-snippet":"max-snippet:-1","max-image-preview":"max-image-preview:large","max-video-preview":"max-video-preview:-1"},"canonical":"https:\/\/kibrisdakik.com\/?p=36215","og_locale":"tr_TR","og_type":"article","og_title":"Erden Timur medya patronu oldu -","og_description":"\u0130\u015f ve ekonomi dergisi Forbes\u2019un yeni sahibi, 2020 y\u0131l\u0131nda 400 milyon dolar servetiyle Forbes\u2019un T\u00fcrkiye\u2019nin En Zengin 100 insan\u0131ndan biri olan Erden Timur oldu. &nbsp; Amerikan i\u015f ve ekonomi dergisi Forbes\u2019un Medya Grup Ba\u015fkanl\u0131\u011f\u0131\u2019n\u0131 daha \u00f6nce de dergiyi y\u00f6neten Bur\u00e7ak G\u00fcven \u00fcstlendi. TMR Yay\u0131nc\u0131l\u0131k, Forbes T\u00fcrkiye\u2019nin ilk say\u0131s\u0131n\u0131 haziran ay\u0131nda \u00e7\u0131karacak. Daha sonra dijital kanallar","og_url":"https:\/\/kibrisdakik.com\/?p=36215","article_published_time":"2024-03-29T13:31:48+00:00","og_image":[{"width":710,"height":370,"url":"https:\/\/kibrisdakik.com\/wp-content\/uploads\/2024\/03\/erden-timur-medya-patronu-oldu-1711718513.webp.webp","type":"image\/webp"}],"author":"admin","twitter_card":"summary_large_image","twitter_misc":{"Yazan:":"admin","Tahmini okuma s\u00fcresi":"1 dakika"},"schema":{"@context":"https:\/\/schema.org","@graph":[{"@type":"Article","@id":"https:\/\/kibrisdakik.com\/?p=36215#article","isPartOf":{"@id":"https:\/\/kibrisdakik.com\/?p=36215"},"author":{"name":"admin","@id":"https:\/\/kibrisdakik.com\/#\/schema\/person\/9cd9d437bbb44f72b73ba127e06d8e79"},"headline":"Erden Timur medya patronu oldu","datePublished":"2024-03-29T13:31:48+00:00","mainEntityOfPage":{"@id":"https:\/\/kibrisdakik.com\/?p=36215"},"wordCount":202,"commentCount":0,"image":{"@id":"https:\/\/kibrisdakik.com\/?p=36215#primaryimage"},"thumbnailUrl":"https:\/\/kibrisdakik.com\/wp-content\/uploads\/2024\/03\/erden-timur-medya-patronu-oldu-1711718513.webp.webp","articleSection":["Spor"],"inLanguage":"tr","potentialAction":[{"@type":"CommentAction","name":"Comment","target":["https:\/\/kibrisdakik.com\/?p=36215#respond"]}]},{"@type":"WebPage","@id":"https:\/\/kibrisdakik.com\/?p=36215","url":"https:\/\/kibrisdakik.com\/?p=36215","name":"Erden Timur medya patronu oldu -","isPartOf":{"@id":"https:\/\/kibrisdakik.com\/#website"},"primaryImageOfPage":{"@id":"https:\/\/kibrisdakik.com\/?p=36215#primaryimage"},"image":{"@id":"https:\/\/kibrisdakik.com\/?p=36215#primaryimage"},"thumbnailUrl":"https:\/\/kibrisdakik.com\/wp-content\/uploads\/2024\/03\/erden-timur-medya-patronu-oldu-1711718513.webp.webp","datePublished":"2024-03-29T13:31:48+00:00","author":{"@id":"https:\/\/kibrisdakik.com\/#\/schema\/person\/9cd9d437bbb44f72b73ba127e06d8e79"},"breadcrumb":{"@id":"https:\/\/kibrisdakik.com\/?p=36215#breadcrumb"},"inLanguage":"tr","potentialAction":[{"@type":"ReadAction","target":["https:\/\/kibrisdakik.com\/?p=36215"]}]},{"@type":"ImageObject","inLanguage":"tr","@id":"https:\/\/kibrisdakik.com\/?p=36215#primaryimage","url":"https:\/\/kibrisdakik.com\/wp-content\/uploads\/2024\/03\/erden-timur-medya-patronu-oldu-1711718513.webp.webp","contentUrl":"https:\/\/kibrisdakik.com\/wp-content\/uploads\/2024\/03\/erden-timur-medya-patronu-oldu-1711718513.webp.webp","width":710,"height":370},{"@type":"BreadcrumbList","@id":"https:\/\/kibrisdakik.com\/?p=36215#breadcrumb","itemListElement":[{"@type":"ListItem","position":1,"name":"Home","item":"https:\/\/kibrisdakik.com\/"},{"@type":"ListItem","position":2,"name":"Erden Timur medya patronu oldu"}]},{"@type":"WebSite","@id":"https:\/\/kibrisdakik.com\/#website","url":"https:\/\/kibrisdakik.com\/","name":"","description":"Tam vaktinde haber","potentialAction":[{"@type":"SearchAction","target":{"@type":"EntryPoint","urlTemplate":"https:\/\/kibrisdakik.com\/?s={search_term_string}"},"query-input":{"@type":"PropertyValueSpecification","valueRequired":true,"valueName":"search_term_string"}}],"inLanguage":"tr"},{"@type":"Person","@id":"https:\/\/kibrisdakik.com\/#\/schema\/person\/9cd9d437bbb44f72b73ba127e06d8e79","name":"admin","image":{"@type":"ImageObject","inLanguage":"tr","@id":"https:\/\/secure.gravatar.com\/avatar\/ccc17943b9d660506c869530f897617f7cb1c21a4bf30023f252596d83e1f007?s=96&d=mm&r=g","url":"https:\/\/secure.gravatar.com\/avatar\/ccc17943b9d660506c869530f897617f7cb1c21a4bf30023f252596d83e1f007?s=96&d=mm&r=g","contentUrl":"https:\/\/secure.gravatar.com\/avatar\/ccc17943b9d660506c869530f897617f7cb1c21a4bf30023f252596d83e1f007?s=96&d=mm&r=g","caption":"admin"},"sameAs":["https:\/\/kibrisdakik.com"],"url":"https:\/\/kibrisdakik.com\/?author=1"}]}},"_links":{"self":[{"href":"https:\/\/kibrisdakik.com\/index.php?rest_route=\/wp\/v2\/posts\/36215","targetHints":{"allow":["GET"]}}],"collection":[{"href":"https:\/\/kibrisdakik.com\/index.php?rest_route=\/wp\/v2\/posts"}],"about":[{"href":"https:\/\/kibrisdakik.com\/index.php?rest_route=\/wp\/v2\/types\/post"}],"author":[{"embeddable":true,"href":"https:\/\/kibrisdakik.com\/index.php?rest_route=\/wp\/v2\/users\/1"}],"replies":[{"embeddable":true,"href":"https:\/\/kibrisdakik.com\/index.php?rest_route=%2Fwp%2Fv2%2Fcomments&post=36215"}],"version-history":[{"count":0,"href":"https:\/\/kibrisdakik.com\/index.php?rest_route=\/wp\/v2\/posts\/36215\/revisions"}],"wp:featuredmedia":[{"embeddable":true,"href":"https:\/\/kibrisdakik.com\/index.php?rest_route=\/wp\/v2\/media\/36216"}],"wp:attachment":[{"href":"https:\/\/kibrisdakik.com\/index.php?rest_route=%2Fwp%2Fv2%2Fmedia&parent=36215"}],"wp:term":[{"taxonomy":"category","embeddable":true,"href":"https:\/\/kibrisdakik.com\/index.php?rest_route=%2Fwp%2Fv2%2Fcategories&post=36215"},{"taxonomy":"post_tag","embeddable":true,"href":"https:\/\/kibrisdakik.com\/index.php?rest_route=%2Fwp%2Fv2%2Ftags&post=36215"}],"curies":[{"name":"wp","href":"https:\/\/api.w.org\/{rel}","templated":true}]}}