{"id":36308,"date":"2024-03-30T05:50:22","date_gmt":"2024-03-30T05:50:22","guid":{"rendered":"https:\/\/kibrisdakik.com\/index.php\/2024\/03\/30\/taktan-gazi-yuksele-tesekkur-ziyareti\/"},"modified":"2024-03-30T05:50:22","modified_gmt":"2024-03-30T05:50:22","slug":"taktan-gazi-yuksele-tesekkur-ziyareti","status":"publish","type":"post","link":"https:\/\/kibrisdakik.com\/?p=36308","title":{"rendered":"TAK\u2019tan Gazi Y\u00fcksel\u2019e te\u015fekk\u00fcr ziyareti"},"content":{"rendered":"<p><img decoding=\"async\" src=\"https:\/\/www.kibristurk.com\/images\/haberler\/2024\/03\/taktan-gazi-yuksele-tesekkur-ziyareti-1711711280.webp\" \/><\/p>\n<p style=\"text-align:left\"><span style=\"font-size:16px\"><span style=\"font-family:Merriweather,serif !important\"><span style=\"color:#000000\"><span style=\"background-color:#ffffff\">TAK M\u00fcd\u00fcr\u00fc Fehmi G\u00fcrdall\u0131, ajansa y\u0131llarca hizmet veren foto muhabiri Y\u00fcksel\u2019in &nbsp;YD\u00dc\u2019deki ofisini ziyaret s\u0131ras\u0131nda yapt\u0131\u011f\u0131 konu\u015fmada, Y\u00fcksel\u2019in, K\u0131br\u0131s T\u00fcrk halk\u0131n\u0131n tarihinin \u00f6nemli bir d\u00f6nemini ortaya koyan TAK foto\u011fraf ar\u015fivine ciddi bir katk\u0131s\u0131 oldu\u011funu belirtti. G\u00fcrdall\u0131, ajansta ilk d\u00fczenli foto\u011fraf ar\u015fivlemesini de Y\u00fcksel\u2019in ba\u015flatt\u0131\u011f\u0131n\u0131 vurgulad\u0131.<\/span><\/span><\/span><\/span><\/p>\n<p style=\"text-align:left\"><span style=\"font-size:16px\"><span style=\"font-family:Merriweather,serif !important\"><span style=\"color:#000000\"><span style=\"background-color:#ffffff\">Gazi Y\u00fcksel de konu\u015fmas\u0131nda, \u201chat\u0131rlanman\u0131n \u00f6nemine\u201d vurgu yaparak, bundan duydu\u011fu memnuniyeti dile getirdi ve G\u00fcrdall\u0131\u2019ya te\u015fekk\u00fcr etti.<\/span><\/span><\/span><\/span><\/p>\n<p style=\"text-align:left\"><span style=\"font-size:16px\"><span style=\"font-family:Merriweather,serif !important\"><span style=\"color:#000000\"><span style=\"background-color:#ffffff\">G\u00fcrdall\u0131, konu\u015fmalar\u0131n ard\u0131ndan Y\u00fcksel\u2019e, TAK 50. Y\u0131l Foto\u011fraf Sergisi\u2019ne katk\u0131lar\u0131 i\u00e7in haz\u0131rlanan te\u015fekk\u00fcr plaketini sundu. Y\u00fcksel, ge\u00e7irdi\u011fi rahats\u0131zl\u0131k dolay\u0131s\u0131yla sergi a\u00e7\u0131l\u0131\u015f\u0131na kat\u0131lamam\u0131\u015ft\u0131.<\/span><\/span><\/span><\/span><\/p>\n<p style=\"text-align:left\"><span style=\"font-size:16px\"><span style=\"font-family:Merriweather,serif !important\"><span style=\"color:#000000\"><span style=\"background-color:#ffffff\">TAK M\u00fcd\u00fcr\u00fc Fehmi G\u00fcrdall\u0131, TAK M\u00fcd\u00fcr Muavini Hasan \u00d6ks\u00fcz ve Y\u00fcksel\u2019in eski \u00f6\u011frencilerinden TAK foto muhabiri S\u00fcleyman \u00d6nal\u2019\u0131n yapt\u0131\u011f\u0131 ziyarette ajansla ilgili baz\u0131 an\u0131lar\u0131n\u0131 payla\u015fan Y\u00fcksel, ziyaret\u00e7ilerine koleksiyonlar\u0131n\u0131 g\u00f6sterip, foto\u011fraf st\u00fcdyolar\u0131n\u0131 da gezdirdi.<\/span><\/span><\/span><\/span><\/p>\n","protected":false},"excerpt":{"rendered":"<p>TAK M\u00fcd\u00fcr\u00fc Fehmi G\u00fcrdall\u0131, ajansa y\u0131llarca hizmet veren foto muhabiri Y\u00fcksel\u2019in &nbsp;YD\u00dc\u2019deki ofisini ziyaret s\u0131ras\u0131nda yapt\u0131\u011f\u0131 konu\u015fmada, Y\u00fcksel\u2019in, K\u0131br\u0131s T\u00fcrk halk\u0131n\u0131n tarihinin \u00f6nemli bir d\u00f6nemini ortaya koyan TAK foto\u011fraf ar\u015fivine ciddi bir katk\u0131s\u0131 oldu\u011funu belirtti. G\u00fcrdall\u0131, ajansta ilk d\u00fczenli foto\u011fraf ar\u015fivlemesini de Y\u00fcksel\u2019in ba\u015flatt\u0131\u011f\u0131n\u0131 vurgulad\u0131. Gazi Y\u00fcksel de konu\u015fmas\u0131nda, \u201chat\u0131rlanman\u0131n \u00f6nemine\u201d vurgu yaparak, bundan duydu\u011fu<\/p>\n","protected":false},"author":1,"featured_media":36309,"comment_status":"open","ping_status":"open","sticky":false,"template":"","format":"standard","meta":{"footnotes":""},"categories":[85],"tags":[],"class_list":["post-36308","post","type-post","status-publish","format-standard","has-post-thumbnail","hentry","category-spor"],"yoast_head":"<!-- This site is optimized with the Yoast SEO plugin v27.5 - https:\/\/yoast.com\/product\/yoast-seo-wordpress\/ -->\n<title>TAK\u2019tan Gazi Y\u00fcksel\u2019e te\u015fekk\u00fcr ziyareti -<\/title>\n<meta name=\"robots\" content=\"index, follow, max-snippet:-1, max-image-preview:large, max-video-preview:-1\" \/>\n<link rel=\"canonical\" href=\"https:\/\/kibrisdakik.com\/?p=36308\" \/>\n<meta property=\"og:locale\" content=\"tr_TR\" \/>\n<meta property=\"og:type\" content=\"article\" \/>\n<meta property=\"og:title\" content=\"TAK\u2019tan Gazi Y\u00fcksel\u2019e te\u015fekk\u00fcr ziyareti -\" \/>\n<meta property=\"og:description\" content=\"TAK M\u00fcd\u00fcr\u00fc Fehmi G\u00fcrdall\u0131, ajansa y\u0131llarca hizmet veren foto muhabiri Y\u00fcksel\u2019in &nbsp;YD\u00dc\u2019deki ofisini ziyaret s\u0131ras\u0131nda yapt\u0131\u011f\u0131 konu\u015fmada, Y\u00fcksel\u2019in, K\u0131br\u0131s T\u00fcrk halk\u0131n\u0131n tarihinin \u00f6nemli bir d\u00f6nemini ortaya koyan TAK foto\u011fraf ar\u015fivine ciddi bir katk\u0131s\u0131 oldu\u011funu belirtti. G\u00fcrdall\u0131, ajansta ilk d\u00fczenli foto\u011fraf ar\u015fivlemesini de Y\u00fcksel\u2019in ba\u015flatt\u0131\u011f\u0131n\u0131 vurgulad\u0131. Gazi Y\u00fcksel de konu\u015fmas\u0131nda, \u201chat\u0131rlanman\u0131n \u00f6nemine\u201d vurgu yaparak, bundan duydu\u011fu\" \/>\n<meta property=\"og:url\" content=\"https:\/\/kibrisdakik.com\/?p=36308\" \/>\n<meta property=\"article:published_time\" content=\"2024-03-30T05:50:22+00:00\" \/>\n<meta property=\"og:image\" content=\"https:\/\/kibrisdakik.com\/wp-content\/uploads\/2024\/03\/taktan-gazi-yuksele-tesekkur-ziyareti-1711711280.webp.webp\" \/>\n\t<meta property=\"og:image:width\" content=\"710\" \/>\n\t<meta property=\"og:image:height\" content=\"370\" \/>\n\t<meta property=\"og:image:type\" content=\"image\/webp\" \/>\n<meta name=\"author\" content=\"admin\" \/>\n<meta name=\"twitter:card\" content=\"summary_large_image\" \/>\n<meta name=\"twitter:label1\" content=\"Yazan:\" \/>\n\t<meta name=\"twitter:data1\" content=\"admin\" \/>\n\t<meta name=\"twitter:label2\" content=\"Tahmini okuma s\u00fcresi\" \/>\n\t<meta name=\"twitter:data2\" content=\"1 dakika\" \/>\n<script type=\"application\/ld+json\" class=\"yoast-schema-graph\">{\"@context\":\"https:\\\/\\\/schema.org\",\"@graph\":[{\"@type\":\"Article\",\"@id\":\"https:\\\/\\\/kibrisdakik.com\\\/?p=36308#article\",\"isPartOf\":{\"@id\":\"https:\\\/\\\/kibrisdakik.com\\\/?p=36308\"},\"author\":{\"name\":\"admin\",\"@id\":\"https:\\\/\\\/kibrisdakik.com\\\/#\\\/schema\\\/person\\\/9cd9d437bbb44f72b73ba127e06d8e79\"},\"headline\":\"TAK\u2019tan Gazi Y\u00fcksel\u2019e te\u015fekk\u00fcr ziyareti\",\"datePublished\":\"2024-03-30T05:50:22+00:00\",\"mainEntityOfPage\":{\"@id\":\"https:\\\/\\\/kibrisdakik.com\\\/?p=36308\"},\"wordCount\":212,\"commentCount\":0,\"image\":{\"@id\":\"https:\\\/\\\/kibrisdakik.com\\\/?p=36308#primaryimage\"},\"thumbnailUrl\":\"https:\\\/\\\/kibrisdakik.com\\\/wp-content\\\/uploads\\\/2024\\\/03\\\/taktan-gazi-yuksele-tesekkur-ziyareti-1711711280.webp.webp\",\"articleSection\":[\"Spor\"],\"inLanguage\":\"tr\",\"potentialAction\":[{\"@type\":\"CommentAction\",\"name\":\"Comment\",\"target\":[\"https:\\\/\\\/kibrisdakik.com\\\/?p=36308#respond\"]}]},{\"@type\":\"WebPage\",\"@id\":\"https:\\\/\\\/kibrisdakik.com\\\/?p=36308\",\"url\":\"https:\\\/\\\/kibrisdakik.com\\\/?p=36308\",\"name\":\"TAK\u2019tan Gazi Y\u00fcksel\u2019e te\u015fekk\u00fcr ziyareti -\",\"isPartOf\":{\"@id\":\"https:\\\/\\\/kibrisdakik.com\\\/#website\"},\"primaryImageOfPage\":{\"@id\":\"https:\\\/\\\/kibrisdakik.com\\\/?p=36308#primaryimage\"},\"image\":{\"@id\":\"https:\\\/\\\/kibrisdakik.com\\\/?p=36308#primaryimage\"},\"thumbnailUrl\":\"https:\\\/\\\/kibrisdakik.com\\\/wp-content\\\/uploads\\\/2024\\\/03\\\/taktan-gazi-yuksele-tesekkur-ziyareti-1711711280.webp.webp\",\"datePublished\":\"2024-03-30T05:50:22+00:00\",\"author\":{\"@id\":\"https:\\\/\\\/kibrisdakik.com\\\/#\\\/schema\\\/person\\\/9cd9d437bbb44f72b73ba127e06d8e79\"},\"breadcrumb\":{\"@id\":\"https:\\\/\\\/kibrisdakik.com\\\/?p=36308#breadcrumb\"},\"inLanguage\":\"tr\",\"potentialAction\":[{\"@type\":\"ReadAction\",\"target\":[\"https:\\\/\\\/kibrisdakik.com\\\/?p=36308\"]}]},{\"@type\":\"ImageObject\",\"inLanguage\":\"tr\",\"@id\":\"https:\\\/\\\/kibrisdakik.com\\\/?p=36308#primaryimage\",\"url\":\"https:\\\/\\\/kibrisdakik.com\\\/wp-content\\\/uploads\\\/2024\\\/03\\\/taktan-gazi-yuksele-tesekkur-ziyareti-1711711280.webp.webp\",\"contentUrl\":\"https:\\\/\\\/kibrisdakik.com\\\/wp-content\\\/uploads\\\/2024\\\/03\\\/taktan-gazi-yuksele-tesekkur-ziyareti-1711711280.webp.webp\",\"width\":710,\"height\":370},{\"@type\":\"BreadcrumbList\",\"@id\":\"https:\\\/\\\/kibrisdakik.com\\\/?p=36308#breadcrumb\",\"itemListElement\":[{\"@type\":\"ListItem\",\"position\":1,\"name\":\"Home\",\"item\":\"https:\\\/\\\/kibrisdakik.com\\\/\"},{\"@type\":\"ListItem\",\"position\":2,\"name\":\"TAK\u2019tan Gazi Y\u00fcksel\u2019e te\u015fekk\u00fcr ziyareti\"}]},{\"@type\":\"WebSite\",\"@id\":\"https:\\\/\\\/kibrisdakik.com\\\/#website\",\"url\":\"https:\\\/\\\/kibrisdakik.com\\\/\",\"name\":\"\",\"description\":\"Tam vaktinde haber\",\"potentialAction\":[{\"@type\":\"SearchAction\",\"target\":{\"@type\":\"EntryPoint\",\"urlTemplate\":\"https:\\\/\\\/kibrisdakik.com\\\/?s={search_term_string}\"},\"query-input\":{\"@type\":\"PropertyValueSpecification\",\"valueRequired\":true,\"valueName\":\"search_term_string\"}}],\"inLanguage\":\"tr\"},{\"@type\":\"Person\",\"@id\":\"https:\\\/\\\/kibrisdakik.com\\\/#\\\/schema\\\/person\\\/9cd9d437bbb44f72b73ba127e06d8e79\",\"name\":\"admin\",\"image\":{\"@type\":\"ImageObject\",\"inLanguage\":\"tr\",\"@id\":\"https:\\\/\\\/secure.gravatar.com\\\/avatar\\\/ccc17943b9d660506c869530f897617f7cb1c21a4bf30023f252596d83e1f007?s=96&d=mm&r=g\",\"url\":\"https:\\\/\\\/secure.gravatar.com\\\/avatar\\\/ccc17943b9d660506c869530f897617f7cb1c21a4bf30023f252596d83e1f007?s=96&d=mm&r=g\",\"contentUrl\":\"https:\\\/\\\/secure.gravatar.com\\\/avatar\\\/ccc17943b9d660506c869530f897617f7cb1c21a4bf30023f252596d83e1f007?s=96&d=mm&r=g\",\"caption\":\"admin\"},\"sameAs\":[\"https:\\\/\\\/kibrisdakik.com\"],\"url\":\"https:\\\/\\\/kibrisdakik.com\\\/?author=1\"}]}<\/script>\n<!-- \/ Yoast SEO plugin. -->","yoast_head_json":{"title":"TAK\u2019tan Gazi Y\u00fcksel\u2019e te\u015fekk\u00fcr ziyareti -","robots":{"index":"index","follow":"follow","max-snippet":"max-snippet:-1","max-image-preview":"max-image-preview:large","max-video-preview":"max-video-preview:-1"},"canonical":"https:\/\/kibrisdakik.com\/?p=36308","og_locale":"tr_TR","og_type":"article","og_title":"TAK\u2019tan Gazi Y\u00fcksel\u2019e te\u015fekk\u00fcr ziyareti -","og_description":"TAK M\u00fcd\u00fcr\u00fc Fehmi G\u00fcrdall\u0131, ajansa y\u0131llarca hizmet veren foto muhabiri Y\u00fcksel\u2019in &nbsp;YD\u00dc\u2019deki ofisini ziyaret s\u0131ras\u0131nda yapt\u0131\u011f\u0131 konu\u015fmada, Y\u00fcksel\u2019in, K\u0131br\u0131s T\u00fcrk halk\u0131n\u0131n tarihinin \u00f6nemli bir d\u00f6nemini ortaya koyan TAK foto\u011fraf ar\u015fivine ciddi bir katk\u0131s\u0131 oldu\u011funu belirtti. G\u00fcrdall\u0131, ajansta ilk d\u00fczenli foto\u011fraf ar\u015fivlemesini de Y\u00fcksel\u2019in ba\u015flatt\u0131\u011f\u0131n\u0131 vurgulad\u0131. Gazi Y\u00fcksel de konu\u015fmas\u0131nda, \u201chat\u0131rlanman\u0131n \u00f6nemine\u201d vurgu yaparak, bundan duydu\u011fu","og_url":"https:\/\/kibrisdakik.com\/?p=36308","article_published_time":"2024-03-30T05:50:22+00:00","og_image":[{"width":710,"height":370,"url":"https:\/\/kibrisdakik.com\/wp-content\/uploads\/2024\/03\/taktan-gazi-yuksele-tesekkur-ziyareti-1711711280.webp.webp","type":"image\/webp"}],"author":"admin","twitter_card":"summary_large_image","twitter_misc":{"Yazan:":"admin","Tahmini okuma s\u00fcresi":"1 dakika"},"schema":{"@context":"https:\/\/schema.org","@graph":[{"@type":"Article","@id":"https:\/\/kibrisdakik.com\/?p=36308#article","isPartOf":{"@id":"https:\/\/kibrisdakik.com\/?p=36308"},"author":{"name":"admin","@id":"https:\/\/kibrisdakik.com\/#\/schema\/person\/9cd9d437bbb44f72b73ba127e06d8e79"},"headline":"TAK\u2019tan Gazi Y\u00fcksel\u2019e te\u015fekk\u00fcr ziyareti","datePublished":"2024-03-30T05:50:22+00:00","mainEntityOfPage":{"@id":"https:\/\/kibrisdakik.com\/?p=36308"},"wordCount":212,"commentCount":0,"image":{"@id":"https:\/\/kibrisdakik.com\/?p=36308#primaryimage"},"thumbnailUrl":"https:\/\/kibrisdakik.com\/wp-content\/uploads\/2024\/03\/taktan-gazi-yuksele-tesekkur-ziyareti-1711711280.webp.webp","articleSection":["Spor"],"inLanguage":"tr","potentialAction":[{"@type":"CommentAction","name":"Comment","target":["https:\/\/kibrisdakik.com\/?p=36308#respond"]}]},{"@type":"WebPage","@id":"https:\/\/kibrisdakik.com\/?p=36308","url":"https:\/\/kibrisdakik.com\/?p=36308","name":"TAK\u2019tan Gazi Y\u00fcksel\u2019e te\u015fekk\u00fcr ziyareti -","isPartOf":{"@id":"https:\/\/kibrisdakik.com\/#website"},"primaryImageOfPage":{"@id":"https:\/\/kibrisdakik.com\/?p=36308#primaryimage"},"image":{"@id":"https:\/\/kibrisdakik.com\/?p=36308#primaryimage"},"thumbnailUrl":"https:\/\/kibrisdakik.com\/wp-content\/uploads\/2024\/03\/taktan-gazi-yuksele-tesekkur-ziyareti-1711711280.webp.webp","datePublished":"2024-03-30T05:50:22+00:00","author":{"@id":"https:\/\/kibrisdakik.com\/#\/schema\/person\/9cd9d437bbb44f72b73ba127e06d8e79"},"breadcrumb":{"@id":"https:\/\/kibrisdakik.com\/?p=36308#breadcrumb"},"inLanguage":"tr","potentialAction":[{"@type":"ReadAction","target":["https:\/\/kibrisdakik.com\/?p=36308"]}]},{"@type":"ImageObject","inLanguage":"tr","@id":"https:\/\/kibrisdakik.com\/?p=36308#primaryimage","url":"https:\/\/kibrisdakik.com\/wp-content\/uploads\/2024\/03\/taktan-gazi-yuksele-tesekkur-ziyareti-1711711280.webp.webp","contentUrl":"https:\/\/kibrisdakik.com\/wp-content\/uploads\/2024\/03\/taktan-gazi-yuksele-tesekkur-ziyareti-1711711280.webp.webp","width":710,"height":370},{"@type":"BreadcrumbList","@id":"https:\/\/kibrisdakik.com\/?p=36308#breadcrumb","itemListElement":[{"@type":"ListItem","position":1,"name":"Home","item":"https:\/\/kibrisdakik.com\/"},{"@type":"ListItem","position":2,"name":"TAK\u2019tan Gazi Y\u00fcksel\u2019e te\u015fekk\u00fcr ziyareti"}]},{"@type":"WebSite","@id":"https:\/\/kibrisdakik.com\/#website","url":"https:\/\/kibrisdakik.com\/","name":"","description":"Tam vaktinde haber","potentialAction":[{"@type":"SearchAction","target":{"@type":"EntryPoint","urlTemplate":"https:\/\/kibrisdakik.com\/?s={search_term_string}"},"query-input":{"@type":"PropertyValueSpecification","valueRequired":true,"valueName":"search_term_string"}}],"inLanguage":"tr"},{"@type":"Person","@id":"https:\/\/kibrisdakik.com\/#\/schema\/person\/9cd9d437bbb44f72b73ba127e06d8e79","name":"admin","image":{"@type":"ImageObject","inLanguage":"tr","@id":"https:\/\/secure.gravatar.com\/avatar\/ccc17943b9d660506c869530f897617f7cb1c21a4bf30023f252596d83e1f007?s=96&d=mm&r=g","url":"https:\/\/secure.gravatar.com\/avatar\/ccc17943b9d660506c869530f897617f7cb1c21a4bf30023f252596d83e1f007?s=96&d=mm&r=g","contentUrl":"https:\/\/secure.gravatar.com\/avatar\/ccc17943b9d660506c869530f897617f7cb1c21a4bf30023f252596d83e1f007?s=96&d=mm&r=g","caption":"admin"},"sameAs":["https:\/\/kibrisdakik.com"],"url":"https:\/\/kibrisdakik.com\/?author=1"}]}},"_links":{"self":[{"href":"https:\/\/kibrisdakik.com\/index.php?rest_route=\/wp\/v2\/posts\/36308","targetHints":{"allow":["GET"]}}],"collection":[{"href":"https:\/\/kibrisdakik.com\/index.php?rest_route=\/wp\/v2\/posts"}],"about":[{"href":"https:\/\/kibrisdakik.com\/index.php?rest_route=\/wp\/v2\/types\/post"}],"author":[{"embeddable":true,"href":"https:\/\/kibrisdakik.com\/index.php?rest_route=\/wp\/v2\/users\/1"}],"replies":[{"embeddable":true,"href":"https:\/\/kibrisdakik.com\/index.php?rest_route=%2Fwp%2Fv2%2Fcomments&post=36308"}],"version-history":[{"count":0,"href":"https:\/\/kibrisdakik.com\/index.php?rest_route=\/wp\/v2\/posts\/36308\/revisions"}],"wp:featuredmedia":[{"embeddable":true,"href":"https:\/\/kibrisdakik.com\/index.php?rest_route=\/wp\/v2\/media\/36309"}],"wp:attachment":[{"href":"https:\/\/kibrisdakik.com\/index.php?rest_route=%2Fwp%2Fv2%2Fmedia&parent=36308"}],"wp:term":[{"taxonomy":"category","embeddable":true,"href":"https:\/\/kibrisdakik.com\/index.php?rest_route=%2Fwp%2Fv2%2Fcategories&post=36308"},{"taxonomy":"post_tag","embeddable":true,"href":"https:\/\/kibrisdakik.com\/index.php?rest_route=%2Fwp%2Fv2%2Ftags&post=36308"}],"curies":[{"name":"wp","href":"https:\/\/api.w.org\/{rel}","templated":true}]}}