{"id":36325,"date":"2024-03-30T08:52:35","date_gmt":"2024-03-30T08:52:35","guid":{"rendered":"https:\/\/kibrisdakik.com\/index.php\/2024\/03\/30\/cumhurbaskani-tatar-5-nisanda-bm-genel-sekreteri-ile-gorusecek\/"},"modified":"2024-03-30T08:52:35","modified_gmt":"2024-03-30T08:52:35","slug":"cumhurbaskani-tatar-5-nisanda-bm-genel-sekreteri-ile-gorusecek","status":"publish","type":"post","link":"https:\/\/kibrisdakik.com\/?p=36325","title":{"rendered":"Cumhurba\u015fkan\u0131 Tatar, 5 Nisan\u2019da BM Genel Sekreteri ile g\u00f6r\u00fc\u015fecek"},"content":{"rendered":"<p><\/p>\n<div>\n<div class=\"mariselle-image-container center\">\n                <img loading=\"lazy\" decoding=\"async\" width=\"1600\" height=\"1066\" class=\"lazy-image\" alt=\"\" sizes=\"auto, (max-width: 1600px) 100vw, 1600px\" src=\"https:\/\/brtk.net\/wp-content\/uploads\/2024\/03\/30\/tatar-sergi-2-5.jpg?ver=9a71e62a0f727c84081522329dbc8829\" srcset=\"https:\/\/brtk.net\/wp-content\/uploads\/2024\/03\/30\/tatar-sergi-2-5.jpg?ver=9a71e62a0f727c84081522329dbc8829 1600w, https:\/\/brtk.net\/wp-content\/uploads\/2024\/03\/30\/tatar-sergi-2-5-300x200.jpg?ver=9a71e62a0f727c84081522329dbc8829 300w, https:\/\/brtk.net\/wp-content\/uploads\/2024\/03\/30\/tatar-sergi-2-5-1024x682.jpg?ver=9a71e62a0f727c84081522329dbc8829 1024w, https:\/\/brtk.net\/wp-content\/uploads\/2024\/03\/30\/tatar-sergi-2-5-768x512.jpg?ver=44c1e020b1eea06ec27b7c1fa7465d97 768w, https:\/\/brtk.net\/wp-content\/uploads\/2024\/03\/30\/tatar-sergi-2-5-1536x1023.jpg?ver=44c1e020b1eea06ec27b7c1fa7465d97 1536w\"\/>                            <\/div>\n<p>Cumhurba\u015fkan\u0131 <a href=\"https:\/\/brtk.net\/\" target=\"_blank\" rel=\"noopener\"><a href=\"https:\/\/brtk.net\/\" target=\"_blank\" rel=\"noopener\"><a href=\"https:\/\/brtk.net\/\" target=\"_blank\" rel=\"noopener\">Ersin <\/a><a href=\"https:\/\/brtk.net\/\"\/><a href=\"https:\/\/brtk.net\/\"\/><a href=\"https:\/\/brtk.net\/\"\/><a href=\"https:\/\/brtk.net\/\"\/><a href=\"https:\/\/brtk.net\/\"\/><a href=\"https:\/\/brtk.net\/\"\/><a href=\"https:\/\/brtk.net\/\"\/><a href=\"https:\/\/brtk.net\/\"\/><a href=\"https:\/\/brtk.net\/\">Tatar<\/a>, 5 Nisan\u2019da Birle\u015fmi\u015f Milletler (BM) Genel Sekreteri Antonio Guterres ile g\u00f6r\u00fc\u015fece\u011fini a\u00e7\u0131klad\u0131.<\/p>\n<p><a href=\"https:\/\/brtk.net\/\"\/><a href=\"https:\/\/brtk.net\/\"\/><a href=\"https:\/\/brtk.net\/\"\/><a href=\"https:\/\/brtk.net\/\"\/><a href=\"https:\/\/brtk.net\/\"\/><a href=\"https:\/\/brtk.net\/\"\/><a href=\"https:\/\/brtk.net\/\"\/><a href=\"https:\/\/brtk.net\/\"\/><a href=\"https:\/\/brtk.net\/\">Tatar<\/a>, New York\u2019ta BM Genel Merkezinde yap\u0131lacak g\u00f6r\u00fc\u015fmede, t\u00fcm ambargo ve k\u0131s\u0131tlamalara ra\u011fmen K\u0131br\u0131s T\u00fcrk\u00fc\u2019n\u00fcn verdi\u011fi hakl\u0131 m\u00fccadeleyi anlataca\u011f\u0131n\u0131 ve bu engellemelere son verilmesini isteyece\u011fini vurgulad\u0131. Cumhurba\u015fkan\u0131 <a href=\"https:\/\/brtk.net\/\"\/><a href=\"https:\/\/brtk.net\/\"\/><a href=\"https:\/\/brtk.net\/\"\/><a href=\"https:\/\/brtk.net\/\"\/><a href=\"https:\/\/brtk.net\/\"\/><a href=\"https:\/\/brtk.net\/\"\/><a href=\"https:\/\/brtk.net\/\"\/><a href=\"https:\/\/brtk.net\/\"\/><a href=\"https:\/\/brtk.net\/\">Tatar<\/a>, varl\u0131\u011f\u0131 kabul edilen Kuzey K\u0131br\u0131s T\u00fcrk Cumhuriyeti\u2019nin art\u0131k tan\u0131nmas\u0131 gerekti\u011fini belirtti.<\/p>\n<p>Cumhurba\u015fkan\u0131 <a href=\"https:\/\/brtk.net\/\" target=\"_blank\" rel=\"noopener\"><a href=\"https:\/\/brtk.net\/\" target=\"_blank\" rel=\"noopener\"><a href=\"https:\/\/brtk.net\/\" target=\"_blank\" rel=\"noopener\">Ersin <\/a><a href=\"https:\/\/brtk.net\/\"\/><a href=\"https:\/\/brtk.net\/\"\/><a href=\"https:\/\/brtk.net\/\"\/><a href=\"https:\/\/brtk.net\/\"\/><a href=\"https:\/\/brtk.net\/\"\/><a href=\"https:\/\/brtk.net\/\"\/><a href=\"https:\/\/brtk.net\/\"\/><a href=\"https:\/\/brtk.net\/\"\/><a href=\"https:\/\/brtk.net\/\">Tatar<\/a>, g\u00f6r\u00fc\u015fmeye ili\u015fkin a\u00e7\u0131klamalar\u0131 Yak\u0131n Do\u011fu \u00dcniversitesi (YD\u00dc) G\u00fczel Sanatlar Mart Sergisi\u2019nin a\u00e7\u0131l\u0131\u015f\u0131nda yapt\u0131.<\/p>\n<p>Cumhurba\u015fkanl\u0131\u011f\u0131ndan verilen bilgiye g\u00f6re, <a href=\"https:\/\/brtk.net\/\" target=\"_blank\" rel=\"noopener\"><a href=\"https:\/\/brtk.net\/\" target=\"_blank\" rel=\"noopener\"><a href=\"https:\/\/brtk.net\/\" target=\"_blank\" rel=\"noopener\">Ersin <\/a><a href=\"https:\/\/brtk.net\/\"\/><a href=\"https:\/\/brtk.net\/\"\/><a href=\"https:\/\/brtk.net\/\"\/><a href=\"https:\/\/brtk.net\/\"\/><a href=\"https:\/\/brtk.net\/\"\/><a href=\"https:\/\/brtk.net\/\"\/><a href=\"https:\/\/brtk.net\/\"\/><a href=\"https:\/\/brtk.net\/\"\/><a href=\"https:\/\/brtk.net\/\">Tatar<\/a>, sergide yapt\u0131\u011f\u0131 konu\u015fmada, sanat\u0131n, ya\u015fam, k\u00fclt\u00fcr, \u00e7a\u011fda\u015fl\u0131k ve evrensellik oldu\u011funu belirterek, ayn\u0131 zamanda Kuzey K\u0131br\u0131s T\u00fcrk Cumhuriyeti\u2019ne uygulanan haks\u0131z k\u0131s\u0131tlama, engelleme ve ambargolara kar\u015f\u0131 bir meydan okuma oldu\u011funu s\u00f6yledi. <\/p>\n<p>Kuzey K\u0131br\u0131s T\u00fcrk Cumhuriyeti\u2019nde a\u00e7\u0131lan sergilerle b\u00fct\u00fcn d\u00fcnya ile ayn\u0131 anda sanat eserlerinin payla\u015f\u0131labildi\u011fine i\u015faret eden Cumhurba\u015fkan\u0131 <a href=\"https:\/\/brtk.net\/\"\/><a href=\"https:\/\/brtk.net\/\"\/><a href=\"https:\/\/brtk.net\/\"\/><a href=\"https:\/\/brtk.net\/\"\/><a href=\"https:\/\/brtk.net\/\"\/><a href=\"https:\/\/brtk.net\/\"\/><a href=\"https:\/\/brtk.net\/\"\/><a href=\"https:\/\/brtk.net\/\"\/><a href=\"https:\/\/brtk.net\/\">Tatar<\/a>, Yak\u0131n Do\u011fu \u00dcniversitesi\u2019nde her ay d\u00fczenlenen sergilerde bulu\u015ftuklar\u0131n\u0131 ifade etti. <\/p>\n<p>Sergiye kat\u0131lan yerli ve uluslararas\u0131 sanat\u00e7\u0131lar\u0131 tebrik eden Cumhurba\u015fkan\u0131 <a href=\"https:\/\/brtk.net\/\"\/><a href=\"https:\/\/brtk.net\/\"\/><a href=\"https:\/\/brtk.net\/\"\/><a href=\"https:\/\/brtk.net\/\"\/><a href=\"https:\/\/brtk.net\/\"\/><a href=\"https:\/\/brtk.net\/\"\/><a href=\"https:\/\/brtk.net\/\"\/><a href=\"https:\/\/brtk.net\/\"\/><a href=\"https:\/\/brtk.net\/\">Tatar<\/a> ilerdeki \u00e7al\u0131\u015fmalar\u0131nda ba\u015far\u0131lar diledi.<\/p>\n<p>T\u00fcrkiye Cumhuriyeti\u2019nden gelen \u0130stanbul \u00dcniversitesi, Bing\u00f6l \u00dcniversitesi, ve Malatya \u0130n\u00f6n\u00fc \u00dcniversitesi rekt\u00f6rleriyle bir arada bulunmaktan duydu\u011fu memnuniyeti ifade eden Cumhurba\u015fkan\u0131 <a href=\"https:\/\/brtk.net\/\"\/><a href=\"https:\/\/brtk.net\/\"\/><a href=\"https:\/\/brtk.net\/\"\/><a href=\"https:\/\/brtk.net\/\"\/><a href=\"https:\/\/brtk.net\/\"\/><a href=\"https:\/\/brtk.net\/\"\/><a href=\"https:\/\/brtk.net\/\"\/><a href=\"https:\/\/brtk.net\/\"\/><a href=\"https:\/\/brtk.net\/\">Tatar<\/a>, Kuzey K\u0131br\u0131s T\u00fcrk Cumhuriyeti ile anavatan T\u00fcrkiye Cumhuriyeti\u2019nin birlikte yapt\u0131\u011f\u0131 etkinliklerin son derece anlaml\u0131 oldu\u011funu kaydetti. <\/p>\n<p>-BM Genel Sekreteri ile g\u00f6r\u00fc\u015fece\u011fim<\/p>\n<p>Kuzey K\u0131br\u0131s T\u00fcrk Cumhuriyeti\u2019nin sanat\u0131 kucaklayarak yoluna devam edece\u011fini anlatan Cumhurba\u015fkan\u0131 <a href=\"https:\/\/brtk.net\/\"\/><a href=\"https:\/\/brtk.net\/\"\/><a href=\"https:\/\/brtk.net\/\"\/><a href=\"https:\/\/brtk.net\/\"\/><a href=\"https:\/\/brtk.net\/\"\/><a href=\"https:\/\/brtk.net\/\"\/><a href=\"https:\/\/brtk.net\/\"\/><a href=\"https:\/\/brtk.net\/\"\/><a href=\"https:\/\/brtk.net\/\">Tatar<\/a>, 5 Nisan\u2019da Birle\u015fmi\u015f Milletler Genel Sekreteri Antonio Guterres ile yapaca\u011f\u0131 g\u00f6r\u00fc\u015fmede t\u00fcm ambargo ve k\u0131s\u0131tlamalara ra\u011fmen K\u0131br\u0131s T\u00fcrk\u00fc\u2019n\u00fcn verdi\u011fi hakl\u0131 m\u00fccadeleyi anlataca\u011f\u0131n\u0131 ve bu engellemelere son verilmesini isteyece\u011fini kaydetti.<\/p>\n<p>T\u00fcrkiye Cumhuriyeti Cumhurba\u015fkan\u0131 Recep Tayyip Erdo\u011fan\u2019\u0131n, \u2018D\u00fcnya 5\u2019ten b\u00fcy\u00fckt\u00fcr\u2019 s\u00f6z\u00fcn\u00fc hat\u0131rlatan Cumhurba\u015fkan\u0131 <a href=\"https:\/\/brtk.net\/\"\/><a href=\"https:\/\/brtk.net\/\"\/><a href=\"https:\/\/brtk.net\/\"\/><a href=\"https:\/\/brtk.net\/\"\/><a href=\"https:\/\/brtk.net\/\"\/><a href=\"https:\/\/brtk.net\/\"\/><a href=\"https:\/\/brtk.net\/\"\/><a href=\"https:\/\/brtk.net\/\"\/><a href=\"https:\/\/brtk.net\/\">Tatar<\/a>, varl\u0131\u011f\u0131 kabul edilen Kuzey K\u0131br\u0131s T\u00fcrk Cumhuriyeti\u2019nin art\u0131k tan\u0131nmas\u0131 gerekti\u011fini vurgulad\u0131.<\/p>\n<\/p><\/div>\n<p><script async\n                    defer\n                    crossorigin=\"anonymous\"\n                    src=\"https:\/\/connect.facebook.net\/tr_TR\/sdk.js#xfbml=1&#038;version=v3.3\"\n            ><\/script><\/p>\n","protected":false},"excerpt":{"rendered":"<p>Cumhurba\u015fkan\u0131 Ersin Tatar, 5 Nisan\u2019da Birle\u015fmi\u015f Milletler (BM) Genel Sekreteri Antonio Guterres ile g\u00f6r\u00fc\u015fece\u011fini a\u00e7\u0131klad\u0131. Tatar, New York\u2019ta BM Genel Merkezinde yap\u0131lacak g\u00f6r\u00fc\u015fmede, t\u00fcm ambargo ve k\u0131s\u0131tlamalara ra\u011fmen K\u0131br\u0131s T\u00fcrk\u00fc\u2019n\u00fcn verdi\u011fi hakl\u0131 m\u00fccadeleyi anlataca\u011f\u0131n\u0131 ve bu engellemelere son verilmesini isteyece\u011fini vurgulad\u0131. Cumhurba\u015fkan\u0131 Tatar, varl\u0131\u011f\u0131 kabul edilen Kuzey K\u0131br\u0131s T\u00fcrk Cumhuriyeti\u2019nin art\u0131k tan\u0131nmas\u0131 gerekti\u011fini belirtti. Cumhurba\u015fkan\u0131<\/p>\n","protected":false},"author":1,"featured_media":14365,"comment_status":"open","ping_status":"open","sticky":false,"template":"","format":"standard","meta":{"footnotes":""},"categories":[1],"tags":[],"class_list":["post-36325","post","type-post","status-publish","format-standard","has-post-thumbnail","hentry","category-gundem"],"yoast_head":"<!-- This site is optimized with the Yoast SEO plugin v27.5 - https:\/\/yoast.com\/product\/yoast-seo-wordpress\/ -->\n<title>Cumhurba\u015fkan\u0131 Tatar, 5 Nisan\u2019da BM Genel Sekreteri ile g\u00f6r\u00fc\u015fecek -<\/title>\n<meta name=\"robots\" content=\"index, follow, max-snippet:-1, max-image-preview:large, max-video-preview:-1\" \/>\n<link rel=\"canonical\" href=\"https:\/\/kibrisdakik.com\/?p=36325\" \/>\n<meta property=\"og:locale\" content=\"tr_TR\" \/>\n<meta property=\"og:type\" content=\"article\" \/>\n<meta property=\"og:title\" content=\"Cumhurba\u015fkan\u0131 Tatar, 5 Nisan\u2019da BM Genel Sekreteri ile g\u00f6r\u00fc\u015fecek -\" \/>\n<meta property=\"og:description\" content=\"Cumhurba\u015fkan\u0131 Ersin Tatar, 5 Nisan\u2019da Birle\u015fmi\u015f Milletler (BM) Genel Sekreteri Antonio Guterres ile g\u00f6r\u00fc\u015fece\u011fini a\u00e7\u0131klad\u0131. Tatar, New York\u2019ta BM Genel Merkezinde yap\u0131lacak g\u00f6r\u00fc\u015fmede, t\u00fcm ambargo ve k\u0131s\u0131tlamalara ra\u011fmen K\u0131br\u0131s T\u00fcrk\u00fc\u2019n\u00fcn verdi\u011fi hakl\u0131 m\u00fccadeleyi anlataca\u011f\u0131n\u0131 ve bu engellemelere son verilmesini isteyece\u011fini vurgulad\u0131. Cumhurba\u015fkan\u0131 Tatar, varl\u0131\u011f\u0131 kabul edilen Kuzey K\u0131br\u0131s T\u00fcrk Cumhuriyeti\u2019nin art\u0131k tan\u0131nmas\u0131 gerekti\u011fini belirtti. Cumhurba\u015fkan\u0131\" \/>\n<meta property=\"og:url\" content=\"https:\/\/kibrisdakik.com\/?p=36325\" \/>\n<meta property=\"article:published_time\" content=\"2024-03-30T08:52:35+00:00\" \/>\n<meta property=\"og:image\" content=\"https:\/\/kibrisdakik.com\/wp-content\/uploads\/2023\/09\/tatar-guterres-23-aa-740x420.jpg\" \/>\n\t<meta property=\"og:image:width\" content=\"1600\" \/>\n\t<meta property=\"og:image:height\" content=\"737\" \/>\n\t<meta property=\"og:image:type\" content=\"image\/jpeg\" \/>\n<meta name=\"author\" content=\"admin\" \/>\n<meta name=\"twitter:card\" content=\"summary_large_image\" \/>\n<meta name=\"twitter:label1\" content=\"Yazan:\" \/>\n\t<meta name=\"twitter:data1\" content=\"admin\" \/>\n\t<meta name=\"twitter:label2\" content=\"Tahmini okuma s\u00fcresi\" \/>\n\t<meta name=\"twitter:data2\" content=\"2 dakika\" \/>\n<script type=\"application\/ld+json\" class=\"yoast-schema-graph\">{\"@context\":\"https:\\\/\\\/schema.org\",\"@graph\":[{\"@type\":\"Article\",\"@id\":\"https:\\\/\\\/kibrisdakik.com\\\/?p=36325#article\",\"isPartOf\":{\"@id\":\"https:\\\/\\\/kibrisdakik.com\\\/?p=36325\"},\"author\":{\"name\":\"admin\",\"@id\":\"https:\\\/\\\/kibrisdakik.com\\\/#\\\/schema\\\/person\\\/9cd9d437bbb44f72b73ba127e06d8e79\"},\"headline\":\"Cumhurba\u015fkan\u0131 Tatar, 5 Nisan\u2019da BM Genel Sekreteri ile g\u00f6r\u00fc\u015fecek\",\"datePublished\":\"2024-03-30T08:52:35+00:00\",\"mainEntityOfPage\":{\"@id\":\"https:\\\/\\\/kibrisdakik.com\\\/?p=36325\"},\"wordCount\":411,\"commentCount\":0,\"image\":{\"@id\":\"https:\\\/\\\/kibrisdakik.com\\\/?p=36325#primaryimage\"},\"thumbnailUrl\":\"https:\\\/\\\/kibrisdakik.com\\\/wp-content\\\/uploads\\\/2023\\\/09\\\/tatar-guterres-23-aa-740x420.jpg\",\"articleSection\":[\"G\u00fcndem\"],\"inLanguage\":\"tr\",\"potentialAction\":[{\"@type\":\"CommentAction\",\"name\":\"Comment\",\"target\":[\"https:\\\/\\\/kibrisdakik.com\\\/?p=36325#respond\"]}]},{\"@type\":\"WebPage\",\"@id\":\"https:\\\/\\\/kibrisdakik.com\\\/?p=36325\",\"url\":\"https:\\\/\\\/kibrisdakik.com\\\/?p=36325\",\"name\":\"Cumhurba\u015fkan\u0131 Tatar, 5 Nisan\u2019da BM Genel Sekreteri ile g\u00f6r\u00fc\u015fecek -\",\"isPartOf\":{\"@id\":\"https:\\\/\\\/kibrisdakik.com\\\/#website\"},\"primaryImageOfPage\":{\"@id\":\"https:\\\/\\\/kibrisdakik.com\\\/?p=36325#primaryimage\"},\"image\":{\"@id\":\"https:\\\/\\\/kibrisdakik.com\\\/?p=36325#primaryimage\"},\"thumbnailUrl\":\"https:\\\/\\\/kibrisdakik.com\\\/wp-content\\\/uploads\\\/2023\\\/09\\\/tatar-guterres-23-aa-740x420.jpg\",\"datePublished\":\"2024-03-30T08:52:35+00:00\",\"author\":{\"@id\":\"https:\\\/\\\/kibrisdakik.com\\\/#\\\/schema\\\/person\\\/9cd9d437bbb44f72b73ba127e06d8e79\"},\"breadcrumb\":{\"@id\":\"https:\\\/\\\/kibrisdakik.com\\\/?p=36325#breadcrumb\"},\"inLanguage\":\"tr\",\"potentialAction\":[{\"@type\":\"ReadAction\",\"target\":[\"https:\\\/\\\/kibrisdakik.com\\\/?p=36325\"]}]},{\"@type\":\"ImageObject\",\"inLanguage\":\"tr\",\"@id\":\"https:\\\/\\\/kibrisdakik.com\\\/?p=36325#primaryimage\",\"url\":\"https:\\\/\\\/kibrisdakik.com\\\/wp-content\\\/uploads\\\/2023\\\/09\\\/tatar-guterres-23-aa-740x420.jpg\",\"contentUrl\":\"https:\\\/\\\/kibrisdakik.com\\\/wp-content\\\/uploads\\\/2023\\\/09\\\/tatar-guterres-23-aa-740x420.jpg\",\"width\":1600,\"height\":737},{\"@type\":\"BreadcrumbList\",\"@id\":\"https:\\\/\\\/kibrisdakik.com\\\/?p=36325#breadcrumb\",\"itemListElement\":[{\"@type\":\"ListItem\",\"position\":1,\"name\":\"Home\",\"item\":\"https:\\\/\\\/kibrisdakik.com\\\/\"},{\"@type\":\"ListItem\",\"position\":2,\"name\":\"Cumhurba\u015fkan\u0131 Tatar, 5 Nisan\u2019da BM Genel Sekreteri ile g\u00f6r\u00fc\u015fecek\"}]},{\"@type\":\"WebSite\",\"@id\":\"https:\\\/\\\/kibrisdakik.com\\\/#website\",\"url\":\"https:\\\/\\\/kibrisdakik.com\\\/\",\"name\":\"\",\"description\":\"Tam vaktinde haber\",\"potentialAction\":[{\"@type\":\"SearchAction\",\"target\":{\"@type\":\"EntryPoint\",\"urlTemplate\":\"https:\\\/\\\/kibrisdakik.com\\\/?s={search_term_string}\"},\"query-input\":{\"@type\":\"PropertyValueSpecification\",\"valueRequired\":true,\"valueName\":\"search_term_string\"}}],\"inLanguage\":\"tr\"},{\"@type\":\"Person\",\"@id\":\"https:\\\/\\\/kibrisdakik.com\\\/#\\\/schema\\\/person\\\/9cd9d437bbb44f72b73ba127e06d8e79\",\"name\":\"admin\",\"image\":{\"@type\":\"ImageObject\",\"inLanguage\":\"tr\",\"@id\":\"https:\\\/\\\/secure.gravatar.com\\\/avatar\\\/ccc17943b9d660506c869530f897617f7cb1c21a4bf30023f252596d83e1f007?s=96&d=mm&r=g\",\"url\":\"https:\\\/\\\/secure.gravatar.com\\\/avatar\\\/ccc17943b9d660506c869530f897617f7cb1c21a4bf30023f252596d83e1f007?s=96&d=mm&r=g\",\"contentUrl\":\"https:\\\/\\\/secure.gravatar.com\\\/avatar\\\/ccc17943b9d660506c869530f897617f7cb1c21a4bf30023f252596d83e1f007?s=96&d=mm&r=g\",\"caption\":\"admin\"},\"sameAs\":[\"https:\\\/\\\/kibrisdakik.com\"],\"url\":\"https:\\\/\\\/kibrisdakik.com\\\/?author=1\"}]}<\/script>\n<!-- \/ Yoast SEO plugin. -->","yoast_head_json":{"title":"Cumhurba\u015fkan\u0131 Tatar, 5 Nisan\u2019da BM Genel Sekreteri ile g\u00f6r\u00fc\u015fecek -","robots":{"index":"index","follow":"follow","max-snippet":"max-snippet:-1","max-image-preview":"max-image-preview:large","max-video-preview":"max-video-preview:-1"},"canonical":"https:\/\/kibrisdakik.com\/?p=36325","og_locale":"tr_TR","og_type":"article","og_title":"Cumhurba\u015fkan\u0131 Tatar, 5 Nisan\u2019da BM Genel Sekreteri ile g\u00f6r\u00fc\u015fecek -","og_description":"Cumhurba\u015fkan\u0131 Ersin Tatar, 5 Nisan\u2019da Birle\u015fmi\u015f Milletler (BM) Genel Sekreteri Antonio Guterres ile g\u00f6r\u00fc\u015fece\u011fini a\u00e7\u0131klad\u0131. Tatar, New York\u2019ta BM Genel Merkezinde yap\u0131lacak g\u00f6r\u00fc\u015fmede, t\u00fcm ambargo ve k\u0131s\u0131tlamalara ra\u011fmen K\u0131br\u0131s T\u00fcrk\u00fc\u2019n\u00fcn verdi\u011fi hakl\u0131 m\u00fccadeleyi anlataca\u011f\u0131n\u0131 ve bu engellemelere son verilmesini isteyece\u011fini vurgulad\u0131. Cumhurba\u015fkan\u0131 Tatar, varl\u0131\u011f\u0131 kabul edilen Kuzey K\u0131br\u0131s T\u00fcrk Cumhuriyeti\u2019nin art\u0131k tan\u0131nmas\u0131 gerekti\u011fini belirtti. Cumhurba\u015fkan\u0131","og_url":"https:\/\/kibrisdakik.com\/?p=36325","article_published_time":"2024-03-30T08:52:35+00:00","og_image":[{"width":1600,"height":737,"url":"https:\/\/kibrisdakik.com\/wp-content\/uploads\/2023\/09\/tatar-guterres-23-aa-740x420.jpg","type":"image\/jpeg"}],"author":"admin","twitter_card":"summary_large_image","twitter_misc":{"Yazan:":"admin","Tahmini okuma s\u00fcresi":"2 dakika"},"schema":{"@context":"https:\/\/schema.org","@graph":[{"@type":"Article","@id":"https:\/\/kibrisdakik.com\/?p=36325#article","isPartOf":{"@id":"https:\/\/kibrisdakik.com\/?p=36325"},"author":{"name":"admin","@id":"https:\/\/kibrisdakik.com\/#\/schema\/person\/9cd9d437bbb44f72b73ba127e06d8e79"},"headline":"Cumhurba\u015fkan\u0131 Tatar, 5 Nisan\u2019da BM Genel Sekreteri ile g\u00f6r\u00fc\u015fecek","datePublished":"2024-03-30T08:52:35+00:00","mainEntityOfPage":{"@id":"https:\/\/kibrisdakik.com\/?p=36325"},"wordCount":411,"commentCount":0,"image":{"@id":"https:\/\/kibrisdakik.com\/?p=36325#primaryimage"},"thumbnailUrl":"https:\/\/kibrisdakik.com\/wp-content\/uploads\/2023\/09\/tatar-guterres-23-aa-740x420.jpg","articleSection":["G\u00fcndem"],"inLanguage":"tr","potentialAction":[{"@type":"CommentAction","name":"Comment","target":["https:\/\/kibrisdakik.com\/?p=36325#respond"]}]},{"@type":"WebPage","@id":"https:\/\/kibrisdakik.com\/?p=36325","url":"https:\/\/kibrisdakik.com\/?p=36325","name":"Cumhurba\u015fkan\u0131 Tatar, 5 Nisan\u2019da BM Genel Sekreteri ile g\u00f6r\u00fc\u015fecek -","isPartOf":{"@id":"https:\/\/kibrisdakik.com\/#website"},"primaryImageOfPage":{"@id":"https:\/\/kibrisdakik.com\/?p=36325#primaryimage"},"image":{"@id":"https:\/\/kibrisdakik.com\/?p=36325#primaryimage"},"thumbnailUrl":"https:\/\/kibrisdakik.com\/wp-content\/uploads\/2023\/09\/tatar-guterres-23-aa-740x420.jpg","datePublished":"2024-03-30T08:52:35+00:00","author":{"@id":"https:\/\/kibrisdakik.com\/#\/schema\/person\/9cd9d437bbb44f72b73ba127e06d8e79"},"breadcrumb":{"@id":"https:\/\/kibrisdakik.com\/?p=36325#breadcrumb"},"inLanguage":"tr","potentialAction":[{"@type":"ReadAction","target":["https:\/\/kibrisdakik.com\/?p=36325"]}]},{"@type":"ImageObject","inLanguage":"tr","@id":"https:\/\/kibrisdakik.com\/?p=36325#primaryimage","url":"https:\/\/kibrisdakik.com\/wp-content\/uploads\/2023\/09\/tatar-guterres-23-aa-740x420.jpg","contentUrl":"https:\/\/kibrisdakik.com\/wp-content\/uploads\/2023\/09\/tatar-guterres-23-aa-740x420.jpg","width":1600,"height":737},{"@type":"BreadcrumbList","@id":"https:\/\/kibrisdakik.com\/?p=36325#breadcrumb","itemListElement":[{"@type":"ListItem","position":1,"name":"Home","item":"https:\/\/kibrisdakik.com\/"},{"@type":"ListItem","position":2,"name":"Cumhurba\u015fkan\u0131 Tatar, 5 Nisan\u2019da BM Genel Sekreteri ile g\u00f6r\u00fc\u015fecek"}]},{"@type":"WebSite","@id":"https:\/\/kibrisdakik.com\/#website","url":"https:\/\/kibrisdakik.com\/","name":"","description":"Tam vaktinde haber","potentialAction":[{"@type":"SearchAction","target":{"@type":"EntryPoint","urlTemplate":"https:\/\/kibrisdakik.com\/?s={search_term_string}"},"query-input":{"@type":"PropertyValueSpecification","valueRequired":true,"valueName":"search_term_string"}}],"inLanguage":"tr"},{"@type":"Person","@id":"https:\/\/kibrisdakik.com\/#\/schema\/person\/9cd9d437bbb44f72b73ba127e06d8e79","name":"admin","image":{"@type":"ImageObject","inLanguage":"tr","@id":"https:\/\/secure.gravatar.com\/avatar\/ccc17943b9d660506c869530f897617f7cb1c21a4bf30023f252596d83e1f007?s=96&d=mm&r=g","url":"https:\/\/secure.gravatar.com\/avatar\/ccc17943b9d660506c869530f897617f7cb1c21a4bf30023f252596d83e1f007?s=96&d=mm&r=g","contentUrl":"https:\/\/secure.gravatar.com\/avatar\/ccc17943b9d660506c869530f897617f7cb1c21a4bf30023f252596d83e1f007?s=96&d=mm&r=g","caption":"admin"},"sameAs":["https:\/\/kibrisdakik.com"],"url":"https:\/\/kibrisdakik.com\/?author=1"}]}},"_links":{"self":[{"href":"https:\/\/kibrisdakik.com\/index.php?rest_route=\/wp\/v2\/posts\/36325","targetHints":{"allow":["GET"]}}],"collection":[{"href":"https:\/\/kibrisdakik.com\/index.php?rest_route=\/wp\/v2\/posts"}],"about":[{"href":"https:\/\/kibrisdakik.com\/index.php?rest_route=\/wp\/v2\/types\/post"}],"author":[{"embeddable":true,"href":"https:\/\/kibrisdakik.com\/index.php?rest_route=\/wp\/v2\/users\/1"}],"replies":[{"embeddable":true,"href":"https:\/\/kibrisdakik.com\/index.php?rest_route=%2Fwp%2Fv2%2Fcomments&post=36325"}],"version-history":[{"count":0,"href":"https:\/\/kibrisdakik.com\/index.php?rest_route=\/wp\/v2\/posts\/36325\/revisions"}],"wp:featuredmedia":[{"embeddable":true,"href":"https:\/\/kibrisdakik.com\/index.php?rest_route=\/wp\/v2\/media\/14365"}],"wp:attachment":[{"href":"https:\/\/kibrisdakik.com\/index.php?rest_route=%2Fwp%2Fv2%2Fmedia&parent=36325"}],"wp:term":[{"taxonomy":"category","embeddable":true,"href":"https:\/\/kibrisdakik.com\/index.php?rest_route=%2Fwp%2Fv2%2Fcategories&post=36325"},{"taxonomy":"post_tag","embeddable":true,"href":"https:\/\/kibrisdakik.com\/index.php?rest_route=%2Fwp%2Fv2%2Ftags&post=36325"}],"curies":[{"name":"wp","href":"https:\/\/api.w.org\/{rel}","templated":true}]}}