{"id":36344,"date":"2024-03-30T10:57:22","date_gmt":"2024-03-30T10:57:22","guid":{"rendered":"https:\/\/kibrisdakik.com\/index.php\/2024\/03\/30\/cumhurbaskani-tatar-5-nisanda-bm-genel-sekreteri-ile-gorusecek-2\/"},"modified":"2024-03-30T10:57:22","modified_gmt":"2024-03-30T10:57:22","slug":"cumhurbaskani-tatar-5-nisanda-bm-genel-sekreteri-ile-gorusecek-2","status":"publish","type":"post","link":"https:\/\/kibrisdakik.com\/?p=36344","title":{"rendered":"Cumhurba\u015fkan\u0131 Tatar, 5 Nisan\u2019da BM Genel Sekreteri ile g\u00f6r\u00fc\u015fecek"},"content":{"rendered":"<p><img decoding=\"async\" src=\"https:\/\/www.kibristurk.com\/images\/haberler\/2024\/03\/cumhurbaskani-tatar-5-nisanda-bm-genel-sekreteri-ile-gorusecek-1711786041.webp\" \/><\/p>\n<p style=\"text-align:left\"><span style=\"font-size:16px\"><span style=\"font-family:Merriweather,serif !important\"><span style=\"color:#000000\"><span style=\"background-color:#ffffff\"><span style=\"font-size:16px !important\"><span style=\"font-family:Merriweather,serif !important\"><span style=\"color:#000000 !important\">Tatar, New York&#8217;ta BM Genel Merkezinde yap\u0131lacak g\u00f6r\u00fc\u015fmede, t\u00fcm ambargo ve k\u0131s\u0131tlamalara ra\u011fmen K\u0131br\u0131s T\u00fcrk\u00fc\u2019n\u00fcn verdi\u011fi hakl\u0131 m\u00fccadeleyi anlataca\u011f\u0131n\u0131 ve bu engellemelere son verilmesini isteyece\u011fini vurgulad\u0131.&nbsp;<\/span><\/span><\/span>Cumhurba\u015fkan\u0131 Tatar, varl\u0131\u011f\u0131 kabul edilen Kuzey K\u0131br\u0131s T\u00fcrk Cumhuriyeti\u2019nin art\u0131k tan\u0131nmas\u0131 gerekti\u011fini belirtti.<\/span><\/span><\/span><\/span><\/p>\n<p style=\"text-align:left\"><span style=\"font-size:16px\"><span style=\"font-family:Merriweather,serif !important\"><span style=\"color:#000000\"><span style=\"background-color:#ffffff\"><span style=\"font-size:16px !important\"><span style=\"font-family:Merriweather,serif !important\"><span style=\"color:#000000 !important\">Cumhurba\u015fkan\u0131 Ersin Tatar, g\u00f6r\u00fc\u015fmeye ili\u015fkin a\u00e7\u0131klamalar\u0131 Yak\u0131n Do\u011fu \u00dcniversitesi (YD\u00dc) G\u00fczel Sanatlar Mart Sergisi\u2019nin a\u00e7\u0131l\u0131\u015f\u0131nda yapt\u0131.<\/span><\/span><\/span><\/span><\/span><\/span><\/span><\/p>\n<p style=\"text-align:left\"><span style=\"font-size:16px\"><span style=\"font-family:Merriweather,serif !important\"><span style=\"color:#000000\"><span style=\"background-color:#ffffff\">Cumhurba\u015fkanl\u0131\u011f\u0131ndan verilen bilgiye g\u00f6re, Ersin Tatar, sergide yapt\u0131\u011f\u0131 konu\u015fmada, sanat\u0131n, ya\u015fam, k\u00fclt\u00fcr, \u00e7a\u011fda\u015fl\u0131k ve evrensellik oldu\u011funu belirterek, ayn\u0131 zamanda Kuzey K\u0131br\u0131s T\u00fcrk Cumhuriyeti\u2019ne uygulanan haks\u0131z k\u0131s\u0131tlama, engelleme ve ambargolara kar\u015f\u0131 bir meydan okuma oldu\u011funu s\u00f6yledi.&nbsp;<\/span><\/span><\/span><\/span><\/p>\n<p style=\"text-align:left\"><span style=\"font-size:16px\"><span style=\"font-family:Merriweather,serif !important\"><span style=\"color:#000000\"><span style=\"background-color:#ffffff\"><span style=\"font-size:16px !important\"><span style=\"font-family:Merriweather,serif !important\"><span style=\"color:#000000 !important\">Kuzey K\u0131br\u0131s T\u00fcrk Cumhuriyeti\u2019nde a\u00e7\u0131lan sergilerle b\u00fct\u00fcn d\u00fcnya ile ayn\u0131 anda sanat eserlerinin payla\u015f\u0131labildi\u011fine i\u015faret eden Cumhurba\u015fkan\u0131 Tatar, Yak\u0131n Do\u011fu \u00dcniversitesi\u2019nde her ay d\u00fczenlenen sergilerde bulu\u015ftuklar\u0131n\u0131 ifade etti.&nbsp;<\/span><\/span><\/span><\/span><\/span><\/span><\/span><\/p>\n<p style=\"text-align:left\"><span style=\"font-size:16px\"><span style=\"font-family:Merriweather,serif !important\"><span style=\"color:#000000\"><span style=\"background-color:#ffffff\">Sergiye kat\u0131lan yerli ve uluslararas\u0131 sanat\u00e7\u0131lar\u0131 tebrik eden Cumhurba\u015fkan\u0131 Tatar ilerdeki \u00e7al\u0131\u015fmalar\u0131nda ba\u015far\u0131lar diledi.<\/span><\/span><\/span><\/span><\/p>\n<p style=\"text-align:left\"><span style=\"font-size:16px\"><span style=\"font-family:Merriweather,serif !important\"><span style=\"color:#000000\"><span style=\"background-color:#ffffff\"><span style=\"font-size:16px !important\"><span style=\"font-family:Merriweather,serif !important\"><span style=\"color:#000000 !important\">T\u00fcrkiye Cumhuriyeti\u2019nden gelen \u0130stanbul \u00dcniversitesi, Bing\u00f6l \u00dcniversitesi, ve Malatya \u0130n\u00f6n\u00fc \u00dcniversitesi rekt\u00f6rleriyle bir arada bulunmaktan duydu\u011fu memnuniyeti ifade eden Cumhurba\u015fkan\u0131 Tatar, Kuzey K\u0131br\u0131s T\u00fcrk Cumhuriyeti ile anavatan T\u00fcrkiye Cumhuriyeti\u2019nin birlikte yapt\u0131\u011f\u0131 etkinliklerin son derece anlaml\u0131 oldu\u011funu kaydetti.&nbsp;<\/span><\/span><\/span><\/span><\/span><\/span><\/span><\/p>\n<p style=\"text-align:left\"><span style=\"font-size:16px\"><span style=\"font-family:Merriweather,serif !important\"><span style=\"color:#000000\"><span style=\"background-color:#ffffff\"><span style=\"font-size:16px !important\"><span style=\"font-family:Merriweather,serif !important\"><span style=\"color:#000000 !important\">-BM Genel Sekreteri ile g\u00f6r\u00fc\u015fece\u011fim<\/span><\/span><\/span><\/span><\/span><\/span><\/span><\/p>\n<p style=\"text-align:left\"><span style=\"font-size:16px\"><span style=\"font-family:Merriweather,serif !important\"><span style=\"color:#000000\"><span style=\"background-color:#ffffff\"><span style=\"font-size:16px !important\"><span style=\"font-family:Merriweather,serif !important\"><span style=\"color:#000000 !important\">Kuzey K\u0131br\u0131s T\u00fcrk Cumhuriyeti\u2019nin sanat\u0131 kucaklayarak yoluna devam edece\u011fini anlatan Cumhurba\u015fkan\u0131 Tatar, 5 Nisan\u2019da Birle\u015fmi\u015f Milletler Genel Sekreteri Antonio Guterres ile yapaca\u011f\u0131 g\u00f6r\u00fc\u015fmede t\u00fcm ambargo ve k\u0131s\u0131tlamalara ra\u011fmen K\u0131br\u0131s T\u00fcrk\u00fc\u2019n\u00fcn verdi\u011fi hakl\u0131 m\u00fccadeleyi anlataca\u011f\u0131n\u0131 ve bu engellemelere son verilmesini isteyece\u011fini kaydetti.<\/span><\/span><\/span><\/span><\/span><\/span><\/span><\/p>\n<p style=\"text-align:left\"><span style=\"font-size:16px\"><span style=\"font-family:Merriweather,serif !important\"><span style=\"color:#000000\"><span style=\"background-color:#ffffff\"><span style=\"font-size:16px !important\"><span style=\"font-family:Merriweather,serif !important\"><span style=\"color:#000000 !important\">T\u00fcrkiye Cumhuriyeti Cumhurba\u015fkan\u0131 Recep Tayyip Erdo\u011fan\u2019\u0131n, \u2018D\u00fcnya 5\u2019ten b\u00fcy\u00fckt\u00fcr\u2019 s\u00f6z\u00fcn\u00fc hat\u0131rlatan Cumhurba\u015fkan\u0131 Tatar, varl\u0131\u011f\u0131 kabul edilen Kuzey K\u0131br\u0131s T\u00fcrk Cumhuriyeti\u2019nin art\u0131k tan\u0131nmas\u0131 gerekti\u011fini vurgulad\u0131.<\/span><\/span><\/span><\/span><\/span><\/span><\/span><\/p>\n","protected":false},"excerpt":{"rendered":"<p>Tatar, New York&#8217;ta BM Genel Merkezinde yap\u0131lacak g\u00f6r\u00fc\u015fmede, t\u00fcm ambargo ve k\u0131s\u0131tlamalara ra\u011fmen K\u0131br\u0131s T\u00fcrk\u00fc\u2019n\u00fcn verdi\u011fi hakl\u0131 m\u00fccadeleyi anlataca\u011f\u0131n\u0131 ve bu engellemelere son verilmesini isteyece\u011fini vurgulad\u0131.&nbsp;Cumhurba\u015fkan\u0131 Tatar, varl\u0131\u011f\u0131 kabul edilen Kuzey K\u0131br\u0131s T\u00fcrk Cumhuriyeti\u2019nin art\u0131k tan\u0131nmas\u0131 gerekti\u011fini belirtti. Cumhurba\u015fkan\u0131 Ersin Tatar, g\u00f6r\u00fc\u015fmeye ili\u015fkin a\u00e7\u0131klamalar\u0131 Yak\u0131n Do\u011fu \u00dcniversitesi (YD\u00dc) G\u00fczel Sanatlar Mart Sergisi\u2019nin a\u00e7\u0131l\u0131\u015f\u0131nda yapt\u0131. Cumhurba\u015fkanl\u0131\u011f\u0131ndan<\/p>\n","protected":false},"author":1,"featured_media":36345,"comment_status":"open","ping_status":"open","sticky":false,"template":"","format":"standard","meta":{"footnotes":""},"categories":[85],"tags":[],"class_list":["post-36344","post","type-post","status-publish","format-standard","has-post-thumbnail","hentry","category-spor"],"yoast_head":"<!-- This site is optimized with the Yoast SEO plugin v27.4 - https:\/\/yoast.com\/product\/yoast-seo-wordpress\/ -->\n<title>Cumhurba\u015fkan\u0131 Tatar, 5 Nisan\u2019da BM Genel Sekreteri ile g\u00f6r\u00fc\u015fecek -<\/title>\n<meta name=\"robots\" content=\"index, follow, max-snippet:-1, max-image-preview:large, max-video-preview:-1\" \/>\n<link rel=\"canonical\" href=\"https:\/\/kibrisdakik.com\/?p=36344\" \/>\n<meta property=\"og:locale\" content=\"tr_TR\" \/>\n<meta property=\"og:type\" content=\"article\" \/>\n<meta property=\"og:title\" content=\"Cumhurba\u015fkan\u0131 Tatar, 5 Nisan\u2019da BM Genel Sekreteri ile g\u00f6r\u00fc\u015fecek -\" \/>\n<meta property=\"og:description\" content=\"Tatar, New York&#8217;ta BM Genel Merkezinde yap\u0131lacak g\u00f6r\u00fc\u015fmede, t\u00fcm ambargo ve k\u0131s\u0131tlamalara ra\u011fmen K\u0131br\u0131s T\u00fcrk\u00fc\u2019n\u00fcn verdi\u011fi hakl\u0131 m\u00fccadeleyi anlataca\u011f\u0131n\u0131 ve bu engellemelere son verilmesini isteyece\u011fini vurgulad\u0131.&nbsp;Cumhurba\u015fkan\u0131 Tatar, varl\u0131\u011f\u0131 kabul edilen Kuzey K\u0131br\u0131s T\u00fcrk Cumhuriyeti\u2019nin art\u0131k tan\u0131nmas\u0131 gerekti\u011fini belirtti. Cumhurba\u015fkan\u0131 Ersin Tatar, g\u00f6r\u00fc\u015fmeye ili\u015fkin a\u00e7\u0131klamalar\u0131 Yak\u0131n Do\u011fu \u00dcniversitesi (YD\u00dc) G\u00fczel Sanatlar Mart Sergisi\u2019nin a\u00e7\u0131l\u0131\u015f\u0131nda yapt\u0131. Cumhurba\u015fkanl\u0131\u011f\u0131ndan\" \/>\n<meta property=\"og:url\" content=\"https:\/\/kibrisdakik.com\/?p=36344\" \/>\n<meta property=\"article:published_time\" content=\"2024-03-30T10:57:22+00:00\" \/>\n<meta property=\"og:image\" content=\"https:\/\/kibrisdakik.com\/wp-content\/uploads\/2024\/03\/cumhurbaskani-tatar-5-nisanda-bm-genel-sekreteri-ile-gorusecek-1711786041.webp.webp\" \/>\n\t<meta property=\"og:image:width\" content=\"710\" \/>\n\t<meta property=\"og:image:height\" content=\"370\" \/>\n\t<meta property=\"og:image:type\" content=\"image\/webp\" \/>\n<meta name=\"author\" content=\"admin\" \/>\n<meta name=\"twitter:card\" content=\"summary_large_image\" \/>\n<meta name=\"twitter:label1\" content=\"Yazan:\" \/>\n\t<meta name=\"twitter:data1\" content=\"admin\" \/>\n\t<meta name=\"twitter:label2\" content=\"Tahmini okuma s\u00fcresi\" \/>\n\t<meta name=\"twitter:data2\" content=\"2 dakika\" \/>\n<script type=\"application\/ld+json\" class=\"yoast-schema-graph\">{\"@context\":\"https:\\\/\\\/schema.org\",\"@graph\":[{\"@type\":\"Article\",\"@id\":\"https:\\\/\\\/kibrisdakik.com\\\/?p=36344#article\",\"isPartOf\":{\"@id\":\"https:\\\/\\\/kibrisdakik.com\\\/?p=36344\"},\"author\":{\"name\":\"admin\",\"@id\":\"https:\\\/\\\/kibrisdakik.com\\\/#\\\/schema\\\/person\\\/9cd9d437bbb44f72b73ba127e06d8e79\"},\"headline\":\"Cumhurba\u015fkan\u0131 Tatar, 5 Nisan\u2019da BM Genel Sekreteri ile g\u00f6r\u00fc\u015fecek\",\"datePublished\":\"2024-03-30T10:57:22+00:00\",\"mainEntityOfPage\":{\"@id\":\"https:\\\/\\\/kibrisdakik.com\\\/?p=36344\"},\"wordCount\":393,\"commentCount\":0,\"image\":{\"@id\":\"https:\\\/\\\/kibrisdakik.com\\\/?p=36344#primaryimage\"},\"thumbnailUrl\":\"https:\\\/\\\/kibrisdakik.com\\\/wp-content\\\/uploads\\\/2024\\\/03\\\/cumhurbaskani-tatar-5-nisanda-bm-genel-sekreteri-ile-gorusecek-1711786041.webp.webp\",\"articleSection\":[\"Spor\"],\"inLanguage\":\"tr\",\"potentialAction\":[{\"@type\":\"CommentAction\",\"name\":\"Comment\",\"target\":[\"https:\\\/\\\/kibrisdakik.com\\\/?p=36344#respond\"]}]},{\"@type\":\"WebPage\",\"@id\":\"https:\\\/\\\/kibrisdakik.com\\\/?p=36344\",\"url\":\"https:\\\/\\\/kibrisdakik.com\\\/?p=36344\",\"name\":\"Cumhurba\u015fkan\u0131 Tatar, 5 Nisan\u2019da BM Genel Sekreteri ile g\u00f6r\u00fc\u015fecek -\",\"isPartOf\":{\"@id\":\"https:\\\/\\\/kibrisdakik.com\\\/#website\"},\"primaryImageOfPage\":{\"@id\":\"https:\\\/\\\/kibrisdakik.com\\\/?p=36344#primaryimage\"},\"image\":{\"@id\":\"https:\\\/\\\/kibrisdakik.com\\\/?p=36344#primaryimage\"},\"thumbnailUrl\":\"https:\\\/\\\/kibrisdakik.com\\\/wp-content\\\/uploads\\\/2024\\\/03\\\/cumhurbaskani-tatar-5-nisanda-bm-genel-sekreteri-ile-gorusecek-1711786041.webp.webp\",\"datePublished\":\"2024-03-30T10:57:22+00:00\",\"author\":{\"@id\":\"https:\\\/\\\/kibrisdakik.com\\\/#\\\/schema\\\/person\\\/9cd9d437bbb44f72b73ba127e06d8e79\"},\"breadcrumb\":{\"@id\":\"https:\\\/\\\/kibrisdakik.com\\\/?p=36344#breadcrumb\"},\"inLanguage\":\"tr\",\"potentialAction\":[{\"@type\":\"ReadAction\",\"target\":[\"https:\\\/\\\/kibrisdakik.com\\\/?p=36344\"]}]},{\"@type\":\"ImageObject\",\"inLanguage\":\"tr\",\"@id\":\"https:\\\/\\\/kibrisdakik.com\\\/?p=36344#primaryimage\",\"url\":\"https:\\\/\\\/kibrisdakik.com\\\/wp-content\\\/uploads\\\/2024\\\/03\\\/cumhurbaskani-tatar-5-nisanda-bm-genel-sekreteri-ile-gorusecek-1711786041.webp.webp\",\"contentUrl\":\"https:\\\/\\\/kibrisdakik.com\\\/wp-content\\\/uploads\\\/2024\\\/03\\\/cumhurbaskani-tatar-5-nisanda-bm-genel-sekreteri-ile-gorusecek-1711786041.webp.webp\",\"width\":710,\"height\":370},{\"@type\":\"BreadcrumbList\",\"@id\":\"https:\\\/\\\/kibrisdakik.com\\\/?p=36344#breadcrumb\",\"itemListElement\":[{\"@type\":\"ListItem\",\"position\":1,\"name\":\"Home\",\"item\":\"https:\\\/\\\/kibrisdakik.com\\\/\"},{\"@type\":\"ListItem\",\"position\":2,\"name\":\"Cumhurba\u015fkan\u0131 Tatar, 5 Nisan\u2019da BM Genel Sekreteri ile g\u00f6r\u00fc\u015fecek\"}]},{\"@type\":\"WebSite\",\"@id\":\"https:\\\/\\\/kibrisdakik.com\\\/#website\",\"url\":\"https:\\\/\\\/kibrisdakik.com\\\/\",\"name\":\"\",\"description\":\"Tam vaktinde haber\",\"potentialAction\":[{\"@type\":\"SearchAction\",\"target\":{\"@type\":\"EntryPoint\",\"urlTemplate\":\"https:\\\/\\\/kibrisdakik.com\\\/?s={search_term_string}\"},\"query-input\":{\"@type\":\"PropertyValueSpecification\",\"valueRequired\":true,\"valueName\":\"search_term_string\"}}],\"inLanguage\":\"tr\"},{\"@type\":\"Person\",\"@id\":\"https:\\\/\\\/kibrisdakik.com\\\/#\\\/schema\\\/person\\\/9cd9d437bbb44f72b73ba127e06d8e79\",\"name\":\"admin\",\"image\":{\"@type\":\"ImageObject\",\"inLanguage\":\"tr\",\"@id\":\"https:\\\/\\\/secure.gravatar.com\\\/avatar\\\/ccc17943b9d660506c869530f897617f7cb1c21a4bf30023f252596d83e1f007?s=96&d=mm&r=g\",\"url\":\"https:\\\/\\\/secure.gravatar.com\\\/avatar\\\/ccc17943b9d660506c869530f897617f7cb1c21a4bf30023f252596d83e1f007?s=96&d=mm&r=g\",\"contentUrl\":\"https:\\\/\\\/secure.gravatar.com\\\/avatar\\\/ccc17943b9d660506c869530f897617f7cb1c21a4bf30023f252596d83e1f007?s=96&d=mm&r=g\",\"caption\":\"admin\"},\"sameAs\":[\"https:\\\/\\\/kibrisdakik.com\"],\"url\":\"https:\\\/\\\/kibrisdakik.com\\\/?author=1\"}]}<\/script>\n<!-- \/ Yoast SEO plugin. -->","yoast_head_json":{"title":"Cumhurba\u015fkan\u0131 Tatar, 5 Nisan\u2019da BM Genel Sekreteri ile g\u00f6r\u00fc\u015fecek -","robots":{"index":"index","follow":"follow","max-snippet":"max-snippet:-1","max-image-preview":"max-image-preview:large","max-video-preview":"max-video-preview:-1"},"canonical":"https:\/\/kibrisdakik.com\/?p=36344","og_locale":"tr_TR","og_type":"article","og_title":"Cumhurba\u015fkan\u0131 Tatar, 5 Nisan\u2019da BM Genel Sekreteri ile g\u00f6r\u00fc\u015fecek -","og_description":"Tatar, New York&#8217;ta BM Genel Merkezinde yap\u0131lacak g\u00f6r\u00fc\u015fmede, t\u00fcm ambargo ve k\u0131s\u0131tlamalara ra\u011fmen K\u0131br\u0131s T\u00fcrk\u00fc\u2019n\u00fcn verdi\u011fi hakl\u0131 m\u00fccadeleyi anlataca\u011f\u0131n\u0131 ve bu engellemelere son verilmesini isteyece\u011fini vurgulad\u0131.&nbsp;Cumhurba\u015fkan\u0131 Tatar, varl\u0131\u011f\u0131 kabul edilen Kuzey K\u0131br\u0131s T\u00fcrk Cumhuriyeti\u2019nin art\u0131k tan\u0131nmas\u0131 gerekti\u011fini belirtti. Cumhurba\u015fkan\u0131 Ersin Tatar, g\u00f6r\u00fc\u015fmeye ili\u015fkin a\u00e7\u0131klamalar\u0131 Yak\u0131n Do\u011fu \u00dcniversitesi (YD\u00dc) G\u00fczel Sanatlar Mart Sergisi\u2019nin a\u00e7\u0131l\u0131\u015f\u0131nda yapt\u0131. Cumhurba\u015fkanl\u0131\u011f\u0131ndan","og_url":"https:\/\/kibrisdakik.com\/?p=36344","article_published_time":"2024-03-30T10:57:22+00:00","og_image":[{"width":710,"height":370,"url":"https:\/\/kibrisdakik.com\/wp-content\/uploads\/2024\/03\/cumhurbaskani-tatar-5-nisanda-bm-genel-sekreteri-ile-gorusecek-1711786041.webp.webp","type":"image\/webp"}],"author":"admin","twitter_card":"summary_large_image","twitter_misc":{"Yazan:":"admin","Tahmini okuma s\u00fcresi":"2 dakika"},"schema":{"@context":"https:\/\/schema.org","@graph":[{"@type":"Article","@id":"https:\/\/kibrisdakik.com\/?p=36344#article","isPartOf":{"@id":"https:\/\/kibrisdakik.com\/?p=36344"},"author":{"name":"admin","@id":"https:\/\/kibrisdakik.com\/#\/schema\/person\/9cd9d437bbb44f72b73ba127e06d8e79"},"headline":"Cumhurba\u015fkan\u0131 Tatar, 5 Nisan\u2019da BM Genel Sekreteri ile g\u00f6r\u00fc\u015fecek","datePublished":"2024-03-30T10:57:22+00:00","mainEntityOfPage":{"@id":"https:\/\/kibrisdakik.com\/?p=36344"},"wordCount":393,"commentCount":0,"image":{"@id":"https:\/\/kibrisdakik.com\/?p=36344#primaryimage"},"thumbnailUrl":"https:\/\/kibrisdakik.com\/wp-content\/uploads\/2024\/03\/cumhurbaskani-tatar-5-nisanda-bm-genel-sekreteri-ile-gorusecek-1711786041.webp.webp","articleSection":["Spor"],"inLanguage":"tr","potentialAction":[{"@type":"CommentAction","name":"Comment","target":["https:\/\/kibrisdakik.com\/?p=36344#respond"]}]},{"@type":"WebPage","@id":"https:\/\/kibrisdakik.com\/?p=36344","url":"https:\/\/kibrisdakik.com\/?p=36344","name":"Cumhurba\u015fkan\u0131 Tatar, 5 Nisan\u2019da BM Genel Sekreteri ile g\u00f6r\u00fc\u015fecek -","isPartOf":{"@id":"https:\/\/kibrisdakik.com\/#website"},"primaryImageOfPage":{"@id":"https:\/\/kibrisdakik.com\/?p=36344#primaryimage"},"image":{"@id":"https:\/\/kibrisdakik.com\/?p=36344#primaryimage"},"thumbnailUrl":"https:\/\/kibrisdakik.com\/wp-content\/uploads\/2024\/03\/cumhurbaskani-tatar-5-nisanda-bm-genel-sekreteri-ile-gorusecek-1711786041.webp.webp","datePublished":"2024-03-30T10:57:22+00:00","author":{"@id":"https:\/\/kibrisdakik.com\/#\/schema\/person\/9cd9d437bbb44f72b73ba127e06d8e79"},"breadcrumb":{"@id":"https:\/\/kibrisdakik.com\/?p=36344#breadcrumb"},"inLanguage":"tr","potentialAction":[{"@type":"ReadAction","target":["https:\/\/kibrisdakik.com\/?p=36344"]}]},{"@type":"ImageObject","inLanguage":"tr","@id":"https:\/\/kibrisdakik.com\/?p=36344#primaryimage","url":"https:\/\/kibrisdakik.com\/wp-content\/uploads\/2024\/03\/cumhurbaskani-tatar-5-nisanda-bm-genel-sekreteri-ile-gorusecek-1711786041.webp.webp","contentUrl":"https:\/\/kibrisdakik.com\/wp-content\/uploads\/2024\/03\/cumhurbaskani-tatar-5-nisanda-bm-genel-sekreteri-ile-gorusecek-1711786041.webp.webp","width":710,"height":370},{"@type":"BreadcrumbList","@id":"https:\/\/kibrisdakik.com\/?p=36344#breadcrumb","itemListElement":[{"@type":"ListItem","position":1,"name":"Home","item":"https:\/\/kibrisdakik.com\/"},{"@type":"ListItem","position":2,"name":"Cumhurba\u015fkan\u0131 Tatar, 5 Nisan\u2019da BM Genel Sekreteri ile g\u00f6r\u00fc\u015fecek"}]},{"@type":"WebSite","@id":"https:\/\/kibrisdakik.com\/#website","url":"https:\/\/kibrisdakik.com\/","name":"","description":"Tam vaktinde haber","potentialAction":[{"@type":"SearchAction","target":{"@type":"EntryPoint","urlTemplate":"https:\/\/kibrisdakik.com\/?s={search_term_string}"},"query-input":{"@type":"PropertyValueSpecification","valueRequired":true,"valueName":"search_term_string"}}],"inLanguage":"tr"},{"@type":"Person","@id":"https:\/\/kibrisdakik.com\/#\/schema\/person\/9cd9d437bbb44f72b73ba127e06d8e79","name":"admin","image":{"@type":"ImageObject","inLanguage":"tr","@id":"https:\/\/secure.gravatar.com\/avatar\/ccc17943b9d660506c869530f897617f7cb1c21a4bf30023f252596d83e1f007?s=96&d=mm&r=g","url":"https:\/\/secure.gravatar.com\/avatar\/ccc17943b9d660506c869530f897617f7cb1c21a4bf30023f252596d83e1f007?s=96&d=mm&r=g","contentUrl":"https:\/\/secure.gravatar.com\/avatar\/ccc17943b9d660506c869530f897617f7cb1c21a4bf30023f252596d83e1f007?s=96&d=mm&r=g","caption":"admin"},"sameAs":["https:\/\/kibrisdakik.com"],"url":"https:\/\/kibrisdakik.com\/?author=1"}]}},"_links":{"self":[{"href":"https:\/\/kibrisdakik.com\/index.php?rest_route=\/wp\/v2\/posts\/36344","targetHints":{"allow":["GET"]}}],"collection":[{"href":"https:\/\/kibrisdakik.com\/index.php?rest_route=\/wp\/v2\/posts"}],"about":[{"href":"https:\/\/kibrisdakik.com\/index.php?rest_route=\/wp\/v2\/types\/post"}],"author":[{"embeddable":true,"href":"https:\/\/kibrisdakik.com\/index.php?rest_route=\/wp\/v2\/users\/1"}],"replies":[{"embeddable":true,"href":"https:\/\/kibrisdakik.com\/index.php?rest_route=%2Fwp%2Fv2%2Fcomments&post=36344"}],"version-history":[{"count":0,"href":"https:\/\/kibrisdakik.com\/index.php?rest_route=\/wp\/v2\/posts\/36344\/revisions"}],"wp:featuredmedia":[{"embeddable":true,"href":"https:\/\/kibrisdakik.com\/index.php?rest_route=\/wp\/v2\/media\/36345"}],"wp:attachment":[{"href":"https:\/\/kibrisdakik.com\/index.php?rest_route=%2Fwp%2Fv2%2Fmedia&parent=36344"}],"wp:term":[{"taxonomy":"category","embeddable":true,"href":"https:\/\/kibrisdakik.com\/index.php?rest_route=%2Fwp%2Fv2%2Fcategories&post=36344"},{"taxonomy":"post_tag","embeddable":true,"href":"https:\/\/kibrisdakik.com\/index.php?rest_route=%2Fwp%2Fv2%2Ftags&post=36344"}],"curies":[{"name":"wp","href":"https:\/\/api.w.org\/{rel}","templated":true}]}}