{"id":36362,"date":"2024-03-30T14:18:19","date_gmt":"2024-03-30T14:18:19","guid":{"rendered":"https:\/\/kibrisdakik.com\/index.php\/2024\/03\/30\/ctp-gazimagusada-yuruyus-duzenledi\/"},"modified":"2024-03-30T14:18:19","modified_gmt":"2024-03-30T14:18:19","slug":"ctp-gazimagusada-yuruyus-duzenledi","status":"publish","type":"post","link":"https:\/\/kibrisdakik.com\/?p=36362","title":{"rendered":"CTP, Gazima\u011fusa&#039;da y\u00fcr\u00fcy\u00fc\u015f d\u00fczenledi"},"content":{"rendered":"<p><img decoding=\"async\" src=\"https:\/\/www.kibristurk.com\/images\/haberler\/2024\/03\/ctp-gazimagusada-yuruyus-duzenledi-1711806816.webp\" \/><\/p>\n<p style=\"text-align:left\"><span style=\"font-size:16px\"><span style=\"font-family:Merriweather,serif !important\"><span style=\"color:#000000\"><span style=\"background-color:#ffffff\">CTP\u2019den yap\u0131lan a\u00e7\u0131klamaya g\u00f6re bug\u00fcn Gazima\u011fusa\u2019da d\u00fczenlenen y\u00fcr\u00fcy\u00fc\u015fe CTP Genel Ba\u015fkan\u0131 Tufan Erh\u00fcrman, Genel Sekreter As\u0131m Akansoy, baz\u0131 belediye ba\u015fkanlar\u0131, milletvekilleri ve \u00e7ok say\u0131da partilinin yan\u0131 s\u0131ra baz\u0131 yurtta\u015flar kat\u0131ld\u0131.<\/span><\/span><\/span><\/span><\/p>\n<p style=\"text-align:left\"><span style=\"font-size:16px\"><span style=\"font-family:Merriweather,serif !important\"><span style=\"color:#000000\"><span style=\"background-color:#ffffff\">Y\u00fcr\u00fcy\u00fc\u015f\u00fcn ard\u0131ndan konu\u015fan CTP Genel Ba\u015fkan\u0131 Erh\u00fcrman, \u201cumutsuzlu\u011fa kap\u0131lmamas\u0131\u201d \u00e7a\u011fr\u0131s\u0131nda bulunarak, \u201cbir hissa sonra gidecekler. \u00c7\u00fcnk\u00fc mevsimi geldi art\u0131k, kokusu \u00fclkenin d\u00f6rt bir yan\u0131n\u0131 sard\u0131\u201d ifadelerini kulland\u0131.<\/span><\/span><\/span><\/span><\/p>\n<p style=\"text-align:left\"><span style=\"font-size:16px\"><span style=\"font-family:Merriweather,serif !important\"><span style=\"color:#000000\"><span style=\"background-color:#ffffff\">-\u201cHi\u00e7 kimse umutsuzlu\u011fa kap\u0131lmas\u0131n\u201d<\/span><\/span><\/span><\/span><\/p>\n<p style=\"text-align:left\"><span style=\"font-size:16px\"><span style=\"font-family:Merriweather,serif !important\"><span style=\"color:#000000\"><span style=\"background-color:#ffffff\">S\u00f6zlerine \u015eampiyon Melekeleri anarak ba\u015flayan Erh\u00fcrman, \u0130sias davas\u0131n\u0131 i\u015faret ederek, ailelerle birlikte dayan\u0131\u015farak y\u00fcr\u00fcmeye devam edeceklerini ve adalet gelene kadar bu yoldan vazge\u00e7meyeceklerini vurgulad\u0131.<\/span><\/span><\/span><\/span><\/p>\n<p style=\"text-align:left\"><span style=\"font-size:16px\"><span style=\"font-family:Merriweather,serif !important\"><span style=\"color:#000000\"><span style=\"background-color:#ffffff\">Erh\u00fcman, \u201c\u00fclkenin y\u00f6netilmedi\u011fine\u201d ileri s\u00fcrerek, \u201cbu \u00fclkeyi birlikte y\u00f6netecek kapasitemiz var. Hi\u00e7 kimsenin umutsuzlu\u011fa kap\u0131lmas\u0131na gerek yok\u201d ifadelerini kulland\u0131.<\/span><\/span><\/span><\/span><\/p>\n<p style=\"text-align:left\"><span style=\"font-size:16px\"><span style=\"font-family:Merriweather,serif !important\"><span style=\"color:#000000\"><span style=\"background-color:#ffffff\">\u201cBu \u00fclkenin yeti\u015fmi\u015f, bu \u00fclkeyi seven insanlar\u0131 var\u201d diyen Erh\u00fcrman, \u201cumutsuzlu\u011fa asla ge\u00e7it vermeyece\u011fiz\u201d dedi. CTP eski genel ba\u015fkanlar\u0131ndan Ferdi Sabit Soyer\u2019in s\u00f6zlerini hat\u0131rlatan Erh\u00fcrman, \u201cBiz \u015finyaya benzerik, s\u00f6ksen de par\u00e7alasan da yeniden boy atar\u0131k!\u201d dedi. Toplumun t\u00fcm kesimleri i\u00e7in sokakta olduklar\u0131n\u0131 ifade eden Erh\u00fcrman, sokakta m\u00fccadeleye devam edeceklerinin s\u00f6yledi.<\/span><\/span><\/span><\/span><\/p>\n<p style=\"text-align:left\"><span style=\"font-size:16px\"><span style=\"font-family:Merriweather,serif !important\"><span style=\"color:#000000\"><span style=\"background-color:#ffffff\">-\u201cBu yolu birlikte y\u00fcr\u00fcyecek, bu \u00fclkeyi birlikte y\u00f6netece\u011fiz\u201d<\/span><\/span><\/span><\/span><\/p>\n<p style=\"text-align:left\"><span style=\"font-size:16px\"><span style=\"font-family:Merriweather,serif !important\"><span style=\"color:#000000\"><span style=\"background-color:#ffffff\">Tufan Erh\u00fcrman, K\u0131br\u0131s T\u00fcrk halk\u0131n\u0131n uzun y\u0131llard\u0131r varolu\u015f m\u00fccadelesi verdi\u011fine i\u015faret ederek, \u201cVarolu\u015f m\u00fccadelesi bunlar ya\u015fans\u0131n diye verilmedi. Bizi yok edemeyeceksiniz demek i\u00e7in sokaktay\u0131z ve sokakta olaca\u011f\u0131z\u201d dedi. Erh\u00fcrman, \u201cbu \u00fclkede insanlar, \u00e7ocuklar\u0131na, \u2018git de gelme\u2019 demeye ba\u015flad\u0131ysa, onlar\u0131n y\u00fcre\u011findeki evlat sevgisini de hep birlikte hayk\u0131raca\u011f\u0131z.\u201d dedi.<\/span><\/span><\/span><\/span><\/p>\n<p style=\"text-align:left\"><span style=\"font-size:16px\"><span style=\"font-family:Merriweather,serif !important\"><span style=\"color:#000000\"><span style=\"background-color:#ffffff\">Erh\u00fcrman, \u201cMevsimi geldi art\u0131k, birileri gidiyor\u201d diyerek, \u201ckar\u015f\u0131lar\u0131ndaki zihniyetin gidece\u011fini\u201d belirtti. Erh\u00fcrman, \u201cGidecekler. Bekledikleri bu halk\u0131n hissas\u0131d\u0131r. Bir hissa sonra otomatik gidecekler. \u00c7\u00fcnk\u00fc mevsimi geldi art\u0131k, kokusu \u00fclkenin d\u00f6rt bir yan\u0131n\u0131 sard\u0131\u2026 Bu \u00fclkeyi hep birlikte y\u00f6netece\u011fiz.\u201d diye ekledi.<\/span><\/span><\/span><\/span><\/p>\n<p style=\"text-align:left\"><span style=\"font-size:16px\"><span style=\"font-family:Merriweather,serif !important\"><span style=\"color:#000000\"><span style=\"background-color:#ffffff\">Erh\u00fcrman, \u201cBizim bir yolumuz var. O yol da bu \u00fclkeye duydu\u011fumuz a\u015fkt\u0131r. Bar\u0131\u015fa, \u00f6zg\u00fcrl\u00fc\u011fe, e\u015fitli\u011fe susam\u0131\u015fl\u0131\u011f\u0131m\u0131zd\u0131r. O yol birlikte y\u00fcr\u00fcnecek. Bu yolu birlikte y\u00fcr\u00fcyece\u011fiz, bu \u00fclkeyi hep birlikte y\u00f6netece\u011fiz. Vard\u0131k, var\u0131z, var olaca\u011f\u0131z\u201d diyerek s\u00f6zlerine son verdi.<\/span><\/span><\/span><\/span><\/p>\n","protected":false},"excerpt":{"rendered":"<p>CTP\u2019den yap\u0131lan a\u00e7\u0131klamaya g\u00f6re bug\u00fcn Gazima\u011fusa\u2019da d\u00fczenlenen y\u00fcr\u00fcy\u00fc\u015fe CTP Genel Ba\u015fkan\u0131 Tufan Erh\u00fcrman, Genel Sekreter As\u0131m Akansoy, baz\u0131 belediye ba\u015fkanlar\u0131, milletvekilleri ve \u00e7ok say\u0131da partilinin yan\u0131 s\u0131ra baz\u0131 yurtta\u015flar kat\u0131ld\u0131. Y\u00fcr\u00fcy\u00fc\u015f\u00fcn ard\u0131ndan konu\u015fan CTP Genel Ba\u015fkan\u0131 Erh\u00fcrman, \u201cumutsuzlu\u011fa kap\u0131lmamas\u0131\u201d \u00e7a\u011fr\u0131s\u0131nda bulunarak, \u201cbir hissa sonra gidecekler. \u00c7\u00fcnk\u00fc mevsimi geldi art\u0131k, kokusu \u00fclkenin d\u00f6rt bir yan\u0131n\u0131 sard\u0131\u201d<\/p>\n","protected":false},"author":1,"featured_media":36363,"comment_status":"open","ping_status":"open","sticky":false,"template":"","format":"standard","meta":{"footnotes":""},"categories":[79],"tags":[],"class_list":["post-36362","post","type-post","status-publish","format-standard","has-post-thumbnail","hentry","category-ekonomi"],"yoast_head":"<!-- This site is optimized with the Yoast SEO plugin v27.5 - https:\/\/yoast.com\/product\/yoast-seo-wordpress\/ -->\n<title>CTP, Gazima\u011fusa&#039;da y\u00fcr\u00fcy\u00fc\u015f d\u00fczenledi -<\/title>\n<meta name=\"robots\" content=\"index, follow, max-snippet:-1, max-image-preview:large, max-video-preview:-1\" \/>\n<link rel=\"canonical\" href=\"https:\/\/kibrisdakik.com\/?p=36362\" \/>\n<meta property=\"og:locale\" content=\"tr_TR\" \/>\n<meta property=\"og:type\" content=\"article\" \/>\n<meta property=\"og:title\" content=\"CTP, Gazima\u011fusa&#039;da y\u00fcr\u00fcy\u00fc\u015f d\u00fczenledi -\" \/>\n<meta property=\"og:description\" content=\"CTP\u2019den yap\u0131lan a\u00e7\u0131klamaya g\u00f6re bug\u00fcn Gazima\u011fusa\u2019da d\u00fczenlenen y\u00fcr\u00fcy\u00fc\u015fe CTP Genel Ba\u015fkan\u0131 Tufan Erh\u00fcrman, Genel Sekreter As\u0131m Akansoy, baz\u0131 belediye ba\u015fkanlar\u0131, milletvekilleri ve \u00e7ok say\u0131da partilinin yan\u0131 s\u0131ra baz\u0131 yurtta\u015flar kat\u0131ld\u0131. Y\u00fcr\u00fcy\u00fc\u015f\u00fcn ard\u0131ndan konu\u015fan CTP Genel Ba\u015fkan\u0131 Erh\u00fcrman, \u201cumutsuzlu\u011fa kap\u0131lmamas\u0131\u201d \u00e7a\u011fr\u0131s\u0131nda bulunarak, \u201cbir hissa sonra gidecekler. \u00c7\u00fcnk\u00fc mevsimi geldi art\u0131k, kokusu \u00fclkenin d\u00f6rt bir yan\u0131n\u0131 sard\u0131\u201d\" \/>\n<meta property=\"og:url\" content=\"https:\/\/kibrisdakik.com\/?p=36362\" \/>\n<meta property=\"article:published_time\" content=\"2024-03-30T14:18:19+00:00\" \/>\n<meta property=\"og:image\" content=\"https:\/\/kibrisdakik.com\/wp-content\/uploads\/2024\/03\/ctp-gazimagusada-yuruyus-duzenledi-1711806816.webp.webp\" \/>\n\t<meta property=\"og:image:width\" content=\"710\" \/>\n\t<meta property=\"og:image:height\" content=\"370\" \/>\n\t<meta property=\"og:image:type\" content=\"image\/webp\" \/>\n<meta name=\"author\" content=\"admin\" \/>\n<meta name=\"twitter:card\" content=\"summary_large_image\" \/>\n<meta name=\"twitter:label1\" content=\"Yazan:\" \/>\n\t<meta name=\"twitter:data1\" content=\"admin\" \/>\n\t<meta name=\"twitter:label2\" content=\"Tahmini okuma s\u00fcresi\" \/>\n\t<meta name=\"twitter:data2\" content=\"2 dakika\" \/>\n<script type=\"application\/ld+json\" class=\"yoast-schema-graph\">{\"@context\":\"https:\\\/\\\/schema.org\",\"@graph\":[{\"@type\":\"Article\",\"@id\":\"https:\\\/\\\/kibrisdakik.com\\\/?p=36362#article\",\"isPartOf\":{\"@id\":\"https:\\\/\\\/kibrisdakik.com\\\/?p=36362\"},\"author\":{\"name\":\"admin\",\"@id\":\"https:\\\/\\\/kibrisdakik.com\\\/#\\\/schema\\\/person\\\/9cd9d437bbb44f72b73ba127e06d8e79\"},\"headline\":\"CTP, Gazima\u011fusa&#039;da y\u00fcr\u00fcy\u00fc\u015f d\u00fczenledi\",\"datePublished\":\"2024-03-30T14:18:19+00:00\",\"mainEntityOfPage\":{\"@id\":\"https:\\\/\\\/kibrisdakik.com\\\/?p=36362\"},\"wordCount\":438,\"commentCount\":0,\"image\":{\"@id\":\"https:\\\/\\\/kibrisdakik.com\\\/?p=36362#primaryimage\"},\"thumbnailUrl\":\"https:\\\/\\\/kibrisdakik.com\\\/wp-content\\\/uploads\\\/2024\\\/03\\\/ctp-gazimagusada-yuruyus-duzenledi-1711806816.webp.webp\",\"articleSection\":[\"Ekonomi\"],\"inLanguage\":\"tr\",\"potentialAction\":[{\"@type\":\"CommentAction\",\"name\":\"Comment\",\"target\":[\"https:\\\/\\\/kibrisdakik.com\\\/?p=36362#respond\"]}]},{\"@type\":\"WebPage\",\"@id\":\"https:\\\/\\\/kibrisdakik.com\\\/?p=36362\",\"url\":\"https:\\\/\\\/kibrisdakik.com\\\/?p=36362\",\"name\":\"CTP, Gazima\u011fusa&#039;da y\u00fcr\u00fcy\u00fc\u015f d\u00fczenledi -\",\"isPartOf\":{\"@id\":\"https:\\\/\\\/kibrisdakik.com\\\/#website\"},\"primaryImageOfPage\":{\"@id\":\"https:\\\/\\\/kibrisdakik.com\\\/?p=36362#primaryimage\"},\"image\":{\"@id\":\"https:\\\/\\\/kibrisdakik.com\\\/?p=36362#primaryimage\"},\"thumbnailUrl\":\"https:\\\/\\\/kibrisdakik.com\\\/wp-content\\\/uploads\\\/2024\\\/03\\\/ctp-gazimagusada-yuruyus-duzenledi-1711806816.webp.webp\",\"datePublished\":\"2024-03-30T14:18:19+00:00\",\"author\":{\"@id\":\"https:\\\/\\\/kibrisdakik.com\\\/#\\\/schema\\\/person\\\/9cd9d437bbb44f72b73ba127e06d8e79\"},\"breadcrumb\":{\"@id\":\"https:\\\/\\\/kibrisdakik.com\\\/?p=36362#breadcrumb\"},\"inLanguage\":\"tr\",\"potentialAction\":[{\"@type\":\"ReadAction\",\"target\":[\"https:\\\/\\\/kibrisdakik.com\\\/?p=36362\"]}]},{\"@type\":\"ImageObject\",\"inLanguage\":\"tr\",\"@id\":\"https:\\\/\\\/kibrisdakik.com\\\/?p=36362#primaryimage\",\"url\":\"https:\\\/\\\/kibrisdakik.com\\\/wp-content\\\/uploads\\\/2024\\\/03\\\/ctp-gazimagusada-yuruyus-duzenledi-1711806816.webp.webp\",\"contentUrl\":\"https:\\\/\\\/kibrisdakik.com\\\/wp-content\\\/uploads\\\/2024\\\/03\\\/ctp-gazimagusada-yuruyus-duzenledi-1711806816.webp.webp\",\"width\":710,\"height\":370},{\"@type\":\"BreadcrumbList\",\"@id\":\"https:\\\/\\\/kibrisdakik.com\\\/?p=36362#breadcrumb\",\"itemListElement\":[{\"@type\":\"ListItem\",\"position\":1,\"name\":\"Home\",\"item\":\"https:\\\/\\\/kibrisdakik.com\\\/\"},{\"@type\":\"ListItem\",\"position\":2,\"name\":\"CTP, Gazima\u011fusa&#039;da y\u00fcr\u00fcy\u00fc\u015f d\u00fczenledi\"}]},{\"@type\":\"WebSite\",\"@id\":\"https:\\\/\\\/kibrisdakik.com\\\/#website\",\"url\":\"https:\\\/\\\/kibrisdakik.com\\\/\",\"name\":\"\",\"description\":\"Tam vaktinde haber\",\"potentialAction\":[{\"@type\":\"SearchAction\",\"target\":{\"@type\":\"EntryPoint\",\"urlTemplate\":\"https:\\\/\\\/kibrisdakik.com\\\/?s={search_term_string}\"},\"query-input\":{\"@type\":\"PropertyValueSpecification\",\"valueRequired\":true,\"valueName\":\"search_term_string\"}}],\"inLanguage\":\"tr\"},{\"@type\":\"Person\",\"@id\":\"https:\\\/\\\/kibrisdakik.com\\\/#\\\/schema\\\/person\\\/9cd9d437bbb44f72b73ba127e06d8e79\",\"name\":\"admin\",\"image\":{\"@type\":\"ImageObject\",\"inLanguage\":\"tr\",\"@id\":\"https:\\\/\\\/secure.gravatar.com\\\/avatar\\\/ccc17943b9d660506c869530f897617f7cb1c21a4bf30023f252596d83e1f007?s=96&d=mm&r=g\",\"url\":\"https:\\\/\\\/secure.gravatar.com\\\/avatar\\\/ccc17943b9d660506c869530f897617f7cb1c21a4bf30023f252596d83e1f007?s=96&d=mm&r=g\",\"contentUrl\":\"https:\\\/\\\/secure.gravatar.com\\\/avatar\\\/ccc17943b9d660506c869530f897617f7cb1c21a4bf30023f252596d83e1f007?s=96&d=mm&r=g\",\"caption\":\"admin\"},\"sameAs\":[\"https:\\\/\\\/kibrisdakik.com\"],\"url\":\"https:\\\/\\\/kibrisdakik.com\\\/?author=1\"}]}<\/script>\n<!-- \/ Yoast SEO plugin. -->","yoast_head_json":{"title":"CTP, Gazima\u011fusa&#039;da y\u00fcr\u00fcy\u00fc\u015f d\u00fczenledi -","robots":{"index":"index","follow":"follow","max-snippet":"max-snippet:-1","max-image-preview":"max-image-preview:large","max-video-preview":"max-video-preview:-1"},"canonical":"https:\/\/kibrisdakik.com\/?p=36362","og_locale":"tr_TR","og_type":"article","og_title":"CTP, Gazima\u011fusa&#039;da y\u00fcr\u00fcy\u00fc\u015f d\u00fczenledi -","og_description":"CTP\u2019den yap\u0131lan a\u00e7\u0131klamaya g\u00f6re bug\u00fcn Gazima\u011fusa\u2019da d\u00fczenlenen y\u00fcr\u00fcy\u00fc\u015fe CTP Genel Ba\u015fkan\u0131 Tufan Erh\u00fcrman, Genel Sekreter As\u0131m Akansoy, baz\u0131 belediye ba\u015fkanlar\u0131, milletvekilleri ve \u00e7ok say\u0131da partilinin yan\u0131 s\u0131ra baz\u0131 yurtta\u015flar kat\u0131ld\u0131. Y\u00fcr\u00fcy\u00fc\u015f\u00fcn ard\u0131ndan konu\u015fan CTP Genel Ba\u015fkan\u0131 Erh\u00fcrman, \u201cumutsuzlu\u011fa kap\u0131lmamas\u0131\u201d \u00e7a\u011fr\u0131s\u0131nda bulunarak, \u201cbir hissa sonra gidecekler. \u00c7\u00fcnk\u00fc mevsimi geldi art\u0131k, kokusu \u00fclkenin d\u00f6rt bir yan\u0131n\u0131 sard\u0131\u201d","og_url":"https:\/\/kibrisdakik.com\/?p=36362","article_published_time":"2024-03-30T14:18:19+00:00","og_image":[{"width":710,"height":370,"url":"https:\/\/kibrisdakik.com\/wp-content\/uploads\/2024\/03\/ctp-gazimagusada-yuruyus-duzenledi-1711806816.webp.webp","type":"image\/webp"}],"author":"admin","twitter_card":"summary_large_image","twitter_misc":{"Yazan:":"admin","Tahmini okuma s\u00fcresi":"2 dakika"},"schema":{"@context":"https:\/\/schema.org","@graph":[{"@type":"Article","@id":"https:\/\/kibrisdakik.com\/?p=36362#article","isPartOf":{"@id":"https:\/\/kibrisdakik.com\/?p=36362"},"author":{"name":"admin","@id":"https:\/\/kibrisdakik.com\/#\/schema\/person\/9cd9d437bbb44f72b73ba127e06d8e79"},"headline":"CTP, Gazima\u011fusa&#039;da y\u00fcr\u00fcy\u00fc\u015f d\u00fczenledi","datePublished":"2024-03-30T14:18:19+00:00","mainEntityOfPage":{"@id":"https:\/\/kibrisdakik.com\/?p=36362"},"wordCount":438,"commentCount":0,"image":{"@id":"https:\/\/kibrisdakik.com\/?p=36362#primaryimage"},"thumbnailUrl":"https:\/\/kibrisdakik.com\/wp-content\/uploads\/2024\/03\/ctp-gazimagusada-yuruyus-duzenledi-1711806816.webp.webp","articleSection":["Ekonomi"],"inLanguage":"tr","potentialAction":[{"@type":"CommentAction","name":"Comment","target":["https:\/\/kibrisdakik.com\/?p=36362#respond"]}]},{"@type":"WebPage","@id":"https:\/\/kibrisdakik.com\/?p=36362","url":"https:\/\/kibrisdakik.com\/?p=36362","name":"CTP, Gazima\u011fusa&#039;da y\u00fcr\u00fcy\u00fc\u015f d\u00fczenledi -","isPartOf":{"@id":"https:\/\/kibrisdakik.com\/#website"},"primaryImageOfPage":{"@id":"https:\/\/kibrisdakik.com\/?p=36362#primaryimage"},"image":{"@id":"https:\/\/kibrisdakik.com\/?p=36362#primaryimage"},"thumbnailUrl":"https:\/\/kibrisdakik.com\/wp-content\/uploads\/2024\/03\/ctp-gazimagusada-yuruyus-duzenledi-1711806816.webp.webp","datePublished":"2024-03-30T14:18:19+00:00","author":{"@id":"https:\/\/kibrisdakik.com\/#\/schema\/person\/9cd9d437bbb44f72b73ba127e06d8e79"},"breadcrumb":{"@id":"https:\/\/kibrisdakik.com\/?p=36362#breadcrumb"},"inLanguage":"tr","potentialAction":[{"@type":"ReadAction","target":["https:\/\/kibrisdakik.com\/?p=36362"]}]},{"@type":"ImageObject","inLanguage":"tr","@id":"https:\/\/kibrisdakik.com\/?p=36362#primaryimage","url":"https:\/\/kibrisdakik.com\/wp-content\/uploads\/2024\/03\/ctp-gazimagusada-yuruyus-duzenledi-1711806816.webp.webp","contentUrl":"https:\/\/kibrisdakik.com\/wp-content\/uploads\/2024\/03\/ctp-gazimagusada-yuruyus-duzenledi-1711806816.webp.webp","width":710,"height":370},{"@type":"BreadcrumbList","@id":"https:\/\/kibrisdakik.com\/?p=36362#breadcrumb","itemListElement":[{"@type":"ListItem","position":1,"name":"Home","item":"https:\/\/kibrisdakik.com\/"},{"@type":"ListItem","position":2,"name":"CTP, Gazima\u011fusa&#039;da y\u00fcr\u00fcy\u00fc\u015f d\u00fczenledi"}]},{"@type":"WebSite","@id":"https:\/\/kibrisdakik.com\/#website","url":"https:\/\/kibrisdakik.com\/","name":"","description":"Tam vaktinde haber","potentialAction":[{"@type":"SearchAction","target":{"@type":"EntryPoint","urlTemplate":"https:\/\/kibrisdakik.com\/?s={search_term_string}"},"query-input":{"@type":"PropertyValueSpecification","valueRequired":true,"valueName":"search_term_string"}}],"inLanguage":"tr"},{"@type":"Person","@id":"https:\/\/kibrisdakik.com\/#\/schema\/person\/9cd9d437bbb44f72b73ba127e06d8e79","name":"admin","image":{"@type":"ImageObject","inLanguage":"tr","@id":"https:\/\/secure.gravatar.com\/avatar\/ccc17943b9d660506c869530f897617f7cb1c21a4bf30023f252596d83e1f007?s=96&d=mm&r=g","url":"https:\/\/secure.gravatar.com\/avatar\/ccc17943b9d660506c869530f897617f7cb1c21a4bf30023f252596d83e1f007?s=96&d=mm&r=g","contentUrl":"https:\/\/secure.gravatar.com\/avatar\/ccc17943b9d660506c869530f897617f7cb1c21a4bf30023f252596d83e1f007?s=96&d=mm&r=g","caption":"admin"},"sameAs":["https:\/\/kibrisdakik.com"],"url":"https:\/\/kibrisdakik.com\/?author=1"}]}},"_links":{"self":[{"href":"https:\/\/kibrisdakik.com\/index.php?rest_route=\/wp\/v2\/posts\/36362","targetHints":{"allow":["GET"]}}],"collection":[{"href":"https:\/\/kibrisdakik.com\/index.php?rest_route=\/wp\/v2\/posts"}],"about":[{"href":"https:\/\/kibrisdakik.com\/index.php?rest_route=\/wp\/v2\/types\/post"}],"author":[{"embeddable":true,"href":"https:\/\/kibrisdakik.com\/index.php?rest_route=\/wp\/v2\/users\/1"}],"replies":[{"embeddable":true,"href":"https:\/\/kibrisdakik.com\/index.php?rest_route=%2Fwp%2Fv2%2Fcomments&post=36362"}],"version-history":[{"count":0,"href":"https:\/\/kibrisdakik.com\/index.php?rest_route=\/wp\/v2\/posts\/36362\/revisions"}],"wp:featuredmedia":[{"embeddable":true,"href":"https:\/\/kibrisdakik.com\/index.php?rest_route=\/wp\/v2\/media\/36363"}],"wp:attachment":[{"href":"https:\/\/kibrisdakik.com\/index.php?rest_route=%2Fwp%2Fv2%2Fmedia&parent=36362"}],"wp:term":[{"taxonomy":"category","embeddable":true,"href":"https:\/\/kibrisdakik.com\/index.php?rest_route=%2Fwp%2Fv2%2Fcategories&post=36362"},{"taxonomy":"post_tag","embeddable":true,"href":"https:\/\/kibrisdakik.com\/index.php?rest_route=%2Fwp%2Fv2%2Ftags&post=36362"}],"curies":[{"name":"wp","href":"https:\/\/api.w.org\/{rel}","templated":true}]}}