{"id":36366,"date":"2024-03-30T15:02:01","date_gmt":"2024-03-30T15:02:01","guid":{"rendered":"https:\/\/kibrisdakik.com\/index.php\/2024\/03\/30\/kibrista-kalici-bolunmeyi-hedefleyen-yaklasimlara-karsi-mucadele-etmek-zorundayiz\/"},"modified":"2024-03-30T15:02:01","modified_gmt":"2024-03-30T15:02:01","slug":"kibrista-kalici-bolunmeyi-hedefleyen-yaklasimlara-karsi-mucadele-etmek-zorundayiz","status":"publish","type":"post","link":"https:\/\/kibrisdakik.com\/?p=36366","title":{"rendered":"\u201cK\u0131br\u0131s\u2019ta kal\u0131c\u0131 b\u00f6l\u00fcnmeyi hedefleyen yakla\u015f\u0131mlara kar\u015f\u0131 m\u00fccadele etmek zorunday\u0131z\u201d"},"content":{"rendered":"<p><img decoding=\"async\" src=\"https:\/\/www.kibristurk.com\/images\/haberler\/2024\/03\/kibrista-kalici-bolunmeyi-hedefleyen-yaklasimlara-karsi-mucadele-etmek-zorundayiz-1711806670.webp\" \/><\/p>\n<p style=\"text-align:left\"><span style=\"font-size:16px\"><span style=\"font-family:Merriweather,serif !important\"><span style=\"color:#000000\"><span style=\"background-color:#ffffff\">Cumhuriyet\u00e7i T\u00fcrk Partisi (CTP) Gen\u00e7lik \u00d6rg\u00fct\u00fc Girne \u0130l\u00e7esi 24\u2019\u00fcnc\u00fc Ola\u011fan Kongresi d\u00fcn ak\u015fam Girne \u0130l\u00e7e Binas\u0131nda yap\u0131ld\u0131. As\u0131m Akansoy\u2019un da konu\u015fma yapt\u0131\u011f\u0131 kongrede CTP Gen\u00e7lik \u00d6rg\u00fct\u00fc Girne \u0130l\u00e7e Ba\u015fkanl\u0131\u011f\u0131na D\u00fcnay La\u00e7in Soyal se\u00e7ildi.<\/span><\/span><\/span><\/span><\/p>\n<p style=\"text-align:left\"><span style=\"font-size:16px\"><span style=\"font-family:Merriweather,serif !important\"><span style=\"color:#000000\"><span style=\"background-color:#ffffff\">CTP\u2019den yap\u0131lan a\u00e7\u0131klamaya g\u00f6re, kongreye, CTP Genel Sekreteri As\u0131m Akansoy, Girne \u0130l\u00e7e Ba\u015fkan\u0131, Milletvekili Ongun Talat, milletvekilleri Fikri Toros, Ceyhun Birinci, \u00dcr\u00fcn Solyal\u0131, S\u0131la Usar \u0130ncirli, Fazilet \u00d6zdenefe, Girne Belediye Ba\u015fkan\u0131 Murat \u015eenkul ile \u00e7ok say\u0131da parti yetkilisi ve gen\u00e7 \u00fcyenin kat\u0131ld\u0131.<\/span><\/span><\/span><\/span><\/p>\n<p style=\"text-align:left\"><span style=\"font-size:16px\"><span style=\"font-family:Merriweather,serif !important\"><span style=\"color:#000000\"><span style=\"background-color:#ffffff\">-Akansoy: \u201c\u00c7\u00fcr\u00fcm\u00fc\u015fl\u00fc\u011f\u00fcn \u00fcstesinden gelebilmek i\u00e7in.. \u201c<\/span><\/span><\/span><\/span><\/p>\n<p style=\"text-align:left\"><span style=\"font-size:16px\"><span style=\"font-family:Merriweather,serif !important\"><span style=\"color:#000000\"><span style=\"background-color:#ffffff\">Kongrede gen\u00e7lere hitap eden CTP Genel Sekreteri As\u0131m Akansoy, CTP\u2019lilerin menfaat u\u011fruna de\u011fil birle\u015fik K\u0131br\u0131s idealinde partide \u00f6rg\u00fctlendiklerine dikkat \u00e7ekerek, \u201cYol g\u00f6stericimiz, Anayasam\u0131z parti t\u00fcz\u00fc\u011f\u00fcm\u00fczd\u00fcr\u201d vurgusu yapt\u0131. Akansoy, federasyona olan \u00fcmitlerin yok edilmeye \u00e7al\u0131\u015f\u0131ld\u0131\u011f\u0131na i\u015faret etti\u011fi konu\u015fmas\u0131nda, K\u0131br\u0131s\u2019ta tek ger\u00e7ek\u00e7i \u00e7\u00f6z\u00fcm\u00fcn federasyon oldu\u011funu bilerek, K\u0131br\u0131sl\u0131 T\u00fcrklerin hak ve \u00e7\u0131karlar\u0131 do\u011frultusunda yollar\u0131ndan sapmadan m\u00fccadeleye devam ettiklerinin alt\u0131n\u0131 \u00e7izdi. &nbsp;<\/span><\/span><\/span><\/span><\/p>\n<p style=\"text-align:left\"><span style=\"font-size:16px\"><span style=\"font-family:Merriweather,serif !important\"><span style=\"color:#000000\"><span style=\"background-color:#ffffff\">Akansoy, \u201cK\u0131br\u0131s\u2019ta kal\u0131c\u0131 b\u00f6l\u00fcnmeyi hedefleyen yakla\u015f\u0131mlara kar\u015f\u0131 onurlu bir \u015fekilde m\u00fccadeleye devam etmek zorunday\u0131z\u201d dedi.<\/span><\/span><\/span><\/span><\/p>\n<p style=\"text-align:left\"><span style=\"font-size:16px\"><span style=\"font-family:Merriweather,serif !important\"><span style=\"color:#000000\"><span style=\"background-color:#ffffff\">\u00c7\u00fcr\u00fcm\u00fc\u015fl\u00fc\u011f\u00fcn \u00fcstesinden gelebilmek i\u00e7in parti \u00f6rg\u00fctleriyle birlikte sa\u011fduyulu bir \u015fekilde davranmalar\u0131 gerekti\u011fine i\u015faret eden Akansoy, \u015f\u00f6yle devam etti:<\/span><\/span><\/span><\/span><\/p>\n<p style=\"text-align:left\"><span style=\"font-size:16px\"><span style=\"font-family:Merriweather,serif !important\"><span style=\"color:#000000\"><span style=\"background-color:#ffffff\">\u201cCTP de\u011fi\u015fim ve d\u00f6n\u00fc\u015f\u00fcm\u00fc muhalefette de yapacak, belediyelerde de yapacak, milletvekilleri olarak Meclis\u2019te de yapaca\u011f\u0131z, h\u00fck\u00fcmete geldi\u011fimizde de yapaca\u011f\u0131z. \u00d6n\u00fcm\u00fczdeki s\u00fcre\u00e7 K\u0131br\u0131s sorununda geli\u015fmelere a\u00e7\u0131kt\u0131r. K\u0131br\u0131s\u2019ta kal\u0131c\u0131 b\u00f6l\u00fcnmeyi hedefleyen yakla\u015f\u0131mlar konu\u015fulmaktad\u0131r. K\u0131br\u0131s adas\u0131n\u0131 b\u00f6lme ve K\u0131br\u0131sl\u0131 T\u00fcrkleri K\u0131br\u0131s\u2019\u0131n kuzeyine hapsetmek d\u00fc\u015f\u00fcncesi bug\u00fcn konu\u015fulmaktad\u0131r. Ama biz buna kar\u015f\u0131 diren\u00e7li durmak zorunday\u0131z, kendimizi geli\u015ftirmek, e\u011fitmek zorunday\u0131z.\u201d<\/span><\/span><\/span><\/span><\/p>\n<p style=\"text-align:left\"><span style=\"font-size:16px\"><span style=\"font-family:Merriweather,serif !important\"><span style=\"color:#000000\"><span style=\"background-color:#ffffff\">-Talat: \u201cUmudu korumaya ihtiyac\u0131m\u0131z var\u201d<\/span><\/span><\/span><\/span><\/p>\n<p style=\"text-align:left\"><span style=\"font-size:16px\"><span style=\"font-family:Merriweather,serif !important\"><span style=\"color:#000000\"><span style=\"background-color:#ffffff\">CTP Girne \u0130l\u00e7e Ba\u015fkan\u0131 Ongun Talat ise kongrede yapt\u0131\u011f\u0131 konu\u015fmada, Gen\u00e7lik \u00d6rg\u00fct\u00fc\u2019n\u00fcn parti i\u00e7inde \u00e7ok \u00f6zel bir yeri oldu\u011funu vurgulad\u0131. \u00d6rg\u00fct\u00fcn bir aile gibi m\u00fccadele etti\u011finin alt\u0131n\u0131 \u00e7izen Talat, \u201cEtraf\u0131m\u0131z\u0131 saran \u00e7\u00fcr\u00fcm\u00fc\u015fl\u00fck ve yozla\u015fmayla ancak \u00f6rg\u00fctl\u00fc m\u00fccadeleyle ba\u015fa \u00e7\u0131kabiliriz. En b\u00fcy\u00fck g\u00fcc\u00fcm\u00fcz \u00f6rg\u00fct\u00fcm\u00fczd\u00fcr\u201d dedi. Umudun korunmas\u0131na ihtiya\u00e7 duyuldu\u011funu dile getiren Talat, bunun da ancak \u00e7ok \u00e7al\u0131\u015farak elde edilebilece\u011fini kaydetti.<\/span><\/span><\/span><\/span><\/p>\n<p style=\"text-align:left\"><span style=\"font-size:16px\"><span style=\"font-family:Merriweather,serif !important\"><span style=\"color:#000000\"><span style=\"background-color:#ffffff\">CTP Gen\u00e7lik \u00d6rg\u00fct\u00fc Ba\u015fkan\u0131 \u00c7ise Mevlit de, \u00fclkenin i\u00e7inde bulundu\u011fu umutsuzluk r\u00fczgar\u0131 nedeniyle gen\u00e7lerin her g\u00fcn g\u00f6\u00e7 yollar\u0131na d\u00fc\u015ft\u00fc\u011f\u00fcne i\u015faret etti\u011fi konu\u015fmas\u0131nda, K\u0131br\u0131sl\u0131 T\u00fcrk gen\u00e7lerin e\u011fitim hayatlar\u0131nda kendilerini geli\u015ftirmek i\u00e7in verdi\u011fi emekleri hi\u00e7e sayanlar\u0131n gitme vaktinin geldi\u011fini vurgulad\u0131.<\/span><\/span><\/span><\/span><\/p>\n<p style=\"text-align:left\"><span style=\"font-size:16px\"><span style=\"font-family:Merriweather,serif !important\"><span style=\"color:#000000\"><span style=\"background-color:#ffffff\">G\u00f6revi devreden CTP Gen\u00e7lik \u00d6rg\u00fct\u00fc Girne \u0130l\u00e7e Ba\u015fkan Mustafa Sipahi ise K\u0131br\u0131sl\u0131 T\u00fcrk gen\u00e7lerin geleceklerinin ancak federal bir K\u0131br\u0131s\u2019ta oldu\u011funu vurgulayarak, CTP\u2019nin bu yolda g\u00fc\u00e7lenerek y\u00fcr\u00fcmeye devam etti\u011fini belirtti. CTP Gen\u00e7lik \u00d6rg\u00fct\u00fc Girne \u0130l\u00e7esinin yeni ba\u015fkan\u0131 D\u00fcnay La\u00e7in Soyal da, kad\u0131nlar\u0131n \u00e7o\u011funlukta oldu\u011fu bir y\u00f6netim olu\u015fturduklar\u0131na dikkat \u00e7ekerek \u201cKad\u0131nlar\u0131n g\u00fcc\u00fc ve liderlik kabiliyeti, toplumumuzun her alan\u0131nda daha fazla temsil edilmeyi hak ediyor\u201d dedi.<\/span><\/span><\/span><\/span><\/p>\n<p style=\"text-align:left\"><span style=\"font-size:16px\"><span style=\"font-family:Merriweather,serif !important\"><span style=\"color:#000000\"><span style=\"background-color:#ffffff\">Konu\u015fmalar\u0131n ard\u0131ndan, 23. D\u00f6nem faaliyet raporu \u00fcyelerin onay\u0131na sunuldu. Sunu\u015f i\u015fleminin ard\u0131ndan ise CTP Gen\u00e7lik \u00d6rg\u00fct\u00fc Girne \u0130l\u00e7e Y\u00f6netim Kurulu se\u00e7imine ge\u00e7ildi. Kongrede g\u00f6reve getirilen y\u00f6netim kurulu \u00fcyeleri \u015fu isimlerden olu\u015ftu: Aysel Amir, Bahar \u00c7a\u011fan Okumu\u015f, Berk Ortun\u00e7, \u00c7isem \u00d6zata, Deniz Bar\u0131\u015f Miralay, Devrim Ayae\u015f, Nihat \u00d6zt\u00fcmen, Zalihe Yaradanakul.<\/span><\/span><\/span><\/span><\/p>\n","protected":false},"excerpt":{"rendered":"<p>Cumhuriyet\u00e7i T\u00fcrk Partisi (CTP) Gen\u00e7lik \u00d6rg\u00fct\u00fc Girne \u0130l\u00e7esi 24\u2019\u00fcnc\u00fc Ola\u011fan Kongresi d\u00fcn ak\u015fam Girne \u0130l\u00e7e Binas\u0131nda yap\u0131ld\u0131. As\u0131m Akansoy\u2019un da konu\u015fma yapt\u0131\u011f\u0131 kongrede CTP Gen\u00e7lik \u00d6rg\u00fct\u00fc Girne \u0130l\u00e7e Ba\u015fkanl\u0131\u011f\u0131na D\u00fcnay La\u00e7in Soyal se\u00e7ildi. CTP\u2019den yap\u0131lan a\u00e7\u0131klamaya g\u00f6re, kongreye, CTP Genel Sekreteri As\u0131m Akansoy, Girne \u0130l\u00e7e Ba\u015fkan\u0131, Milletvekili Ongun Talat, milletvekilleri Fikri Toros, Ceyhun Birinci, \u00dcr\u00fcn<\/p>\n","protected":false},"author":1,"featured_media":36367,"comment_status":"open","ping_status":"open","sticky":false,"template":"","format":"standard","meta":{"footnotes":""},"categories":[85],"tags":[],"class_list":["post-36366","post","type-post","status-publish","format-standard","has-post-thumbnail","hentry","category-spor"],"yoast_head":"<!-- This site is optimized with the Yoast SEO plugin v27.5 - https:\/\/yoast.com\/product\/yoast-seo-wordpress\/ -->\n<title>\u201cK\u0131br\u0131s\u2019ta kal\u0131c\u0131 b\u00f6l\u00fcnmeyi hedefleyen yakla\u015f\u0131mlara kar\u015f\u0131 m\u00fccadele etmek zorunday\u0131z\u201d -<\/title>\n<meta name=\"robots\" content=\"index, follow, max-snippet:-1, max-image-preview:large, max-video-preview:-1\" \/>\n<link rel=\"canonical\" href=\"https:\/\/kibrisdakik.com\/?p=36366\" \/>\n<meta property=\"og:locale\" content=\"tr_TR\" \/>\n<meta property=\"og:type\" content=\"article\" \/>\n<meta property=\"og:title\" content=\"\u201cK\u0131br\u0131s\u2019ta kal\u0131c\u0131 b\u00f6l\u00fcnmeyi hedefleyen yakla\u015f\u0131mlara kar\u015f\u0131 m\u00fccadele etmek zorunday\u0131z\u201d -\" \/>\n<meta property=\"og:description\" content=\"Cumhuriyet\u00e7i T\u00fcrk Partisi (CTP) Gen\u00e7lik \u00d6rg\u00fct\u00fc Girne \u0130l\u00e7esi 24\u2019\u00fcnc\u00fc Ola\u011fan Kongresi d\u00fcn ak\u015fam Girne \u0130l\u00e7e Binas\u0131nda yap\u0131ld\u0131. As\u0131m Akansoy\u2019un da konu\u015fma yapt\u0131\u011f\u0131 kongrede CTP Gen\u00e7lik \u00d6rg\u00fct\u00fc Girne \u0130l\u00e7e Ba\u015fkanl\u0131\u011f\u0131na D\u00fcnay La\u00e7in Soyal se\u00e7ildi. CTP\u2019den yap\u0131lan a\u00e7\u0131klamaya g\u00f6re, kongreye, CTP Genel Sekreteri As\u0131m Akansoy, Girne \u0130l\u00e7e Ba\u015fkan\u0131, Milletvekili Ongun Talat, milletvekilleri Fikri Toros, Ceyhun Birinci, \u00dcr\u00fcn\" \/>\n<meta property=\"og:url\" content=\"https:\/\/kibrisdakik.com\/?p=36366\" \/>\n<meta property=\"article:published_time\" content=\"2024-03-30T15:02:01+00:00\" \/>\n<meta property=\"og:image\" content=\"https:\/\/kibrisdakik.com\/wp-content\/uploads\/2024\/03\/kibrista-kalici-bolunmeyi-hedefleyen-yaklasimlara-karsi-mucadele-etmek-zorundayiz-1711806670.webp.webp\" \/>\n\t<meta property=\"og:image:width\" content=\"710\" \/>\n\t<meta property=\"og:image:height\" content=\"370\" \/>\n\t<meta property=\"og:image:type\" content=\"image\/webp\" \/>\n<meta name=\"author\" content=\"admin\" \/>\n<meta name=\"twitter:card\" content=\"summary_large_image\" \/>\n<meta name=\"twitter:label1\" content=\"Yazan:\" \/>\n\t<meta name=\"twitter:data1\" content=\"admin\" \/>\n\t<meta name=\"twitter:label2\" content=\"Tahmini okuma s\u00fcresi\" \/>\n\t<meta name=\"twitter:data2\" content=\"3 dakika\" \/>\n<script type=\"application\/ld+json\" class=\"yoast-schema-graph\">{\"@context\":\"https:\\\/\\\/schema.org\",\"@graph\":[{\"@type\":\"Article\",\"@id\":\"https:\\\/\\\/kibrisdakik.com\\\/?p=36366#article\",\"isPartOf\":{\"@id\":\"https:\\\/\\\/kibrisdakik.com\\\/?p=36366\"},\"author\":{\"name\":\"admin\",\"@id\":\"https:\\\/\\\/kibrisdakik.com\\\/#\\\/schema\\\/person\\\/9cd9d437bbb44f72b73ba127e06d8e79\"},\"headline\":\"\u201cK\u0131br\u0131s\u2019ta kal\u0131c\u0131 b\u00f6l\u00fcnmeyi hedefleyen yakla\u015f\u0131mlara kar\u015f\u0131 m\u00fccadele etmek zorunday\u0131z\u201d\",\"datePublished\":\"2024-03-30T15:02:01+00:00\",\"mainEntityOfPage\":{\"@id\":\"https:\\\/\\\/kibrisdakik.com\\\/?p=36366\"},\"wordCount\":711,\"commentCount\":0,\"image\":{\"@id\":\"https:\\\/\\\/kibrisdakik.com\\\/?p=36366#primaryimage\"},\"thumbnailUrl\":\"https:\\\/\\\/kibrisdakik.com\\\/wp-content\\\/uploads\\\/2024\\\/03\\\/kibrista-kalici-bolunmeyi-hedefleyen-yaklasimlara-karsi-mucadele-etmek-zorundayiz-1711806670.webp.webp\",\"articleSection\":[\"Spor\"],\"inLanguage\":\"tr\",\"potentialAction\":[{\"@type\":\"CommentAction\",\"name\":\"Comment\",\"target\":[\"https:\\\/\\\/kibrisdakik.com\\\/?p=36366#respond\"]}]},{\"@type\":\"WebPage\",\"@id\":\"https:\\\/\\\/kibrisdakik.com\\\/?p=36366\",\"url\":\"https:\\\/\\\/kibrisdakik.com\\\/?p=36366\",\"name\":\"\u201cK\u0131br\u0131s\u2019ta kal\u0131c\u0131 b\u00f6l\u00fcnmeyi hedefleyen yakla\u015f\u0131mlara kar\u015f\u0131 m\u00fccadele etmek zorunday\u0131z\u201d -\",\"isPartOf\":{\"@id\":\"https:\\\/\\\/kibrisdakik.com\\\/#website\"},\"primaryImageOfPage\":{\"@id\":\"https:\\\/\\\/kibrisdakik.com\\\/?p=36366#primaryimage\"},\"image\":{\"@id\":\"https:\\\/\\\/kibrisdakik.com\\\/?p=36366#primaryimage\"},\"thumbnailUrl\":\"https:\\\/\\\/kibrisdakik.com\\\/wp-content\\\/uploads\\\/2024\\\/03\\\/kibrista-kalici-bolunmeyi-hedefleyen-yaklasimlara-karsi-mucadele-etmek-zorundayiz-1711806670.webp.webp\",\"datePublished\":\"2024-03-30T15:02:01+00:00\",\"author\":{\"@id\":\"https:\\\/\\\/kibrisdakik.com\\\/#\\\/schema\\\/person\\\/9cd9d437bbb44f72b73ba127e06d8e79\"},\"breadcrumb\":{\"@id\":\"https:\\\/\\\/kibrisdakik.com\\\/?p=36366#breadcrumb\"},\"inLanguage\":\"tr\",\"potentialAction\":[{\"@type\":\"ReadAction\",\"target\":[\"https:\\\/\\\/kibrisdakik.com\\\/?p=36366\"]}]},{\"@type\":\"ImageObject\",\"inLanguage\":\"tr\",\"@id\":\"https:\\\/\\\/kibrisdakik.com\\\/?p=36366#primaryimage\",\"url\":\"https:\\\/\\\/kibrisdakik.com\\\/wp-content\\\/uploads\\\/2024\\\/03\\\/kibrista-kalici-bolunmeyi-hedefleyen-yaklasimlara-karsi-mucadele-etmek-zorundayiz-1711806670.webp.webp\",\"contentUrl\":\"https:\\\/\\\/kibrisdakik.com\\\/wp-content\\\/uploads\\\/2024\\\/03\\\/kibrista-kalici-bolunmeyi-hedefleyen-yaklasimlara-karsi-mucadele-etmek-zorundayiz-1711806670.webp.webp\",\"width\":710,\"height\":370},{\"@type\":\"BreadcrumbList\",\"@id\":\"https:\\\/\\\/kibrisdakik.com\\\/?p=36366#breadcrumb\",\"itemListElement\":[{\"@type\":\"ListItem\",\"position\":1,\"name\":\"Home\",\"item\":\"https:\\\/\\\/kibrisdakik.com\\\/\"},{\"@type\":\"ListItem\",\"position\":2,\"name\":\"\u201cK\u0131br\u0131s\u2019ta kal\u0131c\u0131 b\u00f6l\u00fcnmeyi hedefleyen yakla\u015f\u0131mlara kar\u015f\u0131 m\u00fccadele etmek zorunday\u0131z\u201d\"}]},{\"@type\":\"WebSite\",\"@id\":\"https:\\\/\\\/kibrisdakik.com\\\/#website\",\"url\":\"https:\\\/\\\/kibrisdakik.com\\\/\",\"name\":\"\",\"description\":\"Tam vaktinde haber\",\"potentialAction\":[{\"@type\":\"SearchAction\",\"target\":{\"@type\":\"EntryPoint\",\"urlTemplate\":\"https:\\\/\\\/kibrisdakik.com\\\/?s={search_term_string}\"},\"query-input\":{\"@type\":\"PropertyValueSpecification\",\"valueRequired\":true,\"valueName\":\"search_term_string\"}}],\"inLanguage\":\"tr\"},{\"@type\":\"Person\",\"@id\":\"https:\\\/\\\/kibrisdakik.com\\\/#\\\/schema\\\/person\\\/9cd9d437bbb44f72b73ba127e06d8e79\",\"name\":\"admin\",\"image\":{\"@type\":\"ImageObject\",\"inLanguage\":\"tr\",\"@id\":\"https:\\\/\\\/secure.gravatar.com\\\/avatar\\\/ccc17943b9d660506c869530f897617f7cb1c21a4bf30023f252596d83e1f007?s=96&d=mm&r=g\",\"url\":\"https:\\\/\\\/secure.gravatar.com\\\/avatar\\\/ccc17943b9d660506c869530f897617f7cb1c21a4bf30023f252596d83e1f007?s=96&d=mm&r=g\",\"contentUrl\":\"https:\\\/\\\/secure.gravatar.com\\\/avatar\\\/ccc17943b9d660506c869530f897617f7cb1c21a4bf30023f252596d83e1f007?s=96&d=mm&r=g\",\"caption\":\"admin\"},\"sameAs\":[\"https:\\\/\\\/kibrisdakik.com\"],\"url\":\"https:\\\/\\\/kibrisdakik.com\\\/?author=1\"}]}<\/script>\n<!-- \/ Yoast SEO plugin. -->","yoast_head_json":{"title":"\u201cK\u0131br\u0131s\u2019ta kal\u0131c\u0131 b\u00f6l\u00fcnmeyi hedefleyen yakla\u015f\u0131mlara kar\u015f\u0131 m\u00fccadele etmek zorunday\u0131z\u201d -","robots":{"index":"index","follow":"follow","max-snippet":"max-snippet:-1","max-image-preview":"max-image-preview:large","max-video-preview":"max-video-preview:-1"},"canonical":"https:\/\/kibrisdakik.com\/?p=36366","og_locale":"tr_TR","og_type":"article","og_title":"\u201cK\u0131br\u0131s\u2019ta kal\u0131c\u0131 b\u00f6l\u00fcnmeyi hedefleyen yakla\u015f\u0131mlara kar\u015f\u0131 m\u00fccadele etmek zorunday\u0131z\u201d -","og_description":"Cumhuriyet\u00e7i T\u00fcrk Partisi (CTP) Gen\u00e7lik \u00d6rg\u00fct\u00fc Girne \u0130l\u00e7esi 24\u2019\u00fcnc\u00fc Ola\u011fan Kongresi d\u00fcn ak\u015fam Girne \u0130l\u00e7e Binas\u0131nda yap\u0131ld\u0131. As\u0131m Akansoy\u2019un da konu\u015fma yapt\u0131\u011f\u0131 kongrede CTP Gen\u00e7lik \u00d6rg\u00fct\u00fc Girne \u0130l\u00e7e Ba\u015fkanl\u0131\u011f\u0131na D\u00fcnay La\u00e7in Soyal se\u00e7ildi. CTP\u2019den yap\u0131lan a\u00e7\u0131klamaya g\u00f6re, kongreye, CTP Genel Sekreteri As\u0131m Akansoy, Girne \u0130l\u00e7e Ba\u015fkan\u0131, Milletvekili Ongun Talat, milletvekilleri Fikri Toros, Ceyhun Birinci, \u00dcr\u00fcn","og_url":"https:\/\/kibrisdakik.com\/?p=36366","article_published_time":"2024-03-30T15:02:01+00:00","og_image":[{"width":710,"height":370,"url":"https:\/\/kibrisdakik.com\/wp-content\/uploads\/2024\/03\/kibrista-kalici-bolunmeyi-hedefleyen-yaklasimlara-karsi-mucadele-etmek-zorundayiz-1711806670.webp.webp","type":"image\/webp"}],"author":"admin","twitter_card":"summary_large_image","twitter_misc":{"Yazan:":"admin","Tahmini okuma s\u00fcresi":"3 dakika"},"schema":{"@context":"https:\/\/schema.org","@graph":[{"@type":"Article","@id":"https:\/\/kibrisdakik.com\/?p=36366#article","isPartOf":{"@id":"https:\/\/kibrisdakik.com\/?p=36366"},"author":{"name":"admin","@id":"https:\/\/kibrisdakik.com\/#\/schema\/person\/9cd9d437bbb44f72b73ba127e06d8e79"},"headline":"\u201cK\u0131br\u0131s\u2019ta kal\u0131c\u0131 b\u00f6l\u00fcnmeyi hedefleyen yakla\u015f\u0131mlara kar\u015f\u0131 m\u00fccadele etmek zorunday\u0131z\u201d","datePublished":"2024-03-30T15:02:01+00:00","mainEntityOfPage":{"@id":"https:\/\/kibrisdakik.com\/?p=36366"},"wordCount":711,"commentCount":0,"image":{"@id":"https:\/\/kibrisdakik.com\/?p=36366#primaryimage"},"thumbnailUrl":"https:\/\/kibrisdakik.com\/wp-content\/uploads\/2024\/03\/kibrista-kalici-bolunmeyi-hedefleyen-yaklasimlara-karsi-mucadele-etmek-zorundayiz-1711806670.webp.webp","articleSection":["Spor"],"inLanguage":"tr","potentialAction":[{"@type":"CommentAction","name":"Comment","target":["https:\/\/kibrisdakik.com\/?p=36366#respond"]}]},{"@type":"WebPage","@id":"https:\/\/kibrisdakik.com\/?p=36366","url":"https:\/\/kibrisdakik.com\/?p=36366","name":"\u201cK\u0131br\u0131s\u2019ta kal\u0131c\u0131 b\u00f6l\u00fcnmeyi hedefleyen yakla\u015f\u0131mlara kar\u015f\u0131 m\u00fccadele etmek zorunday\u0131z\u201d -","isPartOf":{"@id":"https:\/\/kibrisdakik.com\/#website"},"primaryImageOfPage":{"@id":"https:\/\/kibrisdakik.com\/?p=36366#primaryimage"},"image":{"@id":"https:\/\/kibrisdakik.com\/?p=36366#primaryimage"},"thumbnailUrl":"https:\/\/kibrisdakik.com\/wp-content\/uploads\/2024\/03\/kibrista-kalici-bolunmeyi-hedefleyen-yaklasimlara-karsi-mucadele-etmek-zorundayiz-1711806670.webp.webp","datePublished":"2024-03-30T15:02:01+00:00","author":{"@id":"https:\/\/kibrisdakik.com\/#\/schema\/person\/9cd9d437bbb44f72b73ba127e06d8e79"},"breadcrumb":{"@id":"https:\/\/kibrisdakik.com\/?p=36366#breadcrumb"},"inLanguage":"tr","potentialAction":[{"@type":"ReadAction","target":["https:\/\/kibrisdakik.com\/?p=36366"]}]},{"@type":"ImageObject","inLanguage":"tr","@id":"https:\/\/kibrisdakik.com\/?p=36366#primaryimage","url":"https:\/\/kibrisdakik.com\/wp-content\/uploads\/2024\/03\/kibrista-kalici-bolunmeyi-hedefleyen-yaklasimlara-karsi-mucadele-etmek-zorundayiz-1711806670.webp.webp","contentUrl":"https:\/\/kibrisdakik.com\/wp-content\/uploads\/2024\/03\/kibrista-kalici-bolunmeyi-hedefleyen-yaklasimlara-karsi-mucadele-etmek-zorundayiz-1711806670.webp.webp","width":710,"height":370},{"@type":"BreadcrumbList","@id":"https:\/\/kibrisdakik.com\/?p=36366#breadcrumb","itemListElement":[{"@type":"ListItem","position":1,"name":"Home","item":"https:\/\/kibrisdakik.com\/"},{"@type":"ListItem","position":2,"name":"\u201cK\u0131br\u0131s\u2019ta kal\u0131c\u0131 b\u00f6l\u00fcnmeyi hedefleyen yakla\u015f\u0131mlara kar\u015f\u0131 m\u00fccadele etmek zorunday\u0131z\u201d"}]},{"@type":"WebSite","@id":"https:\/\/kibrisdakik.com\/#website","url":"https:\/\/kibrisdakik.com\/","name":"","description":"Tam vaktinde haber","potentialAction":[{"@type":"SearchAction","target":{"@type":"EntryPoint","urlTemplate":"https:\/\/kibrisdakik.com\/?s={search_term_string}"},"query-input":{"@type":"PropertyValueSpecification","valueRequired":true,"valueName":"search_term_string"}}],"inLanguage":"tr"},{"@type":"Person","@id":"https:\/\/kibrisdakik.com\/#\/schema\/person\/9cd9d437bbb44f72b73ba127e06d8e79","name":"admin","image":{"@type":"ImageObject","inLanguage":"tr","@id":"https:\/\/secure.gravatar.com\/avatar\/ccc17943b9d660506c869530f897617f7cb1c21a4bf30023f252596d83e1f007?s=96&d=mm&r=g","url":"https:\/\/secure.gravatar.com\/avatar\/ccc17943b9d660506c869530f897617f7cb1c21a4bf30023f252596d83e1f007?s=96&d=mm&r=g","contentUrl":"https:\/\/secure.gravatar.com\/avatar\/ccc17943b9d660506c869530f897617f7cb1c21a4bf30023f252596d83e1f007?s=96&d=mm&r=g","caption":"admin"},"sameAs":["https:\/\/kibrisdakik.com"],"url":"https:\/\/kibrisdakik.com\/?author=1"}]}},"_links":{"self":[{"href":"https:\/\/kibrisdakik.com\/index.php?rest_route=\/wp\/v2\/posts\/36366","targetHints":{"allow":["GET"]}}],"collection":[{"href":"https:\/\/kibrisdakik.com\/index.php?rest_route=\/wp\/v2\/posts"}],"about":[{"href":"https:\/\/kibrisdakik.com\/index.php?rest_route=\/wp\/v2\/types\/post"}],"author":[{"embeddable":true,"href":"https:\/\/kibrisdakik.com\/index.php?rest_route=\/wp\/v2\/users\/1"}],"replies":[{"embeddable":true,"href":"https:\/\/kibrisdakik.com\/index.php?rest_route=%2Fwp%2Fv2%2Fcomments&post=36366"}],"version-history":[{"count":0,"href":"https:\/\/kibrisdakik.com\/index.php?rest_route=\/wp\/v2\/posts\/36366\/revisions"}],"wp:featuredmedia":[{"embeddable":true,"href":"https:\/\/kibrisdakik.com\/index.php?rest_route=\/wp\/v2\/media\/36367"}],"wp:attachment":[{"href":"https:\/\/kibrisdakik.com\/index.php?rest_route=%2Fwp%2Fv2%2Fmedia&parent=36366"}],"wp:term":[{"taxonomy":"category","embeddable":true,"href":"https:\/\/kibrisdakik.com\/index.php?rest_route=%2Fwp%2Fv2%2Fcategories&post=36366"},{"taxonomy":"post_tag","embeddable":true,"href":"https:\/\/kibrisdakik.com\/index.php?rest_route=%2Fwp%2Fv2%2Ftags&post=36366"}],"curies":[{"name":"wp","href":"https:\/\/api.w.org\/{rel}","templated":true}]}}