{"id":3646,"date":"2023-03-20T11:32:06","date_gmt":"2023-03-20T11:32:06","guid":{"rendered":"https:\/\/kibrisdakik.com\/index.php\/2023\/03\/20\/zerrin-ustel-ve-ubp-kadin-kollarihaftasi-nedeniyle-lapta-huzurevini-ziyaret-etti\/"},"modified":"2023-03-20T11:32:06","modified_gmt":"2023-03-20T11:32:06","slug":"zerrin-ustel-ve-ubp-kadin-kollarihaftasi-nedeniyle-lapta-huzurevini-ziyaret-etti","status":"publish","type":"post","link":"https:\/\/kibrisdakik.com\/?p=3646","title":{"rendered":"Zerrin \u00dcstel ve UBP Kad\u0131n Kollar\u0131,Haftas\u0131 nedeniyle  Lapta Huzurevi\u2019ni  ziyaret etti"},"content":{"rendered":"<p><\/p>\n<div>\n<div class=\"mariselle-image-container center\">\n                <img width=\"2560\" height=\"1438\" class=\"lazy-image\" alt=\"\" decoding=\"async\" loading=\"lazy\" sizes=\"auto, (max-width: 2560px) 100vw, 2560px\" src=\"https:\/\/brtk.net\/wp-content\/uploads\/2023\/03\/20\/lpt-1-scaled.jpg?ver=3fbc023c9a927b77ba41f7fcebafa059\" srcset=\"https:\/\/brtk.net\/wp-content\/uploads\/2023\/03\/20\/lpt-1-scaled.jpg?ver=3fbc023c9a927b77ba41f7fcebafa059 2560w, https:\/\/brtk.net\/wp-content\/uploads\/2023\/03\/20\/lpt-1-300x169.jpg?ver=3fbc023c9a927b77ba41f7fcebafa059 300w, https:\/\/brtk.net\/wp-content\/uploads\/2023\/03\/20\/lpt-1-1024x575.jpg?ver=3fbc023c9a927b77ba41f7fcebafa059 1024w, https:\/\/brtk.net\/wp-content\/uploads\/2023\/03\/20\/lpt-1-768x431.jpg?ver=3f4d8bdc8547a2320ef08951bacfc9f5 768w, https:\/\/brtk.net\/wp-content\/uploads\/2023\/03\/20\/lpt-1-1536x863.jpg?ver=624ac9fc28102eadfb4f0cb07d69eae7 1536w, https:\/\/brtk.net\/wp-content\/uploads\/2023\/03\/20\/lpt-1-2048x1150.jpg?ver=310e914fc38ea8648b8608ca889b13a3 2048w\"\/>                            <\/div>\n<p>Ba\u015fbakan \u00dcnal \u00dcstel\u2019in e\u015fi Zerrin \u00dcstel ve <a href=\"https:\/\/brtk.net\/\"\/><a href=\"https:\/\/brtk.net\/\"\/><a href=\"https:\/\/brtk.net\/\"\/><a href=\"https:\/\/brtk.net\/\"\/><a href=\"https:\/\/brtk.net\/\">UBP<\/a> Kad\u0131n Kollar\u0131 , 18-24 Mart Ya\u015fl\u0131lar Haftas\u0131 nedeniyle Lapta Huzurevi\u2019ni ziyaret etti.<\/p>\n<p>Ziyarette Zerrin \u00dcstel\u2019e, Lapta , Alsancak \u00c7aml\u0131bel Belediye Ba\u015fkan\u0131 F\u0131rat Ataser, Sosyal Hizmetler Dairesi M\u00fcd\u00fcr\u00fc Meray D\u00fcr\u00fcst, <a href=\"https:\/\/brtk.net\/\"\/><a href=\"https:\/\/brtk.net\/\"\/><a href=\"https:\/\/brtk.net\/\"\/><a href=\"https:\/\/brtk.net\/\"\/><a href=\"https:\/\/brtk.net\/\">UBP<\/a> \u2018nin 6 \u0130l\u00e7e \u00d6rg\u00fct\u00fcn\u00fcn Kad\u0131n Kollar\u0131 Ba\u015fkan ve \u00fcyeleriyle baz\u0131 \u00f6rg\u00fct ba\u015fkanlar\u0131 e\u015flik etti.<\/p>\n<p>Lapta Huzurevi Sorumlusu Ahmet Sakino\u011flu,devlete ait tek huzurevi olan Lapta Huzurevinde \u015fu an 32 ya\u015fl\u0131ya hizmet verildi\u011fini belirtterek, ayda 1 kez ,bir doktorun huzurevine gelerek ya\u015fl\u0131lar\u0131n kontrollerini burada yapmas\u0131 i\u00e7in talepte bulunduklar\u0131n\u0131 ve bunun i\u00e7in s\u00f6z ald\u0131klar\u0131n\u0131 dile getirdi.<\/p>\n<p>Huzurevinde hizmetleri s\u00fcrd\u00fcr\u00fcrken her \u015feyin devletten beklenemeyece\u011fini sivil toplum \u00f6rg\u00fct\u00fc ve derneklerin katk\u0131lar\u0131n\u0131n da b\u00fcy\u00fck \u00f6nem ta\u015f\u0131d\u0131\u011f\u0131n\u0131 s\u00f6yleyen Sakino\u011flu, b\u00f6lgedeki bir derne\u011fin katk\u0131lar\u0131yla, huzurevinde ya\u015fl\u0131lar\u0131n g\u00fczle bir \u015fekilde vakit ge\u00e7irecekleri bir at\u00f6lye olu\u015fturuldu\u011funu da an\u0131msatt\u0131.<\/p>\n<p><a href=\"https:\/\/brtk.net\/\"\/><a href=\"https:\/\/brtk.net\/\"\/><a href=\"https:\/\/brtk.net\/\"\/><a href=\"https:\/\/brtk.net\/\"\/><a href=\"https:\/\/brtk.net\/\">UBP<\/a> Girne \u0130l\u00e7esi Kad\u0131n Kollar\u0131 Ba\u015fkan\u0131 Fato\u015f \u00dcnal da,toplumun ge\u00e7mi\u015fi ve gelece\u011fi olan ya\u015fl\u0131lar\u0131n her zaman hat\u0131rlanmas\u0131 gerekti\u011fine vurgu yaparak, huzurevinde bak\u0131m g\u00f6ren ya\u015fl\u0131lar\u0131n , ya\u015fl\u0131lar haftas\u0131n\u0131 kutlad\u0131.<\/p>\n<p>\u00dcnal, <a href=\"https:\/\/brtk.net\/\"\/><a href=\"https:\/\/brtk.net\/\"\/><a href=\"https:\/\/brtk.net\/\"\/><a href=\"https:\/\/brtk.net\/\"\/><a href=\"https:\/\/brtk.net\/\">UBP<\/a> Kad\u0131n Kollar\u0131 olarak, her zaman ya\u015fl\u0131lar\u0131n sosyal ve sa\u011fl\u0131kla ilgili haklar\u0131n\u0131n da savunucusu olacaklar\u0131n\u0131 vurgulad\u0131.<\/p>\n<p>Lapta Alsancak , \u00c7aml\u0131bel Belediye Ba\u015fkan\u0131 F\u0131rat Ataser de ya\u015fl\u0131lar\u0131n toplum ya\u015fam\u0131nda \u00e7ok \u00f6nemli bir yere sahip oldu\u011funu belirterek, ya\u015fl\u0131l\u0131\u011f\u0131n her insan\u0131n ya\u015fam\u0131nda ziyaret edece\u011fi bir d\u00f6nem olaca\u011f\u0131n\u0131 an\u0131msatt\u0131.<\/p>\n<p>Ataser, konu\u015fmas\u0131n\u0131n sonunda, ya\u015fl\u0131lar haftas\u0131 nedeniyle Lapta Huzurevini ziyaret ederek burada bak\u0131m g\u00f6ren ya\u015fl\u0131larla vakitlerini payla\u015fan <a href=\"https:\/\/brtk.net\/\"\/><a href=\"https:\/\/brtk.net\/\"\/><a href=\"https:\/\/brtk.net\/\"\/><a href=\"https:\/\/brtk.net\/\"\/><a href=\"https:\/\/brtk.net\/\">UBP<\/a> Kad\u0131n Kollar\u0131na te\u015fekk\u00fcrlerini sundu.<\/p>\n<p>Ba\u015fbakan \u00dcnal \u00dcstel\u2019in e\u015fi Zerrin \u00dcstel ise, Lapta Huzurevi ya\u015fl\u0131lar\u0131n\u0131n yan\u0131nda olan t\u00fcm yard\u0131m derneklerine ve <a href=\"https:\/\/brtk.net\/\"\/><a href=\"https:\/\/brtk.net\/\"\/><a href=\"https:\/\/brtk.net\/\"\/><a href=\"https:\/\/brtk.net\/\"\/><a href=\"https:\/\/brtk.net\/\">UBP<\/a> Kad\u0131n kollar\u0131na te\u015fekk\u00fcrlerini sunarak, ya\u015fl\u0131lar ve \u00e7ocuklar\u0131n toplumun \u00e7ok en de\u011ferli par\u00e7alar\u0131 oldu\u011funu vurgulad\u0131.<\/p>\n<p>Ya\u015fl\u0131lar\u0131n ,ya\u015famlar\u0131n\u0131n bu d\u00f6nemlerini en iyi imkanlarla , en g\u00fczel \u015fartlarda ge\u00e7irmesi arzu edilse de bazen imkanlar\u0131n yetersiz kalabildi\u011fini dile getiren \u00dcstel, toplumun ya\u015fl\u0131lara sahip \u00e7\u0131kmas\u0131 ve en g\u00fczel ya\u015fam ko\u015fullar\u0131na kavu\u015fmas\u0131 i\u00e7in \u00e7al\u0131\u015facaklar\u0131n\u0131 s\u00f6yledi.<\/p>\n<p>Ba\u015fbakanl\u0131k olarak , huzurevine ayda 1 kez doktorun gelerek ya\u015fl\u0131lar\u0131 yerinde kontrol etmesi i\u00e7in ellerinden gelen t\u00fcm \u00e7abay\u0131 g\u00f6stereceklerini dile getiren Zerrin \u00dcstel, t\u00fcm ya\u015fl\u0131lara uzun g\u00fczel bir \u00f6m\u00fcr diledi.<\/p>\n<p>Konu\u015fmalar\u0131n ard\u0131ndan Lapta Huzurevi Ya\u015fl\u0131lar\u0131na Ya\u015fl\u0131lar Haftas\u0131 hediyeleri, huzurevinin kad\u0131n \u00e7al\u0131\u015fanlar\u0131na ise, 8 Mart D\u00fcnya Emek\u00e7i Kad\u0131nlar g\u00fcn\u00fc kapsam\u0131nda al\u0131nan hediyeleri takdim edildi. <a href=\"https:\/\/brtk.net\/\">BRT<\/a><\/p>\n<\/p><\/div>\n<p><script async\n                    defer\n                    crossorigin=\"anonymous\"\n                    src=\"https:\/\/connect.facebook.net\/tr_TR\/sdk.js#xfbml=1&#038;version=v3.3\"\n            ><\/script><\/p>\n","protected":false},"excerpt":{"rendered":"<p>Ba\u015fbakan \u00dcnal \u00dcstel\u2019in e\u015fi Zerrin \u00dcstel ve UBP Kad\u0131n Kollar\u0131 , 18-24 Mart Ya\u015fl\u0131lar Haftas\u0131 nedeniyle Lapta Huzurevi\u2019ni ziyaret etti. Ziyarette Zerrin \u00dcstel\u2019e, Lapta , Alsancak \u00c7aml\u0131bel Belediye Ba\u015fkan\u0131 F\u0131rat Ataser, Sosyal Hizmetler Dairesi M\u00fcd\u00fcr\u00fc Meray D\u00fcr\u00fcst, UBP \u2018nin 6 \u0130l\u00e7e \u00d6rg\u00fct\u00fcn\u00fcn Kad\u0131n Kollar\u0131 Ba\u015fkan ve \u00fcyeleriyle baz\u0131 \u00f6rg\u00fct ba\u015fkanlar\u0131 e\u015flik etti. Lapta Huzurevi Sorumlusu<\/p>\n","protected":false},"author":1,"featured_media":3647,"comment_status":"open","ping_status":"open","sticky":false,"template":"","format":"standard","meta":{"footnotes":""},"categories":[1],"tags":[],"class_list":["post-3646","post","type-post","status-publish","format-standard","has-post-thumbnail","hentry","category-gundem"],"yoast_head":"<!-- This site is optimized with the Yoast SEO plugin v27.5 - https:\/\/yoast.com\/product\/yoast-seo-wordpress\/ -->\n<title>Zerrin \u00dcstel ve UBP Kad\u0131n Kollar\u0131,Haftas\u0131 nedeniyle Lapta Huzurevi\u2019ni ziyaret etti -<\/title>\n<meta name=\"robots\" content=\"index, follow, max-snippet:-1, max-image-preview:large, max-video-preview:-1\" \/>\n<link rel=\"canonical\" href=\"https:\/\/kibrisdakik.com\/?p=3646\" \/>\n<meta property=\"og:locale\" content=\"tr_TR\" \/>\n<meta property=\"og:type\" content=\"article\" \/>\n<meta property=\"og:title\" content=\"Zerrin \u00dcstel ve UBP Kad\u0131n Kollar\u0131,Haftas\u0131 nedeniyle Lapta Huzurevi\u2019ni ziyaret etti -\" \/>\n<meta property=\"og:description\" content=\"Ba\u015fbakan \u00dcnal \u00dcstel\u2019in e\u015fi Zerrin \u00dcstel ve UBP Kad\u0131n Kollar\u0131 , 18-24 Mart Ya\u015fl\u0131lar Haftas\u0131 nedeniyle Lapta Huzurevi\u2019ni ziyaret etti. Ziyarette Zerrin \u00dcstel\u2019e, Lapta , Alsancak \u00c7aml\u0131bel Belediye Ba\u015fkan\u0131 F\u0131rat Ataser, Sosyal Hizmetler Dairesi M\u00fcd\u00fcr\u00fc Meray D\u00fcr\u00fcst, UBP \u2018nin 6 \u0130l\u00e7e \u00d6rg\u00fct\u00fcn\u00fcn Kad\u0131n Kollar\u0131 Ba\u015fkan ve \u00fcyeleriyle baz\u0131 \u00f6rg\u00fct ba\u015fkanlar\u0131 e\u015flik etti. Lapta Huzurevi Sorumlusu\" \/>\n<meta property=\"og:url\" content=\"https:\/\/kibrisdakik.com\/?p=3646\" \/>\n<meta property=\"article:published_time\" content=\"2023-03-20T11:32:06+00:00\" \/>\n<meta property=\"og:image\" content=\"https:\/\/kibrisdakik.com\/wp-content\/uploads\/2023\/03\/lpt-scaled-740x420.jpg\" \/>\n\t<meta property=\"og:image:width\" content=\"2560\" \/>\n\t<meta property=\"og:image:height\" content=\"1438\" \/>\n\t<meta property=\"og:image:type\" content=\"image\/jpeg\" \/>\n<meta name=\"author\" content=\"admin\" \/>\n<meta name=\"twitter:card\" content=\"summary_large_image\" \/>\n<meta name=\"twitter:label1\" content=\"Yazan:\" \/>\n\t<meta name=\"twitter:data1\" content=\"admin\" \/>\n\t<meta name=\"twitter:label2\" content=\"Tahmini okuma s\u00fcresi\" \/>\n\t<meta name=\"twitter:data2\" content=\"3 dakika\" \/>\n<script type=\"application\/ld+json\" class=\"yoast-schema-graph\">{\"@context\":\"https:\\\/\\\/schema.org\",\"@graph\":[{\"@type\":\"Article\",\"@id\":\"https:\\\/\\\/kibrisdakik.com\\\/?p=3646#article\",\"isPartOf\":{\"@id\":\"https:\\\/\\\/kibrisdakik.com\\\/?p=3646\"},\"author\":{\"name\":\"admin\",\"@id\":\"https:\\\/\\\/kibrisdakik.com\\\/#\\\/schema\\\/person\\\/9cd9d437bbb44f72b73ba127e06d8e79\"},\"headline\":\"Zerrin \u00dcstel ve UBP Kad\u0131n Kollar\u0131,Haftas\u0131 nedeniyle Lapta Huzurevi\u2019ni ziyaret etti\",\"datePublished\":\"2023-03-20T11:32:06+00:00\",\"mainEntityOfPage\":{\"@id\":\"https:\\\/\\\/kibrisdakik.com\\\/?p=3646\"},\"wordCount\":542,\"commentCount\":0,\"image\":{\"@id\":\"https:\\\/\\\/kibrisdakik.com\\\/?p=3646#primaryimage\"},\"thumbnailUrl\":\"https:\\\/\\\/kibrisdakik.com\\\/wp-content\\\/uploads\\\/2023\\\/03\\\/lpt-scaled-740x420.jpg\",\"articleSection\":[\"G\u00fcndem\"],\"inLanguage\":\"tr\",\"potentialAction\":[{\"@type\":\"CommentAction\",\"name\":\"Comment\",\"target\":[\"https:\\\/\\\/kibrisdakik.com\\\/?p=3646#respond\"]}]},{\"@type\":\"WebPage\",\"@id\":\"https:\\\/\\\/kibrisdakik.com\\\/?p=3646\",\"url\":\"https:\\\/\\\/kibrisdakik.com\\\/?p=3646\",\"name\":\"Zerrin \u00dcstel ve UBP Kad\u0131n Kollar\u0131,Haftas\u0131 nedeniyle Lapta Huzurevi\u2019ni ziyaret etti -\",\"isPartOf\":{\"@id\":\"https:\\\/\\\/kibrisdakik.com\\\/#website\"},\"primaryImageOfPage\":{\"@id\":\"https:\\\/\\\/kibrisdakik.com\\\/?p=3646#primaryimage\"},\"image\":{\"@id\":\"https:\\\/\\\/kibrisdakik.com\\\/?p=3646#primaryimage\"},\"thumbnailUrl\":\"https:\\\/\\\/kibrisdakik.com\\\/wp-content\\\/uploads\\\/2023\\\/03\\\/lpt-scaled-740x420.jpg\",\"datePublished\":\"2023-03-20T11:32:06+00:00\",\"author\":{\"@id\":\"https:\\\/\\\/kibrisdakik.com\\\/#\\\/schema\\\/person\\\/9cd9d437bbb44f72b73ba127e06d8e79\"},\"breadcrumb\":{\"@id\":\"https:\\\/\\\/kibrisdakik.com\\\/?p=3646#breadcrumb\"},\"inLanguage\":\"tr\",\"potentialAction\":[{\"@type\":\"ReadAction\",\"target\":[\"https:\\\/\\\/kibrisdakik.com\\\/?p=3646\"]}]},{\"@type\":\"ImageObject\",\"inLanguage\":\"tr\",\"@id\":\"https:\\\/\\\/kibrisdakik.com\\\/?p=3646#primaryimage\",\"url\":\"https:\\\/\\\/kibrisdakik.com\\\/wp-content\\\/uploads\\\/2023\\\/03\\\/lpt-scaled-740x420.jpg\",\"contentUrl\":\"https:\\\/\\\/kibrisdakik.com\\\/wp-content\\\/uploads\\\/2023\\\/03\\\/lpt-scaled-740x420.jpg\",\"width\":2560,\"height\":1438},{\"@type\":\"BreadcrumbList\",\"@id\":\"https:\\\/\\\/kibrisdakik.com\\\/?p=3646#breadcrumb\",\"itemListElement\":[{\"@type\":\"ListItem\",\"position\":1,\"name\":\"Home\",\"item\":\"https:\\\/\\\/kibrisdakik.com\\\/\"},{\"@type\":\"ListItem\",\"position\":2,\"name\":\"Zerrin \u00dcstel ve UBP Kad\u0131n Kollar\u0131,Haftas\u0131 nedeniyle Lapta Huzurevi\u2019ni ziyaret etti\"}]},{\"@type\":\"WebSite\",\"@id\":\"https:\\\/\\\/kibrisdakik.com\\\/#website\",\"url\":\"https:\\\/\\\/kibrisdakik.com\\\/\",\"name\":\"\",\"description\":\"Tam vaktinde haber\",\"potentialAction\":[{\"@type\":\"SearchAction\",\"target\":{\"@type\":\"EntryPoint\",\"urlTemplate\":\"https:\\\/\\\/kibrisdakik.com\\\/?s={search_term_string}\"},\"query-input\":{\"@type\":\"PropertyValueSpecification\",\"valueRequired\":true,\"valueName\":\"search_term_string\"}}],\"inLanguage\":\"tr\"},{\"@type\":\"Person\",\"@id\":\"https:\\\/\\\/kibrisdakik.com\\\/#\\\/schema\\\/person\\\/9cd9d437bbb44f72b73ba127e06d8e79\",\"name\":\"admin\",\"image\":{\"@type\":\"ImageObject\",\"inLanguage\":\"tr\",\"@id\":\"https:\\\/\\\/secure.gravatar.com\\\/avatar\\\/ccc17943b9d660506c869530f897617f7cb1c21a4bf30023f252596d83e1f007?s=96&d=mm&r=g\",\"url\":\"https:\\\/\\\/secure.gravatar.com\\\/avatar\\\/ccc17943b9d660506c869530f897617f7cb1c21a4bf30023f252596d83e1f007?s=96&d=mm&r=g\",\"contentUrl\":\"https:\\\/\\\/secure.gravatar.com\\\/avatar\\\/ccc17943b9d660506c869530f897617f7cb1c21a4bf30023f252596d83e1f007?s=96&d=mm&r=g\",\"caption\":\"admin\"},\"sameAs\":[\"https:\\\/\\\/kibrisdakik.com\"],\"url\":\"https:\\\/\\\/kibrisdakik.com\\\/?author=1\"}]}<\/script>\n<!-- \/ Yoast SEO plugin. -->","yoast_head_json":{"title":"Zerrin \u00dcstel ve UBP Kad\u0131n Kollar\u0131,Haftas\u0131 nedeniyle Lapta Huzurevi\u2019ni ziyaret etti -","robots":{"index":"index","follow":"follow","max-snippet":"max-snippet:-1","max-image-preview":"max-image-preview:large","max-video-preview":"max-video-preview:-1"},"canonical":"https:\/\/kibrisdakik.com\/?p=3646","og_locale":"tr_TR","og_type":"article","og_title":"Zerrin \u00dcstel ve UBP Kad\u0131n Kollar\u0131,Haftas\u0131 nedeniyle Lapta Huzurevi\u2019ni ziyaret etti -","og_description":"Ba\u015fbakan \u00dcnal \u00dcstel\u2019in e\u015fi Zerrin \u00dcstel ve UBP Kad\u0131n Kollar\u0131 , 18-24 Mart Ya\u015fl\u0131lar Haftas\u0131 nedeniyle Lapta Huzurevi\u2019ni ziyaret etti. Ziyarette Zerrin \u00dcstel\u2019e, Lapta , Alsancak \u00c7aml\u0131bel Belediye Ba\u015fkan\u0131 F\u0131rat Ataser, Sosyal Hizmetler Dairesi M\u00fcd\u00fcr\u00fc Meray D\u00fcr\u00fcst, UBP \u2018nin 6 \u0130l\u00e7e \u00d6rg\u00fct\u00fcn\u00fcn Kad\u0131n Kollar\u0131 Ba\u015fkan ve \u00fcyeleriyle baz\u0131 \u00f6rg\u00fct ba\u015fkanlar\u0131 e\u015flik etti. Lapta Huzurevi Sorumlusu","og_url":"https:\/\/kibrisdakik.com\/?p=3646","article_published_time":"2023-03-20T11:32:06+00:00","og_image":[{"width":2560,"height":1438,"url":"https:\/\/kibrisdakik.com\/wp-content\/uploads\/2023\/03\/lpt-scaled-740x420.jpg","type":"image\/jpeg"}],"author":"admin","twitter_card":"summary_large_image","twitter_misc":{"Yazan:":"admin","Tahmini okuma s\u00fcresi":"3 dakika"},"schema":{"@context":"https:\/\/schema.org","@graph":[{"@type":"Article","@id":"https:\/\/kibrisdakik.com\/?p=3646#article","isPartOf":{"@id":"https:\/\/kibrisdakik.com\/?p=3646"},"author":{"name":"admin","@id":"https:\/\/kibrisdakik.com\/#\/schema\/person\/9cd9d437bbb44f72b73ba127e06d8e79"},"headline":"Zerrin \u00dcstel ve UBP Kad\u0131n Kollar\u0131,Haftas\u0131 nedeniyle Lapta Huzurevi\u2019ni ziyaret etti","datePublished":"2023-03-20T11:32:06+00:00","mainEntityOfPage":{"@id":"https:\/\/kibrisdakik.com\/?p=3646"},"wordCount":542,"commentCount":0,"image":{"@id":"https:\/\/kibrisdakik.com\/?p=3646#primaryimage"},"thumbnailUrl":"https:\/\/kibrisdakik.com\/wp-content\/uploads\/2023\/03\/lpt-scaled-740x420.jpg","articleSection":["G\u00fcndem"],"inLanguage":"tr","potentialAction":[{"@type":"CommentAction","name":"Comment","target":["https:\/\/kibrisdakik.com\/?p=3646#respond"]}]},{"@type":"WebPage","@id":"https:\/\/kibrisdakik.com\/?p=3646","url":"https:\/\/kibrisdakik.com\/?p=3646","name":"Zerrin \u00dcstel ve UBP Kad\u0131n Kollar\u0131,Haftas\u0131 nedeniyle Lapta Huzurevi\u2019ni ziyaret etti -","isPartOf":{"@id":"https:\/\/kibrisdakik.com\/#website"},"primaryImageOfPage":{"@id":"https:\/\/kibrisdakik.com\/?p=3646#primaryimage"},"image":{"@id":"https:\/\/kibrisdakik.com\/?p=3646#primaryimage"},"thumbnailUrl":"https:\/\/kibrisdakik.com\/wp-content\/uploads\/2023\/03\/lpt-scaled-740x420.jpg","datePublished":"2023-03-20T11:32:06+00:00","author":{"@id":"https:\/\/kibrisdakik.com\/#\/schema\/person\/9cd9d437bbb44f72b73ba127e06d8e79"},"breadcrumb":{"@id":"https:\/\/kibrisdakik.com\/?p=3646#breadcrumb"},"inLanguage":"tr","potentialAction":[{"@type":"ReadAction","target":["https:\/\/kibrisdakik.com\/?p=3646"]}]},{"@type":"ImageObject","inLanguage":"tr","@id":"https:\/\/kibrisdakik.com\/?p=3646#primaryimage","url":"https:\/\/kibrisdakik.com\/wp-content\/uploads\/2023\/03\/lpt-scaled-740x420.jpg","contentUrl":"https:\/\/kibrisdakik.com\/wp-content\/uploads\/2023\/03\/lpt-scaled-740x420.jpg","width":2560,"height":1438},{"@type":"BreadcrumbList","@id":"https:\/\/kibrisdakik.com\/?p=3646#breadcrumb","itemListElement":[{"@type":"ListItem","position":1,"name":"Home","item":"https:\/\/kibrisdakik.com\/"},{"@type":"ListItem","position":2,"name":"Zerrin \u00dcstel ve UBP Kad\u0131n Kollar\u0131,Haftas\u0131 nedeniyle Lapta Huzurevi\u2019ni ziyaret etti"}]},{"@type":"WebSite","@id":"https:\/\/kibrisdakik.com\/#website","url":"https:\/\/kibrisdakik.com\/","name":"","description":"Tam vaktinde haber","potentialAction":[{"@type":"SearchAction","target":{"@type":"EntryPoint","urlTemplate":"https:\/\/kibrisdakik.com\/?s={search_term_string}"},"query-input":{"@type":"PropertyValueSpecification","valueRequired":true,"valueName":"search_term_string"}}],"inLanguage":"tr"},{"@type":"Person","@id":"https:\/\/kibrisdakik.com\/#\/schema\/person\/9cd9d437bbb44f72b73ba127e06d8e79","name":"admin","image":{"@type":"ImageObject","inLanguage":"tr","@id":"https:\/\/secure.gravatar.com\/avatar\/ccc17943b9d660506c869530f897617f7cb1c21a4bf30023f252596d83e1f007?s=96&d=mm&r=g","url":"https:\/\/secure.gravatar.com\/avatar\/ccc17943b9d660506c869530f897617f7cb1c21a4bf30023f252596d83e1f007?s=96&d=mm&r=g","contentUrl":"https:\/\/secure.gravatar.com\/avatar\/ccc17943b9d660506c869530f897617f7cb1c21a4bf30023f252596d83e1f007?s=96&d=mm&r=g","caption":"admin"},"sameAs":["https:\/\/kibrisdakik.com"],"url":"https:\/\/kibrisdakik.com\/?author=1"}]}},"_links":{"self":[{"href":"https:\/\/kibrisdakik.com\/index.php?rest_route=\/wp\/v2\/posts\/3646","targetHints":{"allow":["GET"]}}],"collection":[{"href":"https:\/\/kibrisdakik.com\/index.php?rest_route=\/wp\/v2\/posts"}],"about":[{"href":"https:\/\/kibrisdakik.com\/index.php?rest_route=\/wp\/v2\/types\/post"}],"author":[{"embeddable":true,"href":"https:\/\/kibrisdakik.com\/index.php?rest_route=\/wp\/v2\/users\/1"}],"replies":[{"embeddable":true,"href":"https:\/\/kibrisdakik.com\/index.php?rest_route=%2Fwp%2Fv2%2Fcomments&post=3646"}],"version-history":[{"count":0,"href":"https:\/\/kibrisdakik.com\/index.php?rest_route=\/wp\/v2\/posts\/3646\/revisions"}],"wp:featuredmedia":[{"embeddable":true,"href":"https:\/\/kibrisdakik.com\/index.php?rest_route=\/wp\/v2\/media\/3647"}],"wp:attachment":[{"href":"https:\/\/kibrisdakik.com\/index.php?rest_route=%2Fwp%2Fv2%2Fmedia&parent=3646"}],"wp:term":[{"taxonomy":"category","embeddable":true,"href":"https:\/\/kibrisdakik.com\/index.php?rest_route=%2Fwp%2Fv2%2Fcategories&post=3646"},{"taxonomy":"post_tag","embeddable":true,"href":"https:\/\/kibrisdakik.com\/index.php?rest_route=%2Fwp%2Fv2%2Ftags&post=3646"}],"curies":[{"name":"wp","href":"https:\/\/api.w.org\/{rel}","templated":true}]}}