{"id":36498,"date":"2024-03-31T15:42:14","date_gmt":"2024-03-31T15:42:14","guid":{"rendered":"https:\/\/kibrisdakik.com\/index.php\/2024\/03\/31\/cumhurbaskani-ersin-tatar-3-izmarit-balik-festivaline-katildi\/"},"modified":"2024-03-31T15:42:14","modified_gmt":"2024-03-31T15:42:14","slug":"cumhurbaskani-ersin-tatar-3-izmarit-balik-festivaline-katildi","status":"publish","type":"post","link":"https:\/\/kibrisdakik.com\/?p=36498","title":{"rendered":"Cumhurba\u015fkan\u0131 Ersin Tatar, 3. \u0130zmarit Bal\u0131k Festivaline kat\u0131ld\u0131"},"content":{"rendered":"<p><img decoding=\"async\" src=\"https:\/\/www.kibristurk.com\/images\/haberler\/2024\/03\/cumhurbaskani-ersin-tatar-3-izmarit-balik-festivaline-katildi-1711891343.webp\" \/><\/p>\n<p><span style=\"font-size:12pt\"><span style=\"font-family:Calibri,sans-serif\">Lapta Alsancak Kar\u015f\u0131yaka Bal\u0131k\u00e7\u0131lar Birli\u011fi taraf\u0131ndan Lapta Bal\u0131k\u00e7\u0131 Bar\u0131na\u011f\u0131\u2019nda d\u00fczenlenen festivalde konu\u015fan Cumhurba\u015fkan\u0131 Tatar, bal\u0131k\u00e7\u0131l\u0131\u011f\u0131n bir k\u00fclt\u00fcr ve ge\u00e7im kayna\u011f\u0131 oldu\u011funu s\u00f6yledi. \u0130zmarit bal\u0131\u011f\u0131 tutup geliriyle bal\u0131k\u00e7\u0131 bar\u0131na\u011f\u0131na yat\u0131r\u0131m yap\u0131lmas\u0131 konusunda etkinlik d\u00fczenlemesinin \u00f6nemine i\u015faret eden Cumhurba\u015fkan\u0131 Tatar, h\u00fck\u00fcmetin deste\u011fiyle bar\u0131na\u011f\u0131n geli\u015ftirilmesi i\u00e7in gerekli \u00e7al\u0131\u015fmalar\u0131n yap\u0131lmas\u0131 gerekti\u011fine dikkat \u00e7ekti&#8230;.<\/span><\/span><\/p>\n","protected":false},"excerpt":{"rendered":"<p>Lapta Alsancak Kar\u015f\u0131yaka Bal\u0131k\u00e7\u0131lar Birli\u011fi taraf\u0131ndan Lapta Bal\u0131k\u00e7\u0131 Bar\u0131na\u011f\u0131\u2019nda d\u00fczenlenen festivalde konu\u015fan Cumhurba\u015fkan\u0131 Tatar, bal\u0131k\u00e7\u0131l\u0131\u011f\u0131n bir k\u00fclt\u00fcr ve ge\u00e7im kayna\u011f\u0131 oldu\u011funu s\u00f6yledi. \u0130zmarit bal\u0131\u011f\u0131 tutup geliriyle bal\u0131k\u00e7\u0131 bar\u0131na\u011f\u0131na yat\u0131r\u0131m yap\u0131lmas\u0131 konusunda etkinlik d\u00fczenlemesinin \u00f6nemine i\u015faret eden Cumhurba\u015fkan\u0131 Tatar, h\u00fck\u00fcmetin deste\u011fiyle bar\u0131na\u011f\u0131n geli\u015ftirilmesi i\u00e7in gerekli \u00e7al\u0131\u015fmalar\u0131n yap\u0131lmas\u0131 gerekti\u011fine dikkat \u00e7ekti&#8230;.<\/p>\n","protected":false},"author":1,"featured_media":36499,"comment_status":"open","ping_status":"open","sticky":false,"template":"","format":"standard","meta":{"footnotes":""},"categories":[85],"tags":[],"class_list":["post-36498","post","type-post","status-publish","format-standard","has-post-thumbnail","hentry","category-spor"],"yoast_head":"<!-- This site is optimized with the Yoast SEO plugin v27.4 - https:\/\/yoast.com\/product\/yoast-seo-wordpress\/ -->\n<title>Cumhurba\u015fkan\u0131 Ersin Tatar, 3. \u0130zmarit Bal\u0131k Festivaline kat\u0131ld\u0131 -<\/title>\n<meta name=\"robots\" content=\"index, follow, max-snippet:-1, max-image-preview:large, max-video-preview:-1\" \/>\n<link rel=\"canonical\" href=\"https:\/\/kibrisdakik.com\/?p=36498\" \/>\n<meta property=\"og:locale\" content=\"tr_TR\" \/>\n<meta property=\"og:type\" content=\"article\" \/>\n<meta property=\"og:title\" content=\"Cumhurba\u015fkan\u0131 Ersin Tatar, 3. \u0130zmarit Bal\u0131k Festivaline kat\u0131ld\u0131 -\" \/>\n<meta property=\"og:description\" content=\"Lapta Alsancak Kar\u015f\u0131yaka Bal\u0131k\u00e7\u0131lar Birli\u011fi taraf\u0131ndan Lapta Bal\u0131k\u00e7\u0131 Bar\u0131na\u011f\u0131\u2019nda d\u00fczenlenen festivalde konu\u015fan Cumhurba\u015fkan\u0131 Tatar, bal\u0131k\u00e7\u0131l\u0131\u011f\u0131n bir k\u00fclt\u00fcr ve ge\u00e7im kayna\u011f\u0131 oldu\u011funu s\u00f6yledi. \u0130zmarit bal\u0131\u011f\u0131 tutup geliriyle bal\u0131k\u00e7\u0131 bar\u0131na\u011f\u0131na yat\u0131r\u0131m yap\u0131lmas\u0131 konusunda etkinlik d\u00fczenlemesinin \u00f6nemine i\u015faret eden Cumhurba\u015fkan\u0131 Tatar, h\u00fck\u00fcmetin deste\u011fiyle bar\u0131na\u011f\u0131n geli\u015ftirilmesi i\u00e7in gerekli \u00e7al\u0131\u015fmalar\u0131n yap\u0131lmas\u0131 gerekti\u011fine dikkat \u00e7ekti&#8230;.\" \/>\n<meta property=\"og:url\" content=\"https:\/\/kibrisdakik.com\/?p=36498\" \/>\n<meta property=\"article:published_time\" content=\"2024-03-31T15:42:14+00:00\" \/>\n<meta property=\"og:image\" content=\"https:\/\/kibrisdakik.com\/wp-content\/uploads\/2024\/03\/cumhurbaskani-ersin-tatar-3-izmarit-balik-festivaline-katildi-1711891343.webp.webp\" \/>\n\t<meta property=\"og:image:width\" content=\"710\" \/>\n\t<meta property=\"og:image:height\" content=\"370\" \/>\n\t<meta property=\"og:image:type\" content=\"image\/webp\" \/>\n<meta name=\"author\" content=\"admin\" \/>\n<meta name=\"twitter:card\" content=\"summary_large_image\" \/>\n<meta name=\"twitter:label1\" content=\"Yazan:\" \/>\n\t<meta name=\"twitter:data1\" content=\"admin\" \/>\n<script type=\"application\/ld+json\" class=\"yoast-schema-graph\">{\"@context\":\"https:\\\/\\\/schema.org\",\"@graph\":[{\"@type\":\"Article\",\"@id\":\"https:\\\/\\\/kibrisdakik.com\\\/?p=36498#article\",\"isPartOf\":{\"@id\":\"https:\\\/\\\/kibrisdakik.com\\\/?p=36498\"},\"author\":{\"name\":\"admin\",\"@id\":\"https:\\\/\\\/kibrisdakik.com\\\/#\\\/schema\\\/person\\\/9cd9d437bbb44f72b73ba127e06d8e79\"},\"headline\":\"Cumhurba\u015fkan\u0131 Ersin Tatar, 3. \u0130zmarit Bal\u0131k Festivaline kat\u0131ld\u0131\",\"datePublished\":\"2024-03-31T15:42:14+00:00\",\"mainEntityOfPage\":{\"@id\":\"https:\\\/\\\/kibrisdakik.com\\\/?p=36498\"},\"wordCount\":98,\"commentCount\":0,\"image\":{\"@id\":\"https:\\\/\\\/kibrisdakik.com\\\/?p=36498#primaryimage\"},\"thumbnailUrl\":\"https:\\\/\\\/kibrisdakik.com\\\/wp-content\\\/uploads\\\/2024\\\/03\\\/cumhurbaskani-ersin-tatar-3-izmarit-balik-festivaline-katildi-1711891343.webp.webp\",\"articleSection\":[\"Spor\"],\"inLanguage\":\"tr\",\"potentialAction\":[{\"@type\":\"CommentAction\",\"name\":\"Comment\",\"target\":[\"https:\\\/\\\/kibrisdakik.com\\\/?p=36498#respond\"]}]},{\"@type\":\"WebPage\",\"@id\":\"https:\\\/\\\/kibrisdakik.com\\\/?p=36498\",\"url\":\"https:\\\/\\\/kibrisdakik.com\\\/?p=36498\",\"name\":\"Cumhurba\u015fkan\u0131 Ersin Tatar, 3. \u0130zmarit Bal\u0131k Festivaline kat\u0131ld\u0131 -\",\"isPartOf\":{\"@id\":\"https:\\\/\\\/kibrisdakik.com\\\/#website\"},\"primaryImageOfPage\":{\"@id\":\"https:\\\/\\\/kibrisdakik.com\\\/?p=36498#primaryimage\"},\"image\":{\"@id\":\"https:\\\/\\\/kibrisdakik.com\\\/?p=36498#primaryimage\"},\"thumbnailUrl\":\"https:\\\/\\\/kibrisdakik.com\\\/wp-content\\\/uploads\\\/2024\\\/03\\\/cumhurbaskani-ersin-tatar-3-izmarit-balik-festivaline-katildi-1711891343.webp.webp\",\"datePublished\":\"2024-03-31T15:42:14+00:00\",\"author\":{\"@id\":\"https:\\\/\\\/kibrisdakik.com\\\/#\\\/schema\\\/person\\\/9cd9d437bbb44f72b73ba127e06d8e79\"},\"breadcrumb\":{\"@id\":\"https:\\\/\\\/kibrisdakik.com\\\/?p=36498#breadcrumb\"},\"inLanguage\":\"tr\",\"potentialAction\":[{\"@type\":\"ReadAction\",\"target\":[\"https:\\\/\\\/kibrisdakik.com\\\/?p=36498\"]}]},{\"@type\":\"ImageObject\",\"inLanguage\":\"tr\",\"@id\":\"https:\\\/\\\/kibrisdakik.com\\\/?p=36498#primaryimage\",\"url\":\"https:\\\/\\\/kibrisdakik.com\\\/wp-content\\\/uploads\\\/2024\\\/03\\\/cumhurbaskani-ersin-tatar-3-izmarit-balik-festivaline-katildi-1711891343.webp.webp\",\"contentUrl\":\"https:\\\/\\\/kibrisdakik.com\\\/wp-content\\\/uploads\\\/2024\\\/03\\\/cumhurbaskani-ersin-tatar-3-izmarit-balik-festivaline-katildi-1711891343.webp.webp\",\"width\":710,\"height\":370},{\"@type\":\"BreadcrumbList\",\"@id\":\"https:\\\/\\\/kibrisdakik.com\\\/?p=36498#breadcrumb\",\"itemListElement\":[{\"@type\":\"ListItem\",\"position\":1,\"name\":\"Home\",\"item\":\"https:\\\/\\\/kibrisdakik.com\\\/\"},{\"@type\":\"ListItem\",\"position\":2,\"name\":\"Cumhurba\u015fkan\u0131 Ersin Tatar, 3. \u0130zmarit Bal\u0131k Festivaline kat\u0131ld\u0131\"}]},{\"@type\":\"WebSite\",\"@id\":\"https:\\\/\\\/kibrisdakik.com\\\/#website\",\"url\":\"https:\\\/\\\/kibrisdakik.com\\\/\",\"name\":\"\",\"description\":\"Tam vaktinde haber\",\"potentialAction\":[{\"@type\":\"SearchAction\",\"target\":{\"@type\":\"EntryPoint\",\"urlTemplate\":\"https:\\\/\\\/kibrisdakik.com\\\/?s={search_term_string}\"},\"query-input\":{\"@type\":\"PropertyValueSpecification\",\"valueRequired\":true,\"valueName\":\"search_term_string\"}}],\"inLanguage\":\"tr\"},{\"@type\":\"Person\",\"@id\":\"https:\\\/\\\/kibrisdakik.com\\\/#\\\/schema\\\/person\\\/9cd9d437bbb44f72b73ba127e06d8e79\",\"name\":\"admin\",\"image\":{\"@type\":\"ImageObject\",\"inLanguage\":\"tr\",\"@id\":\"https:\\\/\\\/secure.gravatar.com\\\/avatar\\\/ccc17943b9d660506c869530f897617f7cb1c21a4bf30023f252596d83e1f007?s=96&d=mm&r=g\",\"url\":\"https:\\\/\\\/secure.gravatar.com\\\/avatar\\\/ccc17943b9d660506c869530f897617f7cb1c21a4bf30023f252596d83e1f007?s=96&d=mm&r=g\",\"contentUrl\":\"https:\\\/\\\/secure.gravatar.com\\\/avatar\\\/ccc17943b9d660506c869530f897617f7cb1c21a4bf30023f252596d83e1f007?s=96&d=mm&r=g\",\"caption\":\"admin\"},\"sameAs\":[\"https:\\\/\\\/kibrisdakik.com\"],\"url\":\"https:\\\/\\\/kibrisdakik.com\\\/?author=1\"}]}<\/script>\n<!-- \/ Yoast SEO plugin. -->","yoast_head_json":{"title":"Cumhurba\u015fkan\u0131 Ersin Tatar, 3. \u0130zmarit Bal\u0131k Festivaline kat\u0131ld\u0131 -","robots":{"index":"index","follow":"follow","max-snippet":"max-snippet:-1","max-image-preview":"max-image-preview:large","max-video-preview":"max-video-preview:-1"},"canonical":"https:\/\/kibrisdakik.com\/?p=36498","og_locale":"tr_TR","og_type":"article","og_title":"Cumhurba\u015fkan\u0131 Ersin Tatar, 3. \u0130zmarit Bal\u0131k Festivaline kat\u0131ld\u0131 -","og_description":"Lapta Alsancak Kar\u015f\u0131yaka Bal\u0131k\u00e7\u0131lar Birli\u011fi taraf\u0131ndan Lapta Bal\u0131k\u00e7\u0131 Bar\u0131na\u011f\u0131\u2019nda d\u00fczenlenen festivalde konu\u015fan Cumhurba\u015fkan\u0131 Tatar, bal\u0131k\u00e7\u0131l\u0131\u011f\u0131n bir k\u00fclt\u00fcr ve ge\u00e7im kayna\u011f\u0131 oldu\u011funu s\u00f6yledi. \u0130zmarit bal\u0131\u011f\u0131 tutup geliriyle bal\u0131k\u00e7\u0131 bar\u0131na\u011f\u0131na yat\u0131r\u0131m yap\u0131lmas\u0131 konusunda etkinlik d\u00fczenlemesinin \u00f6nemine i\u015faret eden Cumhurba\u015fkan\u0131 Tatar, h\u00fck\u00fcmetin deste\u011fiyle bar\u0131na\u011f\u0131n geli\u015ftirilmesi i\u00e7in gerekli \u00e7al\u0131\u015fmalar\u0131n yap\u0131lmas\u0131 gerekti\u011fine dikkat \u00e7ekti&#8230;.","og_url":"https:\/\/kibrisdakik.com\/?p=36498","article_published_time":"2024-03-31T15:42:14+00:00","og_image":[{"width":710,"height":370,"url":"https:\/\/kibrisdakik.com\/wp-content\/uploads\/2024\/03\/cumhurbaskani-ersin-tatar-3-izmarit-balik-festivaline-katildi-1711891343.webp.webp","type":"image\/webp"}],"author":"admin","twitter_card":"summary_large_image","twitter_misc":{"Yazan:":"admin"},"schema":{"@context":"https:\/\/schema.org","@graph":[{"@type":"Article","@id":"https:\/\/kibrisdakik.com\/?p=36498#article","isPartOf":{"@id":"https:\/\/kibrisdakik.com\/?p=36498"},"author":{"name":"admin","@id":"https:\/\/kibrisdakik.com\/#\/schema\/person\/9cd9d437bbb44f72b73ba127e06d8e79"},"headline":"Cumhurba\u015fkan\u0131 Ersin Tatar, 3. \u0130zmarit Bal\u0131k Festivaline kat\u0131ld\u0131","datePublished":"2024-03-31T15:42:14+00:00","mainEntityOfPage":{"@id":"https:\/\/kibrisdakik.com\/?p=36498"},"wordCount":98,"commentCount":0,"image":{"@id":"https:\/\/kibrisdakik.com\/?p=36498#primaryimage"},"thumbnailUrl":"https:\/\/kibrisdakik.com\/wp-content\/uploads\/2024\/03\/cumhurbaskani-ersin-tatar-3-izmarit-balik-festivaline-katildi-1711891343.webp.webp","articleSection":["Spor"],"inLanguage":"tr","potentialAction":[{"@type":"CommentAction","name":"Comment","target":["https:\/\/kibrisdakik.com\/?p=36498#respond"]}]},{"@type":"WebPage","@id":"https:\/\/kibrisdakik.com\/?p=36498","url":"https:\/\/kibrisdakik.com\/?p=36498","name":"Cumhurba\u015fkan\u0131 Ersin Tatar, 3. \u0130zmarit Bal\u0131k Festivaline kat\u0131ld\u0131 -","isPartOf":{"@id":"https:\/\/kibrisdakik.com\/#website"},"primaryImageOfPage":{"@id":"https:\/\/kibrisdakik.com\/?p=36498#primaryimage"},"image":{"@id":"https:\/\/kibrisdakik.com\/?p=36498#primaryimage"},"thumbnailUrl":"https:\/\/kibrisdakik.com\/wp-content\/uploads\/2024\/03\/cumhurbaskani-ersin-tatar-3-izmarit-balik-festivaline-katildi-1711891343.webp.webp","datePublished":"2024-03-31T15:42:14+00:00","author":{"@id":"https:\/\/kibrisdakik.com\/#\/schema\/person\/9cd9d437bbb44f72b73ba127e06d8e79"},"breadcrumb":{"@id":"https:\/\/kibrisdakik.com\/?p=36498#breadcrumb"},"inLanguage":"tr","potentialAction":[{"@type":"ReadAction","target":["https:\/\/kibrisdakik.com\/?p=36498"]}]},{"@type":"ImageObject","inLanguage":"tr","@id":"https:\/\/kibrisdakik.com\/?p=36498#primaryimage","url":"https:\/\/kibrisdakik.com\/wp-content\/uploads\/2024\/03\/cumhurbaskani-ersin-tatar-3-izmarit-balik-festivaline-katildi-1711891343.webp.webp","contentUrl":"https:\/\/kibrisdakik.com\/wp-content\/uploads\/2024\/03\/cumhurbaskani-ersin-tatar-3-izmarit-balik-festivaline-katildi-1711891343.webp.webp","width":710,"height":370},{"@type":"BreadcrumbList","@id":"https:\/\/kibrisdakik.com\/?p=36498#breadcrumb","itemListElement":[{"@type":"ListItem","position":1,"name":"Home","item":"https:\/\/kibrisdakik.com\/"},{"@type":"ListItem","position":2,"name":"Cumhurba\u015fkan\u0131 Ersin Tatar, 3. \u0130zmarit Bal\u0131k Festivaline kat\u0131ld\u0131"}]},{"@type":"WebSite","@id":"https:\/\/kibrisdakik.com\/#website","url":"https:\/\/kibrisdakik.com\/","name":"","description":"Tam vaktinde haber","potentialAction":[{"@type":"SearchAction","target":{"@type":"EntryPoint","urlTemplate":"https:\/\/kibrisdakik.com\/?s={search_term_string}"},"query-input":{"@type":"PropertyValueSpecification","valueRequired":true,"valueName":"search_term_string"}}],"inLanguage":"tr"},{"@type":"Person","@id":"https:\/\/kibrisdakik.com\/#\/schema\/person\/9cd9d437bbb44f72b73ba127e06d8e79","name":"admin","image":{"@type":"ImageObject","inLanguage":"tr","@id":"https:\/\/secure.gravatar.com\/avatar\/ccc17943b9d660506c869530f897617f7cb1c21a4bf30023f252596d83e1f007?s=96&d=mm&r=g","url":"https:\/\/secure.gravatar.com\/avatar\/ccc17943b9d660506c869530f897617f7cb1c21a4bf30023f252596d83e1f007?s=96&d=mm&r=g","contentUrl":"https:\/\/secure.gravatar.com\/avatar\/ccc17943b9d660506c869530f897617f7cb1c21a4bf30023f252596d83e1f007?s=96&d=mm&r=g","caption":"admin"},"sameAs":["https:\/\/kibrisdakik.com"],"url":"https:\/\/kibrisdakik.com\/?author=1"}]}},"_links":{"self":[{"href":"https:\/\/kibrisdakik.com\/index.php?rest_route=\/wp\/v2\/posts\/36498","targetHints":{"allow":["GET"]}}],"collection":[{"href":"https:\/\/kibrisdakik.com\/index.php?rest_route=\/wp\/v2\/posts"}],"about":[{"href":"https:\/\/kibrisdakik.com\/index.php?rest_route=\/wp\/v2\/types\/post"}],"author":[{"embeddable":true,"href":"https:\/\/kibrisdakik.com\/index.php?rest_route=\/wp\/v2\/users\/1"}],"replies":[{"embeddable":true,"href":"https:\/\/kibrisdakik.com\/index.php?rest_route=%2Fwp%2Fv2%2Fcomments&post=36498"}],"version-history":[{"count":0,"href":"https:\/\/kibrisdakik.com\/index.php?rest_route=\/wp\/v2\/posts\/36498\/revisions"}],"wp:featuredmedia":[{"embeddable":true,"href":"https:\/\/kibrisdakik.com\/index.php?rest_route=\/wp\/v2\/media\/36499"}],"wp:attachment":[{"href":"https:\/\/kibrisdakik.com\/index.php?rest_route=%2Fwp%2Fv2%2Fmedia&parent=36498"}],"wp:term":[{"taxonomy":"category","embeddable":true,"href":"https:\/\/kibrisdakik.com\/index.php?rest_route=%2Fwp%2Fv2%2Fcategories&post=36498"},{"taxonomy":"post_tag","embeddable":true,"href":"https:\/\/kibrisdakik.com\/index.php?rest_route=%2Fwp%2Fv2%2Ftags&post=36498"}],"curies":[{"name":"wp","href":"https:\/\/api.w.org\/{rel}","templated":true}]}}