{"id":36500,"date":"2024-03-31T15:43:14","date_gmt":"2024-03-31T15:43:14","guid":{"rendered":"https:\/\/kibrisdakik.com\/index.php\/2024\/03\/31\/bazi-bolgelerde-yarin-elektrik-kesintisi-yapilacak-2\/"},"modified":"2024-03-31T15:43:14","modified_gmt":"2024-03-31T15:43:14","slug":"bazi-bolgelerde-yarin-elektrik-kesintisi-yapilacak-2","status":"publish","type":"post","link":"https:\/\/kibrisdakik.com\/?p=36500","title":{"rendered":"Baz\u0131 b\u00f6lgelerde yar\u0131n elektrik kesintisi yap\u0131lacak"},"content":{"rendered":"<p><img decoding=\"async\" src=\"https:\/\/www.kibristurk.com\/images\/haberler\/2024\/03\/bazi-bolgelerde-yarin-elektrik-kesintisi-yapilacak-1711890875.webp\" \/><\/p>\n<p><span style=\"font-size:12pt\"><span style=\"font-family:Calibri,sans-serif\">A\u00e7\u0131klamaya g\u00f6re elektrik kesintisi yap\u0131lacak yerler \u015f\u00f6yle:<\/span><\/span><\/p>\n<p>&nbsp;<\/p>\n<p><span style=\"font-size:12pt\"><span style=\"font-family:Calibri,sans-serif\">\u201c Akova K\u00f6y\u00fc, Y\u0131ld\u0131r\u0131m K\u00f6y\u00fc, Akova A\u011f\u0131llar, Cemer Su, Bo\u011fazi\u00e7i, S\u0131n\u0131r\u00fcst\u00fc, Alani\u00e7i k\u00f6y\u00fc, D\u00f6rtyol K\u00f6y\u00fc, D\u00f6rtyol A\u011f\u0131llar B\u00f6lgesi, Pirhan, \u0130n\u00f6n\u00fc K\u00f6y\u00fc,&nbsp; S\u00fctl\u00fcce, P\u0131narl\u0131, Uluk\u0131\u015fla, Aslank\u00f6y, Aslank\u00f6y Askeri Tesisler, G\u00f6nendere, Tirmen, Tirmen \u0130\u00e7me Suyu Pompas\u0131 ve Ergenekon K\u00f6y\u00fc, Ge\u00e7itkale k\u00f6y\u00fc, Ge\u00e7itkale A\u011f\u0131llar, \u00c7aml\u0131ca k\u00f6y\u00fc, Yama\u00e7k\u00f6y, Mall\u0131da\u011f, \u00c7\u0131narl\u0131 ve Baz \u0130stasyonlar\u0131, Tatl\u0131su K\u00f6y i\u00e7i, K\u00f6y Su Kuyusu, Anayol Seralar B\u00f6lgesi, Tatl\u0131su Sahil, Sahil Benzin \u0130st. B\u00f6lgesi, Eski Tavuk \u00c7iftli\u011fi, Sahil Seralar B\u00f6lgesi, Mall\u0131da\u011f Kav\u015fa\u011f\u0131-K\u00fc\u00e7\u00fck Erenk\u00f6y aras\u0131 sahil ve K\u00fc\u00e7\u00fck Erenk\u00f6y, Alt\u0131nova k\u00f6y\u00fc ve A\u011f\u0131llar K\u00f6y\u00fc\u201d<\/span><\/span><\/p>\n","protected":false},"excerpt":{"rendered":"<p>A\u00e7\u0131klamaya g\u00f6re elektrik kesintisi yap\u0131lacak yerler \u015f\u00f6yle: &nbsp; \u201c Akova K\u00f6y\u00fc, Y\u0131ld\u0131r\u0131m K\u00f6y\u00fc, Akova A\u011f\u0131llar, Cemer Su, Bo\u011fazi\u00e7i, S\u0131n\u0131r\u00fcst\u00fc, Alani\u00e7i k\u00f6y\u00fc, D\u00f6rtyol K\u00f6y\u00fc, D\u00f6rtyol A\u011f\u0131llar B\u00f6lgesi, Pirhan, \u0130n\u00f6n\u00fc K\u00f6y\u00fc,&nbsp; S\u00fctl\u00fcce, P\u0131narl\u0131, Uluk\u0131\u015fla, Aslank\u00f6y, Aslank\u00f6y Askeri Tesisler, G\u00f6nendere, Tirmen, Tirmen \u0130\u00e7me Suyu Pompas\u0131 ve Ergenekon K\u00f6y\u00fc, Ge\u00e7itkale k\u00f6y\u00fc, Ge\u00e7itkale A\u011f\u0131llar, \u00c7aml\u0131ca k\u00f6y\u00fc, Yama\u00e7k\u00f6y, Mall\u0131da\u011f, \u00c7\u0131narl\u0131 ve<\/p>\n","protected":false},"author":1,"featured_media":36501,"comment_status":"open","ping_status":"open","sticky":false,"template":"","format":"standard","meta":{"footnotes":""},"categories":[79],"tags":[],"class_list":["post-36500","post","type-post","status-publish","format-standard","has-post-thumbnail","hentry","category-ekonomi"],"yoast_head":"<!-- This site is optimized with the Yoast SEO plugin v27.4 - https:\/\/yoast.com\/product\/yoast-seo-wordpress\/ -->\n<title>Baz\u0131 b\u00f6lgelerde yar\u0131n elektrik kesintisi yap\u0131lacak -<\/title>\n<meta name=\"robots\" content=\"index, follow, max-snippet:-1, max-image-preview:large, max-video-preview:-1\" \/>\n<link rel=\"canonical\" href=\"https:\/\/kibrisdakik.com\/?p=36500\" \/>\n<meta property=\"og:locale\" content=\"tr_TR\" \/>\n<meta property=\"og:type\" content=\"article\" \/>\n<meta property=\"og:title\" content=\"Baz\u0131 b\u00f6lgelerde yar\u0131n elektrik kesintisi yap\u0131lacak -\" \/>\n<meta property=\"og:description\" content=\"A\u00e7\u0131klamaya g\u00f6re elektrik kesintisi yap\u0131lacak yerler \u015f\u00f6yle: &nbsp; \u201c Akova K\u00f6y\u00fc, Y\u0131ld\u0131r\u0131m K\u00f6y\u00fc, Akova A\u011f\u0131llar, Cemer Su, Bo\u011fazi\u00e7i, S\u0131n\u0131r\u00fcst\u00fc, Alani\u00e7i k\u00f6y\u00fc, D\u00f6rtyol K\u00f6y\u00fc, D\u00f6rtyol A\u011f\u0131llar B\u00f6lgesi, Pirhan, \u0130n\u00f6n\u00fc K\u00f6y\u00fc,&nbsp; S\u00fctl\u00fcce, P\u0131narl\u0131, Uluk\u0131\u015fla, Aslank\u00f6y, Aslank\u00f6y Askeri Tesisler, G\u00f6nendere, Tirmen, Tirmen \u0130\u00e7me Suyu Pompas\u0131 ve Ergenekon K\u00f6y\u00fc, Ge\u00e7itkale k\u00f6y\u00fc, Ge\u00e7itkale A\u011f\u0131llar, \u00c7aml\u0131ca k\u00f6y\u00fc, Yama\u00e7k\u00f6y, Mall\u0131da\u011f, \u00c7\u0131narl\u0131 ve\" \/>\n<meta property=\"og:url\" content=\"https:\/\/kibrisdakik.com\/?p=36500\" \/>\n<meta property=\"article:published_time\" content=\"2024-03-31T15:43:14+00:00\" \/>\n<meta property=\"og:image\" content=\"https:\/\/kibrisdakik.com\/wp-content\/uploads\/2024\/03\/bazi-bolgelerde-yarin-elektrik-kesintisi-yapilacak-1711890875.webp.webp\" \/>\n\t<meta property=\"og:image:width\" content=\"710\" \/>\n\t<meta property=\"og:image:height\" content=\"370\" \/>\n\t<meta property=\"og:image:type\" content=\"image\/webp\" \/>\n<meta name=\"author\" content=\"admin\" \/>\n<meta name=\"twitter:card\" content=\"summary_large_image\" \/>\n<meta name=\"twitter:label1\" content=\"Yazan:\" \/>\n\t<meta name=\"twitter:data1\" content=\"admin\" \/>\n\t<meta name=\"twitter:label2\" content=\"Tahmini okuma s\u00fcresi\" \/>\n\t<meta name=\"twitter:data2\" content=\"1 dakika\" \/>\n<script type=\"application\/ld+json\" class=\"yoast-schema-graph\">{\"@context\":\"https:\\\/\\\/schema.org\",\"@graph\":[{\"@type\":\"Article\",\"@id\":\"https:\\\/\\\/kibrisdakik.com\\\/?p=36500#article\",\"isPartOf\":{\"@id\":\"https:\\\/\\\/kibrisdakik.com\\\/?p=36500\"},\"author\":{\"name\":\"admin\",\"@id\":\"https:\\\/\\\/kibrisdakik.com\\\/#\\\/schema\\\/person\\\/9cd9d437bbb44f72b73ba127e06d8e79\"},\"headline\":\"Baz\u0131 b\u00f6lgelerde yar\u0131n elektrik kesintisi yap\u0131lacak\",\"datePublished\":\"2024-03-31T15:43:14+00:00\",\"mainEntityOfPage\":{\"@id\":\"https:\\\/\\\/kibrisdakik.com\\\/?p=36500\"},\"wordCount\":160,\"commentCount\":0,\"image\":{\"@id\":\"https:\\\/\\\/kibrisdakik.com\\\/?p=36500#primaryimage\"},\"thumbnailUrl\":\"https:\\\/\\\/kibrisdakik.com\\\/wp-content\\\/uploads\\\/2024\\\/03\\\/bazi-bolgelerde-yarin-elektrik-kesintisi-yapilacak-1711890875.webp.webp\",\"articleSection\":[\"Ekonomi\"],\"inLanguage\":\"tr\",\"potentialAction\":[{\"@type\":\"CommentAction\",\"name\":\"Comment\",\"target\":[\"https:\\\/\\\/kibrisdakik.com\\\/?p=36500#respond\"]}]},{\"@type\":\"WebPage\",\"@id\":\"https:\\\/\\\/kibrisdakik.com\\\/?p=36500\",\"url\":\"https:\\\/\\\/kibrisdakik.com\\\/?p=36500\",\"name\":\"Baz\u0131 b\u00f6lgelerde yar\u0131n elektrik kesintisi yap\u0131lacak -\",\"isPartOf\":{\"@id\":\"https:\\\/\\\/kibrisdakik.com\\\/#website\"},\"primaryImageOfPage\":{\"@id\":\"https:\\\/\\\/kibrisdakik.com\\\/?p=36500#primaryimage\"},\"image\":{\"@id\":\"https:\\\/\\\/kibrisdakik.com\\\/?p=36500#primaryimage\"},\"thumbnailUrl\":\"https:\\\/\\\/kibrisdakik.com\\\/wp-content\\\/uploads\\\/2024\\\/03\\\/bazi-bolgelerde-yarin-elektrik-kesintisi-yapilacak-1711890875.webp.webp\",\"datePublished\":\"2024-03-31T15:43:14+00:00\",\"author\":{\"@id\":\"https:\\\/\\\/kibrisdakik.com\\\/#\\\/schema\\\/person\\\/9cd9d437bbb44f72b73ba127e06d8e79\"},\"breadcrumb\":{\"@id\":\"https:\\\/\\\/kibrisdakik.com\\\/?p=36500#breadcrumb\"},\"inLanguage\":\"tr\",\"potentialAction\":[{\"@type\":\"ReadAction\",\"target\":[\"https:\\\/\\\/kibrisdakik.com\\\/?p=36500\"]}]},{\"@type\":\"ImageObject\",\"inLanguage\":\"tr\",\"@id\":\"https:\\\/\\\/kibrisdakik.com\\\/?p=36500#primaryimage\",\"url\":\"https:\\\/\\\/kibrisdakik.com\\\/wp-content\\\/uploads\\\/2024\\\/03\\\/bazi-bolgelerde-yarin-elektrik-kesintisi-yapilacak-1711890875.webp.webp\",\"contentUrl\":\"https:\\\/\\\/kibrisdakik.com\\\/wp-content\\\/uploads\\\/2024\\\/03\\\/bazi-bolgelerde-yarin-elektrik-kesintisi-yapilacak-1711890875.webp.webp\",\"width\":710,\"height\":370},{\"@type\":\"BreadcrumbList\",\"@id\":\"https:\\\/\\\/kibrisdakik.com\\\/?p=36500#breadcrumb\",\"itemListElement\":[{\"@type\":\"ListItem\",\"position\":1,\"name\":\"Home\",\"item\":\"https:\\\/\\\/kibrisdakik.com\\\/\"},{\"@type\":\"ListItem\",\"position\":2,\"name\":\"Baz\u0131 b\u00f6lgelerde yar\u0131n elektrik kesintisi yap\u0131lacak\"}]},{\"@type\":\"WebSite\",\"@id\":\"https:\\\/\\\/kibrisdakik.com\\\/#website\",\"url\":\"https:\\\/\\\/kibrisdakik.com\\\/\",\"name\":\"\",\"description\":\"Tam vaktinde haber\",\"potentialAction\":[{\"@type\":\"SearchAction\",\"target\":{\"@type\":\"EntryPoint\",\"urlTemplate\":\"https:\\\/\\\/kibrisdakik.com\\\/?s={search_term_string}\"},\"query-input\":{\"@type\":\"PropertyValueSpecification\",\"valueRequired\":true,\"valueName\":\"search_term_string\"}}],\"inLanguage\":\"tr\"},{\"@type\":\"Person\",\"@id\":\"https:\\\/\\\/kibrisdakik.com\\\/#\\\/schema\\\/person\\\/9cd9d437bbb44f72b73ba127e06d8e79\",\"name\":\"admin\",\"image\":{\"@type\":\"ImageObject\",\"inLanguage\":\"tr\",\"@id\":\"https:\\\/\\\/secure.gravatar.com\\\/avatar\\\/ccc17943b9d660506c869530f897617f7cb1c21a4bf30023f252596d83e1f007?s=96&d=mm&r=g\",\"url\":\"https:\\\/\\\/secure.gravatar.com\\\/avatar\\\/ccc17943b9d660506c869530f897617f7cb1c21a4bf30023f252596d83e1f007?s=96&d=mm&r=g\",\"contentUrl\":\"https:\\\/\\\/secure.gravatar.com\\\/avatar\\\/ccc17943b9d660506c869530f897617f7cb1c21a4bf30023f252596d83e1f007?s=96&d=mm&r=g\",\"caption\":\"admin\"},\"sameAs\":[\"https:\\\/\\\/kibrisdakik.com\"],\"url\":\"https:\\\/\\\/kibrisdakik.com\\\/?author=1\"}]}<\/script>\n<!-- \/ Yoast SEO plugin. -->","yoast_head_json":{"title":"Baz\u0131 b\u00f6lgelerde yar\u0131n elektrik kesintisi yap\u0131lacak -","robots":{"index":"index","follow":"follow","max-snippet":"max-snippet:-1","max-image-preview":"max-image-preview:large","max-video-preview":"max-video-preview:-1"},"canonical":"https:\/\/kibrisdakik.com\/?p=36500","og_locale":"tr_TR","og_type":"article","og_title":"Baz\u0131 b\u00f6lgelerde yar\u0131n elektrik kesintisi yap\u0131lacak -","og_description":"A\u00e7\u0131klamaya g\u00f6re elektrik kesintisi yap\u0131lacak yerler \u015f\u00f6yle: &nbsp; \u201c Akova K\u00f6y\u00fc, Y\u0131ld\u0131r\u0131m K\u00f6y\u00fc, Akova A\u011f\u0131llar, Cemer Su, Bo\u011fazi\u00e7i, S\u0131n\u0131r\u00fcst\u00fc, Alani\u00e7i k\u00f6y\u00fc, D\u00f6rtyol K\u00f6y\u00fc, D\u00f6rtyol A\u011f\u0131llar B\u00f6lgesi, Pirhan, \u0130n\u00f6n\u00fc K\u00f6y\u00fc,&nbsp; S\u00fctl\u00fcce, P\u0131narl\u0131, Uluk\u0131\u015fla, Aslank\u00f6y, Aslank\u00f6y Askeri Tesisler, G\u00f6nendere, Tirmen, Tirmen \u0130\u00e7me Suyu Pompas\u0131 ve Ergenekon K\u00f6y\u00fc, Ge\u00e7itkale k\u00f6y\u00fc, Ge\u00e7itkale A\u011f\u0131llar, \u00c7aml\u0131ca k\u00f6y\u00fc, Yama\u00e7k\u00f6y, Mall\u0131da\u011f, \u00c7\u0131narl\u0131 ve","og_url":"https:\/\/kibrisdakik.com\/?p=36500","article_published_time":"2024-03-31T15:43:14+00:00","og_image":[{"width":710,"height":370,"url":"https:\/\/kibrisdakik.com\/wp-content\/uploads\/2024\/03\/bazi-bolgelerde-yarin-elektrik-kesintisi-yapilacak-1711890875.webp.webp","type":"image\/webp"}],"author":"admin","twitter_card":"summary_large_image","twitter_misc":{"Yazan:":"admin","Tahmini okuma s\u00fcresi":"1 dakika"},"schema":{"@context":"https:\/\/schema.org","@graph":[{"@type":"Article","@id":"https:\/\/kibrisdakik.com\/?p=36500#article","isPartOf":{"@id":"https:\/\/kibrisdakik.com\/?p=36500"},"author":{"name":"admin","@id":"https:\/\/kibrisdakik.com\/#\/schema\/person\/9cd9d437bbb44f72b73ba127e06d8e79"},"headline":"Baz\u0131 b\u00f6lgelerde yar\u0131n elektrik kesintisi yap\u0131lacak","datePublished":"2024-03-31T15:43:14+00:00","mainEntityOfPage":{"@id":"https:\/\/kibrisdakik.com\/?p=36500"},"wordCount":160,"commentCount":0,"image":{"@id":"https:\/\/kibrisdakik.com\/?p=36500#primaryimage"},"thumbnailUrl":"https:\/\/kibrisdakik.com\/wp-content\/uploads\/2024\/03\/bazi-bolgelerde-yarin-elektrik-kesintisi-yapilacak-1711890875.webp.webp","articleSection":["Ekonomi"],"inLanguage":"tr","potentialAction":[{"@type":"CommentAction","name":"Comment","target":["https:\/\/kibrisdakik.com\/?p=36500#respond"]}]},{"@type":"WebPage","@id":"https:\/\/kibrisdakik.com\/?p=36500","url":"https:\/\/kibrisdakik.com\/?p=36500","name":"Baz\u0131 b\u00f6lgelerde yar\u0131n elektrik kesintisi yap\u0131lacak -","isPartOf":{"@id":"https:\/\/kibrisdakik.com\/#website"},"primaryImageOfPage":{"@id":"https:\/\/kibrisdakik.com\/?p=36500#primaryimage"},"image":{"@id":"https:\/\/kibrisdakik.com\/?p=36500#primaryimage"},"thumbnailUrl":"https:\/\/kibrisdakik.com\/wp-content\/uploads\/2024\/03\/bazi-bolgelerde-yarin-elektrik-kesintisi-yapilacak-1711890875.webp.webp","datePublished":"2024-03-31T15:43:14+00:00","author":{"@id":"https:\/\/kibrisdakik.com\/#\/schema\/person\/9cd9d437bbb44f72b73ba127e06d8e79"},"breadcrumb":{"@id":"https:\/\/kibrisdakik.com\/?p=36500#breadcrumb"},"inLanguage":"tr","potentialAction":[{"@type":"ReadAction","target":["https:\/\/kibrisdakik.com\/?p=36500"]}]},{"@type":"ImageObject","inLanguage":"tr","@id":"https:\/\/kibrisdakik.com\/?p=36500#primaryimage","url":"https:\/\/kibrisdakik.com\/wp-content\/uploads\/2024\/03\/bazi-bolgelerde-yarin-elektrik-kesintisi-yapilacak-1711890875.webp.webp","contentUrl":"https:\/\/kibrisdakik.com\/wp-content\/uploads\/2024\/03\/bazi-bolgelerde-yarin-elektrik-kesintisi-yapilacak-1711890875.webp.webp","width":710,"height":370},{"@type":"BreadcrumbList","@id":"https:\/\/kibrisdakik.com\/?p=36500#breadcrumb","itemListElement":[{"@type":"ListItem","position":1,"name":"Home","item":"https:\/\/kibrisdakik.com\/"},{"@type":"ListItem","position":2,"name":"Baz\u0131 b\u00f6lgelerde yar\u0131n elektrik kesintisi yap\u0131lacak"}]},{"@type":"WebSite","@id":"https:\/\/kibrisdakik.com\/#website","url":"https:\/\/kibrisdakik.com\/","name":"","description":"Tam vaktinde haber","potentialAction":[{"@type":"SearchAction","target":{"@type":"EntryPoint","urlTemplate":"https:\/\/kibrisdakik.com\/?s={search_term_string}"},"query-input":{"@type":"PropertyValueSpecification","valueRequired":true,"valueName":"search_term_string"}}],"inLanguage":"tr"},{"@type":"Person","@id":"https:\/\/kibrisdakik.com\/#\/schema\/person\/9cd9d437bbb44f72b73ba127e06d8e79","name":"admin","image":{"@type":"ImageObject","inLanguage":"tr","@id":"https:\/\/secure.gravatar.com\/avatar\/ccc17943b9d660506c869530f897617f7cb1c21a4bf30023f252596d83e1f007?s=96&d=mm&r=g","url":"https:\/\/secure.gravatar.com\/avatar\/ccc17943b9d660506c869530f897617f7cb1c21a4bf30023f252596d83e1f007?s=96&d=mm&r=g","contentUrl":"https:\/\/secure.gravatar.com\/avatar\/ccc17943b9d660506c869530f897617f7cb1c21a4bf30023f252596d83e1f007?s=96&d=mm&r=g","caption":"admin"},"sameAs":["https:\/\/kibrisdakik.com"],"url":"https:\/\/kibrisdakik.com\/?author=1"}]}},"_links":{"self":[{"href":"https:\/\/kibrisdakik.com\/index.php?rest_route=\/wp\/v2\/posts\/36500","targetHints":{"allow":["GET"]}}],"collection":[{"href":"https:\/\/kibrisdakik.com\/index.php?rest_route=\/wp\/v2\/posts"}],"about":[{"href":"https:\/\/kibrisdakik.com\/index.php?rest_route=\/wp\/v2\/types\/post"}],"author":[{"embeddable":true,"href":"https:\/\/kibrisdakik.com\/index.php?rest_route=\/wp\/v2\/users\/1"}],"replies":[{"embeddable":true,"href":"https:\/\/kibrisdakik.com\/index.php?rest_route=%2Fwp%2Fv2%2Fcomments&post=36500"}],"version-history":[{"count":0,"href":"https:\/\/kibrisdakik.com\/index.php?rest_route=\/wp\/v2\/posts\/36500\/revisions"}],"wp:featuredmedia":[{"embeddable":true,"href":"https:\/\/kibrisdakik.com\/index.php?rest_route=\/wp\/v2\/media\/36501"}],"wp:attachment":[{"href":"https:\/\/kibrisdakik.com\/index.php?rest_route=%2Fwp%2Fv2%2Fmedia&parent=36500"}],"wp:term":[{"taxonomy":"category","embeddable":true,"href":"https:\/\/kibrisdakik.com\/index.php?rest_route=%2Fwp%2Fv2%2Fcategories&post=36500"},{"taxonomy":"post_tag","embeddable":true,"href":"https:\/\/kibrisdakik.com\/index.php?rest_route=%2Fwp%2Fv2%2Ftags&post=36500"}],"curies":[{"name":"wp","href":"https:\/\/api.w.org\/{rel}","templated":true}]}}