{"id":36548,"date":"2024-04-01T08:51:03","date_gmt":"2024-04-01T08:51:03","guid":{"rendered":"https:\/\/kibrisdakik.com\/index.php\/2024\/04\/01\/irfan-nadir-anildi\/"},"modified":"2024-04-01T08:51:03","modified_gmt":"2024-04-01T08:51:03","slug":"irfan-nadir-anildi","status":"publish","type":"post","link":"https:\/\/kibrisdakik.com\/?p=36548","title":{"rendered":"\u0130rfan Nadir an\u0131ld\u0131"},"content":{"rendered":"<p><\/p>\n<div>\n<div class=\"mariselle-image-container center\">\n                <img loading=\"lazy\" decoding=\"async\" width=\"2560\" height=\"639\" class=\"lazy-image\" alt=\"\" sizes=\"auto, (max-width: 2560px) 100vw, 2560px\" src=\"https:\/\/brtk.net\/wp-content\/uploads\/2024\/04\/01\/WhatsApp-Image-2024-04-01-at-10.37-horz-scaled.jpg?ver=5b9c010c694e38f3b42c46f43488ca58\" srcset=\"https:\/\/brtk.net\/wp-content\/uploads\/2024\/04\/01\/WhatsApp-Image-2024-04-01-at-10.37-horz-scaled.jpg?ver=5b9c010c694e38f3b42c46f43488ca58 2560w, https:\/\/brtk.net\/wp-content\/uploads\/2024\/04\/01\/WhatsApp-Image-2024-04-01-at-10.37-horz-300x75.jpg?ver=5b9c010c694e38f3b42c46f43488ca58 300w, https:\/\/brtk.net\/wp-content\/uploads\/2024\/04\/01\/WhatsApp-Image-2024-04-01-at-10.37-horz-1024x256.jpg?ver=8250c4bc2d89ed0d7bd09524c0b8ab42 1024w, https:\/\/brtk.net\/wp-content\/uploads\/2024\/04\/01\/WhatsApp-Image-2024-04-01-at-10.37-horz-768x192.jpg?ver=8250c4bc2d89ed0d7bd09524c0b8ab42 768w, https:\/\/brtk.net\/wp-content\/uploads\/2024\/04\/01\/WhatsApp-Image-2024-04-01-at-10.37-horz-1536x384.jpg?ver=f244d640b7f9da5d3a3885c2aab6bfd0 1536w, https:\/\/brtk.net\/wp-content\/uploads\/2024\/04\/01\/WhatsApp-Image-2024-04-01-at-10.37-horz-2048x511.jpg?ver=21d4719bfe46e1b688c3843359cac88e 2048w\"\/>                            <\/div>\n<p>1 Nisan 1986 y\u0131l\u0131nda vefat eden, Cypfurvex tesislerini kurarak narenciye sekt\u00f6r\u00fcne hayat veren i\u015f insan\u0131 \u0130rfan Nadir \u00f6l\u00fcm y\u0131ld\u00f6n\u00fcm\u00fcnde t\u00f6renle an\u0131ld\u0131.<\/p>\n<p>Anma t\u00f6reni Cypfruvex tesislerinde yer ald\u0131.<\/p>\n<p>T\u00f6rende konu\u015fan Cypfruvex Genel M\u00fcd\u00fcr\u00fc Cemal Redif, narenciye sekt\u00f6r\u00fcn\u00fcn \u00f6nemine i\u015faret etti.Redif, \u0130rfan Nadir\u2019in yat\u0131r\u0131mlar\u0131n\u0131n Cypfruvex\u2019in geli\u015fmesi ve narenciyenin G\u00fczelyurt\u2019taki bekas\u0131 i\u00e7in \u00e7ok \u00f6nemli oldu\u011funu kaydederek, bu anlaml\u0131 miras\u0131 daha ileriye ta\u015f\u0131mak i\u00e7in \u00e7al\u0131\u015ft\u0131klar\u0131n\u0131 kaydetti.<\/p>\n<p>Cypfruvex Y\u00f6netim Kurulu \u00dcyesi \u00d6zel Tahsin ise \u0130rfan Nadir\u2019in hayat\u0131 hakk\u0131nda bilgi verdi. T\u00f6rene G\u00fczelyurt Belediye Ba\u015fkan\u0131 Mahmut \u00d6z\u00e7\u0131nar da kat\u0131ld\u0131.<\/p>\n<p>\u00d6z\u00e7\u0131nar, 1980\u2019li y\u0131llarda \u0130rfan Nadir\u2019in yat\u0131r\u0131m hamlesiyle G\u00fczelyurt\u2019un ismini duyurup ekonomik de\u011ferini y\u00fckseltecek ad\u0131mlar att\u0131\u011f\u0131n\u0131 ifade retti.<\/p>\n<p>Anma t\u00f6reninde ayr\u0131ca, Cypfruvex tesislerinin giri\u015finde, \u0130rfan Nadir an\u0131s\u0131na <a href=\"https:\/\/brtk.net\/\">KKTC<\/a>\u2019de yeti\u015fen t\u00fcm narenciye \u00e7e\u015fitlerinin fidanlar\u0131 dikildi.<\/p>\n<\/p><\/div>\n<p><script async\n                    defer\n                    crossorigin=\"anonymous\"\n                    src=\"https:\/\/connect.facebook.net\/tr_TR\/sdk.js#xfbml=1&#038;version=v3.3\"\n            ><\/script><\/p>\n","protected":false},"excerpt":{"rendered":"<p>1 Nisan 1986 y\u0131l\u0131nda vefat eden, Cypfurvex tesislerini kurarak narenciye sekt\u00f6r\u00fcne hayat veren i\u015f insan\u0131 \u0130rfan Nadir \u00f6l\u00fcm y\u0131ld\u00f6n\u00fcm\u00fcnde t\u00f6renle an\u0131ld\u0131. Anma t\u00f6reni Cypfruvex tesislerinde yer ald\u0131. T\u00f6rende konu\u015fan Cypfruvex Genel M\u00fcd\u00fcr\u00fc Cemal Redif, narenciye sekt\u00f6r\u00fcn\u00fcn \u00f6nemine i\u015faret etti.Redif, \u0130rfan Nadir\u2019in yat\u0131r\u0131mlar\u0131n\u0131n Cypfruvex\u2019in geli\u015fmesi ve narenciyenin G\u00fczelyurt\u2019taki bekas\u0131 i\u00e7in \u00e7ok \u00f6nemli oldu\u011funu kaydederek, bu anlaml\u0131<\/p>\n","protected":false},"author":1,"featured_media":36549,"comment_status":"open","ping_status":"open","sticky":false,"template":"","format":"standard","meta":{"footnotes":""},"categories":[1],"tags":[],"class_list":["post-36548","post","type-post","status-publish","format-standard","has-post-thumbnail","hentry","category-gundem"],"yoast_head":"<!-- This site is optimized with the Yoast SEO plugin v27.5 - https:\/\/yoast.com\/product\/yoast-seo-wordpress\/ -->\n<title>\u0130rfan Nadir an\u0131ld\u0131 -<\/title>\n<meta name=\"robots\" content=\"index, follow, max-snippet:-1, max-image-preview:large, max-video-preview:-1\" \/>\n<link rel=\"canonical\" href=\"https:\/\/kibrisdakik.com\/?p=36548\" \/>\n<meta property=\"og:locale\" content=\"tr_TR\" \/>\n<meta property=\"og:type\" content=\"article\" \/>\n<meta property=\"og:title\" content=\"\u0130rfan Nadir an\u0131ld\u0131 -\" \/>\n<meta property=\"og:description\" content=\"1 Nisan 1986 y\u0131l\u0131nda vefat eden, Cypfurvex tesislerini kurarak narenciye sekt\u00f6r\u00fcne hayat veren i\u015f insan\u0131 \u0130rfan Nadir \u00f6l\u00fcm y\u0131ld\u00f6n\u00fcm\u00fcnde t\u00f6renle an\u0131ld\u0131. Anma t\u00f6reni Cypfruvex tesislerinde yer ald\u0131. T\u00f6rende konu\u015fan Cypfruvex Genel M\u00fcd\u00fcr\u00fc Cemal Redif, narenciye sekt\u00f6r\u00fcn\u00fcn \u00f6nemine i\u015faret etti.Redif, \u0130rfan Nadir\u2019in yat\u0131r\u0131mlar\u0131n\u0131n Cypfruvex\u2019in geli\u015fmesi ve narenciyenin G\u00fczelyurt\u2019taki bekas\u0131 i\u00e7in \u00e7ok \u00f6nemli oldu\u011funu kaydederek, bu anlaml\u0131\" \/>\n<meta property=\"og:url\" content=\"https:\/\/kibrisdakik.com\/?p=36548\" \/>\n<meta property=\"article:published_time\" content=\"2024-04-01T08:51:03+00:00\" \/>\n<meta property=\"og:image\" content=\"https:\/\/kibrisdakik.com\/wp-content\/uploads\/2024\/04\/WhatsApp-Image-2024-04-01-at-10.37-horz-scaled-740x420.jpg\" \/>\n\t<meta property=\"og:image:width\" content=\"2560\" \/>\n\t<meta property=\"og:image:height\" content=\"639\" \/>\n\t<meta property=\"og:image:type\" content=\"image\/jpeg\" \/>\n<meta name=\"author\" content=\"admin\" \/>\n<meta name=\"twitter:card\" content=\"summary_large_image\" \/>\n<meta name=\"twitter:label1\" content=\"Yazan:\" \/>\n\t<meta name=\"twitter:data1\" content=\"admin\" \/>\n\t<meta name=\"twitter:label2\" content=\"Tahmini okuma s\u00fcresi\" \/>\n\t<meta name=\"twitter:data2\" content=\"1 dakika\" \/>\n<script type=\"application\/ld+json\" class=\"yoast-schema-graph\">{\"@context\":\"https:\\\/\\\/schema.org\",\"@graph\":[{\"@type\":\"Article\",\"@id\":\"https:\\\/\\\/kibrisdakik.com\\\/?p=36548#article\",\"isPartOf\":{\"@id\":\"https:\\\/\\\/kibrisdakik.com\\\/?p=36548\"},\"author\":{\"name\":\"admin\",\"@id\":\"https:\\\/\\\/kibrisdakik.com\\\/#\\\/schema\\\/person\\\/9cd9d437bbb44f72b73ba127e06d8e79\"},\"headline\":\"\u0130rfan Nadir an\u0131ld\u0131\",\"datePublished\":\"2024-04-01T08:51:03+00:00\",\"mainEntityOfPage\":{\"@id\":\"https:\\\/\\\/kibrisdakik.com\\\/?p=36548\"},\"wordCount\":183,\"commentCount\":0,\"image\":{\"@id\":\"https:\\\/\\\/kibrisdakik.com\\\/?p=36548#primaryimage\"},\"thumbnailUrl\":\"https:\\\/\\\/kibrisdakik.com\\\/wp-content\\\/uploads\\\/2024\\\/04\\\/WhatsApp-Image-2024-04-01-at-10.37-horz-scaled-740x420.jpg\",\"articleSection\":[\"G\u00fcndem\"],\"inLanguage\":\"tr\",\"potentialAction\":[{\"@type\":\"CommentAction\",\"name\":\"Comment\",\"target\":[\"https:\\\/\\\/kibrisdakik.com\\\/?p=36548#respond\"]}]},{\"@type\":\"WebPage\",\"@id\":\"https:\\\/\\\/kibrisdakik.com\\\/?p=36548\",\"url\":\"https:\\\/\\\/kibrisdakik.com\\\/?p=36548\",\"name\":\"\u0130rfan Nadir an\u0131ld\u0131 -\",\"isPartOf\":{\"@id\":\"https:\\\/\\\/kibrisdakik.com\\\/#website\"},\"primaryImageOfPage\":{\"@id\":\"https:\\\/\\\/kibrisdakik.com\\\/?p=36548#primaryimage\"},\"image\":{\"@id\":\"https:\\\/\\\/kibrisdakik.com\\\/?p=36548#primaryimage\"},\"thumbnailUrl\":\"https:\\\/\\\/kibrisdakik.com\\\/wp-content\\\/uploads\\\/2024\\\/04\\\/WhatsApp-Image-2024-04-01-at-10.37-horz-scaled-740x420.jpg\",\"datePublished\":\"2024-04-01T08:51:03+00:00\",\"author\":{\"@id\":\"https:\\\/\\\/kibrisdakik.com\\\/#\\\/schema\\\/person\\\/9cd9d437bbb44f72b73ba127e06d8e79\"},\"breadcrumb\":{\"@id\":\"https:\\\/\\\/kibrisdakik.com\\\/?p=36548#breadcrumb\"},\"inLanguage\":\"tr\",\"potentialAction\":[{\"@type\":\"ReadAction\",\"target\":[\"https:\\\/\\\/kibrisdakik.com\\\/?p=36548\"]}]},{\"@type\":\"ImageObject\",\"inLanguage\":\"tr\",\"@id\":\"https:\\\/\\\/kibrisdakik.com\\\/?p=36548#primaryimage\",\"url\":\"https:\\\/\\\/kibrisdakik.com\\\/wp-content\\\/uploads\\\/2024\\\/04\\\/WhatsApp-Image-2024-04-01-at-10.37-horz-scaled-740x420.jpg\",\"contentUrl\":\"https:\\\/\\\/kibrisdakik.com\\\/wp-content\\\/uploads\\\/2024\\\/04\\\/WhatsApp-Image-2024-04-01-at-10.37-horz-scaled-740x420.jpg\",\"width\":2560,\"height\":639},{\"@type\":\"BreadcrumbList\",\"@id\":\"https:\\\/\\\/kibrisdakik.com\\\/?p=36548#breadcrumb\",\"itemListElement\":[{\"@type\":\"ListItem\",\"position\":1,\"name\":\"Home\",\"item\":\"https:\\\/\\\/kibrisdakik.com\\\/\"},{\"@type\":\"ListItem\",\"position\":2,\"name\":\"\u0130rfan Nadir an\u0131ld\u0131\"}]},{\"@type\":\"WebSite\",\"@id\":\"https:\\\/\\\/kibrisdakik.com\\\/#website\",\"url\":\"https:\\\/\\\/kibrisdakik.com\\\/\",\"name\":\"\",\"description\":\"Tam vaktinde haber\",\"potentialAction\":[{\"@type\":\"SearchAction\",\"target\":{\"@type\":\"EntryPoint\",\"urlTemplate\":\"https:\\\/\\\/kibrisdakik.com\\\/?s={search_term_string}\"},\"query-input\":{\"@type\":\"PropertyValueSpecification\",\"valueRequired\":true,\"valueName\":\"search_term_string\"}}],\"inLanguage\":\"tr\"},{\"@type\":\"Person\",\"@id\":\"https:\\\/\\\/kibrisdakik.com\\\/#\\\/schema\\\/person\\\/9cd9d437bbb44f72b73ba127e06d8e79\",\"name\":\"admin\",\"image\":{\"@type\":\"ImageObject\",\"inLanguage\":\"tr\",\"@id\":\"https:\\\/\\\/secure.gravatar.com\\\/avatar\\\/ccc17943b9d660506c869530f897617f7cb1c21a4bf30023f252596d83e1f007?s=96&d=mm&r=g\",\"url\":\"https:\\\/\\\/secure.gravatar.com\\\/avatar\\\/ccc17943b9d660506c869530f897617f7cb1c21a4bf30023f252596d83e1f007?s=96&d=mm&r=g\",\"contentUrl\":\"https:\\\/\\\/secure.gravatar.com\\\/avatar\\\/ccc17943b9d660506c869530f897617f7cb1c21a4bf30023f252596d83e1f007?s=96&d=mm&r=g\",\"caption\":\"admin\"},\"sameAs\":[\"https:\\\/\\\/kibrisdakik.com\"],\"url\":\"https:\\\/\\\/kibrisdakik.com\\\/?author=1\"}]}<\/script>\n<!-- \/ Yoast SEO plugin. -->","yoast_head_json":{"title":"\u0130rfan Nadir an\u0131ld\u0131 -","robots":{"index":"index","follow":"follow","max-snippet":"max-snippet:-1","max-image-preview":"max-image-preview:large","max-video-preview":"max-video-preview:-1"},"canonical":"https:\/\/kibrisdakik.com\/?p=36548","og_locale":"tr_TR","og_type":"article","og_title":"\u0130rfan Nadir an\u0131ld\u0131 -","og_description":"1 Nisan 1986 y\u0131l\u0131nda vefat eden, Cypfurvex tesislerini kurarak narenciye sekt\u00f6r\u00fcne hayat veren i\u015f insan\u0131 \u0130rfan Nadir \u00f6l\u00fcm y\u0131ld\u00f6n\u00fcm\u00fcnde t\u00f6renle an\u0131ld\u0131. Anma t\u00f6reni Cypfruvex tesislerinde yer ald\u0131. T\u00f6rende konu\u015fan Cypfruvex Genel M\u00fcd\u00fcr\u00fc Cemal Redif, narenciye sekt\u00f6r\u00fcn\u00fcn \u00f6nemine i\u015faret etti.Redif, \u0130rfan Nadir\u2019in yat\u0131r\u0131mlar\u0131n\u0131n Cypfruvex\u2019in geli\u015fmesi ve narenciyenin G\u00fczelyurt\u2019taki bekas\u0131 i\u00e7in \u00e7ok \u00f6nemli oldu\u011funu kaydederek, bu anlaml\u0131","og_url":"https:\/\/kibrisdakik.com\/?p=36548","article_published_time":"2024-04-01T08:51:03+00:00","og_image":[{"width":2560,"height":639,"url":"https:\/\/kibrisdakik.com\/wp-content\/uploads\/2024\/04\/WhatsApp-Image-2024-04-01-at-10.37-horz-scaled-740x420.jpg","type":"image\/jpeg"}],"author":"admin","twitter_card":"summary_large_image","twitter_misc":{"Yazan:":"admin","Tahmini okuma s\u00fcresi":"1 dakika"},"schema":{"@context":"https:\/\/schema.org","@graph":[{"@type":"Article","@id":"https:\/\/kibrisdakik.com\/?p=36548#article","isPartOf":{"@id":"https:\/\/kibrisdakik.com\/?p=36548"},"author":{"name":"admin","@id":"https:\/\/kibrisdakik.com\/#\/schema\/person\/9cd9d437bbb44f72b73ba127e06d8e79"},"headline":"\u0130rfan Nadir an\u0131ld\u0131","datePublished":"2024-04-01T08:51:03+00:00","mainEntityOfPage":{"@id":"https:\/\/kibrisdakik.com\/?p=36548"},"wordCount":183,"commentCount":0,"image":{"@id":"https:\/\/kibrisdakik.com\/?p=36548#primaryimage"},"thumbnailUrl":"https:\/\/kibrisdakik.com\/wp-content\/uploads\/2024\/04\/WhatsApp-Image-2024-04-01-at-10.37-horz-scaled-740x420.jpg","articleSection":["G\u00fcndem"],"inLanguage":"tr","potentialAction":[{"@type":"CommentAction","name":"Comment","target":["https:\/\/kibrisdakik.com\/?p=36548#respond"]}]},{"@type":"WebPage","@id":"https:\/\/kibrisdakik.com\/?p=36548","url":"https:\/\/kibrisdakik.com\/?p=36548","name":"\u0130rfan Nadir an\u0131ld\u0131 -","isPartOf":{"@id":"https:\/\/kibrisdakik.com\/#website"},"primaryImageOfPage":{"@id":"https:\/\/kibrisdakik.com\/?p=36548#primaryimage"},"image":{"@id":"https:\/\/kibrisdakik.com\/?p=36548#primaryimage"},"thumbnailUrl":"https:\/\/kibrisdakik.com\/wp-content\/uploads\/2024\/04\/WhatsApp-Image-2024-04-01-at-10.37-horz-scaled-740x420.jpg","datePublished":"2024-04-01T08:51:03+00:00","author":{"@id":"https:\/\/kibrisdakik.com\/#\/schema\/person\/9cd9d437bbb44f72b73ba127e06d8e79"},"breadcrumb":{"@id":"https:\/\/kibrisdakik.com\/?p=36548#breadcrumb"},"inLanguage":"tr","potentialAction":[{"@type":"ReadAction","target":["https:\/\/kibrisdakik.com\/?p=36548"]}]},{"@type":"ImageObject","inLanguage":"tr","@id":"https:\/\/kibrisdakik.com\/?p=36548#primaryimage","url":"https:\/\/kibrisdakik.com\/wp-content\/uploads\/2024\/04\/WhatsApp-Image-2024-04-01-at-10.37-horz-scaled-740x420.jpg","contentUrl":"https:\/\/kibrisdakik.com\/wp-content\/uploads\/2024\/04\/WhatsApp-Image-2024-04-01-at-10.37-horz-scaled-740x420.jpg","width":2560,"height":639},{"@type":"BreadcrumbList","@id":"https:\/\/kibrisdakik.com\/?p=36548#breadcrumb","itemListElement":[{"@type":"ListItem","position":1,"name":"Home","item":"https:\/\/kibrisdakik.com\/"},{"@type":"ListItem","position":2,"name":"\u0130rfan Nadir an\u0131ld\u0131"}]},{"@type":"WebSite","@id":"https:\/\/kibrisdakik.com\/#website","url":"https:\/\/kibrisdakik.com\/","name":"","description":"Tam vaktinde haber","potentialAction":[{"@type":"SearchAction","target":{"@type":"EntryPoint","urlTemplate":"https:\/\/kibrisdakik.com\/?s={search_term_string}"},"query-input":{"@type":"PropertyValueSpecification","valueRequired":true,"valueName":"search_term_string"}}],"inLanguage":"tr"},{"@type":"Person","@id":"https:\/\/kibrisdakik.com\/#\/schema\/person\/9cd9d437bbb44f72b73ba127e06d8e79","name":"admin","image":{"@type":"ImageObject","inLanguage":"tr","@id":"https:\/\/secure.gravatar.com\/avatar\/ccc17943b9d660506c869530f897617f7cb1c21a4bf30023f252596d83e1f007?s=96&d=mm&r=g","url":"https:\/\/secure.gravatar.com\/avatar\/ccc17943b9d660506c869530f897617f7cb1c21a4bf30023f252596d83e1f007?s=96&d=mm&r=g","contentUrl":"https:\/\/secure.gravatar.com\/avatar\/ccc17943b9d660506c869530f897617f7cb1c21a4bf30023f252596d83e1f007?s=96&d=mm&r=g","caption":"admin"},"sameAs":["https:\/\/kibrisdakik.com"],"url":"https:\/\/kibrisdakik.com\/?author=1"}]}},"_links":{"self":[{"href":"https:\/\/kibrisdakik.com\/index.php?rest_route=\/wp\/v2\/posts\/36548","targetHints":{"allow":["GET"]}}],"collection":[{"href":"https:\/\/kibrisdakik.com\/index.php?rest_route=\/wp\/v2\/posts"}],"about":[{"href":"https:\/\/kibrisdakik.com\/index.php?rest_route=\/wp\/v2\/types\/post"}],"author":[{"embeddable":true,"href":"https:\/\/kibrisdakik.com\/index.php?rest_route=\/wp\/v2\/users\/1"}],"replies":[{"embeddable":true,"href":"https:\/\/kibrisdakik.com\/index.php?rest_route=%2Fwp%2Fv2%2Fcomments&post=36548"}],"version-history":[{"count":0,"href":"https:\/\/kibrisdakik.com\/index.php?rest_route=\/wp\/v2\/posts\/36548\/revisions"}],"wp:featuredmedia":[{"embeddable":true,"href":"https:\/\/kibrisdakik.com\/index.php?rest_route=\/wp\/v2\/media\/36549"}],"wp:attachment":[{"href":"https:\/\/kibrisdakik.com\/index.php?rest_route=%2Fwp%2Fv2%2Fmedia&parent=36548"}],"wp:term":[{"taxonomy":"category","embeddable":true,"href":"https:\/\/kibrisdakik.com\/index.php?rest_route=%2Fwp%2Fv2%2Fcategories&post=36548"},{"taxonomy":"post_tag","embeddable":true,"href":"https:\/\/kibrisdakik.com\/index.php?rest_route=%2Fwp%2Fv2%2Ftags&post=36548"}],"curies":[{"name":"wp","href":"https:\/\/api.w.org\/{rel}","templated":true}]}}